{"id":26652,"date":"2024-01-16T15:23:59","date_gmt":"2024-01-16T15:23:59","guid":{"rendered":"https:\/\/kibrisdakik.com\/index.php\/2024\/01\/16\/kktc-tuketiciler-derneginden-hukumete-tam-destek\/"},"modified":"2024-01-16T15:23:59","modified_gmt":"2024-01-16T15:23:59","slug":"kktc-tuketiciler-derneginden-hukumete-tam-destek","status":"publish","type":"post","link":"https:\/\/kibrisdakik.com\/?p=26652","title":{"rendered":"KKTC T\u00fcketiciler Derne\u011fi&#039;nden h\u00fck\u00fcmete tam destek"},"content":{"rendered":"<p><img decoding=\"async\" src=\"https:\/\/www.kibristurk.com\/images\/haberler\/2024\/01\/kktc-tuketiciler-derneginden-hukumete-tam-destek-1705416702.webp\" \/><\/p>\n<p><span style=\"font-size:11pt\"><span style=\"background-color:white\"><span style=\"font-family:Calibri,sans-serif\"><span style=\"font-size:13.0pt\"><span style=\"color:black\">KKTC T\u00fcketiciler Derne\u011fi Ba\u015fkan\u0131 Hasan Y\u0131lmaz I\u015f\u0131k, etkin piyasa denetimi konusunda h\u00fck\u00fcmete tam destek belirtti.<\/span><\/span><\/span><\/span><\/span><\/p>\n<p><span style=\"font-size:11pt\"><span style=\"background-color:white\"><span style=\"font-family:Calibri,sans-serif\"><span style=\"font-size:13.0pt\"><span style=\"color:black\">I\u015f\u0131k yapt\u0131\u011f\u0131 yaz\u0131l\u0131 a\u00e7\u0131klamada, Ba\u015fbakan \u00dcnal \u00dcstel\u2019in, \u201cmaa\u015f art\u0131\u015f\u0131na paralel olarak, piyasa fiyatlar\u0131nda kal\u0131c\u0131 denetimin, yeni bir uygulama ile sa\u011flanaca\u011f\u0131\u201d a\u00e7\u0131klamas\u0131na i\u015faret ederek, bunun t\u00fcketiciler ad\u0131na oldu\u011fu kadar t\u00fcm ekonomik sekt\u00f6rler i\u00e7in olumlu bir geli\u015fme oldu\u011funu kaydetti.<\/span><\/span><\/span><\/span><\/span><\/p>\n<p><span style=\"font-size:11pt\"><span style=\"background-color:white\"><span style=\"font-family:Calibri,sans-serif\"><span style=\"font-size:13.0pt\"><span style=\"color:black\">I\u015f\u0131k, uygulaman\u0131n, Ekonomi ve Enerji Bakanl\u0131\u011f\u0131, Maliye Bakanl\u0131\u011f\u0131 ve bu bakanl\u0131klara ba\u011fl\u0131 Vergi Dairesi ve Ticaret Dairesi ile koordineli olarak ba\u015flat\u0131lmas\u0131n\u0131n, daha etkin denetimlerin yap\u0131lmas\u0131na olanak sa\u011flayaca\u011f\u0131n\u0131 belirtti.<\/span><\/span><\/span><\/span><\/span><\/p>\n<p><span style=\"font-size:11pt\"><span style=\"background-color:white\"><span style=\"font-family:Calibri,sans-serif\"><span style=\"font-size:13.0pt\"><span style=\"color:black\">\u00dcr\u00fcn fiyatlar\u0131n\u0131n Maliye Bakanl\u0131\u011f\u0131 verilerine an\u0131nda yans\u0131mas\u0131yla, maliyet fiyatlar\u0131 ile kar paylar\u0131 verilerinin izlenebilece\u011fini ifade eden Hasan Y\u0131lmaz I\u015f\u0131k, derne\u011fin, \u201cf\u0131rsat\u00e7\u0131l\u0131\u011fa asla izin vermeyece\u011fini ve e\u015f, dost demeden cezai m\u00fceyyideler uygulayacaklar\u0131n\u0131\u201d a\u00e7\u0131klayan Ba\u015fbakan \u00dcnal \u00dcstel\u2019e, tam ve fiili destek verece\u011fini vurgulad\u0131.<\/span><\/span><\/span><\/span><\/span><\/p>\n<p><span style=\"font-size:11pt\"><span style=\"background-color:white\"><span style=\"font-family:Calibri,sans-serif\"><span style=\"font-size:13.0pt\"><span style=\"color:black\">Hasan Y\u0131lmaz I\u015f\u0131k, bu ama\u00e7la Ekonomi ve Enerji Bakanl\u0131\u011f\u0131\u2019na ba\u011fl\u0131 Ticaret Dairesi M\u00fcd\u00fcrl\u00fc\u011f\u00fc kadrolar\u0131 ve te\u015fkilat\u0131n\u0131n desteklenmesiyle, piyasa denetiminin t\u00fcm t\u00fcketicilere yay\u0131lmas\u0131 ve i\u015f birli\u011fi i\u00e7in h\u00fck\u00fcmete \u00e7a\u011fr\u0131 yapt\u0131.<\/span><\/span><\/span><\/span><\/span><\/p>\n<p>&nbsp;<\/p>\n","protected":false},"excerpt":{"rendered":"<p>KKTC T\u00fcketiciler Derne\u011fi Ba\u015fkan\u0131 Hasan Y\u0131lmaz I\u015f\u0131k, etkin piyasa denetimi konusunda h\u00fck\u00fcmete tam destek belirtti. I\u015f\u0131k yapt\u0131\u011f\u0131 yaz\u0131l\u0131 a\u00e7\u0131klamada, Ba\u015fbakan \u00dcnal \u00dcstel\u2019in, \u201cmaa\u015f art\u0131\u015f\u0131na paralel olarak, piyasa fiyatlar\u0131nda kal\u0131c\u0131 denetimin, yeni bir uygulama ile sa\u011flanaca\u011f\u0131\u201d a\u00e7\u0131klamas\u0131na i\u015faret ederek, bunun t\u00fcketiciler ad\u0131na oldu\u011fu kadar t\u00fcm ekonomik sekt\u00f6rler i\u00e7in olumlu bir geli\u015fme oldu\u011funu kaydetti. I\u015f\u0131k, uygulaman\u0131n, Ekonomi<\/p>\n","protected":false},"author":1,"featured_media":26653,"comment_status":"open","ping_status":"open","sticky":false,"template":"","format":"standard","meta":{"footnotes":""},"categories":[79],"tags":[],"class_list":["post-26652","post","type-post","status-publish","format-standard","has-post-thumbnail","hentry","category-ekonomi"],"yoast_head":"<!-- This site is optimized with the Yoast SEO plugin v27.5 - https:\/\/yoast.com\/product\/yoast-seo-wordpress\/ -->\n<title>KKTC T\u00fcketiciler Derne\u011fi&#039;nden h\u00fck\u00fcmete tam destek -<\/title>\n<meta name=\"robots\" content=\"index, follow, max-snippet:-1, max-image-preview:large, max-video-preview:-1\" \/>\n<link rel=\"canonical\" href=\"https:\/\/kibrisdakik.com\/?p=26652\" \/>\n<meta property=\"og:locale\" content=\"tr_TR\" \/>\n<meta property=\"og:type\" content=\"article\" \/>\n<meta property=\"og:title\" content=\"KKTC T\u00fcketiciler Derne\u011fi&#039;nden h\u00fck\u00fcmete tam destek -\" \/>\n<meta property=\"og:description\" content=\"KKTC T\u00fcketiciler Derne\u011fi Ba\u015fkan\u0131 Hasan Y\u0131lmaz I\u015f\u0131k, etkin piyasa denetimi konusunda h\u00fck\u00fcmete tam destek belirtti. I\u015f\u0131k yapt\u0131\u011f\u0131 yaz\u0131l\u0131 a\u00e7\u0131klamada, Ba\u015fbakan \u00dcnal \u00dcstel\u2019in, \u201cmaa\u015f art\u0131\u015f\u0131na paralel olarak, piyasa fiyatlar\u0131nda kal\u0131c\u0131 denetimin, yeni bir uygulama ile sa\u011flanaca\u011f\u0131\u201d a\u00e7\u0131klamas\u0131na i\u015faret ederek, bunun t\u00fcketiciler ad\u0131na oldu\u011fu kadar t\u00fcm ekonomik sekt\u00f6rler i\u00e7in olumlu bir geli\u015fme oldu\u011funu kaydetti. I\u015f\u0131k, uygulaman\u0131n, Ekonomi\" \/>\n<meta property=\"og:url\" content=\"https:\/\/kibrisdakik.com\/?p=26652\" \/>\n<meta property=\"article:published_time\" content=\"2024-01-16T15:23:59+00:00\" \/>\n<meta property=\"og:image\" content=\"https:\/\/kibrisdakik.com\/wp-content\/uploads\/2024\/01\/kktc-tuketiciler-derneginden-hukumete-tam-destek-1705416702.webp.webp\" \/>\n\t<meta property=\"og:image:width\" content=\"710\" \/>\n\t<meta property=\"og:image:height\" content=\"370\" \/>\n\t<meta property=\"og:image:type\" content=\"image\/webp\" \/>\n<meta name=\"author\" content=\"admin\" \/>\n<meta name=\"twitter:card\" content=\"summary_large_image\" \/>\n<meta name=\"twitter:label1\" content=\"Yazan:\" \/>\n\t<meta name=\"twitter:data1\" content=\"admin\" \/>\n\t<meta name=\"twitter:label2\" content=\"Tahmini okuma s\u00fcresi\" \/>\n\t<meta name=\"twitter:data2\" content=\"1 dakika\" \/>\n<script type=\"application\/ld+json\" class=\"yoast-schema-graph\">{\"@context\":\"https:\\\/\\\/schema.org\",\"@graph\":[{\"@type\":\"Article\",\"@id\":\"https:\\\/\\\/kibrisdakik.com\\\/?p=26652#article\",\"isPartOf\":{\"@id\":\"https:\\\/\\\/kibrisdakik.com\\\/?p=26652\"},\"author\":{\"name\":\"admin\",\"@id\":\"https:\\\/\\\/kibrisdakik.com\\\/#\\\/schema\\\/person\\\/9cd9d437bbb44f72b73ba127e06d8e79\"},\"headline\":\"KKTC T\u00fcketiciler Derne\u011fi&#039;nden h\u00fck\u00fcmete tam destek\",\"datePublished\":\"2024-01-16T15:23:59+00:00\",\"mainEntityOfPage\":{\"@id\":\"https:\\\/\\\/kibrisdakik.com\\\/?p=26652\"},\"wordCount\":239,\"commentCount\":0,\"image\":{\"@id\":\"https:\\\/\\\/kibrisdakik.com\\\/?p=26652#primaryimage\"},\"thumbnailUrl\":\"https:\\\/\\\/kibrisdakik.com\\\/wp-content\\\/uploads\\\/2024\\\/01\\\/kktc-tuketiciler-derneginden-hukumete-tam-destek-1705416702.webp.webp\",\"articleSection\":[\"Ekonomi\"],\"inLanguage\":\"tr\",\"potentialAction\":[{\"@type\":\"CommentAction\",\"name\":\"Comment\",\"target\":[\"https:\\\/\\\/kibrisdakik.com\\\/?p=26652#respond\"]}]},{\"@type\":\"WebPage\",\"@id\":\"https:\\\/\\\/kibrisdakik.com\\\/?p=26652\",\"url\":\"https:\\\/\\\/kibrisdakik.com\\\/?p=26652\",\"name\":\"KKTC T\u00fcketiciler Derne\u011fi&#039;nden h\u00fck\u00fcmete tam destek -\",\"isPartOf\":{\"@id\":\"https:\\\/\\\/kibrisdakik.com\\\/#website\"},\"primaryImageOfPage\":{\"@id\":\"https:\\\/\\\/kibrisdakik.com\\\/?p=26652#primaryimage\"},\"image\":{\"@id\":\"https:\\\/\\\/kibrisdakik.com\\\/?p=26652#primaryimage\"},\"thumbnailUrl\":\"https:\\\/\\\/kibrisdakik.com\\\/wp-content\\\/uploads\\\/2024\\\/01\\\/kktc-tuketiciler-derneginden-hukumete-tam-destek-1705416702.webp.webp\",\"datePublished\":\"2024-01-16T15:23:59+00:00\",\"author\":{\"@id\":\"https:\\\/\\\/kibrisdakik.com\\\/#\\\/schema\\\/person\\\/9cd9d437bbb44f72b73ba127e06d8e79\"},\"breadcrumb\":{\"@id\":\"https:\\\/\\\/kibrisdakik.com\\\/?p=26652#breadcrumb\"},\"inLanguage\":\"tr\",\"potentialAction\":[{\"@type\":\"ReadAction\",\"target\":[\"https:\\\/\\\/kibrisdakik.com\\\/?p=26652\"]}]},{\"@type\":\"ImageObject\",\"inLanguage\":\"tr\",\"@id\":\"https:\\\/\\\/kibrisdakik.com\\\/?p=26652#primaryimage\",\"url\":\"https:\\\/\\\/kibrisdakik.com\\\/wp-content\\\/uploads\\\/2024\\\/01\\\/kktc-tuketiciler-derneginden-hukumete-tam-destek-1705416702.webp.webp\",\"contentUrl\":\"https:\\\/\\\/kibrisdakik.com\\\/wp-content\\\/uploads\\\/2024\\\/01\\\/kktc-tuketiciler-derneginden-hukumete-tam-destek-1705416702.webp.webp\",\"width\":710,\"height\":370},{\"@type\":\"BreadcrumbList\",\"@id\":\"https:\\\/\\\/kibrisdakik.com\\\/?p=26652#breadcrumb\",\"itemListElement\":[{\"@type\":\"ListItem\",\"position\":1,\"name\":\"Home\",\"item\":\"https:\\\/\\\/kibrisdakik.com\\\/\"},{\"@type\":\"ListItem\",\"position\":2,\"name\":\"KKTC T\u00fcketiciler Derne\u011fi&#039;nden h\u00fck\u00fcmete tam destek\"}]},{\"@type\":\"WebSite\",\"@id\":\"https:\\\/\\\/kibrisdakik.com\\\/#website\",\"url\":\"https:\\\/\\\/kibrisdakik.com\\\/\",\"name\":\"\",\"description\":\"Tam vaktinde haber\",\"potentialAction\":[{\"@type\":\"SearchAction\",\"target\":{\"@type\":\"EntryPoint\",\"urlTemplate\":\"https:\\\/\\\/kibrisdakik.com\\\/?s={search_term_string}\"},\"query-input\":{\"@type\":\"PropertyValueSpecification\",\"valueRequired\":true,\"valueName\":\"search_term_string\"}}],\"inLanguage\":\"tr\"},{\"@type\":\"Person\",\"@id\":\"https:\\\/\\\/kibrisdakik.com\\\/#\\\/schema\\\/person\\\/9cd9d437bbb44f72b73ba127e06d8e79\",\"name\":\"admin\",\"image\":{\"@type\":\"ImageObject\",\"inLanguage\":\"tr\",\"@id\":\"https:\\\/\\\/secure.gravatar.com\\\/avatar\\\/ccc17943b9d660506c869530f897617f7cb1c21a4bf30023f252596d83e1f007?s=96&d=mm&r=g\",\"url\":\"https:\\\/\\\/secure.gravatar.com\\\/avatar\\\/ccc17943b9d660506c869530f897617f7cb1c21a4bf30023f252596d83e1f007?s=96&d=mm&r=g\",\"contentUrl\":\"https:\\\/\\\/secure.gravatar.com\\\/avatar\\\/ccc17943b9d660506c869530f897617f7cb1c21a4bf30023f252596d83e1f007?s=96&d=mm&r=g\",\"caption\":\"admin\"},\"sameAs\":[\"https:\\\/\\\/kibrisdakik.com\"],\"url\":\"https:\\\/\\\/kibrisdakik.com\\\/?author=1\"}]}<\/script>\n<!-- \/ Yoast SEO plugin. -->","yoast_head_json":{"title":"KKTC T\u00fcketiciler Derne\u011fi&#039;nden h\u00fck\u00fcmete tam destek -","robots":{"index":"index","follow":"follow","max-snippet":"max-snippet:-1","max-image-preview":"max-image-preview:large","max-video-preview":"max-video-preview:-1"},"canonical":"https:\/\/kibrisdakik.com\/?p=26652","og_locale":"tr_TR","og_type":"article","og_title":"KKTC T\u00fcketiciler Derne\u011fi&#039;nden h\u00fck\u00fcmete tam destek -","og_description":"KKTC T\u00fcketiciler Derne\u011fi Ba\u015fkan\u0131 Hasan Y\u0131lmaz I\u015f\u0131k, etkin piyasa denetimi konusunda h\u00fck\u00fcmete tam destek belirtti. I\u015f\u0131k yapt\u0131\u011f\u0131 yaz\u0131l\u0131 a\u00e7\u0131klamada, Ba\u015fbakan \u00dcnal \u00dcstel\u2019in, \u201cmaa\u015f art\u0131\u015f\u0131na paralel olarak, piyasa fiyatlar\u0131nda kal\u0131c\u0131 denetimin, yeni bir uygulama ile sa\u011flanaca\u011f\u0131\u201d a\u00e7\u0131klamas\u0131na i\u015faret ederek, bunun t\u00fcketiciler ad\u0131na oldu\u011fu kadar t\u00fcm ekonomik sekt\u00f6rler i\u00e7in olumlu bir geli\u015fme oldu\u011funu kaydetti. I\u015f\u0131k, uygulaman\u0131n, Ekonomi","og_url":"https:\/\/kibrisdakik.com\/?p=26652","article_published_time":"2024-01-16T15:23:59+00:00","og_image":[{"width":710,"height":370,"url":"https:\/\/kibrisdakik.com\/wp-content\/uploads\/2024\/01\/kktc-tuketiciler-derneginden-hukumete-tam-destek-1705416702.webp.webp","type":"image\/webp"}],"author":"admin","twitter_card":"summary_large_image","twitter_misc":{"Yazan:":"admin","Tahmini okuma s\u00fcresi":"1 dakika"},"schema":{"@context":"https:\/\/schema.org","@graph":[{"@type":"Article","@id":"https:\/\/kibrisdakik.com\/?p=26652#article","isPartOf":{"@id":"https:\/\/kibrisdakik.com\/?p=26652"},"author":{"name":"admin","@id":"https:\/\/kibrisdakik.com\/#\/schema\/person\/9cd9d437bbb44f72b73ba127e06d8e79"},"headline":"KKTC T\u00fcketiciler Derne\u011fi&#039;nden h\u00fck\u00fcmete tam destek","datePublished":"2024-01-16T15:23:59+00:00","mainEntityOfPage":{"@id":"https:\/\/kibrisdakik.com\/?p=26652"},"wordCount":239,"commentCount":0,"image":{"@id":"https:\/\/kibrisdakik.com\/?p=26652#primaryimage"},"thumbnailUrl":"https:\/\/kibrisdakik.com\/wp-content\/uploads\/2024\/01\/kktc-tuketiciler-derneginden-hukumete-tam-destek-1705416702.webp.webp","articleSection":["Ekonomi"],"inLanguage":"tr","potentialAction":[{"@type":"CommentAction","name":"Comment","target":["https:\/\/kibrisdakik.com\/?p=26652#respond"]}]},{"@type":"WebPage","@id":"https:\/\/kibrisdakik.com\/?p=26652","url":"https:\/\/kibrisdakik.com\/?p=26652","name":"KKTC T\u00fcketiciler Derne\u011fi&#039;nden h\u00fck\u00fcmete tam destek -","isPartOf":{"@id":"https:\/\/kibrisdakik.com\/#website"},"primaryImageOfPage":{"@id":"https:\/\/kibrisdakik.com\/?p=26652#primaryimage"},"image":{"@id":"https:\/\/kibrisdakik.com\/?p=26652#primaryimage"},"thumbnailUrl":"https:\/\/kibrisdakik.com\/wp-content\/uploads\/2024\/01\/kktc-tuketiciler-derneginden-hukumete-tam-destek-1705416702.webp.webp","datePublished":"2024-01-16T15:23:59+00:00","author":{"@id":"https:\/\/kibrisdakik.com\/#\/schema\/person\/9cd9d437bbb44f72b73ba127e06d8e79"},"breadcrumb":{"@id":"https:\/\/kibrisdakik.com\/?p=26652#breadcrumb"},"inLanguage":"tr","potentialAction":[{"@type":"ReadAction","target":["https:\/\/kibrisdakik.com\/?p=26652"]}]},{"@type":"ImageObject","inLanguage":"tr","@id":"https:\/\/kibrisdakik.com\/?p=26652#primaryimage","url":"https:\/\/kibrisdakik.com\/wp-content\/uploads\/2024\/01\/kktc-tuketiciler-derneginden-hukumete-tam-destek-1705416702.webp.webp","contentUrl":"https:\/\/kibrisdakik.com\/wp-content\/uploads\/2024\/01\/kktc-tuketiciler-derneginden-hukumete-tam-destek-1705416702.webp.webp","width":710,"height":370},{"@type":"BreadcrumbList","@id":"https:\/\/kibrisdakik.com\/?p=26652#breadcrumb","itemListElement":[{"@type":"ListItem","position":1,"name":"Home","item":"https:\/\/kibrisdakik.com\/"},{"@type":"ListItem","position":2,"name":"KKTC T\u00fcketiciler Derne\u011fi&#039;nden h\u00fck\u00fcmete tam destek"}]},{"@type":"WebSite","@id":"https:\/\/kibrisdakik.com\/#website","url":"https:\/\/kibrisdakik.com\/","name":"","description":"Tam vaktinde haber","potentialAction":[{"@type":"SearchAction","target":{"@type":"EntryPoint","urlTemplate":"https:\/\/kibrisdakik.com\/?s={search_term_string}"},"query-input":{"@type":"PropertyValueSpecification","valueRequired":true,"valueName":"search_term_string"}}],"inLanguage":"tr"},{"@type":"Person","@id":"https:\/\/kibrisdakik.com\/#\/schema\/person\/9cd9d437bbb44f72b73ba127e06d8e79","name":"admin","image":{"@type":"ImageObject","inLanguage":"tr","@id":"https:\/\/secure.gravatar.com\/avatar\/ccc17943b9d660506c869530f897617f7cb1c21a4bf30023f252596d83e1f007?s=96&d=mm&r=g","url":"https:\/\/secure.gravatar.com\/avatar\/ccc17943b9d660506c869530f897617f7cb1c21a4bf30023f252596d83e1f007?s=96&d=mm&r=g","contentUrl":"https:\/\/secure.gravatar.com\/avatar\/ccc17943b9d660506c869530f897617f7cb1c21a4bf30023f252596d83e1f007?s=96&d=mm&r=g","caption":"admin"},"sameAs":["https:\/\/kibrisdakik.com"],"url":"https:\/\/kibrisdakik.com\/?author=1"}]}},"_links":{"self":[{"href":"https:\/\/kibrisdakik.com\/index.php?rest_route=\/wp\/v2\/posts\/26652","targetHints":{"allow":["GET"]}}],"collection":[{"href":"https:\/\/kibrisdakik.com\/index.php?rest_route=\/wp\/v2\/posts"}],"about":[{"href":"https:\/\/kibrisdakik.com\/index.php?rest_route=\/wp\/v2\/types\/post"}],"author":[{"embeddable":true,"href":"https:\/\/kibrisdakik.com\/index.php?rest_route=\/wp\/v2\/users\/1"}],"replies":[{"embeddable":true,"href":"https:\/\/kibrisdakik.com\/index.php?rest_route=%2Fwp%2Fv2%2Fcomments&post=26652"}],"version-history":[{"count":0,"href":"https:\/\/kibrisdakik.com\/index.php?rest_route=\/wp\/v2\/posts\/26652\/revisions"}],"wp:featuredmedia":[{"embeddable":true,"href":"https:\/\/kibrisdakik.com\/index.php?rest_route=\/wp\/v2\/media\/26653"}],"wp:attachment":[{"href":"https:\/\/kibrisdakik.com\/index.php?rest_route=%2Fwp%2Fv2%2Fmedia&parent=26652"}],"wp:term":[{"taxonomy":"category","embeddable":true,"href":"https:\/\/kibrisdakik.com\/index.php?rest_route=%2Fwp%2Fv2%2Fcategories&post=26652"},{"taxonomy":"post_tag","embeddable":true,"href":"https:\/\/kibrisdakik.com\/index.php?rest_route=%2Fwp%2Fv2%2Ftags&post=26652"}],"curies":[{"name":"wp","href":"https:\/\/api.w.org\/{rel}","templated":true}]}}