{"id":26803,"date":"2024-01-17T16:43:09","date_gmt":"2024-01-17T16:43:09","guid":{"rendered":"https:\/\/kibrisdakik.com\/index.php\/2024\/01\/17\/yarin-genis-bir-alanda-6-saatlik-elektrik-kesintisi-olacak\/"},"modified":"2024-01-17T16:43:09","modified_gmt":"2024-01-17T16:43:09","slug":"yarin-genis-bir-alanda-6-saatlik-elektrik-kesintisi-olacak","status":"publish","type":"post","link":"https:\/\/kibrisdakik.com\/?p=26803","title":{"rendered":"Yar\u0131n geni\u015f bir alanda 6 saatlik elektrik kesintisi olacak"},"content":{"rendered":"<p><img decoding=\"async\" src=\"https:\/\/www.kibristurk.com\/images\/haberler\/2024\/01\/yarin-genis-bir-alanda-6-saatlik-elektrik-kesintisi-olacak-1705502902.webp\" \/><\/p>\n<p>K\u0131br\u0131s T\u00fcrk Elektrik Kurumu (K\u0131b-Tek), yar\u0131n y\u00fcksek gerilim elektrik \u015febekesinde yap\u0131lacak bak\u0131m ve tamirat \u00e7al\u0131\u015fmas\u0131 nedeniyle Lefko\u015fa, Dikmen, Bo\u011faz, Lefko\u015fa- G\u00fczelyurt ana yolunu kapsayan geni\u015f bir alanda yakla\u015f\u0131k 6 saatlik elektrik kesintisi yap\u0131laca\u011f\u0131n\u0131 duyurdu.<br \/>\nK\u0131b-Tek\u2019ten yap\u0131lan yaz\u0131l\u0131 a\u00e7\u0131klamaya g\u00f6re, sabah 09.00 ile yakla\u015f\u0131k 15.00 saatleri aras\u0131nda ger\u00e7ekle\u015ftirilecek kesintinden \u015fu b\u00f6lgeler etkilenecek:<\/p>\n<p>\u201cBo\u011fazk\u00f6y k\u00f6y i\u00e7i b\u00f6lgesi, Lefko\u015fa-Girne ana yolu Bo\u011faz kav\u015fa\u011f\u0131 b\u00f6lgesi, Hediyem Su b\u00f6lgesi, St. Hilarion b\u00f6lgesi, G.K.K. Karargah\u0131 b\u00f6lgesi ve A\u011f\u0131rda\u011f, A\u015fa\u011f\u0131 Dikmen, Yukar\u0131 Dikmen, Yukar\u0131 Dikmen su kuyular\u0131 b\u00f6lgesi, &nbsp;Yukar\u0131 Dikmen a\u011f\u0131llar Bblgesi ve Dikmen K\u0131r\u0131kkale asker, Bo\u011faz Polis Lojmanlar\u0131 ile Karter K\u0131\u015flas\u0131 aras\u0131 b\u00f6lge ve Fikret K\u00fcr\u015fat arsalar\u0131 civar\u0131, Dikmen k\u00f6y \u0130\u00e7i ve Dikmen k\u0131rsal kesim arsalar\u0131 b\u00f6lgesi, Ta\u015fkent, Dikmen Cemsa Evleri, G\u00fcng\u00f6r ve G\u00fcng\u00f6r ta\u015f ocaklar\u0131 b\u00f6lgesi, Oray Sitesi ile Bo\u011faz Karakolu aras\u0131nda kalan k\u0131s\u0131m, Ema\u015f b\u00f6lgesi, K\u00f6m\u00fcrc\u00fc, Da\u011fyolu ve P\u0131narba\u015f\u0131, G\u00fcrp\u0131nar ve Y\u0131lmazk\u00f6y, Serhatk\u00f6y, Serhatk\u00f6y su pompa istasyonu, Gayretk\u00f6y ve b\u00f6lgedeki tesis ve su motorlar\u0131, \u015eahinler ve Mevlevi, T\u00fcrkeli, Lefko\u015fa\/G\u00fczelyurt ana yolu \u00fczerinde T\u00fcrkeli kav\u015fa\u011f\u0131 ile Zet Karting aras\u0131nda kalan tesisler, Alayk\u00f6y ve Metehan S\u0131n\u0131r Kap\u0131s\u0131 b\u00f6lgesi, Yenikent Vedat Benzinci\u2019nin g\u00fcneyi.\u201d<\/p>\n<p>A\u00e7\u0131klamada \u00e7al\u0131\u015fman\u0131n seyrine g\u00f6re elektrik enerjisinin belirtilen saatten daha ge\u00e7, ya da daha erken verilebilece\u011fi kaydedildi.<\/p>\n","protected":false},"excerpt":{"rendered":"<p>K\u0131br\u0131s T\u00fcrk Elektrik Kurumu (K\u0131b-Tek), yar\u0131n y\u00fcksek gerilim elektrik \u015febekesinde yap\u0131lacak bak\u0131m ve tamirat \u00e7al\u0131\u015fmas\u0131 nedeniyle Lefko\u015fa, Dikmen, Bo\u011faz, Lefko\u015fa- G\u00fczelyurt ana yolunu kapsayan geni\u015f bir alanda yakla\u015f\u0131k 6 saatlik elektrik kesintisi yap\u0131laca\u011f\u0131n\u0131 duyurdu. K\u0131b-Tek\u2019ten yap\u0131lan yaz\u0131l\u0131 a\u00e7\u0131klamaya g\u00f6re, sabah 09.00 ile yakla\u015f\u0131k 15.00 saatleri aras\u0131nda ger\u00e7ekle\u015ftirilecek kesintinden \u015fu b\u00f6lgeler etkilenecek: \u201cBo\u011fazk\u00f6y k\u00f6y i\u00e7i b\u00f6lgesi,<\/p>\n","protected":false},"author":1,"featured_media":26804,"comment_status":"open","ping_status":"open","sticky":false,"template":"","format":"standard","meta":{"footnotes":""},"categories":[86],"tags":[],"class_list":["post-26803","post","type-post","status-publish","format-standard","has-post-thumbnail","hentry","category-turkiye"],"yoast_head":"<!-- This site is optimized with the Yoast SEO plugin v27.5 - https:\/\/yoast.com\/product\/yoast-seo-wordpress\/ -->\n<title>Yar\u0131n geni\u015f bir alanda 6 saatlik elektrik kesintisi olacak -<\/title>\n<meta name=\"robots\" content=\"index, follow, max-snippet:-1, max-image-preview:large, max-video-preview:-1\" \/>\n<link rel=\"canonical\" href=\"https:\/\/kibrisdakik.com\/?p=26803\" \/>\n<meta property=\"og:locale\" content=\"tr_TR\" \/>\n<meta property=\"og:type\" content=\"article\" \/>\n<meta property=\"og:title\" content=\"Yar\u0131n geni\u015f bir alanda 6 saatlik elektrik kesintisi olacak -\" \/>\n<meta property=\"og:description\" content=\"K\u0131br\u0131s T\u00fcrk Elektrik Kurumu (K\u0131b-Tek), yar\u0131n y\u00fcksek gerilim elektrik \u015febekesinde yap\u0131lacak bak\u0131m ve tamirat \u00e7al\u0131\u015fmas\u0131 nedeniyle Lefko\u015fa, Dikmen, Bo\u011faz, Lefko\u015fa- G\u00fczelyurt ana yolunu kapsayan geni\u015f bir alanda yakla\u015f\u0131k 6 saatlik elektrik kesintisi yap\u0131laca\u011f\u0131n\u0131 duyurdu. K\u0131b-Tek\u2019ten yap\u0131lan yaz\u0131l\u0131 a\u00e7\u0131klamaya g\u00f6re, sabah 09.00 ile yakla\u015f\u0131k 15.00 saatleri aras\u0131nda ger\u00e7ekle\u015ftirilecek kesintinden \u015fu b\u00f6lgeler etkilenecek: \u201cBo\u011fazk\u00f6y k\u00f6y i\u00e7i b\u00f6lgesi,\" \/>\n<meta property=\"og:url\" content=\"https:\/\/kibrisdakik.com\/?p=26803\" \/>\n<meta property=\"article:published_time\" content=\"2024-01-17T16:43:09+00:00\" \/>\n<meta property=\"og:image\" content=\"https:\/\/kibrisdakik.com\/wp-content\/uploads\/2024\/01\/yarin-genis-bir-alanda-6-saatlik-elektrik-kesintisi-olacak-1705502902.webp.webp\" \/>\n\t<meta property=\"og:image:width\" content=\"710\" \/>\n\t<meta property=\"og:image:height\" content=\"370\" \/>\n\t<meta property=\"og:image:type\" content=\"image\/webp\" \/>\n<meta name=\"author\" content=\"admin\" \/>\n<meta name=\"twitter:card\" content=\"summary_large_image\" \/>\n<meta name=\"twitter:label1\" content=\"Yazan:\" \/>\n\t<meta name=\"twitter:data1\" content=\"admin\" \/>\n\t<meta name=\"twitter:label2\" content=\"Tahmini okuma s\u00fcresi\" \/>\n\t<meta name=\"twitter:data2\" content=\"1 dakika\" \/>\n<script type=\"application\/ld+json\" class=\"yoast-schema-graph\">{\"@context\":\"https:\\\/\\\/schema.org\",\"@graph\":[{\"@type\":\"Article\",\"@id\":\"https:\\\/\\\/kibrisdakik.com\\\/?p=26803#article\",\"isPartOf\":{\"@id\":\"https:\\\/\\\/kibrisdakik.com\\\/?p=26803\"},\"author\":{\"name\":\"admin\",\"@id\":\"https:\\\/\\\/kibrisdakik.com\\\/#\\\/schema\\\/person\\\/9cd9d437bbb44f72b73ba127e06d8e79\"},\"headline\":\"Yar\u0131n geni\u015f bir alanda 6 saatlik elektrik kesintisi olacak\",\"datePublished\":\"2024-01-17T16:43:09+00:00\",\"mainEntityOfPage\":{\"@id\":\"https:\\\/\\\/kibrisdakik.com\\\/?p=26803\"},\"wordCount\":296,\"commentCount\":0,\"image\":{\"@id\":\"https:\\\/\\\/kibrisdakik.com\\\/?p=26803#primaryimage\"},\"thumbnailUrl\":\"https:\\\/\\\/kibrisdakik.com\\\/wp-content\\\/uploads\\\/2024\\\/01\\\/yarin-genis-bir-alanda-6-saatlik-elektrik-kesintisi-olacak-1705502902.webp.webp\",\"articleSection\":[\"T\u00fcrkiye\"],\"inLanguage\":\"tr\",\"potentialAction\":[{\"@type\":\"CommentAction\",\"name\":\"Comment\",\"target\":[\"https:\\\/\\\/kibrisdakik.com\\\/?p=26803#respond\"]}]},{\"@type\":\"WebPage\",\"@id\":\"https:\\\/\\\/kibrisdakik.com\\\/?p=26803\",\"url\":\"https:\\\/\\\/kibrisdakik.com\\\/?p=26803\",\"name\":\"Yar\u0131n geni\u015f bir alanda 6 saatlik elektrik kesintisi olacak -\",\"isPartOf\":{\"@id\":\"https:\\\/\\\/kibrisdakik.com\\\/#website\"},\"primaryImageOfPage\":{\"@id\":\"https:\\\/\\\/kibrisdakik.com\\\/?p=26803#primaryimage\"},\"image\":{\"@id\":\"https:\\\/\\\/kibrisdakik.com\\\/?p=26803#primaryimage\"},\"thumbnailUrl\":\"https:\\\/\\\/kibrisdakik.com\\\/wp-content\\\/uploads\\\/2024\\\/01\\\/yarin-genis-bir-alanda-6-saatlik-elektrik-kesintisi-olacak-1705502902.webp.webp\",\"datePublished\":\"2024-01-17T16:43:09+00:00\",\"author\":{\"@id\":\"https:\\\/\\\/kibrisdakik.com\\\/#\\\/schema\\\/person\\\/9cd9d437bbb44f72b73ba127e06d8e79\"},\"breadcrumb\":{\"@id\":\"https:\\\/\\\/kibrisdakik.com\\\/?p=26803#breadcrumb\"},\"inLanguage\":\"tr\",\"potentialAction\":[{\"@type\":\"ReadAction\",\"target\":[\"https:\\\/\\\/kibrisdakik.com\\\/?p=26803\"]}]},{\"@type\":\"ImageObject\",\"inLanguage\":\"tr\",\"@id\":\"https:\\\/\\\/kibrisdakik.com\\\/?p=26803#primaryimage\",\"url\":\"https:\\\/\\\/kibrisdakik.com\\\/wp-content\\\/uploads\\\/2024\\\/01\\\/yarin-genis-bir-alanda-6-saatlik-elektrik-kesintisi-olacak-1705502902.webp.webp\",\"contentUrl\":\"https:\\\/\\\/kibrisdakik.com\\\/wp-content\\\/uploads\\\/2024\\\/01\\\/yarin-genis-bir-alanda-6-saatlik-elektrik-kesintisi-olacak-1705502902.webp.webp\",\"width\":710,\"height\":370},{\"@type\":\"BreadcrumbList\",\"@id\":\"https:\\\/\\\/kibrisdakik.com\\\/?p=26803#breadcrumb\",\"itemListElement\":[{\"@type\":\"ListItem\",\"position\":1,\"name\":\"Home\",\"item\":\"https:\\\/\\\/kibrisdakik.com\\\/\"},{\"@type\":\"ListItem\",\"position\":2,\"name\":\"Yar\u0131n geni\u015f bir alanda 6 saatlik elektrik kesintisi olacak\"}]},{\"@type\":\"WebSite\",\"@id\":\"https:\\\/\\\/kibrisdakik.com\\\/#website\",\"url\":\"https:\\\/\\\/kibrisdakik.com\\\/\",\"name\":\"\",\"description\":\"Tam vaktinde haber\",\"potentialAction\":[{\"@type\":\"SearchAction\",\"target\":{\"@type\":\"EntryPoint\",\"urlTemplate\":\"https:\\\/\\\/kibrisdakik.com\\\/?s={search_term_string}\"},\"query-input\":{\"@type\":\"PropertyValueSpecification\",\"valueRequired\":true,\"valueName\":\"search_term_string\"}}],\"inLanguage\":\"tr\"},{\"@type\":\"Person\",\"@id\":\"https:\\\/\\\/kibrisdakik.com\\\/#\\\/schema\\\/person\\\/9cd9d437bbb44f72b73ba127e06d8e79\",\"name\":\"admin\",\"image\":{\"@type\":\"ImageObject\",\"inLanguage\":\"tr\",\"@id\":\"https:\\\/\\\/secure.gravatar.com\\\/avatar\\\/ccc17943b9d660506c869530f897617f7cb1c21a4bf30023f252596d83e1f007?s=96&d=mm&r=g\",\"url\":\"https:\\\/\\\/secure.gravatar.com\\\/avatar\\\/ccc17943b9d660506c869530f897617f7cb1c21a4bf30023f252596d83e1f007?s=96&d=mm&r=g\",\"contentUrl\":\"https:\\\/\\\/secure.gravatar.com\\\/avatar\\\/ccc17943b9d660506c869530f897617f7cb1c21a4bf30023f252596d83e1f007?s=96&d=mm&r=g\",\"caption\":\"admin\"},\"sameAs\":[\"https:\\\/\\\/kibrisdakik.com\"],\"url\":\"https:\\\/\\\/kibrisdakik.com\\\/?author=1\"}]}<\/script>\n<!-- \/ Yoast SEO plugin. -->","yoast_head_json":{"title":"Yar\u0131n geni\u015f bir alanda 6 saatlik elektrik kesintisi olacak -","robots":{"index":"index","follow":"follow","max-snippet":"max-snippet:-1","max-image-preview":"max-image-preview:large","max-video-preview":"max-video-preview:-1"},"canonical":"https:\/\/kibrisdakik.com\/?p=26803","og_locale":"tr_TR","og_type":"article","og_title":"Yar\u0131n geni\u015f bir alanda 6 saatlik elektrik kesintisi olacak -","og_description":"K\u0131br\u0131s T\u00fcrk Elektrik Kurumu (K\u0131b-Tek), yar\u0131n y\u00fcksek gerilim elektrik \u015febekesinde yap\u0131lacak bak\u0131m ve tamirat \u00e7al\u0131\u015fmas\u0131 nedeniyle Lefko\u015fa, Dikmen, Bo\u011faz, Lefko\u015fa- G\u00fczelyurt ana yolunu kapsayan geni\u015f bir alanda yakla\u015f\u0131k 6 saatlik elektrik kesintisi yap\u0131laca\u011f\u0131n\u0131 duyurdu. K\u0131b-Tek\u2019ten yap\u0131lan yaz\u0131l\u0131 a\u00e7\u0131klamaya g\u00f6re, sabah 09.00 ile yakla\u015f\u0131k 15.00 saatleri aras\u0131nda ger\u00e7ekle\u015ftirilecek kesintinden \u015fu b\u00f6lgeler etkilenecek: \u201cBo\u011fazk\u00f6y k\u00f6y i\u00e7i b\u00f6lgesi,","og_url":"https:\/\/kibrisdakik.com\/?p=26803","article_published_time":"2024-01-17T16:43:09+00:00","og_image":[{"width":710,"height":370,"url":"https:\/\/kibrisdakik.com\/wp-content\/uploads\/2024\/01\/yarin-genis-bir-alanda-6-saatlik-elektrik-kesintisi-olacak-1705502902.webp.webp","type":"image\/webp"}],"author":"admin","twitter_card":"summary_large_image","twitter_misc":{"Yazan:":"admin","Tahmini okuma s\u00fcresi":"1 dakika"},"schema":{"@context":"https:\/\/schema.org","@graph":[{"@type":"Article","@id":"https:\/\/kibrisdakik.com\/?p=26803#article","isPartOf":{"@id":"https:\/\/kibrisdakik.com\/?p=26803"},"author":{"name":"admin","@id":"https:\/\/kibrisdakik.com\/#\/schema\/person\/9cd9d437bbb44f72b73ba127e06d8e79"},"headline":"Yar\u0131n geni\u015f bir alanda 6 saatlik elektrik kesintisi olacak","datePublished":"2024-01-17T16:43:09+00:00","mainEntityOfPage":{"@id":"https:\/\/kibrisdakik.com\/?p=26803"},"wordCount":296,"commentCount":0,"image":{"@id":"https:\/\/kibrisdakik.com\/?p=26803#primaryimage"},"thumbnailUrl":"https:\/\/kibrisdakik.com\/wp-content\/uploads\/2024\/01\/yarin-genis-bir-alanda-6-saatlik-elektrik-kesintisi-olacak-1705502902.webp.webp","articleSection":["T\u00fcrkiye"],"inLanguage":"tr","potentialAction":[{"@type":"CommentAction","name":"Comment","target":["https:\/\/kibrisdakik.com\/?p=26803#respond"]}]},{"@type":"WebPage","@id":"https:\/\/kibrisdakik.com\/?p=26803","url":"https:\/\/kibrisdakik.com\/?p=26803","name":"Yar\u0131n geni\u015f bir alanda 6 saatlik elektrik kesintisi olacak -","isPartOf":{"@id":"https:\/\/kibrisdakik.com\/#website"},"primaryImageOfPage":{"@id":"https:\/\/kibrisdakik.com\/?p=26803#primaryimage"},"image":{"@id":"https:\/\/kibrisdakik.com\/?p=26803#primaryimage"},"thumbnailUrl":"https:\/\/kibrisdakik.com\/wp-content\/uploads\/2024\/01\/yarin-genis-bir-alanda-6-saatlik-elektrik-kesintisi-olacak-1705502902.webp.webp","datePublished":"2024-01-17T16:43:09+00:00","author":{"@id":"https:\/\/kibrisdakik.com\/#\/schema\/person\/9cd9d437bbb44f72b73ba127e06d8e79"},"breadcrumb":{"@id":"https:\/\/kibrisdakik.com\/?p=26803#breadcrumb"},"inLanguage":"tr","potentialAction":[{"@type":"ReadAction","target":["https:\/\/kibrisdakik.com\/?p=26803"]}]},{"@type":"ImageObject","inLanguage":"tr","@id":"https:\/\/kibrisdakik.com\/?p=26803#primaryimage","url":"https:\/\/kibrisdakik.com\/wp-content\/uploads\/2024\/01\/yarin-genis-bir-alanda-6-saatlik-elektrik-kesintisi-olacak-1705502902.webp.webp","contentUrl":"https:\/\/kibrisdakik.com\/wp-content\/uploads\/2024\/01\/yarin-genis-bir-alanda-6-saatlik-elektrik-kesintisi-olacak-1705502902.webp.webp","width":710,"height":370},{"@type":"BreadcrumbList","@id":"https:\/\/kibrisdakik.com\/?p=26803#breadcrumb","itemListElement":[{"@type":"ListItem","position":1,"name":"Home","item":"https:\/\/kibrisdakik.com\/"},{"@type":"ListItem","position":2,"name":"Yar\u0131n geni\u015f bir alanda 6 saatlik elektrik kesintisi olacak"}]},{"@type":"WebSite","@id":"https:\/\/kibrisdakik.com\/#website","url":"https:\/\/kibrisdakik.com\/","name":"","description":"Tam vaktinde haber","potentialAction":[{"@type":"SearchAction","target":{"@type":"EntryPoint","urlTemplate":"https:\/\/kibrisdakik.com\/?s={search_term_string}"},"query-input":{"@type":"PropertyValueSpecification","valueRequired":true,"valueName":"search_term_string"}}],"inLanguage":"tr"},{"@type":"Person","@id":"https:\/\/kibrisdakik.com\/#\/schema\/person\/9cd9d437bbb44f72b73ba127e06d8e79","name":"admin","image":{"@type":"ImageObject","inLanguage":"tr","@id":"https:\/\/secure.gravatar.com\/avatar\/ccc17943b9d660506c869530f897617f7cb1c21a4bf30023f252596d83e1f007?s=96&d=mm&r=g","url":"https:\/\/secure.gravatar.com\/avatar\/ccc17943b9d660506c869530f897617f7cb1c21a4bf30023f252596d83e1f007?s=96&d=mm&r=g","contentUrl":"https:\/\/secure.gravatar.com\/avatar\/ccc17943b9d660506c869530f897617f7cb1c21a4bf30023f252596d83e1f007?s=96&d=mm&r=g","caption":"admin"},"sameAs":["https:\/\/kibrisdakik.com"],"url":"https:\/\/kibrisdakik.com\/?author=1"}]}},"_links":{"self":[{"href":"https:\/\/kibrisdakik.com\/index.php?rest_route=\/wp\/v2\/posts\/26803","targetHints":{"allow":["GET"]}}],"collection":[{"href":"https:\/\/kibrisdakik.com\/index.php?rest_route=\/wp\/v2\/posts"}],"about":[{"href":"https:\/\/kibrisdakik.com\/index.php?rest_route=\/wp\/v2\/types\/post"}],"author":[{"embeddable":true,"href":"https:\/\/kibrisdakik.com\/index.php?rest_route=\/wp\/v2\/users\/1"}],"replies":[{"embeddable":true,"href":"https:\/\/kibrisdakik.com\/index.php?rest_route=%2Fwp%2Fv2%2Fcomments&post=26803"}],"version-history":[{"count":0,"href":"https:\/\/kibrisdakik.com\/index.php?rest_route=\/wp\/v2\/posts\/26803\/revisions"}],"wp:featuredmedia":[{"embeddable":true,"href":"https:\/\/kibrisdakik.com\/index.php?rest_route=\/wp\/v2\/media\/26804"}],"wp:attachment":[{"href":"https:\/\/kibrisdakik.com\/index.php?rest_route=%2Fwp%2Fv2%2Fmedia&parent=26803"}],"wp:term":[{"taxonomy":"category","embeddable":true,"href":"https:\/\/kibrisdakik.com\/index.php?rest_route=%2Fwp%2Fv2%2Fcategories&post=26803"},{"taxonomy":"post_tag","embeddable":true,"href":"https:\/\/kibrisdakik.com\/index.php?rest_route=%2Fwp%2Fv2%2Ftags&post=26803"}],"curies":[{"name":"wp","href":"https:\/\/api.w.org\/{rel}","templated":true}]}}