{"id":26842,"date":"2024-01-17T20:47:29","date_gmt":"2024-01-17T20:47:29","guid":{"rendered":"https:\/\/kibrisdakik.com\/index.php\/2024\/01\/17\/bm-kibris-ozel-temsilcisi-kibrista-ara-bolgedeki-ihlallerde-artis-var\/"},"modified":"2024-01-17T20:47:29","modified_gmt":"2024-01-17T20:47:29","slug":"bm-kibris-ozel-temsilcisi-kibrista-ara-bolgedeki-ihlallerde-artis-var","status":"publish","type":"post","link":"https:\/\/kibrisdakik.com\/?p=26842","title":{"rendered":"BM K\u0131br\u0131s \u00d6zel Temsilcisi: K\u0131br\u0131s&#039;ta ara b\u00f6lgedeki &#039;ihlallerde&#039; art\u0131\u015f var"},"content":{"rendered":"<p><img decoding=\"async\" src=\"https:\/\/www.kibristurk.com\/images\/haberler\/2024\/01\/bm-kibris-ozel-temsilcisi-kibrista-ara-bolgedeki-ihlallerde-artis-var-1705523057.webp\" \/><\/p>\n<p>Stewart, New York&#8217;ta d\u00fczenledi\u011fi bas\u0131n toplant\u0131s\u0131nda<em>&nbsp;&#8220;Genel Sekreterin son BMBG raporunda bar\u0131\u015f g\u00fcc\u00fcn\u00fcn K\u0131br\u0131s T\u00fcrklerinin Pile-Yi\u011fitler Yolu Projesi&#8217;ne y\u00f6nelik fiziki m\u00fcdahalesine ili\u015fkin detaylar bulunuyor. Raporda, ayn\u0131 zamanda hem Pile hem de Pile \u00dcniversitesinin b\u00fcy\u00fck kamp\u00fcs\u00fc dahil ara b\u00f6lgenin farkl\u0131 yerlerinde K\u0131br\u0131sl\u0131 Rumlar\u0131n ihlaller ger\u00e7ekle\u015ftirdi\u011fine de\u011finiliyor. Bu \u00e7er\u00e7evede BMBG&#8217;nin &#8216;baz\u0131 angajmanlarda&#8217; bulundu\u011fu ve ihlalleri protesto etti\u011fi, ancak sonu\u00e7 alamad\u0131\u011f\u0131 kaydediliyor. S\u00f6z konusu ihlalleri engellemek i\u00e7in ne t\u00fcr ad\u0131mlar at\u0131yorsunuz. BMBG Pile&#8217;de oldu\u011fu gibi fiziksel bir m\u00fcdahaleyi g\u00f6z \u00f6n\u00fcnde bulunduruyor mu?&#8221;&nbsp;<\/em>sorusunu yan\u0131tlad\u0131.<\/p>\n<p>BMBG&#8217;nin temel g\u00f6revinin gerginli\u011fin artmas\u0131n\u0131 engellemek i\u00e7in ara b\u00f6lgenin b\u00fct\u00fcnl\u00fc\u011f\u00fc ve askeri stat\u00fckoyu muhafaza etmek oldu\u011funu dile getiren Stewart,<em>&nbsp;&#8220;Gerginli\u011fin artt\u0131\u011f\u0131na tan\u0131kl\u0131k ediyoruz. Bu da iki tarafta da ara b\u00f6lgenin ihlal edildi\u011fi anlam\u0131na geliyor&#8221;&nbsp;<\/em>dedi.<\/p>\n<p>Stewart, son aylarda gerginli\u011fin artt\u0131\u011f\u0131n\u0131n Genel Sekreterin raporlar\u0131nda da g\u00f6r\u00fcld\u00fc\u011f\u00fcn\u00fc belirterek,&nbsp;<em>&#8220;Bu kimseye kazan\u00e7 sa\u011flamayacak bir durum. Gerginli\u011fin artmas\u0131 herkes i\u00e7in sorunlar yarat\u0131yor&#8221;&nbsp;<\/em>diye konu\u015ftu.<\/p>\n<p>Bar\u0131\u015f g\u00fcc\u00fcn\u00fcn her olay\u0131 kendi \u00f6zelliklerine g\u00f6re ayr\u0131 de\u011ferlendirdi\u011fini ve ara b\u00f6lgenin di\u011fer yerlerinde yap\u0131lanlara e\u015fit muamele yap\u0131lmas\u0131n\u0131n bir hata oldu\u011funu s\u00f6yleyen Stewart,<em>&nbsp;&#8220;Farkl\u0131 sorunlar, farkl\u0131 tarihi ger\u00e7ekler ve farkl\u0131 hassasiyetler var. A\u011fustos ay\u0131nda Pile&#8217;ye yapt\u0131\u011f\u0131m\u0131z m\u00fcdahale bu b\u00f6lgenin kendine \u00f6zg\u00fc hassasiyetleriyle ilgiliydi&#8221;&nbsp;<\/em>de\u011ferlendirmesinde bulundu.<\/p>\n<h3><strong>&#8220;VARSAYMAK H\u0130\u00c7B\u0130R ZAMAN DO\u011eRU OLMAZ&#8221;<\/strong><\/h3>\n<p>Stewart, her olay\u0131 kendi \u00f6zelliklerine g\u00f6re de\u011ferlendirdikten sonra duruma g\u00f6re protesto ettiklerini belirterek, temel amac\u0131n, iki taraf\u0131 da ara b\u00f6lgede BM&#8217;nin otoritesini ve ara b\u00f6lgenin b\u00fct\u00fcnl\u00fc\u011f\u00fcn\u00fc zay\u0131flatman\u0131n \u00e7\u0131karlar\u0131na olmad\u0131\u011f\u0131n\u0131 ikna etmek oldu\u011funu ifade etti.<\/p>\n<p>AA muhabirinin,&nbsp;<strong>&#8220;O zaman K\u0131br\u0131sl\u0131 Rum taraf\u0131n\u0131n ihlallerinde s\u00f6z konusu hassasiyetlerin bulunmad\u0131\u011f\u0131n\u0131 varsaymak do\u011fru olur mu?&#8221;<\/strong>&nbsp;sorusuna ise Stewart,<em>&nbsp;&#8220;Varsaymak hi\u00e7bir zaman do\u011fru olmaz&#8221;<\/em>&nbsp;yan\u0131t\u0131n\u0131 verdi.<\/p>\n<h3><strong>&#8220;BM, KIBRIS&#8217;TA \u00c7\u00d6Z\u00dcM\u00dcN M\u00dcMK\u00dcN OLDU\u011eUNA \u0130NANIYOR&#8221;<\/strong><\/h3>\n<p>Stewart, di\u011fer taraftan BM Genel Sekreteri Antonio Guterres&#8217;in eski Kolombiya D\u0131\u015fi\u015fleri Bakan\u0131 Maria Angela Holguin Cuellar&#8217;\u0131 K\u0131br\u0131s \u015eahsi Temsilcisi olarak atamas\u0131n\u0131n BM G\u00fcvenlik Konseyi \u00fcyelerince memnuniyetle kar\u015f\u0131land\u0131\u011f\u0131n\u0131, ataman\u0131n bir f\u0131rsat te\u015fkil etti\u011fini s\u00f6yledi.<\/p>\n<p>BM&#8217;nin K\u0131br\u0131s&#8217;ta hala iki taraf\u0131n da kabul edece\u011fi bir \u00e7\u00f6z\u00fcm\u00fcn m\u00fcmk\u00fcn oldu\u011funa inand\u0131\u011f\u0131n\u0131 aktaran Stewart, taraflar aras\u0131nda k\u00f6pr\u00fcler ve g\u00fcven in\u015fa etmeye \u00e7al\u0131\u015ft\u0131klar\u0131n\u0131 dile getirdi.<\/p>\n","protected":false},"excerpt":{"rendered":"<p>Stewart, New York&#8217;ta d\u00fczenledi\u011fi bas\u0131n toplant\u0131s\u0131nda&nbsp;&#8220;Genel Sekreterin son BMBG raporunda bar\u0131\u015f g\u00fcc\u00fcn\u00fcn K\u0131br\u0131s T\u00fcrklerinin Pile-Yi\u011fitler Yolu Projesi&#8217;ne y\u00f6nelik fiziki m\u00fcdahalesine ili\u015fkin detaylar bulunuyor. Raporda, ayn\u0131 zamanda hem Pile hem de Pile \u00dcniversitesinin b\u00fcy\u00fck kamp\u00fcs\u00fc dahil ara b\u00f6lgenin farkl\u0131 yerlerinde K\u0131br\u0131sl\u0131 Rumlar\u0131n ihlaller ger\u00e7ekle\u015ftirdi\u011fine de\u011finiliyor. Bu \u00e7er\u00e7evede BMBG&#8217;nin &#8216;baz\u0131 angajmanlarda&#8217; bulundu\u011fu ve ihlalleri protesto etti\u011fi, ancak<\/p>\n","protected":false},"author":1,"featured_media":26843,"comment_status":"open","ping_status":"open","sticky":false,"template":"","format":"standard","meta":{"footnotes":""},"categories":[86],"tags":[],"class_list":["post-26842","post","type-post","status-publish","format-standard","has-post-thumbnail","hentry","category-turkiye"],"yoast_head":"<!-- This site is optimized with the Yoast SEO plugin v27.5 - https:\/\/yoast.com\/product\/yoast-seo-wordpress\/ -->\n<title>BM K\u0131br\u0131s \u00d6zel Temsilcisi: K\u0131br\u0131s&#039;ta ara b\u00f6lgedeki &#039;ihlallerde&#039; art\u0131\u015f var -<\/title>\n<meta name=\"robots\" content=\"index, follow, max-snippet:-1, max-image-preview:large, max-video-preview:-1\" \/>\n<link rel=\"canonical\" href=\"https:\/\/kibrisdakik.com\/?p=26842\" \/>\n<meta property=\"og:locale\" content=\"tr_TR\" \/>\n<meta property=\"og:type\" content=\"article\" \/>\n<meta property=\"og:title\" content=\"BM K\u0131br\u0131s \u00d6zel Temsilcisi: K\u0131br\u0131s&#039;ta ara b\u00f6lgedeki &#039;ihlallerde&#039; art\u0131\u015f var -\" \/>\n<meta property=\"og:description\" content=\"Stewart, New York&#8217;ta d\u00fczenledi\u011fi bas\u0131n toplant\u0131s\u0131nda&nbsp;&#8220;Genel Sekreterin son BMBG raporunda bar\u0131\u015f g\u00fcc\u00fcn\u00fcn K\u0131br\u0131s T\u00fcrklerinin Pile-Yi\u011fitler Yolu Projesi&#8217;ne y\u00f6nelik fiziki m\u00fcdahalesine ili\u015fkin detaylar bulunuyor. Raporda, ayn\u0131 zamanda hem Pile hem de Pile \u00dcniversitesinin b\u00fcy\u00fck kamp\u00fcs\u00fc dahil ara b\u00f6lgenin farkl\u0131 yerlerinde K\u0131br\u0131sl\u0131 Rumlar\u0131n ihlaller ger\u00e7ekle\u015ftirdi\u011fine de\u011finiliyor. Bu \u00e7er\u00e7evede BMBG&#8217;nin &#8216;baz\u0131 angajmanlarda&#8217; bulundu\u011fu ve ihlalleri protesto etti\u011fi, ancak\" \/>\n<meta property=\"og:url\" content=\"https:\/\/kibrisdakik.com\/?p=26842\" \/>\n<meta property=\"article:published_time\" content=\"2024-01-17T20:47:29+00:00\" \/>\n<meta property=\"og:image\" content=\"https:\/\/kibrisdakik.com\/wp-content\/uploads\/2024\/01\/bm-kibris-ozel-temsilcisi-kibrista-ara-bolgedeki-ihlallerde-artis-var-1705523057.webp.webp\" \/>\n\t<meta property=\"og:image:width\" content=\"710\" \/>\n\t<meta property=\"og:image:height\" content=\"370\" \/>\n\t<meta property=\"og:image:type\" content=\"image\/webp\" \/>\n<meta name=\"author\" content=\"admin\" \/>\n<meta name=\"twitter:card\" content=\"summary_large_image\" \/>\n<meta name=\"twitter:label1\" content=\"Yazan:\" \/>\n\t<meta name=\"twitter:data1\" content=\"admin\" \/>\n\t<meta name=\"twitter:label2\" content=\"Tahmini okuma s\u00fcresi\" \/>\n\t<meta name=\"twitter:data2\" content=\"2 dakika\" \/>\n<script type=\"application\/ld+json\" class=\"yoast-schema-graph\">{\"@context\":\"https:\\\/\\\/schema.org\",\"@graph\":[{\"@type\":\"Article\",\"@id\":\"https:\\\/\\\/kibrisdakik.com\\\/?p=26842#article\",\"isPartOf\":{\"@id\":\"https:\\\/\\\/kibrisdakik.com\\\/?p=26842\"},\"author\":{\"name\":\"admin\",\"@id\":\"https:\\\/\\\/kibrisdakik.com\\\/#\\\/schema\\\/person\\\/9cd9d437bbb44f72b73ba127e06d8e79\"},\"headline\":\"BM K\u0131br\u0131s \u00d6zel Temsilcisi: K\u0131br\u0131s&#039;ta ara b\u00f6lgedeki &#039;ihlallerde&#039; art\u0131\u015f var\",\"datePublished\":\"2024-01-17T20:47:29+00:00\",\"mainEntityOfPage\":{\"@id\":\"https:\\\/\\\/kibrisdakik.com\\\/?p=26842\"},\"wordCount\":499,\"commentCount\":0,\"image\":{\"@id\":\"https:\\\/\\\/kibrisdakik.com\\\/?p=26842#primaryimage\"},\"thumbnailUrl\":\"https:\\\/\\\/kibrisdakik.com\\\/wp-content\\\/uploads\\\/2024\\\/01\\\/bm-kibris-ozel-temsilcisi-kibrista-ara-bolgedeki-ihlallerde-artis-var-1705523057.webp.webp\",\"articleSection\":[\"T\u00fcrkiye\"],\"inLanguage\":\"tr\",\"potentialAction\":[{\"@type\":\"CommentAction\",\"name\":\"Comment\",\"target\":[\"https:\\\/\\\/kibrisdakik.com\\\/?p=26842#respond\"]}]},{\"@type\":\"WebPage\",\"@id\":\"https:\\\/\\\/kibrisdakik.com\\\/?p=26842\",\"url\":\"https:\\\/\\\/kibrisdakik.com\\\/?p=26842\",\"name\":\"BM K\u0131br\u0131s \u00d6zel Temsilcisi: K\u0131br\u0131s&#039;ta ara b\u00f6lgedeki &#039;ihlallerde&#039; art\u0131\u015f var -\",\"isPartOf\":{\"@id\":\"https:\\\/\\\/kibrisdakik.com\\\/#website\"},\"primaryImageOfPage\":{\"@id\":\"https:\\\/\\\/kibrisdakik.com\\\/?p=26842#primaryimage\"},\"image\":{\"@id\":\"https:\\\/\\\/kibrisdakik.com\\\/?p=26842#primaryimage\"},\"thumbnailUrl\":\"https:\\\/\\\/kibrisdakik.com\\\/wp-content\\\/uploads\\\/2024\\\/01\\\/bm-kibris-ozel-temsilcisi-kibrista-ara-bolgedeki-ihlallerde-artis-var-1705523057.webp.webp\",\"datePublished\":\"2024-01-17T20:47:29+00:00\",\"author\":{\"@id\":\"https:\\\/\\\/kibrisdakik.com\\\/#\\\/schema\\\/person\\\/9cd9d437bbb44f72b73ba127e06d8e79\"},\"breadcrumb\":{\"@id\":\"https:\\\/\\\/kibrisdakik.com\\\/?p=26842#breadcrumb\"},\"inLanguage\":\"tr\",\"potentialAction\":[{\"@type\":\"ReadAction\",\"target\":[\"https:\\\/\\\/kibrisdakik.com\\\/?p=26842\"]}]},{\"@type\":\"ImageObject\",\"inLanguage\":\"tr\",\"@id\":\"https:\\\/\\\/kibrisdakik.com\\\/?p=26842#primaryimage\",\"url\":\"https:\\\/\\\/kibrisdakik.com\\\/wp-content\\\/uploads\\\/2024\\\/01\\\/bm-kibris-ozel-temsilcisi-kibrista-ara-bolgedeki-ihlallerde-artis-var-1705523057.webp.webp\",\"contentUrl\":\"https:\\\/\\\/kibrisdakik.com\\\/wp-content\\\/uploads\\\/2024\\\/01\\\/bm-kibris-ozel-temsilcisi-kibrista-ara-bolgedeki-ihlallerde-artis-var-1705523057.webp.webp\",\"width\":710,\"height\":370},{\"@type\":\"BreadcrumbList\",\"@id\":\"https:\\\/\\\/kibrisdakik.com\\\/?p=26842#breadcrumb\",\"itemListElement\":[{\"@type\":\"ListItem\",\"position\":1,\"name\":\"Home\",\"item\":\"https:\\\/\\\/kibrisdakik.com\\\/\"},{\"@type\":\"ListItem\",\"position\":2,\"name\":\"BM K\u0131br\u0131s \u00d6zel Temsilcisi: K\u0131br\u0131s&#039;ta ara b\u00f6lgedeki &#039;ihlallerde&#039; art\u0131\u015f var\"}]},{\"@type\":\"WebSite\",\"@id\":\"https:\\\/\\\/kibrisdakik.com\\\/#website\",\"url\":\"https:\\\/\\\/kibrisdakik.com\\\/\",\"name\":\"\",\"description\":\"Tam vaktinde haber\",\"potentialAction\":[{\"@type\":\"SearchAction\",\"target\":{\"@type\":\"EntryPoint\",\"urlTemplate\":\"https:\\\/\\\/kibrisdakik.com\\\/?s={search_term_string}\"},\"query-input\":{\"@type\":\"PropertyValueSpecification\",\"valueRequired\":true,\"valueName\":\"search_term_string\"}}],\"inLanguage\":\"tr\"},{\"@type\":\"Person\",\"@id\":\"https:\\\/\\\/kibrisdakik.com\\\/#\\\/schema\\\/person\\\/9cd9d437bbb44f72b73ba127e06d8e79\",\"name\":\"admin\",\"image\":{\"@type\":\"ImageObject\",\"inLanguage\":\"tr\",\"@id\":\"https:\\\/\\\/secure.gravatar.com\\\/avatar\\\/ccc17943b9d660506c869530f897617f7cb1c21a4bf30023f252596d83e1f007?s=96&d=mm&r=g\",\"url\":\"https:\\\/\\\/secure.gravatar.com\\\/avatar\\\/ccc17943b9d660506c869530f897617f7cb1c21a4bf30023f252596d83e1f007?s=96&d=mm&r=g\",\"contentUrl\":\"https:\\\/\\\/secure.gravatar.com\\\/avatar\\\/ccc17943b9d660506c869530f897617f7cb1c21a4bf30023f252596d83e1f007?s=96&d=mm&r=g\",\"caption\":\"admin\"},\"sameAs\":[\"https:\\\/\\\/kibrisdakik.com\"],\"url\":\"https:\\\/\\\/kibrisdakik.com\\\/?author=1\"}]}<\/script>\n<!-- \/ Yoast SEO plugin. -->","yoast_head_json":{"title":"BM K\u0131br\u0131s \u00d6zel Temsilcisi: K\u0131br\u0131s&#039;ta ara b\u00f6lgedeki &#039;ihlallerde&#039; art\u0131\u015f var -","robots":{"index":"index","follow":"follow","max-snippet":"max-snippet:-1","max-image-preview":"max-image-preview:large","max-video-preview":"max-video-preview:-1"},"canonical":"https:\/\/kibrisdakik.com\/?p=26842","og_locale":"tr_TR","og_type":"article","og_title":"BM K\u0131br\u0131s \u00d6zel Temsilcisi: K\u0131br\u0131s&#039;ta ara b\u00f6lgedeki &#039;ihlallerde&#039; art\u0131\u015f var -","og_description":"Stewart, New York&#8217;ta d\u00fczenledi\u011fi bas\u0131n toplant\u0131s\u0131nda&nbsp;&#8220;Genel Sekreterin son BMBG raporunda bar\u0131\u015f g\u00fcc\u00fcn\u00fcn K\u0131br\u0131s T\u00fcrklerinin Pile-Yi\u011fitler Yolu Projesi&#8217;ne y\u00f6nelik fiziki m\u00fcdahalesine ili\u015fkin detaylar bulunuyor. Raporda, ayn\u0131 zamanda hem Pile hem de Pile \u00dcniversitesinin b\u00fcy\u00fck kamp\u00fcs\u00fc dahil ara b\u00f6lgenin farkl\u0131 yerlerinde K\u0131br\u0131sl\u0131 Rumlar\u0131n ihlaller ger\u00e7ekle\u015ftirdi\u011fine de\u011finiliyor. Bu \u00e7er\u00e7evede BMBG&#8217;nin &#8216;baz\u0131 angajmanlarda&#8217; bulundu\u011fu ve ihlalleri protesto etti\u011fi, ancak","og_url":"https:\/\/kibrisdakik.com\/?p=26842","article_published_time":"2024-01-17T20:47:29+00:00","og_image":[{"width":710,"height":370,"url":"https:\/\/kibrisdakik.com\/wp-content\/uploads\/2024\/01\/bm-kibris-ozel-temsilcisi-kibrista-ara-bolgedeki-ihlallerde-artis-var-1705523057.webp.webp","type":"image\/webp"}],"author":"admin","twitter_card":"summary_large_image","twitter_misc":{"Yazan:":"admin","Tahmini okuma s\u00fcresi":"2 dakika"},"schema":{"@context":"https:\/\/schema.org","@graph":[{"@type":"Article","@id":"https:\/\/kibrisdakik.com\/?p=26842#article","isPartOf":{"@id":"https:\/\/kibrisdakik.com\/?p=26842"},"author":{"name":"admin","@id":"https:\/\/kibrisdakik.com\/#\/schema\/person\/9cd9d437bbb44f72b73ba127e06d8e79"},"headline":"BM K\u0131br\u0131s \u00d6zel Temsilcisi: K\u0131br\u0131s&#039;ta ara b\u00f6lgedeki &#039;ihlallerde&#039; art\u0131\u015f var","datePublished":"2024-01-17T20:47:29+00:00","mainEntityOfPage":{"@id":"https:\/\/kibrisdakik.com\/?p=26842"},"wordCount":499,"commentCount":0,"image":{"@id":"https:\/\/kibrisdakik.com\/?p=26842#primaryimage"},"thumbnailUrl":"https:\/\/kibrisdakik.com\/wp-content\/uploads\/2024\/01\/bm-kibris-ozel-temsilcisi-kibrista-ara-bolgedeki-ihlallerde-artis-var-1705523057.webp.webp","articleSection":["T\u00fcrkiye"],"inLanguage":"tr","potentialAction":[{"@type":"CommentAction","name":"Comment","target":["https:\/\/kibrisdakik.com\/?p=26842#respond"]}]},{"@type":"WebPage","@id":"https:\/\/kibrisdakik.com\/?p=26842","url":"https:\/\/kibrisdakik.com\/?p=26842","name":"BM K\u0131br\u0131s \u00d6zel Temsilcisi: K\u0131br\u0131s&#039;ta ara b\u00f6lgedeki &#039;ihlallerde&#039; art\u0131\u015f var -","isPartOf":{"@id":"https:\/\/kibrisdakik.com\/#website"},"primaryImageOfPage":{"@id":"https:\/\/kibrisdakik.com\/?p=26842#primaryimage"},"image":{"@id":"https:\/\/kibrisdakik.com\/?p=26842#primaryimage"},"thumbnailUrl":"https:\/\/kibrisdakik.com\/wp-content\/uploads\/2024\/01\/bm-kibris-ozel-temsilcisi-kibrista-ara-bolgedeki-ihlallerde-artis-var-1705523057.webp.webp","datePublished":"2024-01-17T20:47:29+00:00","author":{"@id":"https:\/\/kibrisdakik.com\/#\/schema\/person\/9cd9d437bbb44f72b73ba127e06d8e79"},"breadcrumb":{"@id":"https:\/\/kibrisdakik.com\/?p=26842#breadcrumb"},"inLanguage":"tr","potentialAction":[{"@type":"ReadAction","target":["https:\/\/kibrisdakik.com\/?p=26842"]}]},{"@type":"ImageObject","inLanguage":"tr","@id":"https:\/\/kibrisdakik.com\/?p=26842#primaryimage","url":"https:\/\/kibrisdakik.com\/wp-content\/uploads\/2024\/01\/bm-kibris-ozel-temsilcisi-kibrista-ara-bolgedeki-ihlallerde-artis-var-1705523057.webp.webp","contentUrl":"https:\/\/kibrisdakik.com\/wp-content\/uploads\/2024\/01\/bm-kibris-ozel-temsilcisi-kibrista-ara-bolgedeki-ihlallerde-artis-var-1705523057.webp.webp","width":710,"height":370},{"@type":"BreadcrumbList","@id":"https:\/\/kibrisdakik.com\/?p=26842#breadcrumb","itemListElement":[{"@type":"ListItem","position":1,"name":"Home","item":"https:\/\/kibrisdakik.com\/"},{"@type":"ListItem","position":2,"name":"BM K\u0131br\u0131s \u00d6zel Temsilcisi: K\u0131br\u0131s&#039;ta ara b\u00f6lgedeki &#039;ihlallerde&#039; art\u0131\u015f var"}]},{"@type":"WebSite","@id":"https:\/\/kibrisdakik.com\/#website","url":"https:\/\/kibrisdakik.com\/","name":"","description":"Tam vaktinde haber","potentialAction":[{"@type":"SearchAction","target":{"@type":"EntryPoint","urlTemplate":"https:\/\/kibrisdakik.com\/?s={search_term_string}"},"query-input":{"@type":"PropertyValueSpecification","valueRequired":true,"valueName":"search_term_string"}}],"inLanguage":"tr"},{"@type":"Person","@id":"https:\/\/kibrisdakik.com\/#\/schema\/person\/9cd9d437bbb44f72b73ba127e06d8e79","name":"admin","image":{"@type":"ImageObject","inLanguage":"tr","@id":"https:\/\/secure.gravatar.com\/avatar\/ccc17943b9d660506c869530f897617f7cb1c21a4bf30023f252596d83e1f007?s=96&d=mm&r=g","url":"https:\/\/secure.gravatar.com\/avatar\/ccc17943b9d660506c869530f897617f7cb1c21a4bf30023f252596d83e1f007?s=96&d=mm&r=g","contentUrl":"https:\/\/secure.gravatar.com\/avatar\/ccc17943b9d660506c869530f897617f7cb1c21a4bf30023f252596d83e1f007?s=96&d=mm&r=g","caption":"admin"},"sameAs":["https:\/\/kibrisdakik.com"],"url":"https:\/\/kibrisdakik.com\/?author=1"}]}},"_links":{"self":[{"href":"https:\/\/kibrisdakik.com\/index.php?rest_route=\/wp\/v2\/posts\/26842","targetHints":{"allow":["GET"]}}],"collection":[{"href":"https:\/\/kibrisdakik.com\/index.php?rest_route=\/wp\/v2\/posts"}],"about":[{"href":"https:\/\/kibrisdakik.com\/index.php?rest_route=\/wp\/v2\/types\/post"}],"author":[{"embeddable":true,"href":"https:\/\/kibrisdakik.com\/index.php?rest_route=\/wp\/v2\/users\/1"}],"replies":[{"embeddable":true,"href":"https:\/\/kibrisdakik.com\/index.php?rest_route=%2Fwp%2Fv2%2Fcomments&post=26842"}],"version-history":[{"count":0,"href":"https:\/\/kibrisdakik.com\/index.php?rest_route=\/wp\/v2\/posts\/26842\/revisions"}],"wp:featuredmedia":[{"embeddable":true,"href":"https:\/\/kibrisdakik.com\/index.php?rest_route=\/wp\/v2\/media\/26843"}],"wp:attachment":[{"href":"https:\/\/kibrisdakik.com\/index.php?rest_route=%2Fwp%2Fv2%2Fmedia&parent=26842"}],"wp:term":[{"taxonomy":"category","embeddable":true,"href":"https:\/\/kibrisdakik.com\/index.php?rest_route=%2Fwp%2Fv2%2Fcategories&post=26842"},{"taxonomy":"post_tag","embeddable":true,"href":"https:\/\/kibrisdakik.com\/index.php?rest_route=%2Fwp%2Fv2%2Ftags&post=26842"}],"curies":[{"name":"wp","href":"https:\/\/api.w.org\/{rel}","templated":true}]}}