{"id":26892,"date":"2024-01-18T10:00:58","date_gmt":"2024-01-18T10:00:58","guid":{"rendered":"https:\/\/kibrisdakik.com\/index.php\/2024\/01\/18\/turkiye-bu-kabani-konusuyor\/"},"modified":"2024-01-18T10:00:58","modified_gmt":"2024-01-18T10:00:58","slug":"turkiye-bu-kabani-konusuyor","status":"publish","type":"post","link":"https:\/\/kibrisdakik.com\/?p=26892","title":{"rendered":"T\u00fcrkiye Bu Kaban\u0131 Konu\u015fuyor!"},"content":{"rendered":"<p><img decoding=\"async\" src=\"https:\/\/www.kibristurk.com\/images\/haberler\/2024\/01\/turkiye-bu-kabani-konusuyor-1705571431.webp\" \/><\/p>\n<p>Nesli koruma alt\u0131nda bulunan vikunyalar\u0131n t\u00fcy\u00fcnden yap\u0131lan ve T\u00fcrkiye\u2019deki bir al\u0131\u015fveri\u015f merkezindeki ma\u011fazada 1 milyon 321 bin 920 TL\u2019ye sat\u0131lan kaban sosyal medyada g\u00fcndeme oturdu. Gazeteci Faik Erdemli\u2019nin denedi\u011fi ve fiyat\u0131n\u0131 payla\u015ft\u0131\u011f\u0131 kaban\u0131n orta segment araba fiyat\u0131nda oldu\u011fu ve al\u0131c\u0131 buldu\u011fu belirtildi.<\/p>\n<p>&nbsp;<\/p>\n<h3>G\u00dcNCEL KUR \u0130LE 45 B\u0130N DOLAR<\/h3>\n<p>Kaban\u0131 k\u00f6\u015fesine ta\u015f\u0131yan Erdemli, d\u00fcnyaca \u00fcnl\u00fc bir giyim ma\u011fazas\u0131n\u0131 gezerken, bir tane kaban\u0131n g\u00f6z\u00fcne \u00e7arpt\u0131\u011f\u0131n, \u00e7ok be\u011fendi\u011fi i\u00e7in ma\u011fazada kaban\u0131 giyip denedi\u011fini, daha sonra ise kaban\u0131n\u0131n fiyat\u0131na bakt\u0131\u011f\u0131 zaman g\u00f6zlerine inanamad\u0131\u011f\u0131n\u0131 belirtti. Erdemli kaban fiyat\u0131n\u0131n g\u00fcncel kurla 45 bin dolara tekab\u00fcl etti\u011fini vurgulad\u0131.<\/p>\n<h3>3 TANE GELD\u0130 1\u2019\u0130 SATILDI<\/h3>\n<p>Erdemli, \u00fcr\u00fcnden 3 adet geldi\u011fini ve 1 tanesinin sat\u0131ld\u0131\u011f\u0131n\u0131 a\u00e7\u0131klad\u0131. Erdemli, kaban\u0131n materyalinin Vikunya y\u00fcn\u00fc oldu\u011funu a\u00e7\u0131klarken, Vikunyalar\u2019\u0131n, Peru, Bolivya, \u015eili ve Arjantin\u2019in y\u00fcksek da\u011flar\u0131nda ya\u015fad\u0131klar\u0131n\u0131 belirtti.<\/p>\n<p>Sosyal medya kullan\u0131c\u0131lar\u0131 ise o mont i\u00e7in, \u201cBu paray\u0131 asgari \u00fccretliler \u00f6m\u00fcrleri boyunca zor kazan\u0131yor. Sonra git vestiyere b\u0131rak. Ev al\u0131p otursun k\u0131\u015f\u0131n daha s\u0131cak tutard\u0131\u201d gibi yorumda bulundular.<\/p>\n<p>&nbsp;<\/p>\n<h3>SAYILARI 1 M\u0130LYONDAN 5 B\u0130NE KADAR D\u00dc\u015eT\u00dc<\/h3>\n<p>Nesli t\u00fckenme tehlikesiyle kar\u015f\u0131 kar\u015f\u0131ya olan Vikunya\u2019lar\u0131n say\u0131lar\u0131 14. y\u00fczy\u0131lda 1 milyonken, bu say\u0131n\u0131n g\u00fcn\u00fcm\u00fczde 5 bine kadar d\u00fc\u015ft\u00fc\u011f\u00fc tahmin ediliyor.<\/p>\n<h3>V\u0130KUNYA Y\u00dcN\u00dc NED\u0130R?<\/h3>\n<p>Vikunya (Vicugna vicugna), G\u00fcney Amerika&#8217;ya \u00f6zg\u00fc, ormanl\u0131ks\u0131z ve y\u00fcksek rak\u0131ml\u0131 b\u00f6lgelerde ya\u015fayan bir otlayan hayvan t\u00fcr\u00fcd\u00fcr. Vikunya, Lama cinsine ait bir hayvand\u0131r ve alpaka, lama ve guanako gibi di\u011fer G\u00fcney Amerika otlay\u0131c\u0131lar\u0131yla akrabad\u0131r.<\/p>\n<p>\u0130nce ve yumu\u015fak k\u00fcrk\u00fc, \u00f6zellikle boyun ve g\u00f6\u011f\u00fcs b\u00f6lgesinde yo\u011funla\u015fan, vikunya y\u00fcn\u00fc olarak adland\u0131r\u0131lan \u00f6zel bir t\u00fcy t\u00fcr\u00fcne sahiptir.<\/p>\n<p>Vikunya y\u00fcn\u00fc, k\u0131l\u0131n ince yap\u0131s\u0131 ve \u00f6zel bir dokusu nedeniyle de\u011ferlidir. Bu y\u00fcn, di\u011fer y\u00fcn t\u00fcrlerine k\u0131yasla daha hafif ve s\u0131cakt\u0131r. Vikunya y\u00fcn\u00fc, l\u00fcks giyim ve tekstil \u00fcr\u00fcnlerinde kullan\u0131lmaktad\u0131r. Bu nedenle, genellikle y\u00fcksek kaliteli ve pahal\u0131 giyim markalar\u0131n\u0131n koleksiyonlar\u0131nda bulunabilir.<\/p>\n","protected":false},"excerpt":{"rendered":"<p>Nesli koruma alt\u0131nda bulunan vikunyalar\u0131n t\u00fcy\u00fcnden yap\u0131lan ve T\u00fcrkiye\u2019deki bir al\u0131\u015fveri\u015f merkezindeki ma\u011fazada 1 milyon 321 bin 920 TL\u2019ye sat\u0131lan kaban sosyal medyada g\u00fcndeme oturdu. Gazeteci Faik Erdemli\u2019nin denedi\u011fi ve fiyat\u0131n\u0131 payla\u015ft\u0131\u011f\u0131 kaban\u0131n orta segment araba fiyat\u0131nda oldu\u011fu ve al\u0131c\u0131 buldu\u011fu belirtildi. &nbsp; G\u00dcNCEL KUR \u0130LE 45 B\u0130N DOLAR Kaban\u0131 k\u00f6\u015fesine ta\u015f\u0131yan Erdemli, d\u00fcnyaca \u00fcnl\u00fc<\/p>\n","protected":false},"author":1,"featured_media":26893,"comment_status":"open","ping_status":"open","sticky":false,"template":"","format":"standard","meta":{"footnotes":""},"categories":[86],"tags":[],"class_list":["post-26892","post","type-post","status-publish","format-standard","has-post-thumbnail","hentry","category-turkiye"],"yoast_head":"<!-- This site is optimized with the Yoast SEO plugin v27.4 - https:\/\/yoast.com\/product\/yoast-seo-wordpress\/ -->\n<title>T\u00fcrkiye Bu Kaban\u0131 Konu\u015fuyor! -<\/title>\n<meta name=\"robots\" content=\"index, follow, max-snippet:-1, max-image-preview:large, max-video-preview:-1\" \/>\n<link rel=\"canonical\" href=\"https:\/\/kibrisdakik.com\/?p=26892\" \/>\n<meta property=\"og:locale\" content=\"tr_TR\" \/>\n<meta property=\"og:type\" content=\"article\" \/>\n<meta property=\"og:title\" content=\"T\u00fcrkiye Bu Kaban\u0131 Konu\u015fuyor! -\" \/>\n<meta property=\"og:description\" content=\"Nesli koruma alt\u0131nda bulunan vikunyalar\u0131n t\u00fcy\u00fcnden yap\u0131lan ve T\u00fcrkiye\u2019deki bir al\u0131\u015fveri\u015f merkezindeki ma\u011fazada 1 milyon 321 bin 920 TL\u2019ye sat\u0131lan kaban sosyal medyada g\u00fcndeme oturdu. Gazeteci Faik Erdemli\u2019nin denedi\u011fi ve fiyat\u0131n\u0131 payla\u015ft\u0131\u011f\u0131 kaban\u0131n orta segment araba fiyat\u0131nda oldu\u011fu ve al\u0131c\u0131 buldu\u011fu belirtildi. &nbsp; G\u00dcNCEL KUR \u0130LE 45 B\u0130N DOLAR Kaban\u0131 k\u00f6\u015fesine ta\u015f\u0131yan Erdemli, d\u00fcnyaca \u00fcnl\u00fc\" \/>\n<meta property=\"og:url\" content=\"https:\/\/kibrisdakik.com\/?p=26892\" \/>\n<meta property=\"article:published_time\" content=\"2024-01-18T10:00:58+00:00\" \/>\n<meta property=\"og:image\" content=\"https:\/\/kibrisdakik.com\/wp-content\/uploads\/2024\/01\/turkiye-bu-kabani-konusuyor-1705571431.webp.webp\" \/>\n\t<meta property=\"og:image:width\" content=\"710\" \/>\n\t<meta property=\"og:image:height\" content=\"370\" \/>\n\t<meta property=\"og:image:type\" content=\"image\/webp\" \/>\n<meta name=\"author\" content=\"admin\" \/>\n<meta name=\"twitter:card\" content=\"summary_large_image\" \/>\n<meta name=\"twitter:label1\" content=\"Yazan:\" \/>\n\t<meta name=\"twitter:data1\" content=\"admin\" \/>\n\t<meta name=\"twitter:label2\" content=\"Tahmini okuma s\u00fcresi\" \/>\n\t<meta name=\"twitter:data2\" content=\"2 dakika\" \/>\n<script type=\"application\/ld+json\" class=\"yoast-schema-graph\">{\"@context\":\"https:\\\/\\\/schema.org\",\"@graph\":[{\"@type\":\"Article\",\"@id\":\"https:\\\/\\\/kibrisdakik.com\\\/?p=26892#article\",\"isPartOf\":{\"@id\":\"https:\\\/\\\/kibrisdakik.com\\\/?p=26892\"},\"author\":{\"name\":\"admin\",\"@id\":\"https:\\\/\\\/kibrisdakik.com\\\/#\\\/schema\\\/person\\\/9cd9d437bbb44f72b73ba127e06d8e79\"},\"headline\":\"T\u00fcrkiye Bu Kaban\u0131 Konu\u015fuyor!\",\"datePublished\":\"2024-01-18T10:00:58+00:00\",\"mainEntityOfPage\":{\"@id\":\"https:\\\/\\\/kibrisdakik.com\\\/?p=26892\"},\"wordCount\":411,\"commentCount\":0,\"image\":{\"@id\":\"https:\\\/\\\/kibrisdakik.com\\\/?p=26892#primaryimage\"},\"thumbnailUrl\":\"https:\\\/\\\/kibrisdakik.com\\\/wp-content\\\/uploads\\\/2024\\\/01\\\/turkiye-bu-kabani-konusuyor-1705571431.webp.webp\",\"articleSection\":[\"T\u00fcrkiye\"],\"inLanguage\":\"tr\",\"potentialAction\":[{\"@type\":\"CommentAction\",\"name\":\"Comment\",\"target\":[\"https:\\\/\\\/kibrisdakik.com\\\/?p=26892#respond\"]}]},{\"@type\":\"WebPage\",\"@id\":\"https:\\\/\\\/kibrisdakik.com\\\/?p=26892\",\"url\":\"https:\\\/\\\/kibrisdakik.com\\\/?p=26892\",\"name\":\"T\u00fcrkiye Bu Kaban\u0131 Konu\u015fuyor! -\",\"isPartOf\":{\"@id\":\"https:\\\/\\\/kibrisdakik.com\\\/#website\"},\"primaryImageOfPage\":{\"@id\":\"https:\\\/\\\/kibrisdakik.com\\\/?p=26892#primaryimage\"},\"image\":{\"@id\":\"https:\\\/\\\/kibrisdakik.com\\\/?p=26892#primaryimage\"},\"thumbnailUrl\":\"https:\\\/\\\/kibrisdakik.com\\\/wp-content\\\/uploads\\\/2024\\\/01\\\/turkiye-bu-kabani-konusuyor-1705571431.webp.webp\",\"datePublished\":\"2024-01-18T10:00:58+00:00\",\"author\":{\"@id\":\"https:\\\/\\\/kibrisdakik.com\\\/#\\\/schema\\\/person\\\/9cd9d437bbb44f72b73ba127e06d8e79\"},\"breadcrumb\":{\"@id\":\"https:\\\/\\\/kibrisdakik.com\\\/?p=26892#breadcrumb\"},\"inLanguage\":\"tr\",\"potentialAction\":[{\"@type\":\"ReadAction\",\"target\":[\"https:\\\/\\\/kibrisdakik.com\\\/?p=26892\"]}]},{\"@type\":\"ImageObject\",\"inLanguage\":\"tr\",\"@id\":\"https:\\\/\\\/kibrisdakik.com\\\/?p=26892#primaryimage\",\"url\":\"https:\\\/\\\/kibrisdakik.com\\\/wp-content\\\/uploads\\\/2024\\\/01\\\/turkiye-bu-kabani-konusuyor-1705571431.webp.webp\",\"contentUrl\":\"https:\\\/\\\/kibrisdakik.com\\\/wp-content\\\/uploads\\\/2024\\\/01\\\/turkiye-bu-kabani-konusuyor-1705571431.webp.webp\",\"width\":710,\"height\":370},{\"@type\":\"BreadcrumbList\",\"@id\":\"https:\\\/\\\/kibrisdakik.com\\\/?p=26892#breadcrumb\",\"itemListElement\":[{\"@type\":\"ListItem\",\"position\":1,\"name\":\"Home\",\"item\":\"https:\\\/\\\/kibrisdakik.com\\\/\"},{\"@type\":\"ListItem\",\"position\":2,\"name\":\"T\u00fcrkiye Bu Kaban\u0131 Konu\u015fuyor!\"}]},{\"@type\":\"WebSite\",\"@id\":\"https:\\\/\\\/kibrisdakik.com\\\/#website\",\"url\":\"https:\\\/\\\/kibrisdakik.com\\\/\",\"name\":\"\",\"description\":\"Tam vaktinde haber\",\"potentialAction\":[{\"@type\":\"SearchAction\",\"target\":{\"@type\":\"EntryPoint\",\"urlTemplate\":\"https:\\\/\\\/kibrisdakik.com\\\/?s={search_term_string}\"},\"query-input\":{\"@type\":\"PropertyValueSpecification\",\"valueRequired\":true,\"valueName\":\"search_term_string\"}}],\"inLanguage\":\"tr\"},{\"@type\":\"Person\",\"@id\":\"https:\\\/\\\/kibrisdakik.com\\\/#\\\/schema\\\/person\\\/9cd9d437bbb44f72b73ba127e06d8e79\",\"name\":\"admin\",\"image\":{\"@type\":\"ImageObject\",\"inLanguage\":\"tr\",\"@id\":\"https:\\\/\\\/secure.gravatar.com\\\/avatar\\\/ccc17943b9d660506c869530f897617f7cb1c21a4bf30023f252596d83e1f007?s=96&d=mm&r=g\",\"url\":\"https:\\\/\\\/secure.gravatar.com\\\/avatar\\\/ccc17943b9d660506c869530f897617f7cb1c21a4bf30023f252596d83e1f007?s=96&d=mm&r=g\",\"contentUrl\":\"https:\\\/\\\/secure.gravatar.com\\\/avatar\\\/ccc17943b9d660506c869530f897617f7cb1c21a4bf30023f252596d83e1f007?s=96&d=mm&r=g\",\"caption\":\"admin\"},\"sameAs\":[\"https:\\\/\\\/kibrisdakik.com\"],\"url\":\"https:\\\/\\\/kibrisdakik.com\\\/?author=1\"}]}<\/script>\n<!-- \/ Yoast SEO plugin. -->","yoast_head_json":{"title":"T\u00fcrkiye Bu Kaban\u0131 Konu\u015fuyor! -","robots":{"index":"index","follow":"follow","max-snippet":"max-snippet:-1","max-image-preview":"max-image-preview:large","max-video-preview":"max-video-preview:-1"},"canonical":"https:\/\/kibrisdakik.com\/?p=26892","og_locale":"tr_TR","og_type":"article","og_title":"T\u00fcrkiye Bu Kaban\u0131 Konu\u015fuyor! -","og_description":"Nesli koruma alt\u0131nda bulunan vikunyalar\u0131n t\u00fcy\u00fcnden yap\u0131lan ve T\u00fcrkiye\u2019deki bir al\u0131\u015fveri\u015f merkezindeki ma\u011fazada 1 milyon 321 bin 920 TL\u2019ye sat\u0131lan kaban sosyal medyada g\u00fcndeme oturdu. Gazeteci Faik Erdemli\u2019nin denedi\u011fi ve fiyat\u0131n\u0131 payla\u015ft\u0131\u011f\u0131 kaban\u0131n orta segment araba fiyat\u0131nda oldu\u011fu ve al\u0131c\u0131 buldu\u011fu belirtildi. &nbsp; G\u00dcNCEL KUR \u0130LE 45 B\u0130N DOLAR Kaban\u0131 k\u00f6\u015fesine ta\u015f\u0131yan Erdemli, d\u00fcnyaca \u00fcnl\u00fc","og_url":"https:\/\/kibrisdakik.com\/?p=26892","article_published_time":"2024-01-18T10:00:58+00:00","og_image":[{"width":710,"height":370,"url":"https:\/\/kibrisdakik.com\/wp-content\/uploads\/2024\/01\/turkiye-bu-kabani-konusuyor-1705571431.webp.webp","type":"image\/webp"}],"author":"admin","twitter_card":"summary_large_image","twitter_misc":{"Yazan:":"admin","Tahmini okuma s\u00fcresi":"2 dakika"},"schema":{"@context":"https:\/\/schema.org","@graph":[{"@type":"Article","@id":"https:\/\/kibrisdakik.com\/?p=26892#article","isPartOf":{"@id":"https:\/\/kibrisdakik.com\/?p=26892"},"author":{"name":"admin","@id":"https:\/\/kibrisdakik.com\/#\/schema\/person\/9cd9d437bbb44f72b73ba127e06d8e79"},"headline":"T\u00fcrkiye Bu Kaban\u0131 Konu\u015fuyor!","datePublished":"2024-01-18T10:00:58+00:00","mainEntityOfPage":{"@id":"https:\/\/kibrisdakik.com\/?p=26892"},"wordCount":411,"commentCount":0,"image":{"@id":"https:\/\/kibrisdakik.com\/?p=26892#primaryimage"},"thumbnailUrl":"https:\/\/kibrisdakik.com\/wp-content\/uploads\/2024\/01\/turkiye-bu-kabani-konusuyor-1705571431.webp.webp","articleSection":["T\u00fcrkiye"],"inLanguage":"tr","potentialAction":[{"@type":"CommentAction","name":"Comment","target":["https:\/\/kibrisdakik.com\/?p=26892#respond"]}]},{"@type":"WebPage","@id":"https:\/\/kibrisdakik.com\/?p=26892","url":"https:\/\/kibrisdakik.com\/?p=26892","name":"T\u00fcrkiye Bu Kaban\u0131 Konu\u015fuyor! -","isPartOf":{"@id":"https:\/\/kibrisdakik.com\/#website"},"primaryImageOfPage":{"@id":"https:\/\/kibrisdakik.com\/?p=26892#primaryimage"},"image":{"@id":"https:\/\/kibrisdakik.com\/?p=26892#primaryimage"},"thumbnailUrl":"https:\/\/kibrisdakik.com\/wp-content\/uploads\/2024\/01\/turkiye-bu-kabani-konusuyor-1705571431.webp.webp","datePublished":"2024-01-18T10:00:58+00:00","author":{"@id":"https:\/\/kibrisdakik.com\/#\/schema\/person\/9cd9d437bbb44f72b73ba127e06d8e79"},"breadcrumb":{"@id":"https:\/\/kibrisdakik.com\/?p=26892#breadcrumb"},"inLanguage":"tr","potentialAction":[{"@type":"ReadAction","target":["https:\/\/kibrisdakik.com\/?p=26892"]}]},{"@type":"ImageObject","inLanguage":"tr","@id":"https:\/\/kibrisdakik.com\/?p=26892#primaryimage","url":"https:\/\/kibrisdakik.com\/wp-content\/uploads\/2024\/01\/turkiye-bu-kabani-konusuyor-1705571431.webp.webp","contentUrl":"https:\/\/kibrisdakik.com\/wp-content\/uploads\/2024\/01\/turkiye-bu-kabani-konusuyor-1705571431.webp.webp","width":710,"height":370},{"@type":"BreadcrumbList","@id":"https:\/\/kibrisdakik.com\/?p=26892#breadcrumb","itemListElement":[{"@type":"ListItem","position":1,"name":"Home","item":"https:\/\/kibrisdakik.com\/"},{"@type":"ListItem","position":2,"name":"T\u00fcrkiye Bu Kaban\u0131 Konu\u015fuyor!"}]},{"@type":"WebSite","@id":"https:\/\/kibrisdakik.com\/#website","url":"https:\/\/kibrisdakik.com\/","name":"","description":"Tam vaktinde haber","potentialAction":[{"@type":"SearchAction","target":{"@type":"EntryPoint","urlTemplate":"https:\/\/kibrisdakik.com\/?s={search_term_string}"},"query-input":{"@type":"PropertyValueSpecification","valueRequired":true,"valueName":"search_term_string"}}],"inLanguage":"tr"},{"@type":"Person","@id":"https:\/\/kibrisdakik.com\/#\/schema\/person\/9cd9d437bbb44f72b73ba127e06d8e79","name":"admin","image":{"@type":"ImageObject","inLanguage":"tr","@id":"https:\/\/secure.gravatar.com\/avatar\/ccc17943b9d660506c869530f897617f7cb1c21a4bf30023f252596d83e1f007?s=96&d=mm&r=g","url":"https:\/\/secure.gravatar.com\/avatar\/ccc17943b9d660506c869530f897617f7cb1c21a4bf30023f252596d83e1f007?s=96&d=mm&r=g","contentUrl":"https:\/\/secure.gravatar.com\/avatar\/ccc17943b9d660506c869530f897617f7cb1c21a4bf30023f252596d83e1f007?s=96&d=mm&r=g","caption":"admin"},"sameAs":["https:\/\/kibrisdakik.com"],"url":"https:\/\/kibrisdakik.com\/?author=1"}]}},"_links":{"self":[{"href":"https:\/\/kibrisdakik.com\/index.php?rest_route=\/wp\/v2\/posts\/26892","targetHints":{"allow":["GET"]}}],"collection":[{"href":"https:\/\/kibrisdakik.com\/index.php?rest_route=\/wp\/v2\/posts"}],"about":[{"href":"https:\/\/kibrisdakik.com\/index.php?rest_route=\/wp\/v2\/types\/post"}],"author":[{"embeddable":true,"href":"https:\/\/kibrisdakik.com\/index.php?rest_route=\/wp\/v2\/users\/1"}],"replies":[{"embeddable":true,"href":"https:\/\/kibrisdakik.com\/index.php?rest_route=%2Fwp%2Fv2%2Fcomments&post=26892"}],"version-history":[{"count":0,"href":"https:\/\/kibrisdakik.com\/index.php?rest_route=\/wp\/v2\/posts\/26892\/revisions"}],"wp:featuredmedia":[{"embeddable":true,"href":"https:\/\/kibrisdakik.com\/index.php?rest_route=\/wp\/v2\/media\/26893"}],"wp:attachment":[{"href":"https:\/\/kibrisdakik.com\/index.php?rest_route=%2Fwp%2Fv2%2Fmedia&parent=26892"}],"wp:term":[{"taxonomy":"category","embeddable":true,"href":"https:\/\/kibrisdakik.com\/index.php?rest_route=%2Fwp%2Fv2%2Fcategories&post=26892"},{"taxonomy":"post_tag","embeddable":true,"href":"https:\/\/kibrisdakik.com\/index.php?rest_route=%2Fwp%2Fv2%2Ftags&post=26892"}],"curies":[{"name":"wp","href":"https:\/\/api.w.org\/{rel}","templated":true}]}}