{"id":26920,"date":"2024-01-18T12:14:03","date_gmt":"2024-01-18T12:14:03","guid":{"rendered":"https:\/\/kibrisdakik.com\/index.php\/2024\/01\/18\/kimliksizler-dernegi-avrupa-parlamentosu-dilekceler-komitesinin-toplantisina-katiliyor\/"},"modified":"2024-01-18T12:14:03","modified_gmt":"2024-01-18T12:14:03","slug":"kimliksizler-dernegi-avrupa-parlamentosu-dilekceler-komitesinin-toplantisina-katiliyor","status":"publish","type":"post","link":"https:\/\/kibrisdakik.com\/?p=26920","title":{"rendered":"Kimliksizler Derne\u011fi, Avrupa Parlamentosu Dilek\u00e7eler Komitesi\u2019nin toplant\u0131s\u0131na kat\u0131l\u0131yor"},"content":{"rendered":"<p><img decoding=\"async\" src=\"https:\/\/www.kibristurk.com\/images\/haberler\/2024\/01\/kimliksizler-dernegi-avrupa-parlamentosu-dilekceler-komitesinin-toplantisina-katiliyor-1705579601.webp\" \/><\/p>\n<p style=\"text-align:left\"><span style=\"font-size:16px\"><span style=\"font-family:Merriweather,serif !important\"><span style=\"color:#000000\"><span style=\"background-color:#ffffff\">Dernek temsilcilerinin \u00e7evrimi\u00e7i olarak kat\u0131laca\u011f\u0131 toplant\u0131da, Avrupa Parlamentosu Dilek\u00e7eler Komite \u00fcyeleri bilgilendirilerek, ya\u015fanan ayr\u0131mc\u0131l\u0131k ve insan haklar\u0131 ihlalleri aktar\u0131lacak.<\/span><\/span><\/span><\/span><\/p>\n<p style=\"text-align:left\"><span style=\"font-size:16px\"><span style=\"font-family:Merriweather,serif !important\"><span style=\"color:#000000\"><span style=\"background-color:#ffffff\">Toplant\u0131da, AB \u00fcyesi olan K\u0131br\u0131s Cumhuriyeti\u2019nin, AB Temel \u015eart\u0131na, e\u015fitlik ve hukukun \u00fcst\u00fcnl\u00fc\u011f\u00fcne ve \u00e7ocuk haklar\u0131na uymas\u0131 i\u00e7in \u00e7a\u011fr\u0131da bulunulacak.<\/span><\/span><\/span><\/span><\/p>\n<p style=\"text-align:left\"><span style=\"font-size:16px\"><span style=\"font-family:Merriweather,serif !important\"><span style=\"color:#000000\"><span style=\"background-color:#ffffff\">Kimliksizler Derne\u011fi\u2019nin talebinin K\u0131br\u0131s Cumhuriyeti\u2019nin K\u0131br\u0131sl\u0131 T\u00fcrklere bir l\u00fctufta bulunmas\u0131 de\u011fil, yasalar\u0131n\u0131 e\u015fit ve ayr\u0131mc\u0131l\u0131k yapmadan uygulamas\u0131 oldu\u011funu vurgulanan a\u00e7\u0131klamada \u015fu ifadelere yer verildi:&nbsp;&nbsp;<\/span><\/span><\/span><\/span><\/p>\n<p style=\"text-align:left\">&nbsp;<\/p>\n<p style=\"text-align:left\"><span style=\"font-size:16px\"><span style=\"font-family:Merriweather,serif !important\"><span style=\"color:#000000\"><span style=\"background-color:#ffffff\">&nbsp;\u201cDilek\u00e7emizde anlatt\u0131\u011f\u0131m\u0131z gibi K\u0131br\u0131s Cumhuriyeti vatanda\u015fl\u0131k kanunlar\u0131n\u0131 kendi vatanda\u015flar\u0131 aras\u0131nda farkl\u0131 uygulayarak ayr\u0131mc\u0131l\u0131\u011fa neden olmaktad\u0131r ki bu da Avrupa Birli\u011finin temel normlar\u0131na ve s\u00f6zle\u015fmelerine ayk\u0131r\u0131l\u0131k ta\u015f\u0131maktad\u0131r.<\/span><\/span><\/span><\/span><\/p>\n<p style=\"text-align:left\"><span style=\"font-size:16px\"><span style=\"font-family:Merriweather,serif !important\"><span style=\"color:#000000\"><span style=\"background-color:#ffffff\">\u00d6zellikle Avrupa Birli\u011fi Antla\u015fmas\u0131n\u0131n 2. maddesine,&nbsp; 9. maddesine ve 10. maddesine; Avrupa Birli\u011fi taraf\u0131ndan \u00e7\u0131kar\u0131lan ve K\u0131br\u0131s Cumhuriyeti a\u00e7\u0131s\u0131ndan da ba\u011flay\u0131c\u0131 olan The Race Equality Directive\u2019e (Directive 2000\/43\/EC);&nbsp; Avrupa \u0130nsan Haklar\u0131 S\u00f6zle\u015fmesi\u2019nin ayr\u0131mc\u0131l\u0131\u011f\u0131 yasaklayan 14. maddesi ile 12 no.lu ek protokole ayk\u0131r\u0131l\u0131k ta\u015f\u0131maktad\u0131r.\u201d<\/span><\/span><\/span><\/span><\/p>\n<p style=\"text-align:left\"><span style=\"font-size:16px\"><span style=\"font-family:Merriweather,serif !important\"><span style=\"color:#000000\"><span style=\"background-color:#ffffff\">Komite \u00fcyelerinden, \u00e7ocuklar\u0131na vatanda\u015fl\u0131k alamayan K\u0131br\u0131sl\u0131 T\u00fcrk annelerle empati kurulmas\u0131n\u0131n da &nbsp;istenece\u011fi belirtildi.<\/span><\/span><\/span><\/span><\/p>\n<p style=\"text-align:left\"><span style=\"font-size:16px\"><span style=\"font-family:Merriweather,serif !important\"><span style=\"color:#000000\"><span style=\"background-color:#ffffff\">Kimliksizler Derne\u011fi, bir s\u00fcre \u00f6nce Avrupa Parlamentosu Dilek\u00e7eler Komitesi\u2019ne sunulmak \u00fczere bir dilek\u00e7e haz\u0131rlam\u0131\u015f ve imzaya a\u00e7arak 675 ki\u015finin imzas\u0131 ile Komiteye g\u00f6ndermi\u015fti.<\/span><\/span><\/span><\/span><\/p>\n<p style=\"text-align:left\"><span style=\"font-size:16px\"><span style=\"font-family:Merriweather,serif !important\"><span style=\"color:#000000\"><span style=\"background-color:#ffffff\">Komite taraf\u0131ndan kabul g\u00f6ren ba\u015fvuru \u201csupport\u201d se\u00e7ene\u011fi de a\u00e7\u0131larak y\u00fczlerce ki\u015finin deste\u011fini alm\u0131\u015ft\u0131.<\/span><\/span><\/span><\/span><\/p>\n<p style=\"text-align:left\"><span style=\"font-size:16px\"><span style=\"font-family:Merriweather,serif !important\"><span style=\"color:#000000\"><span style=\"background-color:#ffffff\">Kimliksizler\u2019in dilek\u00e7esi, Petitions Web Portal\u2019da 0319\/2023 numara ile halen supporta a\u00e7\u0131kt\u0131r ve desteklenebilir.<\/span><\/span><\/span><\/span><\/p>\n<p style=\"text-align:left\"><span style=\"font-size:16px\"><span style=\"font-family:Merriweather,serif !important\"><span style=\"color:#000000\"><span style=\"background-color:#ffffff\">Dilek\u00e7eler Komitesi, Kimliksizler\u2019e verdi\u011fi yaz\u0131l\u0131 cevapta, soru\u015fturma ba\u015flat\u0131lmak \u00fczere konuyu Avrupa Komisyonu\u2019na iletti\u011fini bildirmi\u015f ve Derne\u011fin Br\u00fcksel\u2019de yapt\u0131\u011f\u0131 temaslar neticesinde de 22 Ocak\u2019taki toplant\u0131ya davette bulunmu\u015ftu.<\/span><\/span><\/span><\/span><\/p>\n","protected":false},"excerpt":{"rendered":"<p>Dernek temsilcilerinin \u00e7evrimi\u00e7i olarak kat\u0131laca\u011f\u0131 toplant\u0131da, Avrupa Parlamentosu Dilek\u00e7eler Komite \u00fcyeleri bilgilendirilerek, ya\u015fanan ayr\u0131mc\u0131l\u0131k ve insan haklar\u0131 ihlalleri aktar\u0131lacak. Toplant\u0131da, AB \u00fcyesi olan K\u0131br\u0131s Cumhuriyeti\u2019nin, AB Temel \u015eart\u0131na, e\u015fitlik ve hukukun \u00fcst\u00fcnl\u00fc\u011f\u00fcne ve \u00e7ocuk haklar\u0131na uymas\u0131 i\u00e7in \u00e7a\u011fr\u0131da bulunulacak. Kimliksizler Derne\u011fi\u2019nin talebinin K\u0131br\u0131s Cumhuriyeti\u2019nin K\u0131br\u0131sl\u0131 T\u00fcrklere bir l\u00fctufta bulunmas\u0131 de\u011fil, yasalar\u0131n\u0131 e\u015fit ve ayr\u0131mc\u0131l\u0131k yapmadan<\/p>\n","protected":false},"author":1,"featured_media":26921,"comment_status":"open","ping_status":"open","sticky":false,"template":"","format":"standard","meta":{"footnotes":""},"categories":[79],"tags":[],"class_list":["post-26920","post","type-post","status-publish","format-standard","has-post-thumbnail","hentry","category-ekonomi"],"yoast_head":"<!-- This site is optimized with the Yoast SEO plugin v27.4 - https:\/\/yoast.com\/product\/yoast-seo-wordpress\/ -->\n<title>Kimliksizler Derne\u011fi, Avrupa Parlamentosu Dilek\u00e7eler Komitesi\u2019nin toplant\u0131s\u0131na kat\u0131l\u0131yor -<\/title>\n<meta name=\"robots\" content=\"index, follow, max-snippet:-1, max-image-preview:large, max-video-preview:-1\" \/>\n<link rel=\"canonical\" href=\"https:\/\/kibrisdakik.com\/?p=26920\" \/>\n<meta property=\"og:locale\" content=\"tr_TR\" \/>\n<meta property=\"og:type\" content=\"article\" \/>\n<meta property=\"og:title\" content=\"Kimliksizler Derne\u011fi, Avrupa Parlamentosu Dilek\u00e7eler Komitesi\u2019nin toplant\u0131s\u0131na kat\u0131l\u0131yor -\" \/>\n<meta property=\"og:description\" content=\"Dernek temsilcilerinin \u00e7evrimi\u00e7i olarak kat\u0131laca\u011f\u0131 toplant\u0131da, Avrupa Parlamentosu Dilek\u00e7eler Komite \u00fcyeleri bilgilendirilerek, ya\u015fanan ayr\u0131mc\u0131l\u0131k ve insan haklar\u0131 ihlalleri aktar\u0131lacak. Toplant\u0131da, AB \u00fcyesi olan K\u0131br\u0131s Cumhuriyeti\u2019nin, AB Temel \u015eart\u0131na, e\u015fitlik ve hukukun \u00fcst\u00fcnl\u00fc\u011f\u00fcne ve \u00e7ocuk haklar\u0131na uymas\u0131 i\u00e7in \u00e7a\u011fr\u0131da bulunulacak. Kimliksizler Derne\u011fi\u2019nin talebinin K\u0131br\u0131s Cumhuriyeti\u2019nin K\u0131br\u0131sl\u0131 T\u00fcrklere bir l\u00fctufta bulunmas\u0131 de\u011fil, yasalar\u0131n\u0131 e\u015fit ve ayr\u0131mc\u0131l\u0131k yapmadan\" \/>\n<meta property=\"og:url\" content=\"https:\/\/kibrisdakik.com\/?p=26920\" \/>\n<meta property=\"article:published_time\" content=\"2024-01-18T12:14:03+00:00\" \/>\n<meta property=\"og:image\" content=\"https:\/\/kibrisdakik.com\/wp-content\/uploads\/2024\/01\/kimliksizler-dernegi-avrupa-parlamentosu-dilekceler-komitesinin-toplantisina-katiliyor-1705579601.webp.webp\" \/>\n\t<meta property=\"og:image:width\" content=\"710\" \/>\n\t<meta property=\"og:image:height\" content=\"370\" \/>\n\t<meta property=\"og:image:type\" content=\"image\/webp\" \/>\n<meta name=\"author\" content=\"admin\" \/>\n<meta name=\"twitter:card\" content=\"summary_large_image\" \/>\n<meta name=\"twitter:label1\" content=\"Yazan:\" \/>\n\t<meta name=\"twitter:data1\" content=\"admin\" \/>\n\t<meta name=\"twitter:label2\" content=\"Tahmini okuma s\u00fcresi\" \/>\n\t<meta name=\"twitter:data2\" content=\"2 dakika\" \/>\n<script type=\"application\/ld+json\" class=\"yoast-schema-graph\">{\"@context\":\"https:\\\/\\\/schema.org\",\"@graph\":[{\"@type\":\"Article\",\"@id\":\"https:\\\/\\\/kibrisdakik.com\\\/?p=26920#article\",\"isPartOf\":{\"@id\":\"https:\\\/\\\/kibrisdakik.com\\\/?p=26920\"},\"author\":{\"name\":\"admin\",\"@id\":\"https:\\\/\\\/kibrisdakik.com\\\/#\\\/schema\\\/person\\\/9cd9d437bbb44f72b73ba127e06d8e79\"},\"headline\":\"Kimliksizler Derne\u011fi, Avrupa Parlamentosu Dilek\u00e7eler Komitesi\u2019nin toplant\u0131s\u0131na kat\u0131l\u0131yor\",\"datePublished\":\"2024-01-18T12:14:03+00:00\",\"mainEntityOfPage\":{\"@id\":\"https:\\\/\\\/kibrisdakik.com\\\/?p=26920\"},\"wordCount\":369,\"commentCount\":0,\"image\":{\"@id\":\"https:\\\/\\\/kibrisdakik.com\\\/?p=26920#primaryimage\"},\"thumbnailUrl\":\"https:\\\/\\\/kibrisdakik.com\\\/wp-content\\\/uploads\\\/2024\\\/01\\\/kimliksizler-dernegi-avrupa-parlamentosu-dilekceler-komitesinin-toplantisina-katiliyor-1705579601.webp.webp\",\"articleSection\":[\"Ekonomi\"],\"inLanguage\":\"tr\",\"potentialAction\":[{\"@type\":\"CommentAction\",\"name\":\"Comment\",\"target\":[\"https:\\\/\\\/kibrisdakik.com\\\/?p=26920#respond\"]}]},{\"@type\":\"WebPage\",\"@id\":\"https:\\\/\\\/kibrisdakik.com\\\/?p=26920\",\"url\":\"https:\\\/\\\/kibrisdakik.com\\\/?p=26920\",\"name\":\"Kimliksizler Derne\u011fi, Avrupa Parlamentosu Dilek\u00e7eler Komitesi\u2019nin toplant\u0131s\u0131na kat\u0131l\u0131yor -\",\"isPartOf\":{\"@id\":\"https:\\\/\\\/kibrisdakik.com\\\/#website\"},\"primaryImageOfPage\":{\"@id\":\"https:\\\/\\\/kibrisdakik.com\\\/?p=26920#primaryimage\"},\"image\":{\"@id\":\"https:\\\/\\\/kibrisdakik.com\\\/?p=26920#primaryimage\"},\"thumbnailUrl\":\"https:\\\/\\\/kibrisdakik.com\\\/wp-content\\\/uploads\\\/2024\\\/01\\\/kimliksizler-dernegi-avrupa-parlamentosu-dilekceler-komitesinin-toplantisina-katiliyor-1705579601.webp.webp\",\"datePublished\":\"2024-01-18T12:14:03+00:00\",\"author\":{\"@id\":\"https:\\\/\\\/kibrisdakik.com\\\/#\\\/schema\\\/person\\\/9cd9d437bbb44f72b73ba127e06d8e79\"},\"breadcrumb\":{\"@id\":\"https:\\\/\\\/kibrisdakik.com\\\/?p=26920#breadcrumb\"},\"inLanguage\":\"tr\",\"potentialAction\":[{\"@type\":\"ReadAction\",\"target\":[\"https:\\\/\\\/kibrisdakik.com\\\/?p=26920\"]}]},{\"@type\":\"ImageObject\",\"inLanguage\":\"tr\",\"@id\":\"https:\\\/\\\/kibrisdakik.com\\\/?p=26920#primaryimage\",\"url\":\"https:\\\/\\\/kibrisdakik.com\\\/wp-content\\\/uploads\\\/2024\\\/01\\\/kimliksizler-dernegi-avrupa-parlamentosu-dilekceler-komitesinin-toplantisina-katiliyor-1705579601.webp.webp\",\"contentUrl\":\"https:\\\/\\\/kibrisdakik.com\\\/wp-content\\\/uploads\\\/2024\\\/01\\\/kimliksizler-dernegi-avrupa-parlamentosu-dilekceler-komitesinin-toplantisina-katiliyor-1705579601.webp.webp\",\"width\":710,\"height\":370},{\"@type\":\"BreadcrumbList\",\"@id\":\"https:\\\/\\\/kibrisdakik.com\\\/?p=26920#breadcrumb\",\"itemListElement\":[{\"@type\":\"ListItem\",\"position\":1,\"name\":\"Home\",\"item\":\"https:\\\/\\\/kibrisdakik.com\\\/\"},{\"@type\":\"ListItem\",\"position\":2,\"name\":\"Kimliksizler Derne\u011fi, Avrupa Parlamentosu Dilek\u00e7eler Komitesi\u2019nin toplant\u0131s\u0131na kat\u0131l\u0131yor\"}]},{\"@type\":\"WebSite\",\"@id\":\"https:\\\/\\\/kibrisdakik.com\\\/#website\",\"url\":\"https:\\\/\\\/kibrisdakik.com\\\/\",\"name\":\"\",\"description\":\"Tam vaktinde haber\",\"potentialAction\":[{\"@type\":\"SearchAction\",\"target\":{\"@type\":\"EntryPoint\",\"urlTemplate\":\"https:\\\/\\\/kibrisdakik.com\\\/?s={search_term_string}\"},\"query-input\":{\"@type\":\"PropertyValueSpecification\",\"valueRequired\":true,\"valueName\":\"search_term_string\"}}],\"inLanguage\":\"tr\"},{\"@type\":\"Person\",\"@id\":\"https:\\\/\\\/kibrisdakik.com\\\/#\\\/schema\\\/person\\\/9cd9d437bbb44f72b73ba127e06d8e79\",\"name\":\"admin\",\"image\":{\"@type\":\"ImageObject\",\"inLanguage\":\"tr\",\"@id\":\"https:\\\/\\\/secure.gravatar.com\\\/avatar\\\/ccc17943b9d660506c869530f897617f7cb1c21a4bf30023f252596d83e1f007?s=96&d=mm&r=g\",\"url\":\"https:\\\/\\\/secure.gravatar.com\\\/avatar\\\/ccc17943b9d660506c869530f897617f7cb1c21a4bf30023f252596d83e1f007?s=96&d=mm&r=g\",\"contentUrl\":\"https:\\\/\\\/secure.gravatar.com\\\/avatar\\\/ccc17943b9d660506c869530f897617f7cb1c21a4bf30023f252596d83e1f007?s=96&d=mm&r=g\",\"caption\":\"admin\"},\"sameAs\":[\"https:\\\/\\\/kibrisdakik.com\"],\"url\":\"https:\\\/\\\/kibrisdakik.com\\\/?author=1\"}]}<\/script>\n<!-- \/ Yoast SEO plugin. -->","yoast_head_json":{"title":"Kimliksizler Derne\u011fi, Avrupa Parlamentosu Dilek\u00e7eler Komitesi\u2019nin toplant\u0131s\u0131na kat\u0131l\u0131yor -","robots":{"index":"index","follow":"follow","max-snippet":"max-snippet:-1","max-image-preview":"max-image-preview:large","max-video-preview":"max-video-preview:-1"},"canonical":"https:\/\/kibrisdakik.com\/?p=26920","og_locale":"tr_TR","og_type":"article","og_title":"Kimliksizler Derne\u011fi, Avrupa Parlamentosu Dilek\u00e7eler Komitesi\u2019nin toplant\u0131s\u0131na kat\u0131l\u0131yor -","og_description":"Dernek temsilcilerinin \u00e7evrimi\u00e7i olarak kat\u0131laca\u011f\u0131 toplant\u0131da, Avrupa Parlamentosu Dilek\u00e7eler Komite \u00fcyeleri bilgilendirilerek, ya\u015fanan ayr\u0131mc\u0131l\u0131k ve insan haklar\u0131 ihlalleri aktar\u0131lacak. Toplant\u0131da, AB \u00fcyesi olan K\u0131br\u0131s Cumhuriyeti\u2019nin, AB Temel \u015eart\u0131na, e\u015fitlik ve hukukun \u00fcst\u00fcnl\u00fc\u011f\u00fcne ve \u00e7ocuk haklar\u0131na uymas\u0131 i\u00e7in \u00e7a\u011fr\u0131da bulunulacak. Kimliksizler Derne\u011fi\u2019nin talebinin K\u0131br\u0131s Cumhuriyeti\u2019nin K\u0131br\u0131sl\u0131 T\u00fcrklere bir l\u00fctufta bulunmas\u0131 de\u011fil, yasalar\u0131n\u0131 e\u015fit ve ayr\u0131mc\u0131l\u0131k yapmadan","og_url":"https:\/\/kibrisdakik.com\/?p=26920","article_published_time":"2024-01-18T12:14:03+00:00","og_image":[{"width":710,"height":370,"url":"https:\/\/kibrisdakik.com\/wp-content\/uploads\/2024\/01\/kimliksizler-dernegi-avrupa-parlamentosu-dilekceler-komitesinin-toplantisina-katiliyor-1705579601.webp.webp","type":"image\/webp"}],"author":"admin","twitter_card":"summary_large_image","twitter_misc":{"Yazan:":"admin","Tahmini okuma s\u00fcresi":"2 dakika"},"schema":{"@context":"https:\/\/schema.org","@graph":[{"@type":"Article","@id":"https:\/\/kibrisdakik.com\/?p=26920#article","isPartOf":{"@id":"https:\/\/kibrisdakik.com\/?p=26920"},"author":{"name":"admin","@id":"https:\/\/kibrisdakik.com\/#\/schema\/person\/9cd9d437bbb44f72b73ba127e06d8e79"},"headline":"Kimliksizler Derne\u011fi, Avrupa Parlamentosu Dilek\u00e7eler Komitesi\u2019nin toplant\u0131s\u0131na kat\u0131l\u0131yor","datePublished":"2024-01-18T12:14:03+00:00","mainEntityOfPage":{"@id":"https:\/\/kibrisdakik.com\/?p=26920"},"wordCount":369,"commentCount":0,"image":{"@id":"https:\/\/kibrisdakik.com\/?p=26920#primaryimage"},"thumbnailUrl":"https:\/\/kibrisdakik.com\/wp-content\/uploads\/2024\/01\/kimliksizler-dernegi-avrupa-parlamentosu-dilekceler-komitesinin-toplantisina-katiliyor-1705579601.webp.webp","articleSection":["Ekonomi"],"inLanguage":"tr","potentialAction":[{"@type":"CommentAction","name":"Comment","target":["https:\/\/kibrisdakik.com\/?p=26920#respond"]}]},{"@type":"WebPage","@id":"https:\/\/kibrisdakik.com\/?p=26920","url":"https:\/\/kibrisdakik.com\/?p=26920","name":"Kimliksizler Derne\u011fi, Avrupa Parlamentosu Dilek\u00e7eler Komitesi\u2019nin toplant\u0131s\u0131na kat\u0131l\u0131yor -","isPartOf":{"@id":"https:\/\/kibrisdakik.com\/#website"},"primaryImageOfPage":{"@id":"https:\/\/kibrisdakik.com\/?p=26920#primaryimage"},"image":{"@id":"https:\/\/kibrisdakik.com\/?p=26920#primaryimage"},"thumbnailUrl":"https:\/\/kibrisdakik.com\/wp-content\/uploads\/2024\/01\/kimliksizler-dernegi-avrupa-parlamentosu-dilekceler-komitesinin-toplantisina-katiliyor-1705579601.webp.webp","datePublished":"2024-01-18T12:14:03+00:00","author":{"@id":"https:\/\/kibrisdakik.com\/#\/schema\/person\/9cd9d437bbb44f72b73ba127e06d8e79"},"breadcrumb":{"@id":"https:\/\/kibrisdakik.com\/?p=26920#breadcrumb"},"inLanguage":"tr","potentialAction":[{"@type":"ReadAction","target":["https:\/\/kibrisdakik.com\/?p=26920"]}]},{"@type":"ImageObject","inLanguage":"tr","@id":"https:\/\/kibrisdakik.com\/?p=26920#primaryimage","url":"https:\/\/kibrisdakik.com\/wp-content\/uploads\/2024\/01\/kimliksizler-dernegi-avrupa-parlamentosu-dilekceler-komitesinin-toplantisina-katiliyor-1705579601.webp.webp","contentUrl":"https:\/\/kibrisdakik.com\/wp-content\/uploads\/2024\/01\/kimliksizler-dernegi-avrupa-parlamentosu-dilekceler-komitesinin-toplantisina-katiliyor-1705579601.webp.webp","width":710,"height":370},{"@type":"BreadcrumbList","@id":"https:\/\/kibrisdakik.com\/?p=26920#breadcrumb","itemListElement":[{"@type":"ListItem","position":1,"name":"Home","item":"https:\/\/kibrisdakik.com\/"},{"@type":"ListItem","position":2,"name":"Kimliksizler Derne\u011fi, Avrupa Parlamentosu Dilek\u00e7eler Komitesi\u2019nin toplant\u0131s\u0131na kat\u0131l\u0131yor"}]},{"@type":"WebSite","@id":"https:\/\/kibrisdakik.com\/#website","url":"https:\/\/kibrisdakik.com\/","name":"","description":"Tam vaktinde haber","potentialAction":[{"@type":"SearchAction","target":{"@type":"EntryPoint","urlTemplate":"https:\/\/kibrisdakik.com\/?s={search_term_string}"},"query-input":{"@type":"PropertyValueSpecification","valueRequired":true,"valueName":"search_term_string"}}],"inLanguage":"tr"},{"@type":"Person","@id":"https:\/\/kibrisdakik.com\/#\/schema\/person\/9cd9d437bbb44f72b73ba127e06d8e79","name":"admin","image":{"@type":"ImageObject","inLanguage":"tr","@id":"https:\/\/secure.gravatar.com\/avatar\/ccc17943b9d660506c869530f897617f7cb1c21a4bf30023f252596d83e1f007?s=96&d=mm&r=g","url":"https:\/\/secure.gravatar.com\/avatar\/ccc17943b9d660506c869530f897617f7cb1c21a4bf30023f252596d83e1f007?s=96&d=mm&r=g","contentUrl":"https:\/\/secure.gravatar.com\/avatar\/ccc17943b9d660506c869530f897617f7cb1c21a4bf30023f252596d83e1f007?s=96&d=mm&r=g","caption":"admin"},"sameAs":["https:\/\/kibrisdakik.com"],"url":"https:\/\/kibrisdakik.com\/?author=1"}]}},"_links":{"self":[{"href":"https:\/\/kibrisdakik.com\/index.php?rest_route=\/wp\/v2\/posts\/26920","targetHints":{"allow":["GET"]}}],"collection":[{"href":"https:\/\/kibrisdakik.com\/index.php?rest_route=\/wp\/v2\/posts"}],"about":[{"href":"https:\/\/kibrisdakik.com\/index.php?rest_route=\/wp\/v2\/types\/post"}],"author":[{"embeddable":true,"href":"https:\/\/kibrisdakik.com\/index.php?rest_route=\/wp\/v2\/users\/1"}],"replies":[{"embeddable":true,"href":"https:\/\/kibrisdakik.com\/index.php?rest_route=%2Fwp%2Fv2%2Fcomments&post=26920"}],"version-history":[{"count":0,"href":"https:\/\/kibrisdakik.com\/index.php?rest_route=\/wp\/v2\/posts\/26920\/revisions"}],"wp:featuredmedia":[{"embeddable":true,"href":"https:\/\/kibrisdakik.com\/index.php?rest_route=\/wp\/v2\/media\/26921"}],"wp:attachment":[{"href":"https:\/\/kibrisdakik.com\/index.php?rest_route=%2Fwp%2Fv2%2Fmedia&parent=26920"}],"wp:term":[{"taxonomy":"category","embeddable":true,"href":"https:\/\/kibrisdakik.com\/index.php?rest_route=%2Fwp%2Fv2%2Fcategories&post=26920"},{"taxonomy":"post_tag","embeddable":true,"href":"https:\/\/kibrisdakik.com\/index.php?rest_route=%2Fwp%2Fv2%2Ftags&post=26920"}],"curies":[{"name":"wp","href":"https:\/\/api.w.org\/{rel}","templated":true}]}}