{"id":26972,"date":"2024-01-18T18:09:09","date_gmt":"2024-01-18T18:09:09","guid":{"rendered":"https:\/\/kibrisdakik.com\/index.php\/2024\/01\/18\/sibel-tatar-kanal-tnin-kibris-bagimsiz-medya-grubuna-devrine-iliskin-basin-aciklamasi-yapti\/"},"modified":"2024-01-18T18:09:09","modified_gmt":"2024-01-18T18:09:09","slug":"sibel-tatar-kanal-tnin-kibris-bagimsiz-medya-grubuna-devrine-iliskin-basin-aciklamasi-yapti","status":"publish","type":"post","link":"https:\/\/kibrisdakik.com\/?p=26972","title":{"rendered":"Sibel Tatar, Kanal T\u2019nin, K\u0131br\u0131s Ba\u011f\u0131ms\u0131z Medya Grubu\u2019na devrine ili\u015fkin bas\u0131n a\u00e7\u0131klamas\u0131 yapt\u0131"},"content":{"rendered":"<p><img decoding=\"async\" src=\"https:\/\/www.kibristurk.com\/images\/haberler\/2024\/01\/sibel-tatar-kanal-tnin-kibris-bagimsiz-medya-grubuna-devrine-iliskin-basin-aciklamasi-yapti-1705600289.webp\" \/><\/p>\n<p>&nbsp;Kanal T eski Y\u00f6netim Kurulu Ba\u015fkan\u0131 ve Genel M\u00fcd\u00fcr\u00fc Sibel Tatar, Kanal T\u2019nin, K\u0131br\u0131s Ba\u011f\u0131ms\u0131z Medya Grubu\u2019na devrine ili\u015fkin bas\u0131n a\u00e7\u0131klamas\u0131 yapt\u0131.<\/p>\n<p>K\u0131br\u0131s Ba\u011f\u0131ms\u0131z Medya sahibi K\u0131br\u0131sl\u0131 T\u00fcrk \u0130\u015fadam\u0131 Niyazi \u015eanal\u2019a, 1 Aral\u0131k 2023 tarihinde Kanal T\u2019nin isim, lisans hakk\u0131n\u0131, televizyon ekipmanlar\u0131n\u0131 500 bin sterlin kar\u015f\u0131l\u0131\u011f\u0131 devir ettiklerini dile getiren Sibel Tatar, buna ili\u015fkin KDV ve kurumlar vergisi \u00f6demelerinin yasalar\u0131n \u00f6n g\u00f6rd\u00fc\u011f\u00fc tarihlerde \u00f6denece\u011fini ifade etti.<\/p>\n<p>Sibel Tatar\u2019\u0131n konuya ili\u015fkin a\u00e7\u0131klamas\u0131 \u015f\u00f6yle:<\/p>\n<p>\u201cBilindi\u011fi \u00fczere, KKTC\u2019nin ilk \u00f6zel TV Kanal\u0131 Kanal T Kas\u0131m 1996 tarihinde, Say\u0131n Ersin Tatar taraf\u0131ndan kurulmu\u015ftur.<\/p>\n<p>Say\u0131n Ersin Tatar\u2019\u0131n Maliye Bakan\u0131 olmas\u0131n\u0131 takiben, Haziran 2009 tarihi itibariyle Kanal T Y\u00f6netim Kurulu Ba\u015fkanl\u0131\u011f\u0131 ve Genel M\u00fcd\u00fcrl\u00fc\u011f\u00fc taraf\u0131mca \u00fcstlenilmi\u015ftir.<\/p>\n<p>Yakla\u015f\u0131k 15 y\u0131l s\u00fcren g\u00f6revimi; tarafs\u0131zl\u0131k ve \u015feffafl\u0131k ilkesini esas alarak y\u00fcr\u00fctt\u00fc\u011f\u00fcm\u00fcn, izleyicilerimiz taraf\u0131ndan bilinmesinden mutluluk duyuyorum.<\/p>\n<p>Ayn\u0131 \u015feffafl\u0131\u011f\u0131, K\u0131br\u0131s Ba\u011f\u0131ms\u0131z Medya sahibi K\u0131br\u0131sl\u0131 T\u00fcrk \u0130\u015fadam\u0131 Niyazi \u015eanal\u2019a, 1 Aral\u0131k 2023 tarihinde Kanal T\u2019nin isim, lisans hakk\u0131n\u0131, televizyon ekipmanlar\u0131n\u0131n devir s\u00fcrecine ili\u015fkin sergilemeyi de bir bor\u00e7 biliyorum.<\/p>\n<p>Yukar\u0131da bahse konu edilen devir i\u015flemleri 500 bin Sterlin kar\u015f\u0131l\u0131\u011f\u0131nda ger\u00e7ekle\u015ftirilmi\u015f olup, KDV ve Kurumlar Vergisi yasalar\u0131m\u0131z\u0131n \u00f6n g\u00f6rd\u00fc\u011f\u00fc tarihlerde \u00f6denecektir.<\/p>\n<p>K\u0131br\u0131s Ba\u011f\u0131ms\u0131z Medya Grubu\u2019na yeni yay\u0131n hayatlar\u0131nda ba\u015far\u0131lar diler, bug\u00fcne kadar Kanal T\u2019ye emek veren programc\u0131lar\u0131m\u0131za, \u00e7al\u0131\u015fanlar\u0131m\u0131za ve izleyicilerimize y\u00fcrekten te\u015fekk\u00fcr ederim.<\/p>\n<p>&nbsp;Kamuoyunun bilgisine sayg\u0131lar\u0131mla sunar\u0131m.\u201d<\/p>\n","protected":false},"excerpt":{"rendered":"<p>&nbsp;Kanal T eski Y\u00f6netim Kurulu Ba\u015fkan\u0131 ve Genel M\u00fcd\u00fcr\u00fc Sibel Tatar, Kanal T\u2019nin, K\u0131br\u0131s Ba\u011f\u0131ms\u0131z Medya Grubu\u2019na devrine ili\u015fkin bas\u0131n a\u00e7\u0131klamas\u0131 yapt\u0131. K\u0131br\u0131s Ba\u011f\u0131ms\u0131z Medya sahibi K\u0131br\u0131sl\u0131 T\u00fcrk \u0130\u015fadam\u0131 Niyazi \u015eanal\u2019a, 1 Aral\u0131k 2023 tarihinde Kanal T\u2019nin isim, lisans hakk\u0131n\u0131, televizyon ekipmanlar\u0131n\u0131 500 bin sterlin kar\u015f\u0131l\u0131\u011f\u0131 devir ettiklerini dile getiren Sibel Tatar, buna ili\u015fkin KDV<\/p>\n","protected":false},"author":1,"featured_media":26973,"comment_status":"open","ping_status":"open","sticky":false,"template":"","format":"standard","meta":{"footnotes":""},"categories":[86],"tags":[],"class_list":["post-26972","post","type-post","status-publish","format-standard","has-post-thumbnail","hentry","category-turkiye"],"yoast_head":"<!-- This site is optimized with the Yoast SEO plugin v27.5 - https:\/\/yoast.com\/product\/yoast-seo-wordpress\/ -->\n<title>Sibel Tatar, Kanal T\u2019nin, K\u0131br\u0131s Ba\u011f\u0131ms\u0131z Medya Grubu\u2019na devrine ili\u015fkin bas\u0131n a\u00e7\u0131klamas\u0131 yapt\u0131 -<\/title>\n<meta name=\"robots\" content=\"index, follow, max-snippet:-1, max-image-preview:large, max-video-preview:-1\" \/>\n<link rel=\"canonical\" href=\"https:\/\/kibrisdakik.com\/?p=26972\" \/>\n<meta property=\"og:locale\" content=\"tr_TR\" \/>\n<meta property=\"og:type\" content=\"article\" \/>\n<meta property=\"og:title\" content=\"Sibel Tatar, Kanal T\u2019nin, K\u0131br\u0131s Ba\u011f\u0131ms\u0131z Medya Grubu\u2019na devrine ili\u015fkin bas\u0131n a\u00e7\u0131klamas\u0131 yapt\u0131 -\" \/>\n<meta property=\"og:description\" content=\"&nbsp;Kanal T eski Y\u00f6netim Kurulu Ba\u015fkan\u0131 ve Genel M\u00fcd\u00fcr\u00fc Sibel Tatar, Kanal T\u2019nin, K\u0131br\u0131s Ba\u011f\u0131ms\u0131z Medya Grubu\u2019na devrine ili\u015fkin bas\u0131n a\u00e7\u0131klamas\u0131 yapt\u0131. K\u0131br\u0131s Ba\u011f\u0131ms\u0131z Medya sahibi K\u0131br\u0131sl\u0131 T\u00fcrk \u0130\u015fadam\u0131 Niyazi \u015eanal\u2019a, 1 Aral\u0131k 2023 tarihinde Kanal T\u2019nin isim, lisans hakk\u0131n\u0131, televizyon ekipmanlar\u0131n\u0131 500 bin sterlin kar\u015f\u0131l\u0131\u011f\u0131 devir ettiklerini dile getiren Sibel Tatar, buna ili\u015fkin KDV\" \/>\n<meta property=\"og:url\" content=\"https:\/\/kibrisdakik.com\/?p=26972\" \/>\n<meta property=\"article:published_time\" content=\"2024-01-18T18:09:09+00:00\" \/>\n<meta property=\"og:image\" content=\"https:\/\/kibrisdakik.com\/wp-content\/uploads\/2024\/01\/sibel-tatar-kanal-tnin-kibris-bagimsiz-medya-grubuna-devrine-iliskin-basin-aciklamasi-yapti-1705600289.webp.webp\" \/>\n\t<meta property=\"og:image:width\" content=\"710\" \/>\n\t<meta property=\"og:image:height\" content=\"370\" \/>\n\t<meta property=\"og:image:type\" content=\"image\/webp\" \/>\n<meta name=\"author\" content=\"admin\" \/>\n<meta name=\"twitter:card\" content=\"summary_large_image\" \/>\n<meta name=\"twitter:label1\" content=\"Yazan:\" \/>\n\t<meta name=\"twitter:data1\" content=\"admin\" \/>\n\t<meta name=\"twitter:label2\" content=\"Tahmini okuma s\u00fcresi\" \/>\n\t<meta name=\"twitter:data2\" content=\"2 dakika\" \/>\n<script type=\"application\/ld+json\" class=\"yoast-schema-graph\">{\"@context\":\"https:\\\/\\\/schema.org\",\"@graph\":[{\"@type\":\"Article\",\"@id\":\"https:\\\/\\\/kibrisdakik.com\\\/?p=26972#article\",\"isPartOf\":{\"@id\":\"https:\\\/\\\/kibrisdakik.com\\\/?p=26972\"},\"author\":{\"name\":\"admin\",\"@id\":\"https:\\\/\\\/kibrisdakik.com\\\/#\\\/schema\\\/person\\\/9cd9d437bbb44f72b73ba127e06d8e79\"},\"headline\":\"Sibel Tatar, Kanal T\u2019nin, K\u0131br\u0131s Ba\u011f\u0131ms\u0131z Medya Grubu\u2019na devrine ili\u015fkin bas\u0131n a\u00e7\u0131klamas\u0131 yapt\u0131\",\"datePublished\":\"2024-01-18T18:09:09+00:00\",\"mainEntityOfPage\":{\"@id\":\"https:\\\/\\\/kibrisdakik.com\\\/?p=26972\"},\"wordCount\":327,\"commentCount\":0,\"image\":{\"@id\":\"https:\\\/\\\/kibrisdakik.com\\\/?p=26972#primaryimage\"},\"thumbnailUrl\":\"https:\\\/\\\/kibrisdakik.com\\\/wp-content\\\/uploads\\\/2024\\\/01\\\/sibel-tatar-kanal-tnin-kibris-bagimsiz-medya-grubuna-devrine-iliskin-basin-aciklamasi-yapti-1705600289.webp.webp\",\"articleSection\":[\"T\u00fcrkiye\"],\"inLanguage\":\"tr\",\"potentialAction\":[{\"@type\":\"CommentAction\",\"name\":\"Comment\",\"target\":[\"https:\\\/\\\/kibrisdakik.com\\\/?p=26972#respond\"]}]},{\"@type\":\"WebPage\",\"@id\":\"https:\\\/\\\/kibrisdakik.com\\\/?p=26972\",\"url\":\"https:\\\/\\\/kibrisdakik.com\\\/?p=26972\",\"name\":\"Sibel Tatar, Kanal T\u2019nin, K\u0131br\u0131s Ba\u011f\u0131ms\u0131z Medya Grubu\u2019na devrine ili\u015fkin bas\u0131n a\u00e7\u0131klamas\u0131 yapt\u0131 -\",\"isPartOf\":{\"@id\":\"https:\\\/\\\/kibrisdakik.com\\\/#website\"},\"primaryImageOfPage\":{\"@id\":\"https:\\\/\\\/kibrisdakik.com\\\/?p=26972#primaryimage\"},\"image\":{\"@id\":\"https:\\\/\\\/kibrisdakik.com\\\/?p=26972#primaryimage\"},\"thumbnailUrl\":\"https:\\\/\\\/kibrisdakik.com\\\/wp-content\\\/uploads\\\/2024\\\/01\\\/sibel-tatar-kanal-tnin-kibris-bagimsiz-medya-grubuna-devrine-iliskin-basin-aciklamasi-yapti-1705600289.webp.webp\",\"datePublished\":\"2024-01-18T18:09:09+00:00\",\"author\":{\"@id\":\"https:\\\/\\\/kibrisdakik.com\\\/#\\\/schema\\\/person\\\/9cd9d437bbb44f72b73ba127e06d8e79\"},\"breadcrumb\":{\"@id\":\"https:\\\/\\\/kibrisdakik.com\\\/?p=26972#breadcrumb\"},\"inLanguage\":\"tr\",\"potentialAction\":[{\"@type\":\"ReadAction\",\"target\":[\"https:\\\/\\\/kibrisdakik.com\\\/?p=26972\"]}]},{\"@type\":\"ImageObject\",\"inLanguage\":\"tr\",\"@id\":\"https:\\\/\\\/kibrisdakik.com\\\/?p=26972#primaryimage\",\"url\":\"https:\\\/\\\/kibrisdakik.com\\\/wp-content\\\/uploads\\\/2024\\\/01\\\/sibel-tatar-kanal-tnin-kibris-bagimsiz-medya-grubuna-devrine-iliskin-basin-aciklamasi-yapti-1705600289.webp.webp\",\"contentUrl\":\"https:\\\/\\\/kibrisdakik.com\\\/wp-content\\\/uploads\\\/2024\\\/01\\\/sibel-tatar-kanal-tnin-kibris-bagimsiz-medya-grubuna-devrine-iliskin-basin-aciklamasi-yapti-1705600289.webp.webp\",\"width\":710,\"height\":370},{\"@type\":\"BreadcrumbList\",\"@id\":\"https:\\\/\\\/kibrisdakik.com\\\/?p=26972#breadcrumb\",\"itemListElement\":[{\"@type\":\"ListItem\",\"position\":1,\"name\":\"Home\",\"item\":\"https:\\\/\\\/kibrisdakik.com\\\/\"},{\"@type\":\"ListItem\",\"position\":2,\"name\":\"Sibel Tatar, Kanal T\u2019nin, K\u0131br\u0131s Ba\u011f\u0131ms\u0131z Medya Grubu\u2019na devrine ili\u015fkin bas\u0131n a\u00e7\u0131klamas\u0131 yapt\u0131\"}]},{\"@type\":\"WebSite\",\"@id\":\"https:\\\/\\\/kibrisdakik.com\\\/#website\",\"url\":\"https:\\\/\\\/kibrisdakik.com\\\/\",\"name\":\"\",\"description\":\"Tam vaktinde haber\",\"potentialAction\":[{\"@type\":\"SearchAction\",\"target\":{\"@type\":\"EntryPoint\",\"urlTemplate\":\"https:\\\/\\\/kibrisdakik.com\\\/?s={search_term_string}\"},\"query-input\":{\"@type\":\"PropertyValueSpecification\",\"valueRequired\":true,\"valueName\":\"search_term_string\"}}],\"inLanguage\":\"tr\"},{\"@type\":\"Person\",\"@id\":\"https:\\\/\\\/kibrisdakik.com\\\/#\\\/schema\\\/person\\\/9cd9d437bbb44f72b73ba127e06d8e79\",\"name\":\"admin\",\"image\":{\"@type\":\"ImageObject\",\"inLanguage\":\"tr\",\"@id\":\"https:\\\/\\\/secure.gravatar.com\\\/avatar\\\/ccc17943b9d660506c869530f897617f7cb1c21a4bf30023f252596d83e1f007?s=96&d=mm&r=g\",\"url\":\"https:\\\/\\\/secure.gravatar.com\\\/avatar\\\/ccc17943b9d660506c869530f897617f7cb1c21a4bf30023f252596d83e1f007?s=96&d=mm&r=g\",\"contentUrl\":\"https:\\\/\\\/secure.gravatar.com\\\/avatar\\\/ccc17943b9d660506c869530f897617f7cb1c21a4bf30023f252596d83e1f007?s=96&d=mm&r=g\",\"caption\":\"admin\"},\"sameAs\":[\"https:\\\/\\\/kibrisdakik.com\"],\"url\":\"https:\\\/\\\/kibrisdakik.com\\\/?author=1\"}]}<\/script>\n<!-- \/ Yoast SEO plugin. -->","yoast_head_json":{"title":"Sibel Tatar, Kanal T\u2019nin, K\u0131br\u0131s Ba\u011f\u0131ms\u0131z Medya Grubu\u2019na devrine ili\u015fkin bas\u0131n a\u00e7\u0131klamas\u0131 yapt\u0131 -","robots":{"index":"index","follow":"follow","max-snippet":"max-snippet:-1","max-image-preview":"max-image-preview:large","max-video-preview":"max-video-preview:-1"},"canonical":"https:\/\/kibrisdakik.com\/?p=26972","og_locale":"tr_TR","og_type":"article","og_title":"Sibel Tatar, Kanal T\u2019nin, K\u0131br\u0131s Ba\u011f\u0131ms\u0131z Medya Grubu\u2019na devrine ili\u015fkin bas\u0131n a\u00e7\u0131klamas\u0131 yapt\u0131 -","og_description":"&nbsp;Kanal T eski Y\u00f6netim Kurulu Ba\u015fkan\u0131 ve Genel M\u00fcd\u00fcr\u00fc Sibel Tatar, Kanal T\u2019nin, K\u0131br\u0131s Ba\u011f\u0131ms\u0131z Medya Grubu\u2019na devrine ili\u015fkin bas\u0131n a\u00e7\u0131klamas\u0131 yapt\u0131. K\u0131br\u0131s Ba\u011f\u0131ms\u0131z Medya sahibi K\u0131br\u0131sl\u0131 T\u00fcrk \u0130\u015fadam\u0131 Niyazi \u015eanal\u2019a, 1 Aral\u0131k 2023 tarihinde Kanal T\u2019nin isim, lisans hakk\u0131n\u0131, televizyon ekipmanlar\u0131n\u0131 500 bin sterlin kar\u015f\u0131l\u0131\u011f\u0131 devir ettiklerini dile getiren Sibel Tatar, buna ili\u015fkin KDV","og_url":"https:\/\/kibrisdakik.com\/?p=26972","article_published_time":"2024-01-18T18:09:09+00:00","og_image":[{"width":710,"height":370,"url":"https:\/\/kibrisdakik.com\/wp-content\/uploads\/2024\/01\/sibel-tatar-kanal-tnin-kibris-bagimsiz-medya-grubuna-devrine-iliskin-basin-aciklamasi-yapti-1705600289.webp.webp","type":"image\/webp"}],"author":"admin","twitter_card":"summary_large_image","twitter_misc":{"Yazan:":"admin","Tahmini okuma s\u00fcresi":"2 dakika"},"schema":{"@context":"https:\/\/schema.org","@graph":[{"@type":"Article","@id":"https:\/\/kibrisdakik.com\/?p=26972#article","isPartOf":{"@id":"https:\/\/kibrisdakik.com\/?p=26972"},"author":{"name":"admin","@id":"https:\/\/kibrisdakik.com\/#\/schema\/person\/9cd9d437bbb44f72b73ba127e06d8e79"},"headline":"Sibel Tatar, Kanal T\u2019nin, K\u0131br\u0131s Ba\u011f\u0131ms\u0131z Medya Grubu\u2019na devrine ili\u015fkin bas\u0131n a\u00e7\u0131klamas\u0131 yapt\u0131","datePublished":"2024-01-18T18:09:09+00:00","mainEntityOfPage":{"@id":"https:\/\/kibrisdakik.com\/?p=26972"},"wordCount":327,"commentCount":0,"image":{"@id":"https:\/\/kibrisdakik.com\/?p=26972#primaryimage"},"thumbnailUrl":"https:\/\/kibrisdakik.com\/wp-content\/uploads\/2024\/01\/sibel-tatar-kanal-tnin-kibris-bagimsiz-medya-grubuna-devrine-iliskin-basin-aciklamasi-yapti-1705600289.webp.webp","articleSection":["T\u00fcrkiye"],"inLanguage":"tr","potentialAction":[{"@type":"CommentAction","name":"Comment","target":["https:\/\/kibrisdakik.com\/?p=26972#respond"]}]},{"@type":"WebPage","@id":"https:\/\/kibrisdakik.com\/?p=26972","url":"https:\/\/kibrisdakik.com\/?p=26972","name":"Sibel Tatar, Kanal T\u2019nin, K\u0131br\u0131s Ba\u011f\u0131ms\u0131z Medya Grubu\u2019na devrine ili\u015fkin bas\u0131n a\u00e7\u0131klamas\u0131 yapt\u0131 -","isPartOf":{"@id":"https:\/\/kibrisdakik.com\/#website"},"primaryImageOfPage":{"@id":"https:\/\/kibrisdakik.com\/?p=26972#primaryimage"},"image":{"@id":"https:\/\/kibrisdakik.com\/?p=26972#primaryimage"},"thumbnailUrl":"https:\/\/kibrisdakik.com\/wp-content\/uploads\/2024\/01\/sibel-tatar-kanal-tnin-kibris-bagimsiz-medya-grubuna-devrine-iliskin-basin-aciklamasi-yapti-1705600289.webp.webp","datePublished":"2024-01-18T18:09:09+00:00","author":{"@id":"https:\/\/kibrisdakik.com\/#\/schema\/person\/9cd9d437bbb44f72b73ba127e06d8e79"},"breadcrumb":{"@id":"https:\/\/kibrisdakik.com\/?p=26972#breadcrumb"},"inLanguage":"tr","potentialAction":[{"@type":"ReadAction","target":["https:\/\/kibrisdakik.com\/?p=26972"]}]},{"@type":"ImageObject","inLanguage":"tr","@id":"https:\/\/kibrisdakik.com\/?p=26972#primaryimage","url":"https:\/\/kibrisdakik.com\/wp-content\/uploads\/2024\/01\/sibel-tatar-kanal-tnin-kibris-bagimsiz-medya-grubuna-devrine-iliskin-basin-aciklamasi-yapti-1705600289.webp.webp","contentUrl":"https:\/\/kibrisdakik.com\/wp-content\/uploads\/2024\/01\/sibel-tatar-kanal-tnin-kibris-bagimsiz-medya-grubuna-devrine-iliskin-basin-aciklamasi-yapti-1705600289.webp.webp","width":710,"height":370},{"@type":"BreadcrumbList","@id":"https:\/\/kibrisdakik.com\/?p=26972#breadcrumb","itemListElement":[{"@type":"ListItem","position":1,"name":"Home","item":"https:\/\/kibrisdakik.com\/"},{"@type":"ListItem","position":2,"name":"Sibel Tatar, Kanal T\u2019nin, K\u0131br\u0131s Ba\u011f\u0131ms\u0131z Medya Grubu\u2019na devrine ili\u015fkin bas\u0131n a\u00e7\u0131klamas\u0131 yapt\u0131"}]},{"@type":"WebSite","@id":"https:\/\/kibrisdakik.com\/#website","url":"https:\/\/kibrisdakik.com\/","name":"","description":"Tam vaktinde haber","potentialAction":[{"@type":"SearchAction","target":{"@type":"EntryPoint","urlTemplate":"https:\/\/kibrisdakik.com\/?s={search_term_string}"},"query-input":{"@type":"PropertyValueSpecification","valueRequired":true,"valueName":"search_term_string"}}],"inLanguage":"tr"},{"@type":"Person","@id":"https:\/\/kibrisdakik.com\/#\/schema\/person\/9cd9d437bbb44f72b73ba127e06d8e79","name":"admin","image":{"@type":"ImageObject","inLanguage":"tr","@id":"https:\/\/secure.gravatar.com\/avatar\/ccc17943b9d660506c869530f897617f7cb1c21a4bf30023f252596d83e1f007?s=96&d=mm&r=g","url":"https:\/\/secure.gravatar.com\/avatar\/ccc17943b9d660506c869530f897617f7cb1c21a4bf30023f252596d83e1f007?s=96&d=mm&r=g","contentUrl":"https:\/\/secure.gravatar.com\/avatar\/ccc17943b9d660506c869530f897617f7cb1c21a4bf30023f252596d83e1f007?s=96&d=mm&r=g","caption":"admin"},"sameAs":["https:\/\/kibrisdakik.com"],"url":"https:\/\/kibrisdakik.com\/?author=1"}]}},"_links":{"self":[{"href":"https:\/\/kibrisdakik.com\/index.php?rest_route=\/wp\/v2\/posts\/26972","targetHints":{"allow":["GET"]}}],"collection":[{"href":"https:\/\/kibrisdakik.com\/index.php?rest_route=\/wp\/v2\/posts"}],"about":[{"href":"https:\/\/kibrisdakik.com\/index.php?rest_route=\/wp\/v2\/types\/post"}],"author":[{"embeddable":true,"href":"https:\/\/kibrisdakik.com\/index.php?rest_route=\/wp\/v2\/users\/1"}],"replies":[{"embeddable":true,"href":"https:\/\/kibrisdakik.com\/index.php?rest_route=%2Fwp%2Fv2%2Fcomments&post=26972"}],"version-history":[{"count":0,"href":"https:\/\/kibrisdakik.com\/index.php?rest_route=\/wp\/v2\/posts\/26972\/revisions"}],"wp:featuredmedia":[{"embeddable":true,"href":"https:\/\/kibrisdakik.com\/index.php?rest_route=\/wp\/v2\/media\/26973"}],"wp:attachment":[{"href":"https:\/\/kibrisdakik.com\/index.php?rest_route=%2Fwp%2Fv2%2Fmedia&parent=26972"}],"wp:term":[{"taxonomy":"category","embeddable":true,"href":"https:\/\/kibrisdakik.com\/index.php?rest_route=%2Fwp%2Fv2%2Fcategories&post=26972"},{"taxonomy":"post_tag","embeddable":true,"href":"https:\/\/kibrisdakik.com\/index.php?rest_route=%2Fwp%2Fv2%2Ftags&post=26972"}],"curies":[{"name":"wp","href":"https:\/\/api.w.org\/{rel}","templated":true}]}}