{"id":26992,"date":"2024-01-18T09:03:00","date_gmt":"2024-01-18T09:03:00","guid":{"rendered":"https:\/\/kibrisdakik.com\/index.php\/2024\/01\/18\/istanbul-umraniyede-bir-bina-coktu-o-anlar-saniye-saniye-kaydedildi\/"},"modified":"2024-01-18T09:03:00","modified_gmt":"2024-01-18T09:03:00","slug":"istanbul-umraniyede-bir-bina-coktu-o-anlar-saniye-saniye-kaydedildi","status":"publish","type":"post","link":"https:\/\/kibrisdakik.com\/?p=26992","title":{"rendered":"\u0130stanbul \u00dcmraniye&#039;de bir bina \u00e7\u00f6kt\u00fc: O anlar saniye saniye kaydedildi"},"content":{"rendered":"<p><img decoding=\"async\" src=\"https:\/\/www.kibristurk.com\/images\/haberler\/2024\/01\/istanbul-umraniyede-bir-bina-coktu-o-anlar-saniye-saniye-kaydedildi-1705568782.webp\" \/><\/p>\n<p>Olay yerinde bulunan tan\u0131klar\u0131n ifadelerine g\u00f6re, bina tahliye edildi. 11.20 s\u0131ras\u0131nda Metro \u00e7al\u0131\u015fmas\u0131 s\u0131ras\u0131nda yolda \u00e7\u00f6kme meydana geliyor. Bir binada \u00e7atlaklar meydana geliyor. Binan\u0131n biri 3, di\u011feri 2 katl\u0131yd\u0131. Bir sars\u0131nt\u0131 hissedilince ekiplere haber veriliyor. Ekipler acil tahliye karar\u0131 al\u0131yor. Bina tahliye ediliyor. Bina yerle bir olmu\u015f durumda. Yolun \u00e7\u00f6kmesi binada deprem etkisi yarat\u0131yor. Daha sonras\u0131nda da bina yerle bir oluyor. Yan yana iki biti\u015fik bir binadan bahsediyoruz. Yolun \u00e7\u00f6kmesiyle a\u011f\u0131r hasar al\u0131yor. Bir tane park halinde ara\u00e7 vard\u0131, o da enkaz\u0131n alt\u0131nda kald\u0131.<\/p>\n","protected":false},"excerpt":{"rendered":"<p>Olay yerinde bulunan tan\u0131klar\u0131n ifadelerine g\u00f6re, bina tahliye edildi. 11.20 s\u0131ras\u0131nda Metro \u00e7al\u0131\u015fmas\u0131 s\u0131ras\u0131nda yolda \u00e7\u00f6kme meydana geliyor. Bir binada \u00e7atlaklar meydana geliyor. Binan\u0131n biri 3, di\u011feri 2 katl\u0131yd\u0131. Bir sars\u0131nt\u0131 hissedilince ekiplere haber veriliyor. Ekipler acil tahliye karar\u0131 al\u0131yor. Bina tahliye ediliyor. Bina yerle bir olmu\u015f durumda. Yolun \u00e7\u00f6kmesi binada deprem etkisi yarat\u0131yor. Daha<\/p>\n","protected":false},"author":1,"featured_media":26993,"comment_status":"open","ping_status":"open","sticky":false,"template":"","format":"standard","meta":{"footnotes":""},"categories":[1],"tags":[],"class_list":["post-26992","post","type-post","status-publish","format-standard","has-post-thumbnail","hentry","category-gundem"],"yoast_head":"<!-- This site is optimized with the Yoast SEO plugin v27.5 - https:\/\/yoast.com\/product\/yoast-seo-wordpress\/ -->\n<title>\u0130stanbul \u00dcmraniye&#039;de bir bina \u00e7\u00f6kt\u00fc: O anlar saniye saniye kaydedildi -<\/title>\n<meta name=\"robots\" content=\"index, follow, max-snippet:-1, max-image-preview:large, max-video-preview:-1\" \/>\n<link rel=\"canonical\" href=\"https:\/\/kibrisdakik.com\/?p=26992\" \/>\n<meta property=\"og:locale\" content=\"tr_TR\" \/>\n<meta property=\"og:type\" content=\"article\" \/>\n<meta property=\"og:title\" content=\"\u0130stanbul \u00dcmraniye&#039;de bir bina \u00e7\u00f6kt\u00fc: O anlar saniye saniye kaydedildi -\" \/>\n<meta property=\"og:description\" content=\"Olay yerinde bulunan tan\u0131klar\u0131n ifadelerine g\u00f6re, bina tahliye edildi. 11.20 s\u0131ras\u0131nda Metro \u00e7al\u0131\u015fmas\u0131 s\u0131ras\u0131nda yolda \u00e7\u00f6kme meydana geliyor. Bir binada \u00e7atlaklar meydana geliyor. Binan\u0131n biri 3, di\u011feri 2 katl\u0131yd\u0131. Bir sars\u0131nt\u0131 hissedilince ekiplere haber veriliyor. Ekipler acil tahliye karar\u0131 al\u0131yor. Bina tahliye ediliyor. Bina yerle bir olmu\u015f durumda. Yolun \u00e7\u00f6kmesi binada deprem etkisi yarat\u0131yor. Daha\" \/>\n<meta property=\"og:url\" content=\"https:\/\/kibrisdakik.com\/?p=26992\" \/>\n<meta property=\"article:published_time\" content=\"2024-01-18T09:03:00+00:00\" \/>\n<meta property=\"og:image\" content=\"https:\/\/kibrisdakik.com\/wp-content\/uploads\/2024\/01\/istanbul-umraniyede-bir-bina-coktu-o-anlar-saniye-saniye-kaydedildi-1705568782.webp.webp\" \/>\n\t<meta property=\"og:image:width\" content=\"710\" \/>\n\t<meta property=\"og:image:height\" content=\"370\" \/>\n\t<meta property=\"og:image:type\" content=\"image\/webp\" \/>\n<meta name=\"author\" content=\"admin\" \/>\n<meta name=\"twitter:card\" content=\"summary_large_image\" \/>\n<meta name=\"twitter:label1\" content=\"Yazan:\" \/>\n\t<meta name=\"twitter:data1\" content=\"admin\" \/>\n\t<meta name=\"twitter:label2\" content=\"Tahmini okuma s\u00fcresi\" \/>\n\t<meta name=\"twitter:data2\" content=\"1 dakika\" \/>\n<script type=\"application\/ld+json\" class=\"yoast-schema-graph\">{\"@context\":\"https:\\\/\\\/schema.org\",\"@graph\":[{\"@type\":\"Article\",\"@id\":\"https:\\\/\\\/kibrisdakik.com\\\/?p=26992#article\",\"isPartOf\":{\"@id\":\"https:\\\/\\\/kibrisdakik.com\\\/?p=26992\"},\"author\":{\"name\":\"admin\",\"@id\":\"https:\\\/\\\/kibrisdakik.com\\\/#\\\/schema\\\/person\\\/9cd9d437bbb44f72b73ba127e06d8e79\"},\"headline\":\"\u0130stanbul \u00dcmraniye&#039;de bir bina \u00e7\u00f6kt\u00fc: O anlar saniye saniye kaydedildi\",\"datePublished\":\"2024-01-18T09:03:00+00:00\",\"mainEntityOfPage\":{\"@id\":\"https:\\\/\\\/kibrisdakik.com\\\/?p=26992\"},\"wordCount\":112,\"commentCount\":0,\"image\":{\"@id\":\"https:\\\/\\\/kibrisdakik.com\\\/?p=26992#primaryimage\"},\"thumbnailUrl\":\"https:\\\/\\\/kibrisdakik.com\\\/wp-content\\\/uploads\\\/2024\\\/01\\\/istanbul-umraniyede-bir-bina-coktu-o-anlar-saniye-saniye-kaydedildi-1705568782.webp.webp\",\"articleSection\":[\"G\u00fcndem\"],\"inLanguage\":\"tr\",\"potentialAction\":[{\"@type\":\"CommentAction\",\"name\":\"Comment\",\"target\":[\"https:\\\/\\\/kibrisdakik.com\\\/?p=26992#respond\"]}]},{\"@type\":\"WebPage\",\"@id\":\"https:\\\/\\\/kibrisdakik.com\\\/?p=26992\",\"url\":\"https:\\\/\\\/kibrisdakik.com\\\/?p=26992\",\"name\":\"\u0130stanbul \u00dcmraniye&#039;de bir bina \u00e7\u00f6kt\u00fc: O anlar saniye saniye kaydedildi -\",\"isPartOf\":{\"@id\":\"https:\\\/\\\/kibrisdakik.com\\\/#website\"},\"primaryImageOfPage\":{\"@id\":\"https:\\\/\\\/kibrisdakik.com\\\/?p=26992#primaryimage\"},\"image\":{\"@id\":\"https:\\\/\\\/kibrisdakik.com\\\/?p=26992#primaryimage\"},\"thumbnailUrl\":\"https:\\\/\\\/kibrisdakik.com\\\/wp-content\\\/uploads\\\/2024\\\/01\\\/istanbul-umraniyede-bir-bina-coktu-o-anlar-saniye-saniye-kaydedildi-1705568782.webp.webp\",\"datePublished\":\"2024-01-18T09:03:00+00:00\",\"author\":{\"@id\":\"https:\\\/\\\/kibrisdakik.com\\\/#\\\/schema\\\/person\\\/9cd9d437bbb44f72b73ba127e06d8e79\"},\"breadcrumb\":{\"@id\":\"https:\\\/\\\/kibrisdakik.com\\\/?p=26992#breadcrumb\"},\"inLanguage\":\"tr\",\"potentialAction\":[{\"@type\":\"ReadAction\",\"target\":[\"https:\\\/\\\/kibrisdakik.com\\\/?p=26992\"]}]},{\"@type\":\"ImageObject\",\"inLanguage\":\"tr\",\"@id\":\"https:\\\/\\\/kibrisdakik.com\\\/?p=26992#primaryimage\",\"url\":\"https:\\\/\\\/kibrisdakik.com\\\/wp-content\\\/uploads\\\/2024\\\/01\\\/istanbul-umraniyede-bir-bina-coktu-o-anlar-saniye-saniye-kaydedildi-1705568782.webp.webp\",\"contentUrl\":\"https:\\\/\\\/kibrisdakik.com\\\/wp-content\\\/uploads\\\/2024\\\/01\\\/istanbul-umraniyede-bir-bina-coktu-o-anlar-saniye-saniye-kaydedildi-1705568782.webp.webp\",\"width\":710,\"height\":370},{\"@type\":\"BreadcrumbList\",\"@id\":\"https:\\\/\\\/kibrisdakik.com\\\/?p=26992#breadcrumb\",\"itemListElement\":[{\"@type\":\"ListItem\",\"position\":1,\"name\":\"Home\",\"item\":\"https:\\\/\\\/kibrisdakik.com\\\/\"},{\"@type\":\"ListItem\",\"position\":2,\"name\":\"\u0130stanbul \u00dcmraniye&#039;de bir bina \u00e7\u00f6kt\u00fc: O anlar saniye saniye kaydedildi\"}]},{\"@type\":\"WebSite\",\"@id\":\"https:\\\/\\\/kibrisdakik.com\\\/#website\",\"url\":\"https:\\\/\\\/kibrisdakik.com\\\/\",\"name\":\"\",\"description\":\"Tam vaktinde haber\",\"potentialAction\":[{\"@type\":\"SearchAction\",\"target\":{\"@type\":\"EntryPoint\",\"urlTemplate\":\"https:\\\/\\\/kibrisdakik.com\\\/?s={search_term_string}\"},\"query-input\":{\"@type\":\"PropertyValueSpecification\",\"valueRequired\":true,\"valueName\":\"search_term_string\"}}],\"inLanguage\":\"tr\"},{\"@type\":\"Person\",\"@id\":\"https:\\\/\\\/kibrisdakik.com\\\/#\\\/schema\\\/person\\\/9cd9d437bbb44f72b73ba127e06d8e79\",\"name\":\"admin\",\"image\":{\"@type\":\"ImageObject\",\"inLanguage\":\"tr\",\"@id\":\"https:\\\/\\\/secure.gravatar.com\\\/avatar\\\/ccc17943b9d660506c869530f897617f7cb1c21a4bf30023f252596d83e1f007?s=96&d=mm&r=g\",\"url\":\"https:\\\/\\\/secure.gravatar.com\\\/avatar\\\/ccc17943b9d660506c869530f897617f7cb1c21a4bf30023f252596d83e1f007?s=96&d=mm&r=g\",\"contentUrl\":\"https:\\\/\\\/secure.gravatar.com\\\/avatar\\\/ccc17943b9d660506c869530f897617f7cb1c21a4bf30023f252596d83e1f007?s=96&d=mm&r=g\",\"caption\":\"admin\"},\"sameAs\":[\"https:\\\/\\\/kibrisdakik.com\"],\"url\":\"https:\\\/\\\/kibrisdakik.com\\\/?author=1\"}]}<\/script>\n<!-- \/ Yoast SEO plugin. -->","yoast_head_json":{"title":"\u0130stanbul \u00dcmraniye&#039;de bir bina \u00e7\u00f6kt\u00fc: O anlar saniye saniye kaydedildi -","robots":{"index":"index","follow":"follow","max-snippet":"max-snippet:-1","max-image-preview":"max-image-preview:large","max-video-preview":"max-video-preview:-1"},"canonical":"https:\/\/kibrisdakik.com\/?p=26992","og_locale":"tr_TR","og_type":"article","og_title":"\u0130stanbul \u00dcmraniye&#039;de bir bina \u00e7\u00f6kt\u00fc: O anlar saniye saniye kaydedildi -","og_description":"Olay yerinde bulunan tan\u0131klar\u0131n ifadelerine g\u00f6re, bina tahliye edildi. 11.20 s\u0131ras\u0131nda Metro \u00e7al\u0131\u015fmas\u0131 s\u0131ras\u0131nda yolda \u00e7\u00f6kme meydana geliyor. Bir binada \u00e7atlaklar meydana geliyor. Binan\u0131n biri 3, di\u011feri 2 katl\u0131yd\u0131. Bir sars\u0131nt\u0131 hissedilince ekiplere haber veriliyor. Ekipler acil tahliye karar\u0131 al\u0131yor. Bina tahliye ediliyor. Bina yerle bir olmu\u015f durumda. Yolun \u00e7\u00f6kmesi binada deprem etkisi yarat\u0131yor. Daha","og_url":"https:\/\/kibrisdakik.com\/?p=26992","article_published_time":"2024-01-18T09:03:00+00:00","og_image":[{"width":710,"height":370,"url":"https:\/\/kibrisdakik.com\/wp-content\/uploads\/2024\/01\/istanbul-umraniyede-bir-bina-coktu-o-anlar-saniye-saniye-kaydedildi-1705568782.webp.webp","type":"image\/webp"}],"author":"admin","twitter_card":"summary_large_image","twitter_misc":{"Yazan:":"admin","Tahmini okuma s\u00fcresi":"1 dakika"},"schema":{"@context":"https:\/\/schema.org","@graph":[{"@type":"Article","@id":"https:\/\/kibrisdakik.com\/?p=26992#article","isPartOf":{"@id":"https:\/\/kibrisdakik.com\/?p=26992"},"author":{"name":"admin","@id":"https:\/\/kibrisdakik.com\/#\/schema\/person\/9cd9d437bbb44f72b73ba127e06d8e79"},"headline":"\u0130stanbul \u00dcmraniye&#039;de bir bina \u00e7\u00f6kt\u00fc: O anlar saniye saniye kaydedildi","datePublished":"2024-01-18T09:03:00+00:00","mainEntityOfPage":{"@id":"https:\/\/kibrisdakik.com\/?p=26992"},"wordCount":112,"commentCount":0,"image":{"@id":"https:\/\/kibrisdakik.com\/?p=26992#primaryimage"},"thumbnailUrl":"https:\/\/kibrisdakik.com\/wp-content\/uploads\/2024\/01\/istanbul-umraniyede-bir-bina-coktu-o-anlar-saniye-saniye-kaydedildi-1705568782.webp.webp","articleSection":["G\u00fcndem"],"inLanguage":"tr","potentialAction":[{"@type":"CommentAction","name":"Comment","target":["https:\/\/kibrisdakik.com\/?p=26992#respond"]}]},{"@type":"WebPage","@id":"https:\/\/kibrisdakik.com\/?p=26992","url":"https:\/\/kibrisdakik.com\/?p=26992","name":"\u0130stanbul \u00dcmraniye&#039;de bir bina \u00e7\u00f6kt\u00fc: O anlar saniye saniye kaydedildi -","isPartOf":{"@id":"https:\/\/kibrisdakik.com\/#website"},"primaryImageOfPage":{"@id":"https:\/\/kibrisdakik.com\/?p=26992#primaryimage"},"image":{"@id":"https:\/\/kibrisdakik.com\/?p=26992#primaryimage"},"thumbnailUrl":"https:\/\/kibrisdakik.com\/wp-content\/uploads\/2024\/01\/istanbul-umraniyede-bir-bina-coktu-o-anlar-saniye-saniye-kaydedildi-1705568782.webp.webp","datePublished":"2024-01-18T09:03:00+00:00","author":{"@id":"https:\/\/kibrisdakik.com\/#\/schema\/person\/9cd9d437bbb44f72b73ba127e06d8e79"},"breadcrumb":{"@id":"https:\/\/kibrisdakik.com\/?p=26992#breadcrumb"},"inLanguage":"tr","potentialAction":[{"@type":"ReadAction","target":["https:\/\/kibrisdakik.com\/?p=26992"]}]},{"@type":"ImageObject","inLanguage":"tr","@id":"https:\/\/kibrisdakik.com\/?p=26992#primaryimage","url":"https:\/\/kibrisdakik.com\/wp-content\/uploads\/2024\/01\/istanbul-umraniyede-bir-bina-coktu-o-anlar-saniye-saniye-kaydedildi-1705568782.webp.webp","contentUrl":"https:\/\/kibrisdakik.com\/wp-content\/uploads\/2024\/01\/istanbul-umraniyede-bir-bina-coktu-o-anlar-saniye-saniye-kaydedildi-1705568782.webp.webp","width":710,"height":370},{"@type":"BreadcrumbList","@id":"https:\/\/kibrisdakik.com\/?p=26992#breadcrumb","itemListElement":[{"@type":"ListItem","position":1,"name":"Home","item":"https:\/\/kibrisdakik.com\/"},{"@type":"ListItem","position":2,"name":"\u0130stanbul \u00dcmraniye&#039;de bir bina \u00e7\u00f6kt\u00fc: O anlar saniye saniye kaydedildi"}]},{"@type":"WebSite","@id":"https:\/\/kibrisdakik.com\/#website","url":"https:\/\/kibrisdakik.com\/","name":"","description":"Tam vaktinde haber","potentialAction":[{"@type":"SearchAction","target":{"@type":"EntryPoint","urlTemplate":"https:\/\/kibrisdakik.com\/?s={search_term_string}"},"query-input":{"@type":"PropertyValueSpecification","valueRequired":true,"valueName":"search_term_string"}}],"inLanguage":"tr"},{"@type":"Person","@id":"https:\/\/kibrisdakik.com\/#\/schema\/person\/9cd9d437bbb44f72b73ba127e06d8e79","name":"admin","image":{"@type":"ImageObject","inLanguage":"tr","@id":"https:\/\/secure.gravatar.com\/avatar\/ccc17943b9d660506c869530f897617f7cb1c21a4bf30023f252596d83e1f007?s=96&d=mm&r=g","url":"https:\/\/secure.gravatar.com\/avatar\/ccc17943b9d660506c869530f897617f7cb1c21a4bf30023f252596d83e1f007?s=96&d=mm&r=g","contentUrl":"https:\/\/secure.gravatar.com\/avatar\/ccc17943b9d660506c869530f897617f7cb1c21a4bf30023f252596d83e1f007?s=96&d=mm&r=g","caption":"admin"},"sameAs":["https:\/\/kibrisdakik.com"],"url":"https:\/\/kibrisdakik.com\/?author=1"}]}},"_links":{"self":[{"href":"https:\/\/kibrisdakik.com\/index.php?rest_route=\/wp\/v2\/posts\/26992","targetHints":{"allow":["GET"]}}],"collection":[{"href":"https:\/\/kibrisdakik.com\/index.php?rest_route=\/wp\/v2\/posts"}],"about":[{"href":"https:\/\/kibrisdakik.com\/index.php?rest_route=\/wp\/v2\/types\/post"}],"author":[{"embeddable":true,"href":"https:\/\/kibrisdakik.com\/index.php?rest_route=\/wp\/v2\/users\/1"}],"replies":[{"embeddable":true,"href":"https:\/\/kibrisdakik.com\/index.php?rest_route=%2Fwp%2Fv2%2Fcomments&post=26992"}],"version-history":[{"count":0,"href":"https:\/\/kibrisdakik.com\/index.php?rest_route=\/wp\/v2\/posts\/26992\/revisions"}],"wp:featuredmedia":[{"embeddable":true,"href":"https:\/\/kibrisdakik.com\/index.php?rest_route=\/wp\/v2\/media\/26993"}],"wp:attachment":[{"href":"https:\/\/kibrisdakik.com\/index.php?rest_route=%2Fwp%2Fv2%2Fmedia&parent=26992"}],"wp:term":[{"taxonomy":"category","embeddable":true,"href":"https:\/\/kibrisdakik.com\/index.php?rest_route=%2Fwp%2Fv2%2Fcategories&post=26992"},{"taxonomy":"post_tag","embeddable":true,"href":"https:\/\/kibrisdakik.com\/index.php?rest_route=%2Fwp%2Fv2%2Ftags&post=26992"}],"curies":[{"name":"wp","href":"https:\/\/api.w.org\/{rel}","templated":true}]}}