{"id":27003,"date":"2024-01-18T21:14:36","date_gmt":"2024-01-18T21:14:36","guid":{"rendered":"https:\/\/kibrisdakik.com\/index.php\/2024\/01\/18\/gezeravcinin-da-aralarinda-oldugu-ax-3-ekibi-aileleriyle-vedalasti\/"},"modified":"2024-01-18T21:14:36","modified_gmt":"2024-01-18T21:14:36","slug":"gezeravcinin-da-aralarinda-oldugu-ax-3-ekibi-aileleriyle-vedalasti","status":"publish","type":"post","link":"https:\/\/kibrisdakik.com\/?p=27003","title":{"rendered":"Gezeravc\u0131&#039;n\u0131n da aralar\u0131nda oldu\u011fu Ax-3 ekibi aileleriyle vedala\u015ft\u0131"},"content":{"rendered":"<p><\/p>\n<p>T\u00fcrkiye&#8217;nin ilk insanl\u0131 uzay g\u00f6revi i\u00e7in heyecanl\u0131 bekleyi\u015f s\u00fcrerken, NASA&#8217;n\u0131n Florida&#8217;daki Kennedy Uzay Merkezi&#8217;nde Ax-3 misyonunun u\u00e7u\u015fu i\u00e7in geri say\u0131m ba\u015flad\u0131.<\/p>\n<p>\u0130\u00e7inde T\u00fcrkiye&#8217;nin ilk astronotu olacak Gezeravc\u0131&#8217;n\u0131n da yer ald\u0131\u011f\u0131 Ax-3 misyonunun \u00fcyeleri, u\u00e7u\u015f \u00f6ncesinde aileleriyle vedala\u015ft\u0131.<\/p>\n<p>&nbsp;<\/p>\n<p>Alana helikopterle gelen Ax-3 m\u00fcrettebat\u0131, \u00f6nce aileleriyle uzaktan selamla\u015ft\u0131, Gezeravc\u0131 da yumruklar\u0131n\u0131 havaya kald\u0131rarak iki eliyle ailesine selam verdi.<\/p>\n<p>Gezeravc\u0131&#8217;n\u0131n &#8220;Nas\u0131ls\u0131n\u0131z?&#8221; sorusuna ailesi iyi olduklar\u0131n\u0131 s\u00f6yleyerek kar\u015f\u0131l\u0131k verdi. Buna mukabil Gezeravc\u0131, &#8220;Sizi yukar\u0131dan arayaca\u011f\u0131m&#8221; s\u00f6zleriyle kar\u015f\u0131l\u0131k verdi ve her \u015feyin yolunda oldu\u011funu ifade etti.<\/p>\n<p><img decoding=\"async\" alt=\"\" src=\"https:\/\/www.aa.com.tr\/uploads\/userFiles\/54a427bf-71c5-4e63-a83d-6196709e92a3\/008_2024%2F12_OCAK%2F14_Ocak%2F19%2FAA-33472434.jpg\" \/><\/p>\n<p>Daha sonra astronotlar, ailelerini arkalar\u0131na alarak g\u00fcn\u00fcn an\u0131s\u0131na bir hat\u0131ra foto\u011fraf\u0131 \u00e7ektirdi.<\/p>\n<p>Ax-3 m\u00fcrettebat\u0131n\u0131n k\u0131sa s\u00fcre sonra kendilerini ISS&#8217;ye ta\u015f\u0131yacak SpaceX&#8217;e ait Dragon uzay arac\u0131na binmeleri ve son haz\u0131rl\u0131klar\u0131n\u0131 yapmalar\u0131 bekleniyor. SpaceX Dragon uzay arac\u0131, ISS&#8217;ye SpaceX Falcon 9 roketi ile f\u0131rlat\u0131lacak.<\/p>\n<p><img decoding=\"async\" alt=\"\" src=\"https:\/\/www.aa.com.tr\/uploads\/userFiles\/54a427bf-71c5-4e63-a83d-6196709e92a3\/008_2024%2F12_OCAK%2F14_Ocak%2F19%2FAA-33472436.jpg\" \/><\/p>\n<p>SpaceX&#8217;in sosyal medya hesab\u0131 X&#8217;ten sabah yap\u0131lan payla\u015f\u0131mda, &#8220;Ax-3&#8217;\u00fcn bug\u00fcnk\u00fc f\u0131rlatmas\u0131 i\u00e7in t\u00fcm sistemler iyi durumda g\u00f6z\u00fck\u00fcyor. F\u0131rlatma i\u00e7in hedef ABD do\u011fu saatiyle 16.49 (TS\u0130 00.49) ve havan\u0131n uygunlu\u011fu y\u00fczde 80.&#8221; ifadeleri kullan\u0131lm\u0131\u015ft\u0131.<\/p>\n<p>Buna g\u00f6re, Gezeravc\u0131&#8217;n\u0131n da \u00fcyesi oldu\u011fu Ax-3 misyonunun, SpaceX Dragon uzay arac\u0131yla NASA&#8217;n\u0131n Florida&#8217;daki Kennedy Uzay Merkezi&#8217;ndeki F\u0131rlatma Kompleksi 39A&#8217;dan Uluslararas\u0131 Uzay \u0130stasyonu&#8217;na (ISS) bug\u00fcn\u00fc yar\u0131na ba\u011flayan gece TS\u0130 00.49&#8217;da f\u0131rlat\u0131lmas\u0131 planlan\u0131yor.<\/p>\n","protected":false},"excerpt":{"rendered":"<p>T\u00fcrkiye&#8217;nin ilk insanl\u0131 uzay g\u00f6revi i\u00e7in heyecanl\u0131 bekleyi\u015f s\u00fcrerken, NASA&#8217;n\u0131n Florida&#8217;daki Kennedy Uzay Merkezi&#8217;nde Ax-3 misyonunun u\u00e7u\u015fu i\u00e7in geri say\u0131m ba\u015flad\u0131. \u0130\u00e7inde T\u00fcrkiye&#8217;nin ilk astronotu olacak Gezeravc\u0131&#8217;n\u0131n da yer ald\u0131\u011f\u0131 Ax-3 misyonunun \u00fcyeleri, u\u00e7u\u015f \u00f6ncesinde aileleriyle vedala\u015ft\u0131. &nbsp; Alana helikopterle gelen Ax-3 m\u00fcrettebat\u0131, \u00f6nce aileleriyle uzaktan selamla\u015ft\u0131, Gezeravc\u0131 da yumruklar\u0131n\u0131 havaya kald\u0131rarak iki eliyle ailesine<\/p>\n","protected":false},"author":1,"featured_media":27004,"comment_status":"open","ping_status":"open","sticky":false,"template":"","format":"standard","meta":{"footnotes":""},"categories":[1],"tags":[],"class_list":["post-27003","post","type-post","status-publish","format-standard","has-post-thumbnail","hentry","category-gundem"],"yoast_head":"<!-- This site is optimized with the Yoast SEO plugin v27.4 - https:\/\/yoast.com\/product\/yoast-seo-wordpress\/ -->\n<title>Gezeravc\u0131&#039;n\u0131n da aralar\u0131nda oldu\u011fu Ax-3 ekibi aileleriyle vedala\u015ft\u0131 -<\/title>\n<meta name=\"robots\" content=\"index, follow, max-snippet:-1, max-image-preview:large, max-video-preview:-1\" \/>\n<link rel=\"canonical\" href=\"https:\/\/kibrisdakik.com\/?p=27003\" \/>\n<meta property=\"og:locale\" content=\"tr_TR\" \/>\n<meta property=\"og:type\" content=\"article\" \/>\n<meta property=\"og:title\" content=\"Gezeravc\u0131&#039;n\u0131n da aralar\u0131nda oldu\u011fu Ax-3 ekibi aileleriyle vedala\u015ft\u0131 -\" \/>\n<meta property=\"og:description\" content=\"T\u00fcrkiye&#8217;nin ilk insanl\u0131 uzay g\u00f6revi i\u00e7in heyecanl\u0131 bekleyi\u015f s\u00fcrerken, NASA&#8217;n\u0131n Florida&#8217;daki Kennedy Uzay Merkezi&#8217;nde Ax-3 misyonunun u\u00e7u\u015fu i\u00e7in geri say\u0131m ba\u015flad\u0131. \u0130\u00e7inde T\u00fcrkiye&#8217;nin ilk astronotu olacak Gezeravc\u0131&#8217;n\u0131n da yer ald\u0131\u011f\u0131 Ax-3 misyonunun \u00fcyeleri, u\u00e7u\u015f \u00f6ncesinde aileleriyle vedala\u015ft\u0131. &nbsp; Alana helikopterle gelen Ax-3 m\u00fcrettebat\u0131, \u00f6nce aileleriyle uzaktan selamla\u015ft\u0131, Gezeravc\u0131 da yumruklar\u0131n\u0131 havaya kald\u0131rarak iki eliyle ailesine\" \/>\n<meta property=\"og:url\" content=\"https:\/\/kibrisdakik.com\/?p=27003\" \/>\n<meta property=\"article:published_time\" content=\"2024-01-18T21:14:36+00:00\" \/>\n<meta property=\"og:image\" content=\"https:\/\/kibrisdakik.com\/wp-content\/uploads\/2024\/01\/AA-33472434-740x420.jpg\" \/>\n\t<meta property=\"og:image:width\" content=\"750\" \/>\n\t<meta property=\"og:image:height\" content=\"500\" \/>\n\t<meta property=\"og:image:type\" content=\"image\/jpeg\" \/>\n<meta name=\"author\" content=\"admin\" \/>\n<meta name=\"twitter:card\" content=\"summary_large_image\" \/>\n<meta name=\"twitter:label1\" content=\"Yazan:\" \/>\n\t<meta name=\"twitter:data1\" content=\"admin\" \/>\n\t<meta name=\"twitter:label2\" content=\"Tahmini okuma s\u00fcresi\" \/>\n\t<meta name=\"twitter:data2\" content=\"1 dakika\" \/>\n<script type=\"application\/ld+json\" class=\"yoast-schema-graph\">{\"@context\":\"https:\\\/\\\/schema.org\",\"@graph\":[{\"@type\":\"Article\",\"@id\":\"https:\\\/\\\/kibrisdakik.com\\\/?p=27003#article\",\"isPartOf\":{\"@id\":\"https:\\\/\\\/kibrisdakik.com\\\/?p=27003\"},\"author\":{\"name\":\"admin\",\"@id\":\"https:\\\/\\\/kibrisdakik.com\\\/#\\\/schema\\\/person\\\/9cd9d437bbb44f72b73ba127e06d8e79\"},\"headline\":\"Gezeravc\u0131&#039;n\u0131n da aralar\u0131nda oldu\u011fu Ax-3 ekibi aileleriyle vedala\u015ft\u0131\",\"datePublished\":\"2024-01-18T21:14:36+00:00\",\"mainEntityOfPage\":{\"@id\":\"https:\\\/\\\/kibrisdakik.com\\\/?p=27003\"},\"wordCount\":283,\"commentCount\":0,\"image\":{\"@id\":\"https:\\\/\\\/kibrisdakik.com\\\/?p=27003#primaryimage\"},\"thumbnailUrl\":\"https:\\\/\\\/kibrisdakik.com\\\/wp-content\\\/uploads\\\/2024\\\/01\\\/AA-33472434-740x420.jpg\",\"articleSection\":[\"G\u00fcndem\"],\"inLanguage\":\"tr\",\"potentialAction\":[{\"@type\":\"CommentAction\",\"name\":\"Comment\",\"target\":[\"https:\\\/\\\/kibrisdakik.com\\\/?p=27003#respond\"]}]},{\"@type\":\"WebPage\",\"@id\":\"https:\\\/\\\/kibrisdakik.com\\\/?p=27003\",\"url\":\"https:\\\/\\\/kibrisdakik.com\\\/?p=27003\",\"name\":\"Gezeravc\u0131&#039;n\u0131n da aralar\u0131nda oldu\u011fu Ax-3 ekibi aileleriyle vedala\u015ft\u0131 -\",\"isPartOf\":{\"@id\":\"https:\\\/\\\/kibrisdakik.com\\\/#website\"},\"primaryImageOfPage\":{\"@id\":\"https:\\\/\\\/kibrisdakik.com\\\/?p=27003#primaryimage\"},\"image\":{\"@id\":\"https:\\\/\\\/kibrisdakik.com\\\/?p=27003#primaryimage\"},\"thumbnailUrl\":\"https:\\\/\\\/kibrisdakik.com\\\/wp-content\\\/uploads\\\/2024\\\/01\\\/AA-33472434-740x420.jpg\",\"datePublished\":\"2024-01-18T21:14:36+00:00\",\"author\":{\"@id\":\"https:\\\/\\\/kibrisdakik.com\\\/#\\\/schema\\\/person\\\/9cd9d437bbb44f72b73ba127e06d8e79\"},\"breadcrumb\":{\"@id\":\"https:\\\/\\\/kibrisdakik.com\\\/?p=27003#breadcrumb\"},\"inLanguage\":\"tr\",\"potentialAction\":[{\"@type\":\"ReadAction\",\"target\":[\"https:\\\/\\\/kibrisdakik.com\\\/?p=27003\"]}]},{\"@type\":\"ImageObject\",\"inLanguage\":\"tr\",\"@id\":\"https:\\\/\\\/kibrisdakik.com\\\/?p=27003#primaryimage\",\"url\":\"https:\\\/\\\/kibrisdakik.com\\\/wp-content\\\/uploads\\\/2024\\\/01\\\/AA-33472434-740x420.jpg\",\"contentUrl\":\"https:\\\/\\\/kibrisdakik.com\\\/wp-content\\\/uploads\\\/2024\\\/01\\\/AA-33472434-740x420.jpg\",\"width\":750,\"height\":500},{\"@type\":\"BreadcrumbList\",\"@id\":\"https:\\\/\\\/kibrisdakik.com\\\/?p=27003#breadcrumb\",\"itemListElement\":[{\"@type\":\"ListItem\",\"position\":1,\"name\":\"Home\",\"item\":\"https:\\\/\\\/kibrisdakik.com\\\/\"},{\"@type\":\"ListItem\",\"position\":2,\"name\":\"Gezeravc\u0131&#039;n\u0131n da aralar\u0131nda oldu\u011fu Ax-3 ekibi aileleriyle vedala\u015ft\u0131\"}]},{\"@type\":\"WebSite\",\"@id\":\"https:\\\/\\\/kibrisdakik.com\\\/#website\",\"url\":\"https:\\\/\\\/kibrisdakik.com\\\/\",\"name\":\"\",\"description\":\"Tam vaktinde haber\",\"potentialAction\":[{\"@type\":\"SearchAction\",\"target\":{\"@type\":\"EntryPoint\",\"urlTemplate\":\"https:\\\/\\\/kibrisdakik.com\\\/?s={search_term_string}\"},\"query-input\":{\"@type\":\"PropertyValueSpecification\",\"valueRequired\":true,\"valueName\":\"search_term_string\"}}],\"inLanguage\":\"tr\"},{\"@type\":\"Person\",\"@id\":\"https:\\\/\\\/kibrisdakik.com\\\/#\\\/schema\\\/person\\\/9cd9d437bbb44f72b73ba127e06d8e79\",\"name\":\"admin\",\"image\":{\"@type\":\"ImageObject\",\"inLanguage\":\"tr\",\"@id\":\"https:\\\/\\\/secure.gravatar.com\\\/avatar\\\/ccc17943b9d660506c869530f897617f7cb1c21a4bf30023f252596d83e1f007?s=96&d=mm&r=g\",\"url\":\"https:\\\/\\\/secure.gravatar.com\\\/avatar\\\/ccc17943b9d660506c869530f897617f7cb1c21a4bf30023f252596d83e1f007?s=96&d=mm&r=g\",\"contentUrl\":\"https:\\\/\\\/secure.gravatar.com\\\/avatar\\\/ccc17943b9d660506c869530f897617f7cb1c21a4bf30023f252596d83e1f007?s=96&d=mm&r=g\",\"caption\":\"admin\"},\"sameAs\":[\"https:\\\/\\\/kibrisdakik.com\"],\"url\":\"https:\\\/\\\/kibrisdakik.com\\\/?author=1\"}]}<\/script>\n<!-- \/ Yoast SEO plugin. -->","yoast_head_json":{"title":"Gezeravc\u0131&#039;n\u0131n da aralar\u0131nda oldu\u011fu Ax-3 ekibi aileleriyle vedala\u015ft\u0131 -","robots":{"index":"index","follow":"follow","max-snippet":"max-snippet:-1","max-image-preview":"max-image-preview:large","max-video-preview":"max-video-preview:-1"},"canonical":"https:\/\/kibrisdakik.com\/?p=27003","og_locale":"tr_TR","og_type":"article","og_title":"Gezeravc\u0131&#039;n\u0131n da aralar\u0131nda oldu\u011fu Ax-3 ekibi aileleriyle vedala\u015ft\u0131 -","og_description":"T\u00fcrkiye&#8217;nin ilk insanl\u0131 uzay g\u00f6revi i\u00e7in heyecanl\u0131 bekleyi\u015f s\u00fcrerken, NASA&#8217;n\u0131n Florida&#8217;daki Kennedy Uzay Merkezi&#8217;nde Ax-3 misyonunun u\u00e7u\u015fu i\u00e7in geri say\u0131m ba\u015flad\u0131. \u0130\u00e7inde T\u00fcrkiye&#8217;nin ilk astronotu olacak Gezeravc\u0131&#8217;n\u0131n da yer ald\u0131\u011f\u0131 Ax-3 misyonunun \u00fcyeleri, u\u00e7u\u015f \u00f6ncesinde aileleriyle vedala\u015ft\u0131. &nbsp; Alana helikopterle gelen Ax-3 m\u00fcrettebat\u0131, \u00f6nce aileleriyle uzaktan selamla\u015ft\u0131, Gezeravc\u0131 da yumruklar\u0131n\u0131 havaya kald\u0131rarak iki eliyle ailesine","og_url":"https:\/\/kibrisdakik.com\/?p=27003","article_published_time":"2024-01-18T21:14:36+00:00","og_image":[{"width":750,"height":500,"url":"https:\/\/kibrisdakik.com\/wp-content\/uploads\/2024\/01\/AA-33472434-740x420.jpg","type":"image\/jpeg"}],"author":"admin","twitter_card":"summary_large_image","twitter_misc":{"Yazan:":"admin","Tahmini okuma s\u00fcresi":"1 dakika"},"schema":{"@context":"https:\/\/schema.org","@graph":[{"@type":"Article","@id":"https:\/\/kibrisdakik.com\/?p=27003#article","isPartOf":{"@id":"https:\/\/kibrisdakik.com\/?p=27003"},"author":{"name":"admin","@id":"https:\/\/kibrisdakik.com\/#\/schema\/person\/9cd9d437bbb44f72b73ba127e06d8e79"},"headline":"Gezeravc\u0131&#039;n\u0131n da aralar\u0131nda oldu\u011fu Ax-3 ekibi aileleriyle vedala\u015ft\u0131","datePublished":"2024-01-18T21:14:36+00:00","mainEntityOfPage":{"@id":"https:\/\/kibrisdakik.com\/?p=27003"},"wordCount":283,"commentCount":0,"image":{"@id":"https:\/\/kibrisdakik.com\/?p=27003#primaryimage"},"thumbnailUrl":"https:\/\/kibrisdakik.com\/wp-content\/uploads\/2024\/01\/AA-33472434-740x420.jpg","articleSection":["G\u00fcndem"],"inLanguage":"tr","potentialAction":[{"@type":"CommentAction","name":"Comment","target":["https:\/\/kibrisdakik.com\/?p=27003#respond"]}]},{"@type":"WebPage","@id":"https:\/\/kibrisdakik.com\/?p=27003","url":"https:\/\/kibrisdakik.com\/?p=27003","name":"Gezeravc\u0131&#039;n\u0131n da aralar\u0131nda oldu\u011fu Ax-3 ekibi aileleriyle vedala\u015ft\u0131 -","isPartOf":{"@id":"https:\/\/kibrisdakik.com\/#website"},"primaryImageOfPage":{"@id":"https:\/\/kibrisdakik.com\/?p=27003#primaryimage"},"image":{"@id":"https:\/\/kibrisdakik.com\/?p=27003#primaryimage"},"thumbnailUrl":"https:\/\/kibrisdakik.com\/wp-content\/uploads\/2024\/01\/AA-33472434-740x420.jpg","datePublished":"2024-01-18T21:14:36+00:00","author":{"@id":"https:\/\/kibrisdakik.com\/#\/schema\/person\/9cd9d437bbb44f72b73ba127e06d8e79"},"breadcrumb":{"@id":"https:\/\/kibrisdakik.com\/?p=27003#breadcrumb"},"inLanguage":"tr","potentialAction":[{"@type":"ReadAction","target":["https:\/\/kibrisdakik.com\/?p=27003"]}]},{"@type":"ImageObject","inLanguage":"tr","@id":"https:\/\/kibrisdakik.com\/?p=27003#primaryimage","url":"https:\/\/kibrisdakik.com\/wp-content\/uploads\/2024\/01\/AA-33472434-740x420.jpg","contentUrl":"https:\/\/kibrisdakik.com\/wp-content\/uploads\/2024\/01\/AA-33472434-740x420.jpg","width":750,"height":500},{"@type":"BreadcrumbList","@id":"https:\/\/kibrisdakik.com\/?p=27003#breadcrumb","itemListElement":[{"@type":"ListItem","position":1,"name":"Home","item":"https:\/\/kibrisdakik.com\/"},{"@type":"ListItem","position":2,"name":"Gezeravc\u0131&#039;n\u0131n da aralar\u0131nda oldu\u011fu Ax-3 ekibi aileleriyle vedala\u015ft\u0131"}]},{"@type":"WebSite","@id":"https:\/\/kibrisdakik.com\/#website","url":"https:\/\/kibrisdakik.com\/","name":"","description":"Tam vaktinde haber","potentialAction":[{"@type":"SearchAction","target":{"@type":"EntryPoint","urlTemplate":"https:\/\/kibrisdakik.com\/?s={search_term_string}"},"query-input":{"@type":"PropertyValueSpecification","valueRequired":true,"valueName":"search_term_string"}}],"inLanguage":"tr"},{"@type":"Person","@id":"https:\/\/kibrisdakik.com\/#\/schema\/person\/9cd9d437bbb44f72b73ba127e06d8e79","name":"admin","image":{"@type":"ImageObject","inLanguage":"tr","@id":"https:\/\/secure.gravatar.com\/avatar\/ccc17943b9d660506c869530f897617f7cb1c21a4bf30023f252596d83e1f007?s=96&d=mm&r=g","url":"https:\/\/secure.gravatar.com\/avatar\/ccc17943b9d660506c869530f897617f7cb1c21a4bf30023f252596d83e1f007?s=96&d=mm&r=g","contentUrl":"https:\/\/secure.gravatar.com\/avatar\/ccc17943b9d660506c869530f897617f7cb1c21a4bf30023f252596d83e1f007?s=96&d=mm&r=g","caption":"admin"},"sameAs":["https:\/\/kibrisdakik.com"],"url":"https:\/\/kibrisdakik.com\/?author=1"}]}},"_links":{"self":[{"href":"https:\/\/kibrisdakik.com\/index.php?rest_route=\/wp\/v2\/posts\/27003","targetHints":{"allow":["GET"]}}],"collection":[{"href":"https:\/\/kibrisdakik.com\/index.php?rest_route=\/wp\/v2\/posts"}],"about":[{"href":"https:\/\/kibrisdakik.com\/index.php?rest_route=\/wp\/v2\/types\/post"}],"author":[{"embeddable":true,"href":"https:\/\/kibrisdakik.com\/index.php?rest_route=\/wp\/v2\/users\/1"}],"replies":[{"embeddable":true,"href":"https:\/\/kibrisdakik.com\/index.php?rest_route=%2Fwp%2Fv2%2Fcomments&post=27003"}],"version-history":[{"count":0,"href":"https:\/\/kibrisdakik.com\/index.php?rest_route=\/wp\/v2\/posts\/27003\/revisions"}],"wp:featuredmedia":[{"embeddable":true,"href":"https:\/\/kibrisdakik.com\/index.php?rest_route=\/wp\/v2\/media\/27004"}],"wp:attachment":[{"href":"https:\/\/kibrisdakik.com\/index.php?rest_route=%2Fwp%2Fv2%2Fmedia&parent=27003"}],"wp:term":[{"taxonomy":"category","embeddable":true,"href":"https:\/\/kibrisdakik.com\/index.php?rest_route=%2Fwp%2Fv2%2Fcategories&post=27003"},{"taxonomy":"post_tag","embeddable":true,"href":"https:\/\/kibrisdakik.com\/index.php?rest_route=%2Fwp%2Fv2%2Ftags&post=27003"}],"curies":[{"name":"wp","href":"https:\/\/api.w.org\/{rel}","templated":true}]}}