{"id":27011,"date":"2024-01-19T06:20:57","date_gmt":"2024-01-19T06:20:57","guid":{"rendered":"https:\/\/kibrisdakik.com\/index.php\/2024\/01\/19\/cumhuriyetimizin-ikinci-asrina-insanli-uzay-goreviyle-adim-atiyoruz\/"},"modified":"2024-01-19T06:20:57","modified_gmt":"2024-01-19T06:20:57","slug":"cumhuriyetimizin-ikinci-asrina-insanli-uzay-goreviyle-adim-atiyoruz","status":"publish","type":"post","link":"https:\/\/kibrisdakik.com\/?p=27011","title":{"rendered":"&quot;Cumhuriyetimizin ikinci asr\u0131na insanl\u0131 uzay g\u00f6reviyle ad\u0131m at\u0131yoruz&quot;"},"content":{"rendered":"<p><img decoding=\"async\" src=\"https:\/\/www.kibristurk.com\/images\/haberler\/2024\/01\/cumhuriyetimizin-ikinci-asrina-insanli-uzay-goreviyle-adim-atiyoruz-1705643859.webp\" \/><\/p>\n<p>T\u00fcrkiye Cumhurba\u015fkan\u0131 Erdo\u011fan, T\u00fcrkiye&#8217;nin ilk insanl\u0131 uzay misyonu ile ilgili bir videomesaj yay\u0131mlad\u0131.<\/p>\n<p>Erdo\u011fan&#8217;\u0131n konu\u015fmas\u0131ndan \u00f6ne \u00e7\u0131kan ifadeler \u015f\u00f6yle:<\/p>\n<p>Aziz milletim hep birlikte tarihi bir ana \u015fahitlik ediyoruz. Ortak gururumuzun zirveye y\u00fckseldi\u011fi zamanlardan birini ya\u015f\u0131yoruz. Cumhuriyetimizin ikinci asr\u0131na, T\u00fcrkiye Y\u00fczy\u0131l\u0131&#8217;na ilk kez ger\u00e7ekle\u015ftirdi\u011fimiz insanl\u0131 uzay g\u00f6reviyle ad\u0131m at\u0131yoruz.<\/p>\n<p><strong>&#8220;\u00c7ok de\u011ferli bir ba\u015flang\u0131\u00e7 yap\u0131yoruz&#8221;<\/strong><\/p>\n<p>Bilim tarihine e\u015fsiz katk\u0131lar sunmu\u015f bir medeniyetin varisleri olarak tarihte ta\u015f\u0131d\u0131\u011f\u0131m\u0131z misyonu yeniden icra etmek ad\u0131na \u00e7ok de\u011ferli yeni bir ba\u015flang\u0131\u00e7 yap\u0131yoruz. G\u00f6zlerindeki par\u0131lt\u0131yla, ufka bakan gen\u00e7lerimize, hayalleri d\u00fcnyaya s\u0131\u011fmayan \u00e7ocuklar\u0131m\u0131za ilham kayna\u011f\u0131 olmak ad\u0131na ilk kez bir vatanda\u015f\u0131m\u0131z\u0131 uzaya g\u00f6nderiyoruz.<\/p>\n<p>Y\u0131llarca T\u00fcrk Hava Kuvvetlerimize jet pilotu olarak kahramanca hizmet eden Alper Gezeravc\u0131 uzun s\u00fcren haz\u0131rl\u0131klar\u0131n ve e\u011fitimlerin ard\u0131ndan bug\u00fcn Uluslararas\u0131 Uzay \u0130stasyonuna yolculu\u011fa \u00e7\u0131k\u0131yor. 2021 y\u0131l\u0131nda d\u00fcnyaya ilan etti\u011fimiz Milli Uzay Program\u0131&#8217;m\u0131zdaki hedeflerimizden birini daha ger\u00e7e\u011fe d\u00f6n\u00fc\u015ft\u00fcr\u00fcyoruz.<\/p>\n<p><strong>&#8220;Bilim insanlar\u0131m\u0131z haz\u0131rl\u0131klar\u0131n\u0131 yapt\u0131&#8221;<\/strong><\/p>\n<p>Uluslararas\u0131 uzay istasyonunda 14 g\u00fcn boyunca s\u00fcrecek T\u00fcrk Uzay Bilimi Misyonu kapsam\u0131nda bilim insanlar\u0131m\u0131z\u0131n haz\u0131rl\u0131klar\u0131n\u0131 yapt\u0131\u011f\u0131 13 deney ger\u00e7ekle\u015ftirilecek.<\/p>\n<p>Astronomi, t\u0131p, genetik, malzeme bilimi gibi alanlarda bilimsel \u00e7al\u0131\u015fmalar yap\u0131lacak. Bu \u00e7al\u0131\u015fmalar\u0131n \u015fimdiden \u00fclkemize ve bilim insanlar\u0131m\u0131za hay\u0131rl\u0131 olmas\u0131n\u0131 diliyorum. Rabbim yolumuzu, baht\u0131m\u0131z\u0131 a\u00e7\u0131k etsin diyorum. Kal\u0131n sa\u011fl\u0131cakla.<\/p>\n","protected":false},"excerpt":{"rendered":"<p>T\u00fcrkiye Cumhurba\u015fkan\u0131 Erdo\u011fan, T\u00fcrkiye&#8217;nin ilk insanl\u0131 uzay misyonu ile ilgili bir videomesaj yay\u0131mlad\u0131. Erdo\u011fan&#8217;\u0131n konu\u015fmas\u0131ndan \u00f6ne \u00e7\u0131kan ifadeler \u015f\u00f6yle: Aziz milletim hep birlikte tarihi bir ana \u015fahitlik ediyoruz. Ortak gururumuzun zirveye y\u00fckseldi\u011fi zamanlardan birini ya\u015f\u0131yoruz. Cumhuriyetimizin ikinci asr\u0131na, T\u00fcrkiye Y\u00fczy\u0131l\u0131&#8217;na ilk kez ger\u00e7ekle\u015ftirdi\u011fimiz insanl\u0131 uzay g\u00f6reviyle ad\u0131m at\u0131yoruz. &#8220;\u00c7ok de\u011ferli bir ba\u015flang\u0131\u00e7 yap\u0131yoruz&#8221; Bilim tarihine<\/p>\n","protected":false},"author":1,"featured_media":27012,"comment_status":"open","ping_status":"open","sticky":false,"template":"","format":"standard","meta":{"footnotes":""},"categories":[86],"tags":[],"class_list":["post-27011","post","type-post","status-publish","format-standard","has-post-thumbnail","hentry","category-turkiye"],"yoast_head":"<!-- This site is optimized with the Yoast SEO plugin v27.4 - https:\/\/yoast.com\/product\/yoast-seo-wordpress\/ -->\n<title>&quot;Cumhuriyetimizin ikinci asr\u0131na insanl\u0131 uzay g\u00f6reviyle ad\u0131m at\u0131yoruz&quot; -<\/title>\n<meta name=\"robots\" content=\"index, follow, max-snippet:-1, max-image-preview:large, max-video-preview:-1\" \/>\n<link rel=\"canonical\" href=\"https:\/\/kibrisdakik.com\/?p=27011\" \/>\n<meta property=\"og:locale\" content=\"tr_TR\" \/>\n<meta property=\"og:type\" content=\"article\" \/>\n<meta property=\"og:title\" content=\"&quot;Cumhuriyetimizin ikinci asr\u0131na insanl\u0131 uzay g\u00f6reviyle ad\u0131m at\u0131yoruz&quot; -\" \/>\n<meta property=\"og:description\" content=\"T\u00fcrkiye Cumhurba\u015fkan\u0131 Erdo\u011fan, T\u00fcrkiye&#8217;nin ilk insanl\u0131 uzay misyonu ile ilgili bir videomesaj yay\u0131mlad\u0131. Erdo\u011fan&#8217;\u0131n konu\u015fmas\u0131ndan \u00f6ne \u00e7\u0131kan ifadeler \u015f\u00f6yle: Aziz milletim hep birlikte tarihi bir ana \u015fahitlik ediyoruz. Ortak gururumuzun zirveye y\u00fckseldi\u011fi zamanlardan birini ya\u015f\u0131yoruz. Cumhuriyetimizin ikinci asr\u0131na, T\u00fcrkiye Y\u00fczy\u0131l\u0131&#8217;na ilk kez ger\u00e7ekle\u015ftirdi\u011fimiz insanl\u0131 uzay g\u00f6reviyle ad\u0131m at\u0131yoruz. &#8220;\u00c7ok de\u011ferli bir ba\u015flang\u0131\u00e7 yap\u0131yoruz&#8221; Bilim tarihine\" \/>\n<meta property=\"og:url\" content=\"https:\/\/kibrisdakik.com\/?p=27011\" \/>\n<meta property=\"article:published_time\" content=\"2024-01-19T06:20:57+00:00\" \/>\n<meta property=\"og:image\" content=\"https:\/\/kibrisdakik.com\/wp-content\/uploads\/2024\/01\/cumhuriyetimizin-ikinci-asrina-insanli-uzay-goreviyle-adim-atiyoruz-1705643859.webp.webp\" \/>\n\t<meta property=\"og:image:width\" content=\"710\" \/>\n\t<meta property=\"og:image:height\" content=\"370\" \/>\n\t<meta property=\"og:image:type\" content=\"image\/webp\" \/>\n<meta name=\"author\" content=\"admin\" \/>\n<meta name=\"twitter:card\" content=\"summary_large_image\" \/>\n<meta name=\"twitter:label1\" content=\"Yazan:\" \/>\n\t<meta name=\"twitter:data1\" content=\"admin\" \/>\n\t<meta name=\"twitter:label2\" content=\"Tahmini okuma s\u00fcresi\" \/>\n\t<meta name=\"twitter:data2\" content=\"1 dakika\" \/>\n<script type=\"application\/ld+json\" class=\"yoast-schema-graph\">{\"@context\":\"https:\\\/\\\/schema.org\",\"@graph\":[{\"@type\":\"Article\",\"@id\":\"https:\\\/\\\/kibrisdakik.com\\\/?p=27011#article\",\"isPartOf\":{\"@id\":\"https:\\\/\\\/kibrisdakik.com\\\/?p=27011\"},\"author\":{\"name\":\"admin\",\"@id\":\"https:\\\/\\\/kibrisdakik.com\\\/#\\\/schema\\\/person\\\/9cd9d437bbb44f72b73ba127e06d8e79\"},\"headline\":\"&quot;Cumhuriyetimizin ikinci asr\u0131na insanl\u0131 uzay g\u00f6reviyle ad\u0131m at\u0131yoruz&quot;\",\"datePublished\":\"2024-01-19T06:20:57+00:00\",\"mainEntityOfPage\":{\"@id\":\"https:\\\/\\\/kibrisdakik.com\\\/?p=27011\"},\"wordCount\":295,\"commentCount\":0,\"image\":{\"@id\":\"https:\\\/\\\/kibrisdakik.com\\\/?p=27011#primaryimage\"},\"thumbnailUrl\":\"https:\\\/\\\/kibrisdakik.com\\\/wp-content\\\/uploads\\\/2024\\\/01\\\/cumhuriyetimizin-ikinci-asrina-insanli-uzay-goreviyle-adim-atiyoruz-1705643859.webp.webp\",\"articleSection\":[\"T\u00fcrkiye\"],\"inLanguage\":\"tr\",\"potentialAction\":[{\"@type\":\"CommentAction\",\"name\":\"Comment\",\"target\":[\"https:\\\/\\\/kibrisdakik.com\\\/?p=27011#respond\"]}]},{\"@type\":\"WebPage\",\"@id\":\"https:\\\/\\\/kibrisdakik.com\\\/?p=27011\",\"url\":\"https:\\\/\\\/kibrisdakik.com\\\/?p=27011\",\"name\":\"&quot;Cumhuriyetimizin ikinci asr\u0131na insanl\u0131 uzay g\u00f6reviyle ad\u0131m at\u0131yoruz&quot; -\",\"isPartOf\":{\"@id\":\"https:\\\/\\\/kibrisdakik.com\\\/#website\"},\"primaryImageOfPage\":{\"@id\":\"https:\\\/\\\/kibrisdakik.com\\\/?p=27011#primaryimage\"},\"image\":{\"@id\":\"https:\\\/\\\/kibrisdakik.com\\\/?p=27011#primaryimage\"},\"thumbnailUrl\":\"https:\\\/\\\/kibrisdakik.com\\\/wp-content\\\/uploads\\\/2024\\\/01\\\/cumhuriyetimizin-ikinci-asrina-insanli-uzay-goreviyle-adim-atiyoruz-1705643859.webp.webp\",\"datePublished\":\"2024-01-19T06:20:57+00:00\",\"author\":{\"@id\":\"https:\\\/\\\/kibrisdakik.com\\\/#\\\/schema\\\/person\\\/9cd9d437bbb44f72b73ba127e06d8e79\"},\"breadcrumb\":{\"@id\":\"https:\\\/\\\/kibrisdakik.com\\\/?p=27011#breadcrumb\"},\"inLanguage\":\"tr\",\"potentialAction\":[{\"@type\":\"ReadAction\",\"target\":[\"https:\\\/\\\/kibrisdakik.com\\\/?p=27011\"]}]},{\"@type\":\"ImageObject\",\"inLanguage\":\"tr\",\"@id\":\"https:\\\/\\\/kibrisdakik.com\\\/?p=27011#primaryimage\",\"url\":\"https:\\\/\\\/kibrisdakik.com\\\/wp-content\\\/uploads\\\/2024\\\/01\\\/cumhuriyetimizin-ikinci-asrina-insanli-uzay-goreviyle-adim-atiyoruz-1705643859.webp.webp\",\"contentUrl\":\"https:\\\/\\\/kibrisdakik.com\\\/wp-content\\\/uploads\\\/2024\\\/01\\\/cumhuriyetimizin-ikinci-asrina-insanli-uzay-goreviyle-adim-atiyoruz-1705643859.webp.webp\",\"width\":710,\"height\":370},{\"@type\":\"BreadcrumbList\",\"@id\":\"https:\\\/\\\/kibrisdakik.com\\\/?p=27011#breadcrumb\",\"itemListElement\":[{\"@type\":\"ListItem\",\"position\":1,\"name\":\"Home\",\"item\":\"https:\\\/\\\/kibrisdakik.com\\\/\"},{\"@type\":\"ListItem\",\"position\":2,\"name\":\"&quot;Cumhuriyetimizin ikinci asr\u0131na insanl\u0131 uzay g\u00f6reviyle ad\u0131m at\u0131yoruz&quot;\"}]},{\"@type\":\"WebSite\",\"@id\":\"https:\\\/\\\/kibrisdakik.com\\\/#website\",\"url\":\"https:\\\/\\\/kibrisdakik.com\\\/\",\"name\":\"\",\"description\":\"Tam vaktinde haber\",\"potentialAction\":[{\"@type\":\"SearchAction\",\"target\":{\"@type\":\"EntryPoint\",\"urlTemplate\":\"https:\\\/\\\/kibrisdakik.com\\\/?s={search_term_string}\"},\"query-input\":{\"@type\":\"PropertyValueSpecification\",\"valueRequired\":true,\"valueName\":\"search_term_string\"}}],\"inLanguage\":\"tr\"},{\"@type\":\"Person\",\"@id\":\"https:\\\/\\\/kibrisdakik.com\\\/#\\\/schema\\\/person\\\/9cd9d437bbb44f72b73ba127e06d8e79\",\"name\":\"admin\",\"image\":{\"@type\":\"ImageObject\",\"inLanguage\":\"tr\",\"@id\":\"https:\\\/\\\/secure.gravatar.com\\\/avatar\\\/ccc17943b9d660506c869530f897617f7cb1c21a4bf30023f252596d83e1f007?s=96&d=mm&r=g\",\"url\":\"https:\\\/\\\/secure.gravatar.com\\\/avatar\\\/ccc17943b9d660506c869530f897617f7cb1c21a4bf30023f252596d83e1f007?s=96&d=mm&r=g\",\"contentUrl\":\"https:\\\/\\\/secure.gravatar.com\\\/avatar\\\/ccc17943b9d660506c869530f897617f7cb1c21a4bf30023f252596d83e1f007?s=96&d=mm&r=g\",\"caption\":\"admin\"},\"sameAs\":[\"https:\\\/\\\/kibrisdakik.com\"],\"url\":\"https:\\\/\\\/kibrisdakik.com\\\/?author=1\"}]}<\/script>\n<!-- \/ Yoast SEO plugin. -->","yoast_head_json":{"title":"&quot;Cumhuriyetimizin ikinci asr\u0131na insanl\u0131 uzay g\u00f6reviyle ad\u0131m at\u0131yoruz&quot; -","robots":{"index":"index","follow":"follow","max-snippet":"max-snippet:-1","max-image-preview":"max-image-preview:large","max-video-preview":"max-video-preview:-1"},"canonical":"https:\/\/kibrisdakik.com\/?p=27011","og_locale":"tr_TR","og_type":"article","og_title":"&quot;Cumhuriyetimizin ikinci asr\u0131na insanl\u0131 uzay g\u00f6reviyle ad\u0131m at\u0131yoruz&quot; -","og_description":"T\u00fcrkiye Cumhurba\u015fkan\u0131 Erdo\u011fan, T\u00fcrkiye&#8217;nin ilk insanl\u0131 uzay misyonu ile ilgili bir videomesaj yay\u0131mlad\u0131. Erdo\u011fan&#8217;\u0131n konu\u015fmas\u0131ndan \u00f6ne \u00e7\u0131kan ifadeler \u015f\u00f6yle: Aziz milletim hep birlikte tarihi bir ana \u015fahitlik ediyoruz. Ortak gururumuzun zirveye y\u00fckseldi\u011fi zamanlardan birini ya\u015f\u0131yoruz. Cumhuriyetimizin ikinci asr\u0131na, T\u00fcrkiye Y\u00fczy\u0131l\u0131&#8217;na ilk kez ger\u00e7ekle\u015ftirdi\u011fimiz insanl\u0131 uzay g\u00f6reviyle ad\u0131m at\u0131yoruz. &#8220;\u00c7ok de\u011ferli bir ba\u015flang\u0131\u00e7 yap\u0131yoruz&#8221; Bilim tarihine","og_url":"https:\/\/kibrisdakik.com\/?p=27011","article_published_time":"2024-01-19T06:20:57+00:00","og_image":[{"width":710,"height":370,"url":"https:\/\/kibrisdakik.com\/wp-content\/uploads\/2024\/01\/cumhuriyetimizin-ikinci-asrina-insanli-uzay-goreviyle-adim-atiyoruz-1705643859.webp.webp","type":"image\/webp"}],"author":"admin","twitter_card":"summary_large_image","twitter_misc":{"Yazan:":"admin","Tahmini okuma s\u00fcresi":"1 dakika"},"schema":{"@context":"https:\/\/schema.org","@graph":[{"@type":"Article","@id":"https:\/\/kibrisdakik.com\/?p=27011#article","isPartOf":{"@id":"https:\/\/kibrisdakik.com\/?p=27011"},"author":{"name":"admin","@id":"https:\/\/kibrisdakik.com\/#\/schema\/person\/9cd9d437bbb44f72b73ba127e06d8e79"},"headline":"&quot;Cumhuriyetimizin ikinci asr\u0131na insanl\u0131 uzay g\u00f6reviyle ad\u0131m at\u0131yoruz&quot;","datePublished":"2024-01-19T06:20:57+00:00","mainEntityOfPage":{"@id":"https:\/\/kibrisdakik.com\/?p=27011"},"wordCount":295,"commentCount":0,"image":{"@id":"https:\/\/kibrisdakik.com\/?p=27011#primaryimage"},"thumbnailUrl":"https:\/\/kibrisdakik.com\/wp-content\/uploads\/2024\/01\/cumhuriyetimizin-ikinci-asrina-insanli-uzay-goreviyle-adim-atiyoruz-1705643859.webp.webp","articleSection":["T\u00fcrkiye"],"inLanguage":"tr","potentialAction":[{"@type":"CommentAction","name":"Comment","target":["https:\/\/kibrisdakik.com\/?p=27011#respond"]}]},{"@type":"WebPage","@id":"https:\/\/kibrisdakik.com\/?p=27011","url":"https:\/\/kibrisdakik.com\/?p=27011","name":"&quot;Cumhuriyetimizin ikinci asr\u0131na insanl\u0131 uzay g\u00f6reviyle ad\u0131m at\u0131yoruz&quot; -","isPartOf":{"@id":"https:\/\/kibrisdakik.com\/#website"},"primaryImageOfPage":{"@id":"https:\/\/kibrisdakik.com\/?p=27011#primaryimage"},"image":{"@id":"https:\/\/kibrisdakik.com\/?p=27011#primaryimage"},"thumbnailUrl":"https:\/\/kibrisdakik.com\/wp-content\/uploads\/2024\/01\/cumhuriyetimizin-ikinci-asrina-insanli-uzay-goreviyle-adim-atiyoruz-1705643859.webp.webp","datePublished":"2024-01-19T06:20:57+00:00","author":{"@id":"https:\/\/kibrisdakik.com\/#\/schema\/person\/9cd9d437bbb44f72b73ba127e06d8e79"},"breadcrumb":{"@id":"https:\/\/kibrisdakik.com\/?p=27011#breadcrumb"},"inLanguage":"tr","potentialAction":[{"@type":"ReadAction","target":["https:\/\/kibrisdakik.com\/?p=27011"]}]},{"@type":"ImageObject","inLanguage":"tr","@id":"https:\/\/kibrisdakik.com\/?p=27011#primaryimage","url":"https:\/\/kibrisdakik.com\/wp-content\/uploads\/2024\/01\/cumhuriyetimizin-ikinci-asrina-insanli-uzay-goreviyle-adim-atiyoruz-1705643859.webp.webp","contentUrl":"https:\/\/kibrisdakik.com\/wp-content\/uploads\/2024\/01\/cumhuriyetimizin-ikinci-asrina-insanli-uzay-goreviyle-adim-atiyoruz-1705643859.webp.webp","width":710,"height":370},{"@type":"BreadcrumbList","@id":"https:\/\/kibrisdakik.com\/?p=27011#breadcrumb","itemListElement":[{"@type":"ListItem","position":1,"name":"Home","item":"https:\/\/kibrisdakik.com\/"},{"@type":"ListItem","position":2,"name":"&quot;Cumhuriyetimizin ikinci asr\u0131na insanl\u0131 uzay g\u00f6reviyle ad\u0131m at\u0131yoruz&quot;"}]},{"@type":"WebSite","@id":"https:\/\/kibrisdakik.com\/#website","url":"https:\/\/kibrisdakik.com\/","name":"","description":"Tam vaktinde haber","potentialAction":[{"@type":"SearchAction","target":{"@type":"EntryPoint","urlTemplate":"https:\/\/kibrisdakik.com\/?s={search_term_string}"},"query-input":{"@type":"PropertyValueSpecification","valueRequired":true,"valueName":"search_term_string"}}],"inLanguage":"tr"},{"@type":"Person","@id":"https:\/\/kibrisdakik.com\/#\/schema\/person\/9cd9d437bbb44f72b73ba127e06d8e79","name":"admin","image":{"@type":"ImageObject","inLanguage":"tr","@id":"https:\/\/secure.gravatar.com\/avatar\/ccc17943b9d660506c869530f897617f7cb1c21a4bf30023f252596d83e1f007?s=96&d=mm&r=g","url":"https:\/\/secure.gravatar.com\/avatar\/ccc17943b9d660506c869530f897617f7cb1c21a4bf30023f252596d83e1f007?s=96&d=mm&r=g","contentUrl":"https:\/\/secure.gravatar.com\/avatar\/ccc17943b9d660506c869530f897617f7cb1c21a4bf30023f252596d83e1f007?s=96&d=mm&r=g","caption":"admin"},"sameAs":["https:\/\/kibrisdakik.com"],"url":"https:\/\/kibrisdakik.com\/?author=1"}]}},"_links":{"self":[{"href":"https:\/\/kibrisdakik.com\/index.php?rest_route=\/wp\/v2\/posts\/27011","targetHints":{"allow":["GET"]}}],"collection":[{"href":"https:\/\/kibrisdakik.com\/index.php?rest_route=\/wp\/v2\/posts"}],"about":[{"href":"https:\/\/kibrisdakik.com\/index.php?rest_route=\/wp\/v2\/types\/post"}],"author":[{"embeddable":true,"href":"https:\/\/kibrisdakik.com\/index.php?rest_route=\/wp\/v2\/users\/1"}],"replies":[{"embeddable":true,"href":"https:\/\/kibrisdakik.com\/index.php?rest_route=%2Fwp%2Fv2%2Fcomments&post=27011"}],"version-history":[{"count":0,"href":"https:\/\/kibrisdakik.com\/index.php?rest_route=\/wp\/v2\/posts\/27011\/revisions"}],"wp:featuredmedia":[{"embeddable":true,"href":"https:\/\/kibrisdakik.com\/index.php?rest_route=\/wp\/v2\/media\/27012"}],"wp:attachment":[{"href":"https:\/\/kibrisdakik.com\/index.php?rest_route=%2Fwp%2Fv2%2Fmedia&parent=27011"}],"wp:term":[{"taxonomy":"category","embeddable":true,"href":"https:\/\/kibrisdakik.com\/index.php?rest_route=%2Fwp%2Fv2%2Fcategories&post=27011"},{"taxonomy":"post_tag","embeddable":true,"href":"https:\/\/kibrisdakik.com\/index.php?rest_route=%2Fwp%2Fv2%2Ftags&post=27011"}],"curies":[{"name":"wp","href":"https:\/\/api.w.org\/{rel}","templated":true}]}}