{"id":27019,"date":"2024-01-19T06:38:35","date_gmt":"2024-01-19T06:38:35","guid":{"rendered":"https:\/\/kibrisdakik.com\/index.php\/2024\/01\/19\/covid-belasi-yeniden-mi-hortluyor\/"},"modified":"2024-01-19T06:38:35","modified_gmt":"2024-01-19T06:38:35","slug":"covid-belasi-yeniden-mi-hortluyor","status":"publish","type":"post","link":"https:\/\/kibrisdakik.com\/?p=27019","title":{"rendered":"\u2018COV\u0130D Belas\u0131\u2019 yeniden mi hortluyor"},"content":{"rendered":"<p><img decoding=\"async\" src=\"https:\/\/www.kibristurk.com\/images\/haberler\/2024\/01\/covid-belasi-yeniden-mi-hortluyor-1705642998.webp\" \/><\/p>\n<p><u><strong>K\u0131br\u0131s T\u00fcrk \u00d6zel Haber<\/strong><\/u><\/p>\n<p>D\u00fcnyada ve \u00fclkemizde son haftalarda artan Covid-19 vakalar\u0131 endi\u015fe yarat\u0131rken, Sa\u011fl\u0131k Bakanl\u0131\u011f\u0131, Bula\u015f\u0131c\u0131 Hastal\u0131klar \u00dcst Komitesi baz\u0131 yerlerde maske zorunlulu\u011fu getirdi.&nbsp;<br \/>\nPandemi d\u00f6nemini hat\u0131rlatan uygulama halk aras\u0131nda endi\u015fe yarat\u0131rken K\u0131br\u0131s T\u00fcrk Haber\u2019e konu\u015fan vatanda\u015flar, \u201cKapanma d\u00f6nemine girersek mahvoluruz. Ekonomi ancak kendini toparlam\u0131\u015fken, vakalar\u0131n artmas\u0131ndan korkuyoruz. Kendimize olabildi\u011fince iyi bak\u0131yoruz. Umar\u0131z bu ge\u00e7ici bir durumdur\u201d dedi.&nbsp;<br \/>\nBula\u015f\u0131c\u0131 Hastal\u0131klar \u00dcst Komitesi\u2019nin maske zorunlulu\u011fu kararlar\u0131nda, \u00fcst solunum yolu \u015fikayeti olan ki\u015filerin maske takmas\u0131 zorunlu hale getirildi.<br \/>\nBunun yan\u0131nda, ya\u015fl\u0131 bak\u0131m evlerini, hastaneleri ve cezaevlerini ziyarete giden ki\u015filer ile bak\u0131m evi \u00e7al\u0131\u015fanlar\u0131 ve 65 ya\u015f \u00fcst\u00fc hasta bak\u0131m\u0131yla g\u00f6revli olan ki\u015filerin de maske takmas\u0131 zorunlu k\u0131l\u0131nd\u0131.<br \/>\nKararlarda ayr\u0131ca, risk grubunda olan ki\u015filerde solunum yolu enfeksiyonu bulunmas\u0131 halinde en k\u0131sa s\u00fcrede doktora ba\u015fvurulmas\u0131, kapal\u0131 alanlar\u0131n s\u0131kl\u0131kla havaland\u0131r\u0131lmas\u0131 ve hijyen kurallar\u0131na dikkat edilmesi gerekti\u011fi kaydedildi.<\/p>\n","protected":false},"excerpt":{"rendered":"<p>K\u0131br\u0131s T\u00fcrk \u00d6zel Haber D\u00fcnyada ve \u00fclkemizde son haftalarda artan Covid-19 vakalar\u0131 endi\u015fe yarat\u0131rken, Sa\u011fl\u0131k Bakanl\u0131\u011f\u0131, Bula\u015f\u0131c\u0131 Hastal\u0131klar \u00dcst Komitesi baz\u0131 yerlerde maske zorunlulu\u011fu getirdi.&nbsp; Pandemi d\u00f6nemini hat\u0131rlatan uygulama halk aras\u0131nda endi\u015fe yarat\u0131rken K\u0131br\u0131s T\u00fcrk Haber\u2019e konu\u015fan vatanda\u015flar, \u201cKapanma d\u00f6nemine girersek mahvoluruz. Ekonomi ancak kendini toparlam\u0131\u015fken, vakalar\u0131n artmas\u0131ndan korkuyoruz. Kendimize olabildi\u011fince iyi bak\u0131yoruz. Umar\u0131z bu<\/p>\n","protected":false},"author":1,"featured_media":27020,"comment_status":"open","ping_status":"open","sticky":false,"template":"","format":"standard","meta":{"footnotes":""},"categories":[79],"tags":[],"class_list":["post-27019","post","type-post","status-publish","format-standard","has-post-thumbnail","hentry","category-ekonomi"],"yoast_head":"<!-- This site is optimized with the Yoast SEO plugin v27.5 - https:\/\/yoast.com\/product\/yoast-seo-wordpress\/ -->\n<title>\u2018COV\u0130D Belas\u0131\u2019 yeniden mi hortluyor -<\/title>\n<meta name=\"robots\" content=\"index, follow, max-snippet:-1, max-image-preview:large, max-video-preview:-1\" \/>\n<link rel=\"canonical\" href=\"https:\/\/kibrisdakik.com\/?p=27019\" \/>\n<meta property=\"og:locale\" content=\"tr_TR\" \/>\n<meta property=\"og:type\" content=\"article\" \/>\n<meta property=\"og:title\" content=\"\u2018COV\u0130D Belas\u0131\u2019 yeniden mi hortluyor -\" \/>\n<meta property=\"og:description\" content=\"K\u0131br\u0131s T\u00fcrk \u00d6zel Haber D\u00fcnyada ve \u00fclkemizde son haftalarda artan Covid-19 vakalar\u0131 endi\u015fe yarat\u0131rken, Sa\u011fl\u0131k Bakanl\u0131\u011f\u0131, Bula\u015f\u0131c\u0131 Hastal\u0131klar \u00dcst Komitesi baz\u0131 yerlerde maske zorunlulu\u011fu getirdi.&nbsp; Pandemi d\u00f6nemini hat\u0131rlatan uygulama halk aras\u0131nda endi\u015fe yarat\u0131rken K\u0131br\u0131s T\u00fcrk Haber\u2019e konu\u015fan vatanda\u015flar, \u201cKapanma d\u00f6nemine girersek mahvoluruz. Ekonomi ancak kendini toparlam\u0131\u015fken, vakalar\u0131n artmas\u0131ndan korkuyoruz. Kendimize olabildi\u011fince iyi bak\u0131yoruz. Umar\u0131z bu\" \/>\n<meta property=\"og:url\" content=\"https:\/\/kibrisdakik.com\/?p=27019\" \/>\n<meta property=\"article:published_time\" content=\"2024-01-19T06:38:35+00:00\" \/>\n<meta property=\"og:image\" content=\"https:\/\/kibrisdakik.com\/wp-content\/uploads\/2024\/01\/covid-belasi-yeniden-mi-hortluyor-1705642998.webp.webp\" \/>\n\t<meta property=\"og:image:width\" content=\"710\" \/>\n\t<meta property=\"og:image:height\" content=\"370\" \/>\n\t<meta property=\"og:image:type\" content=\"image\/webp\" \/>\n<meta name=\"author\" content=\"admin\" \/>\n<meta name=\"twitter:card\" content=\"summary_large_image\" \/>\n<meta name=\"twitter:label1\" content=\"Yazan:\" \/>\n\t<meta name=\"twitter:data1\" content=\"admin\" \/>\n\t<meta name=\"twitter:label2\" content=\"Tahmini okuma s\u00fcresi\" \/>\n\t<meta name=\"twitter:data2\" content=\"1 dakika\" \/>\n<script type=\"application\/ld+json\" class=\"yoast-schema-graph\">{\"@context\":\"https:\\\/\\\/schema.org\",\"@graph\":[{\"@type\":\"Article\",\"@id\":\"https:\\\/\\\/kibrisdakik.com\\\/?p=27019#article\",\"isPartOf\":{\"@id\":\"https:\\\/\\\/kibrisdakik.com\\\/?p=27019\"},\"author\":{\"name\":\"admin\",\"@id\":\"https:\\\/\\\/kibrisdakik.com\\\/#\\\/schema\\\/person\\\/9cd9d437bbb44f72b73ba127e06d8e79\"},\"headline\":\"\u2018COV\u0130D Belas\u0131\u2019 yeniden mi hortluyor\",\"datePublished\":\"2024-01-19T06:38:35+00:00\",\"mainEntityOfPage\":{\"@id\":\"https:\\\/\\\/kibrisdakik.com\\\/?p=27019\"},\"wordCount\":200,\"commentCount\":0,\"image\":{\"@id\":\"https:\\\/\\\/kibrisdakik.com\\\/?p=27019#primaryimage\"},\"thumbnailUrl\":\"https:\\\/\\\/kibrisdakik.com\\\/wp-content\\\/uploads\\\/2024\\\/01\\\/covid-belasi-yeniden-mi-hortluyor-1705642998.webp.webp\",\"articleSection\":[\"Ekonomi\"],\"inLanguage\":\"tr\",\"potentialAction\":[{\"@type\":\"CommentAction\",\"name\":\"Comment\",\"target\":[\"https:\\\/\\\/kibrisdakik.com\\\/?p=27019#respond\"]}]},{\"@type\":\"WebPage\",\"@id\":\"https:\\\/\\\/kibrisdakik.com\\\/?p=27019\",\"url\":\"https:\\\/\\\/kibrisdakik.com\\\/?p=27019\",\"name\":\"\u2018COV\u0130D Belas\u0131\u2019 yeniden mi hortluyor -\",\"isPartOf\":{\"@id\":\"https:\\\/\\\/kibrisdakik.com\\\/#website\"},\"primaryImageOfPage\":{\"@id\":\"https:\\\/\\\/kibrisdakik.com\\\/?p=27019#primaryimage\"},\"image\":{\"@id\":\"https:\\\/\\\/kibrisdakik.com\\\/?p=27019#primaryimage\"},\"thumbnailUrl\":\"https:\\\/\\\/kibrisdakik.com\\\/wp-content\\\/uploads\\\/2024\\\/01\\\/covid-belasi-yeniden-mi-hortluyor-1705642998.webp.webp\",\"datePublished\":\"2024-01-19T06:38:35+00:00\",\"author\":{\"@id\":\"https:\\\/\\\/kibrisdakik.com\\\/#\\\/schema\\\/person\\\/9cd9d437bbb44f72b73ba127e06d8e79\"},\"breadcrumb\":{\"@id\":\"https:\\\/\\\/kibrisdakik.com\\\/?p=27019#breadcrumb\"},\"inLanguage\":\"tr\",\"potentialAction\":[{\"@type\":\"ReadAction\",\"target\":[\"https:\\\/\\\/kibrisdakik.com\\\/?p=27019\"]}]},{\"@type\":\"ImageObject\",\"inLanguage\":\"tr\",\"@id\":\"https:\\\/\\\/kibrisdakik.com\\\/?p=27019#primaryimage\",\"url\":\"https:\\\/\\\/kibrisdakik.com\\\/wp-content\\\/uploads\\\/2024\\\/01\\\/covid-belasi-yeniden-mi-hortluyor-1705642998.webp.webp\",\"contentUrl\":\"https:\\\/\\\/kibrisdakik.com\\\/wp-content\\\/uploads\\\/2024\\\/01\\\/covid-belasi-yeniden-mi-hortluyor-1705642998.webp.webp\",\"width\":710,\"height\":370},{\"@type\":\"BreadcrumbList\",\"@id\":\"https:\\\/\\\/kibrisdakik.com\\\/?p=27019#breadcrumb\",\"itemListElement\":[{\"@type\":\"ListItem\",\"position\":1,\"name\":\"Home\",\"item\":\"https:\\\/\\\/kibrisdakik.com\\\/\"},{\"@type\":\"ListItem\",\"position\":2,\"name\":\"\u2018COV\u0130D Belas\u0131\u2019 yeniden mi hortluyor\"}]},{\"@type\":\"WebSite\",\"@id\":\"https:\\\/\\\/kibrisdakik.com\\\/#website\",\"url\":\"https:\\\/\\\/kibrisdakik.com\\\/\",\"name\":\"\",\"description\":\"Tam vaktinde haber\",\"potentialAction\":[{\"@type\":\"SearchAction\",\"target\":{\"@type\":\"EntryPoint\",\"urlTemplate\":\"https:\\\/\\\/kibrisdakik.com\\\/?s={search_term_string}\"},\"query-input\":{\"@type\":\"PropertyValueSpecification\",\"valueRequired\":true,\"valueName\":\"search_term_string\"}}],\"inLanguage\":\"tr\"},{\"@type\":\"Person\",\"@id\":\"https:\\\/\\\/kibrisdakik.com\\\/#\\\/schema\\\/person\\\/9cd9d437bbb44f72b73ba127e06d8e79\",\"name\":\"admin\",\"image\":{\"@type\":\"ImageObject\",\"inLanguage\":\"tr\",\"@id\":\"https:\\\/\\\/secure.gravatar.com\\\/avatar\\\/ccc17943b9d660506c869530f897617f7cb1c21a4bf30023f252596d83e1f007?s=96&d=mm&r=g\",\"url\":\"https:\\\/\\\/secure.gravatar.com\\\/avatar\\\/ccc17943b9d660506c869530f897617f7cb1c21a4bf30023f252596d83e1f007?s=96&d=mm&r=g\",\"contentUrl\":\"https:\\\/\\\/secure.gravatar.com\\\/avatar\\\/ccc17943b9d660506c869530f897617f7cb1c21a4bf30023f252596d83e1f007?s=96&d=mm&r=g\",\"caption\":\"admin\"},\"sameAs\":[\"https:\\\/\\\/kibrisdakik.com\"],\"url\":\"https:\\\/\\\/kibrisdakik.com\\\/?author=1\"}]}<\/script>\n<!-- \/ Yoast SEO plugin. -->","yoast_head_json":{"title":"\u2018COV\u0130D Belas\u0131\u2019 yeniden mi hortluyor -","robots":{"index":"index","follow":"follow","max-snippet":"max-snippet:-1","max-image-preview":"max-image-preview:large","max-video-preview":"max-video-preview:-1"},"canonical":"https:\/\/kibrisdakik.com\/?p=27019","og_locale":"tr_TR","og_type":"article","og_title":"\u2018COV\u0130D Belas\u0131\u2019 yeniden mi hortluyor -","og_description":"K\u0131br\u0131s T\u00fcrk \u00d6zel Haber D\u00fcnyada ve \u00fclkemizde son haftalarda artan Covid-19 vakalar\u0131 endi\u015fe yarat\u0131rken, Sa\u011fl\u0131k Bakanl\u0131\u011f\u0131, Bula\u015f\u0131c\u0131 Hastal\u0131klar \u00dcst Komitesi baz\u0131 yerlerde maske zorunlulu\u011fu getirdi.&nbsp; Pandemi d\u00f6nemini hat\u0131rlatan uygulama halk aras\u0131nda endi\u015fe yarat\u0131rken K\u0131br\u0131s T\u00fcrk Haber\u2019e konu\u015fan vatanda\u015flar, \u201cKapanma d\u00f6nemine girersek mahvoluruz. Ekonomi ancak kendini toparlam\u0131\u015fken, vakalar\u0131n artmas\u0131ndan korkuyoruz. Kendimize olabildi\u011fince iyi bak\u0131yoruz. Umar\u0131z bu","og_url":"https:\/\/kibrisdakik.com\/?p=27019","article_published_time":"2024-01-19T06:38:35+00:00","og_image":[{"width":710,"height":370,"url":"https:\/\/kibrisdakik.com\/wp-content\/uploads\/2024\/01\/covid-belasi-yeniden-mi-hortluyor-1705642998.webp.webp","type":"image\/webp"}],"author":"admin","twitter_card":"summary_large_image","twitter_misc":{"Yazan:":"admin","Tahmini okuma s\u00fcresi":"1 dakika"},"schema":{"@context":"https:\/\/schema.org","@graph":[{"@type":"Article","@id":"https:\/\/kibrisdakik.com\/?p=27019#article","isPartOf":{"@id":"https:\/\/kibrisdakik.com\/?p=27019"},"author":{"name":"admin","@id":"https:\/\/kibrisdakik.com\/#\/schema\/person\/9cd9d437bbb44f72b73ba127e06d8e79"},"headline":"\u2018COV\u0130D Belas\u0131\u2019 yeniden mi hortluyor","datePublished":"2024-01-19T06:38:35+00:00","mainEntityOfPage":{"@id":"https:\/\/kibrisdakik.com\/?p=27019"},"wordCount":200,"commentCount":0,"image":{"@id":"https:\/\/kibrisdakik.com\/?p=27019#primaryimage"},"thumbnailUrl":"https:\/\/kibrisdakik.com\/wp-content\/uploads\/2024\/01\/covid-belasi-yeniden-mi-hortluyor-1705642998.webp.webp","articleSection":["Ekonomi"],"inLanguage":"tr","potentialAction":[{"@type":"CommentAction","name":"Comment","target":["https:\/\/kibrisdakik.com\/?p=27019#respond"]}]},{"@type":"WebPage","@id":"https:\/\/kibrisdakik.com\/?p=27019","url":"https:\/\/kibrisdakik.com\/?p=27019","name":"\u2018COV\u0130D Belas\u0131\u2019 yeniden mi hortluyor -","isPartOf":{"@id":"https:\/\/kibrisdakik.com\/#website"},"primaryImageOfPage":{"@id":"https:\/\/kibrisdakik.com\/?p=27019#primaryimage"},"image":{"@id":"https:\/\/kibrisdakik.com\/?p=27019#primaryimage"},"thumbnailUrl":"https:\/\/kibrisdakik.com\/wp-content\/uploads\/2024\/01\/covid-belasi-yeniden-mi-hortluyor-1705642998.webp.webp","datePublished":"2024-01-19T06:38:35+00:00","author":{"@id":"https:\/\/kibrisdakik.com\/#\/schema\/person\/9cd9d437bbb44f72b73ba127e06d8e79"},"breadcrumb":{"@id":"https:\/\/kibrisdakik.com\/?p=27019#breadcrumb"},"inLanguage":"tr","potentialAction":[{"@type":"ReadAction","target":["https:\/\/kibrisdakik.com\/?p=27019"]}]},{"@type":"ImageObject","inLanguage":"tr","@id":"https:\/\/kibrisdakik.com\/?p=27019#primaryimage","url":"https:\/\/kibrisdakik.com\/wp-content\/uploads\/2024\/01\/covid-belasi-yeniden-mi-hortluyor-1705642998.webp.webp","contentUrl":"https:\/\/kibrisdakik.com\/wp-content\/uploads\/2024\/01\/covid-belasi-yeniden-mi-hortluyor-1705642998.webp.webp","width":710,"height":370},{"@type":"BreadcrumbList","@id":"https:\/\/kibrisdakik.com\/?p=27019#breadcrumb","itemListElement":[{"@type":"ListItem","position":1,"name":"Home","item":"https:\/\/kibrisdakik.com\/"},{"@type":"ListItem","position":2,"name":"\u2018COV\u0130D Belas\u0131\u2019 yeniden mi hortluyor"}]},{"@type":"WebSite","@id":"https:\/\/kibrisdakik.com\/#website","url":"https:\/\/kibrisdakik.com\/","name":"","description":"Tam vaktinde haber","potentialAction":[{"@type":"SearchAction","target":{"@type":"EntryPoint","urlTemplate":"https:\/\/kibrisdakik.com\/?s={search_term_string}"},"query-input":{"@type":"PropertyValueSpecification","valueRequired":true,"valueName":"search_term_string"}}],"inLanguage":"tr"},{"@type":"Person","@id":"https:\/\/kibrisdakik.com\/#\/schema\/person\/9cd9d437bbb44f72b73ba127e06d8e79","name":"admin","image":{"@type":"ImageObject","inLanguage":"tr","@id":"https:\/\/secure.gravatar.com\/avatar\/ccc17943b9d660506c869530f897617f7cb1c21a4bf30023f252596d83e1f007?s=96&d=mm&r=g","url":"https:\/\/secure.gravatar.com\/avatar\/ccc17943b9d660506c869530f897617f7cb1c21a4bf30023f252596d83e1f007?s=96&d=mm&r=g","contentUrl":"https:\/\/secure.gravatar.com\/avatar\/ccc17943b9d660506c869530f897617f7cb1c21a4bf30023f252596d83e1f007?s=96&d=mm&r=g","caption":"admin"},"sameAs":["https:\/\/kibrisdakik.com"],"url":"https:\/\/kibrisdakik.com\/?author=1"}]}},"_links":{"self":[{"href":"https:\/\/kibrisdakik.com\/index.php?rest_route=\/wp\/v2\/posts\/27019","targetHints":{"allow":["GET"]}}],"collection":[{"href":"https:\/\/kibrisdakik.com\/index.php?rest_route=\/wp\/v2\/posts"}],"about":[{"href":"https:\/\/kibrisdakik.com\/index.php?rest_route=\/wp\/v2\/types\/post"}],"author":[{"embeddable":true,"href":"https:\/\/kibrisdakik.com\/index.php?rest_route=\/wp\/v2\/users\/1"}],"replies":[{"embeddable":true,"href":"https:\/\/kibrisdakik.com\/index.php?rest_route=%2Fwp%2Fv2%2Fcomments&post=27019"}],"version-history":[{"count":0,"href":"https:\/\/kibrisdakik.com\/index.php?rest_route=\/wp\/v2\/posts\/27019\/revisions"}],"wp:featuredmedia":[{"embeddable":true,"href":"https:\/\/kibrisdakik.com\/index.php?rest_route=\/wp\/v2\/media\/27020"}],"wp:attachment":[{"href":"https:\/\/kibrisdakik.com\/index.php?rest_route=%2Fwp%2Fv2%2Fmedia&parent=27019"}],"wp:term":[{"taxonomy":"category","embeddable":true,"href":"https:\/\/kibrisdakik.com\/index.php?rest_route=%2Fwp%2Fv2%2Fcategories&post=27019"},{"taxonomy":"post_tag","embeddable":true,"href":"https:\/\/kibrisdakik.com\/index.php?rest_route=%2Fwp%2Fv2%2Ftags&post=27019"}],"curies":[{"name":"wp","href":"https:\/\/api.w.org\/{rel}","templated":true}]}}