{"id":27029,"date":"2024-01-19T07:36:59","date_gmt":"2024-01-19T07:36:59","guid":{"rendered":"https:\/\/kibrisdakik.com\/index.php\/2024\/01\/19\/anavatan-turkiyenin-gururunu-ve-heyecanini-paylasiyoruz\/"},"modified":"2024-01-19T07:36:59","modified_gmt":"2024-01-19T07:36:59","slug":"anavatan-turkiyenin-gururunu-ve-heyecanini-paylasiyoruz","status":"publish","type":"post","link":"https:\/\/kibrisdakik.com\/?p=27029","title":{"rendered":"&quot;Anavatan T\u00fcrkiye\u2019nin gururunu ve heyecan\u0131n\u0131 payla\u015f\u0131yoruz&quot;"},"content":{"rendered":"<p><img decoding=\"async\" src=\"https:\/\/www.kibristurk.com\/images\/haberler\/2024\/01\/anavatan-turkiyenin-gururunu-ve-heyecanini-paylasiyoruz-1705649304.webp\" \/><\/p>\n<p style=\"text-align:left\"><span style=\"font-size:14px\"><span style=\"font-family:Arial,Helvetica,sans-serif\"><span style=\"color:#000000\"><span style=\"background-color:#ffffff\">T\u00fcrkiye&#8217;nin Mill\u00ee Uzay Program\u0131&#8217;n\u0131n ba\u015far\u0131ya ula\u015fmas\u0131n\u0131n en b\u00fcy\u00fck temennileri oldu\u011funu belirten T\u00f6re, yolculu\u011fu t\u00fcm T\u00fcrk milletinin gururu olarak yorumlad\u0131.<\/span><\/span><\/span><\/span><\/p>\n<p style=\"text-align:left\"><span style=\"font-size:14px\"><span style=\"font-family:Arial,Helvetica,sans-serif\"><span style=\"color:#000000\"><span style=\"background-color:#ffffff\">Cumhuriyet Meclisi Ba\u015fkan\u0131 Zorlu T\u00f6re, Gezeravc\u0131&#8217;n\u0131n yolculu\u011fuyla ilgili a\u00e7\u0131klamas\u0131nda, tarihi yolculu\u011fun<\/span><\/span><\/span><\/span><\/p>\n<p style=\"text-align:left\"><span style=\"font-size:14px\"><span style=\"font-family:Arial,Helvetica,sans-serif\"><span style=\"color:#000000\"><span style=\"background-color:#ffffff\">sadece T\u00fcrkiye\u2019nin de\u011fil ba\u015fta KKTC ve t\u00fcm T\u00fcrk d\u00fcnyas\u0131n\u0131n heyecanla bekledi\u011fi bir geli\u015fme oldu\u011funu kaydederek u\u00e7u\u015fun ba\u015far\u0131yla ger\u00e7ekle\u015fmesini diledi.&nbsp;<\/span><\/span><\/span><\/span><\/p>\n<p style=\"text-align:left\"><span style=\"font-size:14px\"><span style=\"font-family:Arial,Helvetica,sans-serif\"><span style=\"color:#000000\"><span style=\"background-color:#ffffff\">T\u00f6re ayr\u0131ca &#8220;Ba\u015fta bu vizyonu ortaya koyan T\u00fcrkiye Cumhuriyeti Cumhurba\u015fkan\u0131 Recep Tayyip Erdo\u011fan olmak \u00fczere t\u00fcm eme\u011fi ge\u00e7enleri tebrik ederim.&#8221; ifadelerini kulland\u0131.<\/span><\/span><\/span><\/span><\/p>\n","protected":false},"excerpt":{"rendered":"<p>T\u00fcrkiye&#8217;nin Mill\u00ee Uzay Program\u0131&#8217;n\u0131n ba\u015far\u0131ya ula\u015fmas\u0131n\u0131n en b\u00fcy\u00fck temennileri oldu\u011funu belirten T\u00f6re, yolculu\u011fu t\u00fcm T\u00fcrk milletinin gururu olarak yorumlad\u0131. Cumhuriyet Meclisi Ba\u015fkan\u0131 Zorlu T\u00f6re, Gezeravc\u0131&#8217;n\u0131n yolculu\u011fuyla ilgili a\u00e7\u0131klamas\u0131nda, tarihi yolculu\u011fun sadece T\u00fcrkiye\u2019nin de\u011fil ba\u015fta KKTC ve t\u00fcm T\u00fcrk d\u00fcnyas\u0131n\u0131n heyecanla bekledi\u011fi bir geli\u015fme oldu\u011funu kaydederek u\u00e7u\u015fun ba\u015far\u0131yla ger\u00e7ekle\u015fmesini diledi.&nbsp; T\u00f6re ayr\u0131ca &#8220;Ba\u015fta bu vizyonu ortaya<\/p>\n","protected":false},"author":1,"featured_media":27030,"comment_status":"open","ping_status":"open","sticky":false,"template":"","format":"standard","meta":{"footnotes":""},"categories":[85],"tags":[],"class_list":["post-27029","post","type-post","status-publish","format-standard","has-post-thumbnail","hentry","category-spor"],"yoast_head":"<!-- This site is optimized with the Yoast SEO plugin v27.5 - https:\/\/yoast.com\/product\/yoast-seo-wordpress\/ -->\n<title>&quot;Anavatan T\u00fcrkiye\u2019nin gururunu ve heyecan\u0131n\u0131 payla\u015f\u0131yoruz&quot; -<\/title>\n<meta name=\"robots\" content=\"index, follow, max-snippet:-1, max-image-preview:large, max-video-preview:-1\" \/>\n<link rel=\"canonical\" href=\"https:\/\/kibrisdakik.com\/?p=27029\" \/>\n<meta property=\"og:locale\" content=\"tr_TR\" \/>\n<meta property=\"og:type\" content=\"article\" \/>\n<meta property=\"og:title\" content=\"&quot;Anavatan T\u00fcrkiye\u2019nin gururunu ve heyecan\u0131n\u0131 payla\u015f\u0131yoruz&quot; -\" \/>\n<meta property=\"og:description\" content=\"T\u00fcrkiye&#8217;nin Mill\u00ee Uzay Program\u0131&#8217;n\u0131n ba\u015far\u0131ya ula\u015fmas\u0131n\u0131n en b\u00fcy\u00fck temennileri oldu\u011funu belirten T\u00f6re, yolculu\u011fu t\u00fcm T\u00fcrk milletinin gururu olarak yorumlad\u0131. Cumhuriyet Meclisi Ba\u015fkan\u0131 Zorlu T\u00f6re, Gezeravc\u0131&#8217;n\u0131n yolculu\u011fuyla ilgili a\u00e7\u0131klamas\u0131nda, tarihi yolculu\u011fun sadece T\u00fcrkiye\u2019nin de\u011fil ba\u015fta KKTC ve t\u00fcm T\u00fcrk d\u00fcnyas\u0131n\u0131n heyecanla bekledi\u011fi bir geli\u015fme oldu\u011funu kaydederek u\u00e7u\u015fun ba\u015far\u0131yla ger\u00e7ekle\u015fmesini diledi.&nbsp; T\u00f6re ayr\u0131ca &#8220;Ba\u015fta bu vizyonu ortaya\" \/>\n<meta property=\"og:url\" content=\"https:\/\/kibrisdakik.com\/?p=27029\" \/>\n<meta property=\"article:published_time\" content=\"2024-01-19T07:36:59+00:00\" \/>\n<meta property=\"og:image\" content=\"https:\/\/kibrisdakik.com\/wp-content\/uploads\/2024\/01\/anavatan-turkiyenin-gururunu-ve-heyecanini-paylasiyoruz-1705649304.webp.webp\" \/>\n\t<meta property=\"og:image:width\" content=\"710\" \/>\n\t<meta property=\"og:image:height\" content=\"370\" \/>\n\t<meta property=\"og:image:type\" content=\"image\/webp\" \/>\n<meta name=\"author\" content=\"admin\" \/>\n<meta name=\"twitter:card\" content=\"summary_large_image\" \/>\n<meta name=\"twitter:label1\" content=\"Yazan:\" \/>\n\t<meta name=\"twitter:data1\" content=\"admin\" \/>\n\t<meta name=\"twitter:label2\" content=\"Tahmini okuma s\u00fcresi\" \/>\n\t<meta name=\"twitter:data2\" content=\"1 dakika\" \/>\n<script type=\"application\/ld+json\" class=\"yoast-schema-graph\">{\"@context\":\"https:\\\/\\\/schema.org\",\"@graph\":[{\"@type\":\"Article\",\"@id\":\"https:\\\/\\\/kibrisdakik.com\\\/?p=27029#article\",\"isPartOf\":{\"@id\":\"https:\\\/\\\/kibrisdakik.com\\\/?p=27029\"},\"author\":{\"name\":\"admin\",\"@id\":\"https:\\\/\\\/kibrisdakik.com\\\/#\\\/schema\\\/person\\\/9cd9d437bbb44f72b73ba127e06d8e79\"},\"headline\":\"&quot;Anavatan T\u00fcrkiye\u2019nin gururunu ve heyecan\u0131n\u0131 payla\u015f\u0131yoruz&quot;\",\"datePublished\":\"2024-01-19T07:36:59+00:00\",\"mainEntityOfPage\":{\"@id\":\"https:\\\/\\\/kibrisdakik.com\\\/?p=27029\"},\"wordCount\":134,\"commentCount\":0,\"image\":{\"@id\":\"https:\\\/\\\/kibrisdakik.com\\\/?p=27029#primaryimage\"},\"thumbnailUrl\":\"https:\\\/\\\/kibrisdakik.com\\\/wp-content\\\/uploads\\\/2024\\\/01\\\/anavatan-turkiyenin-gururunu-ve-heyecanini-paylasiyoruz-1705649304.webp.webp\",\"articleSection\":[\"Spor\"],\"inLanguage\":\"tr\",\"potentialAction\":[{\"@type\":\"CommentAction\",\"name\":\"Comment\",\"target\":[\"https:\\\/\\\/kibrisdakik.com\\\/?p=27029#respond\"]}]},{\"@type\":\"WebPage\",\"@id\":\"https:\\\/\\\/kibrisdakik.com\\\/?p=27029\",\"url\":\"https:\\\/\\\/kibrisdakik.com\\\/?p=27029\",\"name\":\"&quot;Anavatan T\u00fcrkiye\u2019nin gururunu ve heyecan\u0131n\u0131 payla\u015f\u0131yoruz&quot; -\",\"isPartOf\":{\"@id\":\"https:\\\/\\\/kibrisdakik.com\\\/#website\"},\"primaryImageOfPage\":{\"@id\":\"https:\\\/\\\/kibrisdakik.com\\\/?p=27029#primaryimage\"},\"image\":{\"@id\":\"https:\\\/\\\/kibrisdakik.com\\\/?p=27029#primaryimage\"},\"thumbnailUrl\":\"https:\\\/\\\/kibrisdakik.com\\\/wp-content\\\/uploads\\\/2024\\\/01\\\/anavatan-turkiyenin-gururunu-ve-heyecanini-paylasiyoruz-1705649304.webp.webp\",\"datePublished\":\"2024-01-19T07:36:59+00:00\",\"author\":{\"@id\":\"https:\\\/\\\/kibrisdakik.com\\\/#\\\/schema\\\/person\\\/9cd9d437bbb44f72b73ba127e06d8e79\"},\"breadcrumb\":{\"@id\":\"https:\\\/\\\/kibrisdakik.com\\\/?p=27029#breadcrumb\"},\"inLanguage\":\"tr\",\"potentialAction\":[{\"@type\":\"ReadAction\",\"target\":[\"https:\\\/\\\/kibrisdakik.com\\\/?p=27029\"]}]},{\"@type\":\"ImageObject\",\"inLanguage\":\"tr\",\"@id\":\"https:\\\/\\\/kibrisdakik.com\\\/?p=27029#primaryimage\",\"url\":\"https:\\\/\\\/kibrisdakik.com\\\/wp-content\\\/uploads\\\/2024\\\/01\\\/anavatan-turkiyenin-gururunu-ve-heyecanini-paylasiyoruz-1705649304.webp.webp\",\"contentUrl\":\"https:\\\/\\\/kibrisdakik.com\\\/wp-content\\\/uploads\\\/2024\\\/01\\\/anavatan-turkiyenin-gururunu-ve-heyecanini-paylasiyoruz-1705649304.webp.webp\",\"width\":710,\"height\":370},{\"@type\":\"BreadcrumbList\",\"@id\":\"https:\\\/\\\/kibrisdakik.com\\\/?p=27029#breadcrumb\",\"itemListElement\":[{\"@type\":\"ListItem\",\"position\":1,\"name\":\"Home\",\"item\":\"https:\\\/\\\/kibrisdakik.com\\\/\"},{\"@type\":\"ListItem\",\"position\":2,\"name\":\"&quot;Anavatan T\u00fcrkiye\u2019nin gururunu ve heyecan\u0131n\u0131 payla\u015f\u0131yoruz&quot;\"}]},{\"@type\":\"WebSite\",\"@id\":\"https:\\\/\\\/kibrisdakik.com\\\/#website\",\"url\":\"https:\\\/\\\/kibrisdakik.com\\\/\",\"name\":\"\",\"description\":\"Tam vaktinde haber\",\"potentialAction\":[{\"@type\":\"SearchAction\",\"target\":{\"@type\":\"EntryPoint\",\"urlTemplate\":\"https:\\\/\\\/kibrisdakik.com\\\/?s={search_term_string}\"},\"query-input\":{\"@type\":\"PropertyValueSpecification\",\"valueRequired\":true,\"valueName\":\"search_term_string\"}}],\"inLanguage\":\"tr\"},{\"@type\":\"Person\",\"@id\":\"https:\\\/\\\/kibrisdakik.com\\\/#\\\/schema\\\/person\\\/9cd9d437bbb44f72b73ba127e06d8e79\",\"name\":\"admin\",\"image\":{\"@type\":\"ImageObject\",\"inLanguage\":\"tr\",\"@id\":\"https:\\\/\\\/secure.gravatar.com\\\/avatar\\\/ccc17943b9d660506c869530f897617f7cb1c21a4bf30023f252596d83e1f007?s=96&d=mm&r=g\",\"url\":\"https:\\\/\\\/secure.gravatar.com\\\/avatar\\\/ccc17943b9d660506c869530f897617f7cb1c21a4bf30023f252596d83e1f007?s=96&d=mm&r=g\",\"contentUrl\":\"https:\\\/\\\/secure.gravatar.com\\\/avatar\\\/ccc17943b9d660506c869530f897617f7cb1c21a4bf30023f252596d83e1f007?s=96&d=mm&r=g\",\"caption\":\"admin\"},\"sameAs\":[\"https:\\\/\\\/kibrisdakik.com\"],\"url\":\"https:\\\/\\\/kibrisdakik.com\\\/?author=1\"}]}<\/script>\n<!-- \/ Yoast SEO plugin. -->","yoast_head_json":{"title":"&quot;Anavatan T\u00fcrkiye\u2019nin gururunu ve heyecan\u0131n\u0131 payla\u015f\u0131yoruz&quot; -","robots":{"index":"index","follow":"follow","max-snippet":"max-snippet:-1","max-image-preview":"max-image-preview:large","max-video-preview":"max-video-preview:-1"},"canonical":"https:\/\/kibrisdakik.com\/?p=27029","og_locale":"tr_TR","og_type":"article","og_title":"&quot;Anavatan T\u00fcrkiye\u2019nin gururunu ve heyecan\u0131n\u0131 payla\u015f\u0131yoruz&quot; -","og_description":"T\u00fcrkiye&#8217;nin Mill\u00ee Uzay Program\u0131&#8217;n\u0131n ba\u015far\u0131ya ula\u015fmas\u0131n\u0131n en b\u00fcy\u00fck temennileri oldu\u011funu belirten T\u00f6re, yolculu\u011fu t\u00fcm T\u00fcrk milletinin gururu olarak yorumlad\u0131. Cumhuriyet Meclisi Ba\u015fkan\u0131 Zorlu T\u00f6re, Gezeravc\u0131&#8217;n\u0131n yolculu\u011fuyla ilgili a\u00e7\u0131klamas\u0131nda, tarihi yolculu\u011fun sadece T\u00fcrkiye\u2019nin de\u011fil ba\u015fta KKTC ve t\u00fcm T\u00fcrk d\u00fcnyas\u0131n\u0131n heyecanla bekledi\u011fi bir geli\u015fme oldu\u011funu kaydederek u\u00e7u\u015fun ba\u015far\u0131yla ger\u00e7ekle\u015fmesini diledi.&nbsp; T\u00f6re ayr\u0131ca &#8220;Ba\u015fta bu vizyonu ortaya","og_url":"https:\/\/kibrisdakik.com\/?p=27029","article_published_time":"2024-01-19T07:36:59+00:00","og_image":[{"width":710,"height":370,"url":"https:\/\/kibrisdakik.com\/wp-content\/uploads\/2024\/01\/anavatan-turkiyenin-gururunu-ve-heyecanini-paylasiyoruz-1705649304.webp.webp","type":"image\/webp"}],"author":"admin","twitter_card":"summary_large_image","twitter_misc":{"Yazan:":"admin","Tahmini okuma s\u00fcresi":"1 dakika"},"schema":{"@context":"https:\/\/schema.org","@graph":[{"@type":"Article","@id":"https:\/\/kibrisdakik.com\/?p=27029#article","isPartOf":{"@id":"https:\/\/kibrisdakik.com\/?p=27029"},"author":{"name":"admin","@id":"https:\/\/kibrisdakik.com\/#\/schema\/person\/9cd9d437bbb44f72b73ba127e06d8e79"},"headline":"&quot;Anavatan T\u00fcrkiye\u2019nin gururunu ve heyecan\u0131n\u0131 payla\u015f\u0131yoruz&quot;","datePublished":"2024-01-19T07:36:59+00:00","mainEntityOfPage":{"@id":"https:\/\/kibrisdakik.com\/?p=27029"},"wordCount":134,"commentCount":0,"image":{"@id":"https:\/\/kibrisdakik.com\/?p=27029#primaryimage"},"thumbnailUrl":"https:\/\/kibrisdakik.com\/wp-content\/uploads\/2024\/01\/anavatan-turkiyenin-gururunu-ve-heyecanini-paylasiyoruz-1705649304.webp.webp","articleSection":["Spor"],"inLanguage":"tr","potentialAction":[{"@type":"CommentAction","name":"Comment","target":["https:\/\/kibrisdakik.com\/?p=27029#respond"]}]},{"@type":"WebPage","@id":"https:\/\/kibrisdakik.com\/?p=27029","url":"https:\/\/kibrisdakik.com\/?p=27029","name":"&quot;Anavatan T\u00fcrkiye\u2019nin gururunu ve heyecan\u0131n\u0131 payla\u015f\u0131yoruz&quot; -","isPartOf":{"@id":"https:\/\/kibrisdakik.com\/#website"},"primaryImageOfPage":{"@id":"https:\/\/kibrisdakik.com\/?p=27029#primaryimage"},"image":{"@id":"https:\/\/kibrisdakik.com\/?p=27029#primaryimage"},"thumbnailUrl":"https:\/\/kibrisdakik.com\/wp-content\/uploads\/2024\/01\/anavatan-turkiyenin-gururunu-ve-heyecanini-paylasiyoruz-1705649304.webp.webp","datePublished":"2024-01-19T07:36:59+00:00","author":{"@id":"https:\/\/kibrisdakik.com\/#\/schema\/person\/9cd9d437bbb44f72b73ba127e06d8e79"},"breadcrumb":{"@id":"https:\/\/kibrisdakik.com\/?p=27029#breadcrumb"},"inLanguage":"tr","potentialAction":[{"@type":"ReadAction","target":["https:\/\/kibrisdakik.com\/?p=27029"]}]},{"@type":"ImageObject","inLanguage":"tr","@id":"https:\/\/kibrisdakik.com\/?p=27029#primaryimage","url":"https:\/\/kibrisdakik.com\/wp-content\/uploads\/2024\/01\/anavatan-turkiyenin-gururunu-ve-heyecanini-paylasiyoruz-1705649304.webp.webp","contentUrl":"https:\/\/kibrisdakik.com\/wp-content\/uploads\/2024\/01\/anavatan-turkiyenin-gururunu-ve-heyecanini-paylasiyoruz-1705649304.webp.webp","width":710,"height":370},{"@type":"BreadcrumbList","@id":"https:\/\/kibrisdakik.com\/?p=27029#breadcrumb","itemListElement":[{"@type":"ListItem","position":1,"name":"Home","item":"https:\/\/kibrisdakik.com\/"},{"@type":"ListItem","position":2,"name":"&quot;Anavatan T\u00fcrkiye\u2019nin gururunu ve heyecan\u0131n\u0131 payla\u015f\u0131yoruz&quot;"}]},{"@type":"WebSite","@id":"https:\/\/kibrisdakik.com\/#website","url":"https:\/\/kibrisdakik.com\/","name":"","description":"Tam vaktinde haber","potentialAction":[{"@type":"SearchAction","target":{"@type":"EntryPoint","urlTemplate":"https:\/\/kibrisdakik.com\/?s={search_term_string}"},"query-input":{"@type":"PropertyValueSpecification","valueRequired":true,"valueName":"search_term_string"}}],"inLanguage":"tr"},{"@type":"Person","@id":"https:\/\/kibrisdakik.com\/#\/schema\/person\/9cd9d437bbb44f72b73ba127e06d8e79","name":"admin","image":{"@type":"ImageObject","inLanguage":"tr","@id":"https:\/\/secure.gravatar.com\/avatar\/ccc17943b9d660506c869530f897617f7cb1c21a4bf30023f252596d83e1f007?s=96&d=mm&r=g","url":"https:\/\/secure.gravatar.com\/avatar\/ccc17943b9d660506c869530f897617f7cb1c21a4bf30023f252596d83e1f007?s=96&d=mm&r=g","contentUrl":"https:\/\/secure.gravatar.com\/avatar\/ccc17943b9d660506c869530f897617f7cb1c21a4bf30023f252596d83e1f007?s=96&d=mm&r=g","caption":"admin"},"sameAs":["https:\/\/kibrisdakik.com"],"url":"https:\/\/kibrisdakik.com\/?author=1"}]}},"_links":{"self":[{"href":"https:\/\/kibrisdakik.com\/index.php?rest_route=\/wp\/v2\/posts\/27029","targetHints":{"allow":["GET"]}}],"collection":[{"href":"https:\/\/kibrisdakik.com\/index.php?rest_route=\/wp\/v2\/posts"}],"about":[{"href":"https:\/\/kibrisdakik.com\/index.php?rest_route=\/wp\/v2\/types\/post"}],"author":[{"embeddable":true,"href":"https:\/\/kibrisdakik.com\/index.php?rest_route=\/wp\/v2\/users\/1"}],"replies":[{"embeddable":true,"href":"https:\/\/kibrisdakik.com\/index.php?rest_route=%2Fwp%2Fv2%2Fcomments&post=27029"}],"version-history":[{"count":0,"href":"https:\/\/kibrisdakik.com\/index.php?rest_route=\/wp\/v2\/posts\/27029\/revisions"}],"wp:featuredmedia":[{"embeddable":true,"href":"https:\/\/kibrisdakik.com\/index.php?rest_route=\/wp\/v2\/media\/27030"}],"wp:attachment":[{"href":"https:\/\/kibrisdakik.com\/index.php?rest_route=%2Fwp%2Fv2%2Fmedia&parent=27029"}],"wp:term":[{"taxonomy":"category","embeddable":true,"href":"https:\/\/kibrisdakik.com\/index.php?rest_route=%2Fwp%2Fv2%2Fcategories&post=27029"},{"taxonomy":"post_tag","embeddable":true,"href":"https:\/\/kibrisdakik.com\/index.php?rest_route=%2Fwp%2Fv2%2Ftags&post=27029"}],"curies":[{"name":"wp","href":"https:\/\/api.w.org\/{rel}","templated":true}]}}