{"id":27057,"date":"2024-01-19T11:31:02","date_gmt":"2024-01-19T11:31:02","guid":{"rendered":"https:\/\/kibrisdakik.com\/index.php\/2024\/01\/19\/kamil-ozay-ilk-kitap-odullu-yarisma-sonuclandi\/"},"modified":"2024-01-19T11:31:02","modified_gmt":"2024-01-19T11:31:02","slug":"kamil-ozay-ilk-kitap-odullu-yarisma-sonuclandi","status":"publish","type":"post","link":"https:\/\/kibrisdakik.com\/?p=27057","title":{"rendered":"\u201cKamil \u00d6zay \u0130lk Kitap \u00d6d\u00fcll\u00fc Yar\u0131\u015fma\u201d sonu\u00e7land\u0131"},"content":{"rendered":"<p><img decoding=\"async\" src=\"https:\/\/www.kibristurk.com\/images\/haberler\/2024\/01\/kamil-ozay-ilk-kitap-odullu-yarisma-sonuclandi-1705663350.webp\" \/><\/p>\n<p>K\u00fclt\u00fcr Dairesi\u2019nden yap\u0131lan a\u00e7\u0131klamaya g\u00f6re, se\u00e7ici kurul, Zeray Uzuno\u011flu, Seval Unan ve Burak Erkut\u2019un \u00e7al\u0131\u015fmalar\u0131n\u0131n mansiyonla \u00f6d\u00fcllendirilmesine karar verdi.<\/p>\n<p>&nbsp;<\/p>\n<p>K\u00fclt\u00fcr Dairesi M\u00fcd\u00fcr\u00fc \u015eirin Zaima\u011fao\u011flu, \u015eair Mehmet Kansu, Yak\u0131n Do\u011fu \u00d6\u011fretim \u00dcyesi ve K\u0131br\u0131s T\u00fcrk Yazarlar Birli\u011fi Ba\u015fkan\u0131 Prof. Dr. \u015eevket \u00d6znur, Yak\u0131n Do\u011fu \u00d6\u011fretim \u00dcyeleri Do\u00e7. Dr. Mustafa Yenias\u0131r ile Do\u00e7. Dr. Burak G\u00f6kbulut ve K\u0131br\u0131s Amerikan \u00dcniversitesi Do\u00e7. Dr. Turgay Akal\u0131n\u2019dan olu\u015fturulan Se\u00e7ici Kurul, K\u00fclt\u00fcr Dairesi\u2019nde sal\u0131 g\u00fcn\u00fc toplanarak, \u00f6d\u00fcllendirilecek \u00e7al\u0131\u015fmalar\u0131 belirledi.&nbsp;<\/p>\n<p>&nbsp;<\/p>\n<p>KKTC\u2019nin kurulu\u015funun 40. y\u0131l\u0131na ithafen d\u00fczenledi\u011fi \u201cKamil \u00d6zay \u0130lk Kitap \u00d6d\u00fcll\u00fc Yar\u0131\u015fma\u201dda Se\u00e7ici Kurul, birincilik \u00f6d\u00fcl\u00fcne de\u011fer eser bulamad\u0131. Kurul, Zeray Uzuno\u011flu, Seval Unan ve Burak Erkut\u2019un \u00e7al\u0131\u015fmalar\u0131n\u0131n \u00f6zendirilmesi amac\u0131yla derecelendirme yap\u0131lmaks\u0131z\u0131n mansiyonla \u00f6d\u00fcllendirilmesine karar verdi.<\/p>\n<p>&nbsp;<\/p>\n<p>&#8211; \u00d6d\u00fcl t\u00f6reni D\u00fcnya \u015eiir G\u00fcn\u00fc\u2019nde<\/p>\n<p>&nbsp;<\/p>\n<p>Yar\u0131\u015fman\u0131n \u00f6d\u00fcl t\u00f6reni D\u00fcnya \u015eiir G\u00fcn\u00fc etkinlikleri \u00e7er\u00e7evesinde 21 Mart\u2019ta d\u00fczenlenecek.<\/p>\n<p>&nbsp;<\/p>\n<p>K\u00fclt\u00fcr Dairesi\u2019nin be\u015f y\u0131ll\u0131k bir proje kapsam\u0131nda, bu y\u0131l ilk kez, \u015eair-Yazar Kamil \u00d6zay ad\u0131yla ve \u015fiir alan\u0131nda d\u00fczenledi\u011fi yar\u0131\u015fma, 2024 y\u0131l\u0131nda Mustafa G\u00f6k\u00e7eo\u011flu ad\u0131na ara\u015ft\u0131rma dal\u0131nda, 2025 y\u0131l\u0131nda Hikmet Afif Mapolar ad\u0131na roman dal\u0131nda, 2026 y\u0131l\u0131nda Fikret Demira\u011f ad\u0131na \u015fiir dal\u0131nda ve 2027 y\u0131l\u0131nda da Semih Sait Umar ad\u0131na \u00f6yk\u00fc dal\u0131nda yap\u0131lacak.<\/p>\n","protected":false},"excerpt":{"rendered":"<p>K\u00fclt\u00fcr Dairesi\u2019nden yap\u0131lan a\u00e7\u0131klamaya g\u00f6re, se\u00e7ici kurul, Zeray Uzuno\u011flu, Seval Unan ve Burak Erkut\u2019un \u00e7al\u0131\u015fmalar\u0131n\u0131n mansiyonla \u00f6d\u00fcllendirilmesine karar verdi. &nbsp; K\u00fclt\u00fcr Dairesi M\u00fcd\u00fcr\u00fc \u015eirin Zaima\u011fao\u011flu, \u015eair Mehmet Kansu, Yak\u0131n Do\u011fu \u00d6\u011fretim \u00dcyesi ve K\u0131br\u0131s T\u00fcrk Yazarlar Birli\u011fi Ba\u015fkan\u0131 Prof. Dr. \u015eevket \u00d6znur, Yak\u0131n Do\u011fu \u00d6\u011fretim \u00dcyeleri Do\u00e7. Dr. Mustafa Yenias\u0131r ile Do\u00e7. Dr. Burak G\u00f6kbulut<\/p>\n","protected":false},"author":1,"featured_media":27058,"comment_status":"open","ping_status":"open","sticky":false,"template":"","format":"standard","meta":{"footnotes":""},"categories":[1],"tags":[],"class_list":["post-27057","post","type-post","status-publish","format-standard","has-post-thumbnail","hentry","category-gundem"],"yoast_head":"<!-- This site is optimized with the Yoast SEO plugin v27.4 - https:\/\/yoast.com\/product\/yoast-seo-wordpress\/ -->\n<title>\u201cKamil \u00d6zay \u0130lk Kitap \u00d6d\u00fcll\u00fc Yar\u0131\u015fma\u201d sonu\u00e7land\u0131 -<\/title>\n<meta name=\"robots\" content=\"index, follow, max-snippet:-1, max-image-preview:large, max-video-preview:-1\" \/>\n<link rel=\"canonical\" href=\"https:\/\/kibrisdakik.com\/?p=27057\" \/>\n<meta property=\"og:locale\" content=\"tr_TR\" \/>\n<meta property=\"og:type\" content=\"article\" \/>\n<meta property=\"og:title\" content=\"\u201cKamil \u00d6zay \u0130lk Kitap \u00d6d\u00fcll\u00fc Yar\u0131\u015fma\u201d sonu\u00e7land\u0131 -\" \/>\n<meta property=\"og:description\" content=\"K\u00fclt\u00fcr Dairesi\u2019nden yap\u0131lan a\u00e7\u0131klamaya g\u00f6re, se\u00e7ici kurul, Zeray Uzuno\u011flu, Seval Unan ve Burak Erkut\u2019un \u00e7al\u0131\u015fmalar\u0131n\u0131n mansiyonla \u00f6d\u00fcllendirilmesine karar verdi. &nbsp; K\u00fclt\u00fcr Dairesi M\u00fcd\u00fcr\u00fc \u015eirin Zaima\u011fao\u011flu, \u015eair Mehmet Kansu, Yak\u0131n Do\u011fu \u00d6\u011fretim \u00dcyesi ve K\u0131br\u0131s T\u00fcrk Yazarlar Birli\u011fi Ba\u015fkan\u0131 Prof. Dr. \u015eevket \u00d6znur, Yak\u0131n Do\u011fu \u00d6\u011fretim \u00dcyeleri Do\u00e7. Dr. Mustafa Yenias\u0131r ile Do\u00e7. Dr. Burak G\u00f6kbulut\" \/>\n<meta property=\"og:url\" content=\"https:\/\/kibrisdakik.com\/?p=27057\" \/>\n<meta property=\"article:published_time\" content=\"2024-01-19T11:31:02+00:00\" \/>\n<meta property=\"og:image\" content=\"https:\/\/kibrisdakik.com\/wp-content\/uploads\/2024\/01\/kamil-ozay-ilk-kitap-odullu-yarisma-sonuclandi-1705663350.webp.webp\" \/>\n\t<meta property=\"og:image:width\" content=\"710\" \/>\n\t<meta property=\"og:image:height\" content=\"370\" \/>\n\t<meta property=\"og:image:type\" content=\"image\/webp\" \/>\n<meta name=\"author\" content=\"admin\" \/>\n<meta name=\"twitter:card\" content=\"summary_large_image\" \/>\n<meta name=\"twitter:label1\" content=\"Yazan:\" \/>\n\t<meta name=\"twitter:data1\" content=\"admin\" \/>\n\t<meta name=\"twitter:label2\" content=\"Tahmini okuma s\u00fcresi\" \/>\n\t<meta name=\"twitter:data2\" content=\"1 dakika\" \/>\n<script type=\"application\/ld+json\" class=\"yoast-schema-graph\">{\"@context\":\"https:\\\/\\\/schema.org\",\"@graph\":[{\"@type\":\"Article\",\"@id\":\"https:\\\/\\\/kibrisdakik.com\\\/?p=27057#article\",\"isPartOf\":{\"@id\":\"https:\\\/\\\/kibrisdakik.com\\\/?p=27057\"},\"author\":{\"name\":\"admin\",\"@id\":\"https:\\\/\\\/kibrisdakik.com\\\/#\\\/schema\\\/person\\\/9cd9d437bbb44f72b73ba127e06d8e79\"},\"headline\":\"\u201cKamil \u00d6zay \u0130lk Kitap \u00d6d\u00fcll\u00fc Yar\u0131\u015fma\u201d sonu\u00e7land\u0131\",\"datePublished\":\"2024-01-19T11:31:02+00:00\",\"mainEntityOfPage\":{\"@id\":\"https:\\\/\\\/kibrisdakik.com\\\/?p=27057\"},\"wordCount\":302,\"commentCount\":0,\"image\":{\"@id\":\"https:\\\/\\\/kibrisdakik.com\\\/?p=27057#primaryimage\"},\"thumbnailUrl\":\"https:\\\/\\\/kibrisdakik.com\\\/wp-content\\\/uploads\\\/2024\\\/01\\\/kamil-ozay-ilk-kitap-odullu-yarisma-sonuclandi-1705663350.webp.webp\",\"articleSection\":[\"G\u00fcndem\"],\"inLanguage\":\"tr\",\"potentialAction\":[{\"@type\":\"CommentAction\",\"name\":\"Comment\",\"target\":[\"https:\\\/\\\/kibrisdakik.com\\\/?p=27057#respond\"]}]},{\"@type\":\"WebPage\",\"@id\":\"https:\\\/\\\/kibrisdakik.com\\\/?p=27057\",\"url\":\"https:\\\/\\\/kibrisdakik.com\\\/?p=27057\",\"name\":\"\u201cKamil \u00d6zay \u0130lk Kitap \u00d6d\u00fcll\u00fc Yar\u0131\u015fma\u201d sonu\u00e7land\u0131 -\",\"isPartOf\":{\"@id\":\"https:\\\/\\\/kibrisdakik.com\\\/#website\"},\"primaryImageOfPage\":{\"@id\":\"https:\\\/\\\/kibrisdakik.com\\\/?p=27057#primaryimage\"},\"image\":{\"@id\":\"https:\\\/\\\/kibrisdakik.com\\\/?p=27057#primaryimage\"},\"thumbnailUrl\":\"https:\\\/\\\/kibrisdakik.com\\\/wp-content\\\/uploads\\\/2024\\\/01\\\/kamil-ozay-ilk-kitap-odullu-yarisma-sonuclandi-1705663350.webp.webp\",\"datePublished\":\"2024-01-19T11:31:02+00:00\",\"author\":{\"@id\":\"https:\\\/\\\/kibrisdakik.com\\\/#\\\/schema\\\/person\\\/9cd9d437bbb44f72b73ba127e06d8e79\"},\"breadcrumb\":{\"@id\":\"https:\\\/\\\/kibrisdakik.com\\\/?p=27057#breadcrumb\"},\"inLanguage\":\"tr\",\"potentialAction\":[{\"@type\":\"ReadAction\",\"target\":[\"https:\\\/\\\/kibrisdakik.com\\\/?p=27057\"]}]},{\"@type\":\"ImageObject\",\"inLanguage\":\"tr\",\"@id\":\"https:\\\/\\\/kibrisdakik.com\\\/?p=27057#primaryimage\",\"url\":\"https:\\\/\\\/kibrisdakik.com\\\/wp-content\\\/uploads\\\/2024\\\/01\\\/kamil-ozay-ilk-kitap-odullu-yarisma-sonuclandi-1705663350.webp.webp\",\"contentUrl\":\"https:\\\/\\\/kibrisdakik.com\\\/wp-content\\\/uploads\\\/2024\\\/01\\\/kamil-ozay-ilk-kitap-odullu-yarisma-sonuclandi-1705663350.webp.webp\",\"width\":710,\"height\":370},{\"@type\":\"BreadcrumbList\",\"@id\":\"https:\\\/\\\/kibrisdakik.com\\\/?p=27057#breadcrumb\",\"itemListElement\":[{\"@type\":\"ListItem\",\"position\":1,\"name\":\"Home\",\"item\":\"https:\\\/\\\/kibrisdakik.com\\\/\"},{\"@type\":\"ListItem\",\"position\":2,\"name\":\"\u201cKamil \u00d6zay \u0130lk Kitap \u00d6d\u00fcll\u00fc Yar\u0131\u015fma\u201d sonu\u00e7land\u0131\"}]},{\"@type\":\"WebSite\",\"@id\":\"https:\\\/\\\/kibrisdakik.com\\\/#website\",\"url\":\"https:\\\/\\\/kibrisdakik.com\\\/\",\"name\":\"\",\"description\":\"Tam vaktinde haber\",\"potentialAction\":[{\"@type\":\"SearchAction\",\"target\":{\"@type\":\"EntryPoint\",\"urlTemplate\":\"https:\\\/\\\/kibrisdakik.com\\\/?s={search_term_string}\"},\"query-input\":{\"@type\":\"PropertyValueSpecification\",\"valueRequired\":true,\"valueName\":\"search_term_string\"}}],\"inLanguage\":\"tr\"},{\"@type\":\"Person\",\"@id\":\"https:\\\/\\\/kibrisdakik.com\\\/#\\\/schema\\\/person\\\/9cd9d437bbb44f72b73ba127e06d8e79\",\"name\":\"admin\",\"image\":{\"@type\":\"ImageObject\",\"inLanguage\":\"tr\",\"@id\":\"https:\\\/\\\/secure.gravatar.com\\\/avatar\\\/ccc17943b9d660506c869530f897617f7cb1c21a4bf30023f252596d83e1f007?s=96&d=mm&r=g\",\"url\":\"https:\\\/\\\/secure.gravatar.com\\\/avatar\\\/ccc17943b9d660506c869530f897617f7cb1c21a4bf30023f252596d83e1f007?s=96&d=mm&r=g\",\"contentUrl\":\"https:\\\/\\\/secure.gravatar.com\\\/avatar\\\/ccc17943b9d660506c869530f897617f7cb1c21a4bf30023f252596d83e1f007?s=96&d=mm&r=g\",\"caption\":\"admin\"},\"sameAs\":[\"https:\\\/\\\/kibrisdakik.com\"],\"url\":\"https:\\\/\\\/kibrisdakik.com\\\/?author=1\"}]}<\/script>\n<!-- \/ Yoast SEO plugin. -->","yoast_head_json":{"title":"\u201cKamil \u00d6zay \u0130lk Kitap \u00d6d\u00fcll\u00fc Yar\u0131\u015fma\u201d sonu\u00e7land\u0131 -","robots":{"index":"index","follow":"follow","max-snippet":"max-snippet:-1","max-image-preview":"max-image-preview:large","max-video-preview":"max-video-preview:-1"},"canonical":"https:\/\/kibrisdakik.com\/?p=27057","og_locale":"tr_TR","og_type":"article","og_title":"\u201cKamil \u00d6zay \u0130lk Kitap \u00d6d\u00fcll\u00fc Yar\u0131\u015fma\u201d sonu\u00e7land\u0131 -","og_description":"K\u00fclt\u00fcr Dairesi\u2019nden yap\u0131lan a\u00e7\u0131klamaya g\u00f6re, se\u00e7ici kurul, Zeray Uzuno\u011flu, Seval Unan ve Burak Erkut\u2019un \u00e7al\u0131\u015fmalar\u0131n\u0131n mansiyonla \u00f6d\u00fcllendirilmesine karar verdi. &nbsp; K\u00fclt\u00fcr Dairesi M\u00fcd\u00fcr\u00fc \u015eirin Zaima\u011fao\u011flu, \u015eair Mehmet Kansu, Yak\u0131n Do\u011fu \u00d6\u011fretim \u00dcyesi ve K\u0131br\u0131s T\u00fcrk Yazarlar Birli\u011fi Ba\u015fkan\u0131 Prof. Dr. \u015eevket \u00d6znur, Yak\u0131n Do\u011fu \u00d6\u011fretim \u00dcyeleri Do\u00e7. Dr. Mustafa Yenias\u0131r ile Do\u00e7. Dr. Burak G\u00f6kbulut","og_url":"https:\/\/kibrisdakik.com\/?p=27057","article_published_time":"2024-01-19T11:31:02+00:00","og_image":[{"width":710,"height":370,"url":"https:\/\/kibrisdakik.com\/wp-content\/uploads\/2024\/01\/kamil-ozay-ilk-kitap-odullu-yarisma-sonuclandi-1705663350.webp.webp","type":"image\/webp"}],"author":"admin","twitter_card":"summary_large_image","twitter_misc":{"Yazan:":"admin","Tahmini okuma s\u00fcresi":"1 dakika"},"schema":{"@context":"https:\/\/schema.org","@graph":[{"@type":"Article","@id":"https:\/\/kibrisdakik.com\/?p=27057#article","isPartOf":{"@id":"https:\/\/kibrisdakik.com\/?p=27057"},"author":{"name":"admin","@id":"https:\/\/kibrisdakik.com\/#\/schema\/person\/9cd9d437bbb44f72b73ba127e06d8e79"},"headline":"\u201cKamil \u00d6zay \u0130lk Kitap \u00d6d\u00fcll\u00fc Yar\u0131\u015fma\u201d sonu\u00e7land\u0131","datePublished":"2024-01-19T11:31:02+00:00","mainEntityOfPage":{"@id":"https:\/\/kibrisdakik.com\/?p=27057"},"wordCount":302,"commentCount":0,"image":{"@id":"https:\/\/kibrisdakik.com\/?p=27057#primaryimage"},"thumbnailUrl":"https:\/\/kibrisdakik.com\/wp-content\/uploads\/2024\/01\/kamil-ozay-ilk-kitap-odullu-yarisma-sonuclandi-1705663350.webp.webp","articleSection":["G\u00fcndem"],"inLanguage":"tr","potentialAction":[{"@type":"CommentAction","name":"Comment","target":["https:\/\/kibrisdakik.com\/?p=27057#respond"]}]},{"@type":"WebPage","@id":"https:\/\/kibrisdakik.com\/?p=27057","url":"https:\/\/kibrisdakik.com\/?p=27057","name":"\u201cKamil \u00d6zay \u0130lk Kitap \u00d6d\u00fcll\u00fc Yar\u0131\u015fma\u201d sonu\u00e7land\u0131 -","isPartOf":{"@id":"https:\/\/kibrisdakik.com\/#website"},"primaryImageOfPage":{"@id":"https:\/\/kibrisdakik.com\/?p=27057#primaryimage"},"image":{"@id":"https:\/\/kibrisdakik.com\/?p=27057#primaryimage"},"thumbnailUrl":"https:\/\/kibrisdakik.com\/wp-content\/uploads\/2024\/01\/kamil-ozay-ilk-kitap-odullu-yarisma-sonuclandi-1705663350.webp.webp","datePublished":"2024-01-19T11:31:02+00:00","author":{"@id":"https:\/\/kibrisdakik.com\/#\/schema\/person\/9cd9d437bbb44f72b73ba127e06d8e79"},"breadcrumb":{"@id":"https:\/\/kibrisdakik.com\/?p=27057#breadcrumb"},"inLanguage":"tr","potentialAction":[{"@type":"ReadAction","target":["https:\/\/kibrisdakik.com\/?p=27057"]}]},{"@type":"ImageObject","inLanguage":"tr","@id":"https:\/\/kibrisdakik.com\/?p=27057#primaryimage","url":"https:\/\/kibrisdakik.com\/wp-content\/uploads\/2024\/01\/kamil-ozay-ilk-kitap-odullu-yarisma-sonuclandi-1705663350.webp.webp","contentUrl":"https:\/\/kibrisdakik.com\/wp-content\/uploads\/2024\/01\/kamil-ozay-ilk-kitap-odullu-yarisma-sonuclandi-1705663350.webp.webp","width":710,"height":370},{"@type":"BreadcrumbList","@id":"https:\/\/kibrisdakik.com\/?p=27057#breadcrumb","itemListElement":[{"@type":"ListItem","position":1,"name":"Home","item":"https:\/\/kibrisdakik.com\/"},{"@type":"ListItem","position":2,"name":"\u201cKamil \u00d6zay \u0130lk Kitap \u00d6d\u00fcll\u00fc Yar\u0131\u015fma\u201d sonu\u00e7land\u0131"}]},{"@type":"WebSite","@id":"https:\/\/kibrisdakik.com\/#website","url":"https:\/\/kibrisdakik.com\/","name":"","description":"Tam vaktinde haber","potentialAction":[{"@type":"SearchAction","target":{"@type":"EntryPoint","urlTemplate":"https:\/\/kibrisdakik.com\/?s={search_term_string}"},"query-input":{"@type":"PropertyValueSpecification","valueRequired":true,"valueName":"search_term_string"}}],"inLanguage":"tr"},{"@type":"Person","@id":"https:\/\/kibrisdakik.com\/#\/schema\/person\/9cd9d437bbb44f72b73ba127e06d8e79","name":"admin","image":{"@type":"ImageObject","inLanguage":"tr","@id":"https:\/\/secure.gravatar.com\/avatar\/ccc17943b9d660506c869530f897617f7cb1c21a4bf30023f252596d83e1f007?s=96&d=mm&r=g","url":"https:\/\/secure.gravatar.com\/avatar\/ccc17943b9d660506c869530f897617f7cb1c21a4bf30023f252596d83e1f007?s=96&d=mm&r=g","contentUrl":"https:\/\/secure.gravatar.com\/avatar\/ccc17943b9d660506c869530f897617f7cb1c21a4bf30023f252596d83e1f007?s=96&d=mm&r=g","caption":"admin"},"sameAs":["https:\/\/kibrisdakik.com"],"url":"https:\/\/kibrisdakik.com\/?author=1"}]}},"_links":{"self":[{"href":"https:\/\/kibrisdakik.com\/index.php?rest_route=\/wp\/v2\/posts\/27057","targetHints":{"allow":["GET"]}}],"collection":[{"href":"https:\/\/kibrisdakik.com\/index.php?rest_route=\/wp\/v2\/posts"}],"about":[{"href":"https:\/\/kibrisdakik.com\/index.php?rest_route=\/wp\/v2\/types\/post"}],"author":[{"embeddable":true,"href":"https:\/\/kibrisdakik.com\/index.php?rest_route=\/wp\/v2\/users\/1"}],"replies":[{"embeddable":true,"href":"https:\/\/kibrisdakik.com\/index.php?rest_route=%2Fwp%2Fv2%2Fcomments&post=27057"}],"version-history":[{"count":0,"href":"https:\/\/kibrisdakik.com\/index.php?rest_route=\/wp\/v2\/posts\/27057\/revisions"}],"wp:featuredmedia":[{"embeddable":true,"href":"https:\/\/kibrisdakik.com\/index.php?rest_route=\/wp\/v2\/media\/27058"}],"wp:attachment":[{"href":"https:\/\/kibrisdakik.com\/index.php?rest_route=%2Fwp%2Fv2%2Fmedia&parent=27057"}],"wp:term":[{"taxonomy":"category","embeddable":true,"href":"https:\/\/kibrisdakik.com\/index.php?rest_route=%2Fwp%2Fv2%2Fcategories&post=27057"},{"taxonomy":"post_tag","embeddable":true,"href":"https:\/\/kibrisdakik.com\/index.php?rest_route=%2Fwp%2Fv2%2Ftags&post=27057"}],"curies":[{"name":"wp","href":"https:\/\/api.w.org\/{rel}","templated":true}]}}