{"id":27063,"date":"2024-01-19T11:44:43","date_gmt":"2024-01-19T11:44:43","guid":{"rendered":"https:\/\/kibrisdakik.com\/index.php\/2024\/01\/19\/turkiye-cumhuriyetinin-kktc-ile-olan-iliskileri-sadece-siyasi-ve-kulturel-boyutla-sinirli-degil-iliskileri-ekonomik-ve-ticari-alanlarda-da-derinlestirmeye-buyuk-onem-veriyoruz\/"},"modified":"2024-01-19T11:44:43","modified_gmt":"2024-01-19T11:44:43","slug":"turkiye-cumhuriyetinin-kktc-ile-olan-iliskileri-sadece-siyasi-ve-kulturel-boyutla-sinirli-degil-iliskileri-ekonomik-ve-ticari-alanlarda-da-derinlestirmeye-buyuk-onem-veriyoruz","status":"publish","type":"post","link":"https:\/\/kibrisdakik.com\/?p=27063","title":{"rendered":"\u201cT\u00fcrkiye Cumhuriyeti\u2019nin KKTC ile olan ili\u015fkileri sadece siyasi ve k\u00fclt\u00fcrel boyutla s\u0131n\u0131rl\u0131 de\u011fil. \u0130li\u015fkileri ekonomik ve ticari alanlarda da derinle\u015ftirmeye b\u00fcy\u00fck \u00f6nem veriyoruz\u201d"},"content":{"rendered":"<p><img decoding=\"async\" src=\"https:\/\/www.kibristurk.com\/images\/haberler\/2024\/01\/turkiye-cumhuriyetinin-kktc-ile-olan-iliskileri-sadece-siyasi-ve-kulturel-boyutla-sinirli-degil-iliskileri-ekonomik-ve-ticari-alanlarda-da-derinlestirmeye-buyuk-onem-veriyoruz-1705662800.webp\" \/><\/p>\n<p style=\"text-align:left\"><span style=\"font-size:16px\"><span style=\"font-family:Merriweather,serif !important\"><span style=\"color:#000000\"><span style=\"background-color:#ffffff\">Bakan Bolat, 2024 y\u0131l\u0131 i\u00e7inde KKTC\u2019li esnaflara toplam 150 milyon TL\u2019lik bir TESKOMB kredisi sa\u011flanaca\u011f\u0131 m\u00fcjdesini vererek, firma ba\u015f\u0131na kredi \u00fcst limiti olarak 650 bin TL\u2019lik kayna\u011f\u0131n, 5 y\u0131l vade y\u00fczde 25 maliyet ve 6 ayda bir \u00f6deme plan\u0131yla esnaf\u0131n finansmana eri\u015fmesini temin edeceklerini s\u00f6yledi.<\/span><\/span><\/span><\/span><\/p>\n<p style=\"text-align:left\"><span style=\"font-size:16px\"><span style=\"font-family:Merriweather,serif !important\"><span style=\"color:#000000\"><span style=\"background-color:#ffffff\">\u00d6n\u00fcm\u00fczdeki y\u0131llarda iki \u00fclke aras\u0131ndaki ticari ve ekonomik ili\u015fkilerin daha da g\u00fc\u00e7lenece\u011fine inan\u00e7 belirten Bakan \u00d6mer Bolat, bu \u00e7er\u00e7evede her iki \u00fclkenin i\u015f \u00e7evrelerinin bir araya getirilmesine ve KKTC\u2019nin d\u00fcnyada tan\u0131n\u0131rl\u0131\u011f\u0131n\u0131n art\u0131r\u0131lmas\u0131na b\u00fcy\u00fck \u00f6nem verdiklerini vurgulad\u0131.<\/span><\/span><\/span><\/span><\/p>\n<p style=\"text-align:left\"><span style=\"font-size:16px\"><span style=\"font-family:Merriweather,serif !important\"><span style=\"color:#000000\"><span style=\"background-color:#ffffff\">Bakan Bolat, TC-KKTC 12. Ortak Komite toplant\u0131s\u0131n\u0131n a\u00e7\u0131l\u0131\u015f\u0131nda yapt\u0131\u011f\u0131 konu\u015fmada, T\u00fcrkiye Cumhuriyeti Ticaret Bakanl\u0131\u011f\u0131 koordinasyonu ve T\u00fcrkiye \u0130hracat\u00e7\u0131lar Meclisi&#8217;nin (T\u0130M) organizasyonuyla hayata ge\u00e7irilen TC-KKTC 12. Ortak Komite toplant\u0131na kat\u0131lmaktan duydu\u011fu memnuniyeti dile getirdi.<\/span><\/span><\/span><\/span><\/p>\n<p style=\"text-align:left\"><span style=\"font-size:16px\"><span style=\"font-family:Merriweather,serif !important\"><span style=\"color:#000000\"><span style=\"background-color:#ffffff\">Osmanl\u0131 \u0130mparatorlu\u011fu ve Cumhuriyet d\u00f6neminde K\u0131br\u0131s&#8217;\u0131n, hem ticari hem de stratejik bir merkez olarak oynad\u0131\u011f\u0131 kilit rol\u00fcn \u00f6nemine i\u015faret eden Bolat, KKTC&#8217;nin ekonomik g\u00fcc\u00fcn\u00fcn ve do\u011fal kaynaklar\u0131n\u0131n b\u00f6lgedeki stratejik \u00f6nemini art\u0131rd\u0131\u011f\u0131n\u0131 s\u00f6yledi.<\/span><\/span><\/span><\/span><\/p>\n<p style=\"text-align:left\"><span style=\"font-size:16px\"><span style=\"font-family:Merriweather,serif !important\"><span style=\"color:#000000\"><span style=\"background-color:#ffffff\">Bolat, bu de\u011ferli potansiyeli en iyi \u015fekilde kullanarak gelece\u011fi birlikte in\u015fa etmek i\u00e7in \u00e7al\u0131\u015fmalarda bulunduklar\u0131n\u0131 belirterek, KKTC ile ticaret hacmindeki art\u0131\u015f ve KKTC&#8217;deki yat\u0131r\u0131mlar\u0131n\u0131n bu \u00e7abalar\u0131n ve ba\u015far\u0131n\u0131n en \u00f6nemli kan\u0131t\u0131 oldu\u011funu kaydetti.<\/span><\/span><\/span><\/span><\/p>\n<p style=\"text-align:left\"><span style=\"font-size:16px\"><span style=\"font-family:Merriweather,serif !important\"><span style=\"color:#000000\"><span style=\"background-color:#ffffff\">-\u201cAmbargo ve izolasyonlara ra\u011fmen KKTC&#8217;nin her ge\u00e7en g\u00fcn ekonomik geli\u015fim g\u00f6stermesi dikkate de\u011fer bir durum\u201d<\/span><\/span><\/span><\/span><\/p>\n<p style=\"text-align:left\"><span style=\"font-size:16px\"><span style=\"font-family:Merriweather,serif !important\"><span style=\"color:#000000\"><span style=\"background-color:#ffffff\">\u0130ki \u00fclke aras\u0131ndaki ekonomik ba\u011flar\u0131n g\u00fc\u00e7lenmesi i\u00e7in KKTC firmalar\u0131n\u0131n d\u00fcnya ticaretine entegrasyonunu destekleyen projeler ve eylem planlar\u0131 \u00fczerinde \u00e7al\u0131\u015ft\u0131klar\u0131n\u0131 ifade eden Bakan Bolat, \u201cAmbargo ve izolasyonlara ra\u011fmen KKTC&#8217;nin her ge\u00e7en g\u00fcn ekonomik geli\u015fim g\u00f6stermesi dikkate de\u011fer bir durumdur\u201d dedi.<\/span><\/span><\/span><\/span><\/p>\n<p style=\"text-align:left\"><span style=\"font-size:16px\"><span style=\"font-family:Merriweather,serif !important\"><span style=\"color:#000000\"><span style=\"background-color:#ffffff\">Bolat, ekonominin ve ticaretin dinamiklerinin h\u0131zla d\u00f6n\u00fc\u015ft\u00fc\u011f\u00fc g\u00fcn\u00fcm\u00fczde, k\u00fcresel trendleri yakalamak, hatta trend belirleyen \u00fclke olmak, \u00fcretimde s\u00fcrd\u00fcr\u00fclebilirli\u011fi sa\u011flamak, katma de\u011ferli ihracat\u0131 &nbsp;art\u0131rmak ve \u00fclkenin prestijini daha y\u00fcksek seviyelere \u00e7\u0131karmak i\u00e7in herkese sorumluluklar d\u00fc\u015ft\u00fc\u011f\u00fcne inan\u00e7 belirtti.<\/span><\/span><\/span><\/span><\/p>\n<p style=\"text-align:left\"><span style=\"font-size:16px\"><span style=\"font-family:Merriweather,serif !important\"><span style=\"color:#000000\"><span style=\"background-color:#ffffff\">Son d\u00f6nemde patlak veren b\u00f6lgesel krizlerin, jeopolitik gerilimlerin ve s\u0131cak \u00e7at\u0131\u015fmalar\u0131n hemen hepsinin \u00fclkenin yak\u0131n \u00e7evresinde cereyan etti\u011fine i\u015faret eden Bakan Bolat, t\u00fcm bu olumsuzluklar\u0131n yan\u0131 s\u0131ra \u00fclkede ge\u00e7ti\u011fimiz y\u0131l \u015eubat ay\u0131nda ya\u015fanan asr\u0131n felaketinin bu olumsuz tabloyu daha da derinle\u015ftirdi\u011fini s\u00f6yledi.<\/span><\/span><\/span><\/span><\/p>\n<p style=\"text-align:left\"><span style=\"font-size:16px\"><span style=\"font-family:Merriweather,serif !important\"><span style=\"color:#000000\"><span style=\"background-color:#ffffff\">Deprem felaketinde yitirilen \u201c\u015eampiyon Melekleri\u201d de anan Bakan Bolat, \u201cBu gen\u00e7 canlar\u0131n kayb\u0131, hepimizin y\u00fcre\u011finde derin bir iz b\u0131rakt\u0131. Meleklerimize Allah&#8217;tan rahmet, kederli ailelerine sab\u0131r diliyorum\u201d dedi.<\/span><\/span><\/span><\/span><\/p>\n<p style=\"text-align:left\"><span style=\"font-size:16px\"><span style=\"font-family:Merriweather,serif !important\"><span style=\"color:#000000\"><span style=\"background-color:#ffffff\">B\u00f6lgemizdeki manzara ne kadar olumsuz olursa olsun, yeg\u00e2ne ama\u00e7lar\u0131n\u0131n \u00fclkenin ekonomik ve ticari kazan\u0131mlar\u0131n\u0131 korumak ve daha da geli\u015ftirmek oldu\u011funu ifade eden Bakan \u00d6mer Bolat, bug\u00fcne kadar bu konuda muvaffak olduklar\u0131n\u0131, T\u00fcrkiye olarak b\u00fcy\u00fcme ve ihracatta yakalanan g\u00fc\u00e7l\u00fc seyrin, ekonominin krizlere ve zorluklara kar\u015f\u0131 ne kadar mukavemetli oldu\u011funu ortaya koydu\u011funu kaydetti.<\/span><\/span><\/span><\/span><\/p>\n<p style=\"text-align:left\"><span style=\"font-size:16px\"><span style=\"font-family:Merriweather,serif !important\"><span style=\"color:#000000\"><span style=\"background-color:#ffffff\">Bundan sonra da T\u00fcrkiye\u2019nin kalk\u0131nmas\u0131 i\u00e7in var g\u00fc\u00e7leriyle \u00e7al\u0131\u015fmaya devam edeceklerini ifade eden Bakan Bolat, T\u00fcrkiye\u2019nin 100 y\u0131l\u0131nda ekonomi ve ihracata belirgin bir b\u00fcy\u00fcme ger\u00e7ekle\u015fti\u011fini, altyap\u0131 projeleri, sa\u011fl\u0131k ve e\u011fitim sekt\u00f6rlerinde ger\u00e7ekle\u015ftirilen reformlar sayesinde vatanda\u015flar\u0131n\u0131n ya\u015fam kalitesinde do\u011frudan iyile\u015fme sa\u011flan\u0131rken d\u0131\u015f politikada da b\u00f6lgesel g\u00fcc\u00fc peki\u015ftiren aktif roller \u00fcstlenildi\u011fini anlatt\u0131.<\/span><\/span><\/span><\/span><\/p>\n<p style=\"text-align:left\"><span style=\"font-size:16px\"><span style=\"font-family:Merriweather,serif !important\"><span style=\"color:#000000\"><span style=\"background-color:#ffffff\">Bolat \u015f\u00f6yle devam etti:<\/span><\/span><\/span><\/span><\/p>\n<p style=\"text-align:left\"><span style=\"font-size:16px\"><span style=\"font-family:Merriweather,serif !important\"><span style=\"color:#000000\"><span style=\"background-color:#ffffff\">\u201c2021 y\u0131l\u0131nda y\u00fczde 11,4 ile son 50 y\u0131l\u0131n en y\u00fcksek b\u00fcy\u00fcme rakam\u0131n\u0131 yakalayan T\u00fcrkiye, bu g\u00fc\u00e7l\u00fc b\u00fcy\u00fcme trendini devam ettirip 2023 y\u0131l\u0131n\u0131n \u00fc\u00e7\u00fcnc\u00fc \u00e7eyre\u011finde y\u00fczde 5,9 oran\u0131nda b\u00fcy\u00fcmeyi ba\u015farm\u0131\u015ft\u0131r.&nbsp; B\u00f6ylece pandeminin ard\u0131ndan, T\u00fcrkiye ekonomisi son 13 \u00e7eyrektir kesintisiz b\u00fcy\u00fcme performans\u0131n\u0131 s\u00fcrd\u00fcrm\u00fc\u015ft\u00fcr.<\/span><\/span><\/span><\/span><\/p>\n<p style=\"text-align:left\"><span style=\"font-size:16px\"><span style=\"font-family:Merriweather,serif !important\"><span style=\"color:#000000\"><span style=\"background-color:#ffffff\">B\u00fcy\u00fcmedeki bu olumlu seyir ne mutlu ki ihracat cephesinde de devam etmi\u015ftir. Cumhurba\u015fkan\u0131m\u0131z\u0131n liderli\u011fi ve \u00e7ok k\u0131ymetli ihracat ailemizin \u00f6zveri ve gayretleriyle ihracat\u0131m\u0131z\u0131 son 21 y\u0131lda tam 7 kat\u0131na \u00e7\u0131kard\u0131k ve 2023 y\u0131l\u0131nda 255,8 milyar dolar ile Cumhuriyet tarihimizin rekorunu k\u0131rd\u0131k. B\u00f6ylelikle ihracat\u0131m\u0131z 2023 y\u0131l\u0131 genelinde OVP tahmininin \u00fczerinde ger\u00e7ekle\u015fmi\u015f oldu.<\/span><\/span><\/span><\/span><\/p>\n<p style=\"text-align:left\"><span style=\"font-size:16px\"><span style=\"font-family:Merriweather,serif !important\"><span style=\"color:#000000\"><span style=\"background-color:#ffffff\">2024 y\u0131l\u0131nda 267 milyar dolar, 2026 y\u0131l\u0131nda 302 milyar dolar, 2028 y\u0131l\u0131nda ise 375 milyar dolar mal ihracat\u0131 hedefliyoruz.\u201d<\/span><\/span><\/span><\/span><\/p>\n<p style=\"text-align:left\"><span style=\"font-size:16px\"><span style=\"font-family:Merriweather,serif !important\"><span style=\"color:#000000\"><span style=\"background-color:#ffffff\">-\u201cKKTC ile olan ili\u015fkileri derinle\u015ftirmeye b\u00fcy\u00fck \u00f6nem veriyoruz \u201c<\/span><\/span><\/span><\/span><\/p>\n<p style=\"text-align:left\"><span style=\"font-size:16px\"><span style=\"font-family:Merriweather,serif !important\"><span style=\"color:#000000\"><span style=\"background-color:#ffffff\">KKTC ile olan ili\u015fkileri derinle\u015ftirmeye b\u00fcy\u00fck \u00f6nem verdiklerine dikkat \u00e7eken Bakan \u00d6mer Bolat, iki \u00fclkenin b\u00fcy\u00fck potansiyelini g\u00f6z \u00f6n\u00fcnde bulundurarak, ticari ili\u015fkileri bu potansiyelle uyumlu, daha y\u00fcksek ve kar\u015f\u0131l\u0131kl\u0131 yarar sa\u011flayacak seviyelere \u00e7\u0131karmak i\u00e7in \u00e7aba g\u00f6sterdiklerini s\u00f6yledi.<\/span><\/span><\/span><\/span><\/p>\n<p style=\"text-align:left\"><span style=\"font-size:16px\"><span style=\"font-family:Merriweather,serif !important\"><span style=\"color:#000000\"><span style=\"background-color:#ffffff\">Bakan Bolat, bu kapsamda, ticaretin \u00e7e\u015fitlendirilmesi, yat\u0131r\u0131m f\u0131rsatlar\u0131n\u0131n art\u0131r\u0131lmas\u0131 ve kar\u015f\u0131l\u0131kl\u0131 ticari faaliyetlerin te\u015fvik edilmesi gibi alanlarda somut ad\u0131mlar at\u0131ld\u0131\u011f\u0131n\u0131 ifade etti.<\/span><\/span><\/span><\/span><\/p>\n<p style=\"text-align:left\"><span style=\"font-size:16px\"><span style=\"font-family:Merriweather,serif !important\"><span style=\"color:#000000\"><span style=\"background-color:#ffffff\">Bakan Bolat konu\u015fmas\u0131n\u0131 \u015f\u00f6yle s\u00fcrd\u00fcrd\u00fc;<\/span><\/span><\/span><\/span><\/p>\n<p style=\"text-align:left\"><span style=\"font-size:16px\"><span style=\"font-family:Merriweather,serif !important\"><span style=\"color:#000000\"><span style=\"background-color:#ffffff\">\u201cMemnuniyetle ifade etmek isterim ki, d\u0131\u015f ticaret hacmimiz 2023 y\u0131l\u0131nda bir \u00f6nceki y\u0131la g\u00f6re y\u00fczde 13 oran\u0131nda artarak 2,5 milyar dolar seviyesinde ger\u00e7ekle\u015fmi\u015ftir.<\/span><\/span><\/span><\/span><\/p>\n<p style=\"text-align:left\"><span style=\"font-size:16px\"><span style=\"font-family:Merriweather,serif !important\"><span style=\"color:#000000\"><span style=\"background-color:#ffffff\">\u00dclkemizin KKTC\u2019deki do\u011frudan yat\u0131r\u0131mlar\u0131 360 milyon dolara ula\u015fm\u0131\u015ft\u0131r. &nbsp;Bunun yan\u0131nda, yat\u0131r\u0131mlar kadar \u00f6nem verdi\u011fimiz m\u00fcteahhitlik alan\u0131nda da T\u00fcrk m\u00fcteahhitleri KKTC\u2019nin alt ve \u00fcst yap\u0131s\u0131n\u0131n geli\u015ftirilmesine katk\u0131 sa\u011flamaya devam etmeye haz\u0131rd\u0131r. H\u00e2lihaz\u0131rda m\u00fcteahhitlerimiz, KKTC\u2019de 1,4 milyar dolar de\u011ferinde 114 proje \u00fcstlenmi\u015ftir.\u201d<\/span><\/span><\/span><\/span><\/p>\n<p style=\"text-align:left\"><span style=\"font-size:16px\"><span style=\"font-family:Merriweather,serif !important\"><span style=\"color:#000000\"><span style=\"background-color:#ffffff\">Bakan \u00d6mer Bolat, 3 Haziran 2021 tarihinde Lefko\u015fa\u2019da imzalanan ve 7 Eyl\u00fcl 2021 tarih ve 31591 say\u0131l\u0131 Resmi Gazete\u2019de yay\u0131mlanan 4476 say\u0131l\u0131 Kararla onaylanan \u201cT\u00fcrkiye Cumhuriyeti H\u00fck\u00fcmeti ile KKTC H\u00fck\u00fcmeti Aras\u0131nda Ticaretin ve Ekonomik \u0130\u015fbirli\u011finin Geli\u015ftirilmesine Dair Protokol\u201d \u00e7er\u00e7evesinde haz\u0131rlanan Eylem Plan\u0131 y\u00fcr\u00fcrl\u00fc\u011fe konuldu\u011funu an\u0131msatt\u0131.<\/span><\/span><\/span><\/span><\/p>\n<p style=\"text-align:left\"><span style=\"font-size:16px\"><span style=\"font-family:Merriweather,serif !important\"><span style=\"color:#000000\"><span style=\"background-color:#ffffff\">K\u0131br\u0131s T\u00fcrk Sanayi Odas\u0131 i\u015f birli\u011finde Lefko\u015fa\u2019da 9 Ocak 2020 tarihinde T\u0130M\u2019in ilk yurt d\u0131\u015f\u0131 temsilcilik ofisi a\u00e7\u0131ld\u0131\u011f\u0131n\u0131 ifade eden Bakan Bolat, KKTC&#8217;li Firmalar\u0131n D\u00fcnya Ticaretine Eklenmesi Projesi kapsam\u0131nda, KKTC\u2019nin uluslararas\u0131 ticari alanda tan\u0131n\u0131rl\u0131\u011f\u0131n\u0131n ve ikili ticaret hacminin art\u0131r\u0131lmas\u0131n\u0131 teminen, \u00fclkede d\u00fczenlenen fuarlara KKTC firmalar\u0131n\u0131n kat\u0131l\u0131m\u0131n\u0131n Ticaret Bakanl\u0131\u011f\u0131nca desteklendi\u011fini anlatt\u0131.<\/span><\/span><\/span><\/span><\/p>\n<p style=\"text-align:left\"><span style=\"font-size:16px\"><span style=\"font-family:Merriweather,serif !important\"><span style=\"color:#000000\"><span style=\"background-color:#ffffff\">Bu kapsamda ger\u00e7ekle\u015ftirilen di\u011fer projelere de de\u011finen Bakan Bolat, Ticaret Bakanl\u0131\u011f\u0131 koordinasyonunda d\u00fczenlenen Genel Ticaret Heyeti programlar\u0131na KKTC firmalar\u0131n\u0131n kat\u0131l\u0131m\u0131n\u0131n sa\u011flanmas\u0131n\u0131n bakanl\u0131klar\u0131nca talimatland\u0131r\u0131ld\u0131\u011f\u0131n\u0131, T\u0130M ve KKTC Ticaret ve Sanayi Odas\u0131 aras\u0131ndaki i\u015f birli\u011fi ile ticaret heyeti, al\u0131m heyeti gibi programlara KKTC firmalar\u0131n\u0131n davet edildi\u011fini anlatt\u0131.<\/span><\/span><\/span><\/span><\/p>\n<p style=\"text-align:left\"><span style=\"font-size:16px\"><span style=\"font-family:Merriweather,serif !important\"><span style=\"color:#000000\"><span style=\"background-color:#ffffff\">-KKTC\u2019li firmalar\u0131n d\u0131\u015f d\u00fcnyaya a\u00e7\u0131l\u0131m\u0131nda T\u00fcrkiye\u2019nin \u00f6nemli bir konumda<\/span><\/span><\/span><\/span><\/p>\n<p style=\"text-align:left\"><span style=\"font-size:16px\"><span style=\"font-family:Merriweather,serif !important\"><span style=\"color:#000000\"><span style=\"background-color:#ffffff\">KKTC\u2019li firmalar\u0131n d\u0131\u015f d\u00fcnyaya a\u00e7\u0131l\u0131m\u0131nda T\u00fcrkiye\u2019nin \u00f6nemli bir konumda yer ald\u0131\u011f\u0131n\u0131, T\u00fcrkiye\u2019nin d\u00fcnya pazarlar\u0131ndaki g\u00fc\u00e7l\u00fc konumundan KKTC\u2019li firmalar\u0131n da istifade etmesinin en b\u00fcy\u00fck temennileri oldu\u011funu dile getiren Bakan \u00d6mer Bolat, konu\u015fmas\u0131nda \u015fu ifadelere yer verdi:<\/span><\/span><\/span><\/span><\/p>\n<p style=\"text-align:left\"><span style=\"font-size:16px\"><span style=\"font-family:Merriweather,serif !important\"><span style=\"color:#000000\"><span style=\"background-color:#ffffff\">\u201cBu kapsamda, KKTC firmalar\u0131na d\u0131\u015f ticaret ve g\u00fcmr\u00fck konular\u0131nda Bakanl\u0131\u011f\u0131m\u0131zca teknik bilgi deste\u011fi vermekteyiz ve bundan sonraki s\u00fcre\u00e7te de gerek K\u0131br\u0131s T\u00fcrk Ticaret Odas\u0131 gerekse K\u0131br\u0131s T\u00fcrk Sanayi Odas\u0131 taraf\u0131ndan talep edilmesi halinde her t\u00fcrl\u00fc deste\u011fi vermeye haz\u0131r\u0131z.<\/span><\/span><\/span><\/span><\/p>\n<p style=\"text-align:left\"><span style=\"font-size:16px\"><span style=\"font-family:Merriweather,serif !important\"><span style=\"color:#000000\"><span style=\"background-color:#ffffff\">Ayr\u0131ca, 2023 y\u0131l\u0131nda 5 KKTC\u2019li firmaya toplam 71 milyon dolar EX\u0130MBANK kredisi sa\u011flanm\u0131\u015ft\u0131r. \u00d6n\u00fcm\u00fczdeki y\u0131llarda daha fazla KKTC\u2019li firman\u0131n EX\u0130MBANK kredilerinden yararlanaca\u011f\u0131na inan\u0131yorum.<\/span><\/span><\/span><\/span><\/p>\n<p style=\"text-align:left\"><span style=\"font-size:16px\"><span style=\"font-family:Merriweather,serif !important\"><span style=\"color:#000000\"><span style=\"background-color:#ffffff\">Yine, KKTC firmalar\u0131n\u0131n \u00fclkemiz firmalar\u0131yla \u00fc\u00e7\u00fcnc\u00fc \u00fclkelerde ortak yat\u0131r\u0131m yapma f\u0131rsat\u0131n\u0131 de\u011ferlendirmesinin, KKTC\u2019nin ekonomik kalk\u0131nmas\u0131n\u0131 h\u0131zland\u0131raca\u011f\u0131na ve KKTC ekonomisindeki potansiyel kaynaklar\u0131 harekete ge\u00e7irece\u011fine inan\u0131yorum.<\/span><\/span><\/span><\/span><\/p>\n<p style=\"text-align:left\"><span style=\"font-size:16px\"><span style=\"font-family:Merriweather,serif !important\"><span style=\"color:#000000\"><span style=\"background-color:#ffffff\">KKTC ziyaretimiz vesilesiyle, \u00fclkelerimiz aras\u0131ndaki ili\u015fkiler i\u00e7in \u00f6nemli bir yol haritas\u0131 olacak T\u00fcrkiye Cumhuriyeti-KKTC Ortak Komite 12. D\u00f6nem Toplant\u0131s\u0131 Mutabakat Zapt\u0131n\u0131 ve ayr\u0131ca, \u00fcr\u00fcn g\u00fcvenli\u011fi ve denetimi alan\u0131nda K\u0131br\u0131sl\u0131 karde\u015flerimize \u00fclkemizin bilgi ve tecr\u00fcbesinin aktar\u0131lmas\u0131 do\u011frultusunda haz\u0131rlanan Kuzey K\u0131br\u0131s T\u00fcrk Cumhuriyeti\u2019ne \u0130thal Edilen \u00dcr\u00fcnlerin Denetimi Konusunda \u0130\u015fbirli\u011fi Protokol\u00fc\u2019n\u00fc ve \u00dclke S\u0131n\u0131rlar\u0131ndan Ge\u00e7en Ta\u015f\u0131t ve E\u015fyaya Dair \u00d6n Bilgi De\u011fi\u015fimine \u0130li\u015fkin Protokol\u00fc&nbsp; de imzalayaca\u011f\u0131z.<\/span><\/span><\/span><\/span><\/p>\n<p style=\"text-align:left\"><span style=\"font-size:16px\"><span style=\"font-family:Merriweather,serif !important\"><span style=\"color:#000000\"><span style=\"background-color:#ffffff\">\u0130kili ticari ve ekonomik ili\u015fkilerimizin karde\u015fli\u011fimize yak\u0131\u015f\u0131r bir bi\u00e7imde geli\u015ftirilmesi i\u00e7in biz her zaman oldu\u011fu gibi, elimizden gelen her \u015feyi kararl\u0131l\u0131kla yapmaya devam edece\u011fiz.\u201d<\/span><\/span><\/span><\/span><\/p>\n<p style=\"text-align:left\"><span style=\"font-size:16px\"><span style=\"font-family:Merriweather,serif !important\"><span style=\"color:#000000\"><span style=\"background-color:#ffffff\">Ekonomi Bakan\u0131 ve Enerji Bakan\u0131 Olgun Amcao\u011flu ile imzalayacaklar\u0131, g\u00fcncellenen T\u00fcrkiye-KKTC Ekonomik ve Ticari \u0130\u015fbirli\u011fi Eylem Plan\u0131 ile \u00fclkeler aras\u0131ndaki ekonomik ve ticari ili\u015fkileri daha da g\u00fc\u00e7lenece\u011fine inan\u00e7 belirten Bolat, \u201cEylem plan\u0131nda ticaret, g\u00fcmr\u00fck, e-ticaret, \u00fcr\u00fcn g\u00fcvenli\u011fi, insan kaynaklar\u0131, serbest b\u00f6lgeler, sa\u011fl\u0131k, hukuki altyap\u0131 gibi \u00e7e\u015fitli alanlarda i\u015fbirli\u011fini i\u00e7eren faaliyetlere yer verdik. Bu eylem plan\u0131n\u0131n da her iki \u00fclke i\u00e7in hay\u0131rlara vesile olmas\u0131n\u0131 diliyorum\u201d dedi.<\/span><\/span><\/span><\/span><\/p>\n<p style=\"text-align:left\"><span style=\"font-size:16px\"><span style=\"font-family:Merriweather,serif !important\"><span style=\"color:#000000\"><span style=\"background-color:#ffffff\">\u0130ki \u00fclke aras\u0131nda ger\u00e7ekle\u015fen ortak yat\u0131r\u0131m projeleri ve di\u011fer ba\u015far\u0131 \u00f6yk\u00fclerinin i\u015fbirli\u011finin ne kadar g\u00fc\u00e7l\u00fc ve verimli olabilece\u011finin somut \u00f6rneklerinden oldu\u011funa dikkat \u00e7eken Bakan \u00d6mer Bolat, konu\u015fmas\u0131nda \u015fu ifadelere yer verdi:<\/span><\/span><\/span><\/span><\/p>\n<p style=\"text-align:left\"><span style=\"font-size:16px\"><span style=\"font-family:Merriweather,serif !important\"><span style=\"color:#000000\"><span style=\"background-color:#ffffff\">\u201cBu t\u00fcr ba\u015far\u0131lar, i\u015f insanlar\u0131m\u0131z\u0131n azmi ve iki \u00fclkenin i\u015f birli\u011fi hususundaki iradesinin birle\u015fmesiyle m\u00fcmk\u00fcn olmaktad\u0131r. Bu etkinlik vesilesiyle, mevcut i\u015f ili\u015fkilerimizin daha da g\u00fc\u00e7lenerek yeni i\u015f f\u0131rsatlar\u0131 meydana getirmesini umuyorum. Ayn\u0131 zamanda, bu etkinli\u011fin, ortak hedeflerimize h\u0131zla ula\u015fmam\u0131zda kataliz\u00f6r rol\u00fc oynamas\u0131n\u0131 diliyorum.\u201d<\/span><\/span><\/span><\/span><\/p>\n<p style=\"text-align:left\"><span style=\"font-size:16px\"><span style=\"font-family:Merriweather,serif !important\"><span style=\"color:#000000\"><span style=\"background-color:#ffffff\">Bakan Bolat etkinli\u011fe kat\u0131lan ve katk\u0131 koyan herkese te\u015fekk\u00fcr ederek, 1974 K\u0131br\u0131s Harekat\u0131&#8217;na kat\u0131larak b\u00fcy\u00fck fedakarl\u0131klar g\u00f6steren t\u00fcm m\u00fccahitleri ve bu u\u011furda hayat\u0131n\u0131 kaybeden \u015fehitleri rahmet ve \u015f\u00fckranla and\u0131.<\/span><\/span><\/span><\/span><\/p>\n<p style=\"text-align:left\"><span style=\"font-size:16px\"><span style=\"font-family:Merriweather,serif !important\"><span style=\"color:#000000\"><span style=\"background-color:#ffffff\">Bakan Bolat, ayr\u0131ca, \u00f6mr\u00fcn\u00fc K\u0131br\u0131s T\u00fcrk halk\u0131na adayarak ba\u011f\u0131ms\u0131zl\u0131k yolunda b\u00fcy\u00fck fedakarl\u0131klar g\u00f6steren Dr. Faz\u0131l K\u00fc\u00e7\u00fck\u2019\u00fc ve K\u0131br\u0131s&#8217;\u0131n unutulmaz lideri, merhum Rauf Denkta\u015f&#8217;\u0131 da sayg\u0131 ve minnetle yad etti.<\/span><\/span><\/span><\/span><\/p>\n<p style=\"text-align:left\"><span style=\"font-size:16px\"><span style=\"font-family:Merriweather,serif !important\"><span style=\"color:#000000\"><span style=\"background-color:#ffffff\">Bakan Bolat,K\u0131br\u0131s Bar\u0131\u015f Harek\u00e2t\u0131nda tarih\u00ee karar\u0131 alan, planlayan, uygulayan merhum Ba\u015fbakanlar\u0131 Necmettin Erbakan ve B\u00fclent Ecevit\u2019i ve d\u00f6nemin kuvvet komutanlar\u0131n\u0131 da de sayg\u0131 ve \u015f\u00fckranla and\u0131\u011f\u0131n\u0131 s\u00f6yledi.<\/span><\/span><\/span><\/span><\/p>\n","protected":false},"excerpt":{"rendered":"<p>Bakan Bolat, 2024 y\u0131l\u0131 i\u00e7inde KKTC\u2019li esnaflara toplam 150 milyon TL\u2019lik bir TESKOMB kredisi sa\u011flanaca\u011f\u0131 m\u00fcjdesini vererek, firma ba\u015f\u0131na kredi \u00fcst limiti olarak 650 bin TL\u2019lik kayna\u011f\u0131n, 5 y\u0131l vade y\u00fczde 25 maliyet ve 6 ayda bir \u00f6deme plan\u0131yla esnaf\u0131n finansmana eri\u015fmesini temin edeceklerini s\u00f6yledi. \u00d6n\u00fcm\u00fczdeki y\u0131llarda iki \u00fclke aras\u0131ndaki ticari ve ekonomik ili\u015fkilerin daha<\/p>\n","protected":false},"author":1,"featured_media":27064,"comment_status":"open","ping_status":"open","sticky":false,"template":"","format":"standard","meta":{"footnotes":""},"categories":[79],"tags":[],"class_list":["post-27063","post","type-post","status-publish","format-standard","has-post-thumbnail","hentry","category-ekonomi"],"yoast_head":"<!-- This site is optimized with the Yoast SEO plugin v27.4 - https:\/\/yoast.com\/product\/yoast-seo-wordpress\/ -->\n<title>\u201cT\u00fcrkiye Cumhuriyeti\u2019nin KKTC ile olan ili\u015fkileri sadece siyasi ve k\u00fclt\u00fcrel boyutla s\u0131n\u0131rl\u0131 de\u011fil. \u0130li\u015fkileri ekonomik ve ticari alanlarda da derinle\u015ftirmeye b\u00fcy\u00fck \u00f6nem veriyoruz\u201d -<\/title>\n<meta name=\"robots\" content=\"index, follow, max-snippet:-1, max-image-preview:large, max-video-preview:-1\" \/>\n<link rel=\"canonical\" href=\"https:\/\/kibrisdakik.com\/?p=27063\" \/>\n<meta property=\"og:locale\" content=\"tr_TR\" \/>\n<meta property=\"og:type\" content=\"article\" \/>\n<meta property=\"og:title\" content=\"\u201cT\u00fcrkiye Cumhuriyeti\u2019nin KKTC ile olan ili\u015fkileri sadece siyasi ve k\u00fclt\u00fcrel boyutla s\u0131n\u0131rl\u0131 de\u011fil. \u0130li\u015fkileri ekonomik ve ticari alanlarda da derinle\u015ftirmeye b\u00fcy\u00fck \u00f6nem veriyoruz\u201d -\" \/>\n<meta property=\"og:description\" content=\"Bakan Bolat, 2024 y\u0131l\u0131 i\u00e7inde KKTC\u2019li esnaflara toplam 150 milyon TL\u2019lik bir TESKOMB kredisi sa\u011flanaca\u011f\u0131 m\u00fcjdesini vererek, firma ba\u015f\u0131na kredi \u00fcst limiti olarak 650 bin TL\u2019lik kayna\u011f\u0131n, 5 y\u0131l vade y\u00fczde 25 maliyet ve 6 ayda bir \u00f6deme plan\u0131yla esnaf\u0131n finansmana eri\u015fmesini temin edeceklerini s\u00f6yledi. \u00d6n\u00fcm\u00fczdeki y\u0131llarda iki \u00fclke aras\u0131ndaki ticari ve ekonomik ili\u015fkilerin daha\" \/>\n<meta property=\"og:url\" content=\"https:\/\/kibrisdakik.com\/?p=27063\" \/>\n<meta property=\"article:published_time\" content=\"2024-01-19T11:44:43+00:00\" \/>\n<meta property=\"og:image\" content=\"https:\/\/kibrisdakik.com\/wp-content\/uploads\/2024\/01\/turkiye-cumhuriyetinin-kktc-ile-olan-iliskileri-sadece-siyasi-ve-kulturel-boyutla-sinirli-degil-iliskileri-ekonomik-ve-ticari-alanlarda-da-derinlestirmeye-buyuk-onem-veriyoruz-1705662800.webp.webp\" \/>\n\t<meta property=\"og:image:width\" content=\"710\" \/>\n\t<meta property=\"og:image:height\" content=\"370\" \/>\n\t<meta property=\"og:image:type\" content=\"image\/webp\" \/>\n<meta name=\"author\" content=\"admin\" \/>\n<meta name=\"twitter:card\" content=\"summary_large_image\" \/>\n<meta name=\"twitter:label1\" content=\"Yazan:\" \/>\n\t<meta name=\"twitter:data1\" content=\"admin\" \/>\n\t<meta name=\"twitter:label2\" content=\"Tahmini okuma s\u00fcresi\" \/>\n\t<meta name=\"twitter:data2\" content=\"9 dakika\" \/>\n<script type=\"application\/ld+json\" class=\"yoast-schema-graph\">{\"@context\":\"https:\\\/\\\/schema.org\",\"@graph\":[{\"@type\":\"Article\",\"@id\":\"https:\\\/\\\/kibrisdakik.com\\\/?p=27063#article\",\"isPartOf\":{\"@id\":\"https:\\\/\\\/kibrisdakik.com\\\/?p=27063\"},\"author\":{\"name\":\"admin\",\"@id\":\"https:\\\/\\\/kibrisdakik.com\\\/#\\\/schema\\\/person\\\/9cd9d437bbb44f72b73ba127e06d8e79\"},\"headline\":\"\u201cT\u00fcrkiye Cumhuriyeti\u2019nin KKTC ile olan ili\u015fkileri sadece siyasi ve k\u00fclt\u00fcrel boyutla s\u0131n\u0131rl\u0131 de\u011fil. \u0130li\u015fkileri ekonomik ve ticari alanlarda da derinle\u015ftirmeye b\u00fcy\u00fck \u00f6nem veriyoruz\u201d\",\"datePublished\":\"2024-01-19T11:44:43+00:00\",\"mainEntityOfPage\":{\"@id\":\"https:\\\/\\\/kibrisdakik.com\\\/?p=27063\"},\"wordCount\":1918,\"commentCount\":0,\"image\":{\"@id\":\"https:\\\/\\\/kibrisdakik.com\\\/?p=27063#primaryimage\"},\"thumbnailUrl\":\"https:\\\/\\\/kibrisdakik.com\\\/wp-content\\\/uploads\\\/2024\\\/01\\\/turkiye-cumhuriyetinin-kktc-ile-olan-iliskileri-sadece-siyasi-ve-kulturel-boyutla-sinirli-degil-iliskileri-ekonomik-ve-ticari-alanlarda-da-derinlestirmeye-buyuk-onem-veriyoruz-1705662800.webp.webp\",\"articleSection\":[\"Ekonomi\"],\"inLanguage\":\"tr\",\"potentialAction\":[{\"@type\":\"CommentAction\",\"name\":\"Comment\",\"target\":[\"https:\\\/\\\/kibrisdakik.com\\\/?p=27063#respond\"]}]},{\"@type\":\"WebPage\",\"@id\":\"https:\\\/\\\/kibrisdakik.com\\\/?p=27063\",\"url\":\"https:\\\/\\\/kibrisdakik.com\\\/?p=27063\",\"name\":\"\u201cT\u00fcrkiye Cumhuriyeti\u2019nin KKTC ile olan ili\u015fkileri sadece siyasi ve k\u00fclt\u00fcrel boyutla s\u0131n\u0131rl\u0131 de\u011fil. \u0130li\u015fkileri ekonomik ve ticari alanlarda da derinle\u015ftirmeye b\u00fcy\u00fck \u00f6nem veriyoruz\u201d -\",\"isPartOf\":{\"@id\":\"https:\\\/\\\/kibrisdakik.com\\\/#website\"},\"primaryImageOfPage\":{\"@id\":\"https:\\\/\\\/kibrisdakik.com\\\/?p=27063#primaryimage\"},\"image\":{\"@id\":\"https:\\\/\\\/kibrisdakik.com\\\/?p=27063#primaryimage\"},\"thumbnailUrl\":\"https:\\\/\\\/kibrisdakik.com\\\/wp-content\\\/uploads\\\/2024\\\/01\\\/turkiye-cumhuriyetinin-kktc-ile-olan-iliskileri-sadece-siyasi-ve-kulturel-boyutla-sinirli-degil-iliskileri-ekonomik-ve-ticari-alanlarda-da-derinlestirmeye-buyuk-onem-veriyoruz-1705662800.webp.webp\",\"datePublished\":\"2024-01-19T11:44:43+00:00\",\"author\":{\"@id\":\"https:\\\/\\\/kibrisdakik.com\\\/#\\\/schema\\\/person\\\/9cd9d437bbb44f72b73ba127e06d8e79\"},\"breadcrumb\":{\"@id\":\"https:\\\/\\\/kibrisdakik.com\\\/?p=27063#breadcrumb\"},\"inLanguage\":\"tr\",\"potentialAction\":[{\"@type\":\"ReadAction\",\"target\":[\"https:\\\/\\\/kibrisdakik.com\\\/?p=27063\"]}]},{\"@type\":\"ImageObject\",\"inLanguage\":\"tr\",\"@id\":\"https:\\\/\\\/kibrisdakik.com\\\/?p=27063#primaryimage\",\"url\":\"https:\\\/\\\/kibrisdakik.com\\\/wp-content\\\/uploads\\\/2024\\\/01\\\/turkiye-cumhuriyetinin-kktc-ile-olan-iliskileri-sadece-siyasi-ve-kulturel-boyutla-sinirli-degil-iliskileri-ekonomik-ve-ticari-alanlarda-da-derinlestirmeye-buyuk-onem-veriyoruz-1705662800.webp.webp\",\"contentUrl\":\"https:\\\/\\\/kibrisdakik.com\\\/wp-content\\\/uploads\\\/2024\\\/01\\\/turkiye-cumhuriyetinin-kktc-ile-olan-iliskileri-sadece-siyasi-ve-kulturel-boyutla-sinirli-degil-iliskileri-ekonomik-ve-ticari-alanlarda-da-derinlestirmeye-buyuk-onem-veriyoruz-1705662800.webp.webp\",\"width\":710,\"height\":370},{\"@type\":\"BreadcrumbList\",\"@id\":\"https:\\\/\\\/kibrisdakik.com\\\/?p=27063#breadcrumb\",\"itemListElement\":[{\"@type\":\"ListItem\",\"position\":1,\"name\":\"Home\",\"item\":\"https:\\\/\\\/kibrisdakik.com\\\/\"},{\"@type\":\"ListItem\",\"position\":2,\"name\":\"\u201cT\u00fcrkiye Cumhuriyeti\u2019nin KKTC ile olan ili\u015fkileri sadece siyasi ve k\u00fclt\u00fcrel boyutla s\u0131n\u0131rl\u0131 de\u011fil. \u0130li\u015fkileri ekonomik ve ticari alanlarda da derinle\u015ftirmeye b\u00fcy\u00fck \u00f6nem veriyoruz\u201d\"}]},{\"@type\":\"WebSite\",\"@id\":\"https:\\\/\\\/kibrisdakik.com\\\/#website\",\"url\":\"https:\\\/\\\/kibrisdakik.com\\\/\",\"name\":\"\",\"description\":\"Tam vaktinde haber\",\"potentialAction\":[{\"@type\":\"SearchAction\",\"target\":{\"@type\":\"EntryPoint\",\"urlTemplate\":\"https:\\\/\\\/kibrisdakik.com\\\/?s={search_term_string}\"},\"query-input\":{\"@type\":\"PropertyValueSpecification\",\"valueRequired\":true,\"valueName\":\"search_term_string\"}}],\"inLanguage\":\"tr\"},{\"@type\":\"Person\",\"@id\":\"https:\\\/\\\/kibrisdakik.com\\\/#\\\/schema\\\/person\\\/9cd9d437bbb44f72b73ba127e06d8e79\",\"name\":\"admin\",\"image\":{\"@type\":\"ImageObject\",\"inLanguage\":\"tr\",\"@id\":\"https:\\\/\\\/secure.gravatar.com\\\/avatar\\\/ccc17943b9d660506c869530f897617f7cb1c21a4bf30023f252596d83e1f007?s=96&d=mm&r=g\",\"url\":\"https:\\\/\\\/secure.gravatar.com\\\/avatar\\\/ccc17943b9d660506c869530f897617f7cb1c21a4bf30023f252596d83e1f007?s=96&d=mm&r=g\",\"contentUrl\":\"https:\\\/\\\/secure.gravatar.com\\\/avatar\\\/ccc17943b9d660506c869530f897617f7cb1c21a4bf30023f252596d83e1f007?s=96&d=mm&r=g\",\"caption\":\"admin\"},\"sameAs\":[\"https:\\\/\\\/kibrisdakik.com\"],\"url\":\"https:\\\/\\\/kibrisdakik.com\\\/?author=1\"}]}<\/script>\n<!-- \/ Yoast SEO plugin. -->","yoast_head_json":{"title":"\u201cT\u00fcrkiye Cumhuriyeti\u2019nin KKTC ile olan ili\u015fkileri sadece siyasi ve k\u00fclt\u00fcrel boyutla s\u0131n\u0131rl\u0131 de\u011fil. \u0130li\u015fkileri ekonomik ve ticari alanlarda da derinle\u015ftirmeye b\u00fcy\u00fck \u00f6nem veriyoruz\u201d -","robots":{"index":"index","follow":"follow","max-snippet":"max-snippet:-1","max-image-preview":"max-image-preview:large","max-video-preview":"max-video-preview:-1"},"canonical":"https:\/\/kibrisdakik.com\/?p=27063","og_locale":"tr_TR","og_type":"article","og_title":"\u201cT\u00fcrkiye Cumhuriyeti\u2019nin KKTC ile olan ili\u015fkileri sadece siyasi ve k\u00fclt\u00fcrel boyutla s\u0131n\u0131rl\u0131 de\u011fil. \u0130li\u015fkileri ekonomik ve ticari alanlarda da derinle\u015ftirmeye b\u00fcy\u00fck \u00f6nem veriyoruz\u201d -","og_description":"Bakan Bolat, 2024 y\u0131l\u0131 i\u00e7inde KKTC\u2019li esnaflara toplam 150 milyon TL\u2019lik bir TESKOMB kredisi sa\u011flanaca\u011f\u0131 m\u00fcjdesini vererek, firma ba\u015f\u0131na kredi \u00fcst limiti olarak 650 bin TL\u2019lik kayna\u011f\u0131n, 5 y\u0131l vade y\u00fczde 25 maliyet ve 6 ayda bir \u00f6deme plan\u0131yla esnaf\u0131n finansmana eri\u015fmesini temin edeceklerini s\u00f6yledi. \u00d6n\u00fcm\u00fczdeki y\u0131llarda iki \u00fclke aras\u0131ndaki ticari ve ekonomik ili\u015fkilerin daha","og_url":"https:\/\/kibrisdakik.com\/?p=27063","article_published_time":"2024-01-19T11:44:43+00:00","og_image":[{"width":710,"height":370,"url":"https:\/\/kibrisdakik.com\/wp-content\/uploads\/2024\/01\/turkiye-cumhuriyetinin-kktc-ile-olan-iliskileri-sadece-siyasi-ve-kulturel-boyutla-sinirli-degil-iliskileri-ekonomik-ve-ticari-alanlarda-da-derinlestirmeye-buyuk-onem-veriyoruz-1705662800.webp.webp","type":"image\/webp"}],"author":"admin","twitter_card":"summary_large_image","twitter_misc":{"Yazan:":"admin","Tahmini okuma s\u00fcresi":"9 dakika"},"schema":{"@context":"https:\/\/schema.org","@graph":[{"@type":"Article","@id":"https:\/\/kibrisdakik.com\/?p=27063#article","isPartOf":{"@id":"https:\/\/kibrisdakik.com\/?p=27063"},"author":{"name":"admin","@id":"https:\/\/kibrisdakik.com\/#\/schema\/person\/9cd9d437bbb44f72b73ba127e06d8e79"},"headline":"\u201cT\u00fcrkiye Cumhuriyeti\u2019nin KKTC ile olan ili\u015fkileri sadece siyasi ve k\u00fclt\u00fcrel boyutla s\u0131n\u0131rl\u0131 de\u011fil. \u0130li\u015fkileri ekonomik ve ticari alanlarda da derinle\u015ftirmeye b\u00fcy\u00fck \u00f6nem veriyoruz\u201d","datePublished":"2024-01-19T11:44:43+00:00","mainEntityOfPage":{"@id":"https:\/\/kibrisdakik.com\/?p=27063"},"wordCount":1918,"commentCount":0,"image":{"@id":"https:\/\/kibrisdakik.com\/?p=27063#primaryimage"},"thumbnailUrl":"https:\/\/kibrisdakik.com\/wp-content\/uploads\/2024\/01\/turkiye-cumhuriyetinin-kktc-ile-olan-iliskileri-sadece-siyasi-ve-kulturel-boyutla-sinirli-degil-iliskileri-ekonomik-ve-ticari-alanlarda-da-derinlestirmeye-buyuk-onem-veriyoruz-1705662800.webp.webp","articleSection":["Ekonomi"],"inLanguage":"tr","potentialAction":[{"@type":"CommentAction","name":"Comment","target":["https:\/\/kibrisdakik.com\/?p=27063#respond"]}]},{"@type":"WebPage","@id":"https:\/\/kibrisdakik.com\/?p=27063","url":"https:\/\/kibrisdakik.com\/?p=27063","name":"\u201cT\u00fcrkiye Cumhuriyeti\u2019nin KKTC ile olan ili\u015fkileri sadece siyasi ve k\u00fclt\u00fcrel boyutla s\u0131n\u0131rl\u0131 de\u011fil. \u0130li\u015fkileri ekonomik ve ticari alanlarda da derinle\u015ftirmeye b\u00fcy\u00fck \u00f6nem veriyoruz\u201d -","isPartOf":{"@id":"https:\/\/kibrisdakik.com\/#website"},"primaryImageOfPage":{"@id":"https:\/\/kibrisdakik.com\/?p=27063#primaryimage"},"image":{"@id":"https:\/\/kibrisdakik.com\/?p=27063#primaryimage"},"thumbnailUrl":"https:\/\/kibrisdakik.com\/wp-content\/uploads\/2024\/01\/turkiye-cumhuriyetinin-kktc-ile-olan-iliskileri-sadece-siyasi-ve-kulturel-boyutla-sinirli-degil-iliskileri-ekonomik-ve-ticari-alanlarda-da-derinlestirmeye-buyuk-onem-veriyoruz-1705662800.webp.webp","datePublished":"2024-01-19T11:44:43+00:00","author":{"@id":"https:\/\/kibrisdakik.com\/#\/schema\/person\/9cd9d437bbb44f72b73ba127e06d8e79"},"breadcrumb":{"@id":"https:\/\/kibrisdakik.com\/?p=27063#breadcrumb"},"inLanguage":"tr","potentialAction":[{"@type":"ReadAction","target":["https:\/\/kibrisdakik.com\/?p=27063"]}]},{"@type":"ImageObject","inLanguage":"tr","@id":"https:\/\/kibrisdakik.com\/?p=27063#primaryimage","url":"https:\/\/kibrisdakik.com\/wp-content\/uploads\/2024\/01\/turkiye-cumhuriyetinin-kktc-ile-olan-iliskileri-sadece-siyasi-ve-kulturel-boyutla-sinirli-degil-iliskileri-ekonomik-ve-ticari-alanlarda-da-derinlestirmeye-buyuk-onem-veriyoruz-1705662800.webp.webp","contentUrl":"https:\/\/kibrisdakik.com\/wp-content\/uploads\/2024\/01\/turkiye-cumhuriyetinin-kktc-ile-olan-iliskileri-sadece-siyasi-ve-kulturel-boyutla-sinirli-degil-iliskileri-ekonomik-ve-ticari-alanlarda-da-derinlestirmeye-buyuk-onem-veriyoruz-1705662800.webp.webp","width":710,"height":370},{"@type":"BreadcrumbList","@id":"https:\/\/kibrisdakik.com\/?p=27063#breadcrumb","itemListElement":[{"@type":"ListItem","position":1,"name":"Home","item":"https:\/\/kibrisdakik.com\/"},{"@type":"ListItem","position":2,"name":"\u201cT\u00fcrkiye Cumhuriyeti\u2019nin KKTC ile olan ili\u015fkileri sadece siyasi ve k\u00fclt\u00fcrel boyutla s\u0131n\u0131rl\u0131 de\u011fil. \u0130li\u015fkileri ekonomik ve ticari alanlarda da derinle\u015ftirmeye b\u00fcy\u00fck \u00f6nem veriyoruz\u201d"}]},{"@type":"WebSite","@id":"https:\/\/kibrisdakik.com\/#website","url":"https:\/\/kibrisdakik.com\/","name":"","description":"Tam vaktinde haber","potentialAction":[{"@type":"SearchAction","target":{"@type":"EntryPoint","urlTemplate":"https:\/\/kibrisdakik.com\/?s={search_term_string}"},"query-input":{"@type":"PropertyValueSpecification","valueRequired":true,"valueName":"search_term_string"}}],"inLanguage":"tr"},{"@type":"Person","@id":"https:\/\/kibrisdakik.com\/#\/schema\/person\/9cd9d437bbb44f72b73ba127e06d8e79","name":"admin","image":{"@type":"ImageObject","inLanguage":"tr","@id":"https:\/\/secure.gravatar.com\/avatar\/ccc17943b9d660506c869530f897617f7cb1c21a4bf30023f252596d83e1f007?s=96&d=mm&r=g","url":"https:\/\/secure.gravatar.com\/avatar\/ccc17943b9d660506c869530f897617f7cb1c21a4bf30023f252596d83e1f007?s=96&d=mm&r=g","contentUrl":"https:\/\/secure.gravatar.com\/avatar\/ccc17943b9d660506c869530f897617f7cb1c21a4bf30023f252596d83e1f007?s=96&d=mm&r=g","caption":"admin"},"sameAs":["https:\/\/kibrisdakik.com"],"url":"https:\/\/kibrisdakik.com\/?author=1"}]}},"_links":{"self":[{"href":"https:\/\/kibrisdakik.com\/index.php?rest_route=\/wp\/v2\/posts\/27063","targetHints":{"allow":["GET"]}}],"collection":[{"href":"https:\/\/kibrisdakik.com\/index.php?rest_route=\/wp\/v2\/posts"}],"about":[{"href":"https:\/\/kibrisdakik.com\/index.php?rest_route=\/wp\/v2\/types\/post"}],"author":[{"embeddable":true,"href":"https:\/\/kibrisdakik.com\/index.php?rest_route=\/wp\/v2\/users\/1"}],"replies":[{"embeddable":true,"href":"https:\/\/kibrisdakik.com\/index.php?rest_route=%2Fwp%2Fv2%2Fcomments&post=27063"}],"version-history":[{"count":0,"href":"https:\/\/kibrisdakik.com\/index.php?rest_route=\/wp\/v2\/posts\/27063\/revisions"}],"wp:featuredmedia":[{"embeddable":true,"href":"https:\/\/kibrisdakik.com\/index.php?rest_route=\/wp\/v2\/media\/27064"}],"wp:attachment":[{"href":"https:\/\/kibrisdakik.com\/index.php?rest_route=%2Fwp%2Fv2%2Fmedia&parent=27063"}],"wp:term":[{"taxonomy":"category","embeddable":true,"href":"https:\/\/kibrisdakik.com\/index.php?rest_route=%2Fwp%2Fv2%2Fcategories&post=27063"},{"taxonomy":"post_tag","embeddable":true,"href":"https:\/\/kibrisdakik.com\/index.php?rest_route=%2Fwp%2Fv2%2Ftags&post=27063"}],"curies":[{"name":"wp","href":"https:\/\/api.w.org\/{rel}","templated":true}]}}