{"id":27107,"date":"2024-01-19T16:35:55","date_gmt":"2024-01-19T16:35:55","guid":{"rendered":"https:\/\/kibrisdakik.com\/index.php\/2024\/01\/19\/turkiye-ile-kktc-arasinda-gumruk-alaninda-is-birligi-yapilmasini-ongoren-bir-protokol-imzalandi\/"},"modified":"2024-01-19T16:35:55","modified_gmt":"2024-01-19T16:35:55","slug":"turkiye-ile-kktc-arasinda-gumruk-alaninda-is-birligi-yapilmasini-ongoren-bir-protokol-imzalandi","status":"publish","type":"post","link":"https:\/\/kibrisdakik.com\/?p=27107","title":{"rendered":"T\u00fcrkiye ile KKTC aras\u0131nda g\u00fcmr\u00fck alan\u0131nda i\u015f birli\u011fi yap\u0131lmas\u0131n\u0131 \u00f6ng\u00f6ren bir protokol imzaland\u0131"},"content":{"rendered":"<p><img decoding=\"async\" src=\"https:\/\/www.kibristurk.com\/images\/haberler\/2024\/01\/turkiye-ile-kktc-arasinda-gumruk-alaninda-is-birligi-yapilmasini-ongoren-bir-protokol-imzalandi-1705680277.webp\" \/><\/p>\n<p>T\u00fcrkiye Cumhuriyeti ile Kuzey K\u0131br\u0131s T\u00fcrk Cumhuriyeti aras\u0131nda g\u00fcmr\u00fck alan\u0131nda i\u015f birli\u011fi yap\u0131lmas\u0131n\u0131 \u00f6ng\u00f6ren bir protokol imzaland\u0131.<\/p>\n<p>Maliye Bakan\u0131 \u00d6zdemir Berova ile TC Ticaret Bakan\u0131 O\u0308mer Bolat\u2019\u0131n imza koydu\u011fu protokolle, TC ve KKTC g\u00fcmr\u00fck idarelerinin ticarete konu olacak \u00fcr\u00fcnlerle ilgili bilgileri kar\u015f\u0131l\u0131kl\u0131 olarak otomasyon yoluyla temin etmesinin sa\u011flanmas\u0131 \u00f6ng\u00f6r\u00fcl\u00fcyor.<\/p>\n<p>B\u00f6ylelikle g\u00fcmr\u00fcklerdeki ticaret i\u015flemleri daha etkin ve h\u0131zl\u0131 bir \u015fekilde yap\u0131labilecek; &nbsp;kay\u0131t d\u0131\u015f\u0131 te\u015febb\u00fcslere y\u00f6nelik \u00f6nlem al\u0131nm\u0131\u015f olacak ve kay\u0131t d\u0131\u015f\u0131 ticaret ile vergi geliri kayb\u0131 engellenecek.<\/p>\n<p>Maliye Bakanl\u0131\u011f\u0131\u2019nda saat 16:00\u2018da yer alan protokol imza t\u00f6reninde, iki \u00fclke b\u00fcrokratlar\u0131n\u0131n yan\u0131 s\u0131ra TC Lefko\u015fa B\u00fcy\u00fckel\u00e7isi Metin Feyzio\u011flu ile Ekonomi ve Enerji Bakan\u0131 Olgun Amcao\u011flu da haz\u0131r bulundu.<\/p>\n<p>-Bolat: \u201cBilgiler kar\u015f\u0131l\u0131kl\u0131 olarak otomasyon yoluyla temin edilecek\u201d<\/p>\n<p>\u0130mza t\u00f6reninde konu\u015fan TC Ticaret Bakan\u0131 O\u0308mer Bolat, T\u00fcrkiye\u2019den i\u015f insanlar\u0131 ve ekonomi ve ticaretle alakal\u0131 sivil toplum \u00f6rg\u00fctlerinden olu\u015fan 150 ki\u015filik bir heyetle KKTC\u2019ye geldiklerini kaydetti ve &#8220;TC-KKTC Ortak Komite 12. D\u00f6nem Toplant\u0131s\u0131\u2019n\u0131 ba\u015far\u0131yla tamamlad\u0131klar\u0131n\u0131 s\u00f6yledi. Ekonomi ve Enerji Bakan\u0131 Olgun Amcao\u011flu\u2019yla \u00fc\u00e7 \u00f6nemli i\u015f birli\u011fi anla\u015fmas\u0131na imza att\u0131klar\u0131n\u0131 ifade eden Bolat, Maliye Bakan\u0131 \u00d6zdemir Berova\u2019yla imza t\u00f6reni \u00f6ncesinde verimli bir \u00f6n g\u00f6r\u00fc\u015fme yapt\u0131klar\u0131n\u0131 anlatt\u0131.<\/p>\n<p>Bolat, Berova ile imzalad\u0131klar\u0131 i\u015f birli\u011fi protokol\u00fcyle, iki \u00fclkenin g\u00fcmr\u00fck idarelerinin ticarete konu olacak \u00fcr\u00fcnlerle ilgili bilgileri kar\u015f\u0131l\u0131kl\u0131 olarak otomasyon yoluyla temin etmesinin sa\u011flanaca\u011f\u0131n\u0131 belirtti. Bunun ticaret i\u015flemlerinin g\u00fcmr\u00fcklerde etkin ve h\u0131zl\u0131 bir \u015fekilde yap\u0131lmas\u0131n\u0131 kolayla\u015ft\u0131raca\u011f\u0131n\u0131, ayr\u0131ca baz\u0131 kay\u0131t d\u0131\u015f\u0131 te\u015febb\u00fcslere y\u00f6nelik \u00f6nlem te\u015fkil edece\u011fini s\u00f6yleyen Bolat, b\u00f6ylelikle kay\u0131t d\u0131\u015f\u0131 ticaretin ve vergi geliri kayb\u0131n\u0131n engellenece\u011fini vurgulad\u0131.<\/p>\n<p>KKTC ile TC aras\u0131nda g\u00fcmr\u00fck alan\u0131ndaki i\u015f birli\u011finin bununla s\u0131n\u0131rl\u0131 olmad\u0131\u011f\u0131n\u0131 ifade eden Bolat, g\u00fcmr\u00fck \u00e7al\u0131\u015fanlar\u0131n\u0131n e\u011fitimi ve teknik destek konusunda yo\u011fun bir i\u015f birlikleri bulundu\u011funu belirtti. Bolat, liman idareleri ve serbest b\u00f6lgelerin i\u015fletilmesi hususunda i\u015f birli\u011fi ve teknik destek \u00e7al\u0131\u015fmas\u0131 i\u00e7erisinde olduklar\u0131n\u0131 da kaydetti.<\/p>\n<p>Daha \u00f6nce ald\u0131klar\u0131 bir kararla Girne ve Ma\u011fusa Limanlar\u0131na 2024 y\u0131l\u0131 bitmeden iki yeni teknoloji X-ray cihaz\u0131 monte edeceklerini s\u00f6yleyen Bolat, gerekli teknik deste\u011fi de sa\u011flad\u0131ktan sonra T\u00fcrkiye ile KKTC aras\u0131nda g\u00fcmr\u00fck ve ticaretin h\u0131zland\u0131r\u0131lmas\u0131 hususunda b\u00fcy\u00fck bir ilerleme sa\u011flam\u0131\u015f olacaklar\u0131n\u0131 vurgulad\u0131.<\/p>\n<p>\u0130mzalanan i\u015f birli\u011fi protokol\u00fcn\u00fcn hay\u0131rl\u0131 olmas\u0131n\u0131 dileyen Bolat, s\u0131cak ev sahipli\u011finden dolay\u0131 Berova\u2019ya te\u015fekk\u00fcrlerini de sundu.<\/p>\n<p>-Berova: \u201cKa\u00e7ak\u00e7\u0131l\u0131\u011f\u0131n \u00f6nlenmesine ili\u015fkin \u00f6nemli bir ad\u0131m at\u0131lacak\u201d<\/p>\n<p>Maliye Bakan\u0131 \u00d6zdemir Berova da, KKTC ile T\u00fcrkiye Cumhuriyeti\u2019nin g\u00f6n\u00fcl ba\u011f\u0131 ve karde\u015flik zemininde &nbsp;kopmaz ba\u011flar ile ba\u011fl\u0131 oldu\u011funu kaydetti. Berova, T\u00fcrkiye Cumhuriyeti\u2019nin 100. ve KKTC\u2019nin 40. kurulu\u015f y\u0131ld\u00f6n\u00fcm\u00fcn\u00fc bu y\u0131l i\u00e7inde kutluyor olman\u0131n mutlulu\u011funu ya\u015fad\u0131klar\u0131n\u0131 da s\u00f6yledi.<\/p>\n<p>TC\u2019den gelen heyette yer alan i\u015f insanlar\u0131 ile KKTC\u2019li i\u015f insanlar\u0131n\u0131n yapt\u0131\u011f\u0131 i\u015f birli\u011finin &nbsp;kendilerini heyecanland\u0131rd\u0131\u011f\u0131n\u0131n alt\u0131n\u0131 \u00e7izen Berova, kar\u015f\u0131l\u0131kl\u0131 ticaretin daha da geli\u015fmesi konusunda g\u00fcmr\u00fcklere \u00f6nemli bir g\u00f6rev d\u00fc\u015ft\u00fc\u011f\u00fcn\u00fc s\u00f6yledi. Ekim ay\u0131nda Ankara\u2019da ger\u00e7ekle\u015ftirdikleri resmi temaslarda g\u00fcmr\u00fck otomasyon sisteminin g\u00fc\u00e7lendirilmesini talep ettiklerini an\u0131msatan Berova, bug\u00fcn t\u00fcm g\u00fcmr\u00fck sahalar\u0131nda otomasyon sistemine ge\u00e7ildi\u011fini belirtti ve mevcut sistemin h\u0131zland\u0131r\u0131lmas\u0131n\u0131 sa\u011flam\u0131\u015f olduklar\u0131n\u0131 kaydetti.<\/p>\n<p>\u0130mzalad\u0131klar\u0131, \u00fclke s\u0131n\u0131rlar\u0131ndan ge\u00e7en ta\u015f\u0131t ve e\u015fyaya dair \u00f6n bilgi de\u011fi\u015fimine ili\u015fkin protokol ile iki \u00fclke aras\u0131nda ticareti yap\u0131lan her t\u00fcrl\u00fc mal\u0131n kar\u015f\u0131l\u0131kl\u0131 olarak izlenebilirli\u011finin sa\u011flanaca\u011f\u0131n\u0131 kaydeden Berova, &nbsp;b\u00f6ylelikle \u00fclkede ka\u00e7ak\u00e7\u0131l\u0131\u011f\u0131n \u00f6nlenmesine ili\u015fkin \u00f6nemli bir ad\u0131m at\u0131laca\u011f\u0131n\u0131, ticari i\u015flemlerin de h\u0131zl\u0131 ve sa\u011fl\u0131kl\u0131 olmas\u0131n\u0131n sa\u011flanaca\u011f\u0131n\u0131 ifade etti.<\/p>\n<p>Berova, &nbsp;T\u00fcrkiye Cumhuriyeti\u2019nin hibe edece\u011fi, Girne ve Ma\u011fusa g\u00fcmr\u00fcklerine konu\u015fland\u0131r\u0131lacak X-ray cihaz\u0131 ile ise b\u00fct\u00fcnsel olarak g\u00fcmr\u00fck g\u00fcvenli\u011finin sa\u011flanm\u0131\u015f olaca\u011f\u0131n\u0131 dile getirdi.<\/p>\n<p>Berova, \u201cKKTC\u2019nin en b\u00fcy\u00fck destek\u00e7isi olarak sizler Anavatan T\u00fcrkiye Cumhuriyeti\u2019nin en b\u00fcy\u00fck g\u00fcc\u00fcm\u00fcz olmaya devam edece\u011finin de alt\u0131n\u0131 \u00e7izerek bir kez daha sizlere ve t\u00fcm heyetinize ho\u015f geldiniz derken, yapaca\u011f\u0131m\u0131z t\u00fcm i\u015f birliklerinin hay\u0131rl\u0131 olmas\u0131n\u0131 dilerim\u201d diye konu\u015ftu.<\/p>\n<p>\nKonu\u015fmalar\u0131n ard\u0131ndan kar\u015f\u0131l\u0131kl\u0131 hediye takdimi de yap\u0131ld\u0131.&nbsp;<\/p>\n","protected":false},"excerpt":{"rendered":"<p>T\u00fcrkiye Cumhuriyeti ile Kuzey K\u0131br\u0131s T\u00fcrk Cumhuriyeti aras\u0131nda g\u00fcmr\u00fck alan\u0131nda i\u015f birli\u011fi yap\u0131lmas\u0131n\u0131 \u00f6ng\u00f6ren bir protokol imzaland\u0131. Maliye Bakan\u0131 \u00d6zdemir Berova ile TC Ticaret Bakan\u0131 O\u0308mer Bolat\u2019\u0131n imza koydu\u011fu protokolle, TC ve KKTC g\u00fcmr\u00fck idarelerinin ticarete konu olacak \u00fcr\u00fcnlerle ilgili bilgileri kar\u015f\u0131l\u0131kl\u0131 olarak otomasyon yoluyla temin etmesinin sa\u011flanmas\u0131 \u00f6ng\u00f6r\u00fcl\u00fcyor. B\u00f6ylelikle g\u00fcmr\u00fcklerdeki ticaret i\u015flemleri daha etkin<\/p>\n","protected":false},"author":1,"featured_media":27108,"comment_status":"open","ping_status":"open","sticky":false,"template":"","format":"standard","meta":{"footnotes":""},"categories":[1],"tags":[],"class_list":["post-27107","post","type-post","status-publish","format-standard","has-post-thumbnail","hentry","category-gundem"],"yoast_head":"<!-- This site is optimized with the Yoast SEO plugin v27.4 - https:\/\/yoast.com\/product\/yoast-seo-wordpress\/ -->\n<title>T\u00fcrkiye ile KKTC aras\u0131nda g\u00fcmr\u00fck alan\u0131nda i\u015f birli\u011fi yap\u0131lmas\u0131n\u0131 \u00f6ng\u00f6ren bir protokol imzaland\u0131 -<\/title>\n<meta name=\"robots\" content=\"index, follow, max-snippet:-1, max-image-preview:large, max-video-preview:-1\" \/>\n<link rel=\"canonical\" href=\"https:\/\/kibrisdakik.com\/?p=27107\" \/>\n<meta property=\"og:locale\" content=\"tr_TR\" \/>\n<meta property=\"og:type\" content=\"article\" \/>\n<meta property=\"og:title\" content=\"T\u00fcrkiye ile KKTC aras\u0131nda g\u00fcmr\u00fck alan\u0131nda i\u015f birli\u011fi yap\u0131lmas\u0131n\u0131 \u00f6ng\u00f6ren bir protokol imzaland\u0131 -\" \/>\n<meta property=\"og:description\" content=\"T\u00fcrkiye Cumhuriyeti ile Kuzey K\u0131br\u0131s T\u00fcrk Cumhuriyeti aras\u0131nda g\u00fcmr\u00fck alan\u0131nda i\u015f birli\u011fi yap\u0131lmas\u0131n\u0131 \u00f6ng\u00f6ren bir protokol imzaland\u0131. Maliye Bakan\u0131 \u00d6zdemir Berova ile TC Ticaret Bakan\u0131 O\u0308mer Bolat\u2019\u0131n imza koydu\u011fu protokolle, TC ve KKTC g\u00fcmr\u00fck idarelerinin ticarete konu olacak \u00fcr\u00fcnlerle ilgili bilgileri kar\u015f\u0131l\u0131kl\u0131 olarak otomasyon yoluyla temin etmesinin sa\u011flanmas\u0131 \u00f6ng\u00f6r\u00fcl\u00fcyor. B\u00f6ylelikle g\u00fcmr\u00fcklerdeki ticaret i\u015flemleri daha etkin\" \/>\n<meta property=\"og:url\" content=\"https:\/\/kibrisdakik.com\/?p=27107\" \/>\n<meta property=\"article:published_time\" content=\"2024-01-19T16:35:55+00:00\" \/>\n<meta property=\"og:image\" content=\"https:\/\/kibrisdakik.com\/wp-content\/uploads\/2024\/01\/turkiye-ile-kktc-arasinda-gumruk-alaninda-is-birligi-yapilmasini-ongoren-bir-protokol-imzalandi-1705680277.webp.webp\" \/>\n\t<meta property=\"og:image:width\" content=\"710\" \/>\n\t<meta property=\"og:image:height\" content=\"370\" \/>\n\t<meta property=\"og:image:type\" content=\"image\/webp\" \/>\n<meta name=\"author\" content=\"admin\" \/>\n<meta name=\"twitter:card\" content=\"summary_large_image\" \/>\n<meta name=\"twitter:label1\" content=\"Yazan:\" \/>\n\t<meta name=\"twitter:data1\" content=\"admin\" \/>\n\t<meta name=\"twitter:label2\" content=\"Tahmini okuma s\u00fcresi\" \/>\n\t<meta name=\"twitter:data2\" content=\"4 dakika\" \/>\n<script type=\"application\/ld+json\" class=\"yoast-schema-graph\">{\"@context\":\"https:\\\/\\\/schema.org\",\"@graph\":[{\"@type\":\"Article\",\"@id\":\"https:\\\/\\\/kibrisdakik.com\\\/?p=27107#article\",\"isPartOf\":{\"@id\":\"https:\\\/\\\/kibrisdakik.com\\\/?p=27107\"},\"author\":{\"name\":\"admin\",\"@id\":\"https:\\\/\\\/kibrisdakik.com\\\/#\\\/schema\\\/person\\\/9cd9d437bbb44f72b73ba127e06d8e79\"},\"headline\":\"T\u00fcrkiye ile KKTC aras\u0131nda g\u00fcmr\u00fck alan\u0131nda i\u015f birli\u011fi yap\u0131lmas\u0131n\u0131 \u00f6ng\u00f6ren bir protokol imzaland\u0131\",\"datePublished\":\"2024-01-19T16:35:55+00:00\",\"mainEntityOfPage\":{\"@id\":\"https:\\\/\\\/kibrisdakik.com\\\/?p=27107\"},\"wordCount\":891,\"commentCount\":0,\"image\":{\"@id\":\"https:\\\/\\\/kibrisdakik.com\\\/?p=27107#primaryimage\"},\"thumbnailUrl\":\"https:\\\/\\\/kibrisdakik.com\\\/wp-content\\\/uploads\\\/2024\\\/01\\\/turkiye-ile-kktc-arasinda-gumruk-alaninda-is-birligi-yapilmasini-ongoren-bir-protokol-imzalandi-1705680277.webp.webp\",\"articleSection\":[\"G\u00fcndem\"],\"inLanguage\":\"tr\",\"potentialAction\":[{\"@type\":\"CommentAction\",\"name\":\"Comment\",\"target\":[\"https:\\\/\\\/kibrisdakik.com\\\/?p=27107#respond\"]}]},{\"@type\":\"WebPage\",\"@id\":\"https:\\\/\\\/kibrisdakik.com\\\/?p=27107\",\"url\":\"https:\\\/\\\/kibrisdakik.com\\\/?p=27107\",\"name\":\"T\u00fcrkiye ile KKTC aras\u0131nda g\u00fcmr\u00fck alan\u0131nda i\u015f birli\u011fi yap\u0131lmas\u0131n\u0131 \u00f6ng\u00f6ren bir protokol imzaland\u0131 -\",\"isPartOf\":{\"@id\":\"https:\\\/\\\/kibrisdakik.com\\\/#website\"},\"primaryImageOfPage\":{\"@id\":\"https:\\\/\\\/kibrisdakik.com\\\/?p=27107#primaryimage\"},\"image\":{\"@id\":\"https:\\\/\\\/kibrisdakik.com\\\/?p=27107#primaryimage\"},\"thumbnailUrl\":\"https:\\\/\\\/kibrisdakik.com\\\/wp-content\\\/uploads\\\/2024\\\/01\\\/turkiye-ile-kktc-arasinda-gumruk-alaninda-is-birligi-yapilmasini-ongoren-bir-protokol-imzalandi-1705680277.webp.webp\",\"datePublished\":\"2024-01-19T16:35:55+00:00\",\"author\":{\"@id\":\"https:\\\/\\\/kibrisdakik.com\\\/#\\\/schema\\\/person\\\/9cd9d437bbb44f72b73ba127e06d8e79\"},\"breadcrumb\":{\"@id\":\"https:\\\/\\\/kibrisdakik.com\\\/?p=27107#breadcrumb\"},\"inLanguage\":\"tr\",\"potentialAction\":[{\"@type\":\"ReadAction\",\"target\":[\"https:\\\/\\\/kibrisdakik.com\\\/?p=27107\"]}]},{\"@type\":\"ImageObject\",\"inLanguage\":\"tr\",\"@id\":\"https:\\\/\\\/kibrisdakik.com\\\/?p=27107#primaryimage\",\"url\":\"https:\\\/\\\/kibrisdakik.com\\\/wp-content\\\/uploads\\\/2024\\\/01\\\/turkiye-ile-kktc-arasinda-gumruk-alaninda-is-birligi-yapilmasini-ongoren-bir-protokol-imzalandi-1705680277.webp.webp\",\"contentUrl\":\"https:\\\/\\\/kibrisdakik.com\\\/wp-content\\\/uploads\\\/2024\\\/01\\\/turkiye-ile-kktc-arasinda-gumruk-alaninda-is-birligi-yapilmasini-ongoren-bir-protokol-imzalandi-1705680277.webp.webp\",\"width\":710,\"height\":370},{\"@type\":\"BreadcrumbList\",\"@id\":\"https:\\\/\\\/kibrisdakik.com\\\/?p=27107#breadcrumb\",\"itemListElement\":[{\"@type\":\"ListItem\",\"position\":1,\"name\":\"Home\",\"item\":\"https:\\\/\\\/kibrisdakik.com\\\/\"},{\"@type\":\"ListItem\",\"position\":2,\"name\":\"T\u00fcrkiye ile KKTC aras\u0131nda g\u00fcmr\u00fck alan\u0131nda i\u015f birli\u011fi yap\u0131lmas\u0131n\u0131 \u00f6ng\u00f6ren bir protokol imzaland\u0131\"}]},{\"@type\":\"WebSite\",\"@id\":\"https:\\\/\\\/kibrisdakik.com\\\/#website\",\"url\":\"https:\\\/\\\/kibrisdakik.com\\\/\",\"name\":\"\",\"description\":\"Tam vaktinde haber\",\"potentialAction\":[{\"@type\":\"SearchAction\",\"target\":{\"@type\":\"EntryPoint\",\"urlTemplate\":\"https:\\\/\\\/kibrisdakik.com\\\/?s={search_term_string}\"},\"query-input\":{\"@type\":\"PropertyValueSpecification\",\"valueRequired\":true,\"valueName\":\"search_term_string\"}}],\"inLanguage\":\"tr\"},{\"@type\":\"Person\",\"@id\":\"https:\\\/\\\/kibrisdakik.com\\\/#\\\/schema\\\/person\\\/9cd9d437bbb44f72b73ba127e06d8e79\",\"name\":\"admin\",\"image\":{\"@type\":\"ImageObject\",\"inLanguage\":\"tr\",\"@id\":\"https:\\\/\\\/secure.gravatar.com\\\/avatar\\\/ccc17943b9d660506c869530f897617f7cb1c21a4bf30023f252596d83e1f007?s=96&d=mm&r=g\",\"url\":\"https:\\\/\\\/secure.gravatar.com\\\/avatar\\\/ccc17943b9d660506c869530f897617f7cb1c21a4bf30023f252596d83e1f007?s=96&d=mm&r=g\",\"contentUrl\":\"https:\\\/\\\/secure.gravatar.com\\\/avatar\\\/ccc17943b9d660506c869530f897617f7cb1c21a4bf30023f252596d83e1f007?s=96&d=mm&r=g\",\"caption\":\"admin\"},\"sameAs\":[\"https:\\\/\\\/kibrisdakik.com\"],\"url\":\"https:\\\/\\\/kibrisdakik.com\\\/?author=1\"}]}<\/script>\n<!-- \/ Yoast SEO plugin. -->","yoast_head_json":{"title":"T\u00fcrkiye ile KKTC aras\u0131nda g\u00fcmr\u00fck alan\u0131nda i\u015f birli\u011fi yap\u0131lmas\u0131n\u0131 \u00f6ng\u00f6ren bir protokol imzaland\u0131 -","robots":{"index":"index","follow":"follow","max-snippet":"max-snippet:-1","max-image-preview":"max-image-preview:large","max-video-preview":"max-video-preview:-1"},"canonical":"https:\/\/kibrisdakik.com\/?p=27107","og_locale":"tr_TR","og_type":"article","og_title":"T\u00fcrkiye ile KKTC aras\u0131nda g\u00fcmr\u00fck alan\u0131nda i\u015f birli\u011fi yap\u0131lmas\u0131n\u0131 \u00f6ng\u00f6ren bir protokol imzaland\u0131 -","og_description":"T\u00fcrkiye Cumhuriyeti ile Kuzey K\u0131br\u0131s T\u00fcrk Cumhuriyeti aras\u0131nda g\u00fcmr\u00fck alan\u0131nda i\u015f birli\u011fi yap\u0131lmas\u0131n\u0131 \u00f6ng\u00f6ren bir protokol imzaland\u0131. Maliye Bakan\u0131 \u00d6zdemir Berova ile TC Ticaret Bakan\u0131 O\u0308mer Bolat\u2019\u0131n imza koydu\u011fu protokolle, TC ve KKTC g\u00fcmr\u00fck idarelerinin ticarete konu olacak \u00fcr\u00fcnlerle ilgili bilgileri kar\u015f\u0131l\u0131kl\u0131 olarak otomasyon yoluyla temin etmesinin sa\u011flanmas\u0131 \u00f6ng\u00f6r\u00fcl\u00fcyor. B\u00f6ylelikle g\u00fcmr\u00fcklerdeki ticaret i\u015flemleri daha etkin","og_url":"https:\/\/kibrisdakik.com\/?p=27107","article_published_time":"2024-01-19T16:35:55+00:00","og_image":[{"width":710,"height":370,"url":"https:\/\/kibrisdakik.com\/wp-content\/uploads\/2024\/01\/turkiye-ile-kktc-arasinda-gumruk-alaninda-is-birligi-yapilmasini-ongoren-bir-protokol-imzalandi-1705680277.webp.webp","type":"image\/webp"}],"author":"admin","twitter_card":"summary_large_image","twitter_misc":{"Yazan:":"admin","Tahmini okuma s\u00fcresi":"4 dakika"},"schema":{"@context":"https:\/\/schema.org","@graph":[{"@type":"Article","@id":"https:\/\/kibrisdakik.com\/?p=27107#article","isPartOf":{"@id":"https:\/\/kibrisdakik.com\/?p=27107"},"author":{"name":"admin","@id":"https:\/\/kibrisdakik.com\/#\/schema\/person\/9cd9d437bbb44f72b73ba127e06d8e79"},"headline":"T\u00fcrkiye ile KKTC aras\u0131nda g\u00fcmr\u00fck alan\u0131nda i\u015f birli\u011fi yap\u0131lmas\u0131n\u0131 \u00f6ng\u00f6ren bir protokol imzaland\u0131","datePublished":"2024-01-19T16:35:55+00:00","mainEntityOfPage":{"@id":"https:\/\/kibrisdakik.com\/?p=27107"},"wordCount":891,"commentCount":0,"image":{"@id":"https:\/\/kibrisdakik.com\/?p=27107#primaryimage"},"thumbnailUrl":"https:\/\/kibrisdakik.com\/wp-content\/uploads\/2024\/01\/turkiye-ile-kktc-arasinda-gumruk-alaninda-is-birligi-yapilmasini-ongoren-bir-protokol-imzalandi-1705680277.webp.webp","articleSection":["G\u00fcndem"],"inLanguage":"tr","potentialAction":[{"@type":"CommentAction","name":"Comment","target":["https:\/\/kibrisdakik.com\/?p=27107#respond"]}]},{"@type":"WebPage","@id":"https:\/\/kibrisdakik.com\/?p=27107","url":"https:\/\/kibrisdakik.com\/?p=27107","name":"T\u00fcrkiye ile KKTC aras\u0131nda g\u00fcmr\u00fck alan\u0131nda i\u015f birli\u011fi yap\u0131lmas\u0131n\u0131 \u00f6ng\u00f6ren bir protokol imzaland\u0131 -","isPartOf":{"@id":"https:\/\/kibrisdakik.com\/#website"},"primaryImageOfPage":{"@id":"https:\/\/kibrisdakik.com\/?p=27107#primaryimage"},"image":{"@id":"https:\/\/kibrisdakik.com\/?p=27107#primaryimage"},"thumbnailUrl":"https:\/\/kibrisdakik.com\/wp-content\/uploads\/2024\/01\/turkiye-ile-kktc-arasinda-gumruk-alaninda-is-birligi-yapilmasini-ongoren-bir-protokol-imzalandi-1705680277.webp.webp","datePublished":"2024-01-19T16:35:55+00:00","author":{"@id":"https:\/\/kibrisdakik.com\/#\/schema\/person\/9cd9d437bbb44f72b73ba127e06d8e79"},"breadcrumb":{"@id":"https:\/\/kibrisdakik.com\/?p=27107#breadcrumb"},"inLanguage":"tr","potentialAction":[{"@type":"ReadAction","target":["https:\/\/kibrisdakik.com\/?p=27107"]}]},{"@type":"ImageObject","inLanguage":"tr","@id":"https:\/\/kibrisdakik.com\/?p=27107#primaryimage","url":"https:\/\/kibrisdakik.com\/wp-content\/uploads\/2024\/01\/turkiye-ile-kktc-arasinda-gumruk-alaninda-is-birligi-yapilmasini-ongoren-bir-protokol-imzalandi-1705680277.webp.webp","contentUrl":"https:\/\/kibrisdakik.com\/wp-content\/uploads\/2024\/01\/turkiye-ile-kktc-arasinda-gumruk-alaninda-is-birligi-yapilmasini-ongoren-bir-protokol-imzalandi-1705680277.webp.webp","width":710,"height":370},{"@type":"BreadcrumbList","@id":"https:\/\/kibrisdakik.com\/?p=27107#breadcrumb","itemListElement":[{"@type":"ListItem","position":1,"name":"Home","item":"https:\/\/kibrisdakik.com\/"},{"@type":"ListItem","position":2,"name":"T\u00fcrkiye ile KKTC aras\u0131nda g\u00fcmr\u00fck alan\u0131nda i\u015f birli\u011fi yap\u0131lmas\u0131n\u0131 \u00f6ng\u00f6ren bir protokol imzaland\u0131"}]},{"@type":"WebSite","@id":"https:\/\/kibrisdakik.com\/#website","url":"https:\/\/kibrisdakik.com\/","name":"","description":"Tam vaktinde haber","potentialAction":[{"@type":"SearchAction","target":{"@type":"EntryPoint","urlTemplate":"https:\/\/kibrisdakik.com\/?s={search_term_string}"},"query-input":{"@type":"PropertyValueSpecification","valueRequired":true,"valueName":"search_term_string"}}],"inLanguage":"tr"},{"@type":"Person","@id":"https:\/\/kibrisdakik.com\/#\/schema\/person\/9cd9d437bbb44f72b73ba127e06d8e79","name":"admin","image":{"@type":"ImageObject","inLanguage":"tr","@id":"https:\/\/secure.gravatar.com\/avatar\/ccc17943b9d660506c869530f897617f7cb1c21a4bf30023f252596d83e1f007?s=96&d=mm&r=g","url":"https:\/\/secure.gravatar.com\/avatar\/ccc17943b9d660506c869530f897617f7cb1c21a4bf30023f252596d83e1f007?s=96&d=mm&r=g","contentUrl":"https:\/\/secure.gravatar.com\/avatar\/ccc17943b9d660506c869530f897617f7cb1c21a4bf30023f252596d83e1f007?s=96&d=mm&r=g","caption":"admin"},"sameAs":["https:\/\/kibrisdakik.com"],"url":"https:\/\/kibrisdakik.com\/?author=1"}]}},"_links":{"self":[{"href":"https:\/\/kibrisdakik.com\/index.php?rest_route=\/wp\/v2\/posts\/27107","targetHints":{"allow":["GET"]}}],"collection":[{"href":"https:\/\/kibrisdakik.com\/index.php?rest_route=\/wp\/v2\/posts"}],"about":[{"href":"https:\/\/kibrisdakik.com\/index.php?rest_route=\/wp\/v2\/types\/post"}],"author":[{"embeddable":true,"href":"https:\/\/kibrisdakik.com\/index.php?rest_route=\/wp\/v2\/users\/1"}],"replies":[{"embeddable":true,"href":"https:\/\/kibrisdakik.com\/index.php?rest_route=%2Fwp%2Fv2%2Fcomments&post=27107"}],"version-history":[{"count":0,"href":"https:\/\/kibrisdakik.com\/index.php?rest_route=\/wp\/v2\/posts\/27107\/revisions"}],"wp:featuredmedia":[{"embeddable":true,"href":"https:\/\/kibrisdakik.com\/index.php?rest_route=\/wp\/v2\/media\/27108"}],"wp:attachment":[{"href":"https:\/\/kibrisdakik.com\/index.php?rest_route=%2Fwp%2Fv2%2Fmedia&parent=27107"}],"wp:term":[{"taxonomy":"category","embeddable":true,"href":"https:\/\/kibrisdakik.com\/index.php?rest_route=%2Fwp%2Fv2%2Fcategories&post=27107"},{"taxonomy":"post_tag","embeddable":true,"href":"https:\/\/kibrisdakik.com\/index.php?rest_route=%2Fwp%2Fv2%2Ftags&post=27107"}],"curies":[{"name":"wp","href":"https:\/\/api.w.org\/{rel}","templated":true}]}}