{"id":27115,"date":"2024-01-19T17:33:55","date_gmt":"2024-01-19T17:33:55","guid":{"rendered":"https:\/\/kibrisdakik.com\/index.php\/2024\/01\/19\/yenibogazicinde-ufuk-firat-donemi\/"},"modified":"2024-01-19T17:33:55","modified_gmt":"2024-01-19T17:33:55","slug":"yenibogazicinde-ufuk-firat-donemi","status":"publish","type":"post","link":"https:\/\/kibrisdakik.com\/?p=27115","title":{"rendered":"Yenibo\u011fazi\u00e7i\u2019nde Ufuk F\u0131rat d\u00f6nemi"},"content":{"rendered":"<p><img decoding=\"async\" src=\"https:\/\/www.kibristurk.com\/images\/haberler\/2024\/01\/yenibogazicinde-ufuk-firat-donemi-1705684588.webp\" \/><\/p>\n<p>Yenibo\u011fazi\u00e7i\u2019nde Ufuk F\u0131rat d\u00f6nemi<\/p>\n<p>Aksa S\u00fcper Ligi\u2019nde ilk devrede bekledi\u011fi performans\u0131 yakalayamayan Yenibo\u011fazi\u00e7i\u2019nde teknik direkt\u00f6r Salih ince ile y\u00f6netim g\u00f6r\u00fc\u015ferek kar\u015f\u0131l\u0131kl\u0131 olarak yollar\u0131 ay\u0131rma karar\u0131 ald\u0131.&nbsp;<br \/>\nYenibo\u011faz\u00e7i y\u00f6netimi Salih \u0130nce ile yollar\u0131n ayr\u0131lmas\u0131ndan sonra Ufuk F\u0131rat ile g\u00f6r\u00fc\u015ferek her konuda anla\u015fma sa\u011flad\u0131 ve tak\u0131m\u0131n ba\u015f\u0131na getirdi.<\/p>\n","protected":false},"excerpt":{"rendered":"<p>Yenibo\u011fazi\u00e7i\u2019nde Ufuk F\u0131rat d\u00f6nemi Aksa S\u00fcper Ligi\u2019nde ilk devrede bekledi\u011fi performans\u0131 yakalayamayan Yenibo\u011fazi\u00e7i\u2019nde teknik direkt\u00f6r Salih ince ile y\u00f6netim g\u00f6r\u00fc\u015ferek kar\u015f\u0131l\u0131kl\u0131 olarak yollar\u0131 ay\u0131rma karar\u0131 ald\u0131.&nbsp; Yenibo\u011faz\u00e7i y\u00f6netimi Salih \u0130nce ile yollar\u0131n ayr\u0131lmas\u0131ndan sonra Ufuk F\u0131rat ile g\u00f6r\u00fc\u015ferek her konuda anla\u015fma sa\u011flad\u0131 ve tak\u0131m\u0131n ba\u015f\u0131na getirdi.<\/p>\n","protected":false},"author":1,"featured_media":27116,"comment_status":"open","ping_status":"open","sticky":false,"template":"","format":"standard","meta":{"footnotes":""},"categories":[86],"tags":[],"class_list":["post-27115","post","type-post","status-publish","format-standard","has-post-thumbnail","hentry","category-turkiye"],"yoast_head":"<!-- This site is optimized with the Yoast SEO plugin v27.5 - https:\/\/yoast.com\/product\/yoast-seo-wordpress\/ -->\n<title>Yenibo\u011fazi\u00e7i\u2019nde Ufuk F\u0131rat d\u00f6nemi -<\/title>\n<meta name=\"robots\" content=\"index, follow, max-snippet:-1, max-image-preview:large, max-video-preview:-1\" \/>\n<link rel=\"canonical\" href=\"https:\/\/kibrisdakik.com\/?p=27115\" \/>\n<meta property=\"og:locale\" content=\"tr_TR\" \/>\n<meta property=\"og:type\" content=\"article\" \/>\n<meta property=\"og:title\" content=\"Yenibo\u011fazi\u00e7i\u2019nde Ufuk F\u0131rat d\u00f6nemi -\" \/>\n<meta property=\"og:description\" content=\"Yenibo\u011fazi\u00e7i\u2019nde Ufuk F\u0131rat d\u00f6nemi Aksa S\u00fcper Ligi\u2019nde ilk devrede bekledi\u011fi performans\u0131 yakalayamayan Yenibo\u011fazi\u00e7i\u2019nde teknik direkt\u00f6r Salih ince ile y\u00f6netim g\u00f6r\u00fc\u015ferek kar\u015f\u0131l\u0131kl\u0131 olarak yollar\u0131 ay\u0131rma karar\u0131 ald\u0131.&nbsp; Yenibo\u011faz\u00e7i y\u00f6netimi Salih \u0130nce ile yollar\u0131n ayr\u0131lmas\u0131ndan sonra Ufuk F\u0131rat ile g\u00f6r\u00fc\u015ferek her konuda anla\u015fma sa\u011flad\u0131 ve tak\u0131m\u0131n ba\u015f\u0131na getirdi.\" \/>\n<meta property=\"og:url\" content=\"https:\/\/kibrisdakik.com\/?p=27115\" \/>\n<meta property=\"article:published_time\" content=\"2024-01-19T17:33:55+00:00\" \/>\n<meta property=\"og:image\" content=\"https:\/\/kibrisdakik.com\/wp-content\/uploads\/2024\/01\/yenibogazicinde-ufuk-firat-donemi-1705684588.webp.webp\" \/>\n\t<meta property=\"og:image:width\" content=\"710\" \/>\n\t<meta property=\"og:image:height\" content=\"370\" \/>\n\t<meta property=\"og:image:type\" content=\"image\/webp\" \/>\n<meta name=\"author\" content=\"admin\" \/>\n<meta name=\"twitter:card\" content=\"summary_large_image\" \/>\n<meta name=\"twitter:label1\" content=\"Yazan:\" \/>\n\t<meta name=\"twitter:data1\" content=\"admin\" \/>\n<script type=\"application\/ld+json\" class=\"yoast-schema-graph\">{\"@context\":\"https:\\\/\\\/schema.org\",\"@graph\":[{\"@type\":\"Article\",\"@id\":\"https:\\\/\\\/kibrisdakik.com\\\/?p=27115#article\",\"isPartOf\":{\"@id\":\"https:\\\/\\\/kibrisdakik.com\\\/?p=27115\"},\"author\":{\"name\":\"admin\",\"@id\":\"https:\\\/\\\/kibrisdakik.com\\\/#\\\/schema\\\/person\\\/9cd9d437bbb44f72b73ba127e06d8e79\"},\"headline\":\"Yenibo\u011fazi\u00e7i\u2019nde Ufuk F\u0131rat d\u00f6nemi\",\"datePublished\":\"2024-01-19T17:33:55+00:00\",\"mainEntityOfPage\":{\"@id\":\"https:\\\/\\\/kibrisdakik.com\\\/?p=27115\"},\"wordCount\":88,\"commentCount\":0,\"image\":{\"@id\":\"https:\\\/\\\/kibrisdakik.com\\\/?p=27115#primaryimage\"},\"thumbnailUrl\":\"https:\\\/\\\/kibrisdakik.com\\\/wp-content\\\/uploads\\\/2024\\\/01\\\/yenibogazicinde-ufuk-firat-donemi-1705684588.webp.webp\",\"articleSection\":[\"T\u00fcrkiye\"],\"inLanguage\":\"tr\",\"potentialAction\":[{\"@type\":\"CommentAction\",\"name\":\"Comment\",\"target\":[\"https:\\\/\\\/kibrisdakik.com\\\/?p=27115#respond\"]}]},{\"@type\":\"WebPage\",\"@id\":\"https:\\\/\\\/kibrisdakik.com\\\/?p=27115\",\"url\":\"https:\\\/\\\/kibrisdakik.com\\\/?p=27115\",\"name\":\"Yenibo\u011fazi\u00e7i\u2019nde Ufuk F\u0131rat d\u00f6nemi -\",\"isPartOf\":{\"@id\":\"https:\\\/\\\/kibrisdakik.com\\\/#website\"},\"primaryImageOfPage\":{\"@id\":\"https:\\\/\\\/kibrisdakik.com\\\/?p=27115#primaryimage\"},\"image\":{\"@id\":\"https:\\\/\\\/kibrisdakik.com\\\/?p=27115#primaryimage\"},\"thumbnailUrl\":\"https:\\\/\\\/kibrisdakik.com\\\/wp-content\\\/uploads\\\/2024\\\/01\\\/yenibogazicinde-ufuk-firat-donemi-1705684588.webp.webp\",\"datePublished\":\"2024-01-19T17:33:55+00:00\",\"author\":{\"@id\":\"https:\\\/\\\/kibrisdakik.com\\\/#\\\/schema\\\/person\\\/9cd9d437bbb44f72b73ba127e06d8e79\"},\"breadcrumb\":{\"@id\":\"https:\\\/\\\/kibrisdakik.com\\\/?p=27115#breadcrumb\"},\"inLanguage\":\"tr\",\"potentialAction\":[{\"@type\":\"ReadAction\",\"target\":[\"https:\\\/\\\/kibrisdakik.com\\\/?p=27115\"]}]},{\"@type\":\"ImageObject\",\"inLanguage\":\"tr\",\"@id\":\"https:\\\/\\\/kibrisdakik.com\\\/?p=27115#primaryimage\",\"url\":\"https:\\\/\\\/kibrisdakik.com\\\/wp-content\\\/uploads\\\/2024\\\/01\\\/yenibogazicinde-ufuk-firat-donemi-1705684588.webp.webp\",\"contentUrl\":\"https:\\\/\\\/kibrisdakik.com\\\/wp-content\\\/uploads\\\/2024\\\/01\\\/yenibogazicinde-ufuk-firat-donemi-1705684588.webp.webp\",\"width\":710,\"height\":370},{\"@type\":\"BreadcrumbList\",\"@id\":\"https:\\\/\\\/kibrisdakik.com\\\/?p=27115#breadcrumb\",\"itemListElement\":[{\"@type\":\"ListItem\",\"position\":1,\"name\":\"Home\",\"item\":\"https:\\\/\\\/kibrisdakik.com\\\/\"},{\"@type\":\"ListItem\",\"position\":2,\"name\":\"Yenibo\u011fazi\u00e7i\u2019nde Ufuk F\u0131rat d\u00f6nemi\"}]},{\"@type\":\"WebSite\",\"@id\":\"https:\\\/\\\/kibrisdakik.com\\\/#website\",\"url\":\"https:\\\/\\\/kibrisdakik.com\\\/\",\"name\":\"\",\"description\":\"Tam vaktinde haber\",\"potentialAction\":[{\"@type\":\"SearchAction\",\"target\":{\"@type\":\"EntryPoint\",\"urlTemplate\":\"https:\\\/\\\/kibrisdakik.com\\\/?s={search_term_string}\"},\"query-input\":{\"@type\":\"PropertyValueSpecification\",\"valueRequired\":true,\"valueName\":\"search_term_string\"}}],\"inLanguage\":\"tr\"},{\"@type\":\"Person\",\"@id\":\"https:\\\/\\\/kibrisdakik.com\\\/#\\\/schema\\\/person\\\/9cd9d437bbb44f72b73ba127e06d8e79\",\"name\":\"admin\",\"image\":{\"@type\":\"ImageObject\",\"inLanguage\":\"tr\",\"@id\":\"https:\\\/\\\/secure.gravatar.com\\\/avatar\\\/ccc17943b9d660506c869530f897617f7cb1c21a4bf30023f252596d83e1f007?s=96&d=mm&r=g\",\"url\":\"https:\\\/\\\/secure.gravatar.com\\\/avatar\\\/ccc17943b9d660506c869530f897617f7cb1c21a4bf30023f252596d83e1f007?s=96&d=mm&r=g\",\"contentUrl\":\"https:\\\/\\\/secure.gravatar.com\\\/avatar\\\/ccc17943b9d660506c869530f897617f7cb1c21a4bf30023f252596d83e1f007?s=96&d=mm&r=g\",\"caption\":\"admin\"},\"sameAs\":[\"https:\\\/\\\/kibrisdakik.com\"],\"url\":\"https:\\\/\\\/kibrisdakik.com\\\/?author=1\"}]}<\/script>\n<!-- \/ Yoast SEO plugin. -->","yoast_head_json":{"title":"Yenibo\u011fazi\u00e7i\u2019nde Ufuk F\u0131rat d\u00f6nemi -","robots":{"index":"index","follow":"follow","max-snippet":"max-snippet:-1","max-image-preview":"max-image-preview:large","max-video-preview":"max-video-preview:-1"},"canonical":"https:\/\/kibrisdakik.com\/?p=27115","og_locale":"tr_TR","og_type":"article","og_title":"Yenibo\u011fazi\u00e7i\u2019nde Ufuk F\u0131rat d\u00f6nemi -","og_description":"Yenibo\u011fazi\u00e7i\u2019nde Ufuk F\u0131rat d\u00f6nemi Aksa S\u00fcper Ligi\u2019nde ilk devrede bekledi\u011fi performans\u0131 yakalayamayan Yenibo\u011fazi\u00e7i\u2019nde teknik direkt\u00f6r Salih ince ile y\u00f6netim g\u00f6r\u00fc\u015ferek kar\u015f\u0131l\u0131kl\u0131 olarak yollar\u0131 ay\u0131rma karar\u0131 ald\u0131.&nbsp; Yenibo\u011faz\u00e7i y\u00f6netimi Salih \u0130nce ile yollar\u0131n ayr\u0131lmas\u0131ndan sonra Ufuk F\u0131rat ile g\u00f6r\u00fc\u015ferek her konuda anla\u015fma sa\u011flad\u0131 ve tak\u0131m\u0131n ba\u015f\u0131na getirdi.","og_url":"https:\/\/kibrisdakik.com\/?p=27115","article_published_time":"2024-01-19T17:33:55+00:00","og_image":[{"width":710,"height":370,"url":"https:\/\/kibrisdakik.com\/wp-content\/uploads\/2024\/01\/yenibogazicinde-ufuk-firat-donemi-1705684588.webp.webp","type":"image\/webp"}],"author":"admin","twitter_card":"summary_large_image","twitter_misc":{"Yazan:":"admin"},"schema":{"@context":"https:\/\/schema.org","@graph":[{"@type":"Article","@id":"https:\/\/kibrisdakik.com\/?p=27115#article","isPartOf":{"@id":"https:\/\/kibrisdakik.com\/?p=27115"},"author":{"name":"admin","@id":"https:\/\/kibrisdakik.com\/#\/schema\/person\/9cd9d437bbb44f72b73ba127e06d8e79"},"headline":"Yenibo\u011fazi\u00e7i\u2019nde Ufuk F\u0131rat d\u00f6nemi","datePublished":"2024-01-19T17:33:55+00:00","mainEntityOfPage":{"@id":"https:\/\/kibrisdakik.com\/?p=27115"},"wordCount":88,"commentCount":0,"image":{"@id":"https:\/\/kibrisdakik.com\/?p=27115#primaryimage"},"thumbnailUrl":"https:\/\/kibrisdakik.com\/wp-content\/uploads\/2024\/01\/yenibogazicinde-ufuk-firat-donemi-1705684588.webp.webp","articleSection":["T\u00fcrkiye"],"inLanguage":"tr","potentialAction":[{"@type":"CommentAction","name":"Comment","target":["https:\/\/kibrisdakik.com\/?p=27115#respond"]}]},{"@type":"WebPage","@id":"https:\/\/kibrisdakik.com\/?p=27115","url":"https:\/\/kibrisdakik.com\/?p=27115","name":"Yenibo\u011fazi\u00e7i\u2019nde Ufuk F\u0131rat d\u00f6nemi -","isPartOf":{"@id":"https:\/\/kibrisdakik.com\/#website"},"primaryImageOfPage":{"@id":"https:\/\/kibrisdakik.com\/?p=27115#primaryimage"},"image":{"@id":"https:\/\/kibrisdakik.com\/?p=27115#primaryimage"},"thumbnailUrl":"https:\/\/kibrisdakik.com\/wp-content\/uploads\/2024\/01\/yenibogazicinde-ufuk-firat-donemi-1705684588.webp.webp","datePublished":"2024-01-19T17:33:55+00:00","author":{"@id":"https:\/\/kibrisdakik.com\/#\/schema\/person\/9cd9d437bbb44f72b73ba127e06d8e79"},"breadcrumb":{"@id":"https:\/\/kibrisdakik.com\/?p=27115#breadcrumb"},"inLanguage":"tr","potentialAction":[{"@type":"ReadAction","target":["https:\/\/kibrisdakik.com\/?p=27115"]}]},{"@type":"ImageObject","inLanguage":"tr","@id":"https:\/\/kibrisdakik.com\/?p=27115#primaryimage","url":"https:\/\/kibrisdakik.com\/wp-content\/uploads\/2024\/01\/yenibogazicinde-ufuk-firat-donemi-1705684588.webp.webp","contentUrl":"https:\/\/kibrisdakik.com\/wp-content\/uploads\/2024\/01\/yenibogazicinde-ufuk-firat-donemi-1705684588.webp.webp","width":710,"height":370},{"@type":"BreadcrumbList","@id":"https:\/\/kibrisdakik.com\/?p=27115#breadcrumb","itemListElement":[{"@type":"ListItem","position":1,"name":"Home","item":"https:\/\/kibrisdakik.com\/"},{"@type":"ListItem","position":2,"name":"Yenibo\u011fazi\u00e7i\u2019nde Ufuk F\u0131rat d\u00f6nemi"}]},{"@type":"WebSite","@id":"https:\/\/kibrisdakik.com\/#website","url":"https:\/\/kibrisdakik.com\/","name":"","description":"Tam vaktinde haber","potentialAction":[{"@type":"SearchAction","target":{"@type":"EntryPoint","urlTemplate":"https:\/\/kibrisdakik.com\/?s={search_term_string}"},"query-input":{"@type":"PropertyValueSpecification","valueRequired":true,"valueName":"search_term_string"}}],"inLanguage":"tr"},{"@type":"Person","@id":"https:\/\/kibrisdakik.com\/#\/schema\/person\/9cd9d437bbb44f72b73ba127e06d8e79","name":"admin","image":{"@type":"ImageObject","inLanguage":"tr","@id":"https:\/\/secure.gravatar.com\/avatar\/ccc17943b9d660506c869530f897617f7cb1c21a4bf30023f252596d83e1f007?s=96&d=mm&r=g","url":"https:\/\/secure.gravatar.com\/avatar\/ccc17943b9d660506c869530f897617f7cb1c21a4bf30023f252596d83e1f007?s=96&d=mm&r=g","contentUrl":"https:\/\/secure.gravatar.com\/avatar\/ccc17943b9d660506c869530f897617f7cb1c21a4bf30023f252596d83e1f007?s=96&d=mm&r=g","caption":"admin"},"sameAs":["https:\/\/kibrisdakik.com"],"url":"https:\/\/kibrisdakik.com\/?author=1"}]}},"_links":{"self":[{"href":"https:\/\/kibrisdakik.com\/index.php?rest_route=\/wp\/v2\/posts\/27115","targetHints":{"allow":["GET"]}}],"collection":[{"href":"https:\/\/kibrisdakik.com\/index.php?rest_route=\/wp\/v2\/posts"}],"about":[{"href":"https:\/\/kibrisdakik.com\/index.php?rest_route=\/wp\/v2\/types\/post"}],"author":[{"embeddable":true,"href":"https:\/\/kibrisdakik.com\/index.php?rest_route=\/wp\/v2\/users\/1"}],"replies":[{"embeddable":true,"href":"https:\/\/kibrisdakik.com\/index.php?rest_route=%2Fwp%2Fv2%2Fcomments&post=27115"}],"version-history":[{"count":0,"href":"https:\/\/kibrisdakik.com\/index.php?rest_route=\/wp\/v2\/posts\/27115\/revisions"}],"wp:featuredmedia":[{"embeddable":true,"href":"https:\/\/kibrisdakik.com\/index.php?rest_route=\/wp\/v2\/media\/27116"}],"wp:attachment":[{"href":"https:\/\/kibrisdakik.com\/index.php?rest_route=%2Fwp%2Fv2%2Fmedia&parent=27115"}],"wp:term":[{"taxonomy":"category","embeddable":true,"href":"https:\/\/kibrisdakik.com\/index.php?rest_route=%2Fwp%2Fv2%2Fcategories&post=27115"},{"taxonomy":"post_tag","embeddable":true,"href":"https:\/\/kibrisdakik.com\/index.php?rest_route=%2Fwp%2Fv2%2Ftags&post=27115"}],"curies":[{"name":"wp","href":"https:\/\/api.w.org\/{rel}","templated":true}]}}