{"id":27152,"date":"2024-01-19T20:50:53","date_gmt":"2024-01-19T20:50:53","guid":{"rendered":"https:\/\/kibrisdakik.com\/index.php\/2024\/01\/19\/idari-kamu-ve-saglik-isleri-komitesi-bir-yasa-tasarisi-ile-bir-yasa-onerisini-onayladi\/"},"modified":"2024-01-19T20:50:53","modified_gmt":"2024-01-19T20:50:53","slug":"idari-kamu-ve-saglik-isleri-komitesi-bir-yasa-tasarisi-ile-bir-yasa-onerisini-onayladi","status":"publish","type":"post","link":"https:\/\/kibrisdakik.com\/?p=27152","title":{"rendered":"\u0130dari, Kamu ve Sa\u011fl\u0131k \u0130\u015fleri Komitesi, bir yasa tasar\u0131s\u0131 ile bir yasa \u00f6nerisini onaylad\u0131"},"content":{"rendered":"<p><img decoding=\"async\" src=\"https:\/\/www.kibristurk.com\/images\/haberler\/2024\/01\/idari-kamu-ve-saglik-isleri-komitesi-bir-yasa-tasarisi-ile-bir-yasa-onerisini-onayladi-1705679142.webp\" \/><\/p>\n<p style=\"text-align:justify\"><span style=\"font-size:11pt\"><span style=\"background-color:white\"><span style=\"font-family:Calibri,sans-serif\"><span style=\"font-size:13.0pt\"><span style=\"color:black\">Cumhuriyet&nbsp;Meclisi, \u0130dari, Kamu ve Sa\u011fl\u0131k \u0130\u015fleri Komitesi, bir&nbsp; yasa tasar\u0131s\u0131 ile bir yasa \u00f6nerisini onaylayarak Genel Kurul\u2019a sevk etti.<\/span><\/span><\/span><\/span><\/span><\/p>\n<p style=\"text-align:justify\"><span style=\"font-size:11pt\"><span style=\"background-color:white\"><span style=\"font-family:Calibri,sans-serif\"><span style=\"font-size:13.0pt\"><span style=\"color:black\">Meclisten verilen bilgiye g\u00f6re, UBP Milletvekili Komite Ba\u015fkan\u0131 Emrah Ye\u015fil\u0131rmak ba\u015fkanl\u0131\u011f\u0131nda toplanan&nbsp;\u0130dari, Kamu ve Sa\u011fl\u0131k \u0130\u015fleri Komitesi, g\u00fcndemindeki; &nbsp;\u201cYurt D\u0131\u015f\u0131nda G\u00f6rev Yapan Personelin Kadrolar\u0131 ve D\u0131\u015f G\u00f6rev \u00d6denekleri (De\u011fi\u015fiklik) Yasa Tasar\u0131s\u0131\u201d, \u201cKamu \u00c7al\u0131\u015fanlar\u0131n\u0131n Ayl\u0131k (Maa\u015f-\u00dccret) ve Di\u011fer \u00d6deneklerinin D\u00fczenlenmesi (De\u011fi\u015fiklik) Yasa \u00d6nerisi (\u00d6neri Sahibi: Ulusal Birlik Partisi Girne Milletvekili, Sn. Hasan K\u00fc\u00e7\u00fck)\u201d, &nbsp;&nbsp;\u201cMuhaceret Dairesi (Kurulu\u015f, G\u00f6rev ve \u00c7al\u0131\u015fma Esaslar\u0131) (De\u011fi\u015fiklik) Yasa Tasar\u0131s\u0131\u201d ve \u201cHukuk Dairesi (De\u011fi\u015fiklik) Yasa Tasar\u0131s\u0131\u201dn\u0131 ele ald\u0131.<\/span><\/span><\/span><\/span><\/span><\/p>\n<p style=\"text-align:justify\"><span style=\"font-size:11pt\"><span style=\"background-color:white\"><span style=\"font-family:Calibri,sans-serif\"><span style=\"font-size:13.0pt\"><span style=\"color:black\">Komite ilk olarak,&nbsp;Kamu \u00c7al\u0131\u015fanlar\u0131n\u0131n Ayl\u0131k (Maa\u015f-\u00dccret) ve Di\u011fer \u00d6deneklerinin D\u00fczenlenmesi (De\u011fi\u015fiklik) Yasa \u00d6nerisi\u2019nin \u00fc\u00e7\u00fcnc\u00fc okunu\u015funu ger\u00e7ekle\u015ftirdi ve oybirli\u011fi ile onaylayarak, Genel Kurul\u2019un g\u00fcndemine sevk etti.<\/span><\/span><\/span><\/span><\/span><\/p>\n<p style=\"text-align:justify\"><span style=\"font-size:11pt\"><span style=\"background-color:white\"><span style=\"font-family:Calibri,sans-serif\"><span style=\"font-size:13.0pt\"><span style=\"color:black\">\u0130dari, Kamu ve Sa\u011fl\u0131k \u0130\u015fleri Komitesi daha sonra,&nbsp;\u201cMuhaceret Dairesi (Kurulu\u015f, G\u00f6rev ve \u00c7al\u0131\u015fma Esaslar\u0131) (De\u011fi\u015fiklik) Yasa Tasar\u0131s\u0131\u201dn\u0131n genel g\u00f6r\u00fc\u015fmesini tamamlayarak madde madde g\u00f6r\u00fc\u015fmeye ba\u015flad\u0131. Komite bahse konu Yasa Tasar\u0131s\u0131 \u00fczerindeki g\u00f6r\u00fc\u015fmelerine bir sonraki toplant\u0131s\u0131nda devam edecek.<\/span><\/span><\/span><\/span><\/span><\/p>\n<p style=\"text-align:justify\"><span style=\"font-size:11pt\"><span style=\"background-color:white\"><span style=\"font-family:Calibri,sans-serif\"><span style=\"font-size:13.0pt\"><span style=\"color:black\">Komite, daha sonra \u201cYurt D\u0131\u015f\u0131nda G\u00f6rev Yapan Personelin Kadrolar\u0131 ve D\u0131\u015f G\u00f6rev \u00d6denekleri (De\u011fi\u015fiklik) Yasa Tasar\u0131s\u0131\u201dn\u0131 ele ald\u0131 ve ilgili Yasa Tasar\u0131s\u0131\u2019n\u0131n genel g\u00f6r\u00fc\u015fmesini tamamlayarak madde madde g\u00f6r\u00fc\u015fmeye ba\u015flad\u0131. Komite bu Yasa Tasar\u0131s\u0131 \u00fczerindeki g\u00f6r\u00fc\u015fmelerine de bir sonraki toplant\u0131s\u0131nda devam edecek.<\/span><\/span><\/span><\/span><\/span><\/p>\n<p style=\"text-align:justify\"><span style=\"font-size:11pt\"><span style=\"background-color:white\"><span style=\"font-family:Calibri,sans-serif\"><span style=\"font-size:13.0pt\"><span style=\"color:black\">Komite son olarak, \u201cHukuk Dairesi ( De\u011fi\u015fiklik ) Yasa Tasar\u0131s\u0131\u201dn\u0131 g\u00f6r\u00fc\u015ft\u00fc ve oybirli\u011fi ile onaylayarak Genel Kurul\u2019un g\u00fcndemine sevk etti.<\/span><\/span><\/span><\/span><\/span><\/p>\n<p style=\"text-align:justify\"><span style=\"font-size:11pt\"><span style=\"background-color:white\"><span style=\"font-family:Calibri,sans-serif\"><span style=\"font-size:13.0pt\"><span style=\"color:black\">Komite toplant\u0131s\u0131na davetli olarak, &nbsp;Ba\u015fbakan Yard\u0131mc\u0131l\u0131\u011f\u0131 ve Turizm, K\u00fclt\u00fcr, Gen\u00e7lik ve \u00c7evre Bakanl\u0131\u011f\u0131, Maliye Bakanl\u0131\u011f\u0131, Milli E\u011fitim Bakanl\u0131\u011f\u0131, D\u0131\u015fi\u015fleri Bakanl\u0131\u011f\u0131, G\u00fcvenlik Kuvvetleri Komutanl\u0131\u011f\u0131, Personel Dairesi, Muhaceret Dairesi, Ba\u015fsavc\u0131l\u0131k ve KAMU-SEN\u2019den &nbsp;yetkililer kat\u0131larak, konu ile ilgili g\u00f6r\u00fc\u015flerini sundu.<\/span><\/span><\/span><\/span><\/span><\/p>\n<p style=\"text-align:justify\"><span style=\"font-size:11pt\"><span style=\"background-color:white\"><span style=\"font-family:Calibri,sans-serif\"><span style=\"font-size:13.0pt\"><span style=\"color:black\">UBP Milletvekili Emrah Ye\u015fil\u0131rmak Ba\u015fkanl\u0131\u011f\u0131ndaki Komite&nbsp;toplant\u0131s\u0131na, Komite Ba\u015fkan Vekili CTP Milletvekili Filiz Besim, Komite \u00fcyesi UBP Milletvekilleri F\u0131rt\u0131na Karanfil ve Ahmet Sava\u015fan kat\u0131ld\u0131.<\/span><\/span><\/span><\/span><\/span><\/p>\n<p>&nbsp;<\/p>\n","protected":false},"excerpt":{"rendered":"<p>Cumhuriyet&nbsp;Meclisi, \u0130dari, Kamu ve Sa\u011fl\u0131k \u0130\u015fleri Komitesi, bir&nbsp; yasa tasar\u0131s\u0131 ile bir yasa \u00f6nerisini onaylayarak Genel Kurul\u2019a sevk etti. Meclisten verilen bilgiye g\u00f6re, UBP Milletvekili Komite Ba\u015fkan\u0131 Emrah Ye\u015fil\u0131rmak ba\u015fkanl\u0131\u011f\u0131nda toplanan&nbsp;\u0130dari, Kamu ve Sa\u011fl\u0131k \u0130\u015fleri Komitesi, g\u00fcndemindeki; &nbsp;\u201cYurt D\u0131\u015f\u0131nda G\u00f6rev Yapan Personelin Kadrolar\u0131 ve D\u0131\u015f G\u00f6rev \u00d6denekleri (De\u011fi\u015fiklik) Yasa Tasar\u0131s\u0131\u201d, \u201cKamu \u00c7al\u0131\u015fanlar\u0131n\u0131n Ayl\u0131k (Maa\u015f-\u00dccret) ve<\/p>\n","protected":false},"author":1,"featured_media":27153,"comment_status":"open","ping_status":"open","sticky":false,"template":"","format":"standard","meta":{"footnotes":""},"categories":[85],"tags":[],"class_list":["post-27152","post","type-post","status-publish","format-standard","has-post-thumbnail","hentry","category-spor"],"yoast_head":"<!-- This site is optimized with the Yoast SEO plugin v27.5 - https:\/\/yoast.com\/product\/yoast-seo-wordpress\/ -->\n<title>\u0130dari, Kamu ve Sa\u011fl\u0131k \u0130\u015fleri Komitesi, bir yasa tasar\u0131s\u0131 ile bir yasa \u00f6nerisini onaylad\u0131 -<\/title>\n<meta name=\"robots\" content=\"index, follow, max-snippet:-1, max-image-preview:large, max-video-preview:-1\" \/>\n<link rel=\"canonical\" href=\"https:\/\/kibrisdakik.com\/?p=27152\" \/>\n<meta property=\"og:locale\" content=\"tr_TR\" \/>\n<meta property=\"og:type\" content=\"article\" \/>\n<meta property=\"og:title\" content=\"\u0130dari, Kamu ve Sa\u011fl\u0131k \u0130\u015fleri Komitesi, bir yasa tasar\u0131s\u0131 ile bir yasa \u00f6nerisini onaylad\u0131 -\" \/>\n<meta property=\"og:description\" content=\"Cumhuriyet&nbsp;Meclisi, \u0130dari, Kamu ve Sa\u011fl\u0131k \u0130\u015fleri Komitesi, bir&nbsp; yasa tasar\u0131s\u0131 ile bir yasa \u00f6nerisini onaylayarak Genel Kurul\u2019a sevk etti. Meclisten verilen bilgiye g\u00f6re, UBP Milletvekili Komite Ba\u015fkan\u0131 Emrah Ye\u015fil\u0131rmak ba\u015fkanl\u0131\u011f\u0131nda toplanan&nbsp;\u0130dari, Kamu ve Sa\u011fl\u0131k \u0130\u015fleri Komitesi, g\u00fcndemindeki; &nbsp;\u201cYurt D\u0131\u015f\u0131nda G\u00f6rev Yapan Personelin Kadrolar\u0131 ve D\u0131\u015f G\u00f6rev \u00d6denekleri (De\u011fi\u015fiklik) Yasa Tasar\u0131s\u0131\u201d, \u201cKamu \u00c7al\u0131\u015fanlar\u0131n\u0131n Ayl\u0131k (Maa\u015f-\u00dccret) ve\" \/>\n<meta property=\"og:url\" content=\"https:\/\/kibrisdakik.com\/?p=27152\" \/>\n<meta property=\"article:published_time\" content=\"2024-01-19T20:50:53+00:00\" \/>\n<meta property=\"og:image\" content=\"https:\/\/kibrisdakik.com\/wp-content\/uploads\/2024\/01\/idari-kamu-ve-saglik-isleri-komitesi-bir-yasa-tasarisi-ile-bir-yasa-onerisini-onayladi-1705679142.webp.webp\" \/>\n\t<meta property=\"og:image:width\" content=\"710\" \/>\n\t<meta property=\"og:image:height\" content=\"370\" \/>\n\t<meta property=\"og:image:type\" content=\"image\/webp\" \/>\n<meta name=\"author\" content=\"admin\" \/>\n<meta name=\"twitter:card\" content=\"summary_large_image\" \/>\n<meta name=\"twitter:label1\" content=\"Yazan:\" \/>\n\t<meta name=\"twitter:data1\" content=\"admin\" \/>\n\t<meta name=\"twitter:label2\" content=\"Tahmini okuma s\u00fcresi\" \/>\n\t<meta name=\"twitter:data2\" content=\"2 dakika\" \/>\n<script type=\"application\/ld+json\" class=\"yoast-schema-graph\">{\"@context\":\"https:\\\/\\\/schema.org\",\"@graph\":[{\"@type\":\"Article\",\"@id\":\"https:\\\/\\\/kibrisdakik.com\\\/?p=27152#article\",\"isPartOf\":{\"@id\":\"https:\\\/\\\/kibrisdakik.com\\\/?p=27152\"},\"author\":{\"name\":\"admin\",\"@id\":\"https:\\\/\\\/kibrisdakik.com\\\/#\\\/schema\\\/person\\\/9cd9d437bbb44f72b73ba127e06d8e79\"},\"headline\":\"\u0130dari, Kamu ve Sa\u011fl\u0131k \u0130\u015fleri Komitesi, bir yasa tasar\u0131s\u0131 ile bir yasa \u00f6nerisini onaylad\u0131\",\"datePublished\":\"2024-01-19T20:50:53+00:00\",\"mainEntityOfPage\":{\"@id\":\"https:\\\/\\\/kibrisdakik.com\\\/?p=27152\"},\"wordCount\":437,\"commentCount\":0,\"image\":{\"@id\":\"https:\\\/\\\/kibrisdakik.com\\\/?p=27152#primaryimage\"},\"thumbnailUrl\":\"https:\\\/\\\/kibrisdakik.com\\\/wp-content\\\/uploads\\\/2024\\\/01\\\/idari-kamu-ve-saglik-isleri-komitesi-bir-yasa-tasarisi-ile-bir-yasa-onerisini-onayladi-1705679142.webp.webp\",\"articleSection\":[\"Spor\"],\"inLanguage\":\"tr\",\"potentialAction\":[{\"@type\":\"CommentAction\",\"name\":\"Comment\",\"target\":[\"https:\\\/\\\/kibrisdakik.com\\\/?p=27152#respond\"]}]},{\"@type\":\"WebPage\",\"@id\":\"https:\\\/\\\/kibrisdakik.com\\\/?p=27152\",\"url\":\"https:\\\/\\\/kibrisdakik.com\\\/?p=27152\",\"name\":\"\u0130dari, Kamu ve Sa\u011fl\u0131k \u0130\u015fleri Komitesi, bir yasa tasar\u0131s\u0131 ile bir yasa \u00f6nerisini onaylad\u0131 -\",\"isPartOf\":{\"@id\":\"https:\\\/\\\/kibrisdakik.com\\\/#website\"},\"primaryImageOfPage\":{\"@id\":\"https:\\\/\\\/kibrisdakik.com\\\/?p=27152#primaryimage\"},\"image\":{\"@id\":\"https:\\\/\\\/kibrisdakik.com\\\/?p=27152#primaryimage\"},\"thumbnailUrl\":\"https:\\\/\\\/kibrisdakik.com\\\/wp-content\\\/uploads\\\/2024\\\/01\\\/idari-kamu-ve-saglik-isleri-komitesi-bir-yasa-tasarisi-ile-bir-yasa-onerisini-onayladi-1705679142.webp.webp\",\"datePublished\":\"2024-01-19T20:50:53+00:00\",\"author\":{\"@id\":\"https:\\\/\\\/kibrisdakik.com\\\/#\\\/schema\\\/person\\\/9cd9d437bbb44f72b73ba127e06d8e79\"},\"breadcrumb\":{\"@id\":\"https:\\\/\\\/kibrisdakik.com\\\/?p=27152#breadcrumb\"},\"inLanguage\":\"tr\",\"potentialAction\":[{\"@type\":\"ReadAction\",\"target\":[\"https:\\\/\\\/kibrisdakik.com\\\/?p=27152\"]}]},{\"@type\":\"ImageObject\",\"inLanguage\":\"tr\",\"@id\":\"https:\\\/\\\/kibrisdakik.com\\\/?p=27152#primaryimage\",\"url\":\"https:\\\/\\\/kibrisdakik.com\\\/wp-content\\\/uploads\\\/2024\\\/01\\\/idari-kamu-ve-saglik-isleri-komitesi-bir-yasa-tasarisi-ile-bir-yasa-onerisini-onayladi-1705679142.webp.webp\",\"contentUrl\":\"https:\\\/\\\/kibrisdakik.com\\\/wp-content\\\/uploads\\\/2024\\\/01\\\/idari-kamu-ve-saglik-isleri-komitesi-bir-yasa-tasarisi-ile-bir-yasa-onerisini-onayladi-1705679142.webp.webp\",\"width\":710,\"height\":370},{\"@type\":\"BreadcrumbList\",\"@id\":\"https:\\\/\\\/kibrisdakik.com\\\/?p=27152#breadcrumb\",\"itemListElement\":[{\"@type\":\"ListItem\",\"position\":1,\"name\":\"Home\",\"item\":\"https:\\\/\\\/kibrisdakik.com\\\/\"},{\"@type\":\"ListItem\",\"position\":2,\"name\":\"\u0130dari, Kamu ve Sa\u011fl\u0131k \u0130\u015fleri Komitesi, bir yasa tasar\u0131s\u0131 ile bir yasa \u00f6nerisini onaylad\u0131\"}]},{\"@type\":\"WebSite\",\"@id\":\"https:\\\/\\\/kibrisdakik.com\\\/#website\",\"url\":\"https:\\\/\\\/kibrisdakik.com\\\/\",\"name\":\"\",\"description\":\"Tam vaktinde haber\",\"potentialAction\":[{\"@type\":\"SearchAction\",\"target\":{\"@type\":\"EntryPoint\",\"urlTemplate\":\"https:\\\/\\\/kibrisdakik.com\\\/?s={search_term_string}\"},\"query-input\":{\"@type\":\"PropertyValueSpecification\",\"valueRequired\":true,\"valueName\":\"search_term_string\"}}],\"inLanguage\":\"tr\"},{\"@type\":\"Person\",\"@id\":\"https:\\\/\\\/kibrisdakik.com\\\/#\\\/schema\\\/person\\\/9cd9d437bbb44f72b73ba127e06d8e79\",\"name\":\"admin\",\"image\":{\"@type\":\"ImageObject\",\"inLanguage\":\"tr\",\"@id\":\"https:\\\/\\\/secure.gravatar.com\\\/avatar\\\/ccc17943b9d660506c869530f897617f7cb1c21a4bf30023f252596d83e1f007?s=96&d=mm&r=g\",\"url\":\"https:\\\/\\\/secure.gravatar.com\\\/avatar\\\/ccc17943b9d660506c869530f897617f7cb1c21a4bf30023f252596d83e1f007?s=96&d=mm&r=g\",\"contentUrl\":\"https:\\\/\\\/secure.gravatar.com\\\/avatar\\\/ccc17943b9d660506c869530f897617f7cb1c21a4bf30023f252596d83e1f007?s=96&d=mm&r=g\",\"caption\":\"admin\"},\"sameAs\":[\"https:\\\/\\\/kibrisdakik.com\"],\"url\":\"https:\\\/\\\/kibrisdakik.com\\\/?author=1\"}]}<\/script>\n<!-- \/ Yoast SEO plugin. -->","yoast_head_json":{"title":"\u0130dari, Kamu ve Sa\u011fl\u0131k \u0130\u015fleri Komitesi, bir yasa tasar\u0131s\u0131 ile bir yasa \u00f6nerisini onaylad\u0131 -","robots":{"index":"index","follow":"follow","max-snippet":"max-snippet:-1","max-image-preview":"max-image-preview:large","max-video-preview":"max-video-preview:-1"},"canonical":"https:\/\/kibrisdakik.com\/?p=27152","og_locale":"tr_TR","og_type":"article","og_title":"\u0130dari, Kamu ve Sa\u011fl\u0131k \u0130\u015fleri Komitesi, bir yasa tasar\u0131s\u0131 ile bir yasa \u00f6nerisini onaylad\u0131 -","og_description":"Cumhuriyet&nbsp;Meclisi, \u0130dari, Kamu ve Sa\u011fl\u0131k \u0130\u015fleri Komitesi, bir&nbsp; yasa tasar\u0131s\u0131 ile bir yasa \u00f6nerisini onaylayarak Genel Kurul\u2019a sevk etti. Meclisten verilen bilgiye g\u00f6re, UBP Milletvekili Komite Ba\u015fkan\u0131 Emrah Ye\u015fil\u0131rmak ba\u015fkanl\u0131\u011f\u0131nda toplanan&nbsp;\u0130dari, Kamu ve Sa\u011fl\u0131k \u0130\u015fleri Komitesi, g\u00fcndemindeki; &nbsp;\u201cYurt D\u0131\u015f\u0131nda G\u00f6rev Yapan Personelin Kadrolar\u0131 ve D\u0131\u015f G\u00f6rev \u00d6denekleri (De\u011fi\u015fiklik) Yasa Tasar\u0131s\u0131\u201d, \u201cKamu \u00c7al\u0131\u015fanlar\u0131n\u0131n Ayl\u0131k (Maa\u015f-\u00dccret) ve","og_url":"https:\/\/kibrisdakik.com\/?p=27152","article_published_time":"2024-01-19T20:50:53+00:00","og_image":[{"width":710,"height":370,"url":"https:\/\/kibrisdakik.com\/wp-content\/uploads\/2024\/01\/idari-kamu-ve-saglik-isleri-komitesi-bir-yasa-tasarisi-ile-bir-yasa-onerisini-onayladi-1705679142.webp.webp","type":"image\/webp"}],"author":"admin","twitter_card":"summary_large_image","twitter_misc":{"Yazan:":"admin","Tahmini okuma s\u00fcresi":"2 dakika"},"schema":{"@context":"https:\/\/schema.org","@graph":[{"@type":"Article","@id":"https:\/\/kibrisdakik.com\/?p=27152#article","isPartOf":{"@id":"https:\/\/kibrisdakik.com\/?p=27152"},"author":{"name":"admin","@id":"https:\/\/kibrisdakik.com\/#\/schema\/person\/9cd9d437bbb44f72b73ba127e06d8e79"},"headline":"\u0130dari, Kamu ve Sa\u011fl\u0131k \u0130\u015fleri Komitesi, bir yasa tasar\u0131s\u0131 ile bir yasa \u00f6nerisini onaylad\u0131","datePublished":"2024-01-19T20:50:53+00:00","mainEntityOfPage":{"@id":"https:\/\/kibrisdakik.com\/?p=27152"},"wordCount":437,"commentCount":0,"image":{"@id":"https:\/\/kibrisdakik.com\/?p=27152#primaryimage"},"thumbnailUrl":"https:\/\/kibrisdakik.com\/wp-content\/uploads\/2024\/01\/idari-kamu-ve-saglik-isleri-komitesi-bir-yasa-tasarisi-ile-bir-yasa-onerisini-onayladi-1705679142.webp.webp","articleSection":["Spor"],"inLanguage":"tr","potentialAction":[{"@type":"CommentAction","name":"Comment","target":["https:\/\/kibrisdakik.com\/?p=27152#respond"]}]},{"@type":"WebPage","@id":"https:\/\/kibrisdakik.com\/?p=27152","url":"https:\/\/kibrisdakik.com\/?p=27152","name":"\u0130dari, Kamu ve Sa\u011fl\u0131k \u0130\u015fleri Komitesi, bir yasa tasar\u0131s\u0131 ile bir yasa \u00f6nerisini onaylad\u0131 -","isPartOf":{"@id":"https:\/\/kibrisdakik.com\/#website"},"primaryImageOfPage":{"@id":"https:\/\/kibrisdakik.com\/?p=27152#primaryimage"},"image":{"@id":"https:\/\/kibrisdakik.com\/?p=27152#primaryimage"},"thumbnailUrl":"https:\/\/kibrisdakik.com\/wp-content\/uploads\/2024\/01\/idari-kamu-ve-saglik-isleri-komitesi-bir-yasa-tasarisi-ile-bir-yasa-onerisini-onayladi-1705679142.webp.webp","datePublished":"2024-01-19T20:50:53+00:00","author":{"@id":"https:\/\/kibrisdakik.com\/#\/schema\/person\/9cd9d437bbb44f72b73ba127e06d8e79"},"breadcrumb":{"@id":"https:\/\/kibrisdakik.com\/?p=27152#breadcrumb"},"inLanguage":"tr","potentialAction":[{"@type":"ReadAction","target":["https:\/\/kibrisdakik.com\/?p=27152"]}]},{"@type":"ImageObject","inLanguage":"tr","@id":"https:\/\/kibrisdakik.com\/?p=27152#primaryimage","url":"https:\/\/kibrisdakik.com\/wp-content\/uploads\/2024\/01\/idari-kamu-ve-saglik-isleri-komitesi-bir-yasa-tasarisi-ile-bir-yasa-onerisini-onayladi-1705679142.webp.webp","contentUrl":"https:\/\/kibrisdakik.com\/wp-content\/uploads\/2024\/01\/idari-kamu-ve-saglik-isleri-komitesi-bir-yasa-tasarisi-ile-bir-yasa-onerisini-onayladi-1705679142.webp.webp","width":710,"height":370},{"@type":"BreadcrumbList","@id":"https:\/\/kibrisdakik.com\/?p=27152#breadcrumb","itemListElement":[{"@type":"ListItem","position":1,"name":"Home","item":"https:\/\/kibrisdakik.com\/"},{"@type":"ListItem","position":2,"name":"\u0130dari, Kamu ve Sa\u011fl\u0131k \u0130\u015fleri Komitesi, bir yasa tasar\u0131s\u0131 ile bir yasa \u00f6nerisini onaylad\u0131"}]},{"@type":"WebSite","@id":"https:\/\/kibrisdakik.com\/#website","url":"https:\/\/kibrisdakik.com\/","name":"","description":"Tam vaktinde haber","potentialAction":[{"@type":"SearchAction","target":{"@type":"EntryPoint","urlTemplate":"https:\/\/kibrisdakik.com\/?s={search_term_string}"},"query-input":{"@type":"PropertyValueSpecification","valueRequired":true,"valueName":"search_term_string"}}],"inLanguage":"tr"},{"@type":"Person","@id":"https:\/\/kibrisdakik.com\/#\/schema\/person\/9cd9d437bbb44f72b73ba127e06d8e79","name":"admin","image":{"@type":"ImageObject","inLanguage":"tr","@id":"https:\/\/secure.gravatar.com\/avatar\/ccc17943b9d660506c869530f897617f7cb1c21a4bf30023f252596d83e1f007?s=96&d=mm&r=g","url":"https:\/\/secure.gravatar.com\/avatar\/ccc17943b9d660506c869530f897617f7cb1c21a4bf30023f252596d83e1f007?s=96&d=mm&r=g","contentUrl":"https:\/\/secure.gravatar.com\/avatar\/ccc17943b9d660506c869530f897617f7cb1c21a4bf30023f252596d83e1f007?s=96&d=mm&r=g","caption":"admin"},"sameAs":["https:\/\/kibrisdakik.com"],"url":"https:\/\/kibrisdakik.com\/?author=1"}]}},"_links":{"self":[{"href":"https:\/\/kibrisdakik.com\/index.php?rest_route=\/wp\/v2\/posts\/27152","targetHints":{"allow":["GET"]}}],"collection":[{"href":"https:\/\/kibrisdakik.com\/index.php?rest_route=\/wp\/v2\/posts"}],"about":[{"href":"https:\/\/kibrisdakik.com\/index.php?rest_route=\/wp\/v2\/types\/post"}],"author":[{"embeddable":true,"href":"https:\/\/kibrisdakik.com\/index.php?rest_route=\/wp\/v2\/users\/1"}],"replies":[{"embeddable":true,"href":"https:\/\/kibrisdakik.com\/index.php?rest_route=%2Fwp%2Fv2%2Fcomments&post=27152"}],"version-history":[{"count":0,"href":"https:\/\/kibrisdakik.com\/index.php?rest_route=\/wp\/v2\/posts\/27152\/revisions"}],"wp:featuredmedia":[{"embeddable":true,"href":"https:\/\/kibrisdakik.com\/index.php?rest_route=\/wp\/v2\/media\/27153"}],"wp:attachment":[{"href":"https:\/\/kibrisdakik.com\/index.php?rest_route=%2Fwp%2Fv2%2Fmedia&parent=27152"}],"wp:term":[{"taxonomy":"category","embeddable":true,"href":"https:\/\/kibrisdakik.com\/index.php?rest_route=%2Fwp%2Fv2%2Fcategories&post=27152"},{"taxonomy":"post_tag","embeddable":true,"href":"https:\/\/kibrisdakik.com\/index.php?rest_route=%2Fwp%2Fv2%2Ftags&post=27152"}],"curies":[{"name":"wp","href":"https:\/\/api.w.org\/{rel}","templated":true}]}}