{"id":27180,"date":"2024-01-20T07:21:59","date_gmt":"2024-01-20T07:21:59","guid":{"rendered":"https:\/\/kibrisdakik.com\/index.php\/2024\/01\/20\/kibrislilarin-istanbul-cikarmasi\/"},"modified":"2024-01-20T07:21:59","modified_gmt":"2024-01-20T07:21:59","slug":"kibrislilarin-istanbul-cikarmasi","status":"publish","type":"post","link":"https:\/\/kibrisdakik.com\/?p=27180","title":{"rendered":"K\u0131br\u0131sl\u0131lar\u0131n \u0130stanbul \u00e7\u0131karmas\u0131\u00a0"},"content":{"rendered":"<p><img decoding=\"async\" src=\"https:\/\/www.kibristurk.com\/images\/haberler\/2024\/01\/kibrislilarin-istanbul-cikarmasi-1705728188.webp\" \/><\/p>\n<p><u><strong>Orhan \u0130smailo\u011flu &nbsp;(\u00d6zel Haber)&nbsp;<\/strong><\/u><\/p>\n<p>\n\u00dclkemizden yeti\u015fen ses sanat\u00e7\u0131, oyuncu, modac\u0131 ve bestecieler son zamanlarda \u0130stanbul&#8217;da yapt\u0131klar\u0131 i\u015flerle ad\u0131ndan s\u00f6z etiriyorlar.&nbsp;<br \/>\n&nbsp;I\u015f\u0131n Karaca, Ziynet Sali,Genco Ecer, Buray,Hazar Erg\u00fc\u00e7l\u00fc, Osman Alka\u015f, H\u00fcseyin K\u00f6ro\u011flu ve Ra\u015fit Ba\u011fz\u0131ba\u011fl\u0131 &nbsp;ad\u0131n\u0131 alt\u0131n haraflerle yazd\u0131rmaya devam ediyorlar.&nbsp;<\/p>\n<p><strong>I\u015f\u0131n Karaca (Ses sanat\u00e7\u0131s\u0131) &nbsp;<\/strong><br \/>\nSon d\u00f6nemelerde yapt\u0131\u011f\u0131 \u015fark\u0131lar\u0131yla ad\u0131ndan s\u00f6z ettirken ge\u00e7ti\u011fimiz g\u00fcnlerde \u00e7\u0131kard\u0131\u011f\u0131 &#8221; Sen Mutlu ol &#8220;\u015fark\u0131s\u0131yla zirvede yer alamaya devam ediyor.<br \/>\n&nbsp;Uzun y\u0131llard\u0131r \u0130stanbul&#8217;da hayat\u0131na devam eden sanat\u00e7\u0131 bir \u00e7ok prjede yer al\u0131yor.<\/p>\n<p><strong>Ziynet Sali (Ses sanat\u00e7\u0131s\u0131)<\/strong><br \/>\nLise&#8217;den hem sonra \u0130stanbul&#8217;a giden bir \u00e7ok yerde sahne alan Sali daha sonra \u00e7\u0131kard\u0131\u011f\u0131 &#8220;Ba-Ba&#8221; \u015fark\u0131s\u0131yla zirvede yer ald\u0131.<br \/>\n&nbsp;Bug\u00fcne kadar bir \u00e7ok koserler veren ve alb\u00fcm \u00e7\u0131karan sanat\u00e7\u0131 son olarak seslendir\u011fi Emrah&#8217;\u0131n &nbsp;&#8221; Belal\u0131m Benim &#8221; \u015fark\u0131sla ad\u0131ndan s\u00f6z etirmeye devam ediyor.&nbsp;<\/p>\n<p><strong>Genco Ecer( S\u00f6z Yazar\u0131- Besteci)&nbsp;<\/strong><br \/>\nT\u00fcrkiye&#8217;de bir \u00e7ok sanat\u00e7\u0131n arad\u0131\u011f\u0131 isimi haline gelen Genco Ecer ge\u00e7ti\u011fimiz y\u0131larda T\u00fcrk Pop M\u00fczi\u011fin krali\u00e7esi Hande Yener ile yapt\u0131\u011f\u0131 \u00e7al\u0131\u015fmaya ad\u0131ndan s\u00f6z ettirdi.<br \/>\nEcer, Hande Yener&#8217;e birlikte &#8221; Benden bir tane yok &#8221; bestesiye 2023 y\u0131l\u0131nda en \u00e7ok istek alan \u015fark\u0131 aras\u0131nda yer ald\u0131.<br \/>\n&nbsp;Kendi sahen hayat\u0131na yo\u011fun bir \u015fekilde devam eden sanat\u00e7\u0131 son olarak \u00e7\u0131kard\u0131\u011f\u0131 &#8221; Of Of&#8221; \u015fark\u0131syla y\u00fckselmeye devam ediyor.&nbsp;<\/p>\n<p><strong>Buray &nbsp;(Besteci, Yorumcu ve Ses Sanat\u00e7\u0131s\u0131)&nbsp;<\/strong><br \/>\nUzun s\u00fcre kendi \u00fclkesinde sahne alan daha sonra Avusturalya&#8217;ya yerle\u015ftikten sonra m\u00fczik hayat\u0131na orada devam eden Buray son d\u00f6nemlerde en \u00e7ok aranan sanat\u00e7\u0131lar\u0131n ba\u015f\u0131nda geliyor.<br \/>\n&nbsp;Yapt\u0131\u011f\u0131 t\u00fcm bestler herkes taraf\u0131ndan &nbsp;be\u011fenilerek izlenirken son \u015fark\u0131s\u0131 &nbsp;&#8220;\u0130nci&#8221; ile yine listelerde yer al\u0131yor.&nbsp;<\/p>\n<p><strong>Hazar Erg\u00fc\u00e7l\u00fc( Oyuncu)&nbsp;<\/strong><br \/>\nK\u0131br\u0131sl\u0131 oyuncu Lefko\u015fa Belediyesi Tiyatro b\u00f6l\u00fcm\u00fcnde dersler ald\u0131ktan sonra Dervi\u015f Zaim&#8217;in &#8221; G\u00f6lgeler ve suretler&#8221; filimde rol ald\u0131.<br \/>\nAr\u0131d\u0131nda ise ilk dizisi Kanal D&#8217;de yay\u0131mlanmaya ba\u015flayan Kuzey G\u00fcney adl\u0131 dizide canland\u0131rd\u0131\u011f\u0131 &#8220;Simay Canay&#8221; karakteri ile televizyonda g\u00f6r\u00fcnmeye ba\u015flad\u0131&nbsp;<br \/>\nArd\u0131ndan ise &#8221; Medcezir&#8221; dizisiyle \u00e7\u0131k\u0131\u015f\u0131na devam eden Erg\u00fc\u00e7l\u00fc bir \u00e7ok projede ba\u015far\u0131l\u0131 bir \u015fekilde yer ald\u0131<br \/>\n\u015eimdilerde ise \u00f6n\u00fcm\u00fczdeki hafalarda Y\u0131lmaz Erdo\u011fan&#8217;\u0131n yaz\u0131p y\u00f6netti\u011fi &#8221; \u0130nci Taneleri&#8221; dizisindeki &#8220;Dilber&#8221; karekteriyle yapt\u0131\u011f\u0131 dansla ad\u0131ndan s\u00f6z ettirece\u011fine benziyor. &nbsp;<\/p>\n<p><strong>Osman Alka\u015f( Oyuncu)&nbsp;<\/strong><br \/>\nLefko\u015fa T\u00fcrk Belediyesi Tiyatrosunda y\u0131llarca rol alan Osman Alka\u015f \u015fimidilerde ekranlarda yay\u0131nlanan &#8220;Yabani &#8221; diziyle \u00e7\u0131k\u0131\u015f\u0131na devam ediyor.<\/p>\n<p><strong>H\u00fcseyin K\u00f6ro\u011flu( Oyuncu)&nbsp;<\/strong><br \/>\nUzun y\u0131llard\u0131r T\u00fcrkiye&#8217;de ya\u015fam\u0131na devam eden ve bir \u00e7ok sinema filimi, dizi ve Tiyatrolarda yer alan K\u00f6ro\u011flu \u015fimdilerde Tiyatro g\u00f6sterimleriyle oyunculu\u011funu konu\u015fturuyor.&nbsp;<\/p>\n<p><strong>Ra\u015fit Ba\u011fz\u0131ba\u011fl\u0131 ( Modac\u0131)&nbsp;<\/strong><br \/>\nUzun y\u0131l \u0130ngitere&#8217;de e\u011fitim alan daha sonra \u0130stanbul&#8217;a yerle\u015fen Ra\u015fit Ba\u011fz\u0131ba\u011fl\u0131, D\u00fcnya&#8217;ca \u00fcnl\u00fc isim Paris Hilton&#8217;a verdi\u011fi k\u0131yafle ad\u0131nda s\u00f6z ettiren isim oldu.<br \/>\nBa\u011fz\u0131ba\u011fl\u0131 \u015fimdilerde T\u00fcrkiye&#8217;de en \u00e7ok aranan modac\u0131lar\u0131n ba\u015f\u0131nda yer al\u0131yor.<\/p>\n","protected":false},"excerpt":{"rendered":"<p>Orhan \u0130smailo\u011flu &nbsp;(\u00d6zel Haber)&nbsp; \u00dclkemizden yeti\u015fen ses sanat\u00e7\u0131, oyuncu, modac\u0131 ve bestecieler son zamanlarda \u0130stanbul&#8217;da yapt\u0131klar\u0131 i\u015flerle ad\u0131ndan s\u00f6z etiriyorlar.&nbsp; &nbsp;I\u015f\u0131n Karaca, Ziynet Sali,Genco Ecer, Buray,Hazar Erg\u00fc\u00e7l\u00fc, Osman Alka\u015f, H\u00fcseyin K\u00f6ro\u011flu ve Ra\u015fit Ba\u011fz\u0131ba\u011fl\u0131 &nbsp;ad\u0131n\u0131 alt\u0131n haraflerle yazd\u0131rmaya devam ediyorlar.&nbsp; I\u015f\u0131n Karaca (Ses sanat\u00e7\u0131s\u0131) &nbsp; Son d\u00f6nemelerde yapt\u0131\u011f\u0131 \u015fark\u0131lar\u0131yla ad\u0131ndan s\u00f6z ettirken ge\u00e7ti\u011fimiz g\u00fcnlerde \u00e7\u0131kard\u0131\u011f\u0131<\/p>\n","protected":false},"author":1,"featured_media":27181,"comment_status":"open","ping_status":"open","sticky":false,"template":"","format":"standard","meta":{"footnotes":""},"categories":[1],"tags":[],"class_list":["post-27180","post","type-post","status-publish","format-standard","has-post-thumbnail","hentry","category-gundem"],"yoast_head":"<!-- This site is optimized with the Yoast SEO plugin v27.5 - https:\/\/yoast.com\/product\/yoast-seo-wordpress\/ -->\n<title>K\u0131br\u0131sl\u0131lar\u0131n \u0130stanbul \u00e7\u0131karmas\u0131\u00a0 -<\/title>\n<meta name=\"robots\" content=\"index, follow, max-snippet:-1, max-image-preview:large, max-video-preview:-1\" \/>\n<link rel=\"canonical\" href=\"https:\/\/kibrisdakik.com\/?p=27180\" \/>\n<meta property=\"og:locale\" content=\"tr_TR\" \/>\n<meta property=\"og:type\" content=\"article\" \/>\n<meta property=\"og:title\" content=\"K\u0131br\u0131sl\u0131lar\u0131n \u0130stanbul \u00e7\u0131karmas\u0131\u00a0 -\" \/>\n<meta property=\"og:description\" content=\"Orhan \u0130smailo\u011flu &nbsp;(\u00d6zel Haber)&nbsp; \u00dclkemizden yeti\u015fen ses sanat\u00e7\u0131, oyuncu, modac\u0131 ve bestecieler son zamanlarda \u0130stanbul&#8217;da yapt\u0131klar\u0131 i\u015flerle ad\u0131ndan s\u00f6z etiriyorlar.&nbsp; &nbsp;I\u015f\u0131n Karaca, Ziynet Sali,Genco Ecer, Buray,Hazar Erg\u00fc\u00e7l\u00fc, Osman Alka\u015f, H\u00fcseyin K\u00f6ro\u011flu ve Ra\u015fit Ba\u011fz\u0131ba\u011fl\u0131 &nbsp;ad\u0131n\u0131 alt\u0131n haraflerle yazd\u0131rmaya devam ediyorlar.&nbsp; I\u015f\u0131n Karaca (Ses sanat\u00e7\u0131s\u0131) &nbsp; Son d\u00f6nemelerde yapt\u0131\u011f\u0131 \u015fark\u0131lar\u0131yla ad\u0131ndan s\u00f6z ettirken ge\u00e7ti\u011fimiz g\u00fcnlerde \u00e7\u0131kard\u0131\u011f\u0131\" \/>\n<meta property=\"og:url\" content=\"https:\/\/kibrisdakik.com\/?p=27180\" \/>\n<meta property=\"article:published_time\" content=\"2024-01-20T07:21:59+00:00\" \/>\n<meta property=\"og:image\" content=\"https:\/\/kibrisdakik.com\/wp-content\/uploads\/2024\/01\/kibrislilarin-istanbul-cikarmasi-1705728188.webp.webp\" \/>\n\t<meta property=\"og:image:width\" content=\"710\" \/>\n\t<meta property=\"og:image:height\" content=\"370\" \/>\n\t<meta property=\"og:image:type\" content=\"image\/webp\" \/>\n<meta name=\"author\" content=\"admin\" \/>\n<meta name=\"twitter:card\" content=\"summary_large_image\" \/>\n<meta name=\"twitter:label1\" content=\"Yazan:\" \/>\n\t<meta name=\"twitter:data1\" content=\"admin\" \/>\n\t<meta name=\"twitter:label2\" content=\"Tahmini okuma s\u00fcresi\" \/>\n\t<meta name=\"twitter:data2\" content=\"3 dakika\" \/>\n<script type=\"application\/ld+json\" class=\"yoast-schema-graph\">{\"@context\":\"https:\\\/\\\/schema.org\",\"@graph\":[{\"@type\":\"Article\",\"@id\":\"https:\\\/\\\/kibrisdakik.com\\\/?p=27180#article\",\"isPartOf\":{\"@id\":\"https:\\\/\\\/kibrisdakik.com\\\/?p=27180\"},\"author\":{\"name\":\"admin\",\"@id\":\"https:\\\/\\\/kibrisdakik.com\\\/#\\\/schema\\\/person\\\/9cd9d437bbb44f72b73ba127e06d8e79\"},\"headline\":\"K\u0131br\u0131sl\u0131lar\u0131n \u0130stanbul \u00e7\u0131karmas\u0131\u00a0\",\"datePublished\":\"2024-01-20T07:21:59+00:00\",\"mainEntityOfPage\":{\"@id\":\"https:\\\/\\\/kibrisdakik.com\\\/?p=27180\"},\"wordCount\":579,\"commentCount\":0,\"image\":{\"@id\":\"https:\\\/\\\/kibrisdakik.com\\\/?p=27180#primaryimage\"},\"thumbnailUrl\":\"https:\\\/\\\/kibrisdakik.com\\\/wp-content\\\/uploads\\\/2024\\\/01\\\/kibrislilarin-istanbul-cikarmasi-1705728188.webp.webp\",\"articleSection\":[\"G\u00fcndem\"],\"inLanguage\":\"tr\",\"potentialAction\":[{\"@type\":\"CommentAction\",\"name\":\"Comment\",\"target\":[\"https:\\\/\\\/kibrisdakik.com\\\/?p=27180#respond\"]}]},{\"@type\":\"WebPage\",\"@id\":\"https:\\\/\\\/kibrisdakik.com\\\/?p=27180\",\"url\":\"https:\\\/\\\/kibrisdakik.com\\\/?p=27180\",\"name\":\"K\u0131br\u0131sl\u0131lar\u0131n \u0130stanbul \u00e7\u0131karmas\u0131\u00a0 -\",\"isPartOf\":{\"@id\":\"https:\\\/\\\/kibrisdakik.com\\\/#website\"},\"primaryImageOfPage\":{\"@id\":\"https:\\\/\\\/kibrisdakik.com\\\/?p=27180#primaryimage\"},\"image\":{\"@id\":\"https:\\\/\\\/kibrisdakik.com\\\/?p=27180#primaryimage\"},\"thumbnailUrl\":\"https:\\\/\\\/kibrisdakik.com\\\/wp-content\\\/uploads\\\/2024\\\/01\\\/kibrislilarin-istanbul-cikarmasi-1705728188.webp.webp\",\"datePublished\":\"2024-01-20T07:21:59+00:00\",\"author\":{\"@id\":\"https:\\\/\\\/kibrisdakik.com\\\/#\\\/schema\\\/person\\\/9cd9d437bbb44f72b73ba127e06d8e79\"},\"breadcrumb\":{\"@id\":\"https:\\\/\\\/kibrisdakik.com\\\/?p=27180#breadcrumb\"},\"inLanguage\":\"tr\",\"potentialAction\":[{\"@type\":\"ReadAction\",\"target\":[\"https:\\\/\\\/kibrisdakik.com\\\/?p=27180\"]}]},{\"@type\":\"ImageObject\",\"inLanguage\":\"tr\",\"@id\":\"https:\\\/\\\/kibrisdakik.com\\\/?p=27180#primaryimage\",\"url\":\"https:\\\/\\\/kibrisdakik.com\\\/wp-content\\\/uploads\\\/2024\\\/01\\\/kibrislilarin-istanbul-cikarmasi-1705728188.webp.webp\",\"contentUrl\":\"https:\\\/\\\/kibrisdakik.com\\\/wp-content\\\/uploads\\\/2024\\\/01\\\/kibrislilarin-istanbul-cikarmasi-1705728188.webp.webp\",\"width\":710,\"height\":370},{\"@type\":\"BreadcrumbList\",\"@id\":\"https:\\\/\\\/kibrisdakik.com\\\/?p=27180#breadcrumb\",\"itemListElement\":[{\"@type\":\"ListItem\",\"position\":1,\"name\":\"Home\",\"item\":\"https:\\\/\\\/kibrisdakik.com\\\/\"},{\"@type\":\"ListItem\",\"position\":2,\"name\":\"K\u0131br\u0131sl\u0131lar\u0131n \u0130stanbul \u00e7\u0131karmas\u0131\u00a0\"}]},{\"@type\":\"WebSite\",\"@id\":\"https:\\\/\\\/kibrisdakik.com\\\/#website\",\"url\":\"https:\\\/\\\/kibrisdakik.com\\\/\",\"name\":\"\",\"description\":\"Tam vaktinde haber\",\"potentialAction\":[{\"@type\":\"SearchAction\",\"target\":{\"@type\":\"EntryPoint\",\"urlTemplate\":\"https:\\\/\\\/kibrisdakik.com\\\/?s={search_term_string}\"},\"query-input\":{\"@type\":\"PropertyValueSpecification\",\"valueRequired\":true,\"valueName\":\"search_term_string\"}}],\"inLanguage\":\"tr\"},{\"@type\":\"Person\",\"@id\":\"https:\\\/\\\/kibrisdakik.com\\\/#\\\/schema\\\/person\\\/9cd9d437bbb44f72b73ba127e06d8e79\",\"name\":\"admin\",\"image\":{\"@type\":\"ImageObject\",\"inLanguage\":\"tr\",\"@id\":\"https:\\\/\\\/secure.gravatar.com\\\/avatar\\\/ccc17943b9d660506c869530f897617f7cb1c21a4bf30023f252596d83e1f007?s=96&d=mm&r=g\",\"url\":\"https:\\\/\\\/secure.gravatar.com\\\/avatar\\\/ccc17943b9d660506c869530f897617f7cb1c21a4bf30023f252596d83e1f007?s=96&d=mm&r=g\",\"contentUrl\":\"https:\\\/\\\/secure.gravatar.com\\\/avatar\\\/ccc17943b9d660506c869530f897617f7cb1c21a4bf30023f252596d83e1f007?s=96&d=mm&r=g\",\"caption\":\"admin\"},\"sameAs\":[\"https:\\\/\\\/kibrisdakik.com\"],\"url\":\"https:\\\/\\\/kibrisdakik.com\\\/?author=1\"}]}<\/script>\n<!-- \/ Yoast SEO plugin. -->","yoast_head_json":{"title":"K\u0131br\u0131sl\u0131lar\u0131n \u0130stanbul \u00e7\u0131karmas\u0131\u00a0 -","robots":{"index":"index","follow":"follow","max-snippet":"max-snippet:-1","max-image-preview":"max-image-preview:large","max-video-preview":"max-video-preview:-1"},"canonical":"https:\/\/kibrisdakik.com\/?p=27180","og_locale":"tr_TR","og_type":"article","og_title":"K\u0131br\u0131sl\u0131lar\u0131n \u0130stanbul \u00e7\u0131karmas\u0131\u00a0 -","og_description":"Orhan \u0130smailo\u011flu &nbsp;(\u00d6zel Haber)&nbsp; \u00dclkemizden yeti\u015fen ses sanat\u00e7\u0131, oyuncu, modac\u0131 ve bestecieler son zamanlarda \u0130stanbul&#8217;da yapt\u0131klar\u0131 i\u015flerle ad\u0131ndan s\u00f6z etiriyorlar.&nbsp; &nbsp;I\u015f\u0131n Karaca, Ziynet Sali,Genco Ecer, Buray,Hazar Erg\u00fc\u00e7l\u00fc, Osman Alka\u015f, H\u00fcseyin K\u00f6ro\u011flu ve Ra\u015fit Ba\u011fz\u0131ba\u011fl\u0131 &nbsp;ad\u0131n\u0131 alt\u0131n haraflerle yazd\u0131rmaya devam ediyorlar.&nbsp; I\u015f\u0131n Karaca (Ses sanat\u00e7\u0131s\u0131) &nbsp; Son d\u00f6nemelerde yapt\u0131\u011f\u0131 \u015fark\u0131lar\u0131yla ad\u0131ndan s\u00f6z ettirken ge\u00e7ti\u011fimiz g\u00fcnlerde \u00e7\u0131kard\u0131\u011f\u0131","og_url":"https:\/\/kibrisdakik.com\/?p=27180","article_published_time":"2024-01-20T07:21:59+00:00","og_image":[{"width":710,"height":370,"url":"https:\/\/kibrisdakik.com\/wp-content\/uploads\/2024\/01\/kibrislilarin-istanbul-cikarmasi-1705728188.webp.webp","type":"image\/webp"}],"author":"admin","twitter_card":"summary_large_image","twitter_misc":{"Yazan:":"admin","Tahmini okuma s\u00fcresi":"3 dakika"},"schema":{"@context":"https:\/\/schema.org","@graph":[{"@type":"Article","@id":"https:\/\/kibrisdakik.com\/?p=27180#article","isPartOf":{"@id":"https:\/\/kibrisdakik.com\/?p=27180"},"author":{"name":"admin","@id":"https:\/\/kibrisdakik.com\/#\/schema\/person\/9cd9d437bbb44f72b73ba127e06d8e79"},"headline":"K\u0131br\u0131sl\u0131lar\u0131n \u0130stanbul \u00e7\u0131karmas\u0131\u00a0","datePublished":"2024-01-20T07:21:59+00:00","mainEntityOfPage":{"@id":"https:\/\/kibrisdakik.com\/?p=27180"},"wordCount":579,"commentCount":0,"image":{"@id":"https:\/\/kibrisdakik.com\/?p=27180#primaryimage"},"thumbnailUrl":"https:\/\/kibrisdakik.com\/wp-content\/uploads\/2024\/01\/kibrislilarin-istanbul-cikarmasi-1705728188.webp.webp","articleSection":["G\u00fcndem"],"inLanguage":"tr","potentialAction":[{"@type":"CommentAction","name":"Comment","target":["https:\/\/kibrisdakik.com\/?p=27180#respond"]}]},{"@type":"WebPage","@id":"https:\/\/kibrisdakik.com\/?p=27180","url":"https:\/\/kibrisdakik.com\/?p=27180","name":"K\u0131br\u0131sl\u0131lar\u0131n \u0130stanbul \u00e7\u0131karmas\u0131\u00a0 -","isPartOf":{"@id":"https:\/\/kibrisdakik.com\/#website"},"primaryImageOfPage":{"@id":"https:\/\/kibrisdakik.com\/?p=27180#primaryimage"},"image":{"@id":"https:\/\/kibrisdakik.com\/?p=27180#primaryimage"},"thumbnailUrl":"https:\/\/kibrisdakik.com\/wp-content\/uploads\/2024\/01\/kibrislilarin-istanbul-cikarmasi-1705728188.webp.webp","datePublished":"2024-01-20T07:21:59+00:00","author":{"@id":"https:\/\/kibrisdakik.com\/#\/schema\/person\/9cd9d437bbb44f72b73ba127e06d8e79"},"breadcrumb":{"@id":"https:\/\/kibrisdakik.com\/?p=27180#breadcrumb"},"inLanguage":"tr","potentialAction":[{"@type":"ReadAction","target":["https:\/\/kibrisdakik.com\/?p=27180"]}]},{"@type":"ImageObject","inLanguage":"tr","@id":"https:\/\/kibrisdakik.com\/?p=27180#primaryimage","url":"https:\/\/kibrisdakik.com\/wp-content\/uploads\/2024\/01\/kibrislilarin-istanbul-cikarmasi-1705728188.webp.webp","contentUrl":"https:\/\/kibrisdakik.com\/wp-content\/uploads\/2024\/01\/kibrislilarin-istanbul-cikarmasi-1705728188.webp.webp","width":710,"height":370},{"@type":"BreadcrumbList","@id":"https:\/\/kibrisdakik.com\/?p=27180#breadcrumb","itemListElement":[{"@type":"ListItem","position":1,"name":"Home","item":"https:\/\/kibrisdakik.com\/"},{"@type":"ListItem","position":2,"name":"K\u0131br\u0131sl\u0131lar\u0131n \u0130stanbul \u00e7\u0131karmas\u0131\u00a0"}]},{"@type":"WebSite","@id":"https:\/\/kibrisdakik.com\/#website","url":"https:\/\/kibrisdakik.com\/","name":"","description":"Tam vaktinde haber","potentialAction":[{"@type":"SearchAction","target":{"@type":"EntryPoint","urlTemplate":"https:\/\/kibrisdakik.com\/?s={search_term_string}"},"query-input":{"@type":"PropertyValueSpecification","valueRequired":true,"valueName":"search_term_string"}}],"inLanguage":"tr"},{"@type":"Person","@id":"https:\/\/kibrisdakik.com\/#\/schema\/person\/9cd9d437bbb44f72b73ba127e06d8e79","name":"admin","image":{"@type":"ImageObject","inLanguage":"tr","@id":"https:\/\/secure.gravatar.com\/avatar\/ccc17943b9d660506c869530f897617f7cb1c21a4bf30023f252596d83e1f007?s=96&d=mm&r=g","url":"https:\/\/secure.gravatar.com\/avatar\/ccc17943b9d660506c869530f897617f7cb1c21a4bf30023f252596d83e1f007?s=96&d=mm&r=g","contentUrl":"https:\/\/secure.gravatar.com\/avatar\/ccc17943b9d660506c869530f897617f7cb1c21a4bf30023f252596d83e1f007?s=96&d=mm&r=g","caption":"admin"},"sameAs":["https:\/\/kibrisdakik.com"],"url":"https:\/\/kibrisdakik.com\/?author=1"}]}},"_links":{"self":[{"href":"https:\/\/kibrisdakik.com\/index.php?rest_route=\/wp\/v2\/posts\/27180","targetHints":{"allow":["GET"]}}],"collection":[{"href":"https:\/\/kibrisdakik.com\/index.php?rest_route=\/wp\/v2\/posts"}],"about":[{"href":"https:\/\/kibrisdakik.com\/index.php?rest_route=\/wp\/v2\/types\/post"}],"author":[{"embeddable":true,"href":"https:\/\/kibrisdakik.com\/index.php?rest_route=\/wp\/v2\/users\/1"}],"replies":[{"embeddable":true,"href":"https:\/\/kibrisdakik.com\/index.php?rest_route=%2Fwp%2Fv2%2Fcomments&post=27180"}],"version-history":[{"count":0,"href":"https:\/\/kibrisdakik.com\/index.php?rest_route=\/wp\/v2\/posts\/27180\/revisions"}],"wp:featuredmedia":[{"embeddable":true,"href":"https:\/\/kibrisdakik.com\/index.php?rest_route=\/wp\/v2\/media\/27181"}],"wp:attachment":[{"href":"https:\/\/kibrisdakik.com\/index.php?rest_route=%2Fwp%2Fv2%2Fmedia&parent=27180"}],"wp:term":[{"taxonomy":"category","embeddable":true,"href":"https:\/\/kibrisdakik.com\/index.php?rest_route=%2Fwp%2Fv2%2Fcategories&post=27180"},{"taxonomy":"post_tag","embeddable":true,"href":"https:\/\/kibrisdakik.com\/index.php?rest_route=%2Fwp%2Fv2%2Ftags&post=27180"}],"curies":[{"name":"wp","href":"https:\/\/api.w.org\/{rel}","templated":true}]}}