{"id":27222,"date":"2024-01-20T11:47:58","date_gmt":"2024-01-20T11:47:58","guid":{"rendered":"https:\/\/kibrisdakik.com\/index.php\/2024\/01\/20\/erdogan-avrupali-turkleri-birlik-icinde-hareket-etmeye-cagirdi\/"},"modified":"2024-01-20T11:47:58","modified_gmt":"2024-01-20T11:47:58","slug":"erdogan-avrupali-turkleri-birlik-icinde-hareket-etmeye-cagirdi","status":"publish","type":"post","link":"https:\/\/kibrisdakik.com\/?p=27222","title":{"rendered":"Erdo\u011fan, Avrupal\u0131 T\u00fcrkleri birlik i\u00e7inde hareket etmeye \u00e7a\u011f\u0131rd\u0131"},"content":{"rendered":"<p><img decoding=\"async\" src=\"https:\/\/www.kibristurk.com\/images\/haberler\/2024\/01\/erdogan-avrupali-turkleri-birlik-icinde-hareket-etmeye-cagirdi-1705750639.webp\" \/><\/p>\n<p>Cumhurba\u015fkan\u0131 Erdo\u011fan, Uluslararas\u0131 Demokratlar Birli\u011fi Kongresi&#8217;ne g\u00f6nderdi\u011fi video mesajda, birlik y\u00f6neticilerini selamlarken, kendisine iletilen davet i\u00e7in te\u015fekk\u00fcr etti.<\/p>\n<p>Kongrenin, Uluslararas\u0131 Demokratlar Birli\u011fi ile temsilcileri i\u00e7in hay\u0131rlara vesile olmas\u0131n\u0131 temenni eden Erdo\u011fan, &#8220;Bu vesileyle Uluslararas\u0131 Demokratlar Birli\u011finin bug\u00fcnlere gelmesinde eme\u011fi ge\u00e7en herkese, y\u00f6neticilerinden b\u00f6lge ba\u015fkanlar\u0131m\u0131za kadar dava arkada\u015flar\u0131m\u0131z\u0131n her birine \u015f\u00fckranlar\u0131m\u0131 sunuyorum. Dar\u0131 bekaya u\u011furlad\u0131\u011f\u0131m\u0131z karde\u015flerimize Allah&#8217;tan rahmet diliyorum.&#8221; ifadelerini kulland\u0131.<\/p>\n<p><strong>&#8220;Son 20 y\u0131ld\u0131r oldu\u011fu gibi yine sizlerin yan\u0131n\u0131zda olmay\u0131 s\u00fcrd\u00fcrece\u011fiz&#8221;<\/strong><\/p>\n<p>Erdo\u011fan, tek genel ba\u015fkan aday\u0131 ve tek liste ile ger\u00e7ekle\u015ftirilen kongrenin, Uluslararas\u0131 Demokratlar Birli\u011fini daha da g\u00fc\u00e7lendirece\u011fine, insicam\u0131n\u0131 daha fazla artt\u0131raca\u011f\u0131na y\u00fcrekten inand\u0131\u011f\u0131n\u0131 ifade ederek, &#8220;Avrupa&#8217;da \u0130slam d\u00fc\u015fmanl\u0131\u011f\u0131ndan k\u00fclt\u00fcrel \u0131rk\u00e7\u0131l\u0131\u011fa pek \u00e7ok tehdidin t\u0131rmand\u0131\u011f\u0131 d\u00f6nemde birli\u011fimizin \u00f6ncelikli g\u00f6revi demokrasi ve hukuktan sapmadan, Avrupal\u0131 T\u00fcrklerin hakk\u0131n\u0131 ve \u00e7\u0131kar\u0131n\u0131 sonuna kadar savunmakt\u0131r.&#8221; diye konu\u015ftu.<\/p>\n<p>Bunun yolunun ise di\u011fer T\u00fcrk sivil toplum kurulu\u015flar\u0131yla birlikte, kanun ve nizam \u00e7er\u00e7evesinde, yeni medya ara\u00e7lar\u0131ndan da istifade ederek bu m\u00fccadeleyi kararl\u0131l\u0131kla y\u00fcr\u00fctmek oldu\u011funu aktaran Erdo\u011fan, &#8220;Sizlerden, bulundu\u011funuz \u00fclkenin siyasi, sosyal, ekonomik, k\u00fclt\u00fcrel ve bilimsel hayat\u0131na daha fazla kat\u0131l\u0131m sa\u011flaman\u0131z\u0131 bekliyoruz. \u015eunu hi\u00e7bir zaman unutmay\u0131n\u0131z; asimilasyona kar\u015f\u0131 en b\u00fcy\u00fck silah\u0131m\u0131z gelece\u011fimizin teminat\u0131 olan \u00e7ocuklar\u0131m\u0131za ana dillerini, k\u00fclt\u00fcrlerini ve medeniyet de\u011ferlerini \u00f6\u011fretmektir.&#8221; de\u011ferlendirmesinde bulundu.<\/p>\n<p>Cumhurba\u015fkan\u0131 Erdo\u011fan, Uluslararas\u0131 Demokratlar Birli\u011finin bu konuda gereken ad\u0131mlar\u0131 y\u0131lmadan atmay\u0131 s\u00fcrd\u00fcrece\u011finden \u015f\u00fcphe duymad\u0131\u011f\u0131n\u0131 belirterek, &#8220;\u0130n\u015fallah bu anlaml\u0131 ve \u00f6nemli m\u00fccadelenizde biz de son 20 y\u0131ld\u0131r oldu\u011fu gibi yine sizlerin yan\u0131n\u0131zda olmay\u0131 s\u00fcrd\u00fcrece\u011fiz. Rabbim yar ve yard\u0131mc\u0131m\u0131z olsun. Sizlerin \u015fahs\u0131nda ba\u015fta Avrupa&#8217;da olmak \u00fczere T\u00fcrkiye d\u0131\u015f\u0131nda ya\u015fayan t\u00fcm vatanda\u015flar\u0131m\u0131za sevgilerimi ve sayg\u0131lar\u0131m\u0131 sunuyorum. Kongrenizin tekrar hay\u0131rlara vesile olmas\u0131n\u0131 temenni ediyorum.&#8221; dedi.<\/p>\n","protected":false},"excerpt":{"rendered":"<p>Cumhurba\u015fkan\u0131 Erdo\u011fan, Uluslararas\u0131 Demokratlar Birli\u011fi Kongresi&#8217;ne g\u00f6nderdi\u011fi video mesajda, birlik y\u00f6neticilerini selamlarken, kendisine iletilen davet i\u00e7in te\u015fekk\u00fcr etti. Kongrenin, Uluslararas\u0131 Demokratlar Birli\u011fi ile temsilcileri i\u00e7in hay\u0131rlara vesile olmas\u0131n\u0131 temenni eden Erdo\u011fan, &#8220;Bu vesileyle Uluslararas\u0131 Demokratlar Birli\u011finin bug\u00fcnlere gelmesinde eme\u011fi ge\u00e7en herkese, y\u00f6neticilerinden b\u00f6lge ba\u015fkanlar\u0131m\u0131za kadar dava arkada\u015flar\u0131m\u0131z\u0131n her birine \u015f\u00fckranlar\u0131m\u0131 sunuyorum. Dar\u0131 bekaya u\u011furlad\u0131\u011f\u0131m\u0131z karde\u015flerimize<\/p>\n","protected":false},"author":1,"featured_media":27223,"comment_status":"open","ping_status":"open","sticky":false,"template":"","format":"standard","meta":{"footnotes":""},"categories":[79],"tags":[],"class_list":["post-27222","post","type-post","status-publish","format-standard","has-post-thumbnail","hentry","category-ekonomi"],"yoast_head":"<!-- This site is optimized with the Yoast SEO plugin v27.5 - https:\/\/yoast.com\/product\/yoast-seo-wordpress\/ -->\n<title>Erdo\u011fan, Avrupal\u0131 T\u00fcrkleri birlik i\u00e7inde hareket etmeye \u00e7a\u011f\u0131rd\u0131 -<\/title>\n<meta name=\"robots\" content=\"index, follow, max-snippet:-1, max-image-preview:large, max-video-preview:-1\" \/>\n<link rel=\"canonical\" href=\"https:\/\/kibrisdakik.com\/?p=27222\" \/>\n<meta property=\"og:locale\" content=\"tr_TR\" \/>\n<meta property=\"og:type\" content=\"article\" \/>\n<meta property=\"og:title\" content=\"Erdo\u011fan, Avrupal\u0131 T\u00fcrkleri birlik i\u00e7inde hareket etmeye \u00e7a\u011f\u0131rd\u0131 -\" \/>\n<meta property=\"og:description\" content=\"Cumhurba\u015fkan\u0131 Erdo\u011fan, Uluslararas\u0131 Demokratlar Birli\u011fi Kongresi&#8217;ne g\u00f6nderdi\u011fi video mesajda, birlik y\u00f6neticilerini selamlarken, kendisine iletilen davet i\u00e7in te\u015fekk\u00fcr etti. Kongrenin, Uluslararas\u0131 Demokratlar Birli\u011fi ile temsilcileri i\u00e7in hay\u0131rlara vesile olmas\u0131n\u0131 temenni eden Erdo\u011fan, &#8220;Bu vesileyle Uluslararas\u0131 Demokratlar Birli\u011finin bug\u00fcnlere gelmesinde eme\u011fi ge\u00e7en herkese, y\u00f6neticilerinden b\u00f6lge ba\u015fkanlar\u0131m\u0131za kadar dava arkada\u015flar\u0131m\u0131z\u0131n her birine \u015f\u00fckranlar\u0131m\u0131 sunuyorum. Dar\u0131 bekaya u\u011furlad\u0131\u011f\u0131m\u0131z karde\u015flerimize\" \/>\n<meta property=\"og:url\" content=\"https:\/\/kibrisdakik.com\/?p=27222\" \/>\n<meta property=\"article:published_time\" content=\"2024-01-20T11:47:58+00:00\" \/>\n<meta property=\"og:image\" content=\"https:\/\/kibrisdakik.com\/wp-content\/uploads\/2024\/01\/erdogan-avrupali-turkleri-birlik-icinde-hareket-etmeye-cagirdi-1705750639.webp.webp\" \/>\n\t<meta property=\"og:image:width\" content=\"710\" \/>\n\t<meta property=\"og:image:height\" content=\"370\" \/>\n\t<meta property=\"og:image:type\" content=\"image\/webp\" \/>\n<meta name=\"author\" content=\"admin\" \/>\n<meta name=\"twitter:card\" content=\"summary_large_image\" \/>\n<meta name=\"twitter:label1\" content=\"Yazan:\" \/>\n\t<meta name=\"twitter:data1\" content=\"admin\" \/>\n\t<meta name=\"twitter:label2\" content=\"Tahmini okuma s\u00fcresi\" \/>\n\t<meta name=\"twitter:data2\" content=\"2 dakika\" \/>\n<script type=\"application\/ld+json\" class=\"yoast-schema-graph\">{\"@context\":\"https:\\\/\\\/schema.org\",\"@graph\":[{\"@type\":\"Article\",\"@id\":\"https:\\\/\\\/kibrisdakik.com\\\/?p=27222#article\",\"isPartOf\":{\"@id\":\"https:\\\/\\\/kibrisdakik.com\\\/?p=27222\"},\"author\":{\"name\":\"admin\",\"@id\":\"https:\\\/\\\/kibrisdakik.com\\\/#\\\/schema\\\/person\\\/9cd9d437bbb44f72b73ba127e06d8e79\"},\"headline\":\"Erdo\u011fan, Avrupal\u0131 T\u00fcrkleri birlik i\u00e7inde hareket etmeye \u00e7a\u011f\u0131rd\u0131\",\"datePublished\":\"2024-01-20T11:47:58+00:00\",\"mainEntityOfPage\":{\"@id\":\"https:\\\/\\\/kibrisdakik.com\\\/?p=27222\"},\"wordCount\":394,\"commentCount\":0,\"image\":{\"@id\":\"https:\\\/\\\/kibrisdakik.com\\\/?p=27222#primaryimage\"},\"thumbnailUrl\":\"https:\\\/\\\/kibrisdakik.com\\\/wp-content\\\/uploads\\\/2024\\\/01\\\/erdogan-avrupali-turkleri-birlik-icinde-hareket-etmeye-cagirdi-1705750639.webp.webp\",\"articleSection\":[\"Ekonomi\"],\"inLanguage\":\"tr\",\"potentialAction\":[{\"@type\":\"CommentAction\",\"name\":\"Comment\",\"target\":[\"https:\\\/\\\/kibrisdakik.com\\\/?p=27222#respond\"]}]},{\"@type\":\"WebPage\",\"@id\":\"https:\\\/\\\/kibrisdakik.com\\\/?p=27222\",\"url\":\"https:\\\/\\\/kibrisdakik.com\\\/?p=27222\",\"name\":\"Erdo\u011fan, Avrupal\u0131 T\u00fcrkleri birlik i\u00e7inde hareket etmeye \u00e7a\u011f\u0131rd\u0131 -\",\"isPartOf\":{\"@id\":\"https:\\\/\\\/kibrisdakik.com\\\/#website\"},\"primaryImageOfPage\":{\"@id\":\"https:\\\/\\\/kibrisdakik.com\\\/?p=27222#primaryimage\"},\"image\":{\"@id\":\"https:\\\/\\\/kibrisdakik.com\\\/?p=27222#primaryimage\"},\"thumbnailUrl\":\"https:\\\/\\\/kibrisdakik.com\\\/wp-content\\\/uploads\\\/2024\\\/01\\\/erdogan-avrupali-turkleri-birlik-icinde-hareket-etmeye-cagirdi-1705750639.webp.webp\",\"datePublished\":\"2024-01-20T11:47:58+00:00\",\"author\":{\"@id\":\"https:\\\/\\\/kibrisdakik.com\\\/#\\\/schema\\\/person\\\/9cd9d437bbb44f72b73ba127e06d8e79\"},\"breadcrumb\":{\"@id\":\"https:\\\/\\\/kibrisdakik.com\\\/?p=27222#breadcrumb\"},\"inLanguage\":\"tr\",\"potentialAction\":[{\"@type\":\"ReadAction\",\"target\":[\"https:\\\/\\\/kibrisdakik.com\\\/?p=27222\"]}]},{\"@type\":\"ImageObject\",\"inLanguage\":\"tr\",\"@id\":\"https:\\\/\\\/kibrisdakik.com\\\/?p=27222#primaryimage\",\"url\":\"https:\\\/\\\/kibrisdakik.com\\\/wp-content\\\/uploads\\\/2024\\\/01\\\/erdogan-avrupali-turkleri-birlik-icinde-hareket-etmeye-cagirdi-1705750639.webp.webp\",\"contentUrl\":\"https:\\\/\\\/kibrisdakik.com\\\/wp-content\\\/uploads\\\/2024\\\/01\\\/erdogan-avrupali-turkleri-birlik-icinde-hareket-etmeye-cagirdi-1705750639.webp.webp\",\"width\":710,\"height\":370},{\"@type\":\"BreadcrumbList\",\"@id\":\"https:\\\/\\\/kibrisdakik.com\\\/?p=27222#breadcrumb\",\"itemListElement\":[{\"@type\":\"ListItem\",\"position\":1,\"name\":\"Home\",\"item\":\"https:\\\/\\\/kibrisdakik.com\\\/\"},{\"@type\":\"ListItem\",\"position\":2,\"name\":\"Erdo\u011fan, Avrupal\u0131 T\u00fcrkleri birlik i\u00e7inde hareket etmeye \u00e7a\u011f\u0131rd\u0131\"}]},{\"@type\":\"WebSite\",\"@id\":\"https:\\\/\\\/kibrisdakik.com\\\/#website\",\"url\":\"https:\\\/\\\/kibrisdakik.com\\\/\",\"name\":\"\",\"description\":\"Tam vaktinde haber\",\"potentialAction\":[{\"@type\":\"SearchAction\",\"target\":{\"@type\":\"EntryPoint\",\"urlTemplate\":\"https:\\\/\\\/kibrisdakik.com\\\/?s={search_term_string}\"},\"query-input\":{\"@type\":\"PropertyValueSpecification\",\"valueRequired\":true,\"valueName\":\"search_term_string\"}}],\"inLanguage\":\"tr\"},{\"@type\":\"Person\",\"@id\":\"https:\\\/\\\/kibrisdakik.com\\\/#\\\/schema\\\/person\\\/9cd9d437bbb44f72b73ba127e06d8e79\",\"name\":\"admin\",\"image\":{\"@type\":\"ImageObject\",\"inLanguage\":\"tr\",\"@id\":\"https:\\\/\\\/secure.gravatar.com\\\/avatar\\\/ccc17943b9d660506c869530f897617f7cb1c21a4bf30023f252596d83e1f007?s=96&d=mm&r=g\",\"url\":\"https:\\\/\\\/secure.gravatar.com\\\/avatar\\\/ccc17943b9d660506c869530f897617f7cb1c21a4bf30023f252596d83e1f007?s=96&d=mm&r=g\",\"contentUrl\":\"https:\\\/\\\/secure.gravatar.com\\\/avatar\\\/ccc17943b9d660506c869530f897617f7cb1c21a4bf30023f252596d83e1f007?s=96&d=mm&r=g\",\"caption\":\"admin\"},\"sameAs\":[\"https:\\\/\\\/kibrisdakik.com\"],\"url\":\"https:\\\/\\\/kibrisdakik.com\\\/?author=1\"}]}<\/script>\n<!-- \/ Yoast SEO plugin. -->","yoast_head_json":{"title":"Erdo\u011fan, Avrupal\u0131 T\u00fcrkleri birlik i\u00e7inde hareket etmeye \u00e7a\u011f\u0131rd\u0131 -","robots":{"index":"index","follow":"follow","max-snippet":"max-snippet:-1","max-image-preview":"max-image-preview:large","max-video-preview":"max-video-preview:-1"},"canonical":"https:\/\/kibrisdakik.com\/?p=27222","og_locale":"tr_TR","og_type":"article","og_title":"Erdo\u011fan, Avrupal\u0131 T\u00fcrkleri birlik i\u00e7inde hareket etmeye \u00e7a\u011f\u0131rd\u0131 -","og_description":"Cumhurba\u015fkan\u0131 Erdo\u011fan, Uluslararas\u0131 Demokratlar Birli\u011fi Kongresi&#8217;ne g\u00f6nderdi\u011fi video mesajda, birlik y\u00f6neticilerini selamlarken, kendisine iletilen davet i\u00e7in te\u015fekk\u00fcr etti. Kongrenin, Uluslararas\u0131 Demokratlar Birli\u011fi ile temsilcileri i\u00e7in hay\u0131rlara vesile olmas\u0131n\u0131 temenni eden Erdo\u011fan, &#8220;Bu vesileyle Uluslararas\u0131 Demokratlar Birli\u011finin bug\u00fcnlere gelmesinde eme\u011fi ge\u00e7en herkese, y\u00f6neticilerinden b\u00f6lge ba\u015fkanlar\u0131m\u0131za kadar dava arkada\u015flar\u0131m\u0131z\u0131n her birine \u015f\u00fckranlar\u0131m\u0131 sunuyorum. Dar\u0131 bekaya u\u011furlad\u0131\u011f\u0131m\u0131z karde\u015flerimize","og_url":"https:\/\/kibrisdakik.com\/?p=27222","article_published_time":"2024-01-20T11:47:58+00:00","og_image":[{"width":710,"height":370,"url":"https:\/\/kibrisdakik.com\/wp-content\/uploads\/2024\/01\/erdogan-avrupali-turkleri-birlik-icinde-hareket-etmeye-cagirdi-1705750639.webp.webp","type":"image\/webp"}],"author":"admin","twitter_card":"summary_large_image","twitter_misc":{"Yazan:":"admin","Tahmini okuma s\u00fcresi":"2 dakika"},"schema":{"@context":"https:\/\/schema.org","@graph":[{"@type":"Article","@id":"https:\/\/kibrisdakik.com\/?p=27222#article","isPartOf":{"@id":"https:\/\/kibrisdakik.com\/?p=27222"},"author":{"name":"admin","@id":"https:\/\/kibrisdakik.com\/#\/schema\/person\/9cd9d437bbb44f72b73ba127e06d8e79"},"headline":"Erdo\u011fan, Avrupal\u0131 T\u00fcrkleri birlik i\u00e7inde hareket etmeye \u00e7a\u011f\u0131rd\u0131","datePublished":"2024-01-20T11:47:58+00:00","mainEntityOfPage":{"@id":"https:\/\/kibrisdakik.com\/?p=27222"},"wordCount":394,"commentCount":0,"image":{"@id":"https:\/\/kibrisdakik.com\/?p=27222#primaryimage"},"thumbnailUrl":"https:\/\/kibrisdakik.com\/wp-content\/uploads\/2024\/01\/erdogan-avrupali-turkleri-birlik-icinde-hareket-etmeye-cagirdi-1705750639.webp.webp","articleSection":["Ekonomi"],"inLanguage":"tr","potentialAction":[{"@type":"CommentAction","name":"Comment","target":["https:\/\/kibrisdakik.com\/?p=27222#respond"]}]},{"@type":"WebPage","@id":"https:\/\/kibrisdakik.com\/?p=27222","url":"https:\/\/kibrisdakik.com\/?p=27222","name":"Erdo\u011fan, Avrupal\u0131 T\u00fcrkleri birlik i\u00e7inde hareket etmeye \u00e7a\u011f\u0131rd\u0131 -","isPartOf":{"@id":"https:\/\/kibrisdakik.com\/#website"},"primaryImageOfPage":{"@id":"https:\/\/kibrisdakik.com\/?p=27222#primaryimage"},"image":{"@id":"https:\/\/kibrisdakik.com\/?p=27222#primaryimage"},"thumbnailUrl":"https:\/\/kibrisdakik.com\/wp-content\/uploads\/2024\/01\/erdogan-avrupali-turkleri-birlik-icinde-hareket-etmeye-cagirdi-1705750639.webp.webp","datePublished":"2024-01-20T11:47:58+00:00","author":{"@id":"https:\/\/kibrisdakik.com\/#\/schema\/person\/9cd9d437bbb44f72b73ba127e06d8e79"},"breadcrumb":{"@id":"https:\/\/kibrisdakik.com\/?p=27222#breadcrumb"},"inLanguage":"tr","potentialAction":[{"@type":"ReadAction","target":["https:\/\/kibrisdakik.com\/?p=27222"]}]},{"@type":"ImageObject","inLanguage":"tr","@id":"https:\/\/kibrisdakik.com\/?p=27222#primaryimage","url":"https:\/\/kibrisdakik.com\/wp-content\/uploads\/2024\/01\/erdogan-avrupali-turkleri-birlik-icinde-hareket-etmeye-cagirdi-1705750639.webp.webp","contentUrl":"https:\/\/kibrisdakik.com\/wp-content\/uploads\/2024\/01\/erdogan-avrupali-turkleri-birlik-icinde-hareket-etmeye-cagirdi-1705750639.webp.webp","width":710,"height":370},{"@type":"BreadcrumbList","@id":"https:\/\/kibrisdakik.com\/?p=27222#breadcrumb","itemListElement":[{"@type":"ListItem","position":1,"name":"Home","item":"https:\/\/kibrisdakik.com\/"},{"@type":"ListItem","position":2,"name":"Erdo\u011fan, Avrupal\u0131 T\u00fcrkleri birlik i\u00e7inde hareket etmeye \u00e7a\u011f\u0131rd\u0131"}]},{"@type":"WebSite","@id":"https:\/\/kibrisdakik.com\/#website","url":"https:\/\/kibrisdakik.com\/","name":"","description":"Tam vaktinde haber","potentialAction":[{"@type":"SearchAction","target":{"@type":"EntryPoint","urlTemplate":"https:\/\/kibrisdakik.com\/?s={search_term_string}"},"query-input":{"@type":"PropertyValueSpecification","valueRequired":true,"valueName":"search_term_string"}}],"inLanguage":"tr"},{"@type":"Person","@id":"https:\/\/kibrisdakik.com\/#\/schema\/person\/9cd9d437bbb44f72b73ba127e06d8e79","name":"admin","image":{"@type":"ImageObject","inLanguage":"tr","@id":"https:\/\/secure.gravatar.com\/avatar\/ccc17943b9d660506c869530f897617f7cb1c21a4bf30023f252596d83e1f007?s=96&d=mm&r=g","url":"https:\/\/secure.gravatar.com\/avatar\/ccc17943b9d660506c869530f897617f7cb1c21a4bf30023f252596d83e1f007?s=96&d=mm&r=g","contentUrl":"https:\/\/secure.gravatar.com\/avatar\/ccc17943b9d660506c869530f897617f7cb1c21a4bf30023f252596d83e1f007?s=96&d=mm&r=g","caption":"admin"},"sameAs":["https:\/\/kibrisdakik.com"],"url":"https:\/\/kibrisdakik.com\/?author=1"}]}},"_links":{"self":[{"href":"https:\/\/kibrisdakik.com\/index.php?rest_route=\/wp\/v2\/posts\/27222","targetHints":{"allow":["GET"]}}],"collection":[{"href":"https:\/\/kibrisdakik.com\/index.php?rest_route=\/wp\/v2\/posts"}],"about":[{"href":"https:\/\/kibrisdakik.com\/index.php?rest_route=\/wp\/v2\/types\/post"}],"author":[{"embeddable":true,"href":"https:\/\/kibrisdakik.com\/index.php?rest_route=\/wp\/v2\/users\/1"}],"replies":[{"embeddable":true,"href":"https:\/\/kibrisdakik.com\/index.php?rest_route=%2Fwp%2Fv2%2Fcomments&post=27222"}],"version-history":[{"count":0,"href":"https:\/\/kibrisdakik.com\/index.php?rest_route=\/wp\/v2\/posts\/27222\/revisions"}],"wp:featuredmedia":[{"embeddable":true,"href":"https:\/\/kibrisdakik.com\/index.php?rest_route=\/wp\/v2\/media\/27223"}],"wp:attachment":[{"href":"https:\/\/kibrisdakik.com\/index.php?rest_route=%2Fwp%2Fv2%2Fmedia&parent=27222"}],"wp:term":[{"taxonomy":"category","embeddable":true,"href":"https:\/\/kibrisdakik.com\/index.php?rest_route=%2Fwp%2Fv2%2Fcategories&post=27222"},{"taxonomy":"post_tag","embeddable":true,"href":"https:\/\/kibrisdakik.com\/index.php?rest_route=%2Fwp%2Fv2%2Ftags&post=27222"}],"curies":[{"name":"wp","href":"https:\/\/api.w.org\/{rel}","templated":true}]}}