{"id":27242,"date":"2024-01-20T14:46:19","date_gmt":"2024-01-20T14:46:19","guid":{"rendered":"https:\/\/kibrisdakik.com\/index.php\/2024\/01\/20\/guneydeki-asgari-ucretli-111-kg-et-alirken-kuzeydeki-ancak-34-kg-et-alabiliyor-hatta-kuzeydeki-asgari-ucretli-guneyde-bile-84-kg-et-alabiliyor\/"},"modified":"2024-01-20T14:46:19","modified_gmt":"2024-01-20T14:46:19","slug":"guneydeki-asgari-ucretli-111-kg-et-alirken-kuzeydeki-ancak-34-kg-et-alabiliyor-hatta-kuzeydeki-asgari-ucretli-guneyde-bile-84-kg-et-alabiliyor","status":"publish","type":"post","link":"https:\/\/kibrisdakik.com\/?p=27242","title":{"rendered":"\u201cG\u00dcNEYDEK\u0130 ASGAR\u0130 \u00dcCRETL\u0130 111 KG ET ALIRKEN, KUZEYDEK\u0130 ANCAK 34 KG ET ALAB\u0130L\u0130YOR. HATTA KUZEYDEK\u0130 ASGAR\u0130 \u00dcCRETL\u0130 G\u00dcNEYDE B\u0130LE 84 KG ET ALAB\u0130L\u0130YOR\u201d"},"content":{"rendered":"<p><img decoding=\"async\" src=\"https:\/\/www.kibristurk.com\/images\/haberler\/2024\/01\/guneydeki-asgari-ucretli-111-kg-et-alirken-kuzeydeki-ancak-34-kg-et-alabiliyor-hatta-kuzeydeki-asgari-ucretli-guneyde-bile-84-kg-et-alabiliyor-1705760741.webp\" \/><\/p>\n<p>\u00d6zkunt: \u201cMuhalefetiz ve sadece ele\u015ftiririz\u201d demiyoruz, \u00f6neri ve fikir \u00fcretip sunuyoruz<br \/>\nMay\u0131s TV\u2019de yay\u0131nlanan May\u0131s Man\u015fet program\u0131nda Meltem Sakin\u2019in sorular\u0131n\u0131 yan\u0131tlayan \u00d6zkunt, enflasyon oran\u0131 a\u00e7\u0131klan\u0131p asgari \u00fccret a\u00e7\u0131kland\u0131ktan sonra, \u201cal\u0131m g\u00fcc\u00fcn\u00fcn korunmas\u0131 i\u00e7in etkin denetim yap\u0131lmas\u0131\u201d ve \u201casgari \u00fccretin, komisyon toplant\u0131lar\u0131na gerek kalmadan, enflasyon oran\u0131na g\u00f6re otomatik olarak g\u00fcncellenmesi\u201d konusunda \u00f6nerilerde bulunduklar\u0131 bir a\u00e7\u0131klama yapt\u0131klar\u0131n\u0131 hat\u0131rlatt\u0131.<\/p>\n<p>Ekonomi Bakan\u0131 Olgun Amcao\u011flu\u2019nun, \u201c24 ki\u015filik kadroyla etkin denetim yapamam\u201d dedi\u011fini de hat\u0131rlatan \u00d6zkunt, pahal\u0131l\u0131\u011f\u0131n denetlenmeyece\u011fi ve bu konuda bir ad\u0131m at\u0131lmayaca\u011f\u0131 konusunda neredeyse emin olduklar\u0131n\u0131 kaydetti.<\/p>\n<p>\u00d6zkunt, \u201cHalk-Market\u2019ler kurulmas\u0131n\u0131 da \u00f6nerdik. Direkt \u00fcreticiden al\u0131m yap\u0131larak \u00fcr\u00fcnlerin sat\u0131\u015fa sunulmas\u0131n\u0131n m\u00fcmk\u00fcn oldu\u011funu s\u00f6yledik. Yani \u2018muhalefetiz ve sadece ele\u015ftiririz\u2019 demiyoruz, \u00f6neri ve fikir \u00fcretip sunuyoruz\u201d dedi.<\/p>\n<p>\u201cG\u00fcneydeki asgari \u00fccretli 111 kg et al\u0131rken, kuzeydeki ancak 34 kg et alabiliyor\u201d<\/p>\n<p>Canl\u0131 hayvan\u0131n \u00fcreticiden kilo al\u0131m fiyat\u0131n\u0131n 200 TL oldu\u011funu, bu rakam\u0131n \u00fczerine 3 kat\u0131 k\u00e2r marj\u0131 ekleyip sat\u0131\u015fa sunulmas\u0131n\u0131n vicdan s\u0131n\u0131rlar\u0131n\u0131 a\u015ft\u0131\u011f\u0131n\u0131 kaydeden \u00d6zkunt, \u201cBir m\u00fcddet et almay\u0131n\u201d \u00e7a\u011fr\u0131s\u0131n\u0131 yineledi.<\/p>\n<p>\u00d6zkunt, \u201cAsgari \u00fccret bug\u00fcnk\u00fc kurdan 720 euro ediyor, bununla da ancak 34 kilo et al\u0131nabiliyor. G\u00fcneyde asgari \u00fccret ortalama bin euro ve etin kilosu da 9 euro. Yani g\u00fcneydeki asgari \u00fccretli 111 kilo et al\u0131yor. Bizim asgari \u00fccretlimiz bile g\u00fcneyden et al\u0131rsa 84 kilo alabiliyor. Yani oradaki para birimi euro olmas\u0131na ra\u011fmen, kuzeyden daha ucuza et alabiliyor. \u00c7ok ciddi bir e\u015fitsizlik ve al\u0131m g\u00fcc\u00fc fark\u0131 var kuzey ve g\u00fcney aras\u0131nda\u201d dedi.<\/p>\n<p>\u201cH\u00fck\u00fcmet bir \u2018menfaat \u00e7etesi\u2019 g\u00f6r\u00fcnt\u00fcs\u00fcnden ileri gitmiyor\u201d&nbsp;<\/p>\n<p>Piyasan\u0131n rehabilite edilmesinin ve denetlenmesinin \u015fart oldu\u011funu ancak bu denetleme mekanizmas\u0131n\u0131n h\u00fck\u00fcmet taraf\u0131ndan devreye sokulaca\u011f\u0131n\u0131 beklemediklerini belirten \u00d6zkunt, fiyat kar\u015f\u0131la\u015ft\u0131rmalar\u0131 yaparak durumu if\u015fa etmeye ve \u00e7\u00f6z\u00fcm \u00f6nerileri sunmaya da devam edeceklerini kaydetti.<\/p>\n<p>\u00d6zkunt, \u201cB\u00fct\u00fcn muhalefet partileri ve sendikalar da bu durumu ele\u015ftiriyor ancak h\u00fck\u00fcmet bu konuda bir \u2018menfaat \u00e7etesi\u2019 g\u00f6r\u00fcnt\u00fcs\u00fcnden ileri gitmiyor\u201d ifadelerini kulland\u0131.<\/p>\n<p>\u201c50-60 bin TL\u2019lik maa\u015flara kadar vergi muafiyeti olmal\u0131\u201d<\/p>\n<p>Atama Cumhurba\u015fkan\u0131 Ersin Tatar\u2019\u0131n maa\u015f\u0131n\u0131n 150 bin TL, milletvekilleri maa\u015flar\u0131n\u0131n ise 130 bin TL oldu\u011funun hat\u0131rlat\u0131lmas\u0131 \u00fczerine de; bu u\u00e7urumun kabul edilemez boyuta geldi\u011fini, \u00e7al\u0131\u015fan kesimin 24 bin TL ile ge\u00e7inmeye mahkum edildi\u011fini belirtti.<\/p>\n<p>Vergi dilimlerinde sendikalar\u0131n m\u00fccadelesi sonras\u0131 bir de\u011fi\u015fiklik yap\u0131ld\u0131\u011f\u0131n\u0131 ancak bunun ne kadar etkili olaca\u011f\u0131n\u0131n tart\u0131\u015fmal\u0131 oldu\u011funu s\u00f6yleyen \u00d6zkunt, g\u00fcneyde bin 500 euroya kadar olan maa\u015flar\u0131n vergiden muaf oldu\u011funu hat\u0131rlatt\u0131.<\/p>\n<p>\u00d6zkunt, \u201cKuzeyde ise sadece asgari \u00fccrete kadar olan maa\u015flar\u0131n vergiden muaf olmas\u0131 yeterli de\u011fildir. En az\u0131ndan 50-60 bin TL\u2019lik maa\u015flara kadar vergi muafiyeti olmal\u0131. O zaman \u00fcst kademe maa\u015flar\u0131ndaki art\u0131\u015f oran\u0131yla, emek\u00e7i kesimin aras\u0131ndaki maa\u015f u\u00e7urumu bir nebze kapat\u0131labilir\u201d dedi.<\/p>\n<p>\u201cTopluma bu kadar ihanet eden bir h\u00fck\u00fcmete art\u0131k kimsenin oy vermemesi gerekir\u201d<\/p>\n<p>\u00d6zkunt, UBP\u2019nin yeni parti binas\u0131n\u0131n temellerinin at\u0131laca\u011f\u0131 haberleri \u00fczerine de de\u011ferlendirmelerde bulunarak, geminin batt\u0131\u011f\u0131n\u0131 ancak alg\u0131n\u0131n bu y\u00f6nde olmamas\u0131 i\u00e7in bu t\u00fcr giri\u015fimler yap\u0131ld\u0131\u011f\u0131n\u0131, UBP\u2019nin de bununla \u00f6v\u00fcnd\u00fc\u011f\u00fcn\u00fc dile getirdi.<\/p>\n<p>\u201cK\u00fclliye de dahil toplumun g\u00f6z\u00fcn\u00fcn i\u00e7ine baka baka yap\u0131lan t\u00fcm gereksiz yat\u0131r\u0131mlar, topluma yap\u0131lan en b\u00fcy\u00fck ihanettir\u201d diyen \u00d6zkunt, oy veren ki\u015filerin de art\u0131k yurtta\u015fl\u0131k bilinciyle oy vermeleri gerekti\u011fini belirtti.<\/p>\n<p>\u00d6zkunt, \u201cLa\u011f\u0131m sular\u0131 denize akarken, da\u011flar\u0131m\u0131z ta\u015f ocaklar\u0131 taraf\u0131ndan oyulurken, r\u00fc\u015fvet ortada kol gezinirken, toplum bireylerinin de ahbap-\u00e7avu\u015f ili\u015fkileri i\u00e7inde oy vermeleri, bu d\u00fczenin daha da yerle\u015fmesine sebep oluyor. Topluma bu kadar ihanet eden bir h\u00fck\u00fcmete art\u0131k kimsenin oy vermemesi gerekir\u201d dedi.<br \/>\n&nbsp;<\/p>\n","protected":false},"excerpt":{"rendered":"<p>\u00d6zkunt: \u201cMuhalefetiz ve sadece ele\u015ftiririz\u201d demiyoruz, \u00f6neri ve fikir \u00fcretip sunuyoruz May\u0131s TV\u2019de yay\u0131nlanan May\u0131s Man\u015fet program\u0131nda Meltem Sakin\u2019in sorular\u0131n\u0131 yan\u0131tlayan \u00d6zkunt, enflasyon oran\u0131 a\u00e7\u0131klan\u0131p asgari \u00fccret a\u00e7\u0131kland\u0131ktan sonra, \u201cal\u0131m g\u00fcc\u00fcn\u00fcn korunmas\u0131 i\u00e7in etkin denetim yap\u0131lmas\u0131\u201d ve \u201casgari \u00fccretin, komisyon toplant\u0131lar\u0131na gerek kalmadan, enflasyon oran\u0131na g\u00f6re otomatik olarak g\u00fcncellenmesi\u201d konusunda \u00f6nerilerde bulunduklar\u0131 bir a\u00e7\u0131klama yapt\u0131klar\u0131n\u0131<\/p>\n","protected":false},"author":1,"featured_media":27243,"comment_status":"open","ping_status":"open","sticky":false,"template":"","format":"standard","meta":{"footnotes":""},"categories":[85],"tags":[],"class_list":["post-27242","post","type-post","status-publish","format-standard","has-post-thumbnail","hentry","category-spor"],"yoast_head":"<!-- This site is optimized with the Yoast SEO plugin v28.3 - https:\/\/yoast.com\/product\/yoast-seo-wordpress\/ -->\n<title>\u201cG\u00dcNEYDEK\u0130 ASGAR\u0130 \u00dcCRETL\u0130 111 KG ET ALIRKEN, KUZEYDEK\u0130 ANCAK 34 KG ET ALAB\u0130L\u0130YOR. HATTA KUZEYDEK\u0130 ASGAR\u0130 \u00dcCRETL\u0130 G\u00dcNEYDE B\u0130LE 84 KG ET ALAB\u0130L\u0130YOR\u201d -<\/title>\n<meta name=\"robots\" content=\"index, follow, max-snippet:-1, max-image-preview:large, max-video-preview:-1\" \/>\n<link rel=\"canonical\" href=\"https:\/\/kibrisdakik.com\/?p=27242\" \/>\n<meta property=\"og:locale\" content=\"tr_TR\" \/>\n<meta property=\"og:type\" content=\"article\" \/>\n<meta property=\"og:title\" content=\"\u201cG\u00dcNEYDEK\u0130 ASGAR\u0130 \u00dcCRETL\u0130 111 KG ET ALIRKEN, KUZEYDEK\u0130 ANCAK 34 KG ET ALAB\u0130L\u0130YOR. HATTA KUZEYDEK\u0130 ASGAR\u0130 \u00dcCRETL\u0130 G\u00dcNEYDE B\u0130LE 84 KG ET ALAB\u0130L\u0130YOR\u201d -\" \/>\n<meta property=\"og:description\" content=\"\u00d6zkunt: \u201cMuhalefetiz ve sadece ele\u015ftiririz\u201d demiyoruz, \u00f6neri ve fikir \u00fcretip sunuyoruz May\u0131s TV\u2019de yay\u0131nlanan May\u0131s Man\u015fet program\u0131nda Meltem Sakin\u2019in sorular\u0131n\u0131 yan\u0131tlayan \u00d6zkunt, enflasyon oran\u0131 a\u00e7\u0131klan\u0131p asgari \u00fccret a\u00e7\u0131kland\u0131ktan sonra, \u201cal\u0131m g\u00fcc\u00fcn\u00fcn korunmas\u0131 i\u00e7in etkin denetim yap\u0131lmas\u0131\u201d ve \u201casgari \u00fccretin, komisyon toplant\u0131lar\u0131na gerek kalmadan, enflasyon oran\u0131na g\u00f6re otomatik olarak g\u00fcncellenmesi\u201d konusunda \u00f6nerilerde bulunduklar\u0131 bir a\u00e7\u0131klama yapt\u0131klar\u0131n\u0131\" \/>\n<meta property=\"og:url\" content=\"https:\/\/kibrisdakik.com\/?p=27242\" \/>\n<meta property=\"article:published_time\" content=\"2024-01-20T14:46:19+00:00\" \/>\n<meta property=\"og:image\" content=\"https:\/\/kibrisdakik.com\/wp-content\/uploads\/2024\/01\/guneydeki-asgari-ucretli-111-kg-et-alirken-kuzeydeki-ancak-34-kg-et-alabiliyor-hatta-kuzeydeki-asgari-ucretli-guneyde-bile-84-kg-et-alabiliyor-1705760741.webp.webp\" \/>\n\t<meta property=\"og:image:width\" content=\"710\" \/>\n\t<meta property=\"og:image:height\" content=\"370\" \/>\n\t<meta property=\"og:image:type\" content=\"image\/webp\" \/>\n<meta name=\"author\" content=\"admin\" \/>\n<meta name=\"twitter:card\" content=\"summary_large_image\" \/>\n<meta name=\"twitter:label1\" content=\"Yazan:\" \/>\n\t<meta name=\"twitter:data1\" content=\"admin\" \/>\n\t<meta name=\"twitter:label2\" content=\"Tahmini okuma s\u00fcresi\" \/>\n\t<meta name=\"twitter:data2\" content=\"4 dakika\" \/>\n<script type=\"application\/ld+json\" class=\"yoast-schema-graph\">{\"@context\":\"https:\\\/\\\/schema.org\",\"@graph\":[{\"@type\":\"Article\",\"@id\":\"https:\\\/\\\/kibrisdakik.com\\\/?p=27242#article\",\"isPartOf\":{\"@id\":\"https:\\\/\\\/kibrisdakik.com\\\/?p=27242\"},\"author\":{\"name\":\"admin\",\"@id\":\"https:\\\/\\\/kibrisdakik.com\\\/#\\\/schema\\\/person\\\/9cd9d437bbb44f72b73ba127e06d8e79\"},\"headline\":\"\u201cG\u00dcNEYDEK\u0130 ASGAR\u0130 \u00dcCRETL\u0130 111 KG ET ALIRKEN, KUZEYDEK\u0130 ANCAK 34 KG ET ALAB\u0130L\u0130YOR. HATTA KUZEYDEK\u0130 ASGAR\u0130 \u00dcCRETL\u0130 G\u00dcNEYDE B\u0130LE 84 KG ET ALAB\u0130L\u0130YOR\u201d\",\"datePublished\":\"2024-01-20T14:46:19+00:00\",\"mainEntityOfPage\":{\"@id\":\"https:\\\/\\\/kibrisdakik.com\\\/?p=27242\"},\"wordCount\":739,\"commentCount\":0,\"publisher\":{\"@id\":\"https:\\\/\\\/kibrisdakik.com\\\/#organization\"},\"image\":{\"@id\":\"https:\\\/\\\/kibrisdakik.com\\\/?p=27242#primaryimage\"},\"thumbnailUrl\":\"https:\\\/\\\/kibrisdakik.com\\\/wp-content\\\/uploads\\\/2024\\\/01\\\/guneydeki-asgari-ucretli-111-kg-et-alirken-kuzeydeki-ancak-34-kg-et-alabiliyor-hatta-kuzeydeki-asgari-ucretli-guneyde-bile-84-kg-et-alabiliyor-1705760741.webp.webp\",\"articleSection\":[\"Spor\"],\"inLanguage\":\"tr\",\"potentialAction\":[{\"@type\":\"CommentAction\",\"name\":\"Comment\",\"target\":[\"https:\\\/\\\/kibrisdakik.com\\\/?p=27242#respond\"]}]},{\"@type\":\"WebPage\",\"@id\":\"https:\\\/\\\/kibrisdakik.com\\\/?p=27242\",\"url\":\"https:\\\/\\\/kibrisdakik.com\\\/?p=27242\",\"name\":\"\u201cG\u00dcNEYDEK\u0130 ASGAR\u0130 \u00dcCRETL\u0130 111 KG ET ALIRKEN, KUZEYDEK\u0130 ANCAK 34 KG ET ALAB\u0130L\u0130YOR. HATTA KUZEYDEK\u0130 ASGAR\u0130 \u00dcCRETL\u0130 G\u00dcNEYDE B\u0130LE 84 KG ET ALAB\u0130L\u0130YOR\u201d -\",\"isPartOf\":{\"@id\":\"https:\\\/\\\/kibrisdakik.com\\\/#website\"},\"primaryImageOfPage\":{\"@id\":\"https:\\\/\\\/kibrisdakik.com\\\/?p=27242#primaryimage\"},\"image\":{\"@id\":\"https:\\\/\\\/kibrisdakik.com\\\/?p=27242#primaryimage\"},\"thumbnailUrl\":\"https:\\\/\\\/kibrisdakik.com\\\/wp-content\\\/uploads\\\/2024\\\/01\\\/guneydeki-asgari-ucretli-111-kg-et-alirken-kuzeydeki-ancak-34-kg-et-alabiliyor-hatta-kuzeydeki-asgari-ucretli-guneyde-bile-84-kg-et-alabiliyor-1705760741.webp.webp\",\"datePublished\":\"2024-01-20T14:46:19+00:00\",\"breadcrumb\":{\"@id\":\"https:\\\/\\\/kibrisdakik.com\\\/?p=27242#breadcrumb\"},\"inLanguage\":\"tr\",\"potentialAction\":[{\"@type\":\"ReadAction\",\"target\":[\"https:\\\/\\\/kibrisdakik.com\\\/?p=27242\"]}]},{\"@type\":\"ImageObject\",\"inLanguage\":\"tr\",\"@id\":\"https:\\\/\\\/kibrisdakik.com\\\/?p=27242#primaryimage\",\"url\":\"https:\\\/\\\/kibrisdakik.com\\\/wp-content\\\/uploads\\\/2024\\\/01\\\/guneydeki-asgari-ucretli-111-kg-et-alirken-kuzeydeki-ancak-34-kg-et-alabiliyor-hatta-kuzeydeki-asgari-ucretli-guneyde-bile-84-kg-et-alabiliyor-1705760741.webp.webp\",\"contentUrl\":\"https:\\\/\\\/kibrisdakik.com\\\/wp-content\\\/uploads\\\/2024\\\/01\\\/guneydeki-asgari-ucretli-111-kg-et-alirken-kuzeydeki-ancak-34-kg-et-alabiliyor-hatta-kuzeydeki-asgari-ucretli-guneyde-bile-84-kg-et-alabiliyor-1705760741.webp.webp\",\"width\":710,\"height\":370},{\"@type\":\"BreadcrumbList\",\"@id\":\"https:\\\/\\\/kibrisdakik.com\\\/?p=27242#breadcrumb\",\"itemListElement\":[{\"@type\":\"ListItem\",\"position\":1,\"name\":\"Home\",\"item\":\"https:\\\/\\\/kibrisdakik.com\\\/\"},{\"@type\":\"ListItem\",\"position\":2,\"name\":\"\u201cG\u00dcNEYDEK\u0130 ASGAR\u0130 \u00dcCRETL\u0130 111 KG ET ALIRKEN, KUZEYDEK\u0130 ANCAK 34 KG ET ALAB\u0130L\u0130YOR. HATTA KUZEYDEK\u0130 ASGAR\u0130 \u00dcCRETL\u0130 G\u00dcNEYDE B\u0130LE 84 KG ET ALAB\u0130L\u0130YOR\u201d\"}]},{\"@type\":\"WebSite\",\"@id\":\"https:\\\/\\\/kibrisdakik.com\\\/#website\",\"url\":\"https:\\\/\\\/kibrisdakik.com\\\/\",\"name\":\"K\u0131br\u0131s Dakik\",\"description\":\"Tam vaktinde haber\",\"publisher\":{\"@id\":\"https:\\\/\\\/kibrisdakik.com\\\/#organization\"},\"potentialAction\":[{\"@type\":\"SearchAction\",\"target\":{\"@type\":\"EntryPoint\",\"urlTemplate\":\"https:\\\/\\\/kibrisdakik.com\\\/?s={search_term_string}\"},\"query-input\":{\"@type\":\"PropertyValueSpecification\",\"valueRequired\":true,\"valueName\":\"search_term_string\"}}],\"inLanguage\":\"tr\"},{\"@type\":\"Organization\",\"@id\":\"https:\\\/\\\/kibrisdakik.com\\\/#organization\",\"name\":\"K\u0131br\u0131s Dakik\",\"url\":\"https:\\\/\\\/kibrisdakik.com\\\/\",\"logo\":{\"@type\":\"ImageObject\",\"inLanguage\":\"tr\",\"@id\":\"https:\\\/\\\/kibrisdakik.com\\\/#\\\/schema\\\/logo\\\/image\\\/\",\"url\":\"https:\\\/\\\/kibrisdakik.com\\\/wp-content\\\/uploads\\\/2025\\\/10\\\/cropped-WhatsApp-Image-2025-10-02-at-12.58.31.jpeg\",\"contentUrl\":\"https:\\\/\\\/kibrisdakik.com\\\/wp-content\\\/uploads\\\/2025\\\/10\\\/cropped-WhatsApp-Image-2025-10-02-at-12.58.31.jpeg\",\"width\":1237,\"height\":190,\"caption\":\"K\u0131br\u0131s Dakik\"},\"image\":{\"@id\":\"https:\\\/\\\/kibrisdakik.com\\\/#\\\/schema\\\/logo\\\/image\\\/\"}},{\"@type\":\"Person\",\"@id\":\"https:\\\/\\\/kibrisdakik.com\\\/#\\\/schema\\\/person\\\/9cd9d437bbb44f72b73ba127e06d8e79\",\"name\":\"admin\",\"image\":{\"@type\":\"ImageObject\",\"inLanguage\":\"tr\",\"@id\":\"https:\\\/\\\/secure.gravatar.com\\\/avatar\\\/ccc17943b9d660506c869530f897617f7cb1c21a4bf30023f252596d83e1f007?s=96&d=mm&r=g\",\"url\":\"https:\\\/\\\/secure.gravatar.com\\\/avatar\\\/ccc17943b9d660506c869530f897617f7cb1c21a4bf30023f252596d83e1f007?s=96&d=mm&r=g\",\"contentUrl\":\"https:\\\/\\\/secure.gravatar.com\\\/avatar\\\/ccc17943b9d660506c869530f897617f7cb1c21a4bf30023f252596d83e1f007?s=96&d=mm&r=g\",\"caption\":\"admin\"},\"sameAs\":[\"https:\\\/\\\/kibrisdakik.com\"],\"url\":\"https:\\\/\\\/kibrisdakik.com\\\/?author=1\"}]}<\/script>\n<!-- \/ Yoast SEO plugin. -->","yoast_head_json":{"title":"\u201cG\u00dcNEYDEK\u0130 ASGAR\u0130 \u00dcCRETL\u0130 111 KG ET ALIRKEN, KUZEYDEK\u0130 ANCAK 34 KG ET ALAB\u0130L\u0130YOR. HATTA KUZEYDEK\u0130 ASGAR\u0130 \u00dcCRETL\u0130 G\u00dcNEYDE B\u0130LE 84 KG ET ALAB\u0130L\u0130YOR\u201d -","robots":{"index":"index","follow":"follow","max-snippet":"max-snippet:-1","max-image-preview":"max-image-preview:large","max-video-preview":"max-video-preview:-1"},"canonical":"https:\/\/kibrisdakik.com\/?p=27242","og_locale":"tr_TR","og_type":"article","og_title":"\u201cG\u00dcNEYDEK\u0130 ASGAR\u0130 \u00dcCRETL\u0130 111 KG ET ALIRKEN, KUZEYDEK\u0130 ANCAK 34 KG ET ALAB\u0130L\u0130YOR. HATTA KUZEYDEK\u0130 ASGAR\u0130 \u00dcCRETL\u0130 G\u00dcNEYDE B\u0130LE 84 KG ET ALAB\u0130L\u0130YOR\u201d -","og_description":"\u00d6zkunt: \u201cMuhalefetiz ve sadece ele\u015ftiririz\u201d demiyoruz, \u00f6neri ve fikir \u00fcretip sunuyoruz May\u0131s TV\u2019de yay\u0131nlanan May\u0131s Man\u015fet program\u0131nda Meltem Sakin\u2019in sorular\u0131n\u0131 yan\u0131tlayan \u00d6zkunt, enflasyon oran\u0131 a\u00e7\u0131klan\u0131p asgari \u00fccret a\u00e7\u0131kland\u0131ktan sonra, \u201cal\u0131m g\u00fcc\u00fcn\u00fcn korunmas\u0131 i\u00e7in etkin denetim yap\u0131lmas\u0131\u201d ve \u201casgari \u00fccretin, komisyon toplant\u0131lar\u0131na gerek kalmadan, enflasyon oran\u0131na g\u00f6re otomatik olarak g\u00fcncellenmesi\u201d konusunda \u00f6nerilerde bulunduklar\u0131 bir a\u00e7\u0131klama yapt\u0131klar\u0131n\u0131","og_url":"https:\/\/kibrisdakik.com\/?p=27242","article_published_time":"2024-01-20T14:46:19+00:00","og_image":[{"width":710,"height":370,"url":"https:\/\/kibrisdakik.com\/wp-content\/uploads\/2024\/01\/guneydeki-asgari-ucretli-111-kg-et-alirken-kuzeydeki-ancak-34-kg-et-alabiliyor-hatta-kuzeydeki-asgari-ucretli-guneyde-bile-84-kg-et-alabiliyor-1705760741.webp.webp","type":"image\/webp"}],"author":"admin","twitter_card":"summary_large_image","twitter_misc":{"Yazan:":"admin","Tahmini okuma s\u00fcresi":"4 dakika"},"schema":{"@context":"https:\/\/schema.org","@graph":[{"@type":"Article","@id":"https:\/\/kibrisdakik.com\/?p=27242#article","isPartOf":{"@id":"https:\/\/kibrisdakik.com\/?p=27242"},"author":{"name":"admin","@id":"https:\/\/kibrisdakik.com\/#\/schema\/person\/9cd9d437bbb44f72b73ba127e06d8e79"},"headline":"\u201cG\u00dcNEYDEK\u0130 ASGAR\u0130 \u00dcCRETL\u0130 111 KG ET ALIRKEN, KUZEYDEK\u0130 ANCAK 34 KG ET ALAB\u0130L\u0130YOR. HATTA KUZEYDEK\u0130 ASGAR\u0130 \u00dcCRETL\u0130 G\u00dcNEYDE B\u0130LE 84 KG ET ALAB\u0130L\u0130YOR\u201d","datePublished":"2024-01-20T14:46:19+00:00","mainEntityOfPage":{"@id":"https:\/\/kibrisdakik.com\/?p=27242"},"wordCount":739,"commentCount":0,"publisher":{"@id":"https:\/\/kibrisdakik.com\/#organization"},"image":{"@id":"https:\/\/kibrisdakik.com\/?p=27242#primaryimage"},"thumbnailUrl":"https:\/\/kibrisdakik.com\/wp-content\/uploads\/2024\/01\/guneydeki-asgari-ucretli-111-kg-et-alirken-kuzeydeki-ancak-34-kg-et-alabiliyor-hatta-kuzeydeki-asgari-ucretli-guneyde-bile-84-kg-et-alabiliyor-1705760741.webp.webp","articleSection":["Spor"],"inLanguage":"tr","potentialAction":[{"@type":"CommentAction","name":"Comment","target":["https:\/\/kibrisdakik.com\/?p=27242#respond"]}]},{"@type":"WebPage","@id":"https:\/\/kibrisdakik.com\/?p=27242","url":"https:\/\/kibrisdakik.com\/?p=27242","name":"\u201cG\u00dcNEYDEK\u0130 ASGAR\u0130 \u00dcCRETL\u0130 111 KG ET ALIRKEN, KUZEYDEK\u0130 ANCAK 34 KG ET ALAB\u0130L\u0130YOR. HATTA KUZEYDEK\u0130 ASGAR\u0130 \u00dcCRETL\u0130 G\u00dcNEYDE B\u0130LE 84 KG ET ALAB\u0130L\u0130YOR\u201d -","isPartOf":{"@id":"https:\/\/kibrisdakik.com\/#website"},"primaryImageOfPage":{"@id":"https:\/\/kibrisdakik.com\/?p=27242#primaryimage"},"image":{"@id":"https:\/\/kibrisdakik.com\/?p=27242#primaryimage"},"thumbnailUrl":"https:\/\/kibrisdakik.com\/wp-content\/uploads\/2024\/01\/guneydeki-asgari-ucretli-111-kg-et-alirken-kuzeydeki-ancak-34-kg-et-alabiliyor-hatta-kuzeydeki-asgari-ucretli-guneyde-bile-84-kg-et-alabiliyor-1705760741.webp.webp","datePublished":"2024-01-20T14:46:19+00:00","breadcrumb":{"@id":"https:\/\/kibrisdakik.com\/?p=27242#breadcrumb"},"inLanguage":"tr","potentialAction":[{"@type":"ReadAction","target":["https:\/\/kibrisdakik.com\/?p=27242"]}]},{"@type":"ImageObject","inLanguage":"tr","@id":"https:\/\/kibrisdakik.com\/?p=27242#primaryimage","url":"https:\/\/kibrisdakik.com\/wp-content\/uploads\/2024\/01\/guneydeki-asgari-ucretli-111-kg-et-alirken-kuzeydeki-ancak-34-kg-et-alabiliyor-hatta-kuzeydeki-asgari-ucretli-guneyde-bile-84-kg-et-alabiliyor-1705760741.webp.webp","contentUrl":"https:\/\/kibrisdakik.com\/wp-content\/uploads\/2024\/01\/guneydeki-asgari-ucretli-111-kg-et-alirken-kuzeydeki-ancak-34-kg-et-alabiliyor-hatta-kuzeydeki-asgari-ucretli-guneyde-bile-84-kg-et-alabiliyor-1705760741.webp.webp","width":710,"height":370},{"@type":"BreadcrumbList","@id":"https:\/\/kibrisdakik.com\/?p=27242#breadcrumb","itemListElement":[{"@type":"ListItem","position":1,"name":"Home","item":"https:\/\/kibrisdakik.com\/"},{"@type":"ListItem","position":2,"name":"\u201cG\u00dcNEYDEK\u0130 ASGAR\u0130 \u00dcCRETL\u0130 111 KG ET ALIRKEN, KUZEYDEK\u0130 ANCAK 34 KG ET ALAB\u0130L\u0130YOR. HATTA KUZEYDEK\u0130 ASGAR\u0130 \u00dcCRETL\u0130 G\u00dcNEYDE B\u0130LE 84 KG ET ALAB\u0130L\u0130YOR\u201d"}]},{"@type":"WebSite","@id":"https:\/\/kibrisdakik.com\/#website","url":"https:\/\/kibrisdakik.com\/","name":"K\u0131br\u0131s Dakik","description":"Tam vaktinde haber","publisher":{"@id":"https:\/\/kibrisdakik.com\/#organization"},"potentialAction":[{"@type":"SearchAction","target":{"@type":"EntryPoint","urlTemplate":"https:\/\/kibrisdakik.com\/?s={search_term_string}"},"query-input":{"@type":"PropertyValueSpecification","valueRequired":true,"valueName":"search_term_string"}}],"inLanguage":"tr"},{"@type":"Organization","@id":"https:\/\/kibrisdakik.com\/#organization","name":"K\u0131br\u0131s Dakik","url":"https:\/\/kibrisdakik.com\/","logo":{"@type":"ImageObject","inLanguage":"tr","@id":"https:\/\/kibrisdakik.com\/#\/schema\/logo\/image\/","url":"https:\/\/kibrisdakik.com\/wp-content\/uploads\/2025\/10\/cropped-WhatsApp-Image-2025-10-02-at-12.58.31.jpeg","contentUrl":"https:\/\/kibrisdakik.com\/wp-content\/uploads\/2025\/10\/cropped-WhatsApp-Image-2025-10-02-at-12.58.31.jpeg","width":1237,"height":190,"caption":"K\u0131br\u0131s Dakik"},"image":{"@id":"https:\/\/kibrisdakik.com\/#\/schema\/logo\/image\/"}},{"@type":"Person","@id":"https:\/\/kibrisdakik.com\/#\/schema\/person\/9cd9d437bbb44f72b73ba127e06d8e79","name":"admin","image":{"@type":"ImageObject","inLanguage":"tr","@id":"https:\/\/secure.gravatar.com\/avatar\/ccc17943b9d660506c869530f897617f7cb1c21a4bf30023f252596d83e1f007?s=96&d=mm&r=g","url":"https:\/\/secure.gravatar.com\/avatar\/ccc17943b9d660506c869530f897617f7cb1c21a4bf30023f252596d83e1f007?s=96&d=mm&r=g","contentUrl":"https:\/\/secure.gravatar.com\/avatar\/ccc17943b9d660506c869530f897617f7cb1c21a4bf30023f252596d83e1f007?s=96&d=mm&r=g","caption":"admin"},"sameAs":["https:\/\/kibrisdakik.com"],"url":"https:\/\/kibrisdakik.com\/?author=1"}]}},"_links":{"self":[{"href":"https:\/\/kibrisdakik.com\/index.php?rest_route=\/wp\/v2\/posts\/27242","targetHints":{"allow":["GET"]}}],"collection":[{"href":"https:\/\/kibrisdakik.com\/index.php?rest_route=\/wp\/v2\/posts"}],"about":[{"href":"https:\/\/kibrisdakik.com\/index.php?rest_route=\/wp\/v2\/types\/post"}],"author":[{"embeddable":true,"href":"https:\/\/kibrisdakik.com\/index.php?rest_route=\/wp\/v2\/users\/1"}],"replies":[{"embeddable":true,"href":"https:\/\/kibrisdakik.com\/index.php?rest_route=%2Fwp%2Fv2%2Fcomments&post=27242"}],"version-history":[{"count":0,"href":"https:\/\/kibrisdakik.com\/index.php?rest_route=\/wp\/v2\/posts\/27242\/revisions"}],"wp:featuredmedia":[{"embeddable":true,"href":"https:\/\/kibrisdakik.com\/index.php?rest_route=\/wp\/v2\/media\/27243"}],"wp:attachment":[{"href":"https:\/\/kibrisdakik.com\/index.php?rest_route=%2Fwp%2Fv2%2Fmedia&parent=27242"}],"wp:term":[{"taxonomy":"category","embeddable":true,"href":"https:\/\/kibrisdakik.com\/index.php?rest_route=%2Fwp%2Fv2%2Fcategories&post=27242"},{"taxonomy":"post_tag","embeddable":true,"href":"https:\/\/kibrisdakik.com\/index.php?rest_route=%2Fwp%2Fv2%2Ftags&post=27242"}],"curies":[{"name":"wp","href":"https:\/\/api.w.org\/{rel}","templated":true}]}}