{"id":27274,"date":"2024-01-21T08:27:31","date_gmt":"2024-01-21T08:27:31","guid":{"rendered":"https:\/\/kibrisdakik.com\/index.php\/2024\/01\/21\/sehit-aileleri-ve-malul-gaziler-dernegi-baskanligina-yeniden-gursel-benan-secildi\/"},"modified":"2024-01-21T08:27:31","modified_gmt":"2024-01-21T08:27:31","slug":"sehit-aileleri-ve-malul-gaziler-dernegi-baskanligina-yeniden-gursel-benan-secildi","status":"publish","type":"post","link":"https:\/\/kibrisdakik.com\/?p=27274","title":{"rendered":"\u015eehit Aileleri ve Mal\u00fcl Gaziler Derne\u011fi ba\u015fkanl\u0131\u011f\u0131na yeniden G\u00fcrsel Benan se\u00e7ildi\u2026"},"content":{"rendered":"<p><img decoding=\"async\" src=\"https:\/\/www.kibristurk.com\/images\/haberler\/2024\/01\/sehit-aileleri-ve-malul-gaziler-dernegi-baskanligina-yeniden-gursel-benan-secildi-1705825141.webp\" \/><\/p>\n<p>\u015eehit Aileleri ve Mal\u00fcl Gaziler Derne\u011fi ba\u015fkanl\u0131\u011f\u0131na yeniden G\u00fcrsel Benan se\u00e7ildi.<\/p>\n<p>Dernek\u2019ten yap\u0131lan a\u00e7\u0131klamaya g\u00f6re, \u015eehit Aileleri ve Mal\u00fcl Gaziler Derne\u011fi Ola\u011fan Genel Kurulu d\u00fcn topland\u0131. A\u00e7\u0131klamada, Genel Kurul\u2019un geni\u015f bir \u00fcye kat\u0131l\u0131m\u0131yla ger\u00e7ekle\u015ftirildi\u011fi ve faaliyet raporu ile mali raporun g\u00f6r\u00fc\u015f\u00fcl\u00fcp oy birli\u011fiyle &nbsp;kabul edildi\u011fi belirtildi.<\/p>\n<p>Genel Kurul sonunda dernek organlar\u0131 a\u015fa\u011f\u0131daki \u015fekilde olu\u015ftu:<\/p>\n<p>\u201c 2024-2026 &nbsp; Y\u00d6NET\u0130M &nbsp;KURULU<\/p>\n<p>1. &nbsp; &nbsp; &nbsp; &nbsp; &nbsp; G\u00dcRSEL BENAN &nbsp; &nbsp; &nbsp; &nbsp; &nbsp; &nbsp; &nbsp; &nbsp; &nbsp; &nbsp; &nbsp; &nbsp; &nbsp; &nbsp; &nbsp; &nbsp; &nbsp; &nbsp; &nbsp; &nbsp; &nbsp;GENEL BA\u015eKAN<\/p>\n<p>2. &nbsp; &nbsp; &nbsp; &nbsp; &nbsp; MEHMET TANOL &nbsp; &nbsp; &nbsp; &nbsp; &nbsp; &nbsp; &nbsp; &nbsp; &nbsp; &nbsp; &nbsp; &nbsp; &nbsp; &nbsp; &nbsp; &nbsp; &nbsp; &nbsp; &nbsp; &nbsp; &nbsp;GENEL BA\u015eKAN YARDIMCISI<\/p>\n<p>3. &nbsp; &nbsp; &nbsp; &nbsp; &nbsp; MEHMET KASABALI &nbsp; &nbsp; &nbsp; &nbsp; &nbsp; &nbsp; &nbsp; &nbsp; &nbsp; &nbsp; &nbsp; &nbsp; &nbsp; &nbsp; &nbsp; &nbsp; &nbsp; &nbsp;GENEL SEKRETER<\/p>\n<p>4. &nbsp; &nbsp; &nbsp; &nbsp; &nbsp; \u0130BRAH\u0130M A\u00c7MAN &nbsp; &nbsp; &nbsp; &nbsp; &nbsp; &nbsp; &nbsp; &nbsp; &nbsp; &nbsp; &nbsp; &nbsp; &nbsp; &nbsp; &nbsp; &nbsp; &nbsp; &nbsp; &nbsp; &nbsp;GENEL SEKRETER YARDIMCISI<\/p>\n<p>5. &nbsp; &nbsp; &nbsp; &nbsp; &nbsp; \u015eEN\u0130Z ULU\u00c7 &nbsp; &nbsp; &nbsp; &nbsp; &nbsp; &nbsp; &nbsp; &nbsp; &nbsp; &nbsp; &nbsp; &nbsp; &nbsp; &nbsp; &nbsp; &nbsp; &nbsp; &nbsp; &nbsp; &nbsp; &nbsp; &nbsp; &nbsp; &nbsp; &nbsp;KADIN KOLU BA\u015eKANI<\/p>\n<p>6. &nbsp; &nbsp; &nbsp; &nbsp; &nbsp; PEHR\u0130Z M\u0130RALAY &nbsp; &nbsp; &nbsp; &nbsp; &nbsp; &nbsp; &nbsp; &nbsp; &nbsp; &nbsp; &nbsp; &nbsp; &nbsp; &nbsp; &nbsp; &nbsp; &nbsp; &nbsp; &nbsp; &nbsp; K\u00dcLT\u00dcR KOLU BA\u015eKANI<\/p>\n<p>7. &nbsp; &nbsp; &nbsp; &nbsp; &nbsp; EJDER DEN\u0130Z &nbsp; &nbsp; &nbsp; &nbsp; &nbsp; &nbsp; &nbsp; &nbsp; &nbsp; &nbsp; &nbsp; &nbsp; &nbsp; &nbsp; &nbsp; &nbsp; &nbsp; &nbsp; &nbsp; &nbsp; &nbsp; &nbsp; &nbsp; &nbsp;GEN\u00c7L\u0130K KOLU BA\u015eKANI &#8211; LEFKE B\u00d6L. SOR.<\/p>\n<p>8. &nbsp; &nbsp; &nbsp; &nbsp; &nbsp; MUSTAFA KASABALI &nbsp; &nbsp; &nbsp; &nbsp; &nbsp; &nbsp; &nbsp; &nbsp; &nbsp; &nbsp; &nbsp; &nbsp; &nbsp; &nbsp; &nbsp; &nbsp; &nbsp; MAL\u0130 \u0130\u015eLER SORUMLUSU<\/p>\n<p>9. &nbsp; &nbsp; &nbsp; &nbsp; &nbsp; AHMET RUSO &nbsp; &nbsp; &nbsp; &nbsp; &nbsp; &nbsp; &nbsp; &nbsp; &nbsp; &nbsp; &nbsp; &nbsp; &nbsp; &nbsp; &nbsp; &nbsp; &nbsp; &nbsp; &nbsp; &nbsp; &nbsp; &nbsp; &nbsp; BASIN \u0130\u015eLER\u0130 SORUMLUSU<\/p>\n<p>10. &nbsp; &nbsp; &nbsp; &nbsp; YA\u015eAR GEVREK &nbsp; &nbsp; &nbsp; &nbsp; &nbsp; &nbsp; &nbsp; &nbsp; &nbsp; &nbsp; &nbsp; &nbsp; &nbsp; &nbsp; &nbsp; &nbsp; &nbsp; &nbsp; &nbsp; &nbsp; &nbsp; &nbsp;SOSYAL \u0130\u015eLER SORUMLUSU<\/p>\n<p>11. &nbsp; &nbsp; &nbsp; &nbsp; SAL\u0130H A\u00c7MAN &nbsp; &nbsp; &nbsp; &nbsp; &nbsp; &nbsp; &nbsp; &nbsp; &nbsp; &nbsp; &nbsp; &nbsp; &nbsp; &nbsp; &nbsp; &nbsp; &nbsp; &nbsp; &nbsp; &nbsp; &nbsp; &nbsp; &nbsp;TAHS\u0130LDAR VE LOKAL SORUMLUSU<\/p>\n<p>12. &nbsp; &nbsp; &nbsp; &nbsp; BURHAN C\u0130HANG\u0130R &nbsp; &nbsp; &nbsp; &nbsp; &nbsp; &nbsp; &nbsp; &nbsp; &nbsp; &nbsp; &nbsp; &nbsp; &nbsp; &nbsp; &nbsp; &nbsp; &nbsp;\u0130SKELE B\u00d6LGE SORUMLUSU<\/p>\n<p>13. &nbsp; &nbsp; &nbsp; &nbsp; ERSOY TALU\u011e &nbsp; &nbsp; &nbsp; &nbsp; &nbsp; &nbsp; &nbsp; &nbsp; &nbsp; &nbsp; &nbsp; &nbsp; &nbsp; &nbsp; &nbsp; &nbsp; &nbsp; &nbsp; &nbsp; &nbsp; &nbsp; &nbsp; &nbsp;G\u0130RNE B\u00d6LGE SORUMLUSU<\/p>\n<p>14. &nbsp; &nbsp; &nbsp; &nbsp; CEM\u0130LE S\u00d6ZVEREN &nbsp; &nbsp; &nbsp; &nbsp; &nbsp; &nbsp; &nbsp; &nbsp; &nbsp; &nbsp; &nbsp; &nbsp; &nbsp; &nbsp; &nbsp; &nbsp; &nbsp; &nbsp;GAZ\u0130 MA\u011eUSA B\u00d6LGE SORUMLUSU<\/p>\n<p>15. &nbsp; &nbsp; &nbsp; &nbsp; RAMADAN BE\u015eG\u00dcL &nbsp; &nbsp; &nbsp; &nbsp; &nbsp; &nbsp; &nbsp; &nbsp; &nbsp; &nbsp; &nbsp; &nbsp; &nbsp; &nbsp; &nbsp; &nbsp; &nbsp; &nbsp;G\u00dcZELYURT B\u00d6LGE SORUMLUSU<\/p>\n<p>16. &nbsp; &nbsp; &nbsp; &nbsp; REYHAN K\u0130\u015eM\u0130R &nbsp; &nbsp; &nbsp; &nbsp; &nbsp; &nbsp; &nbsp; &nbsp; &nbsp; &nbsp; &nbsp; &nbsp; &nbsp; &nbsp; &nbsp; &nbsp; &nbsp; &nbsp; &nbsp; &nbsp; &nbsp;Faal \u00dcye<\/p>\n<p>17. &nbsp; &nbsp; &nbsp; &nbsp; BARI\u015e BUBA &nbsp; &nbsp; &nbsp; &nbsp; &nbsp; &nbsp; &nbsp; &nbsp; &nbsp; &nbsp; &nbsp; &nbsp; &nbsp; &nbsp; &nbsp; &nbsp; &nbsp; &nbsp; &nbsp; &nbsp; &nbsp; &nbsp; &nbsp; &nbsp; &nbsp;Faal \u00dcye<\/p>\n<p>18. &nbsp; &nbsp; &nbsp; &nbsp; HAL\u0130L \u00d6ZG\u00dcVENEL &nbsp; &nbsp; &nbsp; &nbsp; &nbsp; &nbsp; &nbsp; &nbsp; &nbsp; &nbsp; &nbsp; &nbsp; &nbsp; &nbsp; &nbsp; &nbsp; &nbsp; &nbsp;Faal \u00dcye<\/p>\n<p>19. &nbsp; &nbsp; &nbsp; &nbsp; MEHMET SAL\u0130H ATAG\u00dcL &nbsp; &nbsp; &nbsp; &nbsp; &nbsp; &nbsp; &nbsp; &nbsp; &nbsp; &nbsp; &nbsp; &nbsp; &nbsp; Faal \u00dcye<\/p>\n<p>20. &nbsp; &nbsp; &nbsp; &nbsp; HASAN KELEBEK &nbsp; &nbsp; &nbsp; &nbsp; &nbsp; &nbsp; &nbsp; &nbsp; &nbsp; &nbsp; &nbsp; &nbsp; &nbsp; &nbsp; &nbsp; &nbsp; &nbsp; &nbsp; &nbsp; &nbsp; Faal \u00dcye<\/p>\n<p>21. &nbsp; &nbsp; &nbsp; &nbsp; M\u00dcN\u00dcR NURETT\u0130N BO\u011eA\u00c7O\u011eLU &nbsp; &nbsp; &nbsp; &nbsp; &nbsp;Faal \u00dcye<\/p>\n<p>22. &nbsp; &nbsp; &nbsp; &nbsp; OSMAN EM\u0130N KARKIN &nbsp; &nbsp; &nbsp; &nbsp; &nbsp; &nbsp; &nbsp; &nbsp; &nbsp; &nbsp; &nbsp; &nbsp; &nbsp; &nbsp; &nbsp; Faal \u00dcye<\/p>\n<p>23. &nbsp; &nbsp; &nbsp; &nbsp; BENG\u00dc TA\u015eKENT &nbsp; &nbsp; &nbsp; &nbsp; &nbsp; &nbsp; &nbsp; &nbsp; &nbsp; &nbsp; &nbsp; &nbsp; &nbsp; &nbsp; &nbsp; &nbsp; &nbsp; &nbsp; &nbsp; &nbsp;Faal \u00dcye<\/p>\n<p>24. &nbsp; &nbsp; &nbsp; &nbsp; SELMA KEBAP\u00c7IO\u011eLU &nbsp; &nbsp; &nbsp; &nbsp; &nbsp; &nbsp; &nbsp; &nbsp; &nbsp; &nbsp; &nbsp; &nbsp; &nbsp; &nbsp; &nbsp; &nbsp; &nbsp; &nbsp; &nbsp; &nbsp; &nbsp; &nbsp;<\/p>\n<p>25. &nbsp; &nbsp; &nbsp; &nbsp; MEHMET \u00d6Z\u0130LMEN<\/p>\n<p>DENETLEME KURULU<\/p>\n<p>\u2022 &nbsp; &nbsp; &nbsp; &nbsp; &nbsp; &nbsp; SELMA KEBAP\u00c7IO\u011eLU &nbsp; &nbsp; &nbsp; &nbsp; &nbsp; &nbsp; &nbsp; &nbsp; &nbsp; &nbsp; &nbsp; &nbsp; &nbsp; &nbsp; &nbsp;BA\u015eKAN<\/p>\n<p>\u2022 &nbsp; &nbsp; &nbsp; &nbsp; &nbsp; &nbsp; AL\u0130 GENCER &nbsp; &nbsp; &nbsp; &nbsp; &nbsp; &nbsp; &nbsp; &nbsp; &nbsp; &nbsp; &nbsp; &nbsp; &nbsp; &nbsp; &nbsp; &nbsp; &nbsp; &nbsp; &nbsp; &nbsp; &nbsp; &nbsp; &nbsp; &nbsp; \u00dcye &nbsp; &nbsp; &nbsp; &nbsp; &nbsp; &nbsp; &nbsp; &nbsp; &nbsp; &nbsp;&nbsp;<\/p>\n<p>\u2022 &nbsp; &nbsp; &nbsp; &nbsp; &nbsp; &nbsp; EM\u0130NE A\u015eGAR &nbsp; &nbsp; &nbsp; &nbsp; &nbsp; &nbsp; &nbsp; &nbsp; &nbsp; &nbsp; &nbsp; &nbsp; &nbsp; &nbsp; &nbsp; &nbsp; &nbsp; &nbsp; &nbsp; &nbsp; &nbsp; &nbsp; &nbsp;\u00dcye<\/p>\n<p>D\u0130S\u0130PL\u0130N KURULU<\/p>\n<p>\u2022 &nbsp; &nbsp; &nbsp; &nbsp; &nbsp; &nbsp; MEHMET \u00d6Z\u0130LMEN &nbsp; &nbsp; &nbsp; &nbsp; &nbsp; &nbsp; &nbsp; &nbsp; &nbsp; &nbsp; &nbsp; &nbsp; &nbsp; &nbsp; &nbsp; &nbsp; &nbsp; &nbsp; BA\u015eKAN<\/p>\n<p>\u2022 &nbsp; &nbsp; &nbsp; &nbsp; &nbsp; &nbsp; PINAR B\u00dcY\u00dcKH\u00dcSEY\u0130N &nbsp; &nbsp; &nbsp; &nbsp; &nbsp; &nbsp; &nbsp; &nbsp; &nbsp; &nbsp; &nbsp; &nbsp; &nbsp; &nbsp;\u00dcye<\/p>\n<p>\u2022 &nbsp; &nbsp; &nbsp; &nbsp; &nbsp; &nbsp; G\u00dcLS\u00dcM KARALIM &nbsp; &nbsp; &nbsp; &nbsp; &nbsp; &nbsp; &nbsp; &nbsp; &nbsp; &nbsp; &nbsp; &nbsp; &nbsp; &nbsp; &nbsp; &nbsp; &nbsp; &nbsp; \u00dcye.\u201d<\/p>\n","protected":false},"excerpt":{"rendered":"<p>\u015eehit Aileleri ve Mal\u00fcl Gaziler Derne\u011fi ba\u015fkanl\u0131\u011f\u0131na yeniden G\u00fcrsel Benan se\u00e7ildi. Dernek\u2019ten yap\u0131lan a\u00e7\u0131klamaya g\u00f6re, \u015eehit Aileleri ve Mal\u00fcl Gaziler Derne\u011fi Ola\u011fan Genel Kurulu d\u00fcn topland\u0131. A\u00e7\u0131klamada, Genel Kurul\u2019un geni\u015f bir \u00fcye kat\u0131l\u0131m\u0131yla ger\u00e7ekle\u015ftirildi\u011fi ve faaliyet raporu ile mali raporun g\u00f6r\u00fc\u015f\u00fcl\u00fcp oy birli\u011fiyle &nbsp;kabul edildi\u011fi belirtildi. Genel Kurul sonunda dernek organlar\u0131 a\u015fa\u011f\u0131daki \u015fekilde olu\u015ftu: \u201c<\/p>\n","protected":false},"author":1,"featured_media":27275,"comment_status":"open","ping_status":"open","sticky":false,"template":"","format":"standard","meta":{"footnotes":""},"categories":[85],"tags":[],"class_list":["post-27274","post","type-post","status-publish","format-standard","has-post-thumbnail","hentry","category-spor"],"yoast_head":"<!-- This site is optimized with the Yoast SEO plugin v27.5 - https:\/\/yoast.com\/product\/yoast-seo-wordpress\/ -->\n<title>\u015eehit Aileleri ve Mal\u00fcl Gaziler Derne\u011fi ba\u015fkanl\u0131\u011f\u0131na yeniden G\u00fcrsel Benan se\u00e7ildi\u2026 -<\/title>\n<meta name=\"robots\" content=\"index, follow, max-snippet:-1, max-image-preview:large, max-video-preview:-1\" \/>\n<link rel=\"canonical\" href=\"https:\/\/kibrisdakik.com\/?p=27274\" \/>\n<meta property=\"og:locale\" content=\"tr_TR\" \/>\n<meta property=\"og:type\" content=\"article\" \/>\n<meta property=\"og:title\" content=\"\u015eehit Aileleri ve Mal\u00fcl Gaziler Derne\u011fi ba\u015fkanl\u0131\u011f\u0131na yeniden G\u00fcrsel Benan se\u00e7ildi\u2026 -\" \/>\n<meta property=\"og:description\" content=\"\u015eehit Aileleri ve Mal\u00fcl Gaziler Derne\u011fi ba\u015fkanl\u0131\u011f\u0131na yeniden G\u00fcrsel Benan se\u00e7ildi. Dernek\u2019ten yap\u0131lan a\u00e7\u0131klamaya g\u00f6re, \u015eehit Aileleri ve Mal\u00fcl Gaziler Derne\u011fi Ola\u011fan Genel Kurulu d\u00fcn topland\u0131. A\u00e7\u0131klamada, Genel Kurul\u2019un geni\u015f bir \u00fcye kat\u0131l\u0131m\u0131yla ger\u00e7ekle\u015ftirildi\u011fi ve faaliyet raporu ile mali raporun g\u00f6r\u00fc\u015f\u00fcl\u00fcp oy birli\u011fiyle &nbsp;kabul edildi\u011fi belirtildi. Genel Kurul sonunda dernek organlar\u0131 a\u015fa\u011f\u0131daki \u015fekilde olu\u015ftu: \u201c\" \/>\n<meta property=\"og:url\" content=\"https:\/\/kibrisdakik.com\/?p=27274\" \/>\n<meta property=\"article:published_time\" content=\"2024-01-21T08:27:31+00:00\" \/>\n<meta property=\"og:image\" content=\"https:\/\/kibrisdakik.com\/wp-content\/uploads\/2024\/01\/sehit-aileleri-ve-malul-gaziler-dernegi-baskanligina-yeniden-gursel-benan-secildi-1705825141.webp.webp\" \/>\n\t<meta property=\"og:image:width\" content=\"710\" \/>\n\t<meta property=\"og:image:height\" content=\"370\" \/>\n\t<meta property=\"og:image:type\" content=\"image\/webp\" \/>\n<meta name=\"author\" content=\"admin\" \/>\n<meta name=\"twitter:card\" content=\"summary_large_image\" \/>\n<meta name=\"twitter:label1\" content=\"Yazan:\" \/>\n\t<meta name=\"twitter:data1\" content=\"admin\" \/>\n\t<meta name=\"twitter:label2\" content=\"Tahmini okuma s\u00fcresi\" \/>\n\t<meta name=\"twitter:data2\" content=\"5 dakika\" \/>\n<script type=\"application\/ld+json\" class=\"yoast-schema-graph\">{\"@context\":\"https:\\\/\\\/schema.org\",\"@graph\":[{\"@type\":\"Article\",\"@id\":\"https:\\\/\\\/kibrisdakik.com\\\/?p=27274#article\",\"isPartOf\":{\"@id\":\"https:\\\/\\\/kibrisdakik.com\\\/?p=27274\"},\"author\":{\"name\":\"admin\",\"@id\":\"https:\\\/\\\/kibrisdakik.com\\\/#\\\/schema\\\/person\\\/9cd9d437bbb44f72b73ba127e06d8e79\"},\"headline\":\"\u015eehit Aileleri ve Mal\u00fcl Gaziler Derne\u011fi ba\u015fkanl\u0131\u011f\u0131na yeniden G\u00fcrsel Benan se\u00e7ildi\u2026\",\"datePublished\":\"2024-01-21T08:27:31+00:00\",\"mainEntityOfPage\":{\"@id\":\"https:\\\/\\\/kibrisdakik.com\\\/?p=27274\"},\"wordCount\":1053,\"commentCount\":0,\"image\":{\"@id\":\"https:\\\/\\\/kibrisdakik.com\\\/?p=27274#primaryimage\"},\"thumbnailUrl\":\"https:\\\/\\\/kibrisdakik.com\\\/wp-content\\\/uploads\\\/2024\\\/01\\\/sehit-aileleri-ve-malul-gaziler-dernegi-baskanligina-yeniden-gursel-benan-secildi-1705825141.webp.webp\",\"articleSection\":[\"Spor\"],\"inLanguage\":\"tr\",\"potentialAction\":[{\"@type\":\"CommentAction\",\"name\":\"Comment\",\"target\":[\"https:\\\/\\\/kibrisdakik.com\\\/?p=27274#respond\"]}]},{\"@type\":\"WebPage\",\"@id\":\"https:\\\/\\\/kibrisdakik.com\\\/?p=27274\",\"url\":\"https:\\\/\\\/kibrisdakik.com\\\/?p=27274\",\"name\":\"\u015eehit Aileleri ve Mal\u00fcl Gaziler Derne\u011fi ba\u015fkanl\u0131\u011f\u0131na yeniden G\u00fcrsel Benan se\u00e7ildi\u2026 -\",\"isPartOf\":{\"@id\":\"https:\\\/\\\/kibrisdakik.com\\\/#website\"},\"primaryImageOfPage\":{\"@id\":\"https:\\\/\\\/kibrisdakik.com\\\/?p=27274#primaryimage\"},\"image\":{\"@id\":\"https:\\\/\\\/kibrisdakik.com\\\/?p=27274#primaryimage\"},\"thumbnailUrl\":\"https:\\\/\\\/kibrisdakik.com\\\/wp-content\\\/uploads\\\/2024\\\/01\\\/sehit-aileleri-ve-malul-gaziler-dernegi-baskanligina-yeniden-gursel-benan-secildi-1705825141.webp.webp\",\"datePublished\":\"2024-01-21T08:27:31+00:00\",\"author\":{\"@id\":\"https:\\\/\\\/kibrisdakik.com\\\/#\\\/schema\\\/person\\\/9cd9d437bbb44f72b73ba127e06d8e79\"},\"breadcrumb\":{\"@id\":\"https:\\\/\\\/kibrisdakik.com\\\/?p=27274#breadcrumb\"},\"inLanguage\":\"tr\",\"potentialAction\":[{\"@type\":\"ReadAction\",\"target\":[\"https:\\\/\\\/kibrisdakik.com\\\/?p=27274\"]}]},{\"@type\":\"ImageObject\",\"inLanguage\":\"tr\",\"@id\":\"https:\\\/\\\/kibrisdakik.com\\\/?p=27274#primaryimage\",\"url\":\"https:\\\/\\\/kibrisdakik.com\\\/wp-content\\\/uploads\\\/2024\\\/01\\\/sehit-aileleri-ve-malul-gaziler-dernegi-baskanligina-yeniden-gursel-benan-secildi-1705825141.webp.webp\",\"contentUrl\":\"https:\\\/\\\/kibrisdakik.com\\\/wp-content\\\/uploads\\\/2024\\\/01\\\/sehit-aileleri-ve-malul-gaziler-dernegi-baskanligina-yeniden-gursel-benan-secildi-1705825141.webp.webp\",\"width\":710,\"height\":370},{\"@type\":\"BreadcrumbList\",\"@id\":\"https:\\\/\\\/kibrisdakik.com\\\/?p=27274#breadcrumb\",\"itemListElement\":[{\"@type\":\"ListItem\",\"position\":1,\"name\":\"Home\",\"item\":\"https:\\\/\\\/kibrisdakik.com\\\/\"},{\"@type\":\"ListItem\",\"position\":2,\"name\":\"\u015eehit Aileleri ve Mal\u00fcl Gaziler Derne\u011fi ba\u015fkanl\u0131\u011f\u0131na yeniden G\u00fcrsel Benan se\u00e7ildi\u2026\"}]},{\"@type\":\"WebSite\",\"@id\":\"https:\\\/\\\/kibrisdakik.com\\\/#website\",\"url\":\"https:\\\/\\\/kibrisdakik.com\\\/\",\"name\":\"\",\"description\":\"Tam vaktinde haber\",\"potentialAction\":[{\"@type\":\"SearchAction\",\"target\":{\"@type\":\"EntryPoint\",\"urlTemplate\":\"https:\\\/\\\/kibrisdakik.com\\\/?s={search_term_string}\"},\"query-input\":{\"@type\":\"PropertyValueSpecification\",\"valueRequired\":true,\"valueName\":\"search_term_string\"}}],\"inLanguage\":\"tr\"},{\"@type\":\"Person\",\"@id\":\"https:\\\/\\\/kibrisdakik.com\\\/#\\\/schema\\\/person\\\/9cd9d437bbb44f72b73ba127e06d8e79\",\"name\":\"admin\",\"image\":{\"@type\":\"ImageObject\",\"inLanguage\":\"tr\",\"@id\":\"https:\\\/\\\/secure.gravatar.com\\\/avatar\\\/ccc17943b9d660506c869530f897617f7cb1c21a4bf30023f252596d83e1f007?s=96&d=mm&r=g\",\"url\":\"https:\\\/\\\/secure.gravatar.com\\\/avatar\\\/ccc17943b9d660506c869530f897617f7cb1c21a4bf30023f252596d83e1f007?s=96&d=mm&r=g\",\"contentUrl\":\"https:\\\/\\\/secure.gravatar.com\\\/avatar\\\/ccc17943b9d660506c869530f897617f7cb1c21a4bf30023f252596d83e1f007?s=96&d=mm&r=g\",\"caption\":\"admin\"},\"sameAs\":[\"https:\\\/\\\/kibrisdakik.com\"],\"url\":\"https:\\\/\\\/kibrisdakik.com\\\/?author=1\"}]}<\/script>\n<!-- \/ Yoast SEO plugin. -->","yoast_head_json":{"title":"\u015eehit Aileleri ve Mal\u00fcl Gaziler Derne\u011fi ba\u015fkanl\u0131\u011f\u0131na yeniden G\u00fcrsel Benan se\u00e7ildi\u2026 -","robots":{"index":"index","follow":"follow","max-snippet":"max-snippet:-1","max-image-preview":"max-image-preview:large","max-video-preview":"max-video-preview:-1"},"canonical":"https:\/\/kibrisdakik.com\/?p=27274","og_locale":"tr_TR","og_type":"article","og_title":"\u015eehit Aileleri ve Mal\u00fcl Gaziler Derne\u011fi ba\u015fkanl\u0131\u011f\u0131na yeniden G\u00fcrsel Benan se\u00e7ildi\u2026 -","og_description":"\u015eehit Aileleri ve Mal\u00fcl Gaziler Derne\u011fi ba\u015fkanl\u0131\u011f\u0131na yeniden G\u00fcrsel Benan se\u00e7ildi. Dernek\u2019ten yap\u0131lan a\u00e7\u0131klamaya g\u00f6re, \u015eehit Aileleri ve Mal\u00fcl Gaziler Derne\u011fi Ola\u011fan Genel Kurulu d\u00fcn topland\u0131. A\u00e7\u0131klamada, Genel Kurul\u2019un geni\u015f bir \u00fcye kat\u0131l\u0131m\u0131yla ger\u00e7ekle\u015ftirildi\u011fi ve faaliyet raporu ile mali raporun g\u00f6r\u00fc\u015f\u00fcl\u00fcp oy birli\u011fiyle &nbsp;kabul edildi\u011fi belirtildi. Genel Kurul sonunda dernek organlar\u0131 a\u015fa\u011f\u0131daki \u015fekilde olu\u015ftu: \u201c","og_url":"https:\/\/kibrisdakik.com\/?p=27274","article_published_time":"2024-01-21T08:27:31+00:00","og_image":[{"width":710,"height":370,"url":"https:\/\/kibrisdakik.com\/wp-content\/uploads\/2024\/01\/sehit-aileleri-ve-malul-gaziler-dernegi-baskanligina-yeniden-gursel-benan-secildi-1705825141.webp.webp","type":"image\/webp"}],"author":"admin","twitter_card":"summary_large_image","twitter_misc":{"Yazan:":"admin","Tahmini okuma s\u00fcresi":"5 dakika"},"schema":{"@context":"https:\/\/schema.org","@graph":[{"@type":"Article","@id":"https:\/\/kibrisdakik.com\/?p=27274#article","isPartOf":{"@id":"https:\/\/kibrisdakik.com\/?p=27274"},"author":{"name":"admin","@id":"https:\/\/kibrisdakik.com\/#\/schema\/person\/9cd9d437bbb44f72b73ba127e06d8e79"},"headline":"\u015eehit Aileleri ve Mal\u00fcl Gaziler Derne\u011fi ba\u015fkanl\u0131\u011f\u0131na yeniden G\u00fcrsel Benan se\u00e7ildi\u2026","datePublished":"2024-01-21T08:27:31+00:00","mainEntityOfPage":{"@id":"https:\/\/kibrisdakik.com\/?p=27274"},"wordCount":1053,"commentCount":0,"image":{"@id":"https:\/\/kibrisdakik.com\/?p=27274#primaryimage"},"thumbnailUrl":"https:\/\/kibrisdakik.com\/wp-content\/uploads\/2024\/01\/sehit-aileleri-ve-malul-gaziler-dernegi-baskanligina-yeniden-gursel-benan-secildi-1705825141.webp.webp","articleSection":["Spor"],"inLanguage":"tr","potentialAction":[{"@type":"CommentAction","name":"Comment","target":["https:\/\/kibrisdakik.com\/?p=27274#respond"]}]},{"@type":"WebPage","@id":"https:\/\/kibrisdakik.com\/?p=27274","url":"https:\/\/kibrisdakik.com\/?p=27274","name":"\u015eehit Aileleri ve Mal\u00fcl Gaziler Derne\u011fi ba\u015fkanl\u0131\u011f\u0131na yeniden G\u00fcrsel Benan se\u00e7ildi\u2026 -","isPartOf":{"@id":"https:\/\/kibrisdakik.com\/#website"},"primaryImageOfPage":{"@id":"https:\/\/kibrisdakik.com\/?p=27274#primaryimage"},"image":{"@id":"https:\/\/kibrisdakik.com\/?p=27274#primaryimage"},"thumbnailUrl":"https:\/\/kibrisdakik.com\/wp-content\/uploads\/2024\/01\/sehit-aileleri-ve-malul-gaziler-dernegi-baskanligina-yeniden-gursel-benan-secildi-1705825141.webp.webp","datePublished":"2024-01-21T08:27:31+00:00","author":{"@id":"https:\/\/kibrisdakik.com\/#\/schema\/person\/9cd9d437bbb44f72b73ba127e06d8e79"},"breadcrumb":{"@id":"https:\/\/kibrisdakik.com\/?p=27274#breadcrumb"},"inLanguage":"tr","potentialAction":[{"@type":"ReadAction","target":["https:\/\/kibrisdakik.com\/?p=27274"]}]},{"@type":"ImageObject","inLanguage":"tr","@id":"https:\/\/kibrisdakik.com\/?p=27274#primaryimage","url":"https:\/\/kibrisdakik.com\/wp-content\/uploads\/2024\/01\/sehit-aileleri-ve-malul-gaziler-dernegi-baskanligina-yeniden-gursel-benan-secildi-1705825141.webp.webp","contentUrl":"https:\/\/kibrisdakik.com\/wp-content\/uploads\/2024\/01\/sehit-aileleri-ve-malul-gaziler-dernegi-baskanligina-yeniden-gursel-benan-secildi-1705825141.webp.webp","width":710,"height":370},{"@type":"BreadcrumbList","@id":"https:\/\/kibrisdakik.com\/?p=27274#breadcrumb","itemListElement":[{"@type":"ListItem","position":1,"name":"Home","item":"https:\/\/kibrisdakik.com\/"},{"@type":"ListItem","position":2,"name":"\u015eehit Aileleri ve Mal\u00fcl Gaziler Derne\u011fi ba\u015fkanl\u0131\u011f\u0131na yeniden G\u00fcrsel Benan se\u00e7ildi\u2026"}]},{"@type":"WebSite","@id":"https:\/\/kibrisdakik.com\/#website","url":"https:\/\/kibrisdakik.com\/","name":"","description":"Tam vaktinde haber","potentialAction":[{"@type":"SearchAction","target":{"@type":"EntryPoint","urlTemplate":"https:\/\/kibrisdakik.com\/?s={search_term_string}"},"query-input":{"@type":"PropertyValueSpecification","valueRequired":true,"valueName":"search_term_string"}}],"inLanguage":"tr"},{"@type":"Person","@id":"https:\/\/kibrisdakik.com\/#\/schema\/person\/9cd9d437bbb44f72b73ba127e06d8e79","name":"admin","image":{"@type":"ImageObject","inLanguage":"tr","@id":"https:\/\/secure.gravatar.com\/avatar\/ccc17943b9d660506c869530f897617f7cb1c21a4bf30023f252596d83e1f007?s=96&d=mm&r=g","url":"https:\/\/secure.gravatar.com\/avatar\/ccc17943b9d660506c869530f897617f7cb1c21a4bf30023f252596d83e1f007?s=96&d=mm&r=g","contentUrl":"https:\/\/secure.gravatar.com\/avatar\/ccc17943b9d660506c869530f897617f7cb1c21a4bf30023f252596d83e1f007?s=96&d=mm&r=g","caption":"admin"},"sameAs":["https:\/\/kibrisdakik.com"],"url":"https:\/\/kibrisdakik.com\/?author=1"}]}},"_links":{"self":[{"href":"https:\/\/kibrisdakik.com\/index.php?rest_route=\/wp\/v2\/posts\/27274","targetHints":{"allow":["GET"]}}],"collection":[{"href":"https:\/\/kibrisdakik.com\/index.php?rest_route=\/wp\/v2\/posts"}],"about":[{"href":"https:\/\/kibrisdakik.com\/index.php?rest_route=\/wp\/v2\/types\/post"}],"author":[{"embeddable":true,"href":"https:\/\/kibrisdakik.com\/index.php?rest_route=\/wp\/v2\/users\/1"}],"replies":[{"embeddable":true,"href":"https:\/\/kibrisdakik.com\/index.php?rest_route=%2Fwp%2Fv2%2Fcomments&post=27274"}],"version-history":[{"count":0,"href":"https:\/\/kibrisdakik.com\/index.php?rest_route=\/wp\/v2\/posts\/27274\/revisions"}],"wp:featuredmedia":[{"embeddable":true,"href":"https:\/\/kibrisdakik.com\/index.php?rest_route=\/wp\/v2\/media\/27275"}],"wp:attachment":[{"href":"https:\/\/kibrisdakik.com\/index.php?rest_route=%2Fwp%2Fv2%2Fmedia&parent=27274"}],"wp:term":[{"taxonomy":"category","embeddable":true,"href":"https:\/\/kibrisdakik.com\/index.php?rest_route=%2Fwp%2Fv2%2Fcategories&post=27274"},{"taxonomy":"post_tag","embeddable":true,"href":"https:\/\/kibrisdakik.com\/index.php?rest_route=%2Fwp%2Fv2%2Ftags&post=27274"}],"curies":[{"name":"wp","href":"https:\/\/api.w.org\/{rel}","templated":true}]}}