{"id":27308,"date":"2024-01-21T12:27:50","date_gmt":"2024-01-21T12:27:50","guid":{"rendered":"https:\/\/kibrisdakik.com\/index.php\/2024\/01\/21\/cumhurbaskani-tatar-tore-ve-ustel-muhtarlar-dernegi-dayanisma-yemegine-katildi\/"},"modified":"2024-01-21T12:27:50","modified_gmt":"2024-01-21T12:27:50","slug":"cumhurbaskani-tatar-tore-ve-ustel-muhtarlar-dernegi-dayanisma-yemegine-katildi","status":"publish","type":"post","link":"https:\/\/kibrisdakik.com\/?p=27308","title":{"rendered":"Cumhurba\u015fkan\u0131 Tatar, T\u00f6re ve \u00dcstel, Muhtarlar Derne\u011fi Dayan\u0131\u015fma Yeme\u011fi\u2019ne kat\u0131ld\u0131"},"content":{"rendered":"<p><img decoding=\"async\" src=\"https:\/\/www.kibristurk.com\/images\/haberler\/2024\/01\/cumhurbaskani-tatar-tore-ve-ustel-muhtarlar-dernegi-dayanisma-yemegine-katildi-1705838628.webp\" \/><\/p>\n<p>Cumhurba\u015fkan\u0131 Ersin Tatar, Muhtarlar Derne\u011fi taraf\u0131ndan d\u00fczenlenen birliktelik ve dayan\u0131\u015fma yeme\u011fine kat\u0131ld\u0131.<\/p>\n<p>Cumhurba\u015fkanl\u0131\u011f\u0131&#8217;ndan verilen bilgiye g\u00f6re, Cumhurba\u015fkan\u0131 Ersin Tatar, Lefko\u015fa\u2019da ger\u00e7ekle\u015fen yemekte yapt\u0131\u011f\u0131 konu\u015fmada, muhtarlarla s\u00fcrekli bir araya gelip bilgi al\u0131\u015fveri\u015finde bulundu\u011funu belirterek, yapt\u0131klar\u0131 \u00e7al\u0131\u015fmalardan dolay\u0131 muhtarlar\u0131 tebrik etti.<\/p>\n<p>Cumhurba\u015fkan\u0131 Tatar, muhtarl\u0131k maa\u015flar\u0131nda iyile\u015ftirme yap\u0131lmas\u0131, muhtarl\u0131k binalar\u0131n\u0131n yap\u0131lmas\u0131, geli\u015ftirilmesi ve muhtarl\u0131k hizmetlerinin desteklenmesi gerekti\u011fine dikkat \u00e7ekti.<\/p>\n<p>Kuzey K\u0131br\u0131s T\u00fcrk Cumhuriyeti\u2019nin tan\u0131t\u0131lmas\u0131 ve g\u00fc\u00e7lendirilmesi i\u00e7in T\u00fcrkiye Cumhuriyeti\u2019nin deste\u011fiyle \u00e7al\u0131\u015fmalar\u0131n s\u00fcrd\u00fc\u011f\u00fcn\u00fc anlatan Cumhurba\u015fkan\u0131 Ersin Tatar, m\u00fczakerelere e\u015fit egemenlik ve iki e\u015fit egemen devletin kabul edilmesiyle ba\u015flanaca\u011f\u0131n\u0131 ifade etti.<\/p>\n<p>Demokrasinin ilk basama\u011f\u0131 olan ve se\u00e7imle g\u00f6reve gelen muhtarlar\u0131n g\u00f6r\u00fc\u015flerinin \u00f6nemli oldu\u011funu aktaran Cumhurba\u015fkan\u0131 Tatar, K\u0131br\u0131s konusunda muhtarlar\u0131n halk\u0131 bilgilendirmesini istedi.<\/p>\n<p>Kuzey K\u0131br\u0131s T\u00fcrk Cumhuriyeti\u2019nin hak etti\u011fi noktaya gelmesi i\u00e7in i\u015fbirli\u011fi i\u00e7inde \u00e7al\u0131\u015fmalar\u0131n s\u00fcrmesi gerekti\u011fine vurgu yapan Cumhurba\u015fkan\u0131 Tatar, uluslararas\u0131 camiaya, \u201cK\u0131br\u0131s\u2019ta, verdi\u011fi m\u00fccadeleyle ba\u011f\u0131ms\u0131z ve \u00f6zg\u00fcr olan K\u0131br\u0131s T\u00fcrk halk\u0131n\u0131n, devlet sahibi oldu\u011fu\u201d mesaj\u0131 verilmesi gerekti\u011fini kaydetti.<\/p>\n<p>Cumhurba\u015fkan\u0131 Tatar, bug\u00fcne kadar g\u00f6reve gelen t\u00fcm muhtarlar\u0131 sayg\u0131yla and\u0131, hayatta olmayanlara Allah\u2019tan rahmet diledi.<\/p>\n<p>-Yeme\u011fe Meclis Ba\u015fkan\u0131 T\u00f6re de kat\u0131ld\u0131<\/p>\n<p>Muhtarlar Derne\u011fi taraf\u0131ndan d\u00fczenlenen dayan\u0131\u015fma yeme\u011fine Meclis Ba\u015fkan\u0131 T\u00f6re de kat\u0131ld\u0131. Meclis &nbsp;Bas\u0131n Birimi a\u00e7\u0131klamas\u0131na g\u00f6re, T\u00f6re, konu\u015fmas\u0131nda, muhtarlar\u0131n 18 belediye ba\u015fkan\u0131 ile birlikte yerel y\u00f6netimlerde g\u00f6rev ifa etti\u011fini kaydetti.<\/p>\n<p>T\u00f6re, KKTC\u2019nin ambargolar ve izolasyonlar alt\u0131nda olabilece\u011fini ancak devletin birer temsilcisi konumundaki muhtarlar\u0131n en g\u00fc\u00e7l\u00fc seviyede \u00fclkeye sahip \u00e7\u0131kmas\u0131 gerekti\u011fini kaydetti.<\/p>\n<p>\u201cKKTC\u2019nin muhtar\u0131 olmak veya ba\u015fka makamlar\u0131nda g\u00f6rev almak \u015fereftir\u201d diyen T\u00f6re, bu topraklara hep birlikte can verilerek milli devletin kuruldu\u011funu s\u00f6yledi.<\/p>\n<p>T\u00f6re, halk\u0131n s\u0131k\u0131nt\u0131lar\u0131n\u0131 en muhtarlar\u0131n bildi\u011fini kaydederek devlet ile halk aras\u0131nda muhtarlar\u0131n k\u00f6pr\u00fc oldu\u011funu ifade etti.<\/p>\n<p>Cumhuriyet Meclisi Ba\u015fkan\u0131 Zorlu T\u00f6re, halka hizmetin muhtarlardan ba\u015flayarak devletin en \u00fcst kademesine kadar devam etti\u011fini dile getirdi.<\/p>\n<p>-Ba\u015fbakan da kat\u0131ld\u0131<\/p>\n<p>Ba\u015fbakan \u00dcnal \u00dcstel, bakanlar ve di\u011fer \u00fcst d\u00fczey yetkililerin de kat\u0131ld\u0131\u011f\u0131 yemekte, konu\u015fmalar\u0131n ard\u0131ndan Muhtarlar Derne\u011fi taraf\u0131ndan plaket takdimi yap\u0131ld\u0131.<\/p>\n","protected":false},"excerpt":{"rendered":"<p>Cumhurba\u015fkan\u0131 Ersin Tatar, Muhtarlar Derne\u011fi taraf\u0131ndan d\u00fczenlenen birliktelik ve dayan\u0131\u015fma yeme\u011fine kat\u0131ld\u0131. Cumhurba\u015fkanl\u0131\u011f\u0131&#8217;ndan verilen bilgiye g\u00f6re, Cumhurba\u015fkan\u0131 Ersin Tatar, Lefko\u015fa\u2019da ger\u00e7ekle\u015fen yemekte yapt\u0131\u011f\u0131 konu\u015fmada, muhtarlarla s\u00fcrekli bir araya gelip bilgi al\u0131\u015fveri\u015finde bulundu\u011funu belirterek, yapt\u0131klar\u0131 \u00e7al\u0131\u015fmalardan dolay\u0131 muhtarlar\u0131 tebrik etti. Cumhurba\u015fkan\u0131 Tatar, muhtarl\u0131k maa\u015flar\u0131nda iyile\u015ftirme yap\u0131lmas\u0131, muhtarl\u0131k binalar\u0131n\u0131n yap\u0131lmas\u0131, geli\u015ftirilmesi ve muhtarl\u0131k hizmetlerinin desteklenmesi gerekti\u011fine dikkat<\/p>\n","protected":false},"author":1,"featured_media":27309,"comment_status":"open","ping_status":"open","sticky":false,"template":"","format":"standard","meta":{"footnotes":""},"categories":[1],"tags":[],"class_list":["post-27308","post","type-post","status-publish","format-standard","has-post-thumbnail","hentry","category-gundem"],"yoast_head":"<!-- This site is optimized with the Yoast SEO plugin v27.5 - https:\/\/yoast.com\/product\/yoast-seo-wordpress\/ -->\n<title>Cumhurba\u015fkan\u0131 Tatar, T\u00f6re ve \u00dcstel, Muhtarlar Derne\u011fi Dayan\u0131\u015fma Yeme\u011fi\u2019ne kat\u0131ld\u0131 -<\/title>\n<meta name=\"robots\" content=\"index, follow, max-snippet:-1, max-image-preview:large, max-video-preview:-1\" \/>\n<link rel=\"canonical\" href=\"https:\/\/kibrisdakik.com\/?p=27308\" \/>\n<meta property=\"og:locale\" content=\"tr_TR\" \/>\n<meta property=\"og:type\" content=\"article\" \/>\n<meta property=\"og:title\" content=\"Cumhurba\u015fkan\u0131 Tatar, T\u00f6re ve \u00dcstel, Muhtarlar Derne\u011fi Dayan\u0131\u015fma Yeme\u011fi\u2019ne kat\u0131ld\u0131 -\" \/>\n<meta property=\"og:description\" content=\"Cumhurba\u015fkan\u0131 Ersin Tatar, Muhtarlar Derne\u011fi taraf\u0131ndan d\u00fczenlenen birliktelik ve dayan\u0131\u015fma yeme\u011fine kat\u0131ld\u0131. Cumhurba\u015fkanl\u0131\u011f\u0131&#8217;ndan verilen bilgiye g\u00f6re, Cumhurba\u015fkan\u0131 Ersin Tatar, Lefko\u015fa\u2019da ger\u00e7ekle\u015fen yemekte yapt\u0131\u011f\u0131 konu\u015fmada, muhtarlarla s\u00fcrekli bir araya gelip bilgi al\u0131\u015fveri\u015finde bulundu\u011funu belirterek, yapt\u0131klar\u0131 \u00e7al\u0131\u015fmalardan dolay\u0131 muhtarlar\u0131 tebrik etti. Cumhurba\u015fkan\u0131 Tatar, muhtarl\u0131k maa\u015flar\u0131nda iyile\u015ftirme yap\u0131lmas\u0131, muhtarl\u0131k binalar\u0131n\u0131n yap\u0131lmas\u0131, geli\u015ftirilmesi ve muhtarl\u0131k hizmetlerinin desteklenmesi gerekti\u011fine dikkat\" \/>\n<meta property=\"og:url\" content=\"https:\/\/kibrisdakik.com\/?p=27308\" \/>\n<meta property=\"article:published_time\" content=\"2024-01-21T12:27:50+00:00\" \/>\n<meta property=\"og:image\" content=\"https:\/\/kibrisdakik.com\/wp-content\/uploads\/2024\/01\/cumhurbaskani-tatar-tore-ve-ustel-muhtarlar-dernegi-dayanisma-yemegine-katildi-1705838628.webp.webp\" \/>\n\t<meta property=\"og:image:width\" content=\"710\" \/>\n\t<meta property=\"og:image:height\" content=\"370\" \/>\n\t<meta property=\"og:image:type\" content=\"image\/webp\" \/>\n<meta name=\"author\" content=\"admin\" \/>\n<meta name=\"twitter:card\" content=\"summary_large_image\" \/>\n<meta name=\"twitter:label1\" content=\"Yazan:\" \/>\n\t<meta name=\"twitter:data1\" content=\"admin\" \/>\n\t<meta name=\"twitter:label2\" content=\"Tahmini okuma s\u00fcresi\" \/>\n\t<meta name=\"twitter:data2\" content=\"2 dakika\" \/>\n<script type=\"application\/ld+json\" class=\"yoast-schema-graph\">{\"@context\":\"https:\\\/\\\/schema.org\",\"@graph\":[{\"@type\":\"Article\",\"@id\":\"https:\\\/\\\/kibrisdakik.com\\\/?p=27308#article\",\"isPartOf\":{\"@id\":\"https:\\\/\\\/kibrisdakik.com\\\/?p=27308\"},\"author\":{\"name\":\"admin\",\"@id\":\"https:\\\/\\\/kibrisdakik.com\\\/#\\\/schema\\\/person\\\/9cd9d437bbb44f72b73ba127e06d8e79\"},\"headline\":\"Cumhurba\u015fkan\u0131 Tatar, T\u00f6re ve \u00dcstel, Muhtarlar Derne\u011fi Dayan\u0131\u015fma Yeme\u011fi\u2019ne kat\u0131ld\u0131\",\"datePublished\":\"2024-01-21T12:27:50+00:00\",\"mainEntityOfPage\":{\"@id\":\"https:\\\/\\\/kibrisdakik.com\\\/?p=27308\"},\"wordCount\":478,\"commentCount\":0,\"image\":{\"@id\":\"https:\\\/\\\/kibrisdakik.com\\\/?p=27308#primaryimage\"},\"thumbnailUrl\":\"https:\\\/\\\/kibrisdakik.com\\\/wp-content\\\/uploads\\\/2024\\\/01\\\/cumhurbaskani-tatar-tore-ve-ustel-muhtarlar-dernegi-dayanisma-yemegine-katildi-1705838628.webp.webp\",\"articleSection\":[\"G\u00fcndem\"],\"inLanguage\":\"tr\",\"potentialAction\":[{\"@type\":\"CommentAction\",\"name\":\"Comment\",\"target\":[\"https:\\\/\\\/kibrisdakik.com\\\/?p=27308#respond\"]}]},{\"@type\":\"WebPage\",\"@id\":\"https:\\\/\\\/kibrisdakik.com\\\/?p=27308\",\"url\":\"https:\\\/\\\/kibrisdakik.com\\\/?p=27308\",\"name\":\"Cumhurba\u015fkan\u0131 Tatar, T\u00f6re ve \u00dcstel, Muhtarlar Derne\u011fi Dayan\u0131\u015fma Yeme\u011fi\u2019ne kat\u0131ld\u0131 -\",\"isPartOf\":{\"@id\":\"https:\\\/\\\/kibrisdakik.com\\\/#website\"},\"primaryImageOfPage\":{\"@id\":\"https:\\\/\\\/kibrisdakik.com\\\/?p=27308#primaryimage\"},\"image\":{\"@id\":\"https:\\\/\\\/kibrisdakik.com\\\/?p=27308#primaryimage\"},\"thumbnailUrl\":\"https:\\\/\\\/kibrisdakik.com\\\/wp-content\\\/uploads\\\/2024\\\/01\\\/cumhurbaskani-tatar-tore-ve-ustel-muhtarlar-dernegi-dayanisma-yemegine-katildi-1705838628.webp.webp\",\"datePublished\":\"2024-01-21T12:27:50+00:00\",\"author\":{\"@id\":\"https:\\\/\\\/kibrisdakik.com\\\/#\\\/schema\\\/person\\\/9cd9d437bbb44f72b73ba127e06d8e79\"},\"breadcrumb\":{\"@id\":\"https:\\\/\\\/kibrisdakik.com\\\/?p=27308#breadcrumb\"},\"inLanguage\":\"tr\",\"potentialAction\":[{\"@type\":\"ReadAction\",\"target\":[\"https:\\\/\\\/kibrisdakik.com\\\/?p=27308\"]}]},{\"@type\":\"ImageObject\",\"inLanguage\":\"tr\",\"@id\":\"https:\\\/\\\/kibrisdakik.com\\\/?p=27308#primaryimage\",\"url\":\"https:\\\/\\\/kibrisdakik.com\\\/wp-content\\\/uploads\\\/2024\\\/01\\\/cumhurbaskani-tatar-tore-ve-ustel-muhtarlar-dernegi-dayanisma-yemegine-katildi-1705838628.webp.webp\",\"contentUrl\":\"https:\\\/\\\/kibrisdakik.com\\\/wp-content\\\/uploads\\\/2024\\\/01\\\/cumhurbaskani-tatar-tore-ve-ustel-muhtarlar-dernegi-dayanisma-yemegine-katildi-1705838628.webp.webp\",\"width\":710,\"height\":370},{\"@type\":\"BreadcrumbList\",\"@id\":\"https:\\\/\\\/kibrisdakik.com\\\/?p=27308#breadcrumb\",\"itemListElement\":[{\"@type\":\"ListItem\",\"position\":1,\"name\":\"Home\",\"item\":\"https:\\\/\\\/kibrisdakik.com\\\/\"},{\"@type\":\"ListItem\",\"position\":2,\"name\":\"Cumhurba\u015fkan\u0131 Tatar, T\u00f6re ve \u00dcstel, Muhtarlar Derne\u011fi Dayan\u0131\u015fma Yeme\u011fi\u2019ne kat\u0131ld\u0131\"}]},{\"@type\":\"WebSite\",\"@id\":\"https:\\\/\\\/kibrisdakik.com\\\/#website\",\"url\":\"https:\\\/\\\/kibrisdakik.com\\\/\",\"name\":\"\",\"description\":\"Tam vaktinde haber\",\"potentialAction\":[{\"@type\":\"SearchAction\",\"target\":{\"@type\":\"EntryPoint\",\"urlTemplate\":\"https:\\\/\\\/kibrisdakik.com\\\/?s={search_term_string}\"},\"query-input\":{\"@type\":\"PropertyValueSpecification\",\"valueRequired\":true,\"valueName\":\"search_term_string\"}}],\"inLanguage\":\"tr\"},{\"@type\":\"Person\",\"@id\":\"https:\\\/\\\/kibrisdakik.com\\\/#\\\/schema\\\/person\\\/9cd9d437bbb44f72b73ba127e06d8e79\",\"name\":\"admin\",\"image\":{\"@type\":\"ImageObject\",\"inLanguage\":\"tr\",\"@id\":\"https:\\\/\\\/secure.gravatar.com\\\/avatar\\\/ccc17943b9d660506c869530f897617f7cb1c21a4bf30023f252596d83e1f007?s=96&d=mm&r=g\",\"url\":\"https:\\\/\\\/secure.gravatar.com\\\/avatar\\\/ccc17943b9d660506c869530f897617f7cb1c21a4bf30023f252596d83e1f007?s=96&d=mm&r=g\",\"contentUrl\":\"https:\\\/\\\/secure.gravatar.com\\\/avatar\\\/ccc17943b9d660506c869530f897617f7cb1c21a4bf30023f252596d83e1f007?s=96&d=mm&r=g\",\"caption\":\"admin\"},\"sameAs\":[\"https:\\\/\\\/kibrisdakik.com\"],\"url\":\"https:\\\/\\\/kibrisdakik.com\\\/?author=1\"}]}<\/script>\n<!-- \/ Yoast SEO plugin. -->","yoast_head_json":{"title":"Cumhurba\u015fkan\u0131 Tatar, T\u00f6re ve \u00dcstel, Muhtarlar Derne\u011fi Dayan\u0131\u015fma Yeme\u011fi\u2019ne kat\u0131ld\u0131 -","robots":{"index":"index","follow":"follow","max-snippet":"max-snippet:-1","max-image-preview":"max-image-preview:large","max-video-preview":"max-video-preview:-1"},"canonical":"https:\/\/kibrisdakik.com\/?p=27308","og_locale":"tr_TR","og_type":"article","og_title":"Cumhurba\u015fkan\u0131 Tatar, T\u00f6re ve \u00dcstel, Muhtarlar Derne\u011fi Dayan\u0131\u015fma Yeme\u011fi\u2019ne kat\u0131ld\u0131 -","og_description":"Cumhurba\u015fkan\u0131 Ersin Tatar, Muhtarlar Derne\u011fi taraf\u0131ndan d\u00fczenlenen birliktelik ve dayan\u0131\u015fma yeme\u011fine kat\u0131ld\u0131. Cumhurba\u015fkanl\u0131\u011f\u0131&#8217;ndan verilen bilgiye g\u00f6re, Cumhurba\u015fkan\u0131 Ersin Tatar, Lefko\u015fa\u2019da ger\u00e7ekle\u015fen yemekte yapt\u0131\u011f\u0131 konu\u015fmada, muhtarlarla s\u00fcrekli bir araya gelip bilgi al\u0131\u015fveri\u015finde bulundu\u011funu belirterek, yapt\u0131klar\u0131 \u00e7al\u0131\u015fmalardan dolay\u0131 muhtarlar\u0131 tebrik etti. Cumhurba\u015fkan\u0131 Tatar, muhtarl\u0131k maa\u015flar\u0131nda iyile\u015ftirme yap\u0131lmas\u0131, muhtarl\u0131k binalar\u0131n\u0131n yap\u0131lmas\u0131, geli\u015ftirilmesi ve muhtarl\u0131k hizmetlerinin desteklenmesi gerekti\u011fine dikkat","og_url":"https:\/\/kibrisdakik.com\/?p=27308","article_published_time":"2024-01-21T12:27:50+00:00","og_image":[{"width":710,"height":370,"url":"https:\/\/kibrisdakik.com\/wp-content\/uploads\/2024\/01\/cumhurbaskani-tatar-tore-ve-ustel-muhtarlar-dernegi-dayanisma-yemegine-katildi-1705838628.webp.webp","type":"image\/webp"}],"author":"admin","twitter_card":"summary_large_image","twitter_misc":{"Yazan:":"admin","Tahmini okuma s\u00fcresi":"2 dakika"},"schema":{"@context":"https:\/\/schema.org","@graph":[{"@type":"Article","@id":"https:\/\/kibrisdakik.com\/?p=27308#article","isPartOf":{"@id":"https:\/\/kibrisdakik.com\/?p=27308"},"author":{"name":"admin","@id":"https:\/\/kibrisdakik.com\/#\/schema\/person\/9cd9d437bbb44f72b73ba127e06d8e79"},"headline":"Cumhurba\u015fkan\u0131 Tatar, T\u00f6re ve \u00dcstel, Muhtarlar Derne\u011fi Dayan\u0131\u015fma Yeme\u011fi\u2019ne kat\u0131ld\u0131","datePublished":"2024-01-21T12:27:50+00:00","mainEntityOfPage":{"@id":"https:\/\/kibrisdakik.com\/?p=27308"},"wordCount":478,"commentCount":0,"image":{"@id":"https:\/\/kibrisdakik.com\/?p=27308#primaryimage"},"thumbnailUrl":"https:\/\/kibrisdakik.com\/wp-content\/uploads\/2024\/01\/cumhurbaskani-tatar-tore-ve-ustel-muhtarlar-dernegi-dayanisma-yemegine-katildi-1705838628.webp.webp","articleSection":["G\u00fcndem"],"inLanguage":"tr","potentialAction":[{"@type":"CommentAction","name":"Comment","target":["https:\/\/kibrisdakik.com\/?p=27308#respond"]}]},{"@type":"WebPage","@id":"https:\/\/kibrisdakik.com\/?p=27308","url":"https:\/\/kibrisdakik.com\/?p=27308","name":"Cumhurba\u015fkan\u0131 Tatar, T\u00f6re ve \u00dcstel, Muhtarlar Derne\u011fi Dayan\u0131\u015fma Yeme\u011fi\u2019ne kat\u0131ld\u0131 -","isPartOf":{"@id":"https:\/\/kibrisdakik.com\/#website"},"primaryImageOfPage":{"@id":"https:\/\/kibrisdakik.com\/?p=27308#primaryimage"},"image":{"@id":"https:\/\/kibrisdakik.com\/?p=27308#primaryimage"},"thumbnailUrl":"https:\/\/kibrisdakik.com\/wp-content\/uploads\/2024\/01\/cumhurbaskani-tatar-tore-ve-ustel-muhtarlar-dernegi-dayanisma-yemegine-katildi-1705838628.webp.webp","datePublished":"2024-01-21T12:27:50+00:00","author":{"@id":"https:\/\/kibrisdakik.com\/#\/schema\/person\/9cd9d437bbb44f72b73ba127e06d8e79"},"breadcrumb":{"@id":"https:\/\/kibrisdakik.com\/?p=27308#breadcrumb"},"inLanguage":"tr","potentialAction":[{"@type":"ReadAction","target":["https:\/\/kibrisdakik.com\/?p=27308"]}]},{"@type":"ImageObject","inLanguage":"tr","@id":"https:\/\/kibrisdakik.com\/?p=27308#primaryimage","url":"https:\/\/kibrisdakik.com\/wp-content\/uploads\/2024\/01\/cumhurbaskani-tatar-tore-ve-ustel-muhtarlar-dernegi-dayanisma-yemegine-katildi-1705838628.webp.webp","contentUrl":"https:\/\/kibrisdakik.com\/wp-content\/uploads\/2024\/01\/cumhurbaskani-tatar-tore-ve-ustel-muhtarlar-dernegi-dayanisma-yemegine-katildi-1705838628.webp.webp","width":710,"height":370},{"@type":"BreadcrumbList","@id":"https:\/\/kibrisdakik.com\/?p=27308#breadcrumb","itemListElement":[{"@type":"ListItem","position":1,"name":"Home","item":"https:\/\/kibrisdakik.com\/"},{"@type":"ListItem","position":2,"name":"Cumhurba\u015fkan\u0131 Tatar, T\u00f6re ve \u00dcstel, Muhtarlar Derne\u011fi Dayan\u0131\u015fma Yeme\u011fi\u2019ne kat\u0131ld\u0131"}]},{"@type":"WebSite","@id":"https:\/\/kibrisdakik.com\/#website","url":"https:\/\/kibrisdakik.com\/","name":"","description":"Tam vaktinde haber","potentialAction":[{"@type":"SearchAction","target":{"@type":"EntryPoint","urlTemplate":"https:\/\/kibrisdakik.com\/?s={search_term_string}"},"query-input":{"@type":"PropertyValueSpecification","valueRequired":true,"valueName":"search_term_string"}}],"inLanguage":"tr"},{"@type":"Person","@id":"https:\/\/kibrisdakik.com\/#\/schema\/person\/9cd9d437bbb44f72b73ba127e06d8e79","name":"admin","image":{"@type":"ImageObject","inLanguage":"tr","@id":"https:\/\/secure.gravatar.com\/avatar\/ccc17943b9d660506c869530f897617f7cb1c21a4bf30023f252596d83e1f007?s=96&d=mm&r=g","url":"https:\/\/secure.gravatar.com\/avatar\/ccc17943b9d660506c869530f897617f7cb1c21a4bf30023f252596d83e1f007?s=96&d=mm&r=g","contentUrl":"https:\/\/secure.gravatar.com\/avatar\/ccc17943b9d660506c869530f897617f7cb1c21a4bf30023f252596d83e1f007?s=96&d=mm&r=g","caption":"admin"},"sameAs":["https:\/\/kibrisdakik.com"],"url":"https:\/\/kibrisdakik.com\/?author=1"}]}},"_links":{"self":[{"href":"https:\/\/kibrisdakik.com\/index.php?rest_route=\/wp\/v2\/posts\/27308","targetHints":{"allow":["GET"]}}],"collection":[{"href":"https:\/\/kibrisdakik.com\/index.php?rest_route=\/wp\/v2\/posts"}],"about":[{"href":"https:\/\/kibrisdakik.com\/index.php?rest_route=\/wp\/v2\/types\/post"}],"author":[{"embeddable":true,"href":"https:\/\/kibrisdakik.com\/index.php?rest_route=\/wp\/v2\/users\/1"}],"replies":[{"embeddable":true,"href":"https:\/\/kibrisdakik.com\/index.php?rest_route=%2Fwp%2Fv2%2Fcomments&post=27308"}],"version-history":[{"count":0,"href":"https:\/\/kibrisdakik.com\/index.php?rest_route=\/wp\/v2\/posts\/27308\/revisions"}],"wp:featuredmedia":[{"embeddable":true,"href":"https:\/\/kibrisdakik.com\/index.php?rest_route=\/wp\/v2\/media\/27309"}],"wp:attachment":[{"href":"https:\/\/kibrisdakik.com\/index.php?rest_route=%2Fwp%2Fv2%2Fmedia&parent=27308"}],"wp:term":[{"taxonomy":"category","embeddable":true,"href":"https:\/\/kibrisdakik.com\/index.php?rest_route=%2Fwp%2Fv2%2Fcategories&post=27308"},{"taxonomy":"post_tag","embeddable":true,"href":"https:\/\/kibrisdakik.com\/index.php?rest_route=%2Fwp%2Fv2%2Ftags&post=27308"}],"curies":[{"name":"wp","href":"https:\/\/api.w.org\/{rel}","templated":true}]}}