{"id":27340,"date":"2024-01-21T21:36:53","date_gmt":"2024-01-21T21:36:53","guid":{"rendered":"https:\/\/kibrisdakik.com\/index.php\/2024\/01\/21\/abdde-kar-firtinasi-ve-kutup-soguklarinda-can-kaybi-sayisi-artti\/"},"modified":"2024-01-21T21:36:53","modified_gmt":"2024-01-21T21:36:53","slug":"abdde-kar-firtinasi-ve-kutup-soguklarinda-can-kaybi-sayisi-artti","status":"publish","type":"post","link":"https:\/\/kibrisdakik.com\/?p=27340","title":{"rendered":"ABD\u2019de kar f\u0131rt\u0131nas\u0131 ve kutup so\u011fuklar\u0131nda can kayb\u0131 say\u0131s\u0131 artt\u0131"},"content":{"rendered":"<p><img decoding=\"async\" src=\"https:\/\/www.kibristurk.com\/images\/haberler\/2024\/01\/abdde-kar-firtinasi-ve-kutup-soguklarinda-can-kaybi-sayisi-artti-1705869907.webp\" \/><\/p>\n<p><strong>ABD\u2019de etkisini s\u00fcrd\u00fcren kar f\u0131rt\u0131nas\u0131 ve kutup so\u011fuklar\u0131 nedeniyle ge\u00e7ti\u011fimiz haftadan bu yana hayat\u0131n\u0131 kaybedenlerin say\u0131s\u0131 89\u2019a y\u00fckseldi.<\/strong><br \/>\nABD&#8217;nin b\u00fcy\u00fck bir b\u00f6l\u00fcm\u00fcn\u00fc etkisi alt\u0131na alan kar f\u0131rt\u0131nas\u0131 ve kutup so\u011fuklar\u0131 nedeniyle can kayb\u0131 giderek art\u0131yor. A\u015f\u0131r\u0131 so\u011fuklar nedeniyle \u00fclke genelinde ge\u00e7ti\u011fimiz haftadan bu yana hayat\u0131n\u0131 kaybedenlerin say\u0131s\u0131 89\u2019a y\u00fckseldi.<\/p>\n<p>En \u00e7ok kay\u0131p 25 can kayb\u0131 ile Tennessee\u2019de ya\u015fan\u0131rken, Oregon 16 can kayb\u0131yla ikinci s\u0131rada yer ald\u0131. Illinois, Pennsylvania, Mississippi, Washington, Kentucky, Wisconsin, New York, New Jersey ve bir\u00e7ok eyalette de can kay\u0131plar\u0131 rapor edildi.<\/p>\n<p>Washington eyaletinde bulunan Seattle&#8217;da sadece d\u00f6rt g\u00fcn i\u00e7inde \u00e7o\u011fu evsiz oldu\u011fu tahmin edilen 5 ki\u015fi hayat\u0131n\u0131 kaybetti.<\/p>\n<p>ABD\u2019de kar f\u0131rt\u0131nas\u0131 ve kutup so\u011fuklar\u0131nda can kayb\u0131 say\u0131s\u0131 artt\u0131 &#8211; 1<br \/>\nMississippi&#8217;de liseler ve \u00fcniversiteler, olumsuz hava \u015fartlar\u0131 nedeniyle \u00f6\u011frencilerin k\u0131\u015f tatilinden d\u00f6n\u00fc\u015flerini erteledi.<\/p>\n<p>Oregon&#8217;da yakla\u015f\u0131k 10 bin, Kuzey Carolina&#8217;da 8 bin, California&#8217;da 7 bin ve Kentucky&#8217;de 4 bin 300 ki\u015fi elektriksiz kald\u0131. Olumsuz hava \u015fartlar\u0131n\u0131n hafta ba\u015f\u0131na kadar devam etmesi bekleniyor.<\/p>\n","protected":false},"excerpt":{"rendered":"<p>ABD\u2019de etkisini s\u00fcrd\u00fcren kar f\u0131rt\u0131nas\u0131 ve kutup so\u011fuklar\u0131 nedeniyle ge\u00e7ti\u011fimiz haftadan bu yana hayat\u0131n\u0131 kaybedenlerin say\u0131s\u0131 89\u2019a y\u00fckseldi. ABD&#8217;nin b\u00fcy\u00fck bir b\u00f6l\u00fcm\u00fcn\u00fc etkisi alt\u0131na alan kar f\u0131rt\u0131nas\u0131 ve kutup so\u011fuklar\u0131 nedeniyle can kayb\u0131 giderek art\u0131yor. A\u015f\u0131r\u0131 so\u011fuklar nedeniyle \u00fclke genelinde ge\u00e7ti\u011fimiz haftadan bu yana hayat\u0131n\u0131 kaybedenlerin say\u0131s\u0131 89\u2019a y\u00fckseldi. En \u00e7ok kay\u0131p 25 can kayb\u0131<\/p>\n","protected":false},"author":1,"featured_media":27341,"comment_status":"open","ping_status":"open","sticky":false,"template":"","format":"standard","meta":{"footnotes":""},"categories":[1],"tags":[],"class_list":["post-27340","post","type-post","status-publish","format-standard","has-post-thumbnail","hentry","category-gundem"],"yoast_head":"<!-- This site is optimized with the Yoast SEO plugin v27.5 - https:\/\/yoast.com\/product\/yoast-seo-wordpress\/ -->\n<title>ABD\u2019de kar f\u0131rt\u0131nas\u0131 ve kutup so\u011fuklar\u0131nda can kayb\u0131 say\u0131s\u0131 artt\u0131 -<\/title>\n<meta name=\"robots\" content=\"index, follow, max-snippet:-1, max-image-preview:large, max-video-preview:-1\" \/>\n<link rel=\"canonical\" href=\"https:\/\/kibrisdakik.com\/?p=27340\" \/>\n<meta property=\"og:locale\" content=\"tr_TR\" \/>\n<meta property=\"og:type\" content=\"article\" \/>\n<meta property=\"og:title\" content=\"ABD\u2019de kar f\u0131rt\u0131nas\u0131 ve kutup so\u011fuklar\u0131nda can kayb\u0131 say\u0131s\u0131 artt\u0131 -\" \/>\n<meta property=\"og:description\" content=\"ABD\u2019de etkisini s\u00fcrd\u00fcren kar f\u0131rt\u0131nas\u0131 ve kutup so\u011fuklar\u0131 nedeniyle ge\u00e7ti\u011fimiz haftadan bu yana hayat\u0131n\u0131 kaybedenlerin say\u0131s\u0131 89\u2019a y\u00fckseldi. ABD&#8217;nin b\u00fcy\u00fck bir b\u00f6l\u00fcm\u00fcn\u00fc etkisi alt\u0131na alan kar f\u0131rt\u0131nas\u0131 ve kutup so\u011fuklar\u0131 nedeniyle can kayb\u0131 giderek art\u0131yor. A\u015f\u0131r\u0131 so\u011fuklar nedeniyle \u00fclke genelinde ge\u00e7ti\u011fimiz haftadan bu yana hayat\u0131n\u0131 kaybedenlerin say\u0131s\u0131 89\u2019a y\u00fckseldi. En \u00e7ok kay\u0131p 25 can kayb\u0131\" \/>\n<meta property=\"og:url\" content=\"https:\/\/kibrisdakik.com\/?p=27340\" \/>\n<meta property=\"article:published_time\" content=\"2024-01-21T21:36:53+00:00\" \/>\n<meta property=\"og:image\" content=\"https:\/\/kibrisdakik.com\/wp-content\/uploads\/2024\/01\/abdde-kar-firtinasi-ve-kutup-soguklarinda-can-kaybi-sayisi-artti-1705869907.webp.webp\" \/>\n\t<meta property=\"og:image:width\" content=\"710\" \/>\n\t<meta property=\"og:image:height\" content=\"370\" \/>\n\t<meta property=\"og:image:type\" content=\"image\/webp\" \/>\n<meta name=\"author\" content=\"admin\" \/>\n<meta name=\"twitter:card\" content=\"summary_large_image\" \/>\n<meta name=\"twitter:label1\" content=\"Yazan:\" \/>\n\t<meta name=\"twitter:data1\" content=\"admin\" \/>\n\t<meta name=\"twitter:label2\" content=\"Tahmini okuma s\u00fcresi\" \/>\n\t<meta name=\"twitter:data2\" content=\"1 dakika\" \/>\n<script type=\"application\/ld+json\" class=\"yoast-schema-graph\">{\"@context\":\"https:\\\/\\\/schema.org\",\"@graph\":[{\"@type\":\"Article\",\"@id\":\"https:\\\/\\\/kibrisdakik.com\\\/?p=27340#article\",\"isPartOf\":{\"@id\":\"https:\\\/\\\/kibrisdakik.com\\\/?p=27340\"},\"author\":{\"name\":\"admin\",\"@id\":\"https:\\\/\\\/kibrisdakik.com\\\/#\\\/schema\\\/person\\\/9cd9d437bbb44f72b73ba127e06d8e79\"},\"headline\":\"ABD\u2019de kar f\u0131rt\u0131nas\u0131 ve kutup so\u011fuklar\u0131nda can kayb\u0131 say\u0131s\u0131 artt\u0131\",\"datePublished\":\"2024-01-21T21:36:53+00:00\",\"mainEntityOfPage\":{\"@id\":\"https:\\\/\\\/kibrisdakik.com\\\/?p=27340\"},\"wordCount\":217,\"commentCount\":0,\"image\":{\"@id\":\"https:\\\/\\\/kibrisdakik.com\\\/?p=27340#primaryimage\"},\"thumbnailUrl\":\"https:\\\/\\\/kibrisdakik.com\\\/wp-content\\\/uploads\\\/2024\\\/01\\\/abdde-kar-firtinasi-ve-kutup-soguklarinda-can-kaybi-sayisi-artti-1705869907.webp.webp\",\"articleSection\":[\"G\u00fcndem\"],\"inLanguage\":\"tr\",\"potentialAction\":[{\"@type\":\"CommentAction\",\"name\":\"Comment\",\"target\":[\"https:\\\/\\\/kibrisdakik.com\\\/?p=27340#respond\"]}]},{\"@type\":\"WebPage\",\"@id\":\"https:\\\/\\\/kibrisdakik.com\\\/?p=27340\",\"url\":\"https:\\\/\\\/kibrisdakik.com\\\/?p=27340\",\"name\":\"ABD\u2019de kar f\u0131rt\u0131nas\u0131 ve kutup so\u011fuklar\u0131nda can kayb\u0131 say\u0131s\u0131 artt\u0131 -\",\"isPartOf\":{\"@id\":\"https:\\\/\\\/kibrisdakik.com\\\/#website\"},\"primaryImageOfPage\":{\"@id\":\"https:\\\/\\\/kibrisdakik.com\\\/?p=27340#primaryimage\"},\"image\":{\"@id\":\"https:\\\/\\\/kibrisdakik.com\\\/?p=27340#primaryimage\"},\"thumbnailUrl\":\"https:\\\/\\\/kibrisdakik.com\\\/wp-content\\\/uploads\\\/2024\\\/01\\\/abdde-kar-firtinasi-ve-kutup-soguklarinda-can-kaybi-sayisi-artti-1705869907.webp.webp\",\"datePublished\":\"2024-01-21T21:36:53+00:00\",\"author\":{\"@id\":\"https:\\\/\\\/kibrisdakik.com\\\/#\\\/schema\\\/person\\\/9cd9d437bbb44f72b73ba127e06d8e79\"},\"breadcrumb\":{\"@id\":\"https:\\\/\\\/kibrisdakik.com\\\/?p=27340#breadcrumb\"},\"inLanguage\":\"tr\",\"potentialAction\":[{\"@type\":\"ReadAction\",\"target\":[\"https:\\\/\\\/kibrisdakik.com\\\/?p=27340\"]}]},{\"@type\":\"ImageObject\",\"inLanguage\":\"tr\",\"@id\":\"https:\\\/\\\/kibrisdakik.com\\\/?p=27340#primaryimage\",\"url\":\"https:\\\/\\\/kibrisdakik.com\\\/wp-content\\\/uploads\\\/2024\\\/01\\\/abdde-kar-firtinasi-ve-kutup-soguklarinda-can-kaybi-sayisi-artti-1705869907.webp.webp\",\"contentUrl\":\"https:\\\/\\\/kibrisdakik.com\\\/wp-content\\\/uploads\\\/2024\\\/01\\\/abdde-kar-firtinasi-ve-kutup-soguklarinda-can-kaybi-sayisi-artti-1705869907.webp.webp\",\"width\":710,\"height\":370},{\"@type\":\"BreadcrumbList\",\"@id\":\"https:\\\/\\\/kibrisdakik.com\\\/?p=27340#breadcrumb\",\"itemListElement\":[{\"@type\":\"ListItem\",\"position\":1,\"name\":\"Home\",\"item\":\"https:\\\/\\\/kibrisdakik.com\\\/\"},{\"@type\":\"ListItem\",\"position\":2,\"name\":\"ABD\u2019de kar f\u0131rt\u0131nas\u0131 ve kutup so\u011fuklar\u0131nda can kayb\u0131 say\u0131s\u0131 artt\u0131\"}]},{\"@type\":\"WebSite\",\"@id\":\"https:\\\/\\\/kibrisdakik.com\\\/#website\",\"url\":\"https:\\\/\\\/kibrisdakik.com\\\/\",\"name\":\"\",\"description\":\"Tam vaktinde haber\",\"potentialAction\":[{\"@type\":\"SearchAction\",\"target\":{\"@type\":\"EntryPoint\",\"urlTemplate\":\"https:\\\/\\\/kibrisdakik.com\\\/?s={search_term_string}\"},\"query-input\":{\"@type\":\"PropertyValueSpecification\",\"valueRequired\":true,\"valueName\":\"search_term_string\"}}],\"inLanguage\":\"tr\"},{\"@type\":\"Person\",\"@id\":\"https:\\\/\\\/kibrisdakik.com\\\/#\\\/schema\\\/person\\\/9cd9d437bbb44f72b73ba127e06d8e79\",\"name\":\"admin\",\"image\":{\"@type\":\"ImageObject\",\"inLanguage\":\"tr\",\"@id\":\"https:\\\/\\\/secure.gravatar.com\\\/avatar\\\/ccc17943b9d660506c869530f897617f7cb1c21a4bf30023f252596d83e1f007?s=96&d=mm&r=g\",\"url\":\"https:\\\/\\\/secure.gravatar.com\\\/avatar\\\/ccc17943b9d660506c869530f897617f7cb1c21a4bf30023f252596d83e1f007?s=96&d=mm&r=g\",\"contentUrl\":\"https:\\\/\\\/secure.gravatar.com\\\/avatar\\\/ccc17943b9d660506c869530f897617f7cb1c21a4bf30023f252596d83e1f007?s=96&d=mm&r=g\",\"caption\":\"admin\"},\"sameAs\":[\"https:\\\/\\\/kibrisdakik.com\"],\"url\":\"https:\\\/\\\/kibrisdakik.com\\\/?author=1\"}]}<\/script>\n<!-- \/ Yoast SEO plugin. -->","yoast_head_json":{"title":"ABD\u2019de kar f\u0131rt\u0131nas\u0131 ve kutup so\u011fuklar\u0131nda can kayb\u0131 say\u0131s\u0131 artt\u0131 -","robots":{"index":"index","follow":"follow","max-snippet":"max-snippet:-1","max-image-preview":"max-image-preview:large","max-video-preview":"max-video-preview:-1"},"canonical":"https:\/\/kibrisdakik.com\/?p=27340","og_locale":"tr_TR","og_type":"article","og_title":"ABD\u2019de kar f\u0131rt\u0131nas\u0131 ve kutup so\u011fuklar\u0131nda can kayb\u0131 say\u0131s\u0131 artt\u0131 -","og_description":"ABD\u2019de etkisini s\u00fcrd\u00fcren kar f\u0131rt\u0131nas\u0131 ve kutup so\u011fuklar\u0131 nedeniyle ge\u00e7ti\u011fimiz haftadan bu yana hayat\u0131n\u0131 kaybedenlerin say\u0131s\u0131 89\u2019a y\u00fckseldi. ABD&#8217;nin b\u00fcy\u00fck bir b\u00f6l\u00fcm\u00fcn\u00fc etkisi alt\u0131na alan kar f\u0131rt\u0131nas\u0131 ve kutup so\u011fuklar\u0131 nedeniyle can kayb\u0131 giderek art\u0131yor. A\u015f\u0131r\u0131 so\u011fuklar nedeniyle \u00fclke genelinde ge\u00e7ti\u011fimiz haftadan bu yana hayat\u0131n\u0131 kaybedenlerin say\u0131s\u0131 89\u2019a y\u00fckseldi. En \u00e7ok kay\u0131p 25 can kayb\u0131","og_url":"https:\/\/kibrisdakik.com\/?p=27340","article_published_time":"2024-01-21T21:36:53+00:00","og_image":[{"width":710,"height":370,"url":"https:\/\/kibrisdakik.com\/wp-content\/uploads\/2024\/01\/abdde-kar-firtinasi-ve-kutup-soguklarinda-can-kaybi-sayisi-artti-1705869907.webp.webp","type":"image\/webp"}],"author":"admin","twitter_card":"summary_large_image","twitter_misc":{"Yazan:":"admin","Tahmini okuma s\u00fcresi":"1 dakika"},"schema":{"@context":"https:\/\/schema.org","@graph":[{"@type":"Article","@id":"https:\/\/kibrisdakik.com\/?p=27340#article","isPartOf":{"@id":"https:\/\/kibrisdakik.com\/?p=27340"},"author":{"name":"admin","@id":"https:\/\/kibrisdakik.com\/#\/schema\/person\/9cd9d437bbb44f72b73ba127e06d8e79"},"headline":"ABD\u2019de kar f\u0131rt\u0131nas\u0131 ve kutup so\u011fuklar\u0131nda can kayb\u0131 say\u0131s\u0131 artt\u0131","datePublished":"2024-01-21T21:36:53+00:00","mainEntityOfPage":{"@id":"https:\/\/kibrisdakik.com\/?p=27340"},"wordCount":217,"commentCount":0,"image":{"@id":"https:\/\/kibrisdakik.com\/?p=27340#primaryimage"},"thumbnailUrl":"https:\/\/kibrisdakik.com\/wp-content\/uploads\/2024\/01\/abdde-kar-firtinasi-ve-kutup-soguklarinda-can-kaybi-sayisi-artti-1705869907.webp.webp","articleSection":["G\u00fcndem"],"inLanguage":"tr","potentialAction":[{"@type":"CommentAction","name":"Comment","target":["https:\/\/kibrisdakik.com\/?p=27340#respond"]}]},{"@type":"WebPage","@id":"https:\/\/kibrisdakik.com\/?p=27340","url":"https:\/\/kibrisdakik.com\/?p=27340","name":"ABD\u2019de kar f\u0131rt\u0131nas\u0131 ve kutup so\u011fuklar\u0131nda can kayb\u0131 say\u0131s\u0131 artt\u0131 -","isPartOf":{"@id":"https:\/\/kibrisdakik.com\/#website"},"primaryImageOfPage":{"@id":"https:\/\/kibrisdakik.com\/?p=27340#primaryimage"},"image":{"@id":"https:\/\/kibrisdakik.com\/?p=27340#primaryimage"},"thumbnailUrl":"https:\/\/kibrisdakik.com\/wp-content\/uploads\/2024\/01\/abdde-kar-firtinasi-ve-kutup-soguklarinda-can-kaybi-sayisi-artti-1705869907.webp.webp","datePublished":"2024-01-21T21:36:53+00:00","author":{"@id":"https:\/\/kibrisdakik.com\/#\/schema\/person\/9cd9d437bbb44f72b73ba127e06d8e79"},"breadcrumb":{"@id":"https:\/\/kibrisdakik.com\/?p=27340#breadcrumb"},"inLanguage":"tr","potentialAction":[{"@type":"ReadAction","target":["https:\/\/kibrisdakik.com\/?p=27340"]}]},{"@type":"ImageObject","inLanguage":"tr","@id":"https:\/\/kibrisdakik.com\/?p=27340#primaryimage","url":"https:\/\/kibrisdakik.com\/wp-content\/uploads\/2024\/01\/abdde-kar-firtinasi-ve-kutup-soguklarinda-can-kaybi-sayisi-artti-1705869907.webp.webp","contentUrl":"https:\/\/kibrisdakik.com\/wp-content\/uploads\/2024\/01\/abdde-kar-firtinasi-ve-kutup-soguklarinda-can-kaybi-sayisi-artti-1705869907.webp.webp","width":710,"height":370},{"@type":"BreadcrumbList","@id":"https:\/\/kibrisdakik.com\/?p=27340#breadcrumb","itemListElement":[{"@type":"ListItem","position":1,"name":"Home","item":"https:\/\/kibrisdakik.com\/"},{"@type":"ListItem","position":2,"name":"ABD\u2019de kar f\u0131rt\u0131nas\u0131 ve kutup so\u011fuklar\u0131nda can kayb\u0131 say\u0131s\u0131 artt\u0131"}]},{"@type":"WebSite","@id":"https:\/\/kibrisdakik.com\/#website","url":"https:\/\/kibrisdakik.com\/","name":"","description":"Tam vaktinde haber","potentialAction":[{"@type":"SearchAction","target":{"@type":"EntryPoint","urlTemplate":"https:\/\/kibrisdakik.com\/?s={search_term_string}"},"query-input":{"@type":"PropertyValueSpecification","valueRequired":true,"valueName":"search_term_string"}}],"inLanguage":"tr"},{"@type":"Person","@id":"https:\/\/kibrisdakik.com\/#\/schema\/person\/9cd9d437bbb44f72b73ba127e06d8e79","name":"admin","image":{"@type":"ImageObject","inLanguage":"tr","@id":"https:\/\/secure.gravatar.com\/avatar\/ccc17943b9d660506c869530f897617f7cb1c21a4bf30023f252596d83e1f007?s=96&d=mm&r=g","url":"https:\/\/secure.gravatar.com\/avatar\/ccc17943b9d660506c869530f897617f7cb1c21a4bf30023f252596d83e1f007?s=96&d=mm&r=g","contentUrl":"https:\/\/secure.gravatar.com\/avatar\/ccc17943b9d660506c869530f897617f7cb1c21a4bf30023f252596d83e1f007?s=96&d=mm&r=g","caption":"admin"},"sameAs":["https:\/\/kibrisdakik.com"],"url":"https:\/\/kibrisdakik.com\/?author=1"}]}},"_links":{"self":[{"href":"https:\/\/kibrisdakik.com\/index.php?rest_route=\/wp\/v2\/posts\/27340","targetHints":{"allow":["GET"]}}],"collection":[{"href":"https:\/\/kibrisdakik.com\/index.php?rest_route=\/wp\/v2\/posts"}],"about":[{"href":"https:\/\/kibrisdakik.com\/index.php?rest_route=\/wp\/v2\/types\/post"}],"author":[{"embeddable":true,"href":"https:\/\/kibrisdakik.com\/index.php?rest_route=\/wp\/v2\/users\/1"}],"replies":[{"embeddable":true,"href":"https:\/\/kibrisdakik.com\/index.php?rest_route=%2Fwp%2Fv2%2Fcomments&post=27340"}],"version-history":[{"count":0,"href":"https:\/\/kibrisdakik.com\/index.php?rest_route=\/wp\/v2\/posts\/27340\/revisions"}],"wp:featuredmedia":[{"embeddable":true,"href":"https:\/\/kibrisdakik.com\/index.php?rest_route=\/wp\/v2\/media\/27341"}],"wp:attachment":[{"href":"https:\/\/kibrisdakik.com\/index.php?rest_route=%2Fwp%2Fv2%2Fmedia&parent=27340"}],"wp:term":[{"taxonomy":"category","embeddable":true,"href":"https:\/\/kibrisdakik.com\/index.php?rest_route=%2Fwp%2Fv2%2Fcategories&post=27340"},{"taxonomy":"post_tag","embeddable":true,"href":"https:\/\/kibrisdakik.com\/index.php?rest_route=%2Fwp%2Fv2%2Ftags&post=27340"}],"curies":[{"name":"wp","href":"https:\/\/api.w.org\/{rel}","templated":true}]}}