{"id":27374,"date":"2024-01-22T09:49:07","date_gmt":"2024-01-22T09:49:07","guid":{"rendered":"https:\/\/kibrisdakik.com\/index.php\/2024\/01\/22\/gazzedeki-rehinelerin-ailelerinden-netanyahunun-evinin-onunde-protesto\/"},"modified":"2024-01-22T09:49:07","modified_gmt":"2024-01-22T09:49:07","slug":"gazzedeki-rehinelerin-ailelerinden-netanyahunun-evinin-onunde-protesto","status":"publish","type":"post","link":"https:\/\/kibrisdakik.com\/?p=27374","title":{"rendered":"Gazze&#039;deki rehinelerin ailelerinden Netanyahu&#039;nun evinin \u00f6n\u00fcnde protesto"},"content":{"rendered":"<p><img decoding=\"async\" src=\"https:\/\/www.kibristurk.com\/images\/haberler\/2024\/01\/gazzedeki-rehinelerin-ailelerinden-netanyahunun-evinin-onunde-protesto-1705916316.webp\" \/><\/p>\n<p>Netanyahu, rehinelerin devam eden esareti nedeniyle artan bask\u0131yla kar\u015f\u0131 kar\u015f\u0131ya kald\u0131.<\/p>\n<p>Protestolar, Benjamin Netanyahu&#8217;nun&nbsp;&#8221; Hamas canavarlar\u0131n\u0131n teslim olma \u015fartlar\u0131n\u0131 a\u00e7\u0131k\u00e7a reddediyorum &#8221; a\u00e7\u0131klamas\u0131ndan sonra ba\u015flad\u0131.&nbsp;<\/p>\n<p>Ba\u015fbakan, Hamas&#8217;\u0131n \u0130srail sald\u0131r\u0131lar\u0131n\u0131 sona erdirmesi ve Hamas&#8217;\u0131 iktidarda kalmas\u0131n\u0131 i\u00e7eren ko\u015fullar\u0131 a\u00e7\u0131kca reddetmi\u015fti.<\/p>\n<p>Bir Hamas yetkilisi, Netanyahu&#8217;nun sald\u0131r\u0131y\u0131 sona erdirmeyi reddetmesinin, say\u0131lar\u0131 130 oldu\u011fu tahmin edilen &#8220;\u0130srailli esirlerin geri d\u00f6nme \u015fans\u0131 olmad\u0131\u011f\u0131 anlam\u0131na geldi\u011fini&#8221; s\u00f6yledi.<\/p>\n<p>Gazze&#8217;de Hamas taraf\u0131ndan tutulan rehinelerin akrabalar\u0131 ve destek\u00e7ileri,&nbsp;Binyamin Netanyahu&#8217;nun Kud\u00fcs&#8217;teki evinin \u00f6n\u00fcnde&nbsp; g\u00f6steri yaparak \u00e7ad\u0131rlar kurdu ve \u0130srail h\u00fck\u00fcmetinden rehinelerin serbest b\u0131rak\u0131lmas\u0131 i\u00e7in acilen bir anla\u015fmaya var\u0131lmas\u0131n\u0131 talep etti.<\/p>\n<p>Protestolar, ba\u015fbakan\u0131n bu ki\u015filerin geri d\u00f6nmesi y\u00f6n\u00fcnde yo\u011fun bir bask\u0131yla kar\u015f\u0131 kar\u015f\u0131ya kald\u0131\u011f\u0131 ancak Hamas&#8217;\u0131n, \u0130srail&#8217;in sava\u015f\u0131 sonland\u0131rmas\u0131 ve Hamas&#8217;\u0131n iktidarda b\u0131rakmas\u0131 da dahil olmak \u00fczere serbest b\u0131rak\u0131lmas\u0131na ili\u015fkin ko\u015fullar\u0131n\u0131 reddetti\u011fi bir d\u00f6nemde geldi.<\/p>\n<p>Pazar gecesi Netanyahu&#8217;nun Kud\u00fcs&#8217;teki ikametgah\u0131 yak\u0131n\u0131ndaki protestoda o\u011flu Gazze&#8217;de rehin olan Gilad Korenbloom &#8220;H\u00fck\u00fcmetimizden bizi dinlemesini, m\u00fczakere masas\u0131na oturmas\u0131n\u0131 ve bu anla\u015fmay\u0131 m\u0131 yoksa \u0130srail&#8217;e uygun ba\u015fka bir anla\u015fmay\u0131 m\u0131 kabul edece\u011fine karar vermesini istiyoruz.&#8221; dedi.<\/p>\n<p>Ayn\u0131 zamanda bir rehinenin babas\u0131 olan John Polin , \u0130sraillilerin \u00fclkelerine hizmet etti\u011fini ve kar\u015f\u0131l\u0131\u011f\u0131nda &#8220;h\u00fck\u00fcmetin g\u00fcvenli\u011fimizi sa\u011flamas\u0131n\u0131 bekliyoruz&#8221; dedi.<\/p>\n<p>H\u00fck\u00fcmetten \u00fczerine d\u00fc\u015feni yapmas\u0131n\u0131, bir anla\u015fma \u00f6nermesini, bunu ba\u015far\u0131l\u0131 bir sonuca ula\u015ft\u0131rmas\u0131n\u0131 ve geri kalan rehineleri canl\u0131 olarak geri getirmesini istediklerini aktard\u0131.&nbsp;<\/p>\n<p>Hamas, sava\u015f\u0131 tetikleyen 7 Ekim sald\u0131r\u0131lar\u0131ndan bu yana yay\u0131nlad\u0131\u011f\u0131 ilk kamuya a\u00e7\u0131k raporunda, bunlar\u0131n \u0130srail&#8217;in Filistin topraklar\u0131n\u0131 i\u015fgaline kar\u015f\u0131 &#8220;gerekli bir ad\u0131m&#8221; ve Filistinli mahkumlar\u0131n serbest b\u0131rak\u0131lmas\u0131n\u0131 sa\u011flaman\u0131n bir yolu oldu\u011funu s\u00f6yledi.<\/p>\n<p>Netanyahu, Hamas raporunun ard\u0131ndan yay\u0131nlanan video a\u00e7\u0131klamas\u0131nda , \u0130srailli rehinelerin serbest b\u0131rak\u0131lmas\u0131 kar\u015f\u0131l\u0131\u011f\u0131nda Hamas&#8217;\u0131n sava\u015f\u0131n sona ermesini, \u0130srail askerlerinin Gazze&#8217;den \u00e7ekilmesini, Filistinli tutuklular\u0131n serbest b\u0131rak\u0131lmas\u0131n\u0131 ve Hamas&#8217;\u0131n iktidarda kalaca\u011f\u0131na dair garanti verilmesini talep etti\u011fini s\u00f6yledi.&nbsp;<\/p>\n<p>Netanyahu, &#8220;E\u011fer bunu kabul edersek askerlerimiz bo\u015funa d\u00fc\u015fm\u00fc\u015f demektir&#8221; dedi.&nbsp; G\u00fcvenli\u011fin de garanti edilemeyece\u011fini belirtti.<\/p>\n<p>AB d\u0131\u015fi\u015fleri bakanlar\u0131 , Netanyahu&#8217;nun sava\u015f sonras\u0131 Filistin devleti \u00e7a\u011fr\u0131lar\u0131n\u0131 reddetmesinin ard\u0131ndan Gazze&#8217;deki sava\u015f\u0131 tart\u0131\u015fmak \u00fczere Pazartesi g\u00fcn\u00fc \u0130srailli ve Filistinli mevkida\u015flar\u0131n\u0131n yan\u0131 s\u0131ra M\u0131s\u0131r, Suudi Arabistan ve \u00dcrd\u00fcn&#8217;deki mevkida\u015flar\u0131yla ayr\u0131 ayr\u0131 bir araya gelecek .<\/p>\n<p>AB&#8217;nin d\u0131\u015f politika \u015fefi Josep Borrell ge\u00e7en hafta b\u00f6lgede kal\u0131c\u0131 bir bar\u0131\u015fa ula\u015fman\u0131n tek yolunun &#8220;d\u0131\u015far\u0131dan empoze edilecek&#8221; iki devletli bir \u00e7\u00f6z\u00fcm oldu\u011fu konusunda \u0131srar etti.<\/p>\n","protected":false},"excerpt":{"rendered":"<p>Netanyahu, rehinelerin devam eden esareti nedeniyle artan bask\u0131yla kar\u015f\u0131 kar\u015f\u0131ya kald\u0131. Protestolar, Benjamin Netanyahu&#8217;nun&nbsp;&#8221; Hamas canavarlar\u0131n\u0131n teslim olma \u015fartlar\u0131n\u0131 a\u00e7\u0131k\u00e7a reddediyorum &#8221; a\u00e7\u0131klamas\u0131ndan sonra ba\u015flad\u0131.&nbsp; Ba\u015fbakan, Hamas&#8217;\u0131n \u0130srail sald\u0131r\u0131lar\u0131n\u0131 sona erdirmesi ve Hamas&#8217;\u0131 iktidarda kalmas\u0131n\u0131 i\u00e7eren ko\u015fullar\u0131 a\u00e7\u0131kca reddetmi\u015fti. Bir Hamas yetkilisi, Netanyahu&#8217;nun sald\u0131r\u0131y\u0131 sona erdirmeyi reddetmesinin, say\u0131lar\u0131 130 oldu\u011fu tahmin edilen &#8220;\u0130srailli esirlerin geri<\/p>\n","protected":false},"author":1,"featured_media":27375,"comment_status":"open","ping_status":"open","sticky":false,"template":"","format":"standard","meta":{"footnotes":""},"categories":[1],"tags":[],"class_list":["post-27374","post","type-post","status-publish","format-standard","has-post-thumbnail","hentry","category-gundem"],"yoast_head":"<!-- This site is optimized with the Yoast SEO plugin v27.4 - https:\/\/yoast.com\/product\/yoast-seo-wordpress\/ -->\n<title>Gazze&#039;deki rehinelerin ailelerinden Netanyahu&#039;nun evinin \u00f6n\u00fcnde protesto -<\/title>\n<meta name=\"robots\" content=\"index, follow, max-snippet:-1, max-image-preview:large, max-video-preview:-1\" \/>\n<link rel=\"canonical\" href=\"https:\/\/kibrisdakik.com\/?p=27374\" \/>\n<meta property=\"og:locale\" content=\"tr_TR\" \/>\n<meta property=\"og:type\" content=\"article\" \/>\n<meta property=\"og:title\" content=\"Gazze&#039;deki rehinelerin ailelerinden Netanyahu&#039;nun evinin \u00f6n\u00fcnde protesto -\" \/>\n<meta property=\"og:description\" content=\"Netanyahu, rehinelerin devam eden esareti nedeniyle artan bask\u0131yla kar\u015f\u0131 kar\u015f\u0131ya kald\u0131. Protestolar, Benjamin Netanyahu&#8217;nun&nbsp;&#8221; Hamas canavarlar\u0131n\u0131n teslim olma \u015fartlar\u0131n\u0131 a\u00e7\u0131k\u00e7a reddediyorum &#8221; a\u00e7\u0131klamas\u0131ndan sonra ba\u015flad\u0131.&nbsp; Ba\u015fbakan, Hamas&#8217;\u0131n \u0130srail sald\u0131r\u0131lar\u0131n\u0131 sona erdirmesi ve Hamas&#8217;\u0131 iktidarda kalmas\u0131n\u0131 i\u00e7eren ko\u015fullar\u0131 a\u00e7\u0131kca reddetmi\u015fti. Bir Hamas yetkilisi, Netanyahu&#8217;nun sald\u0131r\u0131y\u0131 sona erdirmeyi reddetmesinin, say\u0131lar\u0131 130 oldu\u011fu tahmin edilen &#8220;\u0130srailli esirlerin geri\" \/>\n<meta property=\"og:url\" content=\"https:\/\/kibrisdakik.com\/?p=27374\" \/>\n<meta property=\"article:published_time\" content=\"2024-01-22T09:49:07+00:00\" \/>\n<meta property=\"og:image\" content=\"https:\/\/kibrisdakik.com\/wp-content\/uploads\/2024\/01\/gazzedeki-rehinelerin-ailelerinden-netanyahunun-evinin-onunde-protesto-1705916316.webp.webp\" \/>\n\t<meta property=\"og:image:width\" content=\"710\" \/>\n\t<meta property=\"og:image:height\" content=\"370\" \/>\n\t<meta property=\"og:image:type\" content=\"image\/webp\" \/>\n<meta name=\"author\" content=\"admin\" \/>\n<meta name=\"twitter:card\" content=\"summary_large_image\" \/>\n<meta name=\"twitter:label1\" content=\"Yazan:\" \/>\n\t<meta name=\"twitter:data1\" content=\"admin\" \/>\n\t<meta name=\"twitter:label2\" content=\"Tahmini okuma s\u00fcresi\" \/>\n\t<meta name=\"twitter:data2\" content=\"3 dakika\" \/>\n<script type=\"application\/ld+json\" class=\"yoast-schema-graph\">{\"@context\":\"https:\\\/\\\/schema.org\",\"@graph\":[{\"@type\":\"Article\",\"@id\":\"https:\\\/\\\/kibrisdakik.com\\\/?p=27374#article\",\"isPartOf\":{\"@id\":\"https:\\\/\\\/kibrisdakik.com\\\/?p=27374\"},\"author\":{\"name\":\"admin\",\"@id\":\"https:\\\/\\\/kibrisdakik.com\\\/#\\\/schema\\\/person\\\/9cd9d437bbb44f72b73ba127e06d8e79\"},\"headline\":\"Gazze&#039;deki rehinelerin ailelerinden Netanyahu&#039;nun evinin \u00f6n\u00fcnde protesto\",\"datePublished\":\"2024-01-22T09:49:07+00:00\",\"mainEntityOfPage\":{\"@id\":\"https:\\\/\\\/kibrisdakik.com\\\/?p=27374\"},\"wordCount\":520,\"commentCount\":0,\"image\":{\"@id\":\"https:\\\/\\\/kibrisdakik.com\\\/?p=27374#primaryimage\"},\"thumbnailUrl\":\"https:\\\/\\\/kibrisdakik.com\\\/wp-content\\\/uploads\\\/2024\\\/01\\\/gazzedeki-rehinelerin-ailelerinden-netanyahunun-evinin-onunde-protesto-1705916316.webp.webp\",\"articleSection\":[\"G\u00fcndem\"],\"inLanguage\":\"tr\",\"potentialAction\":[{\"@type\":\"CommentAction\",\"name\":\"Comment\",\"target\":[\"https:\\\/\\\/kibrisdakik.com\\\/?p=27374#respond\"]}]},{\"@type\":\"WebPage\",\"@id\":\"https:\\\/\\\/kibrisdakik.com\\\/?p=27374\",\"url\":\"https:\\\/\\\/kibrisdakik.com\\\/?p=27374\",\"name\":\"Gazze&#039;deki rehinelerin ailelerinden Netanyahu&#039;nun evinin \u00f6n\u00fcnde protesto -\",\"isPartOf\":{\"@id\":\"https:\\\/\\\/kibrisdakik.com\\\/#website\"},\"primaryImageOfPage\":{\"@id\":\"https:\\\/\\\/kibrisdakik.com\\\/?p=27374#primaryimage\"},\"image\":{\"@id\":\"https:\\\/\\\/kibrisdakik.com\\\/?p=27374#primaryimage\"},\"thumbnailUrl\":\"https:\\\/\\\/kibrisdakik.com\\\/wp-content\\\/uploads\\\/2024\\\/01\\\/gazzedeki-rehinelerin-ailelerinden-netanyahunun-evinin-onunde-protesto-1705916316.webp.webp\",\"datePublished\":\"2024-01-22T09:49:07+00:00\",\"author\":{\"@id\":\"https:\\\/\\\/kibrisdakik.com\\\/#\\\/schema\\\/person\\\/9cd9d437bbb44f72b73ba127e06d8e79\"},\"breadcrumb\":{\"@id\":\"https:\\\/\\\/kibrisdakik.com\\\/?p=27374#breadcrumb\"},\"inLanguage\":\"tr\",\"potentialAction\":[{\"@type\":\"ReadAction\",\"target\":[\"https:\\\/\\\/kibrisdakik.com\\\/?p=27374\"]}]},{\"@type\":\"ImageObject\",\"inLanguage\":\"tr\",\"@id\":\"https:\\\/\\\/kibrisdakik.com\\\/?p=27374#primaryimage\",\"url\":\"https:\\\/\\\/kibrisdakik.com\\\/wp-content\\\/uploads\\\/2024\\\/01\\\/gazzedeki-rehinelerin-ailelerinden-netanyahunun-evinin-onunde-protesto-1705916316.webp.webp\",\"contentUrl\":\"https:\\\/\\\/kibrisdakik.com\\\/wp-content\\\/uploads\\\/2024\\\/01\\\/gazzedeki-rehinelerin-ailelerinden-netanyahunun-evinin-onunde-protesto-1705916316.webp.webp\",\"width\":710,\"height\":370},{\"@type\":\"BreadcrumbList\",\"@id\":\"https:\\\/\\\/kibrisdakik.com\\\/?p=27374#breadcrumb\",\"itemListElement\":[{\"@type\":\"ListItem\",\"position\":1,\"name\":\"Home\",\"item\":\"https:\\\/\\\/kibrisdakik.com\\\/\"},{\"@type\":\"ListItem\",\"position\":2,\"name\":\"Gazze&#039;deki rehinelerin ailelerinden Netanyahu&#039;nun evinin \u00f6n\u00fcnde protesto\"}]},{\"@type\":\"WebSite\",\"@id\":\"https:\\\/\\\/kibrisdakik.com\\\/#website\",\"url\":\"https:\\\/\\\/kibrisdakik.com\\\/\",\"name\":\"\",\"description\":\"Tam vaktinde haber\",\"potentialAction\":[{\"@type\":\"SearchAction\",\"target\":{\"@type\":\"EntryPoint\",\"urlTemplate\":\"https:\\\/\\\/kibrisdakik.com\\\/?s={search_term_string}\"},\"query-input\":{\"@type\":\"PropertyValueSpecification\",\"valueRequired\":true,\"valueName\":\"search_term_string\"}}],\"inLanguage\":\"tr\"},{\"@type\":\"Person\",\"@id\":\"https:\\\/\\\/kibrisdakik.com\\\/#\\\/schema\\\/person\\\/9cd9d437bbb44f72b73ba127e06d8e79\",\"name\":\"admin\",\"image\":{\"@type\":\"ImageObject\",\"inLanguage\":\"tr\",\"@id\":\"https:\\\/\\\/secure.gravatar.com\\\/avatar\\\/ccc17943b9d660506c869530f897617f7cb1c21a4bf30023f252596d83e1f007?s=96&d=mm&r=g\",\"url\":\"https:\\\/\\\/secure.gravatar.com\\\/avatar\\\/ccc17943b9d660506c869530f897617f7cb1c21a4bf30023f252596d83e1f007?s=96&d=mm&r=g\",\"contentUrl\":\"https:\\\/\\\/secure.gravatar.com\\\/avatar\\\/ccc17943b9d660506c869530f897617f7cb1c21a4bf30023f252596d83e1f007?s=96&d=mm&r=g\",\"caption\":\"admin\"},\"sameAs\":[\"https:\\\/\\\/kibrisdakik.com\"],\"url\":\"https:\\\/\\\/kibrisdakik.com\\\/?author=1\"}]}<\/script>\n<!-- \/ Yoast SEO plugin. -->","yoast_head_json":{"title":"Gazze&#039;deki rehinelerin ailelerinden Netanyahu&#039;nun evinin \u00f6n\u00fcnde protesto -","robots":{"index":"index","follow":"follow","max-snippet":"max-snippet:-1","max-image-preview":"max-image-preview:large","max-video-preview":"max-video-preview:-1"},"canonical":"https:\/\/kibrisdakik.com\/?p=27374","og_locale":"tr_TR","og_type":"article","og_title":"Gazze&#039;deki rehinelerin ailelerinden Netanyahu&#039;nun evinin \u00f6n\u00fcnde protesto -","og_description":"Netanyahu, rehinelerin devam eden esareti nedeniyle artan bask\u0131yla kar\u015f\u0131 kar\u015f\u0131ya kald\u0131. Protestolar, Benjamin Netanyahu&#8217;nun&nbsp;&#8221; Hamas canavarlar\u0131n\u0131n teslim olma \u015fartlar\u0131n\u0131 a\u00e7\u0131k\u00e7a reddediyorum &#8221; a\u00e7\u0131klamas\u0131ndan sonra ba\u015flad\u0131.&nbsp; Ba\u015fbakan, Hamas&#8217;\u0131n \u0130srail sald\u0131r\u0131lar\u0131n\u0131 sona erdirmesi ve Hamas&#8217;\u0131 iktidarda kalmas\u0131n\u0131 i\u00e7eren ko\u015fullar\u0131 a\u00e7\u0131kca reddetmi\u015fti. Bir Hamas yetkilisi, Netanyahu&#8217;nun sald\u0131r\u0131y\u0131 sona erdirmeyi reddetmesinin, say\u0131lar\u0131 130 oldu\u011fu tahmin edilen &#8220;\u0130srailli esirlerin geri","og_url":"https:\/\/kibrisdakik.com\/?p=27374","article_published_time":"2024-01-22T09:49:07+00:00","og_image":[{"width":710,"height":370,"url":"https:\/\/kibrisdakik.com\/wp-content\/uploads\/2024\/01\/gazzedeki-rehinelerin-ailelerinden-netanyahunun-evinin-onunde-protesto-1705916316.webp.webp","type":"image\/webp"}],"author":"admin","twitter_card":"summary_large_image","twitter_misc":{"Yazan:":"admin","Tahmini okuma s\u00fcresi":"3 dakika"},"schema":{"@context":"https:\/\/schema.org","@graph":[{"@type":"Article","@id":"https:\/\/kibrisdakik.com\/?p=27374#article","isPartOf":{"@id":"https:\/\/kibrisdakik.com\/?p=27374"},"author":{"name":"admin","@id":"https:\/\/kibrisdakik.com\/#\/schema\/person\/9cd9d437bbb44f72b73ba127e06d8e79"},"headline":"Gazze&#039;deki rehinelerin ailelerinden Netanyahu&#039;nun evinin \u00f6n\u00fcnde protesto","datePublished":"2024-01-22T09:49:07+00:00","mainEntityOfPage":{"@id":"https:\/\/kibrisdakik.com\/?p=27374"},"wordCount":520,"commentCount":0,"image":{"@id":"https:\/\/kibrisdakik.com\/?p=27374#primaryimage"},"thumbnailUrl":"https:\/\/kibrisdakik.com\/wp-content\/uploads\/2024\/01\/gazzedeki-rehinelerin-ailelerinden-netanyahunun-evinin-onunde-protesto-1705916316.webp.webp","articleSection":["G\u00fcndem"],"inLanguage":"tr","potentialAction":[{"@type":"CommentAction","name":"Comment","target":["https:\/\/kibrisdakik.com\/?p=27374#respond"]}]},{"@type":"WebPage","@id":"https:\/\/kibrisdakik.com\/?p=27374","url":"https:\/\/kibrisdakik.com\/?p=27374","name":"Gazze&#039;deki rehinelerin ailelerinden Netanyahu&#039;nun evinin \u00f6n\u00fcnde protesto -","isPartOf":{"@id":"https:\/\/kibrisdakik.com\/#website"},"primaryImageOfPage":{"@id":"https:\/\/kibrisdakik.com\/?p=27374#primaryimage"},"image":{"@id":"https:\/\/kibrisdakik.com\/?p=27374#primaryimage"},"thumbnailUrl":"https:\/\/kibrisdakik.com\/wp-content\/uploads\/2024\/01\/gazzedeki-rehinelerin-ailelerinden-netanyahunun-evinin-onunde-protesto-1705916316.webp.webp","datePublished":"2024-01-22T09:49:07+00:00","author":{"@id":"https:\/\/kibrisdakik.com\/#\/schema\/person\/9cd9d437bbb44f72b73ba127e06d8e79"},"breadcrumb":{"@id":"https:\/\/kibrisdakik.com\/?p=27374#breadcrumb"},"inLanguage":"tr","potentialAction":[{"@type":"ReadAction","target":["https:\/\/kibrisdakik.com\/?p=27374"]}]},{"@type":"ImageObject","inLanguage":"tr","@id":"https:\/\/kibrisdakik.com\/?p=27374#primaryimage","url":"https:\/\/kibrisdakik.com\/wp-content\/uploads\/2024\/01\/gazzedeki-rehinelerin-ailelerinden-netanyahunun-evinin-onunde-protesto-1705916316.webp.webp","contentUrl":"https:\/\/kibrisdakik.com\/wp-content\/uploads\/2024\/01\/gazzedeki-rehinelerin-ailelerinden-netanyahunun-evinin-onunde-protesto-1705916316.webp.webp","width":710,"height":370},{"@type":"BreadcrumbList","@id":"https:\/\/kibrisdakik.com\/?p=27374#breadcrumb","itemListElement":[{"@type":"ListItem","position":1,"name":"Home","item":"https:\/\/kibrisdakik.com\/"},{"@type":"ListItem","position":2,"name":"Gazze&#039;deki rehinelerin ailelerinden Netanyahu&#039;nun evinin \u00f6n\u00fcnde protesto"}]},{"@type":"WebSite","@id":"https:\/\/kibrisdakik.com\/#website","url":"https:\/\/kibrisdakik.com\/","name":"","description":"Tam vaktinde haber","potentialAction":[{"@type":"SearchAction","target":{"@type":"EntryPoint","urlTemplate":"https:\/\/kibrisdakik.com\/?s={search_term_string}"},"query-input":{"@type":"PropertyValueSpecification","valueRequired":true,"valueName":"search_term_string"}}],"inLanguage":"tr"},{"@type":"Person","@id":"https:\/\/kibrisdakik.com\/#\/schema\/person\/9cd9d437bbb44f72b73ba127e06d8e79","name":"admin","image":{"@type":"ImageObject","inLanguage":"tr","@id":"https:\/\/secure.gravatar.com\/avatar\/ccc17943b9d660506c869530f897617f7cb1c21a4bf30023f252596d83e1f007?s=96&d=mm&r=g","url":"https:\/\/secure.gravatar.com\/avatar\/ccc17943b9d660506c869530f897617f7cb1c21a4bf30023f252596d83e1f007?s=96&d=mm&r=g","contentUrl":"https:\/\/secure.gravatar.com\/avatar\/ccc17943b9d660506c869530f897617f7cb1c21a4bf30023f252596d83e1f007?s=96&d=mm&r=g","caption":"admin"},"sameAs":["https:\/\/kibrisdakik.com"],"url":"https:\/\/kibrisdakik.com\/?author=1"}]}},"_links":{"self":[{"href":"https:\/\/kibrisdakik.com\/index.php?rest_route=\/wp\/v2\/posts\/27374","targetHints":{"allow":["GET"]}}],"collection":[{"href":"https:\/\/kibrisdakik.com\/index.php?rest_route=\/wp\/v2\/posts"}],"about":[{"href":"https:\/\/kibrisdakik.com\/index.php?rest_route=\/wp\/v2\/types\/post"}],"author":[{"embeddable":true,"href":"https:\/\/kibrisdakik.com\/index.php?rest_route=\/wp\/v2\/users\/1"}],"replies":[{"embeddable":true,"href":"https:\/\/kibrisdakik.com\/index.php?rest_route=%2Fwp%2Fv2%2Fcomments&post=27374"}],"version-history":[{"count":0,"href":"https:\/\/kibrisdakik.com\/index.php?rest_route=\/wp\/v2\/posts\/27374\/revisions"}],"wp:featuredmedia":[{"embeddable":true,"href":"https:\/\/kibrisdakik.com\/index.php?rest_route=\/wp\/v2\/media\/27375"}],"wp:attachment":[{"href":"https:\/\/kibrisdakik.com\/index.php?rest_route=%2Fwp%2Fv2%2Fmedia&parent=27374"}],"wp:term":[{"taxonomy":"category","embeddable":true,"href":"https:\/\/kibrisdakik.com\/index.php?rest_route=%2Fwp%2Fv2%2Fcategories&post=27374"},{"taxonomy":"post_tag","embeddable":true,"href":"https:\/\/kibrisdakik.com\/index.php?rest_route=%2Fwp%2Fv2%2Ftags&post=27374"}],"curies":[{"name":"wp","href":"https:\/\/api.w.org\/{rel}","templated":true}]}}