{"id":27481,"date":"2024-01-24T20:38:32","date_gmt":"2024-01-24T20:38:32","guid":{"rendered":"https:\/\/kibrisdakik.com\/index.php\/2024\/01\/24\/israil-7-ekimden-bu-yana-gazzedeki-bm-merkezlerine-siginan-340-filistinliyi-oldurdu\/"},"modified":"2024-01-24T20:38:32","modified_gmt":"2024-01-24T20:38:32","slug":"israil-7-ekimden-bu-yana-gazzedeki-bm-merkezlerine-siginan-340-filistinliyi-oldurdu","status":"publish","type":"post","link":"https:\/\/kibrisdakik.com\/?p=27481","title":{"rendered":"\u0130srail, 7 Ekim&#039;den bu yana Gazze&#039;deki BM merkezlerine s\u0131\u011f\u0131nan 340 Filistinliyi \u00f6ld\u00fcrd\u00fc"},"content":{"rendered":"<p><img decoding=\"async\" src=\"https:\/\/www.kibristurk.com\/images\/haberler\/2024\/01\/israil-7-ekimden-bu-yana-gazzedeki-bm-merkezlerine-siginan-340-filistinliyi-oldurdu-1706128054.webp\" \/><\/p>\n<p>BM Yak\u0131n Do\u011fu&#8217;daki Filistinli M\u00fcltecilere Yard\u0131m ve Bay\u0131nd\u0131rl\u0131k Ajans\u0131&#8217;ndan (UNRWA) yap\u0131lan a\u00e7\u0131klamada, &#8220;24 Ocak Uluslararas\u0131 E\u011fitim G\u00fcn\u00fc&#8221; m\u00fcnasebetiyle Gazze&#8217;deki duruma ili\u015fkin bilgi verildi.<\/p>\n<p>Gazze \u015eeridi&#8217;nde UNRWA b\u00fcnyesindeki \u00e7o\u011fu okulun bar\u0131nma merkezlerine d\u00f6n\u00fc\u015ft\u00fcr\u00fcld\u00fc\u011f\u00fc belirtilen a\u00e7\u0131klamada, bu merkezlerde 1,2 milyon yerinden edilmi\u015f ki\u015finin kald\u0131\u011f\u0131 kaydedildi.<\/p>\n<p>A\u00e7\u0131klamada, 7 Ekim 2023&#8217;ten bu yana Gazze&#8217;de g\u00fcvenli bir yer aray\u0131\u015f\u0131yla UNRWA tesislerine s\u0131\u011f\u0131nan 340 Filistinlinin \u00f6ld\u00fcr\u00fcld\u00fc\u011f\u00fc, 1100&#8217;den fazlas\u0131n\u0131n da yaraland\u0131\u011f\u0131 ifade edildi.<\/p>\n<p>&#8220;E\u011fitim tesislerine ve BM binalar\u0131na yap\u0131lan sald\u0131r\u0131lar uluslararas\u0131 insanc\u0131l hukuku ihlal ediyor.&#8221; ifadesine yer verilen a\u00e7\u0131klamada, Gazze&#8217;de e\u011fitim altyap\u0131s\u0131n\u0131n zarar g\u00f6rd\u00fc\u011f\u00fc veya \u00e7\u00f6kt\u00fc\u011f\u00fc, Gazze genelindeki okul binalar\u0131n\u0131n y\u00fczde 75&#8217;inin sald\u0131r\u0131lardan etkilendi\u011fi belirtildi.<\/p>\n<p>Gazze&#8217;de \u00e7ok say\u0131da y\u00fcksek \u00f6\u011fretim kurumunun da zarar g\u00f6rd\u00fc\u011f\u00fc kaydedilen a\u00e7\u0131klamada, &#8220;\u00dc\u00e7 aydan uzun s\u00fcredir 625 binin \u00fczerinde \u00f6\u011frenci ve 22 bin 564 \u00f6\u011fretmen e\u011fitimden ve g\u00fcvenli yerden mahrum.&#8221; ifadesi kullan\u0131ld\u0131.<\/p>\n<p>Gazze \u015eeridi&#8217;nde UNRWA b\u00fcnyesindeki t\u00fcm okullar\u0131n kapat\u0131ld\u0131\u011f\u0131, bu okullarda e\u011fitim g\u00f6ren 300 bin \u00e7ocu\u011fun da e\u011fitim alamad\u0131\u011f\u0131 belirtildi.<\/p>\n<p>A\u00e7\u0131klamada, &#8220;T\u00fcm g\u00f6zler Gazze&#8217;deyken, Do\u011fu Kud\u00fcs dahil olmak \u00fczere Bat\u0131 \u015eeria&#8217;da son aylarda artan \u015fiddet olaylar\u0131 nedeniyle g\u00fcvenli e\u011fitime eri\u015fim sekteye u\u011frad\u0131.&#8221; ifadesi kullan\u0131ld\u0131.<\/p>\n<p>Ekim 2023&#8217;ten bu yana, i\u015fgal alt\u0131ndaki Bat\u0131 \u015eeria&#8217;da da en az 782 bin \u00f6\u011frencinin, hareket k\u0131s\u0131tl\u0131l\u0131\u011f\u0131, artan \u015fiddet ve \u0130srail g\u00fc\u00e7leri ile Yahudi yerle\u015fimcilerin rahats\u0131z etmesinden korkma gibi durumlardan etkilendi\u011fine dikkati \u00e7ekildi.<\/p>\n<p>Bat\u0131 \u015eeria&#8217;da BM okullar\u0131nda g\u00f6revli personelin i\u015fyerlerine ula\u015famamas\u0131 nedeniyle okullar\u0131n yak\u0131n \u00e7evresinden ek \u00f6\u011fretmenlerin g\u00f6revlendirildi\u011fi kaydedildi.<\/p>\n<h3>\u0130srail&#8217;in Gazze&#8217;yi i\u015fgalinde 7 Ekim sonras\u0131<\/h3>\n<p>Hamas&#8217;\u0131n silahl\u0131 kanad\u0131 \u0130zzeddin el-Kassam Tugaylar\u0131, &#8220;Filistinlilere ve ba\u015fta Mescid-i Aksa olmak \u00fczere kutsal de\u011ferlere y\u00f6nelik s\u00fcrekli ihlallere kar\u015f\u0131l\u0131k verme&#8221; gerek\u00e7esiyle \u0130srail&#8217;e 7 Ekim 2023&#8217;te kapsaml\u0131 sald\u0131r\u0131 d\u00fczenledi.<\/p>\n<p>\u0130srail, 7 Ekim&#8217;deki sald\u0131r\u0131larda 1200 \u0130sraillinin \u00f6ld\u00fc\u011f\u00fcn\u00fc, 5 bin 132 ki\u015finin de yaraland\u0131\u011f\u0131n\u0131 a\u00e7\u0131klad\u0131.<\/p>\n<p>\u0130srail&#8217;in 7 Ekim&#8217;den bu yana Gazze \u015eeridi&#8217;ne d\u00fczenledi\u011fi sald\u0131r\u0131larda en az 11 bini \u00e7ocuk, 7 bin 500\u2019\u00fc kad\u0131n olmak \u00fczere 25 bin 490 Filistinli \u00f6ld\u00fcr\u00fcld\u00fc, 63 bin 354 ki\u015fi yaraland\u0131. Enkaz alt\u0131nda halen binlerce \u00f6l\u00fc oldu\u011fu bildirilirken, halk\u0131n s\u0131\u011f\u0131nd\u0131\u011f\u0131 hastane ve e\u011fitim kurumlar\u0131 hedef al\u0131narak sivil altyap\u0131 da tahrip ediliyor.<\/p>\n<p>\u0130srail ordusu, Gazze \u015eeridi&#8217;ne sald\u0131r\u0131lar\u0131n\u0131n ba\u015flad\u0131\u011f\u0131 7 Ekim&#8217;den bu yana 219\u2019u karadan i\u015fgal s\u00fcrecinde olmak \u00fczere 556 askerinin \u00f6ld\u00fcr\u00fcld\u00fc\u011f\u00fcn\u00fc duyurdu.<\/p>\n<p>\u00c7at\u0131\u015fmalara 24 Kas\u0131m 2023&#8217;te 4 g\u00fcnl\u00fc\u011f\u00fcne verilen ve daha sonra 3 g\u00fcn daha uzat\u0131lan &#8220;insani ara&#8221;da 81 \u0130srailli ve 240 Filistinli esir kar\u015f\u0131l\u0131kl\u0131 serbest b\u0131rak\u0131ld\u0131. \u00d6te yandan \u0130srail, binlerce Filistinliyi al\u0131koyup hapsetmeye devam etti.<\/p>\n<p>\u0130\u015fgal alt\u0131ndaki Bat\u0131 \u015eeria ve Do\u011fu Kud\u00fcs&#8217;te de 7 Ekim 2023&#8217;ten bu yana \u0130srail g\u00fc\u00e7leri ile yasa d\u0131\u015f\u0131 Yahudi yerle\u015fimcilerin sald\u0131r\u0131lar\u0131nda 371 Filistinli hayat\u0131n\u0131 kaybetti.<\/p>\n<p>\u0130srail ordusu ile Hizbullah aras\u0131nda 8 Ekim 2023&#8217;ten bu yana s\u0131n\u0131rda devam eden \u00e7at\u0131\u015fmalarda 29 L\u00fcbnanl\u0131 sivil ve 167 Hizbullah mensubu ile 6 \u0130srailli sivil ve 10 \u0130srail askeri \u00f6ld\u00fc.<\/p>\n","protected":false},"excerpt":{"rendered":"<p>BM Yak\u0131n Do\u011fu&#8217;daki Filistinli M\u00fcltecilere Yard\u0131m ve Bay\u0131nd\u0131rl\u0131k Ajans\u0131&#8217;ndan (UNRWA) yap\u0131lan a\u00e7\u0131klamada, &#8220;24 Ocak Uluslararas\u0131 E\u011fitim G\u00fcn\u00fc&#8221; m\u00fcnasebetiyle Gazze&#8217;deki duruma ili\u015fkin bilgi verildi. Gazze \u015eeridi&#8217;nde UNRWA b\u00fcnyesindeki \u00e7o\u011fu okulun bar\u0131nma merkezlerine d\u00f6n\u00fc\u015ft\u00fcr\u00fcld\u00fc\u011f\u00fc belirtilen a\u00e7\u0131klamada, bu merkezlerde 1,2 milyon yerinden edilmi\u015f ki\u015finin kald\u0131\u011f\u0131 kaydedildi. A\u00e7\u0131klamada, 7 Ekim 2023&#8217;ten bu yana Gazze&#8217;de g\u00fcvenli bir yer aray\u0131\u015f\u0131yla UNRWA<\/p>\n","protected":false},"author":1,"featured_media":27482,"comment_status":"open","ping_status":"open","sticky":false,"template":"","format":"standard","meta":{"footnotes":""},"categories":[1],"tags":[],"class_list":["post-27481","post","type-post","status-publish","format-standard","has-post-thumbnail","hentry","category-gundem"],"yoast_head":"<!-- This site is optimized with the Yoast SEO plugin v27.4 - https:\/\/yoast.com\/product\/yoast-seo-wordpress\/ -->\n<title>\u0130srail, 7 Ekim&#039;den bu yana Gazze&#039;deki BM merkezlerine s\u0131\u011f\u0131nan 340 Filistinliyi \u00f6ld\u00fcrd\u00fc -<\/title>\n<meta name=\"robots\" content=\"index, follow, max-snippet:-1, max-image-preview:large, max-video-preview:-1\" \/>\n<link rel=\"canonical\" href=\"https:\/\/kibrisdakik.com\/?p=27481\" \/>\n<meta property=\"og:locale\" content=\"tr_TR\" \/>\n<meta property=\"og:type\" content=\"article\" \/>\n<meta property=\"og:title\" content=\"\u0130srail, 7 Ekim&#039;den bu yana Gazze&#039;deki BM merkezlerine s\u0131\u011f\u0131nan 340 Filistinliyi \u00f6ld\u00fcrd\u00fc -\" \/>\n<meta property=\"og:description\" content=\"BM Yak\u0131n Do\u011fu&#8217;daki Filistinli M\u00fcltecilere Yard\u0131m ve Bay\u0131nd\u0131rl\u0131k Ajans\u0131&#8217;ndan (UNRWA) yap\u0131lan a\u00e7\u0131klamada, &#8220;24 Ocak Uluslararas\u0131 E\u011fitim G\u00fcn\u00fc&#8221; m\u00fcnasebetiyle Gazze&#8217;deki duruma ili\u015fkin bilgi verildi. Gazze \u015eeridi&#8217;nde UNRWA b\u00fcnyesindeki \u00e7o\u011fu okulun bar\u0131nma merkezlerine d\u00f6n\u00fc\u015ft\u00fcr\u00fcld\u00fc\u011f\u00fc belirtilen a\u00e7\u0131klamada, bu merkezlerde 1,2 milyon yerinden edilmi\u015f ki\u015finin kald\u0131\u011f\u0131 kaydedildi. A\u00e7\u0131klamada, 7 Ekim 2023&#8217;ten bu yana Gazze&#8217;de g\u00fcvenli bir yer aray\u0131\u015f\u0131yla UNRWA\" \/>\n<meta property=\"og:url\" content=\"https:\/\/kibrisdakik.com\/?p=27481\" \/>\n<meta property=\"article:published_time\" content=\"2024-01-24T20:38:32+00:00\" \/>\n<meta property=\"og:image\" content=\"https:\/\/kibrisdakik.com\/wp-content\/uploads\/2024\/01\/israil-7-ekimden-bu-yana-gazzedeki-bm-merkezlerine-siginan-340-filistinliyi-oldurdu-1706128054.webp.webp\" \/>\n\t<meta property=\"og:image:width\" content=\"710\" \/>\n\t<meta property=\"og:image:height\" content=\"370\" \/>\n\t<meta property=\"og:image:type\" content=\"image\/webp\" \/>\n<meta name=\"author\" content=\"admin\" \/>\n<meta name=\"twitter:card\" content=\"summary_large_image\" \/>\n<meta name=\"twitter:label1\" content=\"Yazan:\" \/>\n\t<meta name=\"twitter:data1\" content=\"admin\" \/>\n\t<meta name=\"twitter:label2\" content=\"Tahmini okuma s\u00fcresi\" \/>\n\t<meta name=\"twitter:data2\" content=\"3 dakika\" \/>\n<script type=\"application\/ld+json\" class=\"yoast-schema-graph\">{\"@context\":\"https:\\\/\\\/schema.org\",\"@graph\":[{\"@type\":\"Article\",\"@id\":\"https:\\\/\\\/kibrisdakik.com\\\/?p=27481#article\",\"isPartOf\":{\"@id\":\"https:\\\/\\\/kibrisdakik.com\\\/?p=27481\"},\"author\":{\"name\":\"admin\",\"@id\":\"https:\\\/\\\/kibrisdakik.com\\\/#\\\/schema\\\/person\\\/9cd9d437bbb44f72b73ba127e06d8e79\"},\"headline\":\"\u0130srail, 7 Ekim&#039;den bu yana Gazze&#039;deki BM merkezlerine s\u0131\u011f\u0131nan 340 Filistinliyi \u00f6ld\u00fcrd\u00fc\",\"datePublished\":\"2024-01-24T20:38:32+00:00\",\"mainEntityOfPage\":{\"@id\":\"https:\\\/\\\/kibrisdakik.com\\\/?p=27481\"},\"wordCount\":561,\"commentCount\":0,\"image\":{\"@id\":\"https:\\\/\\\/kibrisdakik.com\\\/?p=27481#primaryimage\"},\"thumbnailUrl\":\"https:\\\/\\\/kibrisdakik.com\\\/wp-content\\\/uploads\\\/2024\\\/01\\\/israil-7-ekimden-bu-yana-gazzedeki-bm-merkezlerine-siginan-340-filistinliyi-oldurdu-1706128054.webp.webp\",\"articleSection\":[\"G\u00fcndem\"],\"inLanguage\":\"tr\",\"potentialAction\":[{\"@type\":\"CommentAction\",\"name\":\"Comment\",\"target\":[\"https:\\\/\\\/kibrisdakik.com\\\/?p=27481#respond\"]}]},{\"@type\":\"WebPage\",\"@id\":\"https:\\\/\\\/kibrisdakik.com\\\/?p=27481\",\"url\":\"https:\\\/\\\/kibrisdakik.com\\\/?p=27481\",\"name\":\"\u0130srail, 7 Ekim&#039;den bu yana Gazze&#039;deki BM merkezlerine s\u0131\u011f\u0131nan 340 Filistinliyi \u00f6ld\u00fcrd\u00fc -\",\"isPartOf\":{\"@id\":\"https:\\\/\\\/kibrisdakik.com\\\/#website\"},\"primaryImageOfPage\":{\"@id\":\"https:\\\/\\\/kibrisdakik.com\\\/?p=27481#primaryimage\"},\"image\":{\"@id\":\"https:\\\/\\\/kibrisdakik.com\\\/?p=27481#primaryimage\"},\"thumbnailUrl\":\"https:\\\/\\\/kibrisdakik.com\\\/wp-content\\\/uploads\\\/2024\\\/01\\\/israil-7-ekimden-bu-yana-gazzedeki-bm-merkezlerine-siginan-340-filistinliyi-oldurdu-1706128054.webp.webp\",\"datePublished\":\"2024-01-24T20:38:32+00:00\",\"author\":{\"@id\":\"https:\\\/\\\/kibrisdakik.com\\\/#\\\/schema\\\/person\\\/9cd9d437bbb44f72b73ba127e06d8e79\"},\"breadcrumb\":{\"@id\":\"https:\\\/\\\/kibrisdakik.com\\\/?p=27481#breadcrumb\"},\"inLanguage\":\"tr\",\"potentialAction\":[{\"@type\":\"ReadAction\",\"target\":[\"https:\\\/\\\/kibrisdakik.com\\\/?p=27481\"]}]},{\"@type\":\"ImageObject\",\"inLanguage\":\"tr\",\"@id\":\"https:\\\/\\\/kibrisdakik.com\\\/?p=27481#primaryimage\",\"url\":\"https:\\\/\\\/kibrisdakik.com\\\/wp-content\\\/uploads\\\/2024\\\/01\\\/israil-7-ekimden-bu-yana-gazzedeki-bm-merkezlerine-siginan-340-filistinliyi-oldurdu-1706128054.webp.webp\",\"contentUrl\":\"https:\\\/\\\/kibrisdakik.com\\\/wp-content\\\/uploads\\\/2024\\\/01\\\/israil-7-ekimden-bu-yana-gazzedeki-bm-merkezlerine-siginan-340-filistinliyi-oldurdu-1706128054.webp.webp\",\"width\":710,\"height\":370},{\"@type\":\"BreadcrumbList\",\"@id\":\"https:\\\/\\\/kibrisdakik.com\\\/?p=27481#breadcrumb\",\"itemListElement\":[{\"@type\":\"ListItem\",\"position\":1,\"name\":\"Home\",\"item\":\"https:\\\/\\\/kibrisdakik.com\\\/\"},{\"@type\":\"ListItem\",\"position\":2,\"name\":\"\u0130srail, 7 Ekim&#039;den bu yana Gazze&#039;deki BM merkezlerine s\u0131\u011f\u0131nan 340 Filistinliyi \u00f6ld\u00fcrd\u00fc\"}]},{\"@type\":\"WebSite\",\"@id\":\"https:\\\/\\\/kibrisdakik.com\\\/#website\",\"url\":\"https:\\\/\\\/kibrisdakik.com\\\/\",\"name\":\"\",\"description\":\"Tam vaktinde haber\",\"potentialAction\":[{\"@type\":\"SearchAction\",\"target\":{\"@type\":\"EntryPoint\",\"urlTemplate\":\"https:\\\/\\\/kibrisdakik.com\\\/?s={search_term_string}\"},\"query-input\":{\"@type\":\"PropertyValueSpecification\",\"valueRequired\":true,\"valueName\":\"search_term_string\"}}],\"inLanguage\":\"tr\"},{\"@type\":\"Person\",\"@id\":\"https:\\\/\\\/kibrisdakik.com\\\/#\\\/schema\\\/person\\\/9cd9d437bbb44f72b73ba127e06d8e79\",\"name\":\"admin\",\"image\":{\"@type\":\"ImageObject\",\"inLanguage\":\"tr\",\"@id\":\"https:\\\/\\\/secure.gravatar.com\\\/avatar\\\/ccc17943b9d660506c869530f897617f7cb1c21a4bf30023f252596d83e1f007?s=96&d=mm&r=g\",\"url\":\"https:\\\/\\\/secure.gravatar.com\\\/avatar\\\/ccc17943b9d660506c869530f897617f7cb1c21a4bf30023f252596d83e1f007?s=96&d=mm&r=g\",\"contentUrl\":\"https:\\\/\\\/secure.gravatar.com\\\/avatar\\\/ccc17943b9d660506c869530f897617f7cb1c21a4bf30023f252596d83e1f007?s=96&d=mm&r=g\",\"caption\":\"admin\"},\"sameAs\":[\"https:\\\/\\\/kibrisdakik.com\"],\"url\":\"https:\\\/\\\/kibrisdakik.com\\\/?author=1\"}]}<\/script>\n<!-- \/ Yoast SEO plugin. -->","yoast_head_json":{"title":"\u0130srail, 7 Ekim&#039;den bu yana Gazze&#039;deki BM merkezlerine s\u0131\u011f\u0131nan 340 Filistinliyi \u00f6ld\u00fcrd\u00fc -","robots":{"index":"index","follow":"follow","max-snippet":"max-snippet:-1","max-image-preview":"max-image-preview:large","max-video-preview":"max-video-preview:-1"},"canonical":"https:\/\/kibrisdakik.com\/?p=27481","og_locale":"tr_TR","og_type":"article","og_title":"\u0130srail, 7 Ekim&#039;den bu yana Gazze&#039;deki BM merkezlerine s\u0131\u011f\u0131nan 340 Filistinliyi \u00f6ld\u00fcrd\u00fc -","og_description":"BM Yak\u0131n Do\u011fu&#8217;daki Filistinli M\u00fcltecilere Yard\u0131m ve Bay\u0131nd\u0131rl\u0131k Ajans\u0131&#8217;ndan (UNRWA) yap\u0131lan a\u00e7\u0131klamada, &#8220;24 Ocak Uluslararas\u0131 E\u011fitim G\u00fcn\u00fc&#8221; m\u00fcnasebetiyle Gazze&#8217;deki duruma ili\u015fkin bilgi verildi. Gazze \u015eeridi&#8217;nde UNRWA b\u00fcnyesindeki \u00e7o\u011fu okulun bar\u0131nma merkezlerine d\u00f6n\u00fc\u015ft\u00fcr\u00fcld\u00fc\u011f\u00fc belirtilen a\u00e7\u0131klamada, bu merkezlerde 1,2 milyon yerinden edilmi\u015f ki\u015finin kald\u0131\u011f\u0131 kaydedildi. A\u00e7\u0131klamada, 7 Ekim 2023&#8217;ten bu yana Gazze&#8217;de g\u00fcvenli bir yer aray\u0131\u015f\u0131yla UNRWA","og_url":"https:\/\/kibrisdakik.com\/?p=27481","article_published_time":"2024-01-24T20:38:32+00:00","og_image":[{"width":710,"height":370,"url":"https:\/\/kibrisdakik.com\/wp-content\/uploads\/2024\/01\/israil-7-ekimden-bu-yana-gazzedeki-bm-merkezlerine-siginan-340-filistinliyi-oldurdu-1706128054.webp.webp","type":"image\/webp"}],"author":"admin","twitter_card":"summary_large_image","twitter_misc":{"Yazan:":"admin","Tahmini okuma s\u00fcresi":"3 dakika"},"schema":{"@context":"https:\/\/schema.org","@graph":[{"@type":"Article","@id":"https:\/\/kibrisdakik.com\/?p=27481#article","isPartOf":{"@id":"https:\/\/kibrisdakik.com\/?p=27481"},"author":{"name":"admin","@id":"https:\/\/kibrisdakik.com\/#\/schema\/person\/9cd9d437bbb44f72b73ba127e06d8e79"},"headline":"\u0130srail, 7 Ekim&#039;den bu yana Gazze&#039;deki BM merkezlerine s\u0131\u011f\u0131nan 340 Filistinliyi \u00f6ld\u00fcrd\u00fc","datePublished":"2024-01-24T20:38:32+00:00","mainEntityOfPage":{"@id":"https:\/\/kibrisdakik.com\/?p=27481"},"wordCount":561,"commentCount":0,"image":{"@id":"https:\/\/kibrisdakik.com\/?p=27481#primaryimage"},"thumbnailUrl":"https:\/\/kibrisdakik.com\/wp-content\/uploads\/2024\/01\/israil-7-ekimden-bu-yana-gazzedeki-bm-merkezlerine-siginan-340-filistinliyi-oldurdu-1706128054.webp.webp","articleSection":["G\u00fcndem"],"inLanguage":"tr","potentialAction":[{"@type":"CommentAction","name":"Comment","target":["https:\/\/kibrisdakik.com\/?p=27481#respond"]}]},{"@type":"WebPage","@id":"https:\/\/kibrisdakik.com\/?p=27481","url":"https:\/\/kibrisdakik.com\/?p=27481","name":"\u0130srail, 7 Ekim&#039;den bu yana Gazze&#039;deki BM merkezlerine s\u0131\u011f\u0131nan 340 Filistinliyi \u00f6ld\u00fcrd\u00fc -","isPartOf":{"@id":"https:\/\/kibrisdakik.com\/#website"},"primaryImageOfPage":{"@id":"https:\/\/kibrisdakik.com\/?p=27481#primaryimage"},"image":{"@id":"https:\/\/kibrisdakik.com\/?p=27481#primaryimage"},"thumbnailUrl":"https:\/\/kibrisdakik.com\/wp-content\/uploads\/2024\/01\/israil-7-ekimden-bu-yana-gazzedeki-bm-merkezlerine-siginan-340-filistinliyi-oldurdu-1706128054.webp.webp","datePublished":"2024-01-24T20:38:32+00:00","author":{"@id":"https:\/\/kibrisdakik.com\/#\/schema\/person\/9cd9d437bbb44f72b73ba127e06d8e79"},"breadcrumb":{"@id":"https:\/\/kibrisdakik.com\/?p=27481#breadcrumb"},"inLanguage":"tr","potentialAction":[{"@type":"ReadAction","target":["https:\/\/kibrisdakik.com\/?p=27481"]}]},{"@type":"ImageObject","inLanguage":"tr","@id":"https:\/\/kibrisdakik.com\/?p=27481#primaryimage","url":"https:\/\/kibrisdakik.com\/wp-content\/uploads\/2024\/01\/israil-7-ekimden-bu-yana-gazzedeki-bm-merkezlerine-siginan-340-filistinliyi-oldurdu-1706128054.webp.webp","contentUrl":"https:\/\/kibrisdakik.com\/wp-content\/uploads\/2024\/01\/israil-7-ekimden-bu-yana-gazzedeki-bm-merkezlerine-siginan-340-filistinliyi-oldurdu-1706128054.webp.webp","width":710,"height":370},{"@type":"BreadcrumbList","@id":"https:\/\/kibrisdakik.com\/?p=27481#breadcrumb","itemListElement":[{"@type":"ListItem","position":1,"name":"Home","item":"https:\/\/kibrisdakik.com\/"},{"@type":"ListItem","position":2,"name":"\u0130srail, 7 Ekim&#039;den bu yana Gazze&#039;deki BM merkezlerine s\u0131\u011f\u0131nan 340 Filistinliyi \u00f6ld\u00fcrd\u00fc"}]},{"@type":"WebSite","@id":"https:\/\/kibrisdakik.com\/#website","url":"https:\/\/kibrisdakik.com\/","name":"","description":"Tam vaktinde haber","potentialAction":[{"@type":"SearchAction","target":{"@type":"EntryPoint","urlTemplate":"https:\/\/kibrisdakik.com\/?s={search_term_string}"},"query-input":{"@type":"PropertyValueSpecification","valueRequired":true,"valueName":"search_term_string"}}],"inLanguage":"tr"},{"@type":"Person","@id":"https:\/\/kibrisdakik.com\/#\/schema\/person\/9cd9d437bbb44f72b73ba127e06d8e79","name":"admin","image":{"@type":"ImageObject","inLanguage":"tr","@id":"https:\/\/secure.gravatar.com\/avatar\/ccc17943b9d660506c869530f897617f7cb1c21a4bf30023f252596d83e1f007?s=96&d=mm&r=g","url":"https:\/\/secure.gravatar.com\/avatar\/ccc17943b9d660506c869530f897617f7cb1c21a4bf30023f252596d83e1f007?s=96&d=mm&r=g","contentUrl":"https:\/\/secure.gravatar.com\/avatar\/ccc17943b9d660506c869530f897617f7cb1c21a4bf30023f252596d83e1f007?s=96&d=mm&r=g","caption":"admin"},"sameAs":["https:\/\/kibrisdakik.com"],"url":"https:\/\/kibrisdakik.com\/?author=1"}]}},"_links":{"self":[{"href":"https:\/\/kibrisdakik.com\/index.php?rest_route=\/wp\/v2\/posts\/27481","targetHints":{"allow":["GET"]}}],"collection":[{"href":"https:\/\/kibrisdakik.com\/index.php?rest_route=\/wp\/v2\/posts"}],"about":[{"href":"https:\/\/kibrisdakik.com\/index.php?rest_route=\/wp\/v2\/types\/post"}],"author":[{"embeddable":true,"href":"https:\/\/kibrisdakik.com\/index.php?rest_route=\/wp\/v2\/users\/1"}],"replies":[{"embeddable":true,"href":"https:\/\/kibrisdakik.com\/index.php?rest_route=%2Fwp%2Fv2%2Fcomments&post=27481"}],"version-history":[{"count":0,"href":"https:\/\/kibrisdakik.com\/index.php?rest_route=\/wp\/v2\/posts\/27481\/revisions"}],"wp:featuredmedia":[{"embeddable":true,"href":"https:\/\/kibrisdakik.com\/index.php?rest_route=\/wp\/v2\/media\/27482"}],"wp:attachment":[{"href":"https:\/\/kibrisdakik.com\/index.php?rest_route=%2Fwp%2Fv2%2Fmedia&parent=27481"}],"wp:term":[{"taxonomy":"category","embeddable":true,"href":"https:\/\/kibrisdakik.com\/index.php?rest_route=%2Fwp%2Fv2%2Fcategories&post=27481"},{"taxonomy":"post_tag","embeddable":true,"href":"https:\/\/kibrisdakik.com\/index.php?rest_route=%2Fwp%2Fv2%2Ftags&post=27481"}],"curies":[{"name":"wp","href":"https:\/\/api.w.org\/{rel}","templated":true}]}}