{"id":27659,"date":"2024-01-25T14:03:01","date_gmt":"2024-01-25T14:03:01","guid":{"rendered":"https:\/\/kibrisdakik.com\/index.php\/2024\/01\/25\/milli-egitim-bakanligi-personeli-kan-bagisinda-bulundu-2\/"},"modified":"2024-01-25T14:03:01","modified_gmt":"2024-01-25T14:03:01","slug":"milli-egitim-bakanligi-personeli-kan-bagisinda-bulundu-2","status":"publish","type":"post","link":"https:\/\/kibrisdakik.com\/?p=27659","title":{"rendered":"Milli E\u011fitim Bakanl\u0131\u011f\u0131 personeli kan ba\u011f\u0131\u015f\u0131nda bulundu"},"content":{"rendered":"<p><img decoding=\"async\" src=\"https:\/\/www.kibristurk.com\/images\/haberler\/2024\/01\/milli-egitim-bakanligi-personeli-kan-bagisinda-bulundu-1706190627.webp\" \/><\/p>\n<p style=\"text-align:left\"><span style=\"font-size:16px\"><span style=\"font-family:Merriweather,serif !important\"><span style=\"color:#000000\"><span style=\"background-color:#ffffff\"><span style=\"font-size:16px !important\"><span style=\"font-family:Merriweather,serif !important\"><span style=\"color:#000000 !important\">Bakanl\u0131ktan yap\u0131lan a\u00e7\u0131klamaya g\u00f6re, Thalassaemia hastalar\u0131n\u0131n hayati \u00f6neme sahip kan ihtiya\u00e7lar\u0131n\u0131 kar\u015f\u0131lamak amac\u0131yla Milli E\u011fitim Bakanl\u0131\u011f\u0131 b\u00fcnyesinde d\u00fczenlenen kan ba\u011f\u0131\u015f\u0131 kampanyas\u0131na, Milli E\u011fitim Bakan\u0131 Naz\u0131m \u00c7avu\u015fo\u011flu, Bakanl\u0131k b\u00fcrokratlar\u0131 ve Bakanl\u0131k personeli kat\u0131larak, kan ba\u011f\u0131\u015f\u0131nda bulundu.&nbsp;&nbsp;<\/span><\/span><\/span><\/span><\/span><\/span><\/span><\/p>\n<p style=\"text-align:left\"><span style=\"font-size:16px\"><span style=\"font-family:Merriweather,serif !important\"><span style=\"color:#000000\"><span style=\"background-color:#ffffff\"><span style=\"font-size:16px !important\"><span style=\"font-family:Merriweather,serif !important\"><span style=\"color:#000000 !important\">Etkinlik ile ilgili a\u00e7\u0131klamalarda bulunan Milli E\u011fitim Bakan\u0131 Naz\u0131m \u00c7avu\u015fo\u011flu, Bakanl\u0131k olarak Thalassaemia hastal\u0131\u011f\u0131yla m\u00fccadelede ya\u015famsal bir rol oynayan kan ba\u011f\u0131\u015f\u0131na dikkat \u00e7ekmek ve toplumda fark\u0131ndal\u0131k yaratmak ad\u0131na \u00f6nemli bir etkinli\u011fe ev sahipli\u011fi yapt\u0131klar\u0131n\u0131 s\u00f6yledi.<\/span><\/span><\/span><\/span><\/span><\/span><\/span><\/p>\n<p style=\"text-align:left\"><span style=\"font-size:16px\"><span style=\"font-family:Merriweather,serif !important\"><span style=\"color:#000000\"><span style=\"background-color:#ffffff\"><span style=\"font-size:16px !important\"><span style=\"font-family:Merriweather,serif !important\"><span style=\"color:#000000 !important\">Kan ba\u011f\u0131\u015f\u0131 konusunda t\u00fcm toplumun duyarl\u0131l\u0131k g\u00f6stermesi gerekti\u011fine vurgu yapan \u00c7avu\u015fo\u011flu, d\u00fczenledikleri ba\u011f\u0131\u015f etkinli\u011finin, genel sa\u011fl\u0131k bilincinin art\u0131r\u0131lmas\u0131 ve hayat kurtaran bu t\u00fcr kampanyalara destek olunmas\u0131 a\u00e7\u0131s\u0131ndan topluma \u00f6rnek olaca\u011f\u0131n\u0131 belirtti.<\/span><\/span><\/span><\/span><\/span><\/span><\/span><\/p>\n<p style=\"text-align:left\"><span style=\"font-size:16px\"><span style=\"font-family:Merriweather,serif !important\"><span style=\"color:#000000\"><span style=\"background-color:#ffffff\"><span style=\"font-size:16px !important\"><span style=\"font-family:Merriweather,serif !important\"><span style=\"color:#000000 !important\">Kan Bankas\u0131, Thalassaemia Kan Ba\u011f\u0131\u015f\u00e7\u0131 Kazan\u0131m Birimi ve Bakanl\u0131k personeline te\u015fekk\u00fcr eden \u00c7avu\u015fo\u011flu, bu \u00f6rnek tutumun toplumu kan ba\u011f\u0131\u015f\u0131 konusunda duyarl\u0131 olmaya te\u015fvik edece\u011fine de inand\u0131\u011f\u0131n\u0131 s\u00f6yledi.<\/span><\/span><\/span><\/span><\/span><\/span><\/span><\/p>\n","protected":false},"excerpt":{"rendered":"<p>Bakanl\u0131ktan yap\u0131lan a\u00e7\u0131klamaya g\u00f6re, Thalassaemia hastalar\u0131n\u0131n hayati \u00f6neme sahip kan ihtiya\u00e7lar\u0131n\u0131 kar\u015f\u0131lamak amac\u0131yla Milli E\u011fitim Bakanl\u0131\u011f\u0131 b\u00fcnyesinde d\u00fczenlenen kan ba\u011f\u0131\u015f\u0131 kampanyas\u0131na, Milli E\u011fitim Bakan\u0131 Naz\u0131m \u00c7avu\u015fo\u011flu, Bakanl\u0131k b\u00fcrokratlar\u0131 ve Bakanl\u0131k personeli kat\u0131larak, kan ba\u011f\u0131\u015f\u0131nda bulundu.&nbsp;&nbsp; Etkinlik ile ilgili a\u00e7\u0131klamalarda bulunan Milli E\u011fitim Bakan\u0131 Naz\u0131m \u00c7avu\u015fo\u011flu, Bakanl\u0131k olarak Thalassaemia hastal\u0131\u011f\u0131yla m\u00fccadelede ya\u015famsal bir rol oynayan kan<\/p>\n","protected":false},"author":1,"featured_media":27660,"comment_status":"open","ping_status":"open","sticky":false,"template":"","format":"standard","meta":{"footnotes":""},"categories":[85],"tags":[],"class_list":["post-27659","post","type-post","status-publish","format-standard","has-post-thumbnail","hentry","category-spor"],"yoast_head":"<!-- This site is optimized with the Yoast SEO plugin v27.5 - https:\/\/yoast.com\/product\/yoast-seo-wordpress\/ -->\n<title>Milli E\u011fitim Bakanl\u0131\u011f\u0131 personeli kan ba\u011f\u0131\u015f\u0131nda bulundu -<\/title>\n<meta name=\"robots\" content=\"index, follow, max-snippet:-1, max-image-preview:large, max-video-preview:-1\" \/>\n<link rel=\"canonical\" href=\"https:\/\/kibrisdakik.com\/?p=27659\" \/>\n<meta property=\"og:locale\" content=\"tr_TR\" \/>\n<meta property=\"og:type\" content=\"article\" \/>\n<meta property=\"og:title\" content=\"Milli E\u011fitim Bakanl\u0131\u011f\u0131 personeli kan ba\u011f\u0131\u015f\u0131nda bulundu -\" \/>\n<meta property=\"og:description\" content=\"Bakanl\u0131ktan yap\u0131lan a\u00e7\u0131klamaya g\u00f6re, Thalassaemia hastalar\u0131n\u0131n hayati \u00f6neme sahip kan ihtiya\u00e7lar\u0131n\u0131 kar\u015f\u0131lamak amac\u0131yla Milli E\u011fitim Bakanl\u0131\u011f\u0131 b\u00fcnyesinde d\u00fczenlenen kan ba\u011f\u0131\u015f\u0131 kampanyas\u0131na, Milli E\u011fitim Bakan\u0131 Naz\u0131m \u00c7avu\u015fo\u011flu, Bakanl\u0131k b\u00fcrokratlar\u0131 ve Bakanl\u0131k personeli kat\u0131larak, kan ba\u011f\u0131\u015f\u0131nda bulundu.&nbsp;&nbsp; Etkinlik ile ilgili a\u00e7\u0131klamalarda bulunan Milli E\u011fitim Bakan\u0131 Naz\u0131m \u00c7avu\u015fo\u011flu, Bakanl\u0131k olarak Thalassaemia hastal\u0131\u011f\u0131yla m\u00fccadelede ya\u015famsal bir rol oynayan kan\" \/>\n<meta property=\"og:url\" content=\"https:\/\/kibrisdakik.com\/?p=27659\" \/>\n<meta property=\"article:published_time\" content=\"2024-01-25T14:03:01+00:00\" \/>\n<meta property=\"og:image\" content=\"https:\/\/kibrisdakik.com\/wp-content\/uploads\/2024\/01\/milli-egitim-bakanligi-personeli-kan-bagisinda-bulundu-1706190627.webp.webp\" \/>\n\t<meta property=\"og:image:width\" content=\"710\" \/>\n\t<meta property=\"og:image:height\" content=\"370\" \/>\n\t<meta property=\"og:image:type\" content=\"image\/webp\" \/>\n<meta name=\"author\" content=\"admin\" \/>\n<meta name=\"twitter:card\" content=\"summary_large_image\" \/>\n<meta name=\"twitter:label1\" content=\"Yazan:\" \/>\n\t<meta name=\"twitter:data1\" content=\"admin\" \/>\n\t<meta name=\"twitter:label2\" content=\"Tahmini okuma s\u00fcresi\" \/>\n\t<meta name=\"twitter:data2\" content=\"1 dakika\" \/>\n<script type=\"application\/ld+json\" class=\"yoast-schema-graph\">{\"@context\":\"https:\\\/\\\/schema.org\",\"@graph\":[{\"@type\":\"Article\",\"@id\":\"https:\\\/\\\/kibrisdakik.com\\\/?p=27659#article\",\"isPartOf\":{\"@id\":\"https:\\\/\\\/kibrisdakik.com\\\/?p=27659\"},\"author\":{\"name\":\"admin\",\"@id\":\"https:\\\/\\\/kibrisdakik.com\\\/#\\\/schema\\\/person\\\/9cd9d437bbb44f72b73ba127e06d8e79\"},\"headline\":\"Milli E\u011fitim Bakanl\u0131\u011f\u0131 personeli kan ba\u011f\u0131\u015f\u0131nda bulundu\",\"datePublished\":\"2024-01-25T14:03:01+00:00\",\"mainEntityOfPage\":{\"@id\":\"https:\\\/\\\/kibrisdakik.com\\\/?p=27659\"},\"wordCount\":207,\"commentCount\":0,\"image\":{\"@id\":\"https:\\\/\\\/kibrisdakik.com\\\/?p=27659#primaryimage\"},\"thumbnailUrl\":\"https:\\\/\\\/kibrisdakik.com\\\/wp-content\\\/uploads\\\/2024\\\/01\\\/milli-egitim-bakanligi-personeli-kan-bagisinda-bulundu-1706190627.webp.webp\",\"articleSection\":[\"Spor\"],\"inLanguage\":\"tr\",\"potentialAction\":[{\"@type\":\"CommentAction\",\"name\":\"Comment\",\"target\":[\"https:\\\/\\\/kibrisdakik.com\\\/?p=27659#respond\"]}]},{\"@type\":\"WebPage\",\"@id\":\"https:\\\/\\\/kibrisdakik.com\\\/?p=27659\",\"url\":\"https:\\\/\\\/kibrisdakik.com\\\/?p=27659\",\"name\":\"Milli E\u011fitim Bakanl\u0131\u011f\u0131 personeli kan ba\u011f\u0131\u015f\u0131nda bulundu -\",\"isPartOf\":{\"@id\":\"https:\\\/\\\/kibrisdakik.com\\\/#website\"},\"primaryImageOfPage\":{\"@id\":\"https:\\\/\\\/kibrisdakik.com\\\/?p=27659#primaryimage\"},\"image\":{\"@id\":\"https:\\\/\\\/kibrisdakik.com\\\/?p=27659#primaryimage\"},\"thumbnailUrl\":\"https:\\\/\\\/kibrisdakik.com\\\/wp-content\\\/uploads\\\/2024\\\/01\\\/milli-egitim-bakanligi-personeli-kan-bagisinda-bulundu-1706190627.webp.webp\",\"datePublished\":\"2024-01-25T14:03:01+00:00\",\"author\":{\"@id\":\"https:\\\/\\\/kibrisdakik.com\\\/#\\\/schema\\\/person\\\/9cd9d437bbb44f72b73ba127e06d8e79\"},\"breadcrumb\":{\"@id\":\"https:\\\/\\\/kibrisdakik.com\\\/?p=27659#breadcrumb\"},\"inLanguage\":\"tr\",\"potentialAction\":[{\"@type\":\"ReadAction\",\"target\":[\"https:\\\/\\\/kibrisdakik.com\\\/?p=27659\"]}]},{\"@type\":\"ImageObject\",\"inLanguage\":\"tr\",\"@id\":\"https:\\\/\\\/kibrisdakik.com\\\/?p=27659#primaryimage\",\"url\":\"https:\\\/\\\/kibrisdakik.com\\\/wp-content\\\/uploads\\\/2024\\\/01\\\/milli-egitim-bakanligi-personeli-kan-bagisinda-bulundu-1706190627.webp.webp\",\"contentUrl\":\"https:\\\/\\\/kibrisdakik.com\\\/wp-content\\\/uploads\\\/2024\\\/01\\\/milli-egitim-bakanligi-personeli-kan-bagisinda-bulundu-1706190627.webp.webp\",\"width\":710,\"height\":370},{\"@type\":\"BreadcrumbList\",\"@id\":\"https:\\\/\\\/kibrisdakik.com\\\/?p=27659#breadcrumb\",\"itemListElement\":[{\"@type\":\"ListItem\",\"position\":1,\"name\":\"Home\",\"item\":\"https:\\\/\\\/kibrisdakik.com\\\/\"},{\"@type\":\"ListItem\",\"position\":2,\"name\":\"Milli E\u011fitim Bakanl\u0131\u011f\u0131 personeli kan ba\u011f\u0131\u015f\u0131nda bulundu\"}]},{\"@type\":\"WebSite\",\"@id\":\"https:\\\/\\\/kibrisdakik.com\\\/#website\",\"url\":\"https:\\\/\\\/kibrisdakik.com\\\/\",\"name\":\"\",\"description\":\"Tam vaktinde haber\",\"potentialAction\":[{\"@type\":\"SearchAction\",\"target\":{\"@type\":\"EntryPoint\",\"urlTemplate\":\"https:\\\/\\\/kibrisdakik.com\\\/?s={search_term_string}\"},\"query-input\":{\"@type\":\"PropertyValueSpecification\",\"valueRequired\":true,\"valueName\":\"search_term_string\"}}],\"inLanguage\":\"tr\"},{\"@type\":\"Person\",\"@id\":\"https:\\\/\\\/kibrisdakik.com\\\/#\\\/schema\\\/person\\\/9cd9d437bbb44f72b73ba127e06d8e79\",\"name\":\"admin\",\"image\":{\"@type\":\"ImageObject\",\"inLanguage\":\"tr\",\"@id\":\"https:\\\/\\\/secure.gravatar.com\\\/avatar\\\/ccc17943b9d660506c869530f897617f7cb1c21a4bf30023f252596d83e1f007?s=96&d=mm&r=g\",\"url\":\"https:\\\/\\\/secure.gravatar.com\\\/avatar\\\/ccc17943b9d660506c869530f897617f7cb1c21a4bf30023f252596d83e1f007?s=96&d=mm&r=g\",\"contentUrl\":\"https:\\\/\\\/secure.gravatar.com\\\/avatar\\\/ccc17943b9d660506c869530f897617f7cb1c21a4bf30023f252596d83e1f007?s=96&d=mm&r=g\",\"caption\":\"admin\"},\"sameAs\":[\"https:\\\/\\\/kibrisdakik.com\"],\"url\":\"https:\\\/\\\/kibrisdakik.com\\\/?author=1\"}]}<\/script>\n<!-- \/ Yoast SEO plugin. -->","yoast_head_json":{"title":"Milli E\u011fitim Bakanl\u0131\u011f\u0131 personeli kan ba\u011f\u0131\u015f\u0131nda bulundu -","robots":{"index":"index","follow":"follow","max-snippet":"max-snippet:-1","max-image-preview":"max-image-preview:large","max-video-preview":"max-video-preview:-1"},"canonical":"https:\/\/kibrisdakik.com\/?p=27659","og_locale":"tr_TR","og_type":"article","og_title":"Milli E\u011fitim Bakanl\u0131\u011f\u0131 personeli kan ba\u011f\u0131\u015f\u0131nda bulundu -","og_description":"Bakanl\u0131ktan yap\u0131lan a\u00e7\u0131klamaya g\u00f6re, Thalassaemia hastalar\u0131n\u0131n hayati \u00f6neme sahip kan ihtiya\u00e7lar\u0131n\u0131 kar\u015f\u0131lamak amac\u0131yla Milli E\u011fitim Bakanl\u0131\u011f\u0131 b\u00fcnyesinde d\u00fczenlenen kan ba\u011f\u0131\u015f\u0131 kampanyas\u0131na, Milli E\u011fitim Bakan\u0131 Naz\u0131m \u00c7avu\u015fo\u011flu, Bakanl\u0131k b\u00fcrokratlar\u0131 ve Bakanl\u0131k personeli kat\u0131larak, kan ba\u011f\u0131\u015f\u0131nda bulundu.&nbsp;&nbsp; Etkinlik ile ilgili a\u00e7\u0131klamalarda bulunan Milli E\u011fitim Bakan\u0131 Naz\u0131m \u00c7avu\u015fo\u011flu, Bakanl\u0131k olarak Thalassaemia hastal\u0131\u011f\u0131yla m\u00fccadelede ya\u015famsal bir rol oynayan kan","og_url":"https:\/\/kibrisdakik.com\/?p=27659","article_published_time":"2024-01-25T14:03:01+00:00","og_image":[{"width":710,"height":370,"url":"https:\/\/kibrisdakik.com\/wp-content\/uploads\/2024\/01\/milli-egitim-bakanligi-personeli-kan-bagisinda-bulundu-1706190627.webp.webp","type":"image\/webp"}],"author":"admin","twitter_card":"summary_large_image","twitter_misc":{"Yazan:":"admin","Tahmini okuma s\u00fcresi":"1 dakika"},"schema":{"@context":"https:\/\/schema.org","@graph":[{"@type":"Article","@id":"https:\/\/kibrisdakik.com\/?p=27659#article","isPartOf":{"@id":"https:\/\/kibrisdakik.com\/?p=27659"},"author":{"name":"admin","@id":"https:\/\/kibrisdakik.com\/#\/schema\/person\/9cd9d437bbb44f72b73ba127e06d8e79"},"headline":"Milli E\u011fitim Bakanl\u0131\u011f\u0131 personeli kan ba\u011f\u0131\u015f\u0131nda bulundu","datePublished":"2024-01-25T14:03:01+00:00","mainEntityOfPage":{"@id":"https:\/\/kibrisdakik.com\/?p=27659"},"wordCount":207,"commentCount":0,"image":{"@id":"https:\/\/kibrisdakik.com\/?p=27659#primaryimage"},"thumbnailUrl":"https:\/\/kibrisdakik.com\/wp-content\/uploads\/2024\/01\/milli-egitim-bakanligi-personeli-kan-bagisinda-bulundu-1706190627.webp.webp","articleSection":["Spor"],"inLanguage":"tr","potentialAction":[{"@type":"CommentAction","name":"Comment","target":["https:\/\/kibrisdakik.com\/?p=27659#respond"]}]},{"@type":"WebPage","@id":"https:\/\/kibrisdakik.com\/?p=27659","url":"https:\/\/kibrisdakik.com\/?p=27659","name":"Milli E\u011fitim Bakanl\u0131\u011f\u0131 personeli kan ba\u011f\u0131\u015f\u0131nda bulundu -","isPartOf":{"@id":"https:\/\/kibrisdakik.com\/#website"},"primaryImageOfPage":{"@id":"https:\/\/kibrisdakik.com\/?p=27659#primaryimage"},"image":{"@id":"https:\/\/kibrisdakik.com\/?p=27659#primaryimage"},"thumbnailUrl":"https:\/\/kibrisdakik.com\/wp-content\/uploads\/2024\/01\/milli-egitim-bakanligi-personeli-kan-bagisinda-bulundu-1706190627.webp.webp","datePublished":"2024-01-25T14:03:01+00:00","author":{"@id":"https:\/\/kibrisdakik.com\/#\/schema\/person\/9cd9d437bbb44f72b73ba127e06d8e79"},"breadcrumb":{"@id":"https:\/\/kibrisdakik.com\/?p=27659#breadcrumb"},"inLanguage":"tr","potentialAction":[{"@type":"ReadAction","target":["https:\/\/kibrisdakik.com\/?p=27659"]}]},{"@type":"ImageObject","inLanguage":"tr","@id":"https:\/\/kibrisdakik.com\/?p=27659#primaryimage","url":"https:\/\/kibrisdakik.com\/wp-content\/uploads\/2024\/01\/milli-egitim-bakanligi-personeli-kan-bagisinda-bulundu-1706190627.webp.webp","contentUrl":"https:\/\/kibrisdakik.com\/wp-content\/uploads\/2024\/01\/milli-egitim-bakanligi-personeli-kan-bagisinda-bulundu-1706190627.webp.webp","width":710,"height":370},{"@type":"BreadcrumbList","@id":"https:\/\/kibrisdakik.com\/?p=27659#breadcrumb","itemListElement":[{"@type":"ListItem","position":1,"name":"Home","item":"https:\/\/kibrisdakik.com\/"},{"@type":"ListItem","position":2,"name":"Milli E\u011fitim Bakanl\u0131\u011f\u0131 personeli kan ba\u011f\u0131\u015f\u0131nda bulundu"}]},{"@type":"WebSite","@id":"https:\/\/kibrisdakik.com\/#website","url":"https:\/\/kibrisdakik.com\/","name":"","description":"Tam vaktinde haber","potentialAction":[{"@type":"SearchAction","target":{"@type":"EntryPoint","urlTemplate":"https:\/\/kibrisdakik.com\/?s={search_term_string}"},"query-input":{"@type":"PropertyValueSpecification","valueRequired":true,"valueName":"search_term_string"}}],"inLanguage":"tr"},{"@type":"Person","@id":"https:\/\/kibrisdakik.com\/#\/schema\/person\/9cd9d437bbb44f72b73ba127e06d8e79","name":"admin","image":{"@type":"ImageObject","inLanguage":"tr","@id":"https:\/\/secure.gravatar.com\/avatar\/ccc17943b9d660506c869530f897617f7cb1c21a4bf30023f252596d83e1f007?s=96&d=mm&r=g","url":"https:\/\/secure.gravatar.com\/avatar\/ccc17943b9d660506c869530f897617f7cb1c21a4bf30023f252596d83e1f007?s=96&d=mm&r=g","contentUrl":"https:\/\/secure.gravatar.com\/avatar\/ccc17943b9d660506c869530f897617f7cb1c21a4bf30023f252596d83e1f007?s=96&d=mm&r=g","caption":"admin"},"sameAs":["https:\/\/kibrisdakik.com"],"url":"https:\/\/kibrisdakik.com\/?author=1"}]}},"_links":{"self":[{"href":"https:\/\/kibrisdakik.com\/index.php?rest_route=\/wp\/v2\/posts\/27659","targetHints":{"allow":["GET"]}}],"collection":[{"href":"https:\/\/kibrisdakik.com\/index.php?rest_route=\/wp\/v2\/posts"}],"about":[{"href":"https:\/\/kibrisdakik.com\/index.php?rest_route=\/wp\/v2\/types\/post"}],"author":[{"embeddable":true,"href":"https:\/\/kibrisdakik.com\/index.php?rest_route=\/wp\/v2\/users\/1"}],"replies":[{"embeddable":true,"href":"https:\/\/kibrisdakik.com\/index.php?rest_route=%2Fwp%2Fv2%2Fcomments&post=27659"}],"version-history":[{"count":0,"href":"https:\/\/kibrisdakik.com\/index.php?rest_route=\/wp\/v2\/posts\/27659\/revisions"}],"wp:featuredmedia":[{"embeddable":true,"href":"https:\/\/kibrisdakik.com\/index.php?rest_route=\/wp\/v2\/media\/27660"}],"wp:attachment":[{"href":"https:\/\/kibrisdakik.com\/index.php?rest_route=%2Fwp%2Fv2%2Fmedia&parent=27659"}],"wp:term":[{"taxonomy":"category","embeddable":true,"href":"https:\/\/kibrisdakik.com\/index.php?rest_route=%2Fwp%2Fv2%2Fcategories&post=27659"},{"taxonomy":"post_tag","embeddable":true,"href":"https:\/\/kibrisdakik.com\/index.php?rest_route=%2Fwp%2Fv2%2Ftags&post=27659"}],"curies":[{"name":"wp","href":"https:\/\/api.w.org\/{rel}","templated":true}]}}