{"id":27685,"date":"2024-01-25T16:11:49","date_gmt":"2024-01-25T16:11:49","guid":{"rendered":"https:\/\/kibrisdakik.com\/index.php\/2024\/01\/25\/cumhuriyet-meclisi-idari-kamu-ve-saglik-isleri-komitesi-tbmm-sanayii-ticaret-enerji-tabii-kaynaklar-bilgi-ve-teknoloji-komisyonu-ile-gorusme-gerceklestirdi\/"},"modified":"2024-01-25T16:11:49","modified_gmt":"2024-01-25T16:11:49","slug":"cumhuriyet-meclisi-idari-kamu-ve-saglik-isleri-komitesi-tbmm-sanayii-ticaret-enerji-tabii-kaynaklar-bilgi-ve-teknoloji-komisyonu-ile-gorusme-gerceklestirdi","status":"publish","type":"post","link":"https:\/\/kibrisdakik.com\/?p=27685","title":{"rendered":"Cumhuriyet Meclisi \u0130dari Kamu ve Sa\u011fl\u0131k \u0130\u015fleri Komitesi, TBMM Sanayii, Ticaret, Enerji, Tabii Kaynaklar, Bilgi ve Teknoloji Komisyonu ile g\u00f6r\u00fc\u015fme ger\u00e7ekle\u015ftirdi"},"content":{"rendered":"<p><img decoding=\"async\" src=\"https:\/\/www.kibristurk.com\/images\/haberler\/2024\/01\/cumhuriyet-meclisi-idari-kamu-ve-saglik-isleri-komitesi-tbmm-sanayii-ticaret-enerji-tabii-kaynaklar-bilgi-ve-teknoloji-komisyonu-ile-gorusme-gerceklestirdi-1706187669.webp\" \/><\/p>\n<p>Burada bir konu\u015fma yapan Komite Heyeti Ba\u015fkan\u0131 Emrah Ye\u015fil\u0131rmak, Komisyon \u00fcyelerinin yo\u011fun kat\u0131l\u0131m\u0131 ve ilgisinden dolay\u0131 memnuniyet duydu\u011funu ifade etti. Ankara temaslar\u0131 \u00e7er\u00e7evesinde isti\u015fareler ve g\u00f6r\u00fc\u015fmeler yap\u0131lan komisyonlar\u0131n tecr\u00fcbesinden de faydalanarak, ortak paydada vatanda\u015f yarar\u0131na yasalar\u0131n yap\u0131lmas\u0131 hususunda b\u00fcy\u00fck \u00e7abalar\u0131n ve \u00e7al\u0131\u015fmalar\u0131n oldu\u011funa dikkat \u00e7ekti. T\u00fcrkiye Cumhuriyeti taraf\u0131ndan d\u0131\u015f politika, ekonomi ve k\u00fclt\u00fcrel alanlarda verilen desteklerden dolay\u0131 memnuniyetini dile getirdi. TBMM Sanayii, Ticaret, Enerji, Tabii Kaynaklar, Bilgi ve Teknoloji Komisyonu ile yap\u0131lan g\u00f6r\u00fc\u015fmede, ba\u015fta organize sanayi b\u00f6lgeleri, yenilenebilir enerji ve E-Devlet veri merkezi olmak \u00fczere, bir\u00e7ok konu ele al\u0131nd\u0131.<\/p>\n<p>Cumhuriyet Meclisi \u0130dari Kamu ve Sa\u011fl\u0131k \u0130\u015fleri Komitesi Heyeti\u2019nde Komite Ba\u015fkan\u0131 UBP Milletvekili Komite Ba\u015fkan\u0131 Emrah Ye\u015fil\u0131rmak, Komite Ba\u015fkan Vekili CTP Milletvekili Filiz Besim, Komite \u00dcyeleri UBP Milletvekili Ahmet Sava\u015fan, CTP Milletvekili Devrim Bar\u00e7\u0131n\u2019\u0131n yan\u0131 s\u0131ra CTP Milletvekili Sami \u00d6zuslu ve Ba\u011f\u0131ms\u0131z Milletvekilleri Ay\u015feg\u00fcl Baybars ve Jale Refik Rogers yer al\u0131yor.<\/p>\n<p>Ankara temaslar\u0131n\u0131 tamamlayan Cumhuriyet Meclisi \u0130dari, Kamu ve Sa\u011fl\u0131k \u0130\u015fleri Komitesi heyetinin per\u015fembe ak\u015fam\u0131 KKTC\u2019ye d\u00f6nmesi bekleniyor.<\/p>\n","protected":false},"excerpt":{"rendered":"<p>Burada bir konu\u015fma yapan Komite Heyeti Ba\u015fkan\u0131 Emrah Ye\u015fil\u0131rmak, Komisyon \u00fcyelerinin yo\u011fun kat\u0131l\u0131m\u0131 ve ilgisinden dolay\u0131 memnuniyet duydu\u011funu ifade etti. Ankara temaslar\u0131 \u00e7er\u00e7evesinde isti\u015fareler ve g\u00f6r\u00fc\u015fmeler yap\u0131lan komisyonlar\u0131n tecr\u00fcbesinden de faydalanarak, ortak paydada vatanda\u015f yarar\u0131na yasalar\u0131n yap\u0131lmas\u0131 hususunda b\u00fcy\u00fck \u00e7abalar\u0131n ve \u00e7al\u0131\u015fmalar\u0131n oldu\u011funa dikkat \u00e7ekti. T\u00fcrkiye Cumhuriyeti taraf\u0131ndan d\u0131\u015f politika, ekonomi ve k\u00fclt\u00fcrel alanlarda verilen<\/p>\n","protected":false},"author":1,"featured_media":27686,"comment_status":"open","ping_status":"open","sticky":false,"template":"","format":"standard","meta":{"footnotes":""},"categories":[1],"tags":[],"class_list":["post-27685","post","type-post","status-publish","format-standard","has-post-thumbnail","hentry","category-gundem"],"yoast_head":"<!-- This site is optimized with the Yoast SEO plugin v27.5 - https:\/\/yoast.com\/product\/yoast-seo-wordpress\/ -->\n<title>Cumhuriyet Meclisi \u0130dari Kamu ve Sa\u011fl\u0131k \u0130\u015fleri Komitesi, TBMM Sanayii, Ticaret, Enerji, Tabii Kaynaklar, Bilgi ve Teknoloji Komisyonu ile g\u00f6r\u00fc\u015fme ger\u00e7ekle\u015ftirdi -<\/title>\n<meta name=\"robots\" content=\"index, follow, max-snippet:-1, max-image-preview:large, max-video-preview:-1\" \/>\n<link rel=\"canonical\" href=\"https:\/\/kibrisdakik.com\/?p=27685\" \/>\n<meta property=\"og:locale\" content=\"tr_TR\" \/>\n<meta property=\"og:type\" content=\"article\" \/>\n<meta property=\"og:title\" content=\"Cumhuriyet Meclisi \u0130dari Kamu ve Sa\u011fl\u0131k \u0130\u015fleri Komitesi, TBMM Sanayii, Ticaret, Enerji, Tabii Kaynaklar, Bilgi ve Teknoloji Komisyonu ile g\u00f6r\u00fc\u015fme ger\u00e7ekle\u015ftirdi -\" \/>\n<meta property=\"og:description\" content=\"Burada bir konu\u015fma yapan Komite Heyeti Ba\u015fkan\u0131 Emrah Ye\u015fil\u0131rmak, Komisyon \u00fcyelerinin yo\u011fun kat\u0131l\u0131m\u0131 ve ilgisinden dolay\u0131 memnuniyet duydu\u011funu ifade etti. Ankara temaslar\u0131 \u00e7er\u00e7evesinde isti\u015fareler ve g\u00f6r\u00fc\u015fmeler yap\u0131lan komisyonlar\u0131n tecr\u00fcbesinden de faydalanarak, ortak paydada vatanda\u015f yarar\u0131na yasalar\u0131n yap\u0131lmas\u0131 hususunda b\u00fcy\u00fck \u00e7abalar\u0131n ve \u00e7al\u0131\u015fmalar\u0131n oldu\u011funa dikkat \u00e7ekti. T\u00fcrkiye Cumhuriyeti taraf\u0131ndan d\u0131\u015f politika, ekonomi ve k\u00fclt\u00fcrel alanlarda verilen\" \/>\n<meta property=\"og:url\" content=\"https:\/\/kibrisdakik.com\/?p=27685\" \/>\n<meta property=\"article:published_time\" content=\"2024-01-25T16:11:49+00:00\" \/>\n<meta property=\"og:image\" content=\"https:\/\/kibrisdakik.com\/wp-content\/uploads\/2024\/01\/cumhuriyet-meclisi-idari-kamu-ve-saglik-isleri-komitesi-tbmm-sanayii-ticaret-enerji-tabii-kaynaklar-bilgi-ve-teknoloji-komisyonu-ile-gorusme-gerceklestirdi-1706187669.webp.webp\" \/>\n\t<meta property=\"og:image:width\" content=\"710\" \/>\n\t<meta property=\"og:image:height\" content=\"370\" \/>\n\t<meta property=\"og:image:type\" content=\"image\/webp\" \/>\n<meta name=\"author\" content=\"admin\" \/>\n<meta name=\"twitter:card\" content=\"summary_large_image\" \/>\n<meta name=\"twitter:label1\" content=\"Yazan:\" \/>\n\t<meta name=\"twitter:data1\" content=\"admin\" \/>\n\t<meta name=\"twitter:label2\" content=\"Tahmini okuma s\u00fcresi\" \/>\n\t<meta name=\"twitter:data2\" content=\"1 dakika\" \/>\n<script type=\"application\/ld+json\" class=\"yoast-schema-graph\">{\"@context\":\"https:\\\/\\\/schema.org\",\"@graph\":[{\"@type\":\"Article\",\"@id\":\"https:\\\/\\\/kibrisdakik.com\\\/?p=27685#article\",\"isPartOf\":{\"@id\":\"https:\\\/\\\/kibrisdakik.com\\\/?p=27685\"},\"author\":{\"name\":\"admin\",\"@id\":\"https:\\\/\\\/kibrisdakik.com\\\/#\\\/schema\\\/person\\\/9cd9d437bbb44f72b73ba127e06d8e79\"},\"headline\":\"Cumhuriyet Meclisi \u0130dari Kamu ve Sa\u011fl\u0131k \u0130\u015fleri Komitesi, TBMM Sanayii, Ticaret, Enerji, Tabii Kaynaklar, Bilgi ve Teknoloji Komisyonu ile g\u00f6r\u00fc\u015fme ger\u00e7ekle\u015ftirdi\",\"datePublished\":\"2024-01-25T16:11:49+00:00\",\"mainEntityOfPage\":{\"@id\":\"https:\\\/\\\/kibrisdakik.com\\\/?p=27685\"},\"wordCount\":243,\"commentCount\":0,\"image\":{\"@id\":\"https:\\\/\\\/kibrisdakik.com\\\/?p=27685#primaryimage\"},\"thumbnailUrl\":\"https:\\\/\\\/kibrisdakik.com\\\/wp-content\\\/uploads\\\/2024\\\/01\\\/cumhuriyet-meclisi-idari-kamu-ve-saglik-isleri-komitesi-tbmm-sanayii-ticaret-enerji-tabii-kaynaklar-bilgi-ve-teknoloji-komisyonu-ile-gorusme-gerceklestirdi-1706187669.webp.webp\",\"articleSection\":[\"G\u00fcndem\"],\"inLanguage\":\"tr\",\"potentialAction\":[{\"@type\":\"CommentAction\",\"name\":\"Comment\",\"target\":[\"https:\\\/\\\/kibrisdakik.com\\\/?p=27685#respond\"]}]},{\"@type\":\"WebPage\",\"@id\":\"https:\\\/\\\/kibrisdakik.com\\\/?p=27685\",\"url\":\"https:\\\/\\\/kibrisdakik.com\\\/?p=27685\",\"name\":\"Cumhuriyet Meclisi \u0130dari Kamu ve Sa\u011fl\u0131k \u0130\u015fleri Komitesi, TBMM Sanayii, Ticaret, Enerji, Tabii Kaynaklar, Bilgi ve Teknoloji Komisyonu ile g\u00f6r\u00fc\u015fme ger\u00e7ekle\u015ftirdi -\",\"isPartOf\":{\"@id\":\"https:\\\/\\\/kibrisdakik.com\\\/#website\"},\"primaryImageOfPage\":{\"@id\":\"https:\\\/\\\/kibrisdakik.com\\\/?p=27685#primaryimage\"},\"image\":{\"@id\":\"https:\\\/\\\/kibrisdakik.com\\\/?p=27685#primaryimage\"},\"thumbnailUrl\":\"https:\\\/\\\/kibrisdakik.com\\\/wp-content\\\/uploads\\\/2024\\\/01\\\/cumhuriyet-meclisi-idari-kamu-ve-saglik-isleri-komitesi-tbmm-sanayii-ticaret-enerji-tabii-kaynaklar-bilgi-ve-teknoloji-komisyonu-ile-gorusme-gerceklestirdi-1706187669.webp.webp\",\"datePublished\":\"2024-01-25T16:11:49+00:00\",\"author\":{\"@id\":\"https:\\\/\\\/kibrisdakik.com\\\/#\\\/schema\\\/person\\\/9cd9d437bbb44f72b73ba127e06d8e79\"},\"breadcrumb\":{\"@id\":\"https:\\\/\\\/kibrisdakik.com\\\/?p=27685#breadcrumb\"},\"inLanguage\":\"tr\",\"potentialAction\":[{\"@type\":\"ReadAction\",\"target\":[\"https:\\\/\\\/kibrisdakik.com\\\/?p=27685\"]}]},{\"@type\":\"ImageObject\",\"inLanguage\":\"tr\",\"@id\":\"https:\\\/\\\/kibrisdakik.com\\\/?p=27685#primaryimage\",\"url\":\"https:\\\/\\\/kibrisdakik.com\\\/wp-content\\\/uploads\\\/2024\\\/01\\\/cumhuriyet-meclisi-idari-kamu-ve-saglik-isleri-komitesi-tbmm-sanayii-ticaret-enerji-tabii-kaynaklar-bilgi-ve-teknoloji-komisyonu-ile-gorusme-gerceklestirdi-1706187669.webp.webp\",\"contentUrl\":\"https:\\\/\\\/kibrisdakik.com\\\/wp-content\\\/uploads\\\/2024\\\/01\\\/cumhuriyet-meclisi-idari-kamu-ve-saglik-isleri-komitesi-tbmm-sanayii-ticaret-enerji-tabii-kaynaklar-bilgi-ve-teknoloji-komisyonu-ile-gorusme-gerceklestirdi-1706187669.webp.webp\",\"width\":710,\"height\":370},{\"@type\":\"BreadcrumbList\",\"@id\":\"https:\\\/\\\/kibrisdakik.com\\\/?p=27685#breadcrumb\",\"itemListElement\":[{\"@type\":\"ListItem\",\"position\":1,\"name\":\"Home\",\"item\":\"https:\\\/\\\/kibrisdakik.com\\\/\"},{\"@type\":\"ListItem\",\"position\":2,\"name\":\"Cumhuriyet Meclisi \u0130dari Kamu ve Sa\u011fl\u0131k \u0130\u015fleri Komitesi, TBMM Sanayii, Ticaret, Enerji, Tabii Kaynaklar, Bilgi ve Teknoloji Komisyonu ile g\u00f6r\u00fc\u015fme ger\u00e7ekle\u015ftirdi\"}]},{\"@type\":\"WebSite\",\"@id\":\"https:\\\/\\\/kibrisdakik.com\\\/#website\",\"url\":\"https:\\\/\\\/kibrisdakik.com\\\/\",\"name\":\"\",\"description\":\"Tam vaktinde haber\",\"potentialAction\":[{\"@type\":\"SearchAction\",\"target\":{\"@type\":\"EntryPoint\",\"urlTemplate\":\"https:\\\/\\\/kibrisdakik.com\\\/?s={search_term_string}\"},\"query-input\":{\"@type\":\"PropertyValueSpecification\",\"valueRequired\":true,\"valueName\":\"search_term_string\"}}],\"inLanguage\":\"tr\"},{\"@type\":\"Person\",\"@id\":\"https:\\\/\\\/kibrisdakik.com\\\/#\\\/schema\\\/person\\\/9cd9d437bbb44f72b73ba127e06d8e79\",\"name\":\"admin\",\"image\":{\"@type\":\"ImageObject\",\"inLanguage\":\"tr\",\"@id\":\"https:\\\/\\\/secure.gravatar.com\\\/avatar\\\/ccc17943b9d660506c869530f897617f7cb1c21a4bf30023f252596d83e1f007?s=96&d=mm&r=g\",\"url\":\"https:\\\/\\\/secure.gravatar.com\\\/avatar\\\/ccc17943b9d660506c869530f897617f7cb1c21a4bf30023f252596d83e1f007?s=96&d=mm&r=g\",\"contentUrl\":\"https:\\\/\\\/secure.gravatar.com\\\/avatar\\\/ccc17943b9d660506c869530f897617f7cb1c21a4bf30023f252596d83e1f007?s=96&d=mm&r=g\",\"caption\":\"admin\"},\"sameAs\":[\"https:\\\/\\\/kibrisdakik.com\"],\"url\":\"https:\\\/\\\/kibrisdakik.com\\\/?author=1\"}]}<\/script>\n<!-- \/ Yoast SEO plugin. -->","yoast_head_json":{"title":"Cumhuriyet Meclisi \u0130dari Kamu ve Sa\u011fl\u0131k \u0130\u015fleri Komitesi, TBMM Sanayii, Ticaret, Enerji, Tabii Kaynaklar, Bilgi ve Teknoloji Komisyonu ile g\u00f6r\u00fc\u015fme ger\u00e7ekle\u015ftirdi -","robots":{"index":"index","follow":"follow","max-snippet":"max-snippet:-1","max-image-preview":"max-image-preview:large","max-video-preview":"max-video-preview:-1"},"canonical":"https:\/\/kibrisdakik.com\/?p=27685","og_locale":"tr_TR","og_type":"article","og_title":"Cumhuriyet Meclisi \u0130dari Kamu ve Sa\u011fl\u0131k \u0130\u015fleri Komitesi, TBMM Sanayii, Ticaret, Enerji, Tabii Kaynaklar, Bilgi ve Teknoloji Komisyonu ile g\u00f6r\u00fc\u015fme ger\u00e7ekle\u015ftirdi -","og_description":"Burada bir konu\u015fma yapan Komite Heyeti Ba\u015fkan\u0131 Emrah Ye\u015fil\u0131rmak, Komisyon \u00fcyelerinin yo\u011fun kat\u0131l\u0131m\u0131 ve ilgisinden dolay\u0131 memnuniyet duydu\u011funu ifade etti. Ankara temaslar\u0131 \u00e7er\u00e7evesinde isti\u015fareler ve g\u00f6r\u00fc\u015fmeler yap\u0131lan komisyonlar\u0131n tecr\u00fcbesinden de faydalanarak, ortak paydada vatanda\u015f yarar\u0131na yasalar\u0131n yap\u0131lmas\u0131 hususunda b\u00fcy\u00fck \u00e7abalar\u0131n ve \u00e7al\u0131\u015fmalar\u0131n oldu\u011funa dikkat \u00e7ekti. T\u00fcrkiye Cumhuriyeti taraf\u0131ndan d\u0131\u015f politika, ekonomi ve k\u00fclt\u00fcrel alanlarda verilen","og_url":"https:\/\/kibrisdakik.com\/?p=27685","article_published_time":"2024-01-25T16:11:49+00:00","og_image":[{"width":710,"height":370,"url":"https:\/\/kibrisdakik.com\/wp-content\/uploads\/2024\/01\/cumhuriyet-meclisi-idari-kamu-ve-saglik-isleri-komitesi-tbmm-sanayii-ticaret-enerji-tabii-kaynaklar-bilgi-ve-teknoloji-komisyonu-ile-gorusme-gerceklestirdi-1706187669.webp.webp","type":"image\/webp"}],"author":"admin","twitter_card":"summary_large_image","twitter_misc":{"Yazan:":"admin","Tahmini okuma s\u00fcresi":"1 dakika"},"schema":{"@context":"https:\/\/schema.org","@graph":[{"@type":"Article","@id":"https:\/\/kibrisdakik.com\/?p=27685#article","isPartOf":{"@id":"https:\/\/kibrisdakik.com\/?p=27685"},"author":{"name":"admin","@id":"https:\/\/kibrisdakik.com\/#\/schema\/person\/9cd9d437bbb44f72b73ba127e06d8e79"},"headline":"Cumhuriyet Meclisi \u0130dari Kamu ve Sa\u011fl\u0131k \u0130\u015fleri Komitesi, TBMM Sanayii, Ticaret, Enerji, Tabii Kaynaklar, Bilgi ve Teknoloji Komisyonu ile g\u00f6r\u00fc\u015fme ger\u00e7ekle\u015ftirdi","datePublished":"2024-01-25T16:11:49+00:00","mainEntityOfPage":{"@id":"https:\/\/kibrisdakik.com\/?p=27685"},"wordCount":243,"commentCount":0,"image":{"@id":"https:\/\/kibrisdakik.com\/?p=27685#primaryimage"},"thumbnailUrl":"https:\/\/kibrisdakik.com\/wp-content\/uploads\/2024\/01\/cumhuriyet-meclisi-idari-kamu-ve-saglik-isleri-komitesi-tbmm-sanayii-ticaret-enerji-tabii-kaynaklar-bilgi-ve-teknoloji-komisyonu-ile-gorusme-gerceklestirdi-1706187669.webp.webp","articleSection":["G\u00fcndem"],"inLanguage":"tr","potentialAction":[{"@type":"CommentAction","name":"Comment","target":["https:\/\/kibrisdakik.com\/?p=27685#respond"]}]},{"@type":"WebPage","@id":"https:\/\/kibrisdakik.com\/?p=27685","url":"https:\/\/kibrisdakik.com\/?p=27685","name":"Cumhuriyet Meclisi \u0130dari Kamu ve Sa\u011fl\u0131k \u0130\u015fleri Komitesi, TBMM Sanayii, Ticaret, Enerji, Tabii Kaynaklar, Bilgi ve Teknoloji Komisyonu ile g\u00f6r\u00fc\u015fme ger\u00e7ekle\u015ftirdi -","isPartOf":{"@id":"https:\/\/kibrisdakik.com\/#website"},"primaryImageOfPage":{"@id":"https:\/\/kibrisdakik.com\/?p=27685#primaryimage"},"image":{"@id":"https:\/\/kibrisdakik.com\/?p=27685#primaryimage"},"thumbnailUrl":"https:\/\/kibrisdakik.com\/wp-content\/uploads\/2024\/01\/cumhuriyet-meclisi-idari-kamu-ve-saglik-isleri-komitesi-tbmm-sanayii-ticaret-enerji-tabii-kaynaklar-bilgi-ve-teknoloji-komisyonu-ile-gorusme-gerceklestirdi-1706187669.webp.webp","datePublished":"2024-01-25T16:11:49+00:00","author":{"@id":"https:\/\/kibrisdakik.com\/#\/schema\/person\/9cd9d437bbb44f72b73ba127e06d8e79"},"breadcrumb":{"@id":"https:\/\/kibrisdakik.com\/?p=27685#breadcrumb"},"inLanguage":"tr","potentialAction":[{"@type":"ReadAction","target":["https:\/\/kibrisdakik.com\/?p=27685"]}]},{"@type":"ImageObject","inLanguage":"tr","@id":"https:\/\/kibrisdakik.com\/?p=27685#primaryimage","url":"https:\/\/kibrisdakik.com\/wp-content\/uploads\/2024\/01\/cumhuriyet-meclisi-idari-kamu-ve-saglik-isleri-komitesi-tbmm-sanayii-ticaret-enerji-tabii-kaynaklar-bilgi-ve-teknoloji-komisyonu-ile-gorusme-gerceklestirdi-1706187669.webp.webp","contentUrl":"https:\/\/kibrisdakik.com\/wp-content\/uploads\/2024\/01\/cumhuriyet-meclisi-idari-kamu-ve-saglik-isleri-komitesi-tbmm-sanayii-ticaret-enerji-tabii-kaynaklar-bilgi-ve-teknoloji-komisyonu-ile-gorusme-gerceklestirdi-1706187669.webp.webp","width":710,"height":370},{"@type":"BreadcrumbList","@id":"https:\/\/kibrisdakik.com\/?p=27685#breadcrumb","itemListElement":[{"@type":"ListItem","position":1,"name":"Home","item":"https:\/\/kibrisdakik.com\/"},{"@type":"ListItem","position":2,"name":"Cumhuriyet Meclisi \u0130dari Kamu ve Sa\u011fl\u0131k \u0130\u015fleri Komitesi, TBMM Sanayii, Ticaret, Enerji, Tabii Kaynaklar, Bilgi ve Teknoloji Komisyonu ile g\u00f6r\u00fc\u015fme ger\u00e7ekle\u015ftirdi"}]},{"@type":"WebSite","@id":"https:\/\/kibrisdakik.com\/#website","url":"https:\/\/kibrisdakik.com\/","name":"","description":"Tam vaktinde haber","potentialAction":[{"@type":"SearchAction","target":{"@type":"EntryPoint","urlTemplate":"https:\/\/kibrisdakik.com\/?s={search_term_string}"},"query-input":{"@type":"PropertyValueSpecification","valueRequired":true,"valueName":"search_term_string"}}],"inLanguage":"tr"},{"@type":"Person","@id":"https:\/\/kibrisdakik.com\/#\/schema\/person\/9cd9d437bbb44f72b73ba127e06d8e79","name":"admin","image":{"@type":"ImageObject","inLanguage":"tr","@id":"https:\/\/secure.gravatar.com\/avatar\/ccc17943b9d660506c869530f897617f7cb1c21a4bf30023f252596d83e1f007?s=96&d=mm&r=g","url":"https:\/\/secure.gravatar.com\/avatar\/ccc17943b9d660506c869530f897617f7cb1c21a4bf30023f252596d83e1f007?s=96&d=mm&r=g","contentUrl":"https:\/\/secure.gravatar.com\/avatar\/ccc17943b9d660506c869530f897617f7cb1c21a4bf30023f252596d83e1f007?s=96&d=mm&r=g","caption":"admin"},"sameAs":["https:\/\/kibrisdakik.com"],"url":"https:\/\/kibrisdakik.com\/?author=1"}]}},"_links":{"self":[{"href":"https:\/\/kibrisdakik.com\/index.php?rest_route=\/wp\/v2\/posts\/27685","targetHints":{"allow":["GET"]}}],"collection":[{"href":"https:\/\/kibrisdakik.com\/index.php?rest_route=\/wp\/v2\/posts"}],"about":[{"href":"https:\/\/kibrisdakik.com\/index.php?rest_route=\/wp\/v2\/types\/post"}],"author":[{"embeddable":true,"href":"https:\/\/kibrisdakik.com\/index.php?rest_route=\/wp\/v2\/users\/1"}],"replies":[{"embeddable":true,"href":"https:\/\/kibrisdakik.com\/index.php?rest_route=%2Fwp%2Fv2%2Fcomments&post=27685"}],"version-history":[{"count":0,"href":"https:\/\/kibrisdakik.com\/index.php?rest_route=\/wp\/v2\/posts\/27685\/revisions"}],"wp:featuredmedia":[{"embeddable":true,"href":"https:\/\/kibrisdakik.com\/index.php?rest_route=\/wp\/v2\/media\/27686"}],"wp:attachment":[{"href":"https:\/\/kibrisdakik.com\/index.php?rest_route=%2Fwp%2Fv2%2Fmedia&parent=27685"}],"wp:term":[{"taxonomy":"category","embeddable":true,"href":"https:\/\/kibrisdakik.com\/index.php?rest_route=%2Fwp%2Fv2%2Fcategories&post=27685"},{"taxonomy":"post_tag","embeddable":true,"href":"https:\/\/kibrisdakik.com\/index.php?rest_route=%2Fwp%2Fv2%2Ftags&post=27685"}],"curies":[{"name":"wp","href":"https:\/\/api.w.org\/{rel}","templated":true}]}}