{"id":27687,"date":"2024-01-25T17:01:50","date_gmt":"2024-01-25T17:01:50","guid":{"rendered":"https:\/\/kibrisdakik.com\/index.php\/2024\/01\/25\/saglik-bakanligi-ve-erenkoy-karpaz-belediyesi-arasinda-saglik-hizmetleri-verilmesine-iliskin-protokol-imzalandi\/"},"modified":"2024-01-25T17:01:50","modified_gmt":"2024-01-25T17:01:50","slug":"saglik-bakanligi-ve-erenkoy-karpaz-belediyesi-arasinda-saglik-hizmetleri-verilmesine-iliskin-protokol-imzalandi","status":"publish","type":"post","link":"https:\/\/kibrisdakik.com\/?p=27687","title":{"rendered":"Sa\u011fl\u0131k Bakanl\u0131\u011f\u0131 ve Erenk\u00f6y-Karpaz Belediyesi aras\u0131nda sa\u011fl\u0131k hizmetleri verilmesine ili\u015fkin protokol imzaland\u0131"},"content":{"rendered":"<p><img decoding=\"async\" src=\"https:\/\/www.kibristurk.com\/images\/haberler\/2024\/01\/saglik-bakanligi-ve-erenkoy-karpaz-belediyesi-arasinda-saglik-hizmetleri-verilmesine-iliskin-protokol-imzalandi-1706201458.webp\" \/><\/p>\n<p>Sa\u011fl\u0131k Bakanl\u0131\u011f\u0131 ve Erenk\u00f6y-Karpaz Belediyesi aras\u0131nda sa\u011fl\u0131k hizmetleri verilmesine ili\u015fkin protokol imzaland\u0131.<br \/>\nSa\u011fl\u0131k Bakanl\u0131\u011f\u0131 ve Erenk\u00f6y-Karpaz Belediyesi aras\u0131nda imzalanan i\u015fbirli\u011fi protokol\u00fc ile engelli, yata\u011fa ba\u011fl\u0131 veya yerinde sa\u011fl\u0131k bak\u0131m\u0131na ihtiya\u00e7 duyan ki\u015filere y\u00f6nelik yerinde ortak sa\u011fl\u0131k hizmeti sunulacak.<\/p>\n<p>Sa\u011fl\u0131k Bakanl\u0131\u011f\u0131\u2019ndan verilen bilgiye g\u00f6re, protokol imza t\u00f6reninde konu\u015fan Sa\u011fl\u0131k Bakan\u0131 Hakan Din\u00e7y\u00fcrek ve Erenk\u00f6y-Dipkarpaz Belediye Ba\u015fkan\u0131 Hamit Bak\u0131rc\u0131, protokol\u00fcn sa\u011fl\u0131k hizmetlerine ula\u015fmakta zorlanan kesimlere y\u00f6nelik \u00f6nemli bir ad\u0131m oldu\u011funu belirtti.<\/p>\n<p>Bakan Din\u00e7y\u00fcrek, birka\u00e7 ayd\u0131r g\u00f6r\u00fc\u015ft\u00fckleri protokol\u00fc hayata ge\u00e7irmelerinden duydu\u011fu memnuniyeti dile getirerek, protokol kapsam\u0131nda Erenk\u00f6y-Karpaz Belediyesi s\u0131n\u0131rlar\u0131 i\u00e7inde, hastalar\u0131n evlerinde bak\u0131m hizmetlerinin, sa\u011fl\u0131k bakanl\u0131\u011f\u0131 ve belediyenin ortak i\u015f birli\u011fi i\u00e7inde ger\u00e7ekle\u015ftirilece\u011fini ifade etti. Bakan Din\u00e7y\u00fcrek, Ba\u015fkan Bak\u0131rc\u0131&#8217;ya te\u015fekk\u00fcr etti.<\/p>\n<p>Protokol\u00fcn bir pilot \u00e7al\u0131\u015fma olarak ba\u015flayaca\u011f\u0131n\u0131 ve ilerleyen d\u00f6nemde Mehmet\u00e7ik Belediyesi&#8217;nin de projeye dahil edilebilece\u011fini belirten Din\u00e7y\u00fcrek, b\u00f6ylece \u0130skele&#8217;ye do\u011fru geni\u015fleyerek, evinde bak\u0131ma muhta\u00e7 hastalara yerinde sa\u011fl\u0131k hizmeti sunmay\u0131 hedeflediklerini s\u00f6yledi.<\/p>\n<p>Proje kapsam\u0131nda yeni bir hekim istihdam\u0131 yap\u0131laca\u011f\u0131n\u0131 s\u00f6yleyen Din\u00e7y\u00fcrek, ayn\u0131 zamanda Yenierenk\u00f6y Sa\u011fl\u0131k Merkezi&#8217;ne ba\u011fl\u0131 belediye ile birlikte halihaz\u0131rda istihdam edilen bir hem\u015fire ve fizyoterapistin de bu proje kapsam\u0131nda g\u00f6revlendirildi\u011fini belirtti.<\/p>\n<p>Bakan Din\u00e7y\u00fcrek, bu \u00e7al\u0131\u015fman\u0131n sadece b\u00f6lgeye yans\u0131mayaca\u011f\u0131n\u0131, &nbsp;ada genelinde rol model olu\u015fturaca\u011f\u0131n\u0131 ifade etti.<\/p>\n<p>-Bak\u0131rc\u0131<\/p>\n<p>Erenk\u00f6y-Dipkarpaz Belediye Ba\u015fkan\u0131 Hamit Bak\u0131rc\u0131 da, bug\u00fcn imzalanan protokol\u00fcn &#8220;\u00fclkede bir ilk&#8221; oldu\u011funu, ya\u015fl\u0131lara y\u00f6nelik sa\u011fl\u0131k ve sosyal hizmetlerde \u00f6nemli bir ad\u0131m oldu\u011funu belirterek, Bakan Din\u00e7y\u00fcrek&#8217;e destekleri ve i\u015fbirli\u011fi dolay\u0131s\u0131yla te\u015fekk\u00fcr etti.<\/p>\n<p>Bak\u0131rc\u0131, protokol kapsam\u0131nda gerekirse bir doktor e\u015fli\u011finde hem\u015firelerle yerinde bak\u0131m dahilinde fizik tedavi a\u00e7\u0131s\u0131ndan da hizmet sunulaca\u011f\u0131n\u0131 kaydetti.<\/p>\n<p>Protokol kapsam\u0131nda ya\u015fl\u0131 koronik hastalar\u0131n kurul &nbsp;ila\u00e7lar\u0131n\u0131n temininin de bu hizmet kapsam\u0131nda yap\u0131laca\u011f\u0131n\u0131 ifade eden Bak\u0131rc\u0131, ila\u00e7lar\u0131n kendilerine teslim edilece\u011fini ve evde kuaf\u00f6rl\u00fck hizmetinden sosyal desteklere kadar geni\u015f bir hizmet yelpazesi sunulaca\u011f\u0131n\u0131 s\u00f6yledi.<\/p>\n<p>Bak\u0131rc\u0131, projenin ba\u015far\u0131ya ula\u015fmas\u0131 durumunda t\u00fcm \u00fclke genelinde geni\u015fletilece\u011fini s\u00f6zlerine ekledi.<\/p>\n","protected":false},"excerpt":{"rendered":"<p>Sa\u011fl\u0131k Bakanl\u0131\u011f\u0131 ve Erenk\u00f6y-Karpaz Belediyesi aras\u0131nda sa\u011fl\u0131k hizmetleri verilmesine ili\u015fkin protokol imzaland\u0131. Sa\u011fl\u0131k Bakanl\u0131\u011f\u0131 ve Erenk\u00f6y-Karpaz Belediyesi aras\u0131nda imzalanan i\u015fbirli\u011fi protokol\u00fc ile engelli, yata\u011fa ba\u011fl\u0131 veya yerinde sa\u011fl\u0131k bak\u0131m\u0131na ihtiya\u00e7 duyan ki\u015filere y\u00f6nelik yerinde ortak sa\u011fl\u0131k hizmeti sunulacak. Sa\u011fl\u0131k Bakanl\u0131\u011f\u0131\u2019ndan verilen bilgiye g\u00f6re, protokol imza t\u00f6reninde konu\u015fan Sa\u011fl\u0131k Bakan\u0131 Hakan Din\u00e7y\u00fcrek ve Erenk\u00f6y-Dipkarpaz Belediye Ba\u015fkan\u0131<\/p>\n","protected":false},"author":1,"featured_media":27688,"comment_status":"open","ping_status":"open","sticky":false,"template":"","format":"standard","meta":{"footnotes":""},"categories":[1],"tags":[],"class_list":["post-27687","post","type-post","status-publish","format-standard","has-post-thumbnail","hentry","category-gundem"],"yoast_head":"<!-- This site is optimized with the Yoast SEO plugin v27.5 - https:\/\/yoast.com\/product\/yoast-seo-wordpress\/ -->\n<title>Sa\u011fl\u0131k Bakanl\u0131\u011f\u0131 ve Erenk\u00f6y-Karpaz Belediyesi aras\u0131nda sa\u011fl\u0131k hizmetleri verilmesine ili\u015fkin protokol imzaland\u0131 -<\/title>\n<meta name=\"robots\" content=\"index, follow, max-snippet:-1, max-image-preview:large, max-video-preview:-1\" \/>\n<link rel=\"canonical\" href=\"https:\/\/kibrisdakik.com\/?p=27687\" \/>\n<meta property=\"og:locale\" content=\"tr_TR\" \/>\n<meta property=\"og:type\" content=\"article\" \/>\n<meta property=\"og:title\" content=\"Sa\u011fl\u0131k Bakanl\u0131\u011f\u0131 ve Erenk\u00f6y-Karpaz Belediyesi aras\u0131nda sa\u011fl\u0131k hizmetleri verilmesine ili\u015fkin protokol imzaland\u0131 -\" \/>\n<meta property=\"og:description\" content=\"Sa\u011fl\u0131k Bakanl\u0131\u011f\u0131 ve Erenk\u00f6y-Karpaz Belediyesi aras\u0131nda sa\u011fl\u0131k hizmetleri verilmesine ili\u015fkin protokol imzaland\u0131. Sa\u011fl\u0131k Bakanl\u0131\u011f\u0131 ve Erenk\u00f6y-Karpaz Belediyesi aras\u0131nda imzalanan i\u015fbirli\u011fi protokol\u00fc ile engelli, yata\u011fa ba\u011fl\u0131 veya yerinde sa\u011fl\u0131k bak\u0131m\u0131na ihtiya\u00e7 duyan ki\u015filere y\u00f6nelik yerinde ortak sa\u011fl\u0131k hizmeti sunulacak. Sa\u011fl\u0131k Bakanl\u0131\u011f\u0131\u2019ndan verilen bilgiye g\u00f6re, protokol imza t\u00f6reninde konu\u015fan Sa\u011fl\u0131k Bakan\u0131 Hakan Din\u00e7y\u00fcrek ve Erenk\u00f6y-Dipkarpaz Belediye Ba\u015fkan\u0131\" \/>\n<meta property=\"og:url\" content=\"https:\/\/kibrisdakik.com\/?p=27687\" \/>\n<meta property=\"article:published_time\" content=\"2024-01-25T17:01:50+00:00\" \/>\n<meta property=\"og:image\" content=\"https:\/\/kibrisdakik.com\/wp-content\/uploads\/2024\/01\/saglik-bakanligi-ve-erenkoy-karpaz-belediyesi-arasinda-saglik-hizmetleri-verilmesine-iliskin-protokol-imzalandi-1706201458.webp.webp\" \/>\n\t<meta property=\"og:image:width\" content=\"710\" \/>\n\t<meta property=\"og:image:height\" content=\"370\" \/>\n\t<meta property=\"og:image:type\" content=\"image\/webp\" \/>\n<meta name=\"author\" content=\"admin\" \/>\n<meta name=\"twitter:card\" content=\"summary_large_image\" \/>\n<meta name=\"twitter:label1\" content=\"Yazan:\" \/>\n\t<meta name=\"twitter:data1\" content=\"admin\" \/>\n\t<meta name=\"twitter:label2\" content=\"Tahmini okuma s\u00fcresi\" \/>\n\t<meta name=\"twitter:data2\" content=\"2 dakika\" \/>\n<script type=\"application\/ld+json\" class=\"yoast-schema-graph\">{\"@context\":\"https:\\\/\\\/schema.org\",\"@graph\":[{\"@type\":\"Article\",\"@id\":\"https:\\\/\\\/kibrisdakik.com\\\/?p=27687#article\",\"isPartOf\":{\"@id\":\"https:\\\/\\\/kibrisdakik.com\\\/?p=27687\"},\"author\":{\"name\":\"admin\",\"@id\":\"https:\\\/\\\/kibrisdakik.com\\\/#\\\/schema\\\/person\\\/9cd9d437bbb44f72b73ba127e06d8e79\"},\"headline\":\"Sa\u011fl\u0131k Bakanl\u0131\u011f\u0131 ve Erenk\u00f6y-Karpaz Belediyesi aras\u0131nda sa\u011fl\u0131k hizmetleri verilmesine ili\u015fkin protokol imzaland\u0131\",\"datePublished\":\"2024-01-25T17:01:50+00:00\",\"mainEntityOfPage\":{\"@id\":\"https:\\\/\\\/kibrisdakik.com\\\/?p=27687\"},\"wordCount\":468,\"commentCount\":0,\"image\":{\"@id\":\"https:\\\/\\\/kibrisdakik.com\\\/?p=27687#primaryimage\"},\"thumbnailUrl\":\"https:\\\/\\\/kibrisdakik.com\\\/wp-content\\\/uploads\\\/2024\\\/01\\\/saglik-bakanligi-ve-erenkoy-karpaz-belediyesi-arasinda-saglik-hizmetleri-verilmesine-iliskin-protokol-imzalandi-1706201458.webp.webp\",\"articleSection\":[\"G\u00fcndem\"],\"inLanguage\":\"tr\",\"potentialAction\":[{\"@type\":\"CommentAction\",\"name\":\"Comment\",\"target\":[\"https:\\\/\\\/kibrisdakik.com\\\/?p=27687#respond\"]}]},{\"@type\":\"WebPage\",\"@id\":\"https:\\\/\\\/kibrisdakik.com\\\/?p=27687\",\"url\":\"https:\\\/\\\/kibrisdakik.com\\\/?p=27687\",\"name\":\"Sa\u011fl\u0131k Bakanl\u0131\u011f\u0131 ve Erenk\u00f6y-Karpaz Belediyesi aras\u0131nda sa\u011fl\u0131k hizmetleri verilmesine ili\u015fkin protokol imzaland\u0131 -\",\"isPartOf\":{\"@id\":\"https:\\\/\\\/kibrisdakik.com\\\/#website\"},\"primaryImageOfPage\":{\"@id\":\"https:\\\/\\\/kibrisdakik.com\\\/?p=27687#primaryimage\"},\"image\":{\"@id\":\"https:\\\/\\\/kibrisdakik.com\\\/?p=27687#primaryimage\"},\"thumbnailUrl\":\"https:\\\/\\\/kibrisdakik.com\\\/wp-content\\\/uploads\\\/2024\\\/01\\\/saglik-bakanligi-ve-erenkoy-karpaz-belediyesi-arasinda-saglik-hizmetleri-verilmesine-iliskin-protokol-imzalandi-1706201458.webp.webp\",\"datePublished\":\"2024-01-25T17:01:50+00:00\",\"author\":{\"@id\":\"https:\\\/\\\/kibrisdakik.com\\\/#\\\/schema\\\/person\\\/9cd9d437bbb44f72b73ba127e06d8e79\"},\"breadcrumb\":{\"@id\":\"https:\\\/\\\/kibrisdakik.com\\\/?p=27687#breadcrumb\"},\"inLanguage\":\"tr\",\"potentialAction\":[{\"@type\":\"ReadAction\",\"target\":[\"https:\\\/\\\/kibrisdakik.com\\\/?p=27687\"]}]},{\"@type\":\"ImageObject\",\"inLanguage\":\"tr\",\"@id\":\"https:\\\/\\\/kibrisdakik.com\\\/?p=27687#primaryimage\",\"url\":\"https:\\\/\\\/kibrisdakik.com\\\/wp-content\\\/uploads\\\/2024\\\/01\\\/saglik-bakanligi-ve-erenkoy-karpaz-belediyesi-arasinda-saglik-hizmetleri-verilmesine-iliskin-protokol-imzalandi-1706201458.webp.webp\",\"contentUrl\":\"https:\\\/\\\/kibrisdakik.com\\\/wp-content\\\/uploads\\\/2024\\\/01\\\/saglik-bakanligi-ve-erenkoy-karpaz-belediyesi-arasinda-saglik-hizmetleri-verilmesine-iliskin-protokol-imzalandi-1706201458.webp.webp\",\"width\":710,\"height\":370},{\"@type\":\"BreadcrumbList\",\"@id\":\"https:\\\/\\\/kibrisdakik.com\\\/?p=27687#breadcrumb\",\"itemListElement\":[{\"@type\":\"ListItem\",\"position\":1,\"name\":\"Home\",\"item\":\"https:\\\/\\\/kibrisdakik.com\\\/\"},{\"@type\":\"ListItem\",\"position\":2,\"name\":\"Sa\u011fl\u0131k Bakanl\u0131\u011f\u0131 ve Erenk\u00f6y-Karpaz Belediyesi aras\u0131nda sa\u011fl\u0131k hizmetleri verilmesine ili\u015fkin protokol imzaland\u0131\"}]},{\"@type\":\"WebSite\",\"@id\":\"https:\\\/\\\/kibrisdakik.com\\\/#website\",\"url\":\"https:\\\/\\\/kibrisdakik.com\\\/\",\"name\":\"\",\"description\":\"Tam vaktinde haber\",\"potentialAction\":[{\"@type\":\"SearchAction\",\"target\":{\"@type\":\"EntryPoint\",\"urlTemplate\":\"https:\\\/\\\/kibrisdakik.com\\\/?s={search_term_string}\"},\"query-input\":{\"@type\":\"PropertyValueSpecification\",\"valueRequired\":true,\"valueName\":\"search_term_string\"}}],\"inLanguage\":\"tr\"},{\"@type\":\"Person\",\"@id\":\"https:\\\/\\\/kibrisdakik.com\\\/#\\\/schema\\\/person\\\/9cd9d437bbb44f72b73ba127e06d8e79\",\"name\":\"admin\",\"image\":{\"@type\":\"ImageObject\",\"inLanguage\":\"tr\",\"@id\":\"https:\\\/\\\/secure.gravatar.com\\\/avatar\\\/ccc17943b9d660506c869530f897617f7cb1c21a4bf30023f252596d83e1f007?s=96&d=mm&r=g\",\"url\":\"https:\\\/\\\/secure.gravatar.com\\\/avatar\\\/ccc17943b9d660506c869530f897617f7cb1c21a4bf30023f252596d83e1f007?s=96&d=mm&r=g\",\"contentUrl\":\"https:\\\/\\\/secure.gravatar.com\\\/avatar\\\/ccc17943b9d660506c869530f897617f7cb1c21a4bf30023f252596d83e1f007?s=96&d=mm&r=g\",\"caption\":\"admin\"},\"sameAs\":[\"https:\\\/\\\/kibrisdakik.com\"],\"url\":\"https:\\\/\\\/kibrisdakik.com\\\/?author=1\"}]}<\/script>\n<!-- \/ Yoast SEO plugin. -->","yoast_head_json":{"title":"Sa\u011fl\u0131k Bakanl\u0131\u011f\u0131 ve Erenk\u00f6y-Karpaz Belediyesi aras\u0131nda sa\u011fl\u0131k hizmetleri verilmesine ili\u015fkin protokol imzaland\u0131 -","robots":{"index":"index","follow":"follow","max-snippet":"max-snippet:-1","max-image-preview":"max-image-preview:large","max-video-preview":"max-video-preview:-1"},"canonical":"https:\/\/kibrisdakik.com\/?p=27687","og_locale":"tr_TR","og_type":"article","og_title":"Sa\u011fl\u0131k Bakanl\u0131\u011f\u0131 ve Erenk\u00f6y-Karpaz Belediyesi aras\u0131nda sa\u011fl\u0131k hizmetleri verilmesine ili\u015fkin protokol imzaland\u0131 -","og_description":"Sa\u011fl\u0131k Bakanl\u0131\u011f\u0131 ve Erenk\u00f6y-Karpaz Belediyesi aras\u0131nda sa\u011fl\u0131k hizmetleri verilmesine ili\u015fkin protokol imzaland\u0131. Sa\u011fl\u0131k Bakanl\u0131\u011f\u0131 ve Erenk\u00f6y-Karpaz Belediyesi aras\u0131nda imzalanan i\u015fbirli\u011fi protokol\u00fc ile engelli, yata\u011fa ba\u011fl\u0131 veya yerinde sa\u011fl\u0131k bak\u0131m\u0131na ihtiya\u00e7 duyan ki\u015filere y\u00f6nelik yerinde ortak sa\u011fl\u0131k hizmeti sunulacak. Sa\u011fl\u0131k Bakanl\u0131\u011f\u0131\u2019ndan verilen bilgiye g\u00f6re, protokol imza t\u00f6reninde konu\u015fan Sa\u011fl\u0131k Bakan\u0131 Hakan Din\u00e7y\u00fcrek ve Erenk\u00f6y-Dipkarpaz Belediye Ba\u015fkan\u0131","og_url":"https:\/\/kibrisdakik.com\/?p=27687","article_published_time":"2024-01-25T17:01:50+00:00","og_image":[{"width":710,"height":370,"url":"https:\/\/kibrisdakik.com\/wp-content\/uploads\/2024\/01\/saglik-bakanligi-ve-erenkoy-karpaz-belediyesi-arasinda-saglik-hizmetleri-verilmesine-iliskin-protokol-imzalandi-1706201458.webp.webp","type":"image\/webp"}],"author":"admin","twitter_card":"summary_large_image","twitter_misc":{"Yazan:":"admin","Tahmini okuma s\u00fcresi":"2 dakika"},"schema":{"@context":"https:\/\/schema.org","@graph":[{"@type":"Article","@id":"https:\/\/kibrisdakik.com\/?p=27687#article","isPartOf":{"@id":"https:\/\/kibrisdakik.com\/?p=27687"},"author":{"name":"admin","@id":"https:\/\/kibrisdakik.com\/#\/schema\/person\/9cd9d437bbb44f72b73ba127e06d8e79"},"headline":"Sa\u011fl\u0131k Bakanl\u0131\u011f\u0131 ve Erenk\u00f6y-Karpaz Belediyesi aras\u0131nda sa\u011fl\u0131k hizmetleri verilmesine ili\u015fkin protokol imzaland\u0131","datePublished":"2024-01-25T17:01:50+00:00","mainEntityOfPage":{"@id":"https:\/\/kibrisdakik.com\/?p=27687"},"wordCount":468,"commentCount":0,"image":{"@id":"https:\/\/kibrisdakik.com\/?p=27687#primaryimage"},"thumbnailUrl":"https:\/\/kibrisdakik.com\/wp-content\/uploads\/2024\/01\/saglik-bakanligi-ve-erenkoy-karpaz-belediyesi-arasinda-saglik-hizmetleri-verilmesine-iliskin-protokol-imzalandi-1706201458.webp.webp","articleSection":["G\u00fcndem"],"inLanguage":"tr","potentialAction":[{"@type":"CommentAction","name":"Comment","target":["https:\/\/kibrisdakik.com\/?p=27687#respond"]}]},{"@type":"WebPage","@id":"https:\/\/kibrisdakik.com\/?p=27687","url":"https:\/\/kibrisdakik.com\/?p=27687","name":"Sa\u011fl\u0131k Bakanl\u0131\u011f\u0131 ve Erenk\u00f6y-Karpaz Belediyesi aras\u0131nda sa\u011fl\u0131k hizmetleri verilmesine ili\u015fkin protokol imzaland\u0131 -","isPartOf":{"@id":"https:\/\/kibrisdakik.com\/#website"},"primaryImageOfPage":{"@id":"https:\/\/kibrisdakik.com\/?p=27687#primaryimage"},"image":{"@id":"https:\/\/kibrisdakik.com\/?p=27687#primaryimage"},"thumbnailUrl":"https:\/\/kibrisdakik.com\/wp-content\/uploads\/2024\/01\/saglik-bakanligi-ve-erenkoy-karpaz-belediyesi-arasinda-saglik-hizmetleri-verilmesine-iliskin-protokol-imzalandi-1706201458.webp.webp","datePublished":"2024-01-25T17:01:50+00:00","author":{"@id":"https:\/\/kibrisdakik.com\/#\/schema\/person\/9cd9d437bbb44f72b73ba127e06d8e79"},"breadcrumb":{"@id":"https:\/\/kibrisdakik.com\/?p=27687#breadcrumb"},"inLanguage":"tr","potentialAction":[{"@type":"ReadAction","target":["https:\/\/kibrisdakik.com\/?p=27687"]}]},{"@type":"ImageObject","inLanguage":"tr","@id":"https:\/\/kibrisdakik.com\/?p=27687#primaryimage","url":"https:\/\/kibrisdakik.com\/wp-content\/uploads\/2024\/01\/saglik-bakanligi-ve-erenkoy-karpaz-belediyesi-arasinda-saglik-hizmetleri-verilmesine-iliskin-protokol-imzalandi-1706201458.webp.webp","contentUrl":"https:\/\/kibrisdakik.com\/wp-content\/uploads\/2024\/01\/saglik-bakanligi-ve-erenkoy-karpaz-belediyesi-arasinda-saglik-hizmetleri-verilmesine-iliskin-protokol-imzalandi-1706201458.webp.webp","width":710,"height":370},{"@type":"BreadcrumbList","@id":"https:\/\/kibrisdakik.com\/?p=27687#breadcrumb","itemListElement":[{"@type":"ListItem","position":1,"name":"Home","item":"https:\/\/kibrisdakik.com\/"},{"@type":"ListItem","position":2,"name":"Sa\u011fl\u0131k Bakanl\u0131\u011f\u0131 ve Erenk\u00f6y-Karpaz Belediyesi aras\u0131nda sa\u011fl\u0131k hizmetleri verilmesine ili\u015fkin protokol imzaland\u0131"}]},{"@type":"WebSite","@id":"https:\/\/kibrisdakik.com\/#website","url":"https:\/\/kibrisdakik.com\/","name":"","description":"Tam vaktinde haber","potentialAction":[{"@type":"SearchAction","target":{"@type":"EntryPoint","urlTemplate":"https:\/\/kibrisdakik.com\/?s={search_term_string}"},"query-input":{"@type":"PropertyValueSpecification","valueRequired":true,"valueName":"search_term_string"}}],"inLanguage":"tr"},{"@type":"Person","@id":"https:\/\/kibrisdakik.com\/#\/schema\/person\/9cd9d437bbb44f72b73ba127e06d8e79","name":"admin","image":{"@type":"ImageObject","inLanguage":"tr","@id":"https:\/\/secure.gravatar.com\/avatar\/ccc17943b9d660506c869530f897617f7cb1c21a4bf30023f252596d83e1f007?s=96&d=mm&r=g","url":"https:\/\/secure.gravatar.com\/avatar\/ccc17943b9d660506c869530f897617f7cb1c21a4bf30023f252596d83e1f007?s=96&d=mm&r=g","contentUrl":"https:\/\/secure.gravatar.com\/avatar\/ccc17943b9d660506c869530f897617f7cb1c21a4bf30023f252596d83e1f007?s=96&d=mm&r=g","caption":"admin"},"sameAs":["https:\/\/kibrisdakik.com"],"url":"https:\/\/kibrisdakik.com\/?author=1"}]}},"_links":{"self":[{"href":"https:\/\/kibrisdakik.com\/index.php?rest_route=\/wp\/v2\/posts\/27687","targetHints":{"allow":["GET"]}}],"collection":[{"href":"https:\/\/kibrisdakik.com\/index.php?rest_route=\/wp\/v2\/posts"}],"about":[{"href":"https:\/\/kibrisdakik.com\/index.php?rest_route=\/wp\/v2\/types\/post"}],"author":[{"embeddable":true,"href":"https:\/\/kibrisdakik.com\/index.php?rest_route=\/wp\/v2\/users\/1"}],"replies":[{"embeddable":true,"href":"https:\/\/kibrisdakik.com\/index.php?rest_route=%2Fwp%2Fv2%2Fcomments&post=27687"}],"version-history":[{"count":0,"href":"https:\/\/kibrisdakik.com\/index.php?rest_route=\/wp\/v2\/posts\/27687\/revisions"}],"wp:featuredmedia":[{"embeddable":true,"href":"https:\/\/kibrisdakik.com\/index.php?rest_route=\/wp\/v2\/media\/27688"}],"wp:attachment":[{"href":"https:\/\/kibrisdakik.com\/index.php?rest_route=%2Fwp%2Fv2%2Fmedia&parent=27687"}],"wp:term":[{"taxonomy":"category","embeddable":true,"href":"https:\/\/kibrisdakik.com\/index.php?rest_route=%2Fwp%2Fv2%2Fcategories&post=27687"},{"taxonomy":"post_tag","embeddable":true,"href":"https:\/\/kibrisdakik.com\/index.php?rest_route=%2Fwp%2Fv2%2Ftags&post=27687"}],"curies":[{"name":"wp","href":"https:\/\/api.w.org\/{rel}","templated":true}]}}