{"id":27695,"date":"2024-01-25T17:12:22","date_gmt":"2024-01-25T17:12:22","guid":{"rendered":"https:\/\/kibrisdakik.com\/index.php\/2024\/01\/25\/kibris-sorununun-tarifi-rum-tarafinin-kibris-cumhuriyeti-diye-taniniyor-olmasidir\/"},"modified":"2024-01-25T17:12:22","modified_gmt":"2024-01-25T17:12:22","slug":"kibris-sorununun-tarifi-rum-tarafinin-kibris-cumhuriyeti-diye-taniniyor-olmasidir","status":"publish","type":"post","link":"https:\/\/kibrisdakik.com\/?p=27695","title":{"rendered":"&quot;K\u0131br\u0131s sorununun tarifi Rum taraf\u0131n\u0131n \u2018K\u0131br\u0131s Cumhuriyeti\u2019 diye tan\u0131n\u0131yor olmas\u0131d\u0131r&quot;"},"content":{"rendered":"<p><img decoding=\"async\" src=\"https:\/\/www.kibristurk.com\/images\/haberler\/2024\/01\/kibris-sorununun-tarifi-rum-tarafinin-kibris-cumhuriyeti-diye-taniniyor-olmasidir-1706184699.webp\" \/><\/p>\n<p style=\"text-align:left\"><span style=\"font-size:14px\"><span style=\"font-family:Arial,Helvetica,sans-serif\"><span style=\"color:#000000\"><span style=\"background-color:#ffffff\">u tan\u0131nm\u0131\u015fl\u0131\u011f\u0131 Rumlar\u0131n di\u011fer \u00fclkelerin de deste\u011fiyle pervas\u0131nca K\u0131br\u0131s T\u00fcrk\u00fc\u2019n\u00fcn aleyhine kulland\u0131\u011f\u0131na i\u015faret eden Ertu\u011frulo\u011flu, enerji konusunun da bunlardan biri oldu\u011funu s\u00f6yledi.<\/span><\/span><\/span><\/span><\/p>\n<p style=\"text-align:left\"><span style=\"font-size:14px\"><span style=\"font-family:Arial,Helvetica,sans-serif\"><span style=\"color:#000000\"><span style=\"background-color:#ffffff\">K\u0131br\u0131s sorununu ilgilendiren herhangi bir konu ele al\u0131nd\u0131\u011f\u0131nda sorunun temelinde yatan\u0131n \u201cRum taraf\u0131n\u0131n \u2018K\u0131br\u0131s Cumhuriyeti\u2019 diye tan\u0131n\u0131yor olmas\u0131\u201d oldu\u011funu kaydeden Ertu\u011frulo\u011flu, \u201cK\u0131br\u0131s T\u00fcrk halk\u0131n\u0131n ya\u015fad\u0131\u011f\u0131 t\u00fcm sorunlar, kar\u015f\u0131la\u015ft\u0131\u011f\u0131 t\u00fcm engeller, maruz b\u0131rak\u0131ld\u0131\u011f\u0131 ambargolar\u0131n temelinde Rum taraf\u0131n\u0131n haks\u0131z bir \u015fekilde, hi\u00e7bir ger\u00e7ek\u00e7i, yasal ya da tarihi bir zemini olmadan K\u0131br\u0131s Cumhuriyeti olarak tan\u0131nmas\u0131d\u0131r\u201d diye konu\u015ftu.<\/span><\/span><\/span><\/span><\/p>\n<p style=\"text-align:left\"><span style=\"font-size:14px\"><span style=\"font-family:Arial,Helvetica,sans-serif\"><span style=\"color:#000000\"><span style=\"background-color:#ffffff\">Ertu\u011frulo\u011flu, K\u0131br\u0131s T\u00fcrk Ticaret Odas\u0131\u2019nda d\u00fczenlenen \u201cDo\u011fu Akdeniz Enerji Zirvesi\u201dnde konu\u015ftu.<\/span><\/span><\/span><\/span><\/p>\n<p style=\"text-align:left\"><span style=\"font-size:14px\"><span style=\"font-family:Arial,Helvetica,sans-serif\"><span style=\"color:#000000\"><span style=\"background-color:#ffffff\">Mavi Vatan&#8217;daki enerji kaynaklar\u0131n\u0131 ilgilendiren bir etkinlikte do\u011fal olarak bu co\u011frafyadaki hidrokarbon yataklar\u0131yla ilgili uzmanlar\u0131n de\u011ferlendirmelerinin faydal\u0131 olaca\u011f\u0131n\u0131 kaydeden Ertu\u011frulo\u011flu, kendisinin ise konunun siyasi boyutuyla ilgili g\u00f6r\u00fc\u015flerini aktaraca\u011f\u0131n\u0131 s\u00f6yledi.<\/span><\/span><\/span><\/span><\/p>\n<p style=\"text-align:left\"><span style=\"font-size:14px\"><span style=\"font-family:Arial,Helvetica,sans-serif\"><span style=\"color:#000000\"><span style=\"background-color:#ffffff\">Olaylar\u0131 ger\u00e7ek\u00e7i zeminde de\u011ferlendirmeyi tercih eden bir ki\u015fi oldu\u011funu belirten Ertu\u011frulo\u011flu, \u201cSempozyumun ana konusunu K\u0131br\u0131s konusunun siyasi boyutuyla de\u011ferlendirmedi\u011fimiz takdirde ger\u00e7ek\u00e7i bir tabloyla kar\u015f\u0131 kar\u0131ya kalmayaca\u011f\u0131m\u0131z nettir\u201d diye konu\u015ftu.<\/span><\/span><\/span><\/span><\/p>\n<p style=\"text-align:left\">&nbsp;<\/p>\n<p style=\"text-align:left\"><span style=\"font-size:14px\"><span style=\"font-family:Arial,Helvetica,sans-serif\"><span style=\"color:#000000\"><span style=\"background-color:#ffffff\">-\u201cRum taraf\u0131n\u0131n di\u011fer konularda ya\u015fad\u0131\u011f\u0131 rahatl\u0131\u011f\u0131 ya\u015fayamamas\u0131 \u00f6nemli\u2026\u201d<\/span><\/span><\/span><\/span><\/p>\n<p style=\"text-align:left\"><span style=\"font-size:14px\"><span style=\"font-family:Arial,Helvetica,sans-serif\"><span style=\"color:#000000\"><span style=\"background-color:#ffffff\">Rum taraf\u0131n\u0131n \u2018K\u0131br\u0131s Cumhuriyeti\u2019 diye tan\u0131n\u0131yor olmas\u0131 y\u00f6n\u00fcndeki yanl\u0131\u015f devam ettirildi\u011fi s\u00fcrece kendilerinin hi\u00e7bir konuyu sorunsuz ele alamad\u0131\u011f\u0131n\u0131 dile getiren D\u0131\u015fi\u015fleri Bakan\u0131 Ertu\u011frulo\u011flu, Rum taraf\u0131n\u0131n enerji konusunda di\u011fer konularda ya\u015fad\u0131\u011f\u0131 rahatl\u0131\u011f\u0131 ya\u015fayamamas\u0131n\u0131n b\u00fcy\u00fck \u00f6nem arz etti\u011fini belirtti. Rumlar\u0131n di\u011fer konularda K\u0131br\u0131s T\u00fcrk\u00fc\u2019n\u00fc olabildi\u011fince zora soktu\u011funu, buna en temel \u00f6rne\u011fin ula\u015f\u0131m oldu\u011funu kaydeden Ertu\u011frulo\u011flu, \u201cYani KKTC\u2019nin ve T\u00fcrkiye\u2019nin d\u0131\u015flanaca\u011f\u0131, g\u00f6z ard\u0131 edilece\u011fi herhangi bir senaryo giri\u015fiminin asla ba\u015far\u0131ya ula\u015ft\u0131r\u0131lmamas\u0131 en temel yakla\u015f\u0131m olmal\u0131\u201d diye konu\u015ftu.<\/span><\/span><\/span><\/span><\/p>\n<p style=\"text-align:left\"><span style=\"font-size:14px\"><span style=\"font-family:Arial,Helvetica,sans-serif\"><span style=\"color:#000000\"><span style=\"background-color:#ffffff\"><span style=\"color:#000000 !important\">BM Genel Sekreteri\u2019nin \u00f6n\u00fcm\u00fczdeki hafta adada temaslar\u0131na ba\u015flayacak bir ki\u015fisel temsilci atad\u0131\u011f\u0131n\u0131 an\u0131msatan Ertu\u011frulo\u011flu, temsilcinin g\u00f6revini aktard\u0131; T\u00fcrk ve Rum taraf\u0131n\u0131n bu konuda farkl\u0131 yakla\u015f\u0131ma sahip oldu\u011funu s\u00f6yledi.<\/span><\/span><\/span><\/span><\/span><\/p>\n<p style=\"text-align:left\"><span style=\"font-size:14px\"><span style=\"font-family:Arial,Helvetica,sans-serif\"><span style=\"color:#000000\"><span style=\"background-color:#ffffff\">Rum taraf\u0131n\u0131n ki\u015fisel temsilciden 2017 y\u0131l\u0131nda Crans Montana\u2019da kopan m\u00fczakere s\u00fcrecini devam ettirme ve federasyon ortakl\u0131\u011f\u0131 yaratmaya y\u00f6nelik m\u00fczakereleri ba\u015flatma zemini oldu\u011funu duyma arzusunda oldu\u011funu kaydeden Ertu\u011frulo\u011flu, bunu ele\u015ftirdi.<\/span><\/span><\/span><\/span><\/p>\n<p style=\"text-align:left\"><span style=\"font-size:14px\"><span style=\"font-family:Arial,Helvetica,sans-serif\"><span style=\"color:#000000\"><span style=\"background-color:#ffffff\">K\u0131br\u0131s T\u00fck taraf\u0131 i\u00e7in ise Crans Montana s\u00fcreci \u00e7\u00f6kt\u00fckten sonra art\u0131k federasyon sayfas\u0131n\u0131n kapand\u0131\u011f\u0131n\u0131 kaydeden Ertu\u011frulo\u011flu, \u201cAyn\u0131 \u015feyleri tekrarlayarak farkl\u0131 netice beklemek safl\u0131k olur. Dolay\u0131s\u0131yla federal ortakl\u0131k diye bir ortakl\u0131k s\u00f6z konusu de\u011fildir\u201d dedi.<\/span><\/span><\/span><\/span><\/p>\n<p style=\"text-align:left\"><span style=\"font-size:14px\"><span style=\"font-family:Arial,Helvetica,sans-serif\"><span style=\"color:#000000\"><span style=\"background-color:#ffffff\">D\u0131\u015fi\u015fleri Bakan\u0131 Tahsin Ertu\u011frulo\u011flu, k<span style=\"color:#000000 !important\">i\u015fisel temsilciye 6 ayl\u0131\u011f\u0131na verdikleri onay\u0131n yeni devlet politikalar\u0131nda herhangi bir de\u011fi\u015fiklik anlam\u0131na gelmedi\u011fini dile getirerek, \u00f6zetle, \u201c\u0130ki taraf aras\u0131nda yarat\u0131lan stat\u00fc e\u015fitsizli\u011fi K\u0131br\u0131s meselesinde kal\u0131c\u0131 bir anla\u015fmaya var\u0131lamamas\u0131n\u0131n tek nedenidir. Art\u0131k iki eski orta\u011f\u0131n yeni bir ortakl\u0131k kurarak tek devlet yaratma olas\u0131l\u0131\u011f\u0131 tamamen ortadan kalkm\u0131\u015ft\u0131r. Gelecek, iki egemen e\u015fit devletin iyi kom\u015fuluk ili\u015fkileri i\u00e7inde varl\u0131\u011f\u0131n\u0131 s\u00fcrd\u00fcrmesindedir.\u201d diye konu\u015ftu.<\/span><\/span><\/span><\/span><\/span><\/p>\n<p style=\"text-align:left\">&nbsp;<\/p>\n<p style=\"text-align:left\"><span style=\"font-size:14px\"><span style=\"font-family:Arial,Helvetica,sans-serif\"><span style=\"color:#000000\"><span style=\"background-color:#ffffff\">-\u201cBM\u2019nin bak\u0131\u015f a\u00e7\u0131s\u0131 g\u00fcncellenmelidir\u201d<\/span><\/span><\/span><\/span><\/p>\n<p style=\"text-align:left\"><span style=\"font-size:14px\"><span style=\"font-family:Arial,Helvetica,sans-serif\"><span style=\"color:#000000\"><span style=\"background-color:#ffffff\">BM G\u00fcvenlik Konseyi kararlar\u0131n\u0131 \u201cs\u00fcresi ge\u00e7mi\u015f, art\u0131k ge\u00e7ersiz\u201d olarak niteleyen Ertu\u011frulo\u011flu, BM\u2019nin K\u0131br\u0131s konusuna yakla\u015f\u0131m\u0131n\u0131, K\u0131br\u0131s T\u00fcrk taraf\u0131n\u0131n federasyon tezinden r\u0131zas\u0131n\u0131 \u00e7ekti\u011fini yans\u0131tacak \u015fekilde g\u00fcncellenmesi gerekti\u011fini vurgulad\u0131.<\/span><\/span><\/span><\/span><\/p>\n<p style=\"text-align:left\"><span style=\"font-size:14px\"><span style=\"font-family:Arial,Helvetica,sans-serif\"><span style=\"color:#000000\"><span style=\"background-color:#ffffff\">Ertu\u011frulo\u011flu, \u201cAksi takdirde Yi\u011fitler-Pile yolunda bile ortak zemin yaratmayan BM\u2019nin ki\u015fisel temsilcisin ortak zemin aray\u0131\u015f\u0131, bo\u015fa zaman harcamak olacak\u201d dedi.<\/span><\/span><\/span><\/span><\/p>\n<p style=\"text-align:left\"><span style=\"font-size:14px\"><span style=\"font-family:Arial,Helvetica,sans-serif\"><span style=\"color:#000000\"><span style=\"background-color:#ffffff\">Ki\u015fisel temsilcinin g\u00f6rev s\u00fcresi i\u00e7in \u201c6 ay yetmiyor s\u00fcreyi uzatal\u0131m\u201d \u015fekildeki yakla\u015f\u0131m\u0131n zekalar\u0131yla alay eder t\u00fcrden bir yakla\u015f\u0131m oldu\u011funu da belirten Ertu\u011frulo\u011flu, bu y\u00f6ndeki bask\u0131lara f\u0131rsat vermemek gerekti\u011fini vurgulad\u0131.<\/span><\/span><\/span><\/span><\/p>\n","protected":false},"excerpt":{"rendered":"<p>u tan\u0131nm\u0131\u015fl\u0131\u011f\u0131 Rumlar\u0131n di\u011fer \u00fclkelerin de deste\u011fiyle pervas\u0131nca K\u0131br\u0131s T\u00fcrk\u00fc\u2019n\u00fcn aleyhine kulland\u0131\u011f\u0131na i\u015faret eden Ertu\u011frulo\u011flu, enerji konusunun da bunlardan biri oldu\u011funu s\u00f6yledi. K\u0131br\u0131s sorununu ilgilendiren herhangi bir konu ele al\u0131nd\u0131\u011f\u0131nda sorunun temelinde yatan\u0131n \u201cRum taraf\u0131n\u0131n \u2018K\u0131br\u0131s Cumhuriyeti\u2019 diye tan\u0131n\u0131yor olmas\u0131\u201d oldu\u011funu kaydeden Ertu\u011frulo\u011flu, \u201cK\u0131br\u0131s T\u00fcrk halk\u0131n\u0131n ya\u015fad\u0131\u011f\u0131 t\u00fcm sorunlar, kar\u015f\u0131la\u015ft\u0131\u011f\u0131 t\u00fcm engeller, maruz b\u0131rak\u0131ld\u0131\u011f\u0131 ambargolar\u0131n<\/p>\n","protected":false},"author":1,"featured_media":27696,"comment_status":"open","ping_status":"open","sticky":false,"template":"","format":"standard","meta":{"footnotes":""},"categories":[1],"tags":[],"class_list":["post-27695","post","type-post","status-publish","format-standard","has-post-thumbnail","hentry","category-gundem"],"yoast_head":"<!-- This site is optimized with the Yoast SEO plugin v27.5 - https:\/\/yoast.com\/product\/yoast-seo-wordpress\/ -->\n<title>&quot;K\u0131br\u0131s sorununun tarifi Rum taraf\u0131n\u0131n \u2018K\u0131br\u0131s Cumhuriyeti\u2019 diye tan\u0131n\u0131yor olmas\u0131d\u0131r&quot; -<\/title>\n<meta name=\"robots\" content=\"index, follow, max-snippet:-1, max-image-preview:large, max-video-preview:-1\" \/>\n<link rel=\"canonical\" href=\"https:\/\/kibrisdakik.com\/?p=27695\" \/>\n<meta property=\"og:locale\" content=\"tr_TR\" \/>\n<meta property=\"og:type\" content=\"article\" \/>\n<meta property=\"og:title\" content=\"&quot;K\u0131br\u0131s sorununun tarifi Rum taraf\u0131n\u0131n \u2018K\u0131br\u0131s Cumhuriyeti\u2019 diye tan\u0131n\u0131yor olmas\u0131d\u0131r&quot; -\" \/>\n<meta property=\"og:description\" content=\"u tan\u0131nm\u0131\u015fl\u0131\u011f\u0131 Rumlar\u0131n di\u011fer \u00fclkelerin de deste\u011fiyle pervas\u0131nca K\u0131br\u0131s T\u00fcrk\u00fc\u2019n\u00fcn aleyhine kulland\u0131\u011f\u0131na i\u015faret eden Ertu\u011frulo\u011flu, enerji konusunun da bunlardan biri oldu\u011funu s\u00f6yledi. K\u0131br\u0131s sorununu ilgilendiren herhangi bir konu ele al\u0131nd\u0131\u011f\u0131nda sorunun temelinde yatan\u0131n \u201cRum taraf\u0131n\u0131n \u2018K\u0131br\u0131s Cumhuriyeti\u2019 diye tan\u0131n\u0131yor olmas\u0131\u201d oldu\u011funu kaydeden Ertu\u011frulo\u011flu, \u201cK\u0131br\u0131s T\u00fcrk halk\u0131n\u0131n ya\u015fad\u0131\u011f\u0131 t\u00fcm sorunlar, kar\u015f\u0131la\u015ft\u0131\u011f\u0131 t\u00fcm engeller, maruz b\u0131rak\u0131ld\u0131\u011f\u0131 ambargolar\u0131n\" \/>\n<meta property=\"og:url\" content=\"https:\/\/kibrisdakik.com\/?p=27695\" \/>\n<meta property=\"article:published_time\" content=\"2024-01-25T17:12:22+00:00\" \/>\n<meta property=\"og:image\" content=\"https:\/\/kibrisdakik.com\/wp-content\/uploads\/2024\/01\/kibris-sorununun-tarifi-rum-tarafinin-kibris-cumhuriyeti-diye-taniniyor-olmasidir-1706184699.webp.webp\" \/>\n\t<meta property=\"og:image:width\" content=\"710\" \/>\n\t<meta property=\"og:image:height\" content=\"370\" \/>\n\t<meta property=\"og:image:type\" content=\"image\/webp\" \/>\n<meta name=\"author\" content=\"admin\" \/>\n<meta name=\"twitter:card\" content=\"summary_large_image\" \/>\n<meta name=\"twitter:label1\" content=\"Yazan:\" \/>\n\t<meta name=\"twitter:data1\" content=\"admin\" \/>\n\t<meta name=\"twitter:label2\" content=\"Tahmini okuma s\u00fcresi\" \/>\n\t<meta name=\"twitter:data2\" content=\"4 dakika\" \/>\n<script type=\"application\/ld+json\" class=\"yoast-schema-graph\">{\"@context\":\"https:\\\/\\\/schema.org\",\"@graph\":[{\"@type\":\"Article\",\"@id\":\"https:\\\/\\\/kibrisdakik.com\\\/?p=27695#article\",\"isPartOf\":{\"@id\":\"https:\\\/\\\/kibrisdakik.com\\\/?p=27695\"},\"author\":{\"name\":\"admin\",\"@id\":\"https:\\\/\\\/kibrisdakik.com\\\/#\\\/schema\\\/person\\\/9cd9d437bbb44f72b73ba127e06d8e79\"},\"headline\":\"&quot;K\u0131br\u0131s sorununun tarifi Rum taraf\u0131n\u0131n \u2018K\u0131br\u0131s Cumhuriyeti\u2019 diye tan\u0131n\u0131yor olmas\u0131d\u0131r&quot;\",\"datePublished\":\"2024-01-25T17:12:22+00:00\",\"mainEntityOfPage\":{\"@id\":\"https:\\\/\\\/kibrisdakik.com\\\/?p=27695\"},\"wordCount\":778,\"commentCount\":0,\"image\":{\"@id\":\"https:\\\/\\\/kibrisdakik.com\\\/?p=27695#primaryimage\"},\"thumbnailUrl\":\"https:\\\/\\\/kibrisdakik.com\\\/wp-content\\\/uploads\\\/2024\\\/01\\\/kibris-sorununun-tarifi-rum-tarafinin-kibris-cumhuriyeti-diye-taniniyor-olmasidir-1706184699.webp.webp\",\"articleSection\":[\"G\u00fcndem\"],\"inLanguage\":\"tr\",\"potentialAction\":[{\"@type\":\"CommentAction\",\"name\":\"Comment\",\"target\":[\"https:\\\/\\\/kibrisdakik.com\\\/?p=27695#respond\"]}]},{\"@type\":\"WebPage\",\"@id\":\"https:\\\/\\\/kibrisdakik.com\\\/?p=27695\",\"url\":\"https:\\\/\\\/kibrisdakik.com\\\/?p=27695\",\"name\":\"&quot;K\u0131br\u0131s sorununun tarifi Rum taraf\u0131n\u0131n \u2018K\u0131br\u0131s Cumhuriyeti\u2019 diye tan\u0131n\u0131yor olmas\u0131d\u0131r&quot; -\",\"isPartOf\":{\"@id\":\"https:\\\/\\\/kibrisdakik.com\\\/#website\"},\"primaryImageOfPage\":{\"@id\":\"https:\\\/\\\/kibrisdakik.com\\\/?p=27695#primaryimage\"},\"image\":{\"@id\":\"https:\\\/\\\/kibrisdakik.com\\\/?p=27695#primaryimage\"},\"thumbnailUrl\":\"https:\\\/\\\/kibrisdakik.com\\\/wp-content\\\/uploads\\\/2024\\\/01\\\/kibris-sorununun-tarifi-rum-tarafinin-kibris-cumhuriyeti-diye-taniniyor-olmasidir-1706184699.webp.webp\",\"datePublished\":\"2024-01-25T17:12:22+00:00\",\"author\":{\"@id\":\"https:\\\/\\\/kibrisdakik.com\\\/#\\\/schema\\\/person\\\/9cd9d437bbb44f72b73ba127e06d8e79\"},\"breadcrumb\":{\"@id\":\"https:\\\/\\\/kibrisdakik.com\\\/?p=27695#breadcrumb\"},\"inLanguage\":\"tr\",\"potentialAction\":[{\"@type\":\"ReadAction\",\"target\":[\"https:\\\/\\\/kibrisdakik.com\\\/?p=27695\"]}]},{\"@type\":\"ImageObject\",\"inLanguage\":\"tr\",\"@id\":\"https:\\\/\\\/kibrisdakik.com\\\/?p=27695#primaryimage\",\"url\":\"https:\\\/\\\/kibrisdakik.com\\\/wp-content\\\/uploads\\\/2024\\\/01\\\/kibris-sorununun-tarifi-rum-tarafinin-kibris-cumhuriyeti-diye-taniniyor-olmasidir-1706184699.webp.webp\",\"contentUrl\":\"https:\\\/\\\/kibrisdakik.com\\\/wp-content\\\/uploads\\\/2024\\\/01\\\/kibris-sorununun-tarifi-rum-tarafinin-kibris-cumhuriyeti-diye-taniniyor-olmasidir-1706184699.webp.webp\",\"width\":710,\"height\":370},{\"@type\":\"BreadcrumbList\",\"@id\":\"https:\\\/\\\/kibrisdakik.com\\\/?p=27695#breadcrumb\",\"itemListElement\":[{\"@type\":\"ListItem\",\"position\":1,\"name\":\"Home\",\"item\":\"https:\\\/\\\/kibrisdakik.com\\\/\"},{\"@type\":\"ListItem\",\"position\":2,\"name\":\"&quot;K\u0131br\u0131s sorununun tarifi Rum taraf\u0131n\u0131n \u2018K\u0131br\u0131s Cumhuriyeti\u2019 diye tan\u0131n\u0131yor olmas\u0131d\u0131r&quot;\"}]},{\"@type\":\"WebSite\",\"@id\":\"https:\\\/\\\/kibrisdakik.com\\\/#website\",\"url\":\"https:\\\/\\\/kibrisdakik.com\\\/\",\"name\":\"\",\"description\":\"Tam vaktinde haber\",\"potentialAction\":[{\"@type\":\"SearchAction\",\"target\":{\"@type\":\"EntryPoint\",\"urlTemplate\":\"https:\\\/\\\/kibrisdakik.com\\\/?s={search_term_string}\"},\"query-input\":{\"@type\":\"PropertyValueSpecification\",\"valueRequired\":true,\"valueName\":\"search_term_string\"}}],\"inLanguage\":\"tr\"},{\"@type\":\"Person\",\"@id\":\"https:\\\/\\\/kibrisdakik.com\\\/#\\\/schema\\\/person\\\/9cd9d437bbb44f72b73ba127e06d8e79\",\"name\":\"admin\",\"image\":{\"@type\":\"ImageObject\",\"inLanguage\":\"tr\",\"@id\":\"https:\\\/\\\/secure.gravatar.com\\\/avatar\\\/ccc17943b9d660506c869530f897617f7cb1c21a4bf30023f252596d83e1f007?s=96&d=mm&r=g\",\"url\":\"https:\\\/\\\/secure.gravatar.com\\\/avatar\\\/ccc17943b9d660506c869530f897617f7cb1c21a4bf30023f252596d83e1f007?s=96&d=mm&r=g\",\"contentUrl\":\"https:\\\/\\\/secure.gravatar.com\\\/avatar\\\/ccc17943b9d660506c869530f897617f7cb1c21a4bf30023f252596d83e1f007?s=96&d=mm&r=g\",\"caption\":\"admin\"},\"sameAs\":[\"https:\\\/\\\/kibrisdakik.com\"],\"url\":\"https:\\\/\\\/kibrisdakik.com\\\/?author=1\"}]}<\/script>\n<!-- \/ Yoast SEO plugin. -->","yoast_head_json":{"title":"&quot;K\u0131br\u0131s sorununun tarifi Rum taraf\u0131n\u0131n \u2018K\u0131br\u0131s Cumhuriyeti\u2019 diye tan\u0131n\u0131yor olmas\u0131d\u0131r&quot; -","robots":{"index":"index","follow":"follow","max-snippet":"max-snippet:-1","max-image-preview":"max-image-preview:large","max-video-preview":"max-video-preview:-1"},"canonical":"https:\/\/kibrisdakik.com\/?p=27695","og_locale":"tr_TR","og_type":"article","og_title":"&quot;K\u0131br\u0131s sorununun tarifi Rum taraf\u0131n\u0131n \u2018K\u0131br\u0131s Cumhuriyeti\u2019 diye tan\u0131n\u0131yor olmas\u0131d\u0131r&quot; -","og_description":"u tan\u0131nm\u0131\u015fl\u0131\u011f\u0131 Rumlar\u0131n di\u011fer \u00fclkelerin de deste\u011fiyle pervas\u0131nca K\u0131br\u0131s T\u00fcrk\u00fc\u2019n\u00fcn aleyhine kulland\u0131\u011f\u0131na i\u015faret eden Ertu\u011frulo\u011flu, enerji konusunun da bunlardan biri oldu\u011funu s\u00f6yledi. K\u0131br\u0131s sorununu ilgilendiren herhangi bir konu ele al\u0131nd\u0131\u011f\u0131nda sorunun temelinde yatan\u0131n \u201cRum taraf\u0131n\u0131n \u2018K\u0131br\u0131s Cumhuriyeti\u2019 diye tan\u0131n\u0131yor olmas\u0131\u201d oldu\u011funu kaydeden Ertu\u011frulo\u011flu, \u201cK\u0131br\u0131s T\u00fcrk halk\u0131n\u0131n ya\u015fad\u0131\u011f\u0131 t\u00fcm sorunlar, kar\u015f\u0131la\u015ft\u0131\u011f\u0131 t\u00fcm engeller, maruz b\u0131rak\u0131ld\u0131\u011f\u0131 ambargolar\u0131n","og_url":"https:\/\/kibrisdakik.com\/?p=27695","article_published_time":"2024-01-25T17:12:22+00:00","og_image":[{"width":710,"height":370,"url":"https:\/\/kibrisdakik.com\/wp-content\/uploads\/2024\/01\/kibris-sorununun-tarifi-rum-tarafinin-kibris-cumhuriyeti-diye-taniniyor-olmasidir-1706184699.webp.webp","type":"image\/webp"}],"author":"admin","twitter_card":"summary_large_image","twitter_misc":{"Yazan:":"admin","Tahmini okuma s\u00fcresi":"4 dakika"},"schema":{"@context":"https:\/\/schema.org","@graph":[{"@type":"Article","@id":"https:\/\/kibrisdakik.com\/?p=27695#article","isPartOf":{"@id":"https:\/\/kibrisdakik.com\/?p=27695"},"author":{"name":"admin","@id":"https:\/\/kibrisdakik.com\/#\/schema\/person\/9cd9d437bbb44f72b73ba127e06d8e79"},"headline":"&quot;K\u0131br\u0131s sorununun tarifi Rum taraf\u0131n\u0131n \u2018K\u0131br\u0131s Cumhuriyeti\u2019 diye tan\u0131n\u0131yor olmas\u0131d\u0131r&quot;","datePublished":"2024-01-25T17:12:22+00:00","mainEntityOfPage":{"@id":"https:\/\/kibrisdakik.com\/?p=27695"},"wordCount":778,"commentCount":0,"image":{"@id":"https:\/\/kibrisdakik.com\/?p=27695#primaryimage"},"thumbnailUrl":"https:\/\/kibrisdakik.com\/wp-content\/uploads\/2024\/01\/kibris-sorununun-tarifi-rum-tarafinin-kibris-cumhuriyeti-diye-taniniyor-olmasidir-1706184699.webp.webp","articleSection":["G\u00fcndem"],"inLanguage":"tr","potentialAction":[{"@type":"CommentAction","name":"Comment","target":["https:\/\/kibrisdakik.com\/?p=27695#respond"]}]},{"@type":"WebPage","@id":"https:\/\/kibrisdakik.com\/?p=27695","url":"https:\/\/kibrisdakik.com\/?p=27695","name":"&quot;K\u0131br\u0131s sorununun tarifi Rum taraf\u0131n\u0131n \u2018K\u0131br\u0131s Cumhuriyeti\u2019 diye tan\u0131n\u0131yor olmas\u0131d\u0131r&quot; -","isPartOf":{"@id":"https:\/\/kibrisdakik.com\/#website"},"primaryImageOfPage":{"@id":"https:\/\/kibrisdakik.com\/?p=27695#primaryimage"},"image":{"@id":"https:\/\/kibrisdakik.com\/?p=27695#primaryimage"},"thumbnailUrl":"https:\/\/kibrisdakik.com\/wp-content\/uploads\/2024\/01\/kibris-sorununun-tarifi-rum-tarafinin-kibris-cumhuriyeti-diye-taniniyor-olmasidir-1706184699.webp.webp","datePublished":"2024-01-25T17:12:22+00:00","author":{"@id":"https:\/\/kibrisdakik.com\/#\/schema\/person\/9cd9d437bbb44f72b73ba127e06d8e79"},"breadcrumb":{"@id":"https:\/\/kibrisdakik.com\/?p=27695#breadcrumb"},"inLanguage":"tr","potentialAction":[{"@type":"ReadAction","target":["https:\/\/kibrisdakik.com\/?p=27695"]}]},{"@type":"ImageObject","inLanguage":"tr","@id":"https:\/\/kibrisdakik.com\/?p=27695#primaryimage","url":"https:\/\/kibrisdakik.com\/wp-content\/uploads\/2024\/01\/kibris-sorununun-tarifi-rum-tarafinin-kibris-cumhuriyeti-diye-taniniyor-olmasidir-1706184699.webp.webp","contentUrl":"https:\/\/kibrisdakik.com\/wp-content\/uploads\/2024\/01\/kibris-sorununun-tarifi-rum-tarafinin-kibris-cumhuriyeti-diye-taniniyor-olmasidir-1706184699.webp.webp","width":710,"height":370},{"@type":"BreadcrumbList","@id":"https:\/\/kibrisdakik.com\/?p=27695#breadcrumb","itemListElement":[{"@type":"ListItem","position":1,"name":"Home","item":"https:\/\/kibrisdakik.com\/"},{"@type":"ListItem","position":2,"name":"&quot;K\u0131br\u0131s sorununun tarifi Rum taraf\u0131n\u0131n \u2018K\u0131br\u0131s Cumhuriyeti\u2019 diye tan\u0131n\u0131yor olmas\u0131d\u0131r&quot;"}]},{"@type":"WebSite","@id":"https:\/\/kibrisdakik.com\/#website","url":"https:\/\/kibrisdakik.com\/","name":"","description":"Tam vaktinde haber","potentialAction":[{"@type":"SearchAction","target":{"@type":"EntryPoint","urlTemplate":"https:\/\/kibrisdakik.com\/?s={search_term_string}"},"query-input":{"@type":"PropertyValueSpecification","valueRequired":true,"valueName":"search_term_string"}}],"inLanguage":"tr"},{"@type":"Person","@id":"https:\/\/kibrisdakik.com\/#\/schema\/person\/9cd9d437bbb44f72b73ba127e06d8e79","name":"admin","image":{"@type":"ImageObject","inLanguage":"tr","@id":"https:\/\/secure.gravatar.com\/avatar\/ccc17943b9d660506c869530f897617f7cb1c21a4bf30023f252596d83e1f007?s=96&d=mm&r=g","url":"https:\/\/secure.gravatar.com\/avatar\/ccc17943b9d660506c869530f897617f7cb1c21a4bf30023f252596d83e1f007?s=96&d=mm&r=g","contentUrl":"https:\/\/secure.gravatar.com\/avatar\/ccc17943b9d660506c869530f897617f7cb1c21a4bf30023f252596d83e1f007?s=96&d=mm&r=g","caption":"admin"},"sameAs":["https:\/\/kibrisdakik.com"],"url":"https:\/\/kibrisdakik.com\/?author=1"}]}},"_links":{"self":[{"href":"https:\/\/kibrisdakik.com\/index.php?rest_route=\/wp\/v2\/posts\/27695","targetHints":{"allow":["GET"]}}],"collection":[{"href":"https:\/\/kibrisdakik.com\/index.php?rest_route=\/wp\/v2\/posts"}],"about":[{"href":"https:\/\/kibrisdakik.com\/index.php?rest_route=\/wp\/v2\/types\/post"}],"author":[{"embeddable":true,"href":"https:\/\/kibrisdakik.com\/index.php?rest_route=\/wp\/v2\/users\/1"}],"replies":[{"embeddable":true,"href":"https:\/\/kibrisdakik.com\/index.php?rest_route=%2Fwp%2Fv2%2Fcomments&post=27695"}],"version-history":[{"count":0,"href":"https:\/\/kibrisdakik.com\/index.php?rest_route=\/wp\/v2\/posts\/27695\/revisions"}],"wp:featuredmedia":[{"embeddable":true,"href":"https:\/\/kibrisdakik.com\/index.php?rest_route=\/wp\/v2\/media\/27696"}],"wp:attachment":[{"href":"https:\/\/kibrisdakik.com\/index.php?rest_route=%2Fwp%2Fv2%2Fmedia&parent=27695"}],"wp:term":[{"taxonomy":"category","embeddable":true,"href":"https:\/\/kibrisdakik.com\/index.php?rest_route=%2Fwp%2Fv2%2Fcategories&post=27695"},{"taxonomy":"post_tag","embeddable":true,"href":"https:\/\/kibrisdakik.com\/index.php?rest_route=%2Fwp%2Fv2%2Ftags&post=27695"}],"curies":[{"name":"wp","href":"https:\/\/api.w.org\/{rel}","templated":true}]}}