{"id":27729,"date":"2024-01-25T21:07:23","date_gmt":"2024-01-25T21:07:23","guid":{"rendered":"https:\/\/kibrisdakik.com\/index.php\/2024\/01\/25\/formula-1-pilotu-leclerc-ferrari-ile-sozlesmesini-uzatti\/"},"modified":"2024-01-25T21:07:23","modified_gmt":"2024-01-25T21:07:23","slug":"formula-1-pilotu-leclerc-ferrari-ile-sozlesmesini-uzatti","status":"publish","type":"post","link":"https:\/\/kibrisdakik.com\/?p=27729","title":{"rendered":"Formula 1 pilotu Leclerc, Ferrari ile s\u00f6zle\u015fmesini uzatt\u0131"},"content":{"rendered":"<p><img decoding=\"async\" src=\"https:\/\/www.kibristurk.com\/images\/haberler\/2024\/01\/formula-1-pilotu-leclerc-ferrari-ile-sozlesmesini-uzatti-1706214676.webp\" \/><\/p>\n<p>Ferrari, sosyal medya hesab\u0131ndan 26 ya\u015f\u0131ndaki pilotla s\u00f6zle\u015fmenin uzat\u0131ld\u0131\u011f\u0131n\u0131 duyurdu ancak detay payla\u015fmad\u0131.<\/p>\n<p>Leclerc ise Ferrari ile yar\u0131\u015fmay\u0131 \u00fc\u00e7 ya\u015f\u0131ndan bu yana hayal etti\u011fini belirterek, &#8220;Akademiye kat\u0131ld\u0131\u011f\u0131mdan bu yana Ferrari benim ikinci ailem ve be\u015f y\u0131l boyunca birlikte \u00e7ok \u015fey ba\u015fard\u0131k. Ancak, en iyisinin hen\u00fcz gelmedi\u011fine inan\u0131yorum ve bu sezonun ba\u015flamas\u0131, daha fazla ilerleme kaydetmek ve her yar\u0131\u015fta rekabet\u00e7i olmak i\u00e7in sab\u0131rs\u0131zlan\u0131yorum. Hayalim Ferrari ile d\u00fcnya \u015fampiyonlu\u011funu kazanmak.&#8221; ifadelerini kulland\u0131.<\/p>\n<p>Ferrari ile 5 yar\u0131\u015f kazanan Leclerc, 23 kez de pole pozisyonunun sahibi oldu.<\/p>\n","protected":false},"excerpt":{"rendered":"<p>Ferrari, sosyal medya hesab\u0131ndan 26 ya\u015f\u0131ndaki pilotla s\u00f6zle\u015fmenin uzat\u0131ld\u0131\u011f\u0131n\u0131 duyurdu ancak detay payla\u015fmad\u0131. Leclerc ise Ferrari ile yar\u0131\u015fmay\u0131 \u00fc\u00e7 ya\u015f\u0131ndan bu yana hayal etti\u011fini belirterek, &#8220;Akademiye kat\u0131ld\u0131\u011f\u0131mdan bu yana Ferrari benim ikinci ailem ve be\u015f y\u0131l boyunca birlikte \u00e7ok \u015fey ba\u015fard\u0131k. Ancak, en iyisinin hen\u00fcz gelmedi\u011fine inan\u0131yorum ve bu sezonun ba\u015flamas\u0131, daha fazla ilerleme kaydetmek<\/p>\n","protected":false},"author":1,"featured_media":27730,"comment_status":"open","ping_status":"open","sticky":false,"template":"","format":"standard","meta":{"footnotes":""},"categories":[1],"tags":[],"class_list":["post-27729","post","type-post","status-publish","format-standard","has-post-thumbnail","hentry","category-gundem"],"yoast_head":"<!-- This site is optimized with the Yoast SEO plugin v27.5 - https:\/\/yoast.com\/product\/yoast-seo-wordpress\/ -->\n<title>Formula 1 pilotu Leclerc, Ferrari ile s\u00f6zle\u015fmesini uzatt\u0131 -<\/title>\n<meta name=\"robots\" content=\"index, follow, max-snippet:-1, max-image-preview:large, max-video-preview:-1\" \/>\n<link rel=\"canonical\" href=\"https:\/\/kibrisdakik.com\/?p=27729\" \/>\n<meta property=\"og:locale\" content=\"tr_TR\" \/>\n<meta property=\"og:type\" content=\"article\" \/>\n<meta property=\"og:title\" content=\"Formula 1 pilotu Leclerc, Ferrari ile s\u00f6zle\u015fmesini uzatt\u0131 -\" \/>\n<meta property=\"og:description\" content=\"Ferrari, sosyal medya hesab\u0131ndan 26 ya\u015f\u0131ndaki pilotla s\u00f6zle\u015fmenin uzat\u0131ld\u0131\u011f\u0131n\u0131 duyurdu ancak detay payla\u015fmad\u0131. Leclerc ise Ferrari ile yar\u0131\u015fmay\u0131 \u00fc\u00e7 ya\u015f\u0131ndan bu yana hayal etti\u011fini belirterek, &#8220;Akademiye kat\u0131ld\u0131\u011f\u0131mdan bu yana Ferrari benim ikinci ailem ve be\u015f y\u0131l boyunca birlikte \u00e7ok \u015fey ba\u015fard\u0131k. Ancak, en iyisinin hen\u00fcz gelmedi\u011fine inan\u0131yorum ve bu sezonun ba\u015flamas\u0131, daha fazla ilerleme kaydetmek\" \/>\n<meta property=\"og:url\" content=\"https:\/\/kibrisdakik.com\/?p=27729\" \/>\n<meta property=\"article:published_time\" content=\"2024-01-25T21:07:23+00:00\" \/>\n<meta property=\"og:image\" content=\"https:\/\/kibrisdakik.com\/wp-content\/uploads\/2024\/01\/formula-1-pilotu-leclerc-ferrari-ile-sozlesmesini-uzatti-1706214676.webp.webp\" \/>\n\t<meta property=\"og:image:width\" content=\"710\" \/>\n\t<meta property=\"og:image:height\" content=\"370\" \/>\n\t<meta property=\"og:image:type\" content=\"image\/webp\" \/>\n<meta name=\"author\" content=\"admin\" \/>\n<meta name=\"twitter:card\" content=\"summary_large_image\" \/>\n<meta name=\"twitter:label1\" content=\"Yazan:\" \/>\n\t<meta name=\"twitter:data1\" content=\"admin\" \/>\n\t<meta name=\"twitter:label2\" content=\"Tahmini okuma s\u00fcresi\" \/>\n\t<meta name=\"twitter:data2\" content=\"1 dakika\" \/>\n<script type=\"application\/ld+json\" class=\"yoast-schema-graph\">{\"@context\":\"https:\\\/\\\/schema.org\",\"@graph\":[{\"@type\":\"Article\",\"@id\":\"https:\\\/\\\/kibrisdakik.com\\\/?p=27729#article\",\"isPartOf\":{\"@id\":\"https:\\\/\\\/kibrisdakik.com\\\/?p=27729\"},\"author\":{\"name\":\"admin\",\"@id\":\"https:\\\/\\\/kibrisdakik.com\\\/#\\\/schema\\\/person\\\/9cd9d437bbb44f72b73ba127e06d8e79\"},\"headline\":\"Formula 1 pilotu Leclerc, Ferrari ile s\u00f6zle\u015fmesini uzatt\u0131\",\"datePublished\":\"2024-01-25T21:07:23+00:00\",\"mainEntityOfPage\":{\"@id\":\"https:\\\/\\\/kibrisdakik.com\\\/?p=27729\"},\"wordCount\":115,\"commentCount\":0,\"image\":{\"@id\":\"https:\\\/\\\/kibrisdakik.com\\\/?p=27729#primaryimage\"},\"thumbnailUrl\":\"https:\\\/\\\/kibrisdakik.com\\\/wp-content\\\/uploads\\\/2024\\\/01\\\/formula-1-pilotu-leclerc-ferrari-ile-sozlesmesini-uzatti-1706214676.webp.webp\",\"articleSection\":[\"G\u00fcndem\"],\"inLanguage\":\"tr\",\"potentialAction\":[{\"@type\":\"CommentAction\",\"name\":\"Comment\",\"target\":[\"https:\\\/\\\/kibrisdakik.com\\\/?p=27729#respond\"]}]},{\"@type\":\"WebPage\",\"@id\":\"https:\\\/\\\/kibrisdakik.com\\\/?p=27729\",\"url\":\"https:\\\/\\\/kibrisdakik.com\\\/?p=27729\",\"name\":\"Formula 1 pilotu Leclerc, Ferrari ile s\u00f6zle\u015fmesini uzatt\u0131 -\",\"isPartOf\":{\"@id\":\"https:\\\/\\\/kibrisdakik.com\\\/#website\"},\"primaryImageOfPage\":{\"@id\":\"https:\\\/\\\/kibrisdakik.com\\\/?p=27729#primaryimage\"},\"image\":{\"@id\":\"https:\\\/\\\/kibrisdakik.com\\\/?p=27729#primaryimage\"},\"thumbnailUrl\":\"https:\\\/\\\/kibrisdakik.com\\\/wp-content\\\/uploads\\\/2024\\\/01\\\/formula-1-pilotu-leclerc-ferrari-ile-sozlesmesini-uzatti-1706214676.webp.webp\",\"datePublished\":\"2024-01-25T21:07:23+00:00\",\"author\":{\"@id\":\"https:\\\/\\\/kibrisdakik.com\\\/#\\\/schema\\\/person\\\/9cd9d437bbb44f72b73ba127e06d8e79\"},\"breadcrumb\":{\"@id\":\"https:\\\/\\\/kibrisdakik.com\\\/?p=27729#breadcrumb\"},\"inLanguage\":\"tr\",\"potentialAction\":[{\"@type\":\"ReadAction\",\"target\":[\"https:\\\/\\\/kibrisdakik.com\\\/?p=27729\"]}]},{\"@type\":\"ImageObject\",\"inLanguage\":\"tr\",\"@id\":\"https:\\\/\\\/kibrisdakik.com\\\/?p=27729#primaryimage\",\"url\":\"https:\\\/\\\/kibrisdakik.com\\\/wp-content\\\/uploads\\\/2024\\\/01\\\/formula-1-pilotu-leclerc-ferrari-ile-sozlesmesini-uzatti-1706214676.webp.webp\",\"contentUrl\":\"https:\\\/\\\/kibrisdakik.com\\\/wp-content\\\/uploads\\\/2024\\\/01\\\/formula-1-pilotu-leclerc-ferrari-ile-sozlesmesini-uzatti-1706214676.webp.webp\",\"width\":710,\"height\":370},{\"@type\":\"BreadcrumbList\",\"@id\":\"https:\\\/\\\/kibrisdakik.com\\\/?p=27729#breadcrumb\",\"itemListElement\":[{\"@type\":\"ListItem\",\"position\":1,\"name\":\"Home\",\"item\":\"https:\\\/\\\/kibrisdakik.com\\\/\"},{\"@type\":\"ListItem\",\"position\":2,\"name\":\"Formula 1 pilotu Leclerc, Ferrari ile s\u00f6zle\u015fmesini uzatt\u0131\"}]},{\"@type\":\"WebSite\",\"@id\":\"https:\\\/\\\/kibrisdakik.com\\\/#website\",\"url\":\"https:\\\/\\\/kibrisdakik.com\\\/\",\"name\":\"\",\"description\":\"Tam vaktinde haber\",\"potentialAction\":[{\"@type\":\"SearchAction\",\"target\":{\"@type\":\"EntryPoint\",\"urlTemplate\":\"https:\\\/\\\/kibrisdakik.com\\\/?s={search_term_string}\"},\"query-input\":{\"@type\":\"PropertyValueSpecification\",\"valueRequired\":true,\"valueName\":\"search_term_string\"}}],\"inLanguage\":\"tr\"},{\"@type\":\"Person\",\"@id\":\"https:\\\/\\\/kibrisdakik.com\\\/#\\\/schema\\\/person\\\/9cd9d437bbb44f72b73ba127e06d8e79\",\"name\":\"admin\",\"image\":{\"@type\":\"ImageObject\",\"inLanguage\":\"tr\",\"@id\":\"https:\\\/\\\/secure.gravatar.com\\\/avatar\\\/ccc17943b9d660506c869530f897617f7cb1c21a4bf30023f252596d83e1f007?s=96&d=mm&r=g\",\"url\":\"https:\\\/\\\/secure.gravatar.com\\\/avatar\\\/ccc17943b9d660506c869530f897617f7cb1c21a4bf30023f252596d83e1f007?s=96&d=mm&r=g\",\"contentUrl\":\"https:\\\/\\\/secure.gravatar.com\\\/avatar\\\/ccc17943b9d660506c869530f897617f7cb1c21a4bf30023f252596d83e1f007?s=96&d=mm&r=g\",\"caption\":\"admin\"},\"sameAs\":[\"https:\\\/\\\/kibrisdakik.com\"],\"url\":\"https:\\\/\\\/kibrisdakik.com\\\/?author=1\"}]}<\/script>\n<!-- \/ Yoast SEO plugin. -->","yoast_head_json":{"title":"Formula 1 pilotu Leclerc, Ferrari ile s\u00f6zle\u015fmesini uzatt\u0131 -","robots":{"index":"index","follow":"follow","max-snippet":"max-snippet:-1","max-image-preview":"max-image-preview:large","max-video-preview":"max-video-preview:-1"},"canonical":"https:\/\/kibrisdakik.com\/?p=27729","og_locale":"tr_TR","og_type":"article","og_title":"Formula 1 pilotu Leclerc, Ferrari ile s\u00f6zle\u015fmesini uzatt\u0131 -","og_description":"Ferrari, sosyal medya hesab\u0131ndan 26 ya\u015f\u0131ndaki pilotla s\u00f6zle\u015fmenin uzat\u0131ld\u0131\u011f\u0131n\u0131 duyurdu ancak detay payla\u015fmad\u0131. Leclerc ise Ferrari ile yar\u0131\u015fmay\u0131 \u00fc\u00e7 ya\u015f\u0131ndan bu yana hayal etti\u011fini belirterek, &#8220;Akademiye kat\u0131ld\u0131\u011f\u0131mdan bu yana Ferrari benim ikinci ailem ve be\u015f y\u0131l boyunca birlikte \u00e7ok \u015fey ba\u015fard\u0131k. Ancak, en iyisinin hen\u00fcz gelmedi\u011fine inan\u0131yorum ve bu sezonun ba\u015flamas\u0131, daha fazla ilerleme kaydetmek","og_url":"https:\/\/kibrisdakik.com\/?p=27729","article_published_time":"2024-01-25T21:07:23+00:00","og_image":[{"width":710,"height":370,"url":"https:\/\/kibrisdakik.com\/wp-content\/uploads\/2024\/01\/formula-1-pilotu-leclerc-ferrari-ile-sozlesmesini-uzatti-1706214676.webp.webp","type":"image\/webp"}],"author":"admin","twitter_card":"summary_large_image","twitter_misc":{"Yazan:":"admin","Tahmini okuma s\u00fcresi":"1 dakika"},"schema":{"@context":"https:\/\/schema.org","@graph":[{"@type":"Article","@id":"https:\/\/kibrisdakik.com\/?p=27729#article","isPartOf":{"@id":"https:\/\/kibrisdakik.com\/?p=27729"},"author":{"name":"admin","@id":"https:\/\/kibrisdakik.com\/#\/schema\/person\/9cd9d437bbb44f72b73ba127e06d8e79"},"headline":"Formula 1 pilotu Leclerc, Ferrari ile s\u00f6zle\u015fmesini uzatt\u0131","datePublished":"2024-01-25T21:07:23+00:00","mainEntityOfPage":{"@id":"https:\/\/kibrisdakik.com\/?p=27729"},"wordCount":115,"commentCount":0,"image":{"@id":"https:\/\/kibrisdakik.com\/?p=27729#primaryimage"},"thumbnailUrl":"https:\/\/kibrisdakik.com\/wp-content\/uploads\/2024\/01\/formula-1-pilotu-leclerc-ferrari-ile-sozlesmesini-uzatti-1706214676.webp.webp","articleSection":["G\u00fcndem"],"inLanguage":"tr","potentialAction":[{"@type":"CommentAction","name":"Comment","target":["https:\/\/kibrisdakik.com\/?p=27729#respond"]}]},{"@type":"WebPage","@id":"https:\/\/kibrisdakik.com\/?p=27729","url":"https:\/\/kibrisdakik.com\/?p=27729","name":"Formula 1 pilotu Leclerc, Ferrari ile s\u00f6zle\u015fmesini uzatt\u0131 -","isPartOf":{"@id":"https:\/\/kibrisdakik.com\/#website"},"primaryImageOfPage":{"@id":"https:\/\/kibrisdakik.com\/?p=27729#primaryimage"},"image":{"@id":"https:\/\/kibrisdakik.com\/?p=27729#primaryimage"},"thumbnailUrl":"https:\/\/kibrisdakik.com\/wp-content\/uploads\/2024\/01\/formula-1-pilotu-leclerc-ferrari-ile-sozlesmesini-uzatti-1706214676.webp.webp","datePublished":"2024-01-25T21:07:23+00:00","author":{"@id":"https:\/\/kibrisdakik.com\/#\/schema\/person\/9cd9d437bbb44f72b73ba127e06d8e79"},"breadcrumb":{"@id":"https:\/\/kibrisdakik.com\/?p=27729#breadcrumb"},"inLanguage":"tr","potentialAction":[{"@type":"ReadAction","target":["https:\/\/kibrisdakik.com\/?p=27729"]}]},{"@type":"ImageObject","inLanguage":"tr","@id":"https:\/\/kibrisdakik.com\/?p=27729#primaryimage","url":"https:\/\/kibrisdakik.com\/wp-content\/uploads\/2024\/01\/formula-1-pilotu-leclerc-ferrari-ile-sozlesmesini-uzatti-1706214676.webp.webp","contentUrl":"https:\/\/kibrisdakik.com\/wp-content\/uploads\/2024\/01\/formula-1-pilotu-leclerc-ferrari-ile-sozlesmesini-uzatti-1706214676.webp.webp","width":710,"height":370},{"@type":"BreadcrumbList","@id":"https:\/\/kibrisdakik.com\/?p=27729#breadcrumb","itemListElement":[{"@type":"ListItem","position":1,"name":"Home","item":"https:\/\/kibrisdakik.com\/"},{"@type":"ListItem","position":2,"name":"Formula 1 pilotu Leclerc, Ferrari ile s\u00f6zle\u015fmesini uzatt\u0131"}]},{"@type":"WebSite","@id":"https:\/\/kibrisdakik.com\/#website","url":"https:\/\/kibrisdakik.com\/","name":"","description":"Tam vaktinde haber","potentialAction":[{"@type":"SearchAction","target":{"@type":"EntryPoint","urlTemplate":"https:\/\/kibrisdakik.com\/?s={search_term_string}"},"query-input":{"@type":"PropertyValueSpecification","valueRequired":true,"valueName":"search_term_string"}}],"inLanguage":"tr"},{"@type":"Person","@id":"https:\/\/kibrisdakik.com\/#\/schema\/person\/9cd9d437bbb44f72b73ba127e06d8e79","name":"admin","image":{"@type":"ImageObject","inLanguage":"tr","@id":"https:\/\/secure.gravatar.com\/avatar\/ccc17943b9d660506c869530f897617f7cb1c21a4bf30023f252596d83e1f007?s=96&d=mm&r=g","url":"https:\/\/secure.gravatar.com\/avatar\/ccc17943b9d660506c869530f897617f7cb1c21a4bf30023f252596d83e1f007?s=96&d=mm&r=g","contentUrl":"https:\/\/secure.gravatar.com\/avatar\/ccc17943b9d660506c869530f897617f7cb1c21a4bf30023f252596d83e1f007?s=96&d=mm&r=g","caption":"admin"},"sameAs":["https:\/\/kibrisdakik.com"],"url":"https:\/\/kibrisdakik.com\/?author=1"}]}},"_links":{"self":[{"href":"https:\/\/kibrisdakik.com\/index.php?rest_route=\/wp\/v2\/posts\/27729","targetHints":{"allow":["GET"]}}],"collection":[{"href":"https:\/\/kibrisdakik.com\/index.php?rest_route=\/wp\/v2\/posts"}],"about":[{"href":"https:\/\/kibrisdakik.com\/index.php?rest_route=\/wp\/v2\/types\/post"}],"author":[{"embeddable":true,"href":"https:\/\/kibrisdakik.com\/index.php?rest_route=\/wp\/v2\/users\/1"}],"replies":[{"embeddable":true,"href":"https:\/\/kibrisdakik.com\/index.php?rest_route=%2Fwp%2Fv2%2Fcomments&post=27729"}],"version-history":[{"count":0,"href":"https:\/\/kibrisdakik.com\/index.php?rest_route=\/wp\/v2\/posts\/27729\/revisions"}],"wp:featuredmedia":[{"embeddable":true,"href":"https:\/\/kibrisdakik.com\/index.php?rest_route=\/wp\/v2\/media\/27730"}],"wp:attachment":[{"href":"https:\/\/kibrisdakik.com\/index.php?rest_route=%2Fwp%2Fv2%2Fmedia&parent=27729"}],"wp:term":[{"taxonomy":"category","embeddable":true,"href":"https:\/\/kibrisdakik.com\/index.php?rest_route=%2Fwp%2Fv2%2Fcategories&post=27729"},{"taxonomy":"post_tag","embeddable":true,"href":"https:\/\/kibrisdakik.com\/index.php?rest_route=%2Fwp%2Fv2%2Ftags&post=27729"}],"curies":[{"name":"wp","href":"https:\/\/api.w.org\/{rel}","templated":true}]}}