{"id":27795,"date":"2024-01-26T11:33:05","date_gmt":"2024-01-26T11:33:05","guid":{"rendered":"https:\/\/kibrisdakik.com\/index.php\/2024\/01\/26\/beykoy-atis-alaninda-29-ocak-2-subat-arasi-top-havan-tanksavar-ve-ucaksavar-atislari-yapilacak\/"},"modified":"2024-01-26T11:33:05","modified_gmt":"2024-01-26T11:33:05","slug":"beykoy-atis-alaninda-29-ocak-2-subat-arasi-top-havan-tanksavar-ve-ucaksavar-atislari-yapilacak","status":"publish","type":"post","link":"https:\/\/kibrisdakik.com\/?p=27795","title":{"rendered":"Beyk\u00f6y At\u0131\u015f Alan\u0131nda 29 Ocak \u2013 2 \u015eubat aras\u0131 top, havan, tanksavar ve u\u00e7aksavar at\u0131\u015flar\u0131 yap\u0131lacak"},"content":{"rendered":"<p><img decoding=\"async\" src=\"https:\/\/www.kibristurk.com\/images\/haberler\/2024\/01\/beykoy-atis-alaninda-29-ocak-2-subat-arasi-top-havan-tanksavar-ve-ucaksavar-atislari-yapilacak-1706268047.webp\" \/><\/p>\n<p>K\u0131br\u0131s T\u00fcrk Bar\u0131\u015f Kuvvetleri Komutanl\u0131\u011f\u0131&nbsp; 28. T\u00fcmen Komutanl\u0131\u011f\u0131ndan yap\u0131lan duyuruda, at\u0131\u015flar sonras\u0131 patlamam\u0131\u015f mermilerin b\u00f6lgeye yay\u0131labilece\u011finin g\u00f6z \u00f6n\u00fcnde bulundurulmas\u0131, bu t\u00fcr mermiye rastland\u0131\u011f\u0131 takdirde dokunulmamas\u0131 ve en yak\u0131n askeri ve m\u00fclki makama veya 28. Mekanize Piyade T\u00fcmeni\u2019nin 0392 236 88 66 numaral\u0131 hatt\u0131ndan 2401 dahili numaras\u0131na bildirilmesi gerekti\u011fi kaydedildi.<\/p>\n","protected":false},"excerpt":{"rendered":"<p>K\u0131br\u0131s T\u00fcrk Bar\u0131\u015f Kuvvetleri Komutanl\u0131\u011f\u0131&nbsp; 28. T\u00fcmen Komutanl\u0131\u011f\u0131ndan yap\u0131lan duyuruda, at\u0131\u015flar sonras\u0131 patlamam\u0131\u015f mermilerin b\u00f6lgeye yay\u0131labilece\u011finin g\u00f6z \u00f6n\u00fcnde bulundurulmas\u0131, bu t\u00fcr mermiye rastland\u0131\u011f\u0131 takdirde dokunulmamas\u0131 ve en yak\u0131n askeri ve m\u00fclki makama veya 28. Mekanize Piyade T\u00fcmeni\u2019nin 0392 236 88 66 numaral\u0131 hatt\u0131ndan 2401 dahili numaras\u0131na bildirilmesi gerekti\u011fi kaydedildi.<\/p>\n","protected":false},"author":1,"featured_media":27796,"comment_status":"open","ping_status":"open","sticky":false,"template":"","format":"standard","meta":{"footnotes":""},"categories":[86],"tags":[],"class_list":["post-27795","post","type-post","status-publish","format-standard","has-post-thumbnail","hentry","category-turkiye"],"yoast_head":"<!-- This site is optimized with the Yoast SEO plugin v27.5 - https:\/\/yoast.com\/product\/yoast-seo-wordpress\/ -->\n<title>Beyk\u00f6y At\u0131\u015f Alan\u0131nda 29 Ocak \u2013 2 \u015eubat aras\u0131 top, havan, tanksavar ve u\u00e7aksavar at\u0131\u015flar\u0131 yap\u0131lacak -<\/title>\n<meta name=\"robots\" content=\"index, follow, max-snippet:-1, max-image-preview:large, max-video-preview:-1\" \/>\n<link rel=\"canonical\" href=\"https:\/\/kibrisdakik.com\/?p=27795\" \/>\n<meta property=\"og:locale\" content=\"tr_TR\" \/>\n<meta property=\"og:type\" content=\"article\" \/>\n<meta property=\"og:title\" content=\"Beyk\u00f6y At\u0131\u015f Alan\u0131nda 29 Ocak \u2013 2 \u015eubat aras\u0131 top, havan, tanksavar ve u\u00e7aksavar at\u0131\u015flar\u0131 yap\u0131lacak -\" \/>\n<meta property=\"og:description\" content=\"K\u0131br\u0131s T\u00fcrk Bar\u0131\u015f Kuvvetleri Komutanl\u0131\u011f\u0131&nbsp; 28. T\u00fcmen Komutanl\u0131\u011f\u0131ndan yap\u0131lan duyuruda, at\u0131\u015flar sonras\u0131 patlamam\u0131\u015f mermilerin b\u00f6lgeye yay\u0131labilece\u011finin g\u00f6z \u00f6n\u00fcnde bulundurulmas\u0131, bu t\u00fcr mermiye rastland\u0131\u011f\u0131 takdirde dokunulmamas\u0131 ve en yak\u0131n askeri ve m\u00fclki makama veya 28. Mekanize Piyade T\u00fcmeni\u2019nin 0392 236 88 66 numaral\u0131 hatt\u0131ndan 2401 dahili numaras\u0131na bildirilmesi gerekti\u011fi kaydedildi.\" \/>\n<meta property=\"og:url\" content=\"https:\/\/kibrisdakik.com\/?p=27795\" \/>\n<meta property=\"article:published_time\" content=\"2024-01-26T11:33:05+00:00\" \/>\n<meta property=\"og:image\" content=\"https:\/\/kibrisdakik.com\/wp-content\/uploads\/2024\/01\/beykoy-atis-alaninda-29-ocak-2-subat-arasi-top-havan-tanksavar-ve-ucaksavar-atislari-yapilacak-1706268047.webp.webp\" \/>\n\t<meta property=\"og:image:width\" content=\"710\" \/>\n\t<meta property=\"og:image:height\" content=\"370\" \/>\n\t<meta property=\"og:image:type\" content=\"image\/webp\" \/>\n<meta name=\"author\" content=\"admin\" \/>\n<meta name=\"twitter:card\" content=\"summary_large_image\" \/>\n<meta name=\"twitter:label1\" content=\"Yazan:\" \/>\n\t<meta name=\"twitter:data1\" content=\"admin\" \/>\n<script type=\"application\/ld+json\" class=\"yoast-schema-graph\">{\"@context\":\"https:\\\/\\\/schema.org\",\"@graph\":[{\"@type\":\"Article\",\"@id\":\"https:\\\/\\\/kibrisdakik.com\\\/?p=27795#article\",\"isPartOf\":{\"@id\":\"https:\\\/\\\/kibrisdakik.com\\\/?p=27795\"},\"author\":{\"name\":\"admin\",\"@id\":\"https:\\\/\\\/kibrisdakik.com\\\/#\\\/schema\\\/person\\\/9cd9d437bbb44f72b73ba127e06d8e79\"},\"headline\":\"Beyk\u00f6y At\u0131\u015f Alan\u0131nda 29 Ocak \u2013 2 \u015eubat aras\u0131 top, havan, tanksavar ve u\u00e7aksavar at\u0131\u015flar\u0131 yap\u0131lacak\",\"datePublished\":\"2024-01-26T11:33:05+00:00\",\"mainEntityOfPage\":{\"@id\":\"https:\\\/\\\/kibrisdakik.com\\\/?p=27795\"},\"wordCount\":81,\"commentCount\":0,\"image\":{\"@id\":\"https:\\\/\\\/kibrisdakik.com\\\/?p=27795#primaryimage\"},\"thumbnailUrl\":\"https:\\\/\\\/kibrisdakik.com\\\/wp-content\\\/uploads\\\/2024\\\/01\\\/beykoy-atis-alaninda-29-ocak-2-subat-arasi-top-havan-tanksavar-ve-ucaksavar-atislari-yapilacak-1706268047.webp.webp\",\"articleSection\":[\"T\u00fcrkiye\"],\"inLanguage\":\"tr\",\"potentialAction\":[{\"@type\":\"CommentAction\",\"name\":\"Comment\",\"target\":[\"https:\\\/\\\/kibrisdakik.com\\\/?p=27795#respond\"]}]},{\"@type\":\"WebPage\",\"@id\":\"https:\\\/\\\/kibrisdakik.com\\\/?p=27795\",\"url\":\"https:\\\/\\\/kibrisdakik.com\\\/?p=27795\",\"name\":\"Beyk\u00f6y At\u0131\u015f Alan\u0131nda 29 Ocak \u2013 2 \u015eubat aras\u0131 top, havan, tanksavar ve u\u00e7aksavar at\u0131\u015flar\u0131 yap\u0131lacak -\",\"isPartOf\":{\"@id\":\"https:\\\/\\\/kibrisdakik.com\\\/#website\"},\"primaryImageOfPage\":{\"@id\":\"https:\\\/\\\/kibrisdakik.com\\\/?p=27795#primaryimage\"},\"image\":{\"@id\":\"https:\\\/\\\/kibrisdakik.com\\\/?p=27795#primaryimage\"},\"thumbnailUrl\":\"https:\\\/\\\/kibrisdakik.com\\\/wp-content\\\/uploads\\\/2024\\\/01\\\/beykoy-atis-alaninda-29-ocak-2-subat-arasi-top-havan-tanksavar-ve-ucaksavar-atislari-yapilacak-1706268047.webp.webp\",\"datePublished\":\"2024-01-26T11:33:05+00:00\",\"author\":{\"@id\":\"https:\\\/\\\/kibrisdakik.com\\\/#\\\/schema\\\/person\\\/9cd9d437bbb44f72b73ba127e06d8e79\"},\"breadcrumb\":{\"@id\":\"https:\\\/\\\/kibrisdakik.com\\\/?p=27795#breadcrumb\"},\"inLanguage\":\"tr\",\"potentialAction\":[{\"@type\":\"ReadAction\",\"target\":[\"https:\\\/\\\/kibrisdakik.com\\\/?p=27795\"]}]},{\"@type\":\"ImageObject\",\"inLanguage\":\"tr\",\"@id\":\"https:\\\/\\\/kibrisdakik.com\\\/?p=27795#primaryimage\",\"url\":\"https:\\\/\\\/kibrisdakik.com\\\/wp-content\\\/uploads\\\/2024\\\/01\\\/beykoy-atis-alaninda-29-ocak-2-subat-arasi-top-havan-tanksavar-ve-ucaksavar-atislari-yapilacak-1706268047.webp.webp\",\"contentUrl\":\"https:\\\/\\\/kibrisdakik.com\\\/wp-content\\\/uploads\\\/2024\\\/01\\\/beykoy-atis-alaninda-29-ocak-2-subat-arasi-top-havan-tanksavar-ve-ucaksavar-atislari-yapilacak-1706268047.webp.webp\",\"width\":710,\"height\":370},{\"@type\":\"BreadcrumbList\",\"@id\":\"https:\\\/\\\/kibrisdakik.com\\\/?p=27795#breadcrumb\",\"itemListElement\":[{\"@type\":\"ListItem\",\"position\":1,\"name\":\"Home\",\"item\":\"https:\\\/\\\/kibrisdakik.com\\\/\"},{\"@type\":\"ListItem\",\"position\":2,\"name\":\"Beyk\u00f6y At\u0131\u015f Alan\u0131nda 29 Ocak \u2013 2 \u015eubat aras\u0131 top, havan, tanksavar ve u\u00e7aksavar at\u0131\u015flar\u0131 yap\u0131lacak\"}]},{\"@type\":\"WebSite\",\"@id\":\"https:\\\/\\\/kibrisdakik.com\\\/#website\",\"url\":\"https:\\\/\\\/kibrisdakik.com\\\/\",\"name\":\"\",\"description\":\"Tam vaktinde haber\",\"potentialAction\":[{\"@type\":\"SearchAction\",\"target\":{\"@type\":\"EntryPoint\",\"urlTemplate\":\"https:\\\/\\\/kibrisdakik.com\\\/?s={search_term_string}\"},\"query-input\":{\"@type\":\"PropertyValueSpecification\",\"valueRequired\":true,\"valueName\":\"search_term_string\"}}],\"inLanguage\":\"tr\"},{\"@type\":\"Person\",\"@id\":\"https:\\\/\\\/kibrisdakik.com\\\/#\\\/schema\\\/person\\\/9cd9d437bbb44f72b73ba127e06d8e79\",\"name\":\"admin\",\"image\":{\"@type\":\"ImageObject\",\"inLanguage\":\"tr\",\"@id\":\"https:\\\/\\\/secure.gravatar.com\\\/avatar\\\/ccc17943b9d660506c869530f897617f7cb1c21a4bf30023f252596d83e1f007?s=96&d=mm&r=g\",\"url\":\"https:\\\/\\\/secure.gravatar.com\\\/avatar\\\/ccc17943b9d660506c869530f897617f7cb1c21a4bf30023f252596d83e1f007?s=96&d=mm&r=g\",\"contentUrl\":\"https:\\\/\\\/secure.gravatar.com\\\/avatar\\\/ccc17943b9d660506c869530f897617f7cb1c21a4bf30023f252596d83e1f007?s=96&d=mm&r=g\",\"caption\":\"admin\"},\"sameAs\":[\"https:\\\/\\\/kibrisdakik.com\"],\"url\":\"https:\\\/\\\/kibrisdakik.com\\\/?author=1\"}]}<\/script>\n<!-- \/ Yoast SEO plugin. -->","yoast_head_json":{"title":"Beyk\u00f6y At\u0131\u015f Alan\u0131nda 29 Ocak \u2013 2 \u015eubat aras\u0131 top, havan, tanksavar ve u\u00e7aksavar at\u0131\u015flar\u0131 yap\u0131lacak -","robots":{"index":"index","follow":"follow","max-snippet":"max-snippet:-1","max-image-preview":"max-image-preview:large","max-video-preview":"max-video-preview:-1"},"canonical":"https:\/\/kibrisdakik.com\/?p=27795","og_locale":"tr_TR","og_type":"article","og_title":"Beyk\u00f6y At\u0131\u015f Alan\u0131nda 29 Ocak \u2013 2 \u015eubat aras\u0131 top, havan, tanksavar ve u\u00e7aksavar at\u0131\u015flar\u0131 yap\u0131lacak -","og_description":"K\u0131br\u0131s T\u00fcrk Bar\u0131\u015f Kuvvetleri Komutanl\u0131\u011f\u0131&nbsp; 28. T\u00fcmen Komutanl\u0131\u011f\u0131ndan yap\u0131lan duyuruda, at\u0131\u015flar sonras\u0131 patlamam\u0131\u015f mermilerin b\u00f6lgeye yay\u0131labilece\u011finin g\u00f6z \u00f6n\u00fcnde bulundurulmas\u0131, bu t\u00fcr mermiye rastland\u0131\u011f\u0131 takdirde dokunulmamas\u0131 ve en yak\u0131n askeri ve m\u00fclki makama veya 28. Mekanize Piyade T\u00fcmeni\u2019nin 0392 236 88 66 numaral\u0131 hatt\u0131ndan 2401 dahili numaras\u0131na bildirilmesi gerekti\u011fi kaydedildi.","og_url":"https:\/\/kibrisdakik.com\/?p=27795","article_published_time":"2024-01-26T11:33:05+00:00","og_image":[{"width":710,"height":370,"url":"https:\/\/kibrisdakik.com\/wp-content\/uploads\/2024\/01\/beykoy-atis-alaninda-29-ocak-2-subat-arasi-top-havan-tanksavar-ve-ucaksavar-atislari-yapilacak-1706268047.webp.webp","type":"image\/webp"}],"author":"admin","twitter_card":"summary_large_image","twitter_misc":{"Yazan:":"admin"},"schema":{"@context":"https:\/\/schema.org","@graph":[{"@type":"Article","@id":"https:\/\/kibrisdakik.com\/?p=27795#article","isPartOf":{"@id":"https:\/\/kibrisdakik.com\/?p=27795"},"author":{"name":"admin","@id":"https:\/\/kibrisdakik.com\/#\/schema\/person\/9cd9d437bbb44f72b73ba127e06d8e79"},"headline":"Beyk\u00f6y At\u0131\u015f Alan\u0131nda 29 Ocak \u2013 2 \u015eubat aras\u0131 top, havan, tanksavar ve u\u00e7aksavar at\u0131\u015flar\u0131 yap\u0131lacak","datePublished":"2024-01-26T11:33:05+00:00","mainEntityOfPage":{"@id":"https:\/\/kibrisdakik.com\/?p=27795"},"wordCount":81,"commentCount":0,"image":{"@id":"https:\/\/kibrisdakik.com\/?p=27795#primaryimage"},"thumbnailUrl":"https:\/\/kibrisdakik.com\/wp-content\/uploads\/2024\/01\/beykoy-atis-alaninda-29-ocak-2-subat-arasi-top-havan-tanksavar-ve-ucaksavar-atislari-yapilacak-1706268047.webp.webp","articleSection":["T\u00fcrkiye"],"inLanguage":"tr","potentialAction":[{"@type":"CommentAction","name":"Comment","target":["https:\/\/kibrisdakik.com\/?p=27795#respond"]}]},{"@type":"WebPage","@id":"https:\/\/kibrisdakik.com\/?p=27795","url":"https:\/\/kibrisdakik.com\/?p=27795","name":"Beyk\u00f6y At\u0131\u015f Alan\u0131nda 29 Ocak \u2013 2 \u015eubat aras\u0131 top, havan, tanksavar ve u\u00e7aksavar at\u0131\u015flar\u0131 yap\u0131lacak -","isPartOf":{"@id":"https:\/\/kibrisdakik.com\/#website"},"primaryImageOfPage":{"@id":"https:\/\/kibrisdakik.com\/?p=27795#primaryimage"},"image":{"@id":"https:\/\/kibrisdakik.com\/?p=27795#primaryimage"},"thumbnailUrl":"https:\/\/kibrisdakik.com\/wp-content\/uploads\/2024\/01\/beykoy-atis-alaninda-29-ocak-2-subat-arasi-top-havan-tanksavar-ve-ucaksavar-atislari-yapilacak-1706268047.webp.webp","datePublished":"2024-01-26T11:33:05+00:00","author":{"@id":"https:\/\/kibrisdakik.com\/#\/schema\/person\/9cd9d437bbb44f72b73ba127e06d8e79"},"breadcrumb":{"@id":"https:\/\/kibrisdakik.com\/?p=27795#breadcrumb"},"inLanguage":"tr","potentialAction":[{"@type":"ReadAction","target":["https:\/\/kibrisdakik.com\/?p=27795"]}]},{"@type":"ImageObject","inLanguage":"tr","@id":"https:\/\/kibrisdakik.com\/?p=27795#primaryimage","url":"https:\/\/kibrisdakik.com\/wp-content\/uploads\/2024\/01\/beykoy-atis-alaninda-29-ocak-2-subat-arasi-top-havan-tanksavar-ve-ucaksavar-atislari-yapilacak-1706268047.webp.webp","contentUrl":"https:\/\/kibrisdakik.com\/wp-content\/uploads\/2024\/01\/beykoy-atis-alaninda-29-ocak-2-subat-arasi-top-havan-tanksavar-ve-ucaksavar-atislari-yapilacak-1706268047.webp.webp","width":710,"height":370},{"@type":"BreadcrumbList","@id":"https:\/\/kibrisdakik.com\/?p=27795#breadcrumb","itemListElement":[{"@type":"ListItem","position":1,"name":"Home","item":"https:\/\/kibrisdakik.com\/"},{"@type":"ListItem","position":2,"name":"Beyk\u00f6y At\u0131\u015f Alan\u0131nda 29 Ocak \u2013 2 \u015eubat aras\u0131 top, havan, tanksavar ve u\u00e7aksavar at\u0131\u015flar\u0131 yap\u0131lacak"}]},{"@type":"WebSite","@id":"https:\/\/kibrisdakik.com\/#website","url":"https:\/\/kibrisdakik.com\/","name":"","description":"Tam vaktinde haber","potentialAction":[{"@type":"SearchAction","target":{"@type":"EntryPoint","urlTemplate":"https:\/\/kibrisdakik.com\/?s={search_term_string}"},"query-input":{"@type":"PropertyValueSpecification","valueRequired":true,"valueName":"search_term_string"}}],"inLanguage":"tr"},{"@type":"Person","@id":"https:\/\/kibrisdakik.com\/#\/schema\/person\/9cd9d437bbb44f72b73ba127e06d8e79","name":"admin","image":{"@type":"ImageObject","inLanguage":"tr","@id":"https:\/\/secure.gravatar.com\/avatar\/ccc17943b9d660506c869530f897617f7cb1c21a4bf30023f252596d83e1f007?s=96&d=mm&r=g","url":"https:\/\/secure.gravatar.com\/avatar\/ccc17943b9d660506c869530f897617f7cb1c21a4bf30023f252596d83e1f007?s=96&d=mm&r=g","contentUrl":"https:\/\/secure.gravatar.com\/avatar\/ccc17943b9d660506c869530f897617f7cb1c21a4bf30023f252596d83e1f007?s=96&d=mm&r=g","caption":"admin"},"sameAs":["https:\/\/kibrisdakik.com"],"url":"https:\/\/kibrisdakik.com\/?author=1"}]}},"_links":{"self":[{"href":"https:\/\/kibrisdakik.com\/index.php?rest_route=\/wp\/v2\/posts\/27795","targetHints":{"allow":["GET"]}}],"collection":[{"href":"https:\/\/kibrisdakik.com\/index.php?rest_route=\/wp\/v2\/posts"}],"about":[{"href":"https:\/\/kibrisdakik.com\/index.php?rest_route=\/wp\/v2\/types\/post"}],"author":[{"embeddable":true,"href":"https:\/\/kibrisdakik.com\/index.php?rest_route=\/wp\/v2\/users\/1"}],"replies":[{"embeddable":true,"href":"https:\/\/kibrisdakik.com\/index.php?rest_route=%2Fwp%2Fv2%2Fcomments&post=27795"}],"version-history":[{"count":0,"href":"https:\/\/kibrisdakik.com\/index.php?rest_route=\/wp\/v2\/posts\/27795\/revisions"}],"wp:featuredmedia":[{"embeddable":true,"href":"https:\/\/kibrisdakik.com\/index.php?rest_route=\/wp\/v2\/media\/27796"}],"wp:attachment":[{"href":"https:\/\/kibrisdakik.com\/index.php?rest_route=%2Fwp%2Fv2%2Fmedia&parent=27795"}],"wp:term":[{"taxonomy":"category","embeddable":true,"href":"https:\/\/kibrisdakik.com\/index.php?rest_route=%2Fwp%2Fv2%2Fcategories&post=27795"},{"taxonomy":"post_tag","embeddable":true,"href":"https:\/\/kibrisdakik.com\/index.php?rest_route=%2Fwp%2Fv2%2Ftags&post=27795"}],"curies":[{"name":"wp","href":"https:\/\/api.w.org\/{rel}","templated":true}]}}