{"id":27821,"date":"2024-01-26T14:27:02","date_gmt":"2024-01-26T14:27:02","guid":{"rendered":"https:\/\/kibrisdakik.com\/index.php\/2024\/01\/26\/aleyna-tilki-imaj-degistirdi\/"},"modified":"2024-01-26T14:27:02","modified_gmt":"2024-01-26T14:27:02","slug":"aleyna-tilki-imaj-degistirdi","status":"publish","type":"post","link":"https:\/\/kibrisdakik.com\/?p=27821","title":{"rendered":"Aleyna Tilki imaj de\u011fi\u015ftirdi!"},"content":{"rendered":"<p><\/p>\n<p>Ge\u00e7en g\u00fcnlerde m\u00fczik sekt\u00f6r\u00fcne dair a\u00e7\u0131klamalar\u0131yla g\u00fcndeme gelen Aleyna Tilki imaj\u0131n\u0131 de\u011fi\u015ftirdi.<br \/>\nTilki y\u0131llard\u0131r uzun olan sar\u0131 sa\u00e7lar\u0131n\u0131 k\u0131sac\u0131k kestirdi.<br \/>\n<img decoding=\"async\" alt=\"\" src=\"https:\/\/www.kibristurk.com\/images\/detay\/aleyna.png\" style=\"height:370px;width:710px\" \/>&nbsp;<br \/>\nTilki&#8217;nin yeni imaj\u0131 ise takip\u00e7ileri taraf\u0131ndan be\u011fenildi.<\/p>\n<p>Aleyna &#8220;Benim konserimde bomba da patlad\u0131. Prod\u00fckt\u00f6r\u00fcm\u00fc 30 santim kasap b\u0131\u00e7a\u011f\u0131yla ortadan ikiye de b\u00f6ld\u00fcler. G\u00f6z\u00fcm\u00fcn \u00f6n\u00fcnde bir adam\u0131n baca\u011f\u0131 koptu. Sahneye b\u0131\u00e7akla biri de atlad\u0131. Beni \u00e7\u00f6p gibi sahneye de att\u0131lar&#8221; demi\u015fti.<\/p>\n<p>Aleyna Tilki, bir yurt d\u0131\u015f\u0131 konserinin de engellendi\u011fini \u00f6ne s\u00fcrm\u00fc\u015ft\u00fc: &#8220;Afi\u015fler bile haz\u0131rd\u0131. Birisi benim o konsere \u00e7\u0131kmam\u0131 istemedi. Bu sekt\u00f6rden nefret ediyorum, meslekta\u015flar\u0131mdan de\u011fil ama sekt\u00f6r\u00fc domine edip y\u00f6n verebilece\u011fini d\u00fc\u015f\u00fcnen insanlardan.&#8221;<\/p>\n","protected":false},"excerpt":{"rendered":"<p>Ge\u00e7en g\u00fcnlerde m\u00fczik sekt\u00f6r\u00fcne dair a\u00e7\u0131klamalar\u0131yla g\u00fcndeme gelen Aleyna Tilki imaj\u0131n\u0131 de\u011fi\u015ftirdi. Tilki y\u0131llard\u0131r uzun olan sar\u0131 sa\u00e7lar\u0131n\u0131 k\u0131sac\u0131k kestirdi. &nbsp; Tilki&#8217;nin yeni imaj\u0131 ise takip\u00e7ileri taraf\u0131ndan be\u011fenildi. Aleyna &#8220;Benim konserimde bomba da patlad\u0131. Prod\u00fckt\u00f6r\u00fcm\u00fc 30 santim kasap b\u0131\u00e7a\u011f\u0131yla ortadan ikiye de b\u00f6ld\u00fcler. G\u00f6z\u00fcm\u00fcn \u00f6n\u00fcnde bir adam\u0131n baca\u011f\u0131 koptu. Sahneye b\u0131\u00e7akla biri de atlad\u0131. Beni<\/p>\n","protected":false},"author":1,"featured_media":27822,"comment_status":"open","ping_status":"open","sticky":false,"template":"","format":"standard","meta":{"footnotes":""},"categories":[85],"tags":[],"class_list":["post-27821","post","type-post","status-publish","format-standard","has-post-thumbnail","hentry","category-spor"],"yoast_head":"<!-- This site is optimized with the Yoast SEO plugin v27.4 - https:\/\/yoast.com\/product\/yoast-seo-wordpress\/ -->\n<title>Aleyna Tilki imaj de\u011fi\u015ftirdi! -<\/title>\n<meta name=\"robots\" content=\"index, follow, max-snippet:-1, max-image-preview:large, max-video-preview:-1\" \/>\n<link rel=\"canonical\" href=\"https:\/\/kibrisdakik.com\/?p=27821\" \/>\n<meta property=\"og:locale\" content=\"tr_TR\" \/>\n<meta property=\"og:type\" content=\"article\" \/>\n<meta property=\"og:title\" content=\"Aleyna Tilki imaj de\u011fi\u015ftirdi! -\" \/>\n<meta property=\"og:description\" content=\"Ge\u00e7en g\u00fcnlerde m\u00fczik sekt\u00f6r\u00fcne dair a\u00e7\u0131klamalar\u0131yla g\u00fcndeme gelen Aleyna Tilki imaj\u0131n\u0131 de\u011fi\u015ftirdi. Tilki y\u0131llard\u0131r uzun olan sar\u0131 sa\u00e7lar\u0131n\u0131 k\u0131sac\u0131k kestirdi. &nbsp; Tilki&#8217;nin yeni imaj\u0131 ise takip\u00e7ileri taraf\u0131ndan be\u011fenildi. Aleyna &#8220;Benim konserimde bomba da patlad\u0131. Prod\u00fckt\u00f6r\u00fcm\u00fc 30 santim kasap b\u0131\u00e7a\u011f\u0131yla ortadan ikiye de b\u00f6ld\u00fcler. G\u00f6z\u00fcm\u00fcn \u00f6n\u00fcnde bir adam\u0131n baca\u011f\u0131 koptu. Sahneye b\u0131\u00e7akla biri de atlad\u0131. Beni\" \/>\n<meta property=\"og:url\" content=\"https:\/\/kibrisdakik.com\/?p=27821\" \/>\n<meta property=\"article:published_time\" content=\"2024-01-26T14:27:02+00:00\" \/>\n<meta property=\"og:image\" content=\"https:\/\/kibrisdakik.com\/wp-content\/uploads\/2024\/01\/aleyna.png\" \/>\n\t<meta property=\"og:image:width\" content=\"710\" \/>\n\t<meta property=\"og:image:height\" content=\"370\" \/>\n\t<meta property=\"og:image:type\" content=\"image\/png\" \/>\n<meta name=\"author\" content=\"admin\" \/>\n<meta name=\"twitter:card\" content=\"summary_large_image\" \/>\n<meta name=\"twitter:label1\" content=\"Yazan:\" \/>\n\t<meta name=\"twitter:data1\" content=\"admin\" \/>\n\t<meta name=\"twitter:label2\" content=\"Tahmini okuma s\u00fcresi\" \/>\n\t<meta name=\"twitter:data2\" content=\"1 dakika\" \/>\n<script type=\"application\/ld+json\" class=\"yoast-schema-graph\">{\"@context\":\"https:\\\/\\\/schema.org\",\"@graph\":[{\"@type\":\"Article\",\"@id\":\"https:\\\/\\\/kibrisdakik.com\\\/?p=27821#article\",\"isPartOf\":{\"@id\":\"https:\\\/\\\/kibrisdakik.com\\\/?p=27821\"},\"author\":{\"name\":\"admin\",\"@id\":\"https:\\\/\\\/kibrisdakik.com\\\/#\\\/schema\\\/person\\\/9cd9d437bbb44f72b73ba127e06d8e79\"},\"headline\":\"Aleyna Tilki imaj de\u011fi\u015ftirdi!\",\"datePublished\":\"2024-01-26T14:27:02+00:00\",\"mainEntityOfPage\":{\"@id\":\"https:\\\/\\\/kibrisdakik.com\\\/?p=27821\"},\"wordCount\":147,\"commentCount\":0,\"image\":{\"@id\":\"https:\\\/\\\/kibrisdakik.com\\\/?p=27821#primaryimage\"},\"thumbnailUrl\":\"https:\\\/\\\/kibrisdakik.com\\\/wp-content\\\/uploads\\\/2024\\\/01\\\/aleyna.png\",\"articleSection\":[\"Spor\"],\"inLanguage\":\"tr\",\"potentialAction\":[{\"@type\":\"CommentAction\",\"name\":\"Comment\",\"target\":[\"https:\\\/\\\/kibrisdakik.com\\\/?p=27821#respond\"]}]},{\"@type\":\"WebPage\",\"@id\":\"https:\\\/\\\/kibrisdakik.com\\\/?p=27821\",\"url\":\"https:\\\/\\\/kibrisdakik.com\\\/?p=27821\",\"name\":\"Aleyna Tilki imaj de\u011fi\u015ftirdi! -\",\"isPartOf\":{\"@id\":\"https:\\\/\\\/kibrisdakik.com\\\/#website\"},\"primaryImageOfPage\":{\"@id\":\"https:\\\/\\\/kibrisdakik.com\\\/?p=27821#primaryimage\"},\"image\":{\"@id\":\"https:\\\/\\\/kibrisdakik.com\\\/?p=27821#primaryimage\"},\"thumbnailUrl\":\"https:\\\/\\\/kibrisdakik.com\\\/wp-content\\\/uploads\\\/2024\\\/01\\\/aleyna.png\",\"datePublished\":\"2024-01-26T14:27:02+00:00\",\"author\":{\"@id\":\"https:\\\/\\\/kibrisdakik.com\\\/#\\\/schema\\\/person\\\/9cd9d437bbb44f72b73ba127e06d8e79\"},\"breadcrumb\":{\"@id\":\"https:\\\/\\\/kibrisdakik.com\\\/?p=27821#breadcrumb\"},\"inLanguage\":\"tr\",\"potentialAction\":[{\"@type\":\"ReadAction\",\"target\":[\"https:\\\/\\\/kibrisdakik.com\\\/?p=27821\"]}]},{\"@type\":\"ImageObject\",\"inLanguage\":\"tr\",\"@id\":\"https:\\\/\\\/kibrisdakik.com\\\/?p=27821#primaryimage\",\"url\":\"https:\\\/\\\/kibrisdakik.com\\\/wp-content\\\/uploads\\\/2024\\\/01\\\/aleyna.png\",\"contentUrl\":\"https:\\\/\\\/kibrisdakik.com\\\/wp-content\\\/uploads\\\/2024\\\/01\\\/aleyna.png\",\"width\":710,\"height\":370},{\"@type\":\"BreadcrumbList\",\"@id\":\"https:\\\/\\\/kibrisdakik.com\\\/?p=27821#breadcrumb\",\"itemListElement\":[{\"@type\":\"ListItem\",\"position\":1,\"name\":\"Home\",\"item\":\"https:\\\/\\\/kibrisdakik.com\\\/\"},{\"@type\":\"ListItem\",\"position\":2,\"name\":\"Aleyna Tilki imaj de\u011fi\u015ftirdi!\"}]},{\"@type\":\"WebSite\",\"@id\":\"https:\\\/\\\/kibrisdakik.com\\\/#website\",\"url\":\"https:\\\/\\\/kibrisdakik.com\\\/\",\"name\":\"\",\"description\":\"Tam vaktinde haber\",\"potentialAction\":[{\"@type\":\"SearchAction\",\"target\":{\"@type\":\"EntryPoint\",\"urlTemplate\":\"https:\\\/\\\/kibrisdakik.com\\\/?s={search_term_string}\"},\"query-input\":{\"@type\":\"PropertyValueSpecification\",\"valueRequired\":true,\"valueName\":\"search_term_string\"}}],\"inLanguage\":\"tr\"},{\"@type\":\"Person\",\"@id\":\"https:\\\/\\\/kibrisdakik.com\\\/#\\\/schema\\\/person\\\/9cd9d437bbb44f72b73ba127e06d8e79\",\"name\":\"admin\",\"image\":{\"@type\":\"ImageObject\",\"inLanguage\":\"tr\",\"@id\":\"https:\\\/\\\/secure.gravatar.com\\\/avatar\\\/ccc17943b9d660506c869530f897617f7cb1c21a4bf30023f252596d83e1f007?s=96&d=mm&r=g\",\"url\":\"https:\\\/\\\/secure.gravatar.com\\\/avatar\\\/ccc17943b9d660506c869530f897617f7cb1c21a4bf30023f252596d83e1f007?s=96&d=mm&r=g\",\"contentUrl\":\"https:\\\/\\\/secure.gravatar.com\\\/avatar\\\/ccc17943b9d660506c869530f897617f7cb1c21a4bf30023f252596d83e1f007?s=96&d=mm&r=g\",\"caption\":\"admin\"},\"sameAs\":[\"https:\\\/\\\/kibrisdakik.com\"],\"url\":\"https:\\\/\\\/kibrisdakik.com\\\/?author=1\"}]}<\/script>\n<!-- \/ Yoast SEO plugin. -->","yoast_head_json":{"title":"Aleyna Tilki imaj de\u011fi\u015ftirdi! -","robots":{"index":"index","follow":"follow","max-snippet":"max-snippet:-1","max-image-preview":"max-image-preview:large","max-video-preview":"max-video-preview:-1"},"canonical":"https:\/\/kibrisdakik.com\/?p=27821","og_locale":"tr_TR","og_type":"article","og_title":"Aleyna Tilki imaj de\u011fi\u015ftirdi! -","og_description":"Ge\u00e7en g\u00fcnlerde m\u00fczik sekt\u00f6r\u00fcne dair a\u00e7\u0131klamalar\u0131yla g\u00fcndeme gelen Aleyna Tilki imaj\u0131n\u0131 de\u011fi\u015ftirdi. Tilki y\u0131llard\u0131r uzun olan sar\u0131 sa\u00e7lar\u0131n\u0131 k\u0131sac\u0131k kestirdi. &nbsp; Tilki&#8217;nin yeni imaj\u0131 ise takip\u00e7ileri taraf\u0131ndan be\u011fenildi. Aleyna &#8220;Benim konserimde bomba da patlad\u0131. Prod\u00fckt\u00f6r\u00fcm\u00fc 30 santim kasap b\u0131\u00e7a\u011f\u0131yla ortadan ikiye de b\u00f6ld\u00fcler. G\u00f6z\u00fcm\u00fcn \u00f6n\u00fcnde bir adam\u0131n baca\u011f\u0131 koptu. Sahneye b\u0131\u00e7akla biri de atlad\u0131. Beni","og_url":"https:\/\/kibrisdakik.com\/?p=27821","article_published_time":"2024-01-26T14:27:02+00:00","og_image":[{"width":710,"height":370,"url":"https:\/\/kibrisdakik.com\/wp-content\/uploads\/2024\/01\/aleyna.png","type":"image\/png"}],"author":"admin","twitter_card":"summary_large_image","twitter_misc":{"Yazan:":"admin","Tahmini okuma s\u00fcresi":"1 dakika"},"schema":{"@context":"https:\/\/schema.org","@graph":[{"@type":"Article","@id":"https:\/\/kibrisdakik.com\/?p=27821#article","isPartOf":{"@id":"https:\/\/kibrisdakik.com\/?p=27821"},"author":{"name":"admin","@id":"https:\/\/kibrisdakik.com\/#\/schema\/person\/9cd9d437bbb44f72b73ba127e06d8e79"},"headline":"Aleyna Tilki imaj de\u011fi\u015ftirdi!","datePublished":"2024-01-26T14:27:02+00:00","mainEntityOfPage":{"@id":"https:\/\/kibrisdakik.com\/?p=27821"},"wordCount":147,"commentCount":0,"image":{"@id":"https:\/\/kibrisdakik.com\/?p=27821#primaryimage"},"thumbnailUrl":"https:\/\/kibrisdakik.com\/wp-content\/uploads\/2024\/01\/aleyna.png","articleSection":["Spor"],"inLanguage":"tr","potentialAction":[{"@type":"CommentAction","name":"Comment","target":["https:\/\/kibrisdakik.com\/?p=27821#respond"]}]},{"@type":"WebPage","@id":"https:\/\/kibrisdakik.com\/?p=27821","url":"https:\/\/kibrisdakik.com\/?p=27821","name":"Aleyna Tilki imaj de\u011fi\u015ftirdi! -","isPartOf":{"@id":"https:\/\/kibrisdakik.com\/#website"},"primaryImageOfPage":{"@id":"https:\/\/kibrisdakik.com\/?p=27821#primaryimage"},"image":{"@id":"https:\/\/kibrisdakik.com\/?p=27821#primaryimage"},"thumbnailUrl":"https:\/\/kibrisdakik.com\/wp-content\/uploads\/2024\/01\/aleyna.png","datePublished":"2024-01-26T14:27:02+00:00","author":{"@id":"https:\/\/kibrisdakik.com\/#\/schema\/person\/9cd9d437bbb44f72b73ba127e06d8e79"},"breadcrumb":{"@id":"https:\/\/kibrisdakik.com\/?p=27821#breadcrumb"},"inLanguage":"tr","potentialAction":[{"@type":"ReadAction","target":["https:\/\/kibrisdakik.com\/?p=27821"]}]},{"@type":"ImageObject","inLanguage":"tr","@id":"https:\/\/kibrisdakik.com\/?p=27821#primaryimage","url":"https:\/\/kibrisdakik.com\/wp-content\/uploads\/2024\/01\/aleyna.png","contentUrl":"https:\/\/kibrisdakik.com\/wp-content\/uploads\/2024\/01\/aleyna.png","width":710,"height":370},{"@type":"BreadcrumbList","@id":"https:\/\/kibrisdakik.com\/?p=27821#breadcrumb","itemListElement":[{"@type":"ListItem","position":1,"name":"Home","item":"https:\/\/kibrisdakik.com\/"},{"@type":"ListItem","position":2,"name":"Aleyna Tilki imaj de\u011fi\u015ftirdi!"}]},{"@type":"WebSite","@id":"https:\/\/kibrisdakik.com\/#website","url":"https:\/\/kibrisdakik.com\/","name":"","description":"Tam vaktinde haber","potentialAction":[{"@type":"SearchAction","target":{"@type":"EntryPoint","urlTemplate":"https:\/\/kibrisdakik.com\/?s={search_term_string}"},"query-input":{"@type":"PropertyValueSpecification","valueRequired":true,"valueName":"search_term_string"}}],"inLanguage":"tr"},{"@type":"Person","@id":"https:\/\/kibrisdakik.com\/#\/schema\/person\/9cd9d437bbb44f72b73ba127e06d8e79","name":"admin","image":{"@type":"ImageObject","inLanguage":"tr","@id":"https:\/\/secure.gravatar.com\/avatar\/ccc17943b9d660506c869530f897617f7cb1c21a4bf30023f252596d83e1f007?s=96&d=mm&r=g","url":"https:\/\/secure.gravatar.com\/avatar\/ccc17943b9d660506c869530f897617f7cb1c21a4bf30023f252596d83e1f007?s=96&d=mm&r=g","contentUrl":"https:\/\/secure.gravatar.com\/avatar\/ccc17943b9d660506c869530f897617f7cb1c21a4bf30023f252596d83e1f007?s=96&d=mm&r=g","caption":"admin"},"sameAs":["https:\/\/kibrisdakik.com"],"url":"https:\/\/kibrisdakik.com\/?author=1"}]}},"_links":{"self":[{"href":"https:\/\/kibrisdakik.com\/index.php?rest_route=\/wp\/v2\/posts\/27821","targetHints":{"allow":["GET"]}}],"collection":[{"href":"https:\/\/kibrisdakik.com\/index.php?rest_route=\/wp\/v2\/posts"}],"about":[{"href":"https:\/\/kibrisdakik.com\/index.php?rest_route=\/wp\/v2\/types\/post"}],"author":[{"embeddable":true,"href":"https:\/\/kibrisdakik.com\/index.php?rest_route=\/wp\/v2\/users\/1"}],"replies":[{"embeddable":true,"href":"https:\/\/kibrisdakik.com\/index.php?rest_route=%2Fwp%2Fv2%2Fcomments&post=27821"}],"version-history":[{"count":0,"href":"https:\/\/kibrisdakik.com\/index.php?rest_route=\/wp\/v2\/posts\/27821\/revisions"}],"wp:featuredmedia":[{"embeddable":true,"href":"https:\/\/kibrisdakik.com\/index.php?rest_route=\/wp\/v2\/media\/27822"}],"wp:attachment":[{"href":"https:\/\/kibrisdakik.com\/index.php?rest_route=%2Fwp%2Fv2%2Fmedia&parent=27821"}],"wp:term":[{"taxonomy":"category","embeddable":true,"href":"https:\/\/kibrisdakik.com\/index.php?rest_route=%2Fwp%2Fv2%2Fcategories&post=27821"},{"taxonomy":"post_tag","embeddable":true,"href":"https:\/\/kibrisdakik.com\/index.php?rest_route=%2Fwp%2Fv2%2Ftags&post=27821"}],"curies":[{"name":"wp","href":"https:\/\/api.w.org\/{rel}","templated":true}]}}