{"id":27877,"date":"2024-01-26T19:43:59","date_gmt":"2024-01-26T19:43:59","guid":{"rendered":"https:\/\/kibrisdakik.com\/index.php\/2024\/01\/26\/el-sen-kib-tekteki-terfilerin-geri-cekilmesi-icin-hukumete-72-saat-sure-verdi\/"},"modified":"2024-01-26T19:43:59","modified_gmt":"2024-01-26T19:43:59","slug":"el-sen-kib-tekteki-terfilerin-geri-cekilmesi-icin-hukumete-72-saat-sure-verdi","status":"publish","type":"post","link":"https:\/\/kibrisdakik.com\/?p=27877","title":{"rendered":"El-Sen, K\u0131b-Tek\u2019teki terfilerin geri \u00e7ekilmesi i\u00e7in h\u00fck\u00fcmete 72 saat s\u00fcre verdi"},"content":{"rendered":"<p><img decoding=\"async\" src=\"https:\/\/www.kibristurk.com\/images\/haberler\/2024\/01\/el-sen-kib-tekteki-terfilerin-geri-cekilmesi-icin-hukumete-72-saat-sure-verdi-1706267165.webp\" \/><\/p>\n<p style=\"text-align:left\"><span style=\"font-size:16px\"><span style=\"font-family:Merriweather,serif !important\"><span style=\"color:#000000\"><span style=\"background-color:#ffffff\">\u201cToplu \u0130\u015f S\u00f6zle\u015fmesine ayk\u0131r\u0131 uygulaman\u0131n geri \u00e7ekilip, yasal zemine getirilmesi i\u00e7in h\u00fck\u00fcmete 72 saat s\u00fcre veren\u201d El-Sen, aksi durumda yarg\u0131ya ba\u015fvuraca\u011f\u0131n\u0131 a\u00e7\u0131klad\u0131.<\/span><\/span><\/span><\/span><\/p>\n<p style=\"text-align:left\"><span style=\"font-size:16px\"><span style=\"font-family:Merriweather,serif !important\"><span style=\"color:#000000\"><span style=\"background-color:#ffffff\">-B\u0131\u00e7akl\u0131<\/span><\/span><\/span><\/span><\/p>\n<p style=\"text-align:left\"><span style=\"font-size:16px\"><span style=\"font-family:Merriweather,serif !important\"><span style=\"color:#000000\"><span style=\"background-color:#ffffff\">El-Sen\u2019in ba\u011fl\u0131 oldu\u011fu K\u0131br\u0131s T\u00fcrk \u0130\u015f\u00e7i Sendikalar\u0131 Federasyonu (T\u00fcrk-Sen) Ba\u015fkan\u0131 Arslan B\u0131\u00e7akl\u0131 yapt\u0131\u011f\u0131 konu\u015fmada, \u201cBizim \u00fclkemizdeki devlet, hukuk devletidir\u201d diyerek, \u00fclkenin Anayasas\u0131, yasalar\u0131, t\u00fcz\u00fckleri ve toplu i\u015f s\u00f6zle\u015fmeleri oldu\u011funu kaydetti.<\/span><\/span><\/span><\/span><\/p>\n<p style=\"text-align:left\"><span style=\"font-size:16px\"><span style=\"font-family:Merriweather,serif !important\"><span style=\"color:#000000\"><span style=\"background-color:#ffffff\">Toplu i\u015f s\u00f6zle\u015fmelerinde \u00e7al\u0131\u015fma hayat\u0131yla ilgili ne yap\u0131laca\u011f\u0131n\u0131n a\u00e7\u0131k\u00e7a yaz\u0131ld\u0131\u011f\u0131n\u0131 ifade eden B\u0131\u00e7akl\u0131, \u201cSon d\u00f6nemlerde \u00fclkede m\u00fcd\u00fcr, m\u00fcste\u015far ve bakan olan herkesin istedi\u011fini yapmaya \u00e7al\u0131\u015ft\u0131\u011f\u0131n\u0131\u201d savunarak, bunun kabul edilemez oldu\u011funu belirtti.<\/span><\/span><\/span><\/span><\/p>\n<p style=\"text-align:left\"><span style=\"font-size:16px\"><span style=\"font-family:Merriweather,serif !important\"><span style=\"color:#000000\"><span style=\"background-color:#ffffff\"><span style=\"font-size:12pt\"><span style=\"font-family:Merriweather,serif !important\"><span style=\"color:#000000 !important\">K\u0131b-Tek \u00e7al\u0131\u015fanlar\u0131n\u0131n terfilerinin&nbsp;<\/span><\/span><\/span>uzun y\u0131llardan beridir&nbsp;<span style=\"font-size:12pt\"><span style=\"font-family:Merriweather,serif !important\"><span style=\"color:#000000 !important\">yap\u0131lmad\u0131\u011f\u0131n\u0131 dile getiren B\u0131\u00e7akl\u0131, toplu i\u015f s\u00f6zle\u015fmesine g\u00f6re, terfi almay\u0131 hak edenlerin, sendika ve i\u015fverenle birlikte olu\u015fan komisyonda g\u00f6r\u00fc\u015f\u00fcl\u00fcp, bu \u00e7er\u00e7evede onaylanarak, y\u00fcr\u00fcrl\u00fc\u011fe girmesi gerekti\u011fini s\u00f6yledi.<\/span><\/span><\/span><\/span><\/span><\/span><\/span><\/p>\n<p style=\"text-align:left\"><span style=\"font-size:16px\"><span style=\"font-family:Merriweather,serif !important\"><span style=\"color:#000000\"><span style=\"background-color:#ffffff\">Terfi Komisyonu toplant\u0131ya \u00e7a\u011fr\u0131lmadan karar al\u0131nd\u0131\u011f\u0131n\u0131 belirten B\u0131\u00e7akl\u0131, i\u015fveren temsilcilerine, \u201cYapt\u0131\u011f\u0131n\u0131z yanl\u0131\u015ft\u0131r. Bug\u00fcnden tezi yok ald\u0131\u011f\u0131n\u0131z karar\u0131 iptal edin, geri \u00e7ekin. Sendika temsilcileriyle birlikte Toplu \u0130\u015f S\u00f6zle\u015fmesinin ilgili maddesine uygun olarak i\u015flem yap\u0131n\u201d \u00e7a\u011fr\u0131s\u0131nda bulundu.<\/span><\/span><\/span><\/span><\/p>\n<p style=\"text-align:left\"><span style=\"font-size:16px\"><span style=\"font-family:Merriweather,serif !important\"><span style=\"color:#000000\"><span style=\"background-color:#ffffff\">Terfilerin iptal edilmemesi durumunda sendikan\u0131n yasal haklar\u0131n\u0131 kullanaca\u011f\u0131n\u0131 kaydeden B\u0131\u00e7akl\u0131, eylem veya hukuksal boyutta m\u00fccadelenin verilece\u011fini ve i\u015f yerinde \u00e7al\u0131\u015fma bar\u0131\u015f\u0131n\u0131n bozulaca\u011f\u0131n\u0131 ifade etti. B\u0131\u00e7akl\u0131, \u201cHak eden insanlara terfileri verilecek ama \u2018partinin kurultay delegesidir\u2019 diye terfi verilmez\u201d dedi.<\/span><\/span><\/span><\/span><\/p>\n<p style=\"text-align:left\"><span style=\"font-size:16px\"><span style=\"font-family:Merriweather,serif !important\"><span style=\"color:#000000\"><span style=\"background-color:#ffffff\">\u201c\u00dclkede b\u00fcy\u00fck i\u015fveren temsilcilerinin bir\u00e7o\u011funun kendini devletin yerine koymaya ba\u015flad\u0131\u011f\u0131n\u0131\u201d da savunan B\u0131\u00e7akl\u0131, \u201cAKSA M\u00fcd\u00fcr\u00fcn\u00fcn, sendika ba\u015fkan\u0131n\u0131 tehdit etti\u011fini\u201d ileri s\u00fcrd\u00fc. T\u00fcrk-Sen Ba\u015fkan\u0131 B\u0131\u00e7akl\u0131, \u201cNe El-Sen, ne de El-Sen Ba\u015fkan\u0131 bu \u00fclkede yaln\u0131z de\u011fildir. Arkas\u0131nda T\u00fcrk-Sen ve di\u011fer sendikalar vard\u0131r\u201d \u015feklinde konu\u015ftu.<\/span><\/span><\/span><\/span><\/p>\n<p style=\"text-align:left\"><span style=\"font-size:16px\"><span style=\"font-family:Merriweather,serif !important\"><span style=\"color:#000000\"><span style=\"background-color:#ffffff\">-Tu\u011fcu<\/span><\/span><\/span><\/span><\/p>\n<p style=\"text-align:left\"><span style=\"font-size:16px\"><span style=\"font-family:Merriweather,serif !important\"><span style=\"color:#000000\"><span style=\"background-color:#ffffff\">El-Sen Ba\u015fkan\u0131 Ahmet Tu\u011fcu da, \u00fclkenin, hukukun, yasalar\u0131n, toplu i\u015f s\u00f6zle\u015fmelerinin \u00e7i\u011fnendi\u011fi bir yer hale getirildi\u011fini ileri s\u00fcrerek, kurultay ve sermaye kesimlerinin menfaat hesaplar\u0131yla hareket edildi\u011fini iddia etti.<\/span><\/span><\/span><\/span><\/p>\n<p style=\"text-align:left\"><span style=\"font-size:16px\"><span style=\"font-family:Merriweather,serif !important\"><span style=\"color:#000000\"><span style=\"background-color:#ffffff\">\u201cAsla sessiz kalmayaca\u011f\u0131z\u201d diyen Tu\u011fcu, El-Sen ve K\u0131b-Tek \u00e7al\u0131\u015fanlar\u0131n\u0131n, toplum menfaatleri i\u00e7in direnmeye ve m\u00fccadele etmeye devam edece\u011fini s\u00f6yledi.<\/span><\/span><\/span><\/span><\/p>\n<p style=\"text-align:left\"><span style=\"font-size:16px\"><span style=\"font-family:Merriweather,serif !important\"><span style=\"color:#000000\"><span style=\"background-color:#ffffff\">Kalecik III S\u00f6zle\u015fmesi&#8217;nde AKSA\u2019ya sa\u011flanan imtiyazla, kapasite art\u0131r\u0131m\u0131 ad\u0131 alt\u0131nda iki adet 35 megavatl\u0131k makinenin \u00fclkeye getirildi\u011fini anlatan Ahmet Tu\u011fcu, enerji arz g\u00fcvenli\u011fini sa\u011flayacak olan makinelerin 24 ya\u015f\u0131nda oldu\u011funu ve yap\u0131lan testleri ge\u00e7medi\u011fini kaydetti.<\/span><\/span><\/span><\/span><\/p>\n<p style=\"text-align:left\"><span style=\"font-size:16px\"><span style=\"font-family:Merriweather,serif !important\"><span style=\"color:#000000\"><span style=\"background-color:#ffffff\">\u201c2023 y\u0131l\u0131nda G\u00fcney K\u0131br\u0131s\u2019tan 19 Milyon 300 bin Dolar\u2019l\u0131k enerji sat\u0131n al\u0131nd\u0131\u011f\u0131n\u0131\u201d s\u00f6yleyen Tu\u011fcu, bunun sebeplerinin topluma a\u00e7\u0131klanmas\u0131 gerekti\u011fini belirtti.<\/span><\/span><\/span><\/span><\/p>\n<p style=\"text-align:left\"><span style=\"font-size:16px\"><span style=\"font-family:Merriweather,serif !important\"><span style=\"color:#000000\"><span style=\"background-color:#ffffff\">Tu\u011fcu, toplu i\u015f s\u00f6zle\u015fmesi ilkeleri hi\u00e7e say\u0131larak, Terfi Komisyonu ile g\u00f6r\u00fc\u015f\u00fclmeden, mesai saatleri d\u0131\u015f\u0131nda Personel \u015eube Amirli\u011fi\u2019ni g\u00f6reve \u00e7a\u011f\u0131r\u0131p, telefonlar\u0131na el koyularak, terfi a\u00e7\u0131kland\u0131\u011f\u0131n\u0131 iddia etti.<\/span><\/span><\/span><\/span><\/p>\n<p style=\"text-align:left\"><span style=\"font-size:16px\"><span style=\"font-family:Merriweather,serif !important\"><span style=\"color:#000000\"><span style=\"background-color:#ffffff\">El-Sen Ba\u015fkan\u0131 Tu\u011fcu, \u201c\u00fclke sermayesine yat\u0131r\u0131m yapmak&#8221; ad\u0131yla Sanayi Odas\u0131 ve Otelciler Birli\u011fi\u2019ne imtiyaz sa\u011fland\u0131\u011f\u0131n\u0131 ileri s\u00fcrerek, \u201cK\u0131b-Tek toplumun mal\u0131d\u0131r. Toplumun mal\u0131n\u0131 sermayeye pe\u015fke\u015f \u00e7ekemezsiniz\u201d dedi.<\/span><\/span><\/span><\/span><\/p>\n<p style=\"text-align:left\"><span style=\"font-size:16px\"><span style=\"font-family:Merriweather,serif !important\"><span style=\"color:#000000\"><span style=\"background-color:#ffffff\">Tu\u011fcu ayr\u0131ca, hakk\u0131ndaki yarg\u0131 s\u00fcreci devam eden K\u0131b-Tek Genel M\u00fcd\u00fcr\u00fcn\u00fcn s\u00fcre\u00e7 tamamlanana kadar Genel M\u00fcd\u00fcr\u00fcn g\u00f6revinden al\u0131nmas\u0131n\u0131 talep etti.<\/span><\/span><\/span><\/span><\/p>\n<p style=\"text-align:left\"><span style=\"font-size:16px\"><span style=\"font-family:Merriweather,serif !important\"><span style=\"color:#000000\"><span style=\"background-color:#ffffff\">-Peksever<\/span><\/span><\/span><\/span><\/p>\n<p style=\"text-align:left\"><span style=\"font-size:16px\"><span style=\"font-family:Merriweather,serif !important\"><span style=\"color:#000000\"><span style=\"background-color:#ffffff\">Haz\u0131rlanan bas\u0131n a\u00e7\u0131klamas\u0131n\u0131 okuyan&nbsp;El-Sen Genel Sekreteri H\u00fcseyin Peksever,<span style=\"font-size:12pt\"><span style=\"font-family:Merriweather,serif !important\"><span style=\"color:#000000 !important\">&nbsp;yasalar ve t\u00fcz\u00fcklerle, hukuk kurallar\u0131na uygun y\u00f6netilmeyen K\u0131b-Tek&#8217;in zarar etmeye ve verimsizli\u011fe; toplumun da enerji krizine mahk\u00fbm edildi\u011fini savundu.<\/span><\/span><\/span><\/span><\/span><\/span><\/span><\/p>\n<p style=\"text-align:left\"><span style=\"font-size:16px\"><span style=\"font-family:Merriweather,serif !important\"><span style=\"color:#000000\"><span style=\"background-color:#ffffff\"><span style=\"font-size:12pt\"><span style=\"font-family:Merriweather,serif !important\"><span style=\"color:#000000 !important\">Peksever, K\u0131b-Tek\u2019in ger\u00e7ek sahiplerinin de bunun a\u011f\u0131r faturas\u0131n\u0131 her ay taksit taksit \u00f6dedi\u011fini ileri s\u00fcrd\u00fc.<\/span><\/span><\/span><\/span><\/span><\/span><\/span><\/p>\n<p style=\"text-align:left\"><span style=\"font-size:16px\"><span style=\"font-family:Merriweather,serif !important\"><span style=\"color:#000000\"><span style=\"background-color:#ffffff\"><span style=\"font-size:12pt\"><span style=\"font-family:Merriweather,serif !important\"><span style=\"color:#000000 !important\">\u201cKalecik III S\u00f6zle\u015fmesi&#8217;yle, ekonomik \u00f6mr\u00fc dolmu\u015f, eski ve d\u00fc\u015f\u00fck kapasiteli jenerat\u00f6rlerin sisteme dahil edilmeye \u00e7al\u0131\u015f\u0131ld\u0131\u011f\u0131n\u0131 savunan Peksever, Teknecik Santrali&#8217;ne yat\u0131r\u0131mlar\u0131n yap\u0131lmamas\u0131n\u0131n da, kurgulanan enerji krizine hizmet eden bir dayatma oldu\u011funu iddia etti.<\/span><\/span><\/span><\/span><\/span><\/span><\/span><\/p>\n<p style=\"text-align:left\"><span style=\"font-size:16px\"><span style=\"font-family:Merriweather,serif !important\"><span style=\"color:#000000\"><span style=\"background-color:#ffffff\">H\u00fck\u00fcmetin kendi yapt\u0131\u011f\u0131 ve onaylad\u0131\u011f\u0131 Devlet \u0130hale T\u00fcz\u00fc\u011f\u00fc\u2019n\u00fc rafa kald\u0131rd\u0131\u011f\u0131n\u0131, Merkezi \u0130hale Komisyonu\u2019nu yok sayarak, ihalesiz akaryak\u0131t al\u0131m\u0131yla K\u0131bTek\u2019i 20 Milyon Dolar zarara u\u011fratt\u0131\u011f\u0131n\u0131 savunan Peksever, bunun mahkeme karar\u0131yla kay\u0131tlara ge\u00e7ti\u011fini ileri s\u00fcrd\u00fc.<\/span><\/span><\/span><\/span><\/p>\n<p style=\"text-align:left\"><span style=\"font-size:16px\"><span style=\"font-family:Merriweather,serif !important\"><span style=\"color:#000000\"><span style=\"background-color:#ffffff\">\u201cTerfi mekanizmas\u0131n\u0131n K\u0131b-Tek Y\u00f6netim Kurulu eliyle devre d\u0131\u015f\u0131 b\u0131rak\u0131ld\u0131\u011f\u0131n\u0131\u201d ifade eden Peksever, \u201cToplu \u0130\u015f S\u00f6zle\u015fmesi\u2019ne ayk\u0131r\u0131 son uygulamalar\u0131n\u0131, T izinlerini iptal ettikleri \u015fekilde geri \u00e7ekip, yasal zemine gelmeleri i\u00e7in h\u00fck\u00fcmete 72 saat s\u00fcre verdiklerini\u201d s\u00f6yledi.<\/span><\/span><\/span><\/span><\/p>\n<p style=\"text-align:left\"><span style=\"font-size:16px\"><span style=\"font-family:Merriweather,serif !important\"><span style=\"color:#000000\"><span style=\"background-color:#ffffff\">Peksever, bu s\u00fcrenin sonunda konunun, mahkeme huzurunda yeni bir dava konusu olaca\u011f\u0131na i\u015faret etti.<\/span><\/span><\/span><\/span><\/p>\n<p style=\"text-align:left\"><span style=\"font-size:16px\"><span style=\"font-family:Merriweather,serif !important\"><span style=\"color:#000000\"><span style=\"background-color:#ffffff\"><span style=\"font-size:12pt\"><span style=\"font-family:Merriweather,serif !important\"><span style=\"color:#000000 !important\">-Yark\u0131ner<\/span><\/span><\/span><\/span><\/span><\/span><\/span><\/p>\n<p style=\"text-align:left\"><span style=\"font-size:16px\"><span style=\"font-family:Merriweather,serif !important\"><span style=\"color:#000000\"><span style=\"background-color:#ffffff\">Makine M\u00fchendisleri Odas\u0131 Ba\u015fkan\u0131 Ayer Yark\u0131ner de, El-Sen\u2019in bas\u0131n a\u00e7\u0131klamas\u0131na kat\u0131larak, sendikaya destek belirtti. El-Sen\u2019in eyleminin, toplumun hak ve menfaatlerinin korunmas\u0131yla ilgili oldu\u011funu kaydeden Yark\u0131ner, makine m\u00fchendisi disiplini a\u00e7\u0131s\u0131ndan s\u00fcreci de\u011ferlendirdi.<\/span><\/span><\/span><\/span><\/p>\n<p style=\"text-align:left\"><span style=\"font-size:16px\"><span style=\"font-family:Merriweather,serif !important\"><span style=\"color:#000000\"><span style=\"background-color:#ffffff\">Kalecik III S\u00f6zle\u015fmesi&#8217;nin 1 A\u011fustos 2023\u2019te imzalanmas\u0131na ra\u011fmen hala kapasitenin art\u0131r\u0131lmad\u0131\u011f\u0131n\u0131 ancak AKSA&#8217;ya kira bedeli olarak 1 Milyon Dolar \u00f6dendi\u011fini s\u00f6yledi. Yark\u0131ner, \u201cEl-Sen\u2019in tespit etti\u011fi ve kabul muayenesinde uygun bulmad\u0131\u011f\u0131 24 ya\u015f\u0131ndaki makinelerden dolay\u0131 artacak kira bedeli 35 Milyon Dolar\u2019d\u0131r. Bu makinelerin de\u011feri ne?\u201d diye sordu.<\/span><\/span><\/span><\/span><\/p>\n<p style=\"text-align:left\"><span style=\"font-size:16px\"><span style=\"font-family:Merriweather,serif !important\"><span style=\"color:#000000\"><span style=\"background-color:#ffffff\">\u201cKalecik III S\u00f6zle\u015fmesi&#8217;nin zaman\u0131ndan \u00f6nce, ihtiya\u00e7 olmamas\u0131na ra\u011fmen \u015feffaf olmayan usullerle neden imzaland\u0131\u011f\u0131n\u0131n toplum taraf\u0131ndan de\u011ferlendirilmesi gerekti\u011fini\u201d belirten Yark\u0131ner, \u201cEnerjinin gittik\u00e7e Aksa\u2019n\u0131n ve birka\u00e7 sermaye kurulu\u015funun tekeline gitti\u011fini\u201d kaydetti.<\/span><\/span><\/span><\/span><\/p>\n<p style=\"text-align:left\"><span style=\"font-size:16px\"><span style=\"font-family:Merriweather,serif !important\"><span style=\"color:#000000\"><span style=\"background-color:#ffffff\">Kalecik III S\u00f6zle\u015fmesi&#8217;yle kiralanan kapasitenin sadece y\u00fczde 50\u2019sinin kullan\u0131ld\u0131\u011f\u0131n\u0131 dile getiren Yark\u0131ner, \u201cBedelini \u00f6dedi\u011fimiz kapasiteyi kullanmak i\u00e7in ilave para \u00f6d\u00fcyoruz\u201d diyerek, d\u00fcnyan\u0131n hi\u00e7bir yerinde b\u00f6yle bir k\u00e2r olmad\u0131\u011f\u0131n\u0131 s\u00f6yledi.<\/span><\/span><\/span><\/span><\/p>\n<p style=\"text-align:left\"><span style=\"font-size:16px\"><span style=\"font-family:Merriweather,serif !important\"><span style=\"color:#000000\"><span style=\"background-color:#ffffff\">Yark\u0131ner, topluma, &#8220;birlik olup, m\u00fccadele etme&#8221; \u00e7a\u011fr\u0131s\u0131 yapt\u0131.<\/span><\/span><\/span><\/span><\/p>\n","protected":false},"excerpt":{"rendered":"<p>\u201cToplu \u0130\u015f S\u00f6zle\u015fmesine ayk\u0131r\u0131 uygulaman\u0131n geri \u00e7ekilip, yasal zemine getirilmesi i\u00e7in h\u00fck\u00fcmete 72 saat s\u00fcre veren\u201d El-Sen, aksi durumda yarg\u0131ya ba\u015fvuraca\u011f\u0131n\u0131 a\u00e7\u0131klad\u0131. -B\u0131\u00e7akl\u0131 El-Sen\u2019in ba\u011fl\u0131 oldu\u011fu K\u0131br\u0131s T\u00fcrk \u0130\u015f\u00e7i Sendikalar\u0131 Federasyonu (T\u00fcrk-Sen) Ba\u015fkan\u0131 Arslan B\u0131\u00e7akl\u0131 yapt\u0131\u011f\u0131 konu\u015fmada, \u201cBizim \u00fclkemizdeki devlet, hukuk devletidir\u201d diyerek, \u00fclkenin Anayasas\u0131, yasalar\u0131, t\u00fcz\u00fckleri ve toplu i\u015f s\u00f6zle\u015fmeleri oldu\u011funu kaydetti. Toplu i\u015f<\/p>\n","protected":false},"author":1,"featured_media":27878,"comment_status":"open","ping_status":"open","sticky":false,"template":"","format":"standard","meta":{"footnotes":""},"categories":[1],"tags":[],"class_list":["post-27877","post","type-post","status-publish","format-standard","has-post-thumbnail","hentry","category-gundem"],"yoast_head":"<!-- This site is optimized with the Yoast SEO plugin v27.5 - https:\/\/yoast.com\/product\/yoast-seo-wordpress\/ -->\n<title>El-Sen, K\u0131b-Tek\u2019teki terfilerin geri \u00e7ekilmesi i\u00e7in h\u00fck\u00fcmete 72 saat s\u00fcre verdi -<\/title>\n<meta name=\"robots\" content=\"index, follow, max-snippet:-1, max-image-preview:large, max-video-preview:-1\" \/>\n<link rel=\"canonical\" href=\"https:\/\/kibrisdakik.com\/?p=27877\" \/>\n<meta property=\"og:locale\" content=\"tr_TR\" \/>\n<meta property=\"og:type\" content=\"article\" \/>\n<meta property=\"og:title\" content=\"El-Sen, K\u0131b-Tek\u2019teki terfilerin geri \u00e7ekilmesi i\u00e7in h\u00fck\u00fcmete 72 saat s\u00fcre verdi -\" \/>\n<meta property=\"og:description\" content=\"\u201cToplu \u0130\u015f S\u00f6zle\u015fmesine ayk\u0131r\u0131 uygulaman\u0131n geri \u00e7ekilip, yasal zemine getirilmesi i\u00e7in h\u00fck\u00fcmete 72 saat s\u00fcre veren\u201d El-Sen, aksi durumda yarg\u0131ya ba\u015fvuraca\u011f\u0131n\u0131 a\u00e7\u0131klad\u0131. -B\u0131\u00e7akl\u0131 El-Sen\u2019in ba\u011fl\u0131 oldu\u011fu K\u0131br\u0131s T\u00fcrk \u0130\u015f\u00e7i Sendikalar\u0131 Federasyonu (T\u00fcrk-Sen) Ba\u015fkan\u0131 Arslan B\u0131\u00e7akl\u0131 yapt\u0131\u011f\u0131 konu\u015fmada, \u201cBizim \u00fclkemizdeki devlet, hukuk devletidir\u201d diyerek, \u00fclkenin Anayasas\u0131, yasalar\u0131, t\u00fcz\u00fckleri ve toplu i\u015f s\u00f6zle\u015fmeleri oldu\u011funu kaydetti. Toplu i\u015f\" \/>\n<meta property=\"og:url\" content=\"https:\/\/kibrisdakik.com\/?p=27877\" \/>\n<meta property=\"article:published_time\" content=\"2024-01-26T19:43:59+00:00\" \/>\n<meta property=\"og:image\" content=\"https:\/\/kibrisdakik.com\/wp-content\/uploads\/2024\/01\/el-sen-kib-tekteki-terfilerin-geri-cekilmesi-icin-hukumete-72-saat-sure-verdi-1706267165.webp.webp\" \/>\n\t<meta property=\"og:image:width\" content=\"710\" \/>\n\t<meta property=\"og:image:height\" content=\"370\" \/>\n\t<meta property=\"og:image:type\" content=\"image\/webp\" \/>\n<meta name=\"author\" content=\"admin\" \/>\n<meta name=\"twitter:card\" content=\"summary_large_image\" \/>\n<meta name=\"twitter:label1\" content=\"Yazan:\" \/>\n\t<meta name=\"twitter:data1\" content=\"admin\" \/>\n\t<meta name=\"twitter:label2\" content=\"Tahmini okuma s\u00fcresi\" \/>\n\t<meta name=\"twitter:data2\" content=\"5 dakika\" \/>\n<script type=\"application\/ld+json\" class=\"yoast-schema-graph\">{\"@context\":\"https:\\\/\\\/schema.org\",\"@graph\":[{\"@type\":\"Article\",\"@id\":\"https:\\\/\\\/kibrisdakik.com\\\/?p=27877#article\",\"isPartOf\":{\"@id\":\"https:\\\/\\\/kibrisdakik.com\\\/?p=27877\"},\"author\":{\"name\":\"admin\",\"@id\":\"https:\\\/\\\/kibrisdakik.com\\\/#\\\/schema\\\/person\\\/9cd9d437bbb44f72b73ba127e06d8e79\"},\"headline\":\"El-Sen, K\u0131b-Tek\u2019teki terfilerin geri \u00e7ekilmesi i\u00e7in h\u00fck\u00fcmete 72 saat s\u00fcre verdi\",\"datePublished\":\"2024-01-26T19:43:59+00:00\",\"mainEntityOfPage\":{\"@id\":\"https:\\\/\\\/kibrisdakik.com\\\/?p=27877\"},\"wordCount\":1086,\"commentCount\":0,\"image\":{\"@id\":\"https:\\\/\\\/kibrisdakik.com\\\/?p=27877#primaryimage\"},\"thumbnailUrl\":\"https:\\\/\\\/kibrisdakik.com\\\/wp-content\\\/uploads\\\/2024\\\/01\\\/el-sen-kib-tekteki-terfilerin-geri-cekilmesi-icin-hukumete-72-saat-sure-verdi-1706267165.webp.webp\",\"articleSection\":[\"G\u00fcndem\"],\"inLanguage\":\"tr\",\"potentialAction\":[{\"@type\":\"CommentAction\",\"name\":\"Comment\",\"target\":[\"https:\\\/\\\/kibrisdakik.com\\\/?p=27877#respond\"]}]},{\"@type\":\"WebPage\",\"@id\":\"https:\\\/\\\/kibrisdakik.com\\\/?p=27877\",\"url\":\"https:\\\/\\\/kibrisdakik.com\\\/?p=27877\",\"name\":\"El-Sen, K\u0131b-Tek\u2019teki terfilerin geri \u00e7ekilmesi i\u00e7in h\u00fck\u00fcmete 72 saat s\u00fcre verdi -\",\"isPartOf\":{\"@id\":\"https:\\\/\\\/kibrisdakik.com\\\/#website\"},\"primaryImageOfPage\":{\"@id\":\"https:\\\/\\\/kibrisdakik.com\\\/?p=27877#primaryimage\"},\"image\":{\"@id\":\"https:\\\/\\\/kibrisdakik.com\\\/?p=27877#primaryimage\"},\"thumbnailUrl\":\"https:\\\/\\\/kibrisdakik.com\\\/wp-content\\\/uploads\\\/2024\\\/01\\\/el-sen-kib-tekteki-terfilerin-geri-cekilmesi-icin-hukumete-72-saat-sure-verdi-1706267165.webp.webp\",\"datePublished\":\"2024-01-26T19:43:59+00:00\",\"author\":{\"@id\":\"https:\\\/\\\/kibrisdakik.com\\\/#\\\/schema\\\/person\\\/9cd9d437bbb44f72b73ba127e06d8e79\"},\"breadcrumb\":{\"@id\":\"https:\\\/\\\/kibrisdakik.com\\\/?p=27877#breadcrumb\"},\"inLanguage\":\"tr\",\"potentialAction\":[{\"@type\":\"ReadAction\",\"target\":[\"https:\\\/\\\/kibrisdakik.com\\\/?p=27877\"]}]},{\"@type\":\"ImageObject\",\"inLanguage\":\"tr\",\"@id\":\"https:\\\/\\\/kibrisdakik.com\\\/?p=27877#primaryimage\",\"url\":\"https:\\\/\\\/kibrisdakik.com\\\/wp-content\\\/uploads\\\/2024\\\/01\\\/el-sen-kib-tekteki-terfilerin-geri-cekilmesi-icin-hukumete-72-saat-sure-verdi-1706267165.webp.webp\",\"contentUrl\":\"https:\\\/\\\/kibrisdakik.com\\\/wp-content\\\/uploads\\\/2024\\\/01\\\/el-sen-kib-tekteki-terfilerin-geri-cekilmesi-icin-hukumete-72-saat-sure-verdi-1706267165.webp.webp\",\"width\":710,\"height\":370},{\"@type\":\"BreadcrumbList\",\"@id\":\"https:\\\/\\\/kibrisdakik.com\\\/?p=27877#breadcrumb\",\"itemListElement\":[{\"@type\":\"ListItem\",\"position\":1,\"name\":\"Home\",\"item\":\"https:\\\/\\\/kibrisdakik.com\\\/\"},{\"@type\":\"ListItem\",\"position\":2,\"name\":\"El-Sen, K\u0131b-Tek\u2019teki terfilerin geri \u00e7ekilmesi i\u00e7in h\u00fck\u00fcmete 72 saat s\u00fcre verdi\"}]},{\"@type\":\"WebSite\",\"@id\":\"https:\\\/\\\/kibrisdakik.com\\\/#website\",\"url\":\"https:\\\/\\\/kibrisdakik.com\\\/\",\"name\":\"\",\"description\":\"Tam vaktinde haber\",\"potentialAction\":[{\"@type\":\"SearchAction\",\"target\":{\"@type\":\"EntryPoint\",\"urlTemplate\":\"https:\\\/\\\/kibrisdakik.com\\\/?s={search_term_string}\"},\"query-input\":{\"@type\":\"PropertyValueSpecification\",\"valueRequired\":true,\"valueName\":\"search_term_string\"}}],\"inLanguage\":\"tr\"},{\"@type\":\"Person\",\"@id\":\"https:\\\/\\\/kibrisdakik.com\\\/#\\\/schema\\\/person\\\/9cd9d437bbb44f72b73ba127e06d8e79\",\"name\":\"admin\",\"image\":{\"@type\":\"ImageObject\",\"inLanguage\":\"tr\",\"@id\":\"https:\\\/\\\/secure.gravatar.com\\\/avatar\\\/ccc17943b9d660506c869530f897617f7cb1c21a4bf30023f252596d83e1f007?s=96&d=mm&r=g\",\"url\":\"https:\\\/\\\/secure.gravatar.com\\\/avatar\\\/ccc17943b9d660506c869530f897617f7cb1c21a4bf30023f252596d83e1f007?s=96&d=mm&r=g\",\"contentUrl\":\"https:\\\/\\\/secure.gravatar.com\\\/avatar\\\/ccc17943b9d660506c869530f897617f7cb1c21a4bf30023f252596d83e1f007?s=96&d=mm&r=g\",\"caption\":\"admin\"},\"sameAs\":[\"https:\\\/\\\/kibrisdakik.com\"],\"url\":\"https:\\\/\\\/kibrisdakik.com\\\/?author=1\"}]}<\/script>\n<!-- \/ Yoast SEO plugin. -->","yoast_head_json":{"title":"El-Sen, K\u0131b-Tek\u2019teki terfilerin geri \u00e7ekilmesi i\u00e7in h\u00fck\u00fcmete 72 saat s\u00fcre verdi -","robots":{"index":"index","follow":"follow","max-snippet":"max-snippet:-1","max-image-preview":"max-image-preview:large","max-video-preview":"max-video-preview:-1"},"canonical":"https:\/\/kibrisdakik.com\/?p=27877","og_locale":"tr_TR","og_type":"article","og_title":"El-Sen, K\u0131b-Tek\u2019teki terfilerin geri \u00e7ekilmesi i\u00e7in h\u00fck\u00fcmete 72 saat s\u00fcre verdi -","og_description":"\u201cToplu \u0130\u015f S\u00f6zle\u015fmesine ayk\u0131r\u0131 uygulaman\u0131n geri \u00e7ekilip, yasal zemine getirilmesi i\u00e7in h\u00fck\u00fcmete 72 saat s\u00fcre veren\u201d El-Sen, aksi durumda yarg\u0131ya ba\u015fvuraca\u011f\u0131n\u0131 a\u00e7\u0131klad\u0131. -B\u0131\u00e7akl\u0131 El-Sen\u2019in ba\u011fl\u0131 oldu\u011fu K\u0131br\u0131s T\u00fcrk \u0130\u015f\u00e7i Sendikalar\u0131 Federasyonu (T\u00fcrk-Sen) Ba\u015fkan\u0131 Arslan B\u0131\u00e7akl\u0131 yapt\u0131\u011f\u0131 konu\u015fmada, \u201cBizim \u00fclkemizdeki devlet, hukuk devletidir\u201d diyerek, \u00fclkenin Anayasas\u0131, yasalar\u0131, t\u00fcz\u00fckleri ve toplu i\u015f s\u00f6zle\u015fmeleri oldu\u011funu kaydetti. Toplu i\u015f","og_url":"https:\/\/kibrisdakik.com\/?p=27877","article_published_time":"2024-01-26T19:43:59+00:00","og_image":[{"width":710,"height":370,"url":"https:\/\/kibrisdakik.com\/wp-content\/uploads\/2024\/01\/el-sen-kib-tekteki-terfilerin-geri-cekilmesi-icin-hukumete-72-saat-sure-verdi-1706267165.webp.webp","type":"image\/webp"}],"author":"admin","twitter_card":"summary_large_image","twitter_misc":{"Yazan:":"admin","Tahmini okuma s\u00fcresi":"5 dakika"},"schema":{"@context":"https:\/\/schema.org","@graph":[{"@type":"Article","@id":"https:\/\/kibrisdakik.com\/?p=27877#article","isPartOf":{"@id":"https:\/\/kibrisdakik.com\/?p=27877"},"author":{"name":"admin","@id":"https:\/\/kibrisdakik.com\/#\/schema\/person\/9cd9d437bbb44f72b73ba127e06d8e79"},"headline":"El-Sen, K\u0131b-Tek\u2019teki terfilerin geri \u00e7ekilmesi i\u00e7in h\u00fck\u00fcmete 72 saat s\u00fcre verdi","datePublished":"2024-01-26T19:43:59+00:00","mainEntityOfPage":{"@id":"https:\/\/kibrisdakik.com\/?p=27877"},"wordCount":1086,"commentCount":0,"image":{"@id":"https:\/\/kibrisdakik.com\/?p=27877#primaryimage"},"thumbnailUrl":"https:\/\/kibrisdakik.com\/wp-content\/uploads\/2024\/01\/el-sen-kib-tekteki-terfilerin-geri-cekilmesi-icin-hukumete-72-saat-sure-verdi-1706267165.webp.webp","articleSection":["G\u00fcndem"],"inLanguage":"tr","potentialAction":[{"@type":"CommentAction","name":"Comment","target":["https:\/\/kibrisdakik.com\/?p=27877#respond"]}]},{"@type":"WebPage","@id":"https:\/\/kibrisdakik.com\/?p=27877","url":"https:\/\/kibrisdakik.com\/?p=27877","name":"El-Sen, K\u0131b-Tek\u2019teki terfilerin geri \u00e7ekilmesi i\u00e7in h\u00fck\u00fcmete 72 saat s\u00fcre verdi -","isPartOf":{"@id":"https:\/\/kibrisdakik.com\/#website"},"primaryImageOfPage":{"@id":"https:\/\/kibrisdakik.com\/?p=27877#primaryimage"},"image":{"@id":"https:\/\/kibrisdakik.com\/?p=27877#primaryimage"},"thumbnailUrl":"https:\/\/kibrisdakik.com\/wp-content\/uploads\/2024\/01\/el-sen-kib-tekteki-terfilerin-geri-cekilmesi-icin-hukumete-72-saat-sure-verdi-1706267165.webp.webp","datePublished":"2024-01-26T19:43:59+00:00","author":{"@id":"https:\/\/kibrisdakik.com\/#\/schema\/person\/9cd9d437bbb44f72b73ba127e06d8e79"},"breadcrumb":{"@id":"https:\/\/kibrisdakik.com\/?p=27877#breadcrumb"},"inLanguage":"tr","potentialAction":[{"@type":"ReadAction","target":["https:\/\/kibrisdakik.com\/?p=27877"]}]},{"@type":"ImageObject","inLanguage":"tr","@id":"https:\/\/kibrisdakik.com\/?p=27877#primaryimage","url":"https:\/\/kibrisdakik.com\/wp-content\/uploads\/2024\/01\/el-sen-kib-tekteki-terfilerin-geri-cekilmesi-icin-hukumete-72-saat-sure-verdi-1706267165.webp.webp","contentUrl":"https:\/\/kibrisdakik.com\/wp-content\/uploads\/2024\/01\/el-sen-kib-tekteki-terfilerin-geri-cekilmesi-icin-hukumete-72-saat-sure-verdi-1706267165.webp.webp","width":710,"height":370},{"@type":"BreadcrumbList","@id":"https:\/\/kibrisdakik.com\/?p=27877#breadcrumb","itemListElement":[{"@type":"ListItem","position":1,"name":"Home","item":"https:\/\/kibrisdakik.com\/"},{"@type":"ListItem","position":2,"name":"El-Sen, K\u0131b-Tek\u2019teki terfilerin geri \u00e7ekilmesi i\u00e7in h\u00fck\u00fcmete 72 saat s\u00fcre verdi"}]},{"@type":"WebSite","@id":"https:\/\/kibrisdakik.com\/#website","url":"https:\/\/kibrisdakik.com\/","name":"","description":"Tam vaktinde haber","potentialAction":[{"@type":"SearchAction","target":{"@type":"EntryPoint","urlTemplate":"https:\/\/kibrisdakik.com\/?s={search_term_string}"},"query-input":{"@type":"PropertyValueSpecification","valueRequired":true,"valueName":"search_term_string"}}],"inLanguage":"tr"},{"@type":"Person","@id":"https:\/\/kibrisdakik.com\/#\/schema\/person\/9cd9d437bbb44f72b73ba127e06d8e79","name":"admin","image":{"@type":"ImageObject","inLanguage":"tr","@id":"https:\/\/secure.gravatar.com\/avatar\/ccc17943b9d660506c869530f897617f7cb1c21a4bf30023f252596d83e1f007?s=96&d=mm&r=g","url":"https:\/\/secure.gravatar.com\/avatar\/ccc17943b9d660506c869530f897617f7cb1c21a4bf30023f252596d83e1f007?s=96&d=mm&r=g","contentUrl":"https:\/\/secure.gravatar.com\/avatar\/ccc17943b9d660506c869530f897617f7cb1c21a4bf30023f252596d83e1f007?s=96&d=mm&r=g","caption":"admin"},"sameAs":["https:\/\/kibrisdakik.com"],"url":"https:\/\/kibrisdakik.com\/?author=1"}]}},"_links":{"self":[{"href":"https:\/\/kibrisdakik.com\/index.php?rest_route=\/wp\/v2\/posts\/27877","targetHints":{"allow":["GET"]}}],"collection":[{"href":"https:\/\/kibrisdakik.com\/index.php?rest_route=\/wp\/v2\/posts"}],"about":[{"href":"https:\/\/kibrisdakik.com\/index.php?rest_route=\/wp\/v2\/types\/post"}],"author":[{"embeddable":true,"href":"https:\/\/kibrisdakik.com\/index.php?rest_route=\/wp\/v2\/users\/1"}],"replies":[{"embeddable":true,"href":"https:\/\/kibrisdakik.com\/index.php?rest_route=%2Fwp%2Fv2%2Fcomments&post=27877"}],"version-history":[{"count":0,"href":"https:\/\/kibrisdakik.com\/index.php?rest_route=\/wp\/v2\/posts\/27877\/revisions"}],"wp:featuredmedia":[{"embeddable":true,"href":"https:\/\/kibrisdakik.com\/index.php?rest_route=\/wp\/v2\/media\/27878"}],"wp:attachment":[{"href":"https:\/\/kibrisdakik.com\/index.php?rest_route=%2Fwp%2Fv2%2Fmedia&parent=27877"}],"wp:term":[{"taxonomy":"category","embeddable":true,"href":"https:\/\/kibrisdakik.com\/index.php?rest_route=%2Fwp%2Fv2%2Fcategories&post=27877"},{"taxonomy":"post_tag","embeddable":true,"href":"https:\/\/kibrisdakik.com\/index.php?rest_route=%2Fwp%2Fv2%2Ftags&post=27877"}],"curies":[{"name":"wp","href":"https:\/\/api.w.org\/{rel}","templated":true}]}}