{"id":27923,"date":"2024-01-27T10:02:35","date_gmt":"2024-01-27T10:02:35","guid":{"rendered":"https:\/\/kibrisdakik.com\/index.php\/2024\/01\/27\/direnisin-66-yili-anma-toreni-duzenlendi\/"},"modified":"2024-01-27T10:02:35","modified_gmt":"2024-01-27T10:02:35","slug":"direnisin-66-yili-anma-toreni-duzenlendi","status":"publish","type":"post","link":"https:\/\/kibrisdakik.com\/?p=27923","title":{"rendered":"Direni\u015fin 66. Y\u0131l\u0131 Anma T\u00f6reni d\u00fczenlendi"},"content":{"rendered":"<p><img decoding=\"async\" src=\"https:\/\/www.kibristurk.com\/images\/haberler\/2024\/01\/direnisin-66-yili-anma-toreni-duzenlendi-1706345670.webp\" \/><\/p>\n<p style=\"text-align:left\"><span style=\"font-size:16px\"><span style=\"font-family:Merriweather,serif !important\"><span style=\"color:#000000\"><span style=\"background-color:#ffffff\">Lefko\u015fa\u2019da, &#8220;27-28 Ocak 1958 \u0130ngiliz S\u00f6m\u00fcrge \u0130daresine Kar\u015f\u0131 Direni\u015fin 66. Y\u0131l\u0131 Anma T\u00f6reni&#8221; d\u00fczenlendi.<\/span><\/span><\/span><\/span><\/p>\n<p style=\"text-align:left\"><span style=\"font-size:16px\"><span style=\"font-family:Merriweather,serif !important\"><span style=\"color:#000000\"><span style=\"background-color:#ffffff\"><span style=\"font-size:16px !important\"><span style=\"font-family:Merriweather,serif !important\"><span style=\"color:#000000 !important\">Lefko\u015fa \u015eehitler Abidesi \u00f6n\u00fcnde yer alan anma t\u00f6reninde, an\u0131ta \u00e7elenkler sunuldu, sayg\u0131 duru\u015fu sayg\u0131 at\u0131\u015f\u0131 yap\u0131ld\u0131, \u0130stiklal Mar\u015f\u0131 e\u015fli\u011finde bayraklar g\u00f6ndere \u00e7ekildi.<\/span><\/span><\/span><\/span><\/span><\/span><\/span><\/p>\n<p style=\"text-align:left\"><span style=\"font-size:16px\"><span style=\"font-family:Merriweather,serif !important\"><span style=\"color:#000000\"><span style=\"background-color:#ffffff\"><span style=\"font-size:16px !important\"><span style=\"font-family:Merriweather,serif !important\"><span style=\"color:#000000 !important\">T\u00f6rene, Lefko\u015fa Kaymakam\u0131 Bora Akku\u015f, K\u0131br\u0131s T\u00fcrk Bar\u0131\u015f Kuvvetleri Komutanl\u0131\u011f\u0131, G\u00fcvenlik Kuvvetleri Komutanl\u0131\u011f\u0131, Lefko\u015fa T\u00fcrk Belediyesi temsilcileri ile siyasi parti, dernek, kurum kurulu\u015f ile muharip dernekler ve di\u011fer yetkililer kat\u0131ld\u0131.<\/span><\/span><\/span><\/span><\/span><\/span><\/span><\/p>\n<p style=\"text-align:left\"><span style=\"font-size:16px\"><span style=\"font-family:Merriweather,serif !important\"><span style=\"color:#000000\"><span style=\"background-color:#ffffff\"><span style=\"font-size:16px !important\"><span style=\"font-family:Merriweather,serif !important\"><span style=\"color:#000000 !important\">\u015eehit Aileleri ve Malul Gaziler Derne\u011fi Genel Ba\u015fkan\u0131 G\u00fcrsel Benan, g\u00fcn\u00fcn anlam ve \u00f6nemini belirten konu\u015fmas\u0131n\u0131 yapt\u0131. Benan, bug\u00fcn\u00fcn; K\u0131br\u0131s T\u00fcrk halk\u0131n\u0131n \u201cya Taksim ya \u00f6l\u00fcm\u201d diyerek, \u0130ngiliz s\u00f6m\u00fcrge ve Enosise kar\u015f\u0131 vatan\u0131n\u0131, topra\u011f\u0131n\u0131, haklar\u0131n\u0131 korumak amac\u0131yla soka\u011fa d\u00f6k\u00fcld\u00fc\u011f\u00fc g\u00fcn oldu\u011funu s\u00f6yledi. Benan, bu ama\u00e7la o d\u00f6nem Lefko\u015fa\u2019daki g\u00f6steriler ile bu s\u0131rada \u0130ngiliz askeri ve polisinin tak\u0131nd\u0131\u011f\u0131 tavr\u0131 anlatt\u0131, ya\u015fanan sald\u0131r\u0131 ve m\u00fcdahalelerde \u015fehit d\u00fc\u015fenleri and\u0131.<\/span><\/span><\/span><\/span><\/span><\/span><\/span><\/p>\n<p style=\"text-align:left\"><span style=\"font-size:16px\"><span style=\"font-family:Merriweather,serif !important\"><span style=\"color:#000000\"><span style=\"background-color:#ffffff\"><span style=\"font-size:16px !important\"><span style=\"font-family:Merriweather,serif !important\"><span style=\"color:#000000 !important\">Benan, bu direni\u015fin, K\u0131br\u0131s T\u00fcrk halk\u0131n\u0131n K\u0131br\u0131s adas\u0131nda bir halk oldu\u011funu, adan\u0131n Yunan adas\u0131 olmad\u0131\u011f\u0131n\u0131 d\u00fcnyaya g\u00f6sterdi\u011fini ifade ederek, o d\u00f6nemde verilen m\u00fccadelelerin halk\u0131 bug\u00fcne ta\u015f\u0131d\u0131\u011f\u0131n\u0131 s\u00f6yledi.<\/span><\/span><\/span><\/span><\/span><\/span><\/span><\/p>\n<p style=\"text-align:left\"><span style=\"font-size:16px\"><span style=\"font-family:Merriweather,serif !important\"><span style=\"color:#000000\"><span style=\"background-color:#ffffff\"><span style=\"font-size:16px !important\"><span style=\"font-family:Merriweather,serif !important\"><span style=\"color:#000000 !important\">Bir devletin varolu\u015funun bu direni\u015flerle ba\u015flad\u0131\u011f\u0131n\u0131 ifade eden Benan, b\u00fcy\u00fck ac\u0131lar\u0131n ya\u015fand\u0131\u011f\u0131 K\u0131br\u0131s adas\u0131nda bir daha b\u00f6yle ac\u0131lar ya\u015fanmamas\u0131 ve gelecek nesillere g\u00fcven i\u00e7inde bir vatan b\u0131rakmak i\u00e7in devlete her zaman sahip \u00e7\u0131kacaklar\u0131n\u0131 vurgulad\u0131.<\/span><\/span><\/span><\/span><\/span><\/span><\/span><\/p>\n<p style=\"text-align:left\"><span style=\"font-size:16px\"><span style=\"font-family:Merriweather,serif !important\"><span style=\"color:#000000\"><span style=\"background-color:#ffffff\"><span style=\"font-size:16px !important\"><span style=\"font-family:Merriweather,serif !important\"><span style=\"color:#000000 !important\">Buradaki t\u00f6renin ard\u0131ndan K\u00fc\u00e7\u00fck Kaymakl\u0131 Mezarl\u0131\u011f\u0131&#8217;ndaki \u015fehit kabirleri de ziyaret edildi, sayg\u0131 duru\u015fu sayg\u0131 at\u0131\u015f\u0131 yap\u0131ld\u0131, \u0130stiklal Mar\u015f\u0131 sonras\u0131 dua okundu.<\/span><\/span><\/span><\/span><\/span><\/span><\/span><\/p>\n","protected":false},"excerpt":{"rendered":"<p>Lefko\u015fa\u2019da, &#8220;27-28 Ocak 1958 \u0130ngiliz S\u00f6m\u00fcrge \u0130daresine Kar\u015f\u0131 Direni\u015fin 66. Y\u0131l\u0131 Anma T\u00f6reni&#8221; d\u00fczenlendi. Lefko\u015fa \u015eehitler Abidesi \u00f6n\u00fcnde yer alan anma t\u00f6reninde, an\u0131ta \u00e7elenkler sunuldu, sayg\u0131 duru\u015fu sayg\u0131 at\u0131\u015f\u0131 yap\u0131ld\u0131, \u0130stiklal Mar\u015f\u0131 e\u015fli\u011finde bayraklar g\u00f6ndere \u00e7ekildi. T\u00f6rene, Lefko\u015fa Kaymakam\u0131 Bora Akku\u015f, K\u0131br\u0131s T\u00fcrk Bar\u0131\u015f Kuvvetleri Komutanl\u0131\u011f\u0131, G\u00fcvenlik Kuvvetleri Komutanl\u0131\u011f\u0131, Lefko\u015fa T\u00fcrk Belediyesi temsilcileri ile siyasi<\/p>\n","protected":false},"author":1,"featured_media":27924,"comment_status":"open","ping_status":"open","sticky":false,"template":"","format":"standard","meta":{"footnotes":""},"categories":[1],"tags":[],"class_list":["post-27923","post","type-post","status-publish","format-standard","has-post-thumbnail","hentry","category-gundem"],"yoast_head":"<!-- This site is optimized with the Yoast SEO plugin v27.5 - https:\/\/yoast.com\/product\/yoast-seo-wordpress\/ -->\n<title>Direni\u015fin 66. Y\u0131l\u0131 Anma T\u00f6reni d\u00fczenlendi -<\/title>\n<meta name=\"robots\" content=\"index, follow, max-snippet:-1, max-image-preview:large, max-video-preview:-1\" \/>\n<link rel=\"canonical\" href=\"https:\/\/kibrisdakik.com\/?p=27923\" \/>\n<meta property=\"og:locale\" content=\"tr_TR\" \/>\n<meta property=\"og:type\" content=\"article\" \/>\n<meta property=\"og:title\" content=\"Direni\u015fin 66. Y\u0131l\u0131 Anma T\u00f6reni d\u00fczenlendi -\" \/>\n<meta property=\"og:description\" content=\"Lefko\u015fa\u2019da, &#8220;27-28 Ocak 1958 \u0130ngiliz S\u00f6m\u00fcrge \u0130daresine Kar\u015f\u0131 Direni\u015fin 66. Y\u0131l\u0131 Anma T\u00f6reni&#8221; d\u00fczenlendi. Lefko\u015fa \u015eehitler Abidesi \u00f6n\u00fcnde yer alan anma t\u00f6reninde, an\u0131ta \u00e7elenkler sunuldu, sayg\u0131 duru\u015fu sayg\u0131 at\u0131\u015f\u0131 yap\u0131ld\u0131, \u0130stiklal Mar\u015f\u0131 e\u015fli\u011finde bayraklar g\u00f6ndere \u00e7ekildi. T\u00f6rene, Lefko\u015fa Kaymakam\u0131 Bora Akku\u015f, K\u0131br\u0131s T\u00fcrk Bar\u0131\u015f Kuvvetleri Komutanl\u0131\u011f\u0131, G\u00fcvenlik Kuvvetleri Komutanl\u0131\u011f\u0131, Lefko\u015fa T\u00fcrk Belediyesi temsilcileri ile siyasi\" \/>\n<meta property=\"og:url\" content=\"https:\/\/kibrisdakik.com\/?p=27923\" \/>\n<meta property=\"article:published_time\" content=\"2024-01-27T10:02:35+00:00\" \/>\n<meta property=\"og:image\" content=\"https:\/\/kibrisdakik.com\/wp-content\/uploads\/2024\/01\/direnisin-66-yili-anma-toreni-duzenlendi-1706345670.webp.webp\" \/>\n\t<meta property=\"og:image:width\" content=\"710\" \/>\n\t<meta property=\"og:image:height\" content=\"370\" \/>\n\t<meta property=\"og:image:type\" content=\"image\/webp\" \/>\n<meta name=\"author\" content=\"admin\" \/>\n<meta name=\"twitter:card\" content=\"summary_large_image\" \/>\n<meta name=\"twitter:label1\" content=\"Yazan:\" \/>\n\t<meta name=\"twitter:data1\" content=\"admin\" \/>\n\t<meta name=\"twitter:label2\" content=\"Tahmini okuma s\u00fcresi\" \/>\n\t<meta name=\"twitter:data2\" content=\"2 dakika\" \/>\n<script type=\"application\/ld+json\" class=\"yoast-schema-graph\">{\"@context\":\"https:\\\/\\\/schema.org\",\"@graph\":[{\"@type\":\"Article\",\"@id\":\"https:\\\/\\\/kibrisdakik.com\\\/?p=27923#article\",\"isPartOf\":{\"@id\":\"https:\\\/\\\/kibrisdakik.com\\\/?p=27923\"},\"author\":{\"name\":\"admin\",\"@id\":\"https:\\\/\\\/kibrisdakik.com\\\/#\\\/schema\\\/person\\\/9cd9d437bbb44f72b73ba127e06d8e79\"},\"headline\":\"Direni\u015fin 66. Y\u0131l\u0131 Anma T\u00f6reni d\u00fczenlendi\",\"datePublished\":\"2024-01-27T10:02:35+00:00\",\"mainEntityOfPage\":{\"@id\":\"https:\\\/\\\/kibrisdakik.com\\\/?p=27923\"},\"wordCount\":333,\"commentCount\":0,\"image\":{\"@id\":\"https:\\\/\\\/kibrisdakik.com\\\/?p=27923#primaryimage\"},\"thumbnailUrl\":\"https:\\\/\\\/kibrisdakik.com\\\/wp-content\\\/uploads\\\/2024\\\/01\\\/direnisin-66-yili-anma-toreni-duzenlendi-1706345670.webp.webp\",\"articleSection\":[\"G\u00fcndem\"],\"inLanguage\":\"tr\",\"potentialAction\":[{\"@type\":\"CommentAction\",\"name\":\"Comment\",\"target\":[\"https:\\\/\\\/kibrisdakik.com\\\/?p=27923#respond\"]}]},{\"@type\":\"WebPage\",\"@id\":\"https:\\\/\\\/kibrisdakik.com\\\/?p=27923\",\"url\":\"https:\\\/\\\/kibrisdakik.com\\\/?p=27923\",\"name\":\"Direni\u015fin 66. Y\u0131l\u0131 Anma T\u00f6reni d\u00fczenlendi -\",\"isPartOf\":{\"@id\":\"https:\\\/\\\/kibrisdakik.com\\\/#website\"},\"primaryImageOfPage\":{\"@id\":\"https:\\\/\\\/kibrisdakik.com\\\/?p=27923#primaryimage\"},\"image\":{\"@id\":\"https:\\\/\\\/kibrisdakik.com\\\/?p=27923#primaryimage\"},\"thumbnailUrl\":\"https:\\\/\\\/kibrisdakik.com\\\/wp-content\\\/uploads\\\/2024\\\/01\\\/direnisin-66-yili-anma-toreni-duzenlendi-1706345670.webp.webp\",\"datePublished\":\"2024-01-27T10:02:35+00:00\",\"author\":{\"@id\":\"https:\\\/\\\/kibrisdakik.com\\\/#\\\/schema\\\/person\\\/9cd9d437bbb44f72b73ba127e06d8e79\"},\"breadcrumb\":{\"@id\":\"https:\\\/\\\/kibrisdakik.com\\\/?p=27923#breadcrumb\"},\"inLanguage\":\"tr\",\"potentialAction\":[{\"@type\":\"ReadAction\",\"target\":[\"https:\\\/\\\/kibrisdakik.com\\\/?p=27923\"]}]},{\"@type\":\"ImageObject\",\"inLanguage\":\"tr\",\"@id\":\"https:\\\/\\\/kibrisdakik.com\\\/?p=27923#primaryimage\",\"url\":\"https:\\\/\\\/kibrisdakik.com\\\/wp-content\\\/uploads\\\/2024\\\/01\\\/direnisin-66-yili-anma-toreni-duzenlendi-1706345670.webp.webp\",\"contentUrl\":\"https:\\\/\\\/kibrisdakik.com\\\/wp-content\\\/uploads\\\/2024\\\/01\\\/direnisin-66-yili-anma-toreni-duzenlendi-1706345670.webp.webp\",\"width\":710,\"height\":370},{\"@type\":\"BreadcrumbList\",\"@id\":\"https:\\\/\\\/kibrisdakik.com\\\/?p=27923#breadcrumb\",\"itemListElement\":[{\"@type\":\"ListItem\",\"position\":1,\"name\":\"Home\",\"item\":\"https:\\\/\\\/kibrisdakik.com\\\/\"},{\"@type\":\"ListItem\",\"position\":2,\"name\":\"Direni\u015fin 66. Y\u0131l\u0131 Anma T\u00f6reni d\u00fczenlendi\"}]},{\"@type\":\"WebSite\",\"@id\":\"https:\\\/\\\/kibrisdakik.com\\\/#website\",\"url\":\"https:\\\/\\\/kibrisdakik.com\\\/\",\"name\":\"\",\"description\":\"Tam vaktinde haber\",\"potentialAction\":[{\"@type\":\"SearchAction\",\"target\":{\"@type\":\"EntryPoint\",\"urlTemplate\":\"https:\\\/\\\/kibrisdakik.com\\\/?s={search_term_string}\"},\"query-input\":{\"@type\":\"PropertyValueSpecification\",\"valueRequired\":true,\"valueName\":\"search_term_string\"}}],\"inLanguage\":\"tr\"},{\"@type\":\"Person\",\"@id\":\"https:\\\/\\\/kibrisdakik.com\\\/#\\\/schema\\\/person\\\/9cd9d437bbb44f72b73ba127e06d8e79\",\"name\":\"admin\",\"image\":{\"@type\":\"ImageObject\",\"inLanguage\":\"tr\",\"@id\":\"https:\\\/\\\/secure.gravatar.com\\\/avatar\\\/ccc17943b9d660506c869530f897617f7cb1c21a4bf30023f252596d83e1f007?s=96&d=mm&r=g\",\"url\":\"https:\\\/\\\/secure.gravatar.com\\\/avatar\\\/ccc17943b9d660506c869530f897617f7cb1c21a4bf30023f252596d83e1f007?s=96&d=mm&r=g\",\"contentUrl\":\"https:\\\/\\\/secure.gravatar.com\\\/avatar\\\/ccc17943b9d660506c869530f897617f7cb1c21a4bf30023f252596d83e1f007?s=96&d=mm&r=g\",\"caption\":\"admin\"},\"sameAs\":[\"https:\\\/\\\/kibrisdakik.com\"],\"url\":\"https:\\\/\\\/kibrisdakik.com\\\/?author=1\"}]}<\/script>\n<!-- \/ Yoast SEO plugin. -->","yoast_head_json":{"title":"Direni\u015fin 66. Y\u0131l\u0131 Anma T\u00f6reni d\u00fczenlendi -","robots":{"index":"index","follow":"follow","max-snippet":"max-snippet:-1","max-image-preview":"max-image-preview:large","max-video-preview":"max-video-preview:-1"},"canonical":"https:\/\/kibrisdakik.com\/?p=27923","og_locale":"tr_TR","og_type":"article","og_title":"Direni\u015fin 66. Y\u0131l\u0131 Anma T\u00f6reni d\u00fczenlendi -","og_description":"Lefko\u015fa\u2019da, &#8220;27-28 Ocak 1958 \u0130ngiliz S\u00f6m\u00fcrge \u0130daresine Kar\u015f\u0131 Direni\u015fin 66. Y\u0131l\u0131 Anma T\u00f6reni&#8221; d\u00fczenlendi. Lefko\u015fa \u015eehitler Abidesi \u00f6n\u00fcnde yer alan anma t\u00f6reninde, an\u0131ta \u00e7elenkler sunuldu, sayg\u0131 duru\u015fu sayg\u0131 at\u0131\u015f\u0131 yap\u0131ld\u0131, \u0130stiklal Mar\u015f\u0131 e\u015fli\u011finde bayraklar g\u00f6ndere \u00e7ekildi. T\u00f6rene, Lefko\u015fa Kaymakam\u0131 Bora Akku\u015f, K\u0131br\u0131s T\u00fcrk Bar\u0131\u015f Kuvvetleri Komutanl\u0131\u011f\u0131, G\u00fcvenlik Kuvvetleri Komutanl\u0131\u011f\u0131, Lefko\u015fa T\u00fcrk Belediyesi temsilcileri ile siyasi","og_url":"https:\/\/kibrisdakik.com\/?p=27923","article_published_time":"2024-01-27T10:02:35+00:00","og_image":[{"width":710,"height":370,"url":"https:\/\/kibrisdakik.com\/wp-content\/uploads\/2024\/01\/direnisin-66-yili-anma-toreni-duzenlendi-1706345670.webp.webp","type":"image\/webp"}],"author":"admin","twitter_card":"summary_large_image","twitter_misc":{"Yazan:":"admin","Tahmini okuma s\u00fcresi":"2 dakika"},"schema":{"@context":"https:\/\/schema.org","@graph":[{"@type":"Article","@id":"https:\/\/kibrisdakik.com\/?p=27923#article","isPartOf":{"@id":"https:\/\/kibrisdakik.com\/?p=27923"},"author":{"name":"admin","@id":"https:\/\/kibrisdakik.com\/#\/schema\/person\/9cd9d437bbb44f72b73ba127e06d8e79"},"headline":"Direni\u015fin 66. Y\u0131l\u0131 Anma T\u00f6reni d\u00fczenlendi","datePublished":"2024-01-27T10:02:35+00:00","mainEntityOfPage":{"@id":"https:\/\/kibrisdakik.com\/?p=27923"},"wordCount":333,"commentCount":0,"image":{"@id":"https:\/\/kibrisdakik.com\/?p=27923#primaryimage"},"thumbnailUrl":"https:\/\/kibrisdakik.com\/wp-content\/uploads\/2024\/01\/direnisin-66-yili-anma-toreni-duzenlendi-1706345670.webp.webp","articleSection":["G\u00fcndem"],"inLanguage":"tr","potentialAction":[{"@type":"CommentAction","name":"Comment","target":["https:\/\/kibrisdakik.com\/?p=27923#respond"]}]},{"@type":"WebPage","@id":"https:\/\/kibrisdakik.com\/?p=27923","url":"https:\/\/kibrisdakik.com\/?p=27923","name":"Direni\u015fin 66. Y\u0131l\u0131 Anma T\u00f6reni d\u00fczenlendi -","isPartOf":{"@id":"https:\/\/kibrisdakik.com\/#website"},"primaryImageOfPage":{"@id":"https:\/\/kibrisdakik.com\/?p=27923#primaryimage"},"image":{"@id":"https:\/\/kibrisdakik.com\/?p=27923#primaryimage"},"thumbnailUrl":"https:\/\/kibrisdakik.com\/wp-content\/uploads\/2024\/01\/direnisin-66-yili-anma-toreni-duzenlendi-1706345670.webp.webp","datePublished":"2024-01-27T10:02:35+00:00","author":{"@id":"https:\/\/kibrisdakik.com\/#\/schema\/person\/9cd9d437bbb44f72b73ba127e06d8e79"},"breadcrumb":{"@id":"https:\/\/kibrisdakik.com\/?p=27923#breadcrumb"},"inLanguage":"tr","potentialAction":[{"@type":"ReadAction","target":["https:\/\/kibrisdakik.com\/?p=27923"]}]},{"@type":"ImageObject","inLanguage":"tr","@id":"https:\/\/kibrisdakik.com\/?p=27923#primaryimage","url":"https:\/\/kibrisdakik.com\/wp-content\/uploads\/2024\/01\/direnisin-66-yili-anma-toreni-duzenlendi-1706345670.webp.webp","contentUrl":"https:\/\/kibrisdakik.com\/wp-content\/uploads\/2024\/01\/direnisin-66-yili-anma-toreni-duzenlendi-1706345670.webp.webp","width":710,"height":370},{"@type":"BreadcrumbList","@id":"https:\/\/kibrisdakik.com\/?p=27923#breadcrumb","itemListElement":[{"@type":"ListItem","position":1,"name":"Home","item":"https:\/\/kibrisdakik.com\/"},{"@type":"ListItem","position":2,"name":"Direni\u015fin 66. Y\u0131l\u0131 Anma T\u00f6reni d\u00fczenlendi"}]},{"@type":"WebSite","@id":"https:\/\/kibrisdakik.com\/#website","url":"https:\/\/kibrisdakik.com\/","name":"","description":"Tam vaktinde haber","potentialAction":[{"@type":"SearchAction","target":{"@type":"EntryPoint","urlTemplate":"https:\/\/kibrisdakik.com\/?s={search_term_string}"},"query-input":{"@type":"PropertyValueSpecification","valueRequired":true,"valueName":"search_term_string"}}],"inLanguage":"tr"},{"@type":"Person","@id":"https:\/\/kibrisdakik.com\/#\/schema\/person\/9cd9d437bbb44f72b73ba127e06d8e79","name":"admin","image":{"@type":"ImageObject","inLanguage":"tr","@id":"https:\/\/secure.gravatar.com\/avatar\/ccc17943b9d660506c869530f897617f7cb1c21a4bf30023f252596d83e1f007?s=96&d=mm&r=g","url":"https:\/\/secure.gravatar.com\/avatar\/ccc17943b9d660506c869530f897617f7cb1c21a4bf30023f252596d83e1f007?s=96&d=mm&r=g","contentUrl":"https:\/\/secure.gravatar.com\/avatar\/ccc17943b9d660506c869530f897617f7cb1c21a4bf30023f252596d83e1f007?s=96&d=mm&r=g","caption":"admin"},"sameAs":["https:\/\/kibrisdakik.com"],"url":"https:\/\/kibrisdakik.com\/?author=1"}]}},"_links":{"self":[{"href":"https:\/\/kibrisdakik.com\/index.php?rest_route=\/wp\/v2\/posts\/27923","targetHints":{"allow":["GET"]}}],"collection":[{"href":"https:\/\/kibrisdakik.com\/index.php?rest_route=\/wp\/v2\/posts"}],"about":[{"href":"https:\/\/kibrisdakik.com\/index.php?rest_route=\/wp\/v2\/types\/post"}],"author":[{"embeddable":true,"href":"https:\/\/kibrisdakik.com\/index.php?rest_route=\/wp\/v2\/users\/1"}],"replies":[{"embeddable":true,"href":"https:\/\/kibrisdakik.com\/index.php?rest_route=%2Fwp%2Fv2%2Fcomments&post=27923"}],"version-history":[{"count":0,"href":"https:\/\/kibrisdakik.com\/index.php?rest_route=\/wp\/v2\/posts\/27923\/revisions"}],"wp:featuredmedia":[{"embeddable":true,"href":"https:\/\/kibrisdakik.com\/index.php?rest_route=\/wp\/v2\/media\/27924"}],"wp:attachment":[{"href":"https:\/\/kibrisdakik.com\/index.php?rest_route=%2Fwp%2Fv2%2Fmedia&parent=27923"}],"wp:term":[{"taxonomy":"category","embeddable":true,"href":"https:\/\/kibrisdakik.com\/index.php?rest_route=%2Fwp%2Fv2%2Fcategories&post=27923"},{"taxonomy":"post_tag","embeddable":true,"href":"https:\/\/kibrisdakik.com\/index.php?rest_route=%2Fwp%2Fv2%2Ftags&post=27923"}],"curies":[{"name":"wp","href":"https:\/\/api.w.org\/{rel}","templated":true}]}}