{"id":28023,"date":"2024-01-28T11:50:20","date_gmt":"2024-01-28T11:50:20","guid":{"rendered":"https:\/\/kibrisdakik.com\/index.php\/2024\/01\/28\/kktc-halk-bankasi-ulke-mudur-yardimcisi-sadun-caglar-yasamini-yitirdi\/"},"modified":"2024-01-28T11:50:20","modified_gmt":"2024-01-28T11:50:20","slug":"kktc-halk-bankasi-ulke-mudur-yardimcisi-sadun-caglar-yasamini-yitirdi","status":"publish","type":"post","link":"https:\/\/kibrisdakik.com\/?p=28023","title":{"rendered":"KKTC Halk Bankas\u0131 \u00dclke M\u00fcd\u00fcr Yard\u0131mc\u0131s\u0131 Sadun \u00c7a\u011flar ya\u015fam\u0131n\u0131 yitirdi."},"content":{"rendered":"<p><img decoding=\"async\" src=\"https:\/\/www.kibristurk.com\/images\/haberler\/2024\/01\/kktc-halk-bankasi-ulke-mudur-yardimcisi-sadun-caglar-yasamini-yitirdi-1706441761.webp\" \/><\/p>\n<p>KKTC Halk Bankas\u0131 \u00dclke M\u00fcd\u00fcr Yard\u0131mc\u0131s\u0131 Sadun \u00c7a\u011flar ya\u015fam\u0131n\u0131 yitirdi.<\/p>\n<p>\nPolis Bas\u0131n Subayl\u0131\u011f\u0131\u2019ndan yap\u0131lan a\u00e7\u0131klamada, 51 ya\u015f\u0131ndaki Sadun \u00c7a\u011flar\u2019\u0131n bug\u00fcn saat 09.30 s\u0131ralar\u0131nda Karao\u011flano\u011flu&#8217;ndaki evinde \u00f6l\u00fc olarak bulundu bildirildi.<\/p>\n<p>Polis, Sadun \u00c7a\u011flar\u2019\u0131n cans\u0131z bedeni \u00fczerinde doktor taraf\u0131ndan yap\u0131lan d\u0131\u015f muayenesinde darp veya cebir izine rastlanmad\u0131\u011f\u0131n\u0131, \u00c7a\u011flar\u2019\u0131n kesin \u00f6l\u00fcm sebebinin yap\u0131lacak otopsisinin ard\u0131ndan belli olaca\u011f\u0131n\u0131 duyurdu.<\/p>\n<p>Soru\u015fturma devam ediyor.<\/p>\n","protected":false},"excerpt":{"rendered":"<p>KKTC Halk Bankas\u0131 \u00dclke M\u00fcd\u00fcr Yard\u0131mc\u0131s\u0131 Sadun \u00c7a\u011flar ya\u015fam\u0131n\u0131 yitirdi. Polis Bas\u0131n Subayl\u0131\u011f\u0131\u2019ndan yap\u0131lan a\u00e7\u0131klamada, 51 ya\u015f\u0131ndaki Sadun \u00c7a\u011flar\u2019\u0131n bug\u00fcn saat 09.30 s\u0131ralar\u0131nda Karao\u011flano\u011flu&#8217;ndaki evinde \u00f6l\u00fc olarak bulundu bildirildi. Polis, Sadun \u00c7a\u011flar\u2019\u0131n cans\u0131z bedeni \u00fczerinde doktor taraf\u0131ndan yap\u0131lan d\u0131\u015f muayenesinde darp veya cebir izine rastlanmad\u0131\u011f\u0131n\u0131, \u00c7a\u011flar\u2019\u0131n kesin \u00f6l\u00fcm sebebinin yap\u0131lacak otopsisinin ard\u0131ndan belli olaca\u011f\u0131n\u0131 duyurdu.<\/p>\n","protected":false},"author":1,"featured_media":28024,"comment_status":"open","ping_status":"open","sticky":false,"template":"","format":"standard","meta":{"footnotes":""},"categories":[1],"tags":[],"class_list":["post-28023","post","type-post","status-publish","format-standard","has-post-thumbnail","hentry","category-gundem"],"yoast_head":"<!-- This site is optimized with the Yoast SEO plugin v27.4 - https:\/\/yoast.com\/product\/yoast-seo-wordpress\/ -->\n<title>KKTC Halk Bankas\u0131 \u00dclke M\u00fcd\u00fcr Yard\u0131mc\u0131s\u0131 Sadun \u00c7a\u011flar ya\u015fam\u0131n\u0131 yitirdi. -<\/title>\n<meta name=\"robots\" content=\"index, follow, max-snippet:-1, max-image-preview:large, max-video-preview:-1\" \/>\n<link rel=\"canonical\" href=\"https:\/\/kibrisdakik.com\/?p=28023\" \/>\n<meta property=\"og:locale\" content=\"tr_TR\" \/>\n<meta property=\"og:type\" content=\"article\" \/>\n<meta property=\"og:title\" content=\"KKTC Halk Bankas\u0131 \u00dclke M\u00fcd\u00fcr Yard\u0131mc\u0131s\u0131 Sadun \u00c7a\u011flar ya\u015fam\u0131n\u0131 yitirdi. -\" \/>\n<meta property=\"og:description\" content=\"KKTC Halk Bankas\u0131 \u00dclke M\u00fcd\u00fcr Yard\u0131mc\u0131s\u0131 Sadun \u00c7a\u011flar ya\u015fam\u0131n\u0131 yitirdi. Polis Bas\u0131n Subayl\u0131\u011f\u0131\u2019ndan yap\u0131lan a\u00e7\u0131klamada, 51 ya\u015f\u0131ndaki Sadun \u00c7a\u011flar\u2019\u0131n bug\u00fcn saat 09.30 s\u0131ralar\u0131nda Karao\u011flano\u011flu&#8217;ndaki evinde \u00f6l\u00fc olarak bulundu bildirildi. Polis, Sadun \u00c7a\u011flar\u2019\u0131n cans\u0131z bedeni \u00fczerinde doktor taraf\u0131ndan yap\u0131lan d\u0131\u015f muayenesinde darp veya cebir izine rastlanmad\u0131\u011f\u0131n\u0131, \u00c7a\u011flar\u2019\u0131n kesin \u00f6l\u00fcm sebebinin yap\u0131lacak otopsisinin ard\u0131ndan belli olaca\u011f\u0131n\u0131 duyurdu.\" \/>\n<meta property=\"og:url\" content=\"https:\/\/kibrisdakik.com\/?p=28023\" \/>\n<meta property=\"article:published_time\" content=\"2024-01-28T11:50:20+00:00\" \/>\n<meta property=\"og:image\" content=\"https:\/\/kibrisdakik.com\/wp-content\/uploads\/2024\/01\/kktc-halk-bankasi-ulke-mudur-yardimcisi-sadun-caglar-yasamini-yitirdi-1706441761.webp.webp\" \/>\n\t<meta property=\"og:image:width\" content=\"710\" \/>\n\t<meta property=\"og:image:height\" content=\"370\" \/>\n\t<meta property=\"og:image:type\" content=\"image\/webp\" \/>\n<meta name=\"author\" content=\"admin\" \/>\n<meta name=\"twitter:card\" content=\"summary_large_image\" \/>\n<meta name=\"twitter:label1\" content=\"Yazan:\" \/>\n\t<meta name=\"twitter:data1\" content=\"admin\" \/>\n<script type=\"application\/ld+json\" class=\"yoast-schema-graph\">{\"@context\":\"https:\\\/\\\/schema.org\",\"@graph\":[{\"@type\":\"Article\",\"@id\":\"https:\\\/\\\/kibrisdakik.com\\\/?p=28023#article\",\"isPartOf\":{\"@id\":\"https:\\\/\\\/kibrisdakik.com\\\/?p=28023\"},\"author\":{\"name\":\"admin\",\"@id\":\"https:\\\/\\\/kibrisdakik.com\\\/#\\\/schema\\\/person\\\/9cd9d437bbb44f72b73ba127e06d8e79\"},\"headline\":\"KKTC Halk Bankas\u0131 \u00dclke M\u00fcd\u00fcr Yard\u0131mc\u0131s\u0131 Sadun \u00c7a\u011flar ya\u015fam\u0131n\u0131 yitirdi.\",\"datePublished\":\"2024-01-28T11:50:20+00:00\",\"mainEntityOfPage\":{\"@id\":\"https:\\\/\\\/kibrisdakik.com\\\/?p=28023\"},\"wordCount\":105,\"commentCount\":0,\"image\":{\"@id\":\"https:\\\/\\\/kibrisdakik.com\\\/?p=28023#primaryimage\"},\"thumbnailUrl\":\"https:\\\/\\\/kibrisdakik.com\\\/wp-content\\\/uploads\\\/2024\\\/01\\\/kktc-halk-bankasi-ulke-mudur-yardimcisi-sadun-caglar-yasamini-yitirdi-1706441761.webp.webp\",\"articleSection\":[\"G\u00fcndem\"],\"inLanguage\":\"tr\",\"potentialAction\":[{\"@type\":\"CommentAction\",\"name\":\"Comment\",\"target\":[\"https:\\\/\\\/kibrisdakik.com\\\/?p=28023#respond\"]}]},{\"@type\":\"WebPage\",\"@id\":\"https:\\\/\\\/kibrisdakik.com\\\/?p=28023\",\"url\":\"https:\\\/\\\/kibrisdakik.com\\\/?p=28023\",\"name\":\"KKTC Halk Bankas\u0131 \u00dclke M\u00fcd\u00fcr Yard\u0131mc\u0131s\u0131 Sadun \u00c7a\u011flar ya\u015fam\u0131n\u0131 yitirdi. -\",\"isPartOf\":{\"@id\":\"https:\\\/\\\/kibrisdakik.com\\\/#website\"},\"primaryImageOfPage\":{\"@id\":\"https:\\\/\\\/kibrisdakik.com\\\/?p=28023#primaryimage\"},\"image\":{\"@id\":\"https:\\\/\\\/kibrisdakik.com\\\/?p=28023#primaryimage\"},\"thumbnailUrl\":\"https:\\\/\\\/kibrisdakik.com\\\/wp-content\\\/uploads\\\/2024\\\/01\\\/kktc-halk-bankasi-ulke-mudur-yardimcisi-sadun-caglar-yasamini-yitirdi-1706441761.webp.webp\",\"datePublished\":\"2024-01-28T11:50:20+00:00\",\"author\":{\"@id\":\"https:\\\/\\\/kibrisdakik.com\\\/#\\\/schema\\\/person\\\/9cd9d437bbb44f72b73ba127e06d8e79\"},\"breadcrumb\":{\"@id\":\"https:\\\/\\\/kibrisdakik.com\\\/?p=28023#breadcrumb\"},\"inLanguage\":\"tr\",\"potentialAction\":[{\"@type\":\"ReadAction\",\"target\":[\"https:\\\/\\\/kibrisdakik.com\\\/?p=28023\"]}]},{\"@type\":\"ImageObject\",\"inLanguage\":\"tr\",\"@id\":\"https:\\\/\\\/kibrisdakik.com\\\/?p=28023#primaryimage\",\"url\":\"https:\\\/\\\/kibrisdakik.com\\\/wp-content\\\/uploads\\\/2024\\\/01\\\/kktc-halk-bankasi-ulke-mudur-yardimcisi-sadun-caglar-yasamini-yitirdi-1706441761.webp.webp\",\"contentUrl\":\"https:\\\/\\\/kibrisdakik.com\\\/wp-content\\\/uploads\\\/2024\\\/01\\\/kktc-halk-bankasi-ulke-mudur-yardimcisi-sadun-caglar-yasamini-yitirdi-1706441761.webp.webp\",\"width\":710,\"height\":370},{\"@type\":\"BreadcrumbList\",\"@id\":\"https:\\\/\\\/kibrisdakik.com\\\/?p=28023#breadcrumb\",\"itemListElement\":[{\"@type\":\"ListItem\",\"position\":1,\"name\":\"Home\",\"item\":\"https:\\\/\\\/kibrisdakik.com\\\/\"},{\"@type\":\"ListItem\",\"position\":2,\"name\":\"KKTC Halk Bankas\u0131 \u00dclke M\u00fcd\u00fcr Yard\u0131mc\u0131s\u0131 Sadun \u00c7a\u011flar ya\u015fam\u0131n\u0131 yitirdi.\"}]},{\"@type\":\"WebSite\",\"@id\":\"https:\\\/\\\/kibrisdakik.com\\\/#website\",\"url\":\"https:\\\/\\\/kibrisdakik.com\\\/\",\"name\":\"\",\"description\":\"Tam vaktinde haber\",\"potentialAction\":[{\"@type\":\"SearchAction\",\"target\":{\"@type\":\"EntryPoint\",\"urlTemplate\":\"https:\\\/\\\/kibrisdakik.com\\\/?s={search_term_string}\"},\"query-input\":{\"@type\":\"PropertyValueSpecification\",\"valueRequired\":true,\"valueName\":\"search_term_string\"}}],\"inLanguage\":\"tr\"},{\"@type\":\"Person\",\"@id\":\"https:\\\/\\\/kibrisdakik.com\\\/#\\\/schema\\\/person\\\/9cd9d437bbb44f72b73ba127e06d8e79\",\"name\":\"admin\",\"image\":{\"@type\":\"ImageObject\",\"inLanguage\":\"tr\",\"@id\":\"https:\\\/\\\/secure.gravatar.com\\\/avatar\\\/ccc17943b9d660506c869530f897617f7cb1c21a4bf30023f252596d83e1f007?s=96&d=mm&r=g\",\"url\":\"https:\\\/\\\/secure.gravatar.com\\\/avatar\\\/ccc17943b9d660506c869530f897617f7cb1c21a4bf30023f252596d83e1f007?s=96&d=mm&r=g\",\"contentUrl\":\"https:\\\/\\\/secure.gravatar.com\\\/avatar\\\/ccc17943b9d660506c869530f897617f7cb1c21a4bf30023f252596d83e1f007?s=96&d=mm&r=g\",\"caption\":\"admin\"},\"sameAs\":[\"https:\\\/\\\/kibrisdakik.com\"],\"url\":\"https:\\\/\\\/kibrisdakik.com\\\/?author=1\"}]}<\/script>\n<!-- \/ Yoast SEO plugin. -->","yoast_head_json":{"title":"KKTC Halk Bankas\u0131 \u00dclke M\u00fcd\u00fcr Yard\u0131mc\u0131s\u0131 Sadun \u00c7a\u011flar ya\u015fam\u0131n\u0131 yitirdi. -","robots":{"index":"index","follow":"follow","max-snippet":"max-snippet:-1","max-image-preview":"max-image-preview:large","max-video-preview":"max-video-preview:-1"},"canonical":"https:\/\/kibrisdakik.com\/?p=28023","og_locale":"tr_TR","og_type":"article","og_title":"KKTC Halk Bankas\u0131 \u00dclke M\u00fcd\u00fcr Yard\u0131mc\u0131s\u0131 Sadun \u00c7a\u011flar ya\u015fam\u0131n\u0131 yitirdi. -","og_description":"KKTC Halk Bankas\u0131 \u00dclke M\u00fcd\u00fcr Yard\u0131mc\u0131s\u0131 Sadun \u00c7a\u011flar ya\u015fam\u0131n\u0131 yitirdi. Polis Bas\u0131n Subayl\u0131\u011f\u0131\u2019ndan yap\u0131lan a\u00e7\u0131klamada, 51 ya\u015f\u0131ndaki Sadun \u00c7a\u011flar\u2019\u0131n bug\u00fcn saat 09.30 s\u0131ralar\u0131nda Karao\u011flano\u011flu&#8217;ndaki evinde \u00f6l\u00fc olarak bulundu bildirildi. Polis, Sadun \u00c7a\u011flar\u2019\u0131n cans\u0131z bedeni \u00fczerinde doktor taraf\u0131ndan yap\u0131lan d\u0131\u015f muayenesinde darp veya cebir izine rastlanmad\u0131\u011f\u0131n\u0131, \u00c7a\u011flar\u2019\u0131n kesin \u00f6l\u00fcm sebebinin yap\u0131lacak otopsisinin ard\u0131ndan belli olaca\u011f\u0131n\u0131 duyurdu.","og_url":"https:\/\/kibrisdakik.com\/?p=28023","article_published_time":"2024-01-28T11:50:20+00:00","og_image":[{"width":710,"height":370,"url":"https:\/\/kibrisdakik.com\/wp-content\/uploads\/2024\/01\/kktc-halk-bankasi-ulke-mudur-yardimcisi-sadun-caglar-yasamini-yitirdi-1706441761.webp.webp","type":"image\/webp"}],"author":"admin","twitter_card":"summary_large_image","twitter_misc":{"Yazan:":"admin"},"schema":{"@context":"https:\/\/schema.org","@graph":[{"@type":"Article","@id":"https:\/\/kibrisdakik.com\/?p=28023#article","isPartOf":{"@id":"https:\/\/kibrisdakik.com\/?p=28023"},"author":{"name":"admin","@id":"https:\/\/kibrisdakik.com\/#\/schema\/person\/9cd9d437bbb44f72b73ba127e06d8e79"},"headline":"KKTC Halk Bankas\u0131 \u00dclke M\u00fcd\u00fcr Yard\u0131mc\u0131s\u0131 Sadun \u00c7a\u011flar ya\u015fam\u0131n\u0131 yitirdi.","datePublished":"2024-01-28T11:50:20+00:00","mainEntityOfPage":{"@id":"https:\/\/kibrisdakik.com\/?p=28023"},"wordCount":105,"commentCount":0,"image":{"@id":"https:\/\/kibrisdakik.com\/?p=28023#primaryimage"},"thumbnailUrl":"https:\/\/kibrisdakik.com\/wp-content\/uploads\/2024\/01\/kktc-halk-bankasi-ulke-mudur-yardimcisi-sadun-caglar-yasamini-yitirdi-1706441761.webp.webp","articleSection":["G\u00fcndem"],"inLanguage":"tr","potentialAction":[{"@type":"CommentAction","name":"Comment","target":["https:\/\/kibrisdakik.com\/?p=28023#respond"]}]},{"@type":"WebPage","@id":"https:\/\/kibrisdakik.com\/?p=28023","url":"https:\/\/kibrisdakik.com\/?p=28023","name":"KKTC Halk Bankas\u0131 \u00dclke M\u00fcd\u00fcr Yard\u0131mc\u0131s\u0131 Sadun \u00c7a\u011flar ya\u015fam\u0131n\u0131 yitirdi. -","isPartOf":{"@id":"https:\/\/kibrisdakik.com\/#website"},"primaryImageOfPage":{"@id":"https:\/\/kibrisdakik.com\/?p=28023#primaryimage"},"image":{"@id":"https:\/\/kibrisdakik.com\/?p=28023#primaryimage"},"thumbnailUrl":"https:\/\/kibrisdakik.com\/wp-content\/uploads\/2024\/01\/kktc-halk-bankasi-ulke-mudur-yardimcisi-sadun-caglar-yasamini-yitirdi-1706441761.webp.webp","datePublished":"2024-01-28T11:50:20+00:00","author":{"@id":"https:\/\/kibrisdakik.com\/#\/schema\/person\/9cd9d437bbb44f72b73ba127e06d8e79"},"breadcrumb":{"@id":"https:\/\/kibrisdakik.com\/?p=28023#breadcrumb"},"inLanguage":"tr","potentialAction":[{"@type":"ReadAction","target":["https:\/\/kibrisdakik.com\/?p=28023"]}]},{"@type":"ImageObject","inLanguage":"tr","@id":"https:\/\/kibrisdakik.com\/?p=28023#primaryimage","url":"https:\/\/kibrisdakik.com\/wp-content\/uploads\/2024\/01\/kktc-halk-bankasi-ulke-mudur-yardimcisi-sadun-caglar-yasamini-yitirdi-1706441761.webp.webp","contentUrl":"https:\/\/kibrisdakik.com\/wp-content\/uploads\/2024\/01\/kktc-halk-bankasi-ulke-mudur-yardimcisi-sadun-caglar-yasamini-yitirdi-1706441761.webp.webp","width":710,"height":370},{"@type":"BreadcrumbList","@id":"https:\/\/kibrisdakik.com\/?p=28023#breadcrumb","itemListElement":[{"@type":"ListItem","position":1,"name":"Home","item":"https:\/\/kibrisdakik.com\/"},{"@type":"ListItem","position":2,"name":"KKTC Halk Bankas\u0131 \u00dclke M\u00fcd\u00fcr Yard\u0131mc\u0131s\u0131 Sadun \u00c7a\u011flar ya\u015fam\u0131n\u0131 yitirdi."}]},{"@type":"WebSite","@id":"https:\/\/kibrisdakik.com\/#website","url":"https:\/\/kibrisdakik.com\/","name":"","description":"Tam vaktinde haber","potentialAction":[{"@type":"SearchAction","target":{"@type":"EntryPoint","urlTemplate":"https:\/\/kibrisdakik.com\/?s={search_term_string}"},"query-input":{"@type":"PropertyValueSpecification","valueRequired":true,"valueName":"search_term_string"}}],"inLanguage":"tr"},{"@type":"Person","@id":"https:\/\/kibrisdakik.com\/#\/schema\/person\/9cd9d437bbb44f72b73ba127e06d8e79","name":"admin","image":{"@type":"ImageObject","inLanguage":"tr","@id":"https:\/\/secure.gravatar.com\/avatar\/ccc17943b9d660506c869530f897617f7cb1c21a4bf30023f252596d83e1f007?s=96&d=mm&r=g","url":"https:\/\/secure.gravatar.com\/avatar\/ccc17943b9d660506c869530f897617f7cb1c21a4bf30023f252596d83e1f007?s=96&d=mm&r=g","contentUrl":"https:\/\/secure.gravatar.com\/avatar\/ccc17943b9d660506c869530f897617f7cb1c21a4bf30023f252596d83e1f007?s=96&d=mm&r=g","caption":"admin"},"sameAs":["https:\/\/kibrisdakik.com"],"url":"https:\/\/kibrisdakik.com\/?author=1"}]}},"_links":{"self":[{"href":"https:\/\/kibrisdakik.com\/index.php?rest_route=\/wp\/v2\/posts\/28023","targetHints":{"allow":["GET"]}}],"collection":[{"href":"https:\/\/kibrisdakik.com\/index.php?rest_route=\/wp\/v2\/posts"}],"about":[{"href":"https:\/\/kibrisdakik.com\/index.php?rest_route=\/wp\/v2\/types\/post"}],"author":[{"embeddable":true,"href":"https:\/\/kibrisdakik.com\/index.php?rest_route=\/wp\/v2\/users\/1"}],"replies":[{"embeddable":true,"href":"https:\/\/kibrisdakik.com\/index.php?rest_route=%2Fwp%2Fv2%2Fcomments&post=28023"}],"version-history":[{"count":0,"href":"https:\/\/kibrisdakik.com\/index.php?rest_route=\/wp\/v2\/posts\/28023\/revisions"}],"wp:featuredmedia":[{"embeddable":true,"href":"https:\/\/kibrisdakik.com\/index.php?rest_route=\/wp\/v2\/media\/28024"}],"wp:attachment":[{"href":"https:\/\/kibrisdakik.com\/index.php?rest_route=%2Fwp%2Fv2%2Fmedia&parent=28023"}],"wp:term":[{"taxonomy":"category","embeddable":true,"href":"https:\/\/kibrisdakik.com\/index.php?rest_route=%2Fwp%2Fv2%2Fcategories&post=28023"},{"taxonomy":"post_tag","embeddable":true,"href":"https:\/\/kibrisdakik.com\/index.php?rest_route=%2Fwp%2Fv2%2Ftags&post=28023"}],"curies":[{"name":"wp","href":"https:\/\/api.w.org\/{rel}","templated":true}]}}