{"id":28027,"date":"2024-01-28T12:25:25","date_gmt":"2024-01-28T12:25:25","guid":{"rendered":"https:\/\/kibrisdakik.com\/index.php\/2024\/01\/28\/cevdet-yilmazdan-santa-maria-kilisesindeki-silahli-saldiriya-iliskin-aciklama\/"},"modified":"2024-01-28T12:25:25","modified_gmt":"2024-01-28T12:25:25","slug":"cevdet-yilmazdan-santa-maria-kilisesindeki-silahli-saldiriya-iliskin-aciklama","status":"publish","type":"post","link":"https:\/\/kibrisdakik.com\/?p=28027","title":{"rendered":"Cevdet Y\u0131lmaz&#039;dan, Santa Maria Kilisesi&#039;ndeki silahl\u0131 sald\u0131r\u0131ya ili\u015fkin a\u00e7\u0131klama"},"content":{"rendered":"<p><img decoding=\"async\" src=\"https:\/\/www.kibristurk.com\/images\/haberler\/2024\/01\/cevdet-yilmazdan-santa-maria-kilisesindeki-silahli-saldiriya-iliskin-aciklama-1706444115.webp\" \/><\/p>\n<p>T\u00fcrkiye Cumhuriyeti (TC) Cumhurba\u015fkan\u0131 Yard\u0131mc\u0131s\u0131 Cevdet Y\u0131lmaz, \u0130stanbul\u2019un Sar\u0131yer il\u00e7esindeki Santa Maria Kilisesi&#8217;nde ayin s\u0131ras\u0131nda bir ki\u015fiye y\u00f6nelik silahl\u0131 sald\u0131r\u0131y\u0131 k\u0131nad\u0131\u011f\u0131n\u0131, olay\u0131n ayd\u0131nlat\u0131lmas\u0131 i\u00e7in geni\u015f \u00e7apl\u0131 soru\u015fturma y\u00fcr\u00fct\u00fcld\u00fc\u011f\u00fcn\u00fc bildirdi.<\/p>\n<p>Y\u0131lmaz, sosyal medya hesab\u0131ndan yapt\u0131\u011f\u0131 a\u00e7\u0131klamada, &#8220;\u0130stanbul Sar\u0131yer\u2019de Santa Maria Kilisesinde ayin s\u0131ras\u0131nda bir \u015fahsa yap\u0131lan silahl\u0131 sald\u0131r\u0131y\u0131 en g\u00fc\u00e7l\u00fc \u015fekilde k\u0131n\u0131yor, hayat\u0131n\u0131 kaybeden \u015fahs\u0131n ailesine ba\u015fsa\u011fl\u0131\u011f\u0131 diliyoruz. G\u00fcvenlik g\u00fc\u00e7lerimiz olay\u0131n ayd\u0131nlat\u0131lmas\u0131 ve faillerin adalet \u00f6n\u00fcnde hesap vermesi i\u00e7in geni\u015f \u00e7apl\u0131 bir soru\u015fturma y\u00fcr\u00fctmektedir.&#8221; ifadelerini kulland\u0131.<\/p>\n<p>-Tun\u00e7: \u201cOlay\u0131n ayd\u0131nlat\u0131lmas\u0131 i\u00e7in bir ba\u015fsavc\u0131vekili ve iki cumhuriyet savc\u0131s\u0131 g\u00f6revlendirilmi\u015ftir\u201d<\/p>\n<p>TC Adalet Bakan\u0131 Y\u0131lmaz Tun\u00e7, silahl\u0131 sald\u0131r\u0131n\u0131n ayd\u0131nlat\u0131lmas\u0131 i\u00e7in bir ba\u015fsavc\u0131vekili ve iki cumhuriyet savc\u0131s\u0131n\u0131n g\u00f6revlendirildi\u011fini bildirdi.<\/p>\n<p>Bakan Tun\u00e7, sosyal medya hesab\u0131ndan yapt\u0131\u011f\u0131 a\u00e7\u0131klamada, Sar\u0131yer&#8217;de Santa Maria Kilisesi&#8217;ndeki ayin s\u0131ras\u0131nda maskeli iki ki\u015finin ger\u00e7ekle\u015ftirdi\u011fi silahl\u0131 sald\u0131r\u0131y\u0131 \u015fiddetle k\u0131nad\u0131\u011f\u0131n\u0131 belirterek, \u015funlar\u0131 kaydetti:<\/p>\n<p>&#8220;Bir ki\u015finin hayat\u0131n\u0131 kaybetti\u011fi sald\u0131r\u0131yla ilgili \u0130stanbul Cumhuriyet Ba\u015fsavc\u0131l\u0131\u011f\u0131 taraf\u0131ndan soru\u015fturma ba\u015flat\u0131lm\u0131\u015f olup, olay\u0131n ayd\u0131nlat\u0131lmas\u0131 i\u00e7in bir ba\u015fsavc\u0131vekili ve iki cumhuriyet savc\u0131s\u0131 g\u00f6revlendirilmi\u015ftir. Sald\u0131r\u0131y\u0131 ger\u00e7ekle\u015ftiren \u015f\u00fcphelilerin tespiti ve yakalanmas\u0131 i\u00e7in \u00e7al\u0131\u015fmalar devam etmektedir. Soru\u015fturma \u00e7ok y\u00f6nl\u00fc ve titizlikle s\u00fcrd\u00fcr\u00fclmektedir.&#8221;<\/p>\n","protected":false},"excerpt":{"rendered":"<p>T\u00fcrkiye Cumhuriyeti (TC) Cumhurba\u015fkan\u0131 Yard\u0131mc\u0131s\u0131 Cevdet Y\u0131lmaz, \u0130stanbul\u2019un Sar\u0131yer il\u00e7esindeki Santa Maria Kilisesi&#8217;nde ayin s\u0131ras\u0131nda bir ki\u015fiye y\u00f6nelik silahl\u0131 sald\u0131r\u0131y\u0131 k\u0131nad\u0131\u011f\u0131n\u0131, olay\u0131n ayd\u0131nlat\u0131lmas\u0131 i\u00e7in geni\u015f \u00e7apl\u0131 soru\u015fturma y\u00fcr\u00fct\u00fcld\u00fc\u011f\u00fcn\u00fc bildirdi. Y\u0131lmaz, sosyal medya hesab\u0131ndan yapt\u0131\u011f\u0131 a\u00e7\u0131klamada, &#8220;\u0130stanbul Sar\u0131yer\u2019de Santa Maria Kilisesinde ayin s\u0131ras\u0131nda bir \u015fahsa yap\u0131lan silahl\u0131 sald\u0131r\u0131y\u0131 en g\u00fc\u00e7l\u00fc \u015fekilde k\u0131n\u0131yor, hayat\u0131n\u0131 kaybeden \u015fahs\u0131n ailesine<\/p>\n","protected":false},"author":1,"featured_media":28028,"comment_status":"open","ping_status":"open","sticky":false,"template":"","format":"standard","meta":{"footnotes":""},"categories":[85],"tags":[],"class_list":["post-28027","post","type-post","status-publish","format-standard","has-post-thumbnail","hentry","category-spor"],"yoast_head":"<!-- This site is optimized with the Yoast SEO plugin v27.5 - https:\/\/yoast.com\/product\/yoast-seo-wordpress\/ -->\n<title>Cevdet Y\u0131lmaz&#039;dan, Santa Maria Kilisesi&#039;ndeki silahl\u0131 sald\u0131r\u0131ya ili\u015fkin a\u00e7\u0131klama -<\/title>\n<meta name=\"robots\" content=\"index, follow, max-snippet:-1, max-image-preview:large, max-video-preview:-1\" \/>\n<link rel=\"canonical\" href=\"https:\/\/kibrisdakik.com\/?p=28027\" \/>\n<meta property=\"og:locale\" content=\"tr_TR\" \/>\n<meta property=\"og:type\" content=\"article\" \/>\n<meta property=\"og:title\" content=\"Cevdet Y\u0131lmaz&#039;dan, Santa Maria Kilisesi&#039;ndeki silahl\u0131 sald\u0131r\u0131ya ili\u015fkin a\u00e7\u0131klama -\" \/>\n<meta property=\"og:description\" content=\"T\u00fcrkiye Cumhuriyeti (TC) Cumhurba\u015fkan\u0131 Yard\u0131mc\u0131s\u0131 Cevdet Y\u0131lmaz, \u0130stanbul\u2019un Sar\u0131yer il\u00e7esindeki Santa Maria Kilisesi&#8217;nde ayin s\u0131ras\u0131nda bir ki\u015fiye y\u00f6nelik silahl\u0131 sald\u0131r\u0131y\u0131 k\u0131nad\u0131\u011f\u0131n\u0131, olay\u0131n ayd\u0131nlat\u0131lmas\u0131 i\u00e7in geni\u015f \u00e7apl\u0131 soru\u015fturma y\u00fcr\u00fct\u00fcld\u00fc\u011f\u00fcn\u00fc bildirdi. Y\u0131lmaz, sosyal medya hesab\u0131ndan yapt\u0131\u011f\u0131 a\u00e7\u0131klamada, &#8220;\u0130stanbul Sar\u0131yer\u2019de Santa Maria Kilisesinde ayin s\u0131ras\u0131nda bir \u015fahsa yap\u0131lan silahl\u0131 sald\u0131r\u0131y\u0131 en g\u00fc\u00e7l\u00fc \u015fekilde k\u0131n\u0131yor, hayat\u0131n\u0131 kaybeden \u015fahs\u0131n ailesine\" \/>\n<meta property=\"og:url\" content=\"https:\/\/kibrisdakik.com\/?p=28027\" \/>\n<meta property=\"article:published_time\" content=\"2024-01-28T12:25:25+00:00\" \/>\n<meta property=\"og:image\" content=\"https:\/\/kibrisdakik.com\/wp-content\/uploads\/2024\/01\/cevdet-yilmazdan-santa-maria-kilisesindeki-silahli-saldiriya-iliskin-aciklama-1706444115.webp.webp\" \/>\n\t<meta property=\"og:image:width\" content=\"710\" \/>\n\t<meta property=\"og:image:height\" content=\"370\" \/>\n\t<meta property=\"og:image:type\" content=\"image\/webp\" \/>\n<meta name=\"author\" content=\"admin\" \/>\n<meta name=\"twitter:card\" content=\"summary_large_image\" \/>\n<meta name=\"twitter:label1\" content=\"Yazan:\" \/>\n\t<meta name=\"twitter:data1\" content=\"admin\" \/>\n\t<meta name=\"twitter:label2\" content=\"Tahmini okuma s\u00fcresi\" \/>\n\t<meta name=\"twitter:data2\" content=\"1 dakika\" \/>\n<script type=\"application\/ld+json\" class=\"yoast-schema-graph\">{\"@context\":\"https:\\\/\\\/schema.org\",\"@graph\":[{\"@type\":\"Article\",\"@id\":\"https:\\\/\\\/kibrisdakik.com\\\/?p=28027#article\",\"isPartOf\":{\"@id\":\"https:\\\/\\\/kibrisdakik.com\\\/?p=28027\"},\"author\":{\"name\":\"admin\",\"@id\":\"https:\\\/\\\/kibrisdakik.com\\\/#\\\/schema\\\/person\\\/9cd9d437bbb44f72b73ba127e06d8e79\"},\"headline\":\"Cevdet Y\u0131lmaz&#039;dan, Santa Maria Kilisesi&#039;ndeki silahl\u0131 sald\u0131r\u0131ya ili\u015fkin a\u00e7\u0131klama\",\"datePublished\":\"2024-01-28T12:25:25+00:00\",\"mainEntityOfPage\":{\"@id\":\"https:\\\/\\\/kibrisdakik.com\\\/?p=28027\"},\"wordCount\":301,\"commentCount\":0,\"image\":{\"@id\":\"https:\\\/\\\/kibrisdakik.com\\\/?p=28027#primaryimage\"},\"thumbnailUrl\":\"https:\\\/\\\/kibrisdakik.com\\\/wp-content\\\/uploads\\\/2024\\\/01\\\/cevdet-yilmazdan-santa-maria-kilisesindeki-silahli-saldiriya-iliskin-aciklama-1706444115.webp.webp\",\"articleSection\":[\"Spor\"],\"inLanguage\":\"tr\",\"potentialAction\":[{\"@type\":\"CommentAction\",\"name\":\"Comment\",\"target\":[\"https:\\\/\\\/kibrisdakik.com\\\/?p=28027#respond\"]}]},{\"@type\":\"WebPage\",\"@id\":\"https:\\\/\\\/kibrisdakik.com\\\/?p=28027\",\"url\":\"https:\\\/\\\/kibrisdakik.com\\\/?p=28027\",\"name\":\"Cevdet Y\u0131lmaz&#039;dan, Santa Maria Kilisesi&#039;ndeki silahl\u0131 sald\u0131r\u0131ya ili\u015fkin a\u00e7\u0131klama -\",\"isPartOf\":{\"@id\":\"https:\\\/\\\/kibrisdakik.com\\\/#website\"},\"primaryImageOfPage\":{\"@id\":\"https:\\\/\\\/kibrisdakik.com\\\/?p=28027#primaryimage\"},\"image\":{\"@id\":\"https:\\\/\\\/kibrisdakik.com\\\/?p=28027#primaryimage\"},\"thumbnailUrl\":\"https:\\\/\\\/kibrisdakik.com\\\/wp-content\\\/uploads\\\/2024\\\/01\\\/cevdet-yilmazdan-santa-maria-kilisesindeki-silahli-saldiriya-iliskin-aciklama-1706444115.webp.webp\",\"datePublished\":\"2024-01-28T12:25:25+00:00\",\"author\":{\"@id\":\"https:\\\/\\\/kibrisdakik.com\\\/#\\\/schema\\\/person\\\/9cd9d437bbb44f72b73ba127e06d8e79\"},\"breadcrumb\":{\"@id\":\"https:\\\/\\\/kibrisdakik.com\\\/?p=28027#breadcrumb\"},\"inLanguage\":\"tr\",\"potentialAction\":[{\"@type\":\"ReadAction\",\"target\":[\"https:\\\/\\\/kibrisdakik.com\\\/?p=28027\"]}]},{\"@type\":\"ImageObject\",\"inLanguage\":\"tr\",\"@id\":\"https:\\\/\\\/kibrisdakik.com\\\/?p=28027#primaryimage\",\"url\":\"https:\\\/\\\/kibrisdakik.com\\\/wp-content\\\/uploads\\\/2024\\\/01\\\/cevdet-yilmazdan-santa-maria-kilisesindeki-silahli-saldiriya-iliskin-aciklama-1706444115.webp.webp\",\"contentUrl\":\"https:\\\/\\\/kibrisdakik.com\\\/wp-content\\\/uploads\\\/2024\\\/01\\\/cevdet-yilmazdan-santa-maria-kilisesindeki-silahli-saldiriya-iliskin-aciklama-1706444115.webp.webp\",\"width\":710,\"height\":370},{\"@type\":\"BreadcrumbList\",\"@id\":\"https:\\\/\\\/kibrisdakik.com\\\/?p=28027#breadcrumb\",\"itemListElement\":[{\"@type\":\"ListItem\",\"position\":1,\"name\":\"Home\",\"item\":\"https:\\\/\\\/kibrisdakik.com\\\/\"},{\"@type\":\"ListItem\",\"position\":2,\"name\":\"Cevdet Y\u0131lmaz&#039;dan, Santa Maria Kilisesi&#039;ndeki silahl\u0131 sald\u0131r\u0131ya ili\u015fkin a\u00e7\u0131klama\"}]},{\"@type\":\"WebSite\",\"@id\":\"https:\\\/\\\/kibrisdakik.com\\\/#website\",\"url\":\"https:\\\/\\\/kibrisdakik.com\\\/\",\"name\":\"\",\"description\":\"Tam vaktinde haber\",\"potentialAction\":[{\"@type\":\"SearchAction\",\"target\":{\"@type\":\"EntryPoint\",\"urlTemplate\":\"https:\\\/\\\/kibrisdakik.com\\\/?s={search_term_string}\"},\"query-input\":{\"@type\":\"PropertyValueSpecification\",\"valueRequired\":true,\"valueName\":\"search_term_string\"}}],\"inLanguage\":\"tr\"},{\"@type\":\"Person\",\"@id\":\"https:\\\/\\\/kibrisdakik.com\\\/#\\\/schema\\\/person\\\/9cd9d437bbb44f72b73ba127e06d8e79\",\"name\":\"admin\",\"image\":{\"@type\":\"ImageObject\",\"inLanguage\":\"tr\",\"@id\":\"https:\\\/\\\/secure.gravatar.com\\\/avatar\\\/ccc17943b9d660506c869530f897617f7cb1c21a4bf30023f252596d83e1f007?s=96&d=mm&r=g\",\"url\":\"https:\\\/\\\/secure.gravatar.com\\\/avatar\\\/ccc17943b9d660506c869530f897617f7cb1c21a4bf30023f252596d83e1f007?s=96&d=mm&r=g\",\"contentUrl\":\"https:\\\/\\\/secure.gravatar.com\\\/avatar\\\/ccc17943b9d660506c869530f897617f7cb1c21a4bf30023f252596d83e1f007?s=96&d=mm&r=g\",\"caption\":\"admin\"},\"sameAs\":[\"https:\\\/\\\/kibrisdakik.com\"],\"url\":\"https:\\\/\\\/kibrisdakik.com\\\/?author=1\"}]}<\/script>\n<!-- \/ Yoast SEO plugin. -->","yoast_head_json":{"title":"Cevdet Y\u0131lmaz&#039;dan, Santa Maria Kilisesi&#039;ndeki silahl\u0131 sald\u0131r\u0131ya ili\u015fkin a\u00e7\u0131klama -","robots":{"index":"index","follow":"follow","max-snippet":"max-snippet:-1","max-image-preview":"max-image-preview:large","max-video-preview":"max-video-preview:-1"},"canonical":"https:\/\/kibrisdakik.com\/?p=28027","og_locale":"tr_TR","og_type":"article","og_title":"Cevdet Y\u0131lmaz&#039;dan, Santa Maria Kilisesi&#039;ndeki silahl\u0131 sald\u0131r\u0131ya ili\u015fkin a\u00e7\u0131klama -","og_description":"T\u00fcrkiye Cumhuriyeti (TC) Cumhurba\u015fkan\u0131 Yard\u0131mc\u0131s\u0131 Cevdet Y\u0131lmaz, \u0130stanbul\u2019un Sar\u0131yer il\u00e7esindeki Santa Maria Kilisesi&#8217;nde ayin s\u0131ras\u0131nda bir ki\u015fiye y\u00f6nelik silahl\u0131 sald\u0131r\u0131y\u0131 k\u0131nad\u0131\u011f\u0131n\u0131, olay\u0131n ayd\u0131nlat\u0131lmas\u0131 i\u00e7in geni\u015f \u00e7apl\u0131 soru\u015fturma y\u00fcr\u00fct\u00fcld\u00fc\u011f\u00fcn\u00fc bildirdi. Y\u0131lmaz, sosyal medya hesab\u0131ndan yapt\u0131\u011f\u0131 a\u00e7\u0131klamada, &#8220;\u0130stanbul Sar\u0131yer\u2019de Santa Maria Kilisesinde ayin s\u0131ras\u0131nda bir \u015fahsa yap\u0131lan silahl\u0131 sald\u0131r\u0131y\u0131 en g\u00fc\u00e7l\u00fc \u015fekilde k\u0131n\u0131yor, hayat\u0131n\u0131 kaybeden \u015fahs\u0131n ailesine","og_url":"https:\/\/kibrisdakik.com\/?p=28027","article_published_time":"2024-01-28T12:25:25+00:00","og_image":[{"width":710,"height":370,"url":"https:\/\/kibrisdakik.com\/wp-content\/uploads\/2024\/01\/cevdet-yilmazdan-santa-maria-kilisesindeki-silahli-saldiriya-iliskin-aciklama-1706444115.webp.webp","type":"image\/webp"}],"author":"admin","twitter_card":"summary_large_image","twitter_misc":{"Yazan:":"admin","Tahmini okuma s\u00fcresi":"1 dakika"},"schema":{"@context":"https:\/\/schema.org","@graph":[{"@type":"Article","@id":"https:\/\/kibrisdakik.com\/?p=28027#article","isPartOf":{"@id":"https:\/\/kibrisdakik.com\/?p=28027"},"author":{"name":"admin","@id":"https:\/\/kibrisdakik.com\/#\/schema\/person\/9cd9d437bbb44f72b73ba127e06d8e79"},"headline":"Cevdet Y\u0131lmaz&#039;dan, Santa Maria Kilisesi&#039;ndeki silahl\u0131 sald\u0131r\u0131ya ili\u015fkin a\u00e7\u0131klama","datePublished":"2024-01-28T12:25:25+00:00","mainEntityOfPage":{"@id":"https:\/\/kibrisdakik.com\/?p=28027"},"wordCount":301,"commentCount":0,"image":{"@id":"https:\/\/kibrisdakik.com\/?p=28027#primaryimage"},"thumbnailUrl":"https:\/\/kibrisdakik.com\/wp-content\/uploads\/2024\/01\/cevdet-yilmazdan-santa-maria-kilisesindeki-silahli-saldiriya-iliskin-aciklama-1706444115.webp.webp","articleSection":["Spor"],"inLanguage":"tr","potentialAction":[{"@type":"CommentAction","name":"Comment","target":["https:\/\/kibrisdakik.com\/?p=28027#respond"]}]},{"@type":"WebPage","@id":"https:\/\/kibrisdakik.com\/?p=28027","url":"https:\/\/kibrisdakik.com\/?p=28027","name":"Cevdet Y\u0131lmaz&#039;dan, Santa Maria Kilisesi&#039;ndeki silahl\u0131 sald\u0131r\u0131ya ili\u015fkin a\u00e7\u0131klama -","isPartOf":{"@id":"https:\/\/kibrisdakik.com\/#website"},"primaryImageOfPage":{"@id":"https:\/\/kibrisdakik.com\/?p=28027#primaryimage"},"image":{"@id":"https:\/\/kibrisdakik.com\/?p=28027#primaryimage"},"thumbnailUrl":"https:\/\/kibrisdakik.com\/wp-content\/uploads\/2024\/01\/cevdet-yilmazdan-santa-maria-kilisesindeki-silahli-saldiriya-iliskin-aciklama-1706444115.webp.webp","datePublished":"2024-01-28T12:25:25+00:00","author":{"@id":"https:\/\/kibrisdakik.com\/#\/schema\/person\/9cd9d437bbb44f72b73ba127e06d8e79"},"breadcrumb":{"@id":"https:\/\/kibrisdakik.com\/?p=28027#breadcrumb"},"inLanguage":"tr","potentialAction":[{"@type":"ReadAction","target":["https:\/\/kibrisdakik.com\/?p=28027"]}]},{"@type":"ImageObject","inLanguage":"tr","@id":"https:\/\/kibrisdakik.com\/?p=28027#primaryimage","url":"https:\/\/kibrisdakik.com\/wp-content\/uploads\/2024\/01\/cevdet-yilmazdan-santa-maria-kilisesindeki-silahli-saldiriya-iliskin-aciklama-1706444115.webp.webp","contentUrl":"https:\/\/kibrisdakik.com\/wp-content\/uploads\/2024\/01\/cevdet-yilmazdan-santa-maria-kilisesindeki-silahli-saldiriya-iliskin-aciklama-1706444115.webp.webp","width":710,"height":370},{"@type":"BreadcrumbList","@id":"https:\/\/kibrisdakik.com\/?p=28027#breadcrumb","itemListElement":[{"@type":"ListItem","position":1,"name":"Home","item":"https:\/\/kibrisdakik.com\/"},{"@type":"ListItem","position":2,"name":"Cevdet Y\u0131lmaz&#039;dan, Santa Maria Kilisesi&#039;ndeki silahl\u0131 sald\u0131r\u0131ya ili\u015fkin a\u00e7\u0131klama"}]},{"@type":"WebSite","@id":"https:\/\/kibrisdakik.com\/#website","url":"https:\/\/kibrisdakik.com\/","name":"","description":"Tam vaktinde haber","potentialAction":[{"@type":"SearchAction","target":{"@type":"EntryPoint","urlTemplate":"https:\/\/kibrisdakik.com\/?s={search_term_string}"},"query-input":{"@type":"PropertyValueSpecification","valueRequired":true,"valueName":"search_term_string"}}],"inLanguage":"tr"},{"@type":"Person","@id":"https:\/\/kibrisdakik.com\/#\/schema\/person\/9cd9d437bbb44f72b73ba127e06d8e79","name":"admin","image":{"@type":"ImageObject","inLanguage":"tr","@id":"https:\/\/secure.gravatar.com\/avatar\/ccc17943b9d660506c869530f897617f7cb1c21a4bf30023f252596d83e1f007?s=96&d=mm&r=g","url":"https:\/\/secure.gravatar.com\/avatar\/ccc17943b9d660506c869530f897617f7cb1c21a4bf30023f252596d83e1f007?s=96&d=mm&r=g","contentUrl":"https:\/\/secure.gravatar.com\/avatar\/ccc17943b9d660506c869530f897617f7cb1c21a4bf30023f252596d83e1f007?s=96&d=mm&r=g","caption":"admin"},"sameAs":["https:\/\/kibrisdakik.com"],"url":"https:\/\/kibrisdakik.com\/?author=1"}]}},"_links":{"self":[{"href":"https:\/\/kibrisdakik.com\/index.php?rest_route=\/wp\/v2\/posts\/28027","targetHints":{"allow":["GET"]}}],"collection":[{"href":"https:\/\/kibrisdakik.com\/index.php?rest_route=\/wp\/v2\/posts"}],"about":[{"href":"https:\/\/kibrisdakik.com\/index.php?rest_route=\/wp\/v2\/types\/post"}],"author":[{"embeddable":true,"href":"https:\/\/kibrisdakik.com\/index.php?rest_route=\/wp\/v2\/users\/1"}],"replies":[{"embeddable":true,"href":"https:\/\/kibrisdakik.com\/index.php?rest_route=%2Fwp%2Fv2%2Fcomments&post=28027"}],"version-history":[{"count":0,"href":"https:\/\/kibrisdakik.com\/index.php?rest_route=\/wp\/v2\/posts\/28027\/revisions"}],"wp:featuredmedia":[{"embeddable":true,"href":"https:\/\/kibrisdakik.com\/index.php?rest_route=\/wp\/v2\/media\/28028"}],"wp:attachment":[{"href":"https:\/\/kibrisdakik.com\/index.php?rest_route=%2Fwp%2Fv2%2Fmedia&parent=28027"}],"wp:term":[{"taxonomy":"category","embeddable":true,"href":"https:\/\/kibrisdakik.com\/index.php?rest_route=%2Fwp%2Fv2%2Fcategories&post=28027"},{"taxonomy":"post_tag","embeddable":true,"href":"https:\/\/kibrisdakik.com\/index.php?rest_route=%2Fwp%2Fv2%2Ftags&post=28027"}],"curies":[{"name":"wp","href":"https:\/\/api.w.org\/{rel}","templated":true}]}}