{"id":28031,"date":"2024-01-28T10:36:00","date_gmt":"2024-01-28T10:36:00","guid":{"rendered":"https:\/\/kibrisdakik.com\/index.php\/2024\/01\/28\/en-fazla-yagis-kalkanliya-dustu\/"},"modified":"2024-01-28T10:36:00","modified_gmt":"2024-01-28T10:36:00","slug":"en-fazla-yagis-kalkanliya-dustu","status":"publish","type":"post","link":"https:\/\/kibrisdakik.com\/?p=28031","title":{"rendered":"En fazla ya\u011f\u0131\u015f Kalkanl\u0131\u2019ya d\u00fc\u015ft\u00fc"},"content":{"rendered":"<p><img decoding=\"async\" src=\"https:\/\/www.kibristurk.com\/images\/haberler\/2024\/01\/en-fazla-yagis-kalkanliya-dustu-1706438231.webp\" \/><\/p>\n<p>&nbsp;Meteoroloji Dairesi, bu sabah saat 08.00 itibar\u0131yla son 24 saatte ger\u00e7ekle\u015fen ya\u011f\u0131\u015f miktarlar\u0131n\u0131 ve b\u00f6lgelere g\u00f6re da\u011f\u0131l\u0131m\u0131n\u0131 a\u00e7\u0131klad\u0131. En fazla ya\u011f\u0131\u015f Kalkanl\u0131\u2019ya d\u00fc\u015ft\u00fc.<\/p>\n<p>Daireden yap\u0131lan a\u00e7\u0131klamaya g\u00f6re, metrekareye d\u00fc\u015fen ya\u011f\u0131\u015f, Kalkanl\u0131\u2019da 2, T\u00fcrkeli ve Z\u00fcmr\u00fctk\u00f6y\u2019de 1 kilogram olarak \u00f6l\u00e7\u00fcld\u00fc.<\/p>\n<p>Di\u011fer b\u00f6lgelerde ise 1 kg\/m\u00b2\u2019den az ya\u011f\u0131\u015f kaydedildi.<\/p>\n","protected":false},"excerpt":{"rendered":"<p>&nbsp;Meteoroloji Dairesi, bu sabah saat 08.00 itibar\u0131yla son 24 saatte ger\u00e7ekle\u015fen ya\u011f\u0131\u015f miktarlar\u0131n\u0131 ve b\u00f6lgelere g\u00f6re da\u011f\u0131l\u0131m\u0131n\u0131 a\u00e7\u0131klad\u0131. En fazla ya\u011f\u0131\u015f Kalkanl\u0131\u2019ya d\u00fc\u015ft\u00fc. Daireden yap\u0131lan a\u00e7\u0131klamaya g\u00f6re, metrekareye d\u00fc\u015fen ya\u011f\u0131\u015f, Kalkanl\u0131\u2019da 2, T\u00fcrkeli ve Z\u00fcmr\u00fctk\u00f6y\u2019de 1 kilogram olarak \u00f6l\u00e7\u00fcld\u00fc. Di\u011fer b\u00f6lgelerde ise 1 kg\/m\u00b2\u2019den az ya\u011f\u0131\u015f kaydedildi.<\/p>\n","protected":false},"author":1,"featured_media":28032,"comment_status":"open","ping_status":"open","sticky":false,"template":"","format":"standard","meta":{"footnotes":""},"categories":[1],"tags":[],"class_list":["post-28031","post","type-post","status-publish","format-standard","has-post-thumbnail","hentry","category-gundem"],"yoast_head":"<!-- This site is optimized with the Yoast SEO plugin v27.5 - https:\/\/yoast.com\/product\/yoast-seo-wordpress\/ -->\n<title>En fazla ya\u011f\u0131\u015f Kalkanl\u0131\u2019ya d\u00fc\u015ft\u00fc -<\/title>\n<meta name=\"robots\" content=\"index, follow, max-snippet:-1, max-image-preview:large, max-video-preview:-1\" \/>\n<link rel=\"canonical\" href=\"https:\/\/kibrisdakik.com\/?p=28031\" \/>\n<meta property=\"og:locale\" content=\"tr_TR\" \/>\n<meta property=\"og:type\" content=\"article\" \/>\n<meta property=\"og:title\" content=\"En fazla ya\u011f\u0131\u015f Kalkanl\u0131\u2019ya d\u00fc\u015ft\u00fc -\" \/>\n<meta property=\"og:description\" content=\"&nbsp;Meteoroloji Dairesi, bu sabah saat 08.00 itibar\u0131yla son 24 saatte ger\u00e7ekle\u015fen ya\u011f\u0131\u015f miktarlar\u0131n\u0131 ve b\u00f6lgelere g\u00f6re da\u011f\u0131l\u0131m\u0131n\u0131 a\u00e7\u0131klad\u0131. En fazla ya\u011f\u0131\u015f Kalkanl\u0131\u2019ya d\u00fc\u015ft\u00fc. Daireden yap\u0131lan a\u00e7\u0131klamaya g\u00f6re, metrekareye d\u00fc\u015fen ya\u011f\u0131\u015f, Kalkanl\u0131\u2019da 2, T\u00fcrkeli ve Z\u00fcmr\u00fctk\u00f6y\u2019de 1 kilogram olarak \u00f6l\u00e7\u00fcld\u00fc. Di\u011fer b\u00f6lgelerde ise 1 kg\/m\u00b2\u2019den az ya\u011f\u0131\u015f kaydedildi.\" \/>\n<meta property=\"og:url\" content=\"https:\/\/kibrisdakik.com\/?p=28031\" \/>\n<meta property=\"article:published_time\" content=\"2024-01-28T10:36:00+00:00\" \/>\n<meta property=\"og:image\" content=\"https:\/\/kibrisdakik.com\/wp-content\/uploads\/2024\/01\/en-fazla-yagis-kalkanliya-dustu-1706438231.webp.webp\" \/>\n\t<meta property=\"og:image:width\" content=\"710\" \/>\n\t<meta property=\"og:image:height\" content=\"370\" \/>\n\t<meta property=\"og:image:type\" content=\"image\/webp\" \/>\n<meta name=\"author\" content=\"admin\" \/>\n<meta name=\"twitter:card\" content=\"summary_large_image\" \/>\n<meta name=\"twitter:label1\" content=\"Yazan:\" \/>\n\t<meta name=\"twitter:data1\" content=\"admin\" \/>\n<script type=\"application\/ld+json\" class=\"yoast-schema-graph\">{\"@context\":\"https:\\\/\\\/schema.org\",\"@graph\":[{\"@type\":\"Article\",\"@id\":\"https:\\\/\\\/kibrisdakik.com\\\/?p=28031#article\",\"isPartOf\":{\"@id\":\"https:\\\/\\\/kibrisdakik.com\\\/?p=28031\"},\"author\":{\"name\":\"admin\",\"@id\":\"https:\\\/\\\/kibrisdakik.com\\\/#\\\/schema\\\/person\\\/9cd9d437bbb44f72b73ba127e06d8e79\"},\"headline\":\"En fazla ya\u011f\u0131\u015f Kalkanl\u0131\u2019ya d\u00fc\u015ft\u00fc\",\"datePublished\":\"2024-01-28T10:36:00+00:00\",\"mainEntityOfPage\":{\"@id\":\"https:\\\/\\\/kibrisdakik.com\\\/?p=28031\"},\"wordCount\":77,\"commentCount\":0,\"image\":{\"@id\":\"https:\\\/\\\/kibrisdakik.com\\\/?p=28031#primaryimage\"},\"thumbnailUrl\":\"https:\\\/\\\/kibrisdakik.com\\\/wp-content\\\/uploads\\\/2024\\\/01\\\/en-fazla-yagis-kalkanliya-dustu-1706438231.webp.webp\",\"articleSection\":[\"G\u00fcndem\"],\"inLanguage\":\"tr\",\"potentialAction\":[{\"@type\":\"CommentAction\",\"name\":\"Comment\",\"target\":[\"https:\\\/\\\/kibrisdakik.com\\\/?p=28031#respond\"]}]},{\"@type\":\"WebPage\",\"@id\":\"https:\\\/\\\/kibrisdakik.com\\\/?p=28031\",\"url\":\"https:\\\/\\\/kibrisdakik.com\\\/?p=28031\",\"name\":\"En fazla ya\u011f\u0131\u015f Kalkanl\u0131\u2019ya d\u00fc\u015ft\u00fc -\",\"isPartOf\":{\"@id\":\"https:\\\/\\\/kibrisdakik.com\\\/#website\"},\"primaryImageOfPage\":{\"@id\":\"https:\\\/\\\/kibrisdakik.com\\\/?p=28031#primaryimage\"},\"image\":{\"@id\":\"https:\\\/\\\/kibrisdakik.com\\\/?p=28031#primaryimage\"},\"thumbnailUrl\":\"https:\\\/\\\/kibrisdakik.com\\\/wp-content\\\/uploads\\\/2024\\\/01\\\/en-fazla-yagis-kalkanliya-dustu-1706438231.webp.webp\",\"datePublished\":\"2024-01-28T10:36:00+00:00\",\"author\":{\"@id\":\"https:\\\/\\\/kibrisdakik.com\\\/#\\\/schema\\\/person\\\/9cd9d437bbb44f72b73ba127e06d8e79\"},\"breadcrumb\":{\"@id\":\"https:\\\/\\\/kibrisdakik.com\\\/?p=28031#breadcrumb\"},\"inLanguage\":\"tr\",\"potentialAction\":[{\"@type\":\"ReadAction\",\"target\":[\"https:\\\/\\\/kibrisdakik.com\\\/?p=28031\"]}]},{\"@type\":\"ImageObject\",\"inLanguage\":\"tr\",\"@id\":\"https:\\\/\\\/kibrisdakik.com\\\/?p=28031#primaryimage\",\"url\":\"https:\\\/\\\/kibrisdakik.com\\\/wp-content\\\/uploads\\\/2024\\\/01\\\/en-fazla-yagis-kalkanliya-dustu-1706438231.webp.webp\",\"contentUrl\":\"https:\\\/\\\/kibrisdakik.com\\\/wp-content\\\/uploads\\\/2024\\\/01\\\/en-fazla-yagis-kalkanliya-dustu-1706438231.webp.webp\",\"width\":710,\"height\":370},{\"@type\":\"BreadcrumbList\",\"@id\":\"https:\\\/\\\/kibrisdakik.com\\\/?p=28031#breadcrumb\",\"itemListElement\":[{\"@type\":\"ListItem\",\"position\":1,\"name\":\"Home\",\"item\":\"https:\\\/\\\/kibrisdakik.com\\\/\"},{\"@type\":\"ListItem\",\"position\":2,\"name\":\"En fazla ya\u011f\u0131\u015f Kalkanl\u0131\u2019ya d\u00fc\u015ft\u00fc\"}]},{\"@type\":\"WebSite\",\"@id\":\"https:\\\/\\\/kibrisdakik.com\\\/#website\",\"url\":\"https:\\\/\\\/kibrisdakik.com\\\/\",\"name\":\"\",\"description\":\"Tam vaktinde haber\",\"potentialAction\":[{\"@type\":\"SearchAction\",\"target\":{\"@type\":\"EntryPoint\",\"urlTemplate\":\"https:\\\/\\\/kibrisdakik.com\\\/?s={search_term_string}\"},\"query-input\":{\"@type\":\"PropertyValueSpecification\",\"valueRequired\":true,\"valueName\":\"search_term_string\"}}],\"inLanguage\":\"tr\"},{\"@type\":\"Person\",\"@id\":\"https:\\\/\\\/kibrisdakik.com\\\/#\\\/schema\\\/person\\\/9cd9d437bbb44f72b73ba127e06d8e79\",\"name\":\"admin\",\"image\":{\"@type\":\"ImageObject\",\"inLanguage\":\"tr\",\"@id\":\"https:\\\/\\\/secure.gravatar.com\\\/avatar\\\/ccc17943b9d660506c869530f897617f7cb1c21a4bf30023f252596d83e1f007?s=96&d=mm&r=g\",\"url\":\"https:\\\/\\\/secure.gravatar.com\\\/avatar\\\/ccc17943b9d660506c869530f897617f7cb1c21a4bf30023f252596d83e1f007?s=96&d=mm&r=g\",\"contentUrl\":\"https:\\\/\\\/secure.gravatar.com\\\/avatar\\\/ccc17943b9d660506c869530f897617f7cb1c21a4bf30023f252596d83e1f007?s=96&d=mm&r=g\",\"caption\":\"admin\"},\"sameAs\":[\"https:\\\/\\\/kibrisdakik.com\"],\"url\":\"https:\\\/\\\/kibrisdakik.com\\\/?author=1\"}]}<\/script>\n<!-- \/ Yoast SEO plugin. -->","yoast_head_json":{"title":"En fazla ya\u011f\u0131\u015f Kalkanl\u0131\u2019ya d\u00fc\u015ft\u00fc -","robots":{"index":"index","follow":"follow","max-snippet":"max-snippet:-1","max-image-preview":"max-image-preview:large","max-video-preview":"max-video-preview:-1"},"canonical":"https:\/\/kibrisdakik.com\/?p=28031","og_locale":"tr_TR","og_type":"article","og_title":"En fazla ya\u011f\u0131\u015f Kalkanl\u0131\u2019ya d\u00fc\u015ft\u00fc -","og_description":"&nbsp;Meteoroloji Dairesi, bu sabah saat 08.00 itibar\u0131yla son 24 saatte ger\u00e7ekle\u015fen ya\u011f\u0131\u015f miktarlar\u0131n\u0131 ve b\u00f6lgelere g\u00f6re da\u011f\u0131l\u0131m\u0131n\u0131 a\u00e7\u0131klad\u0131. En fazla ya\u011f\u0131\u015f Kalkanl\u0131\u2019ya d\u00fc\u015ft\u00fc. Daireden yap\u0131lan a\u00e7\u0131klamaya g\u00f6re, metrekareye d\u00fc\u015fen ya\u011f\u0131\u015f, Kalkanl\u0131\u2019da 2, T\u00fcrkeli ve Z\u00fcmr\u00fctk\u00f6y\u2019de 1 kilogram olarak \u00f6l\u00e7\u00fcld\u00fc. Di\u011fer b\u00f6lgelerde ise 1 kg\/m\u00b2\u2019den az ya\u011f\u0131\u015f kaydedildi.","og_url":"https:\/\/kibrisdakik.com\/?p=28031","article_published_time":"2024-01-28T10:36:00+00:00","og_image":[{"width":710,"height":370,"url":"https:\/\/kibrisdakik.com\/wp-content\/uploads\/2024\/01\/en-fazla-yagis-kalkanliya-dustu-1706438231.webp.webp","type":"image\/webp"}],"author":"admin","twitter_card":"summary_large_image","twitter_misc":{"Yazan:":"admin"},"schema":{"@context":"https:\/\/schema.org","@graph":[{"@type":"Article","@id":"https:\/\/kibrisdakik.com\/?p=28031#article","isPartOf":{"@id":"https:\/\/kibrisdakik.com\/?p=28031"},"author":{"name":"admin","@id":"https:\/\/kibrisdakik.com\/#\/schema\/person\/9cd9d437bbb44f72b73ba127e06d8e79"},"headline":"En fazla ya\u011f\u0131\u015f Kalkanl\u0131\u2019ya d\u00fc\u015ft\u00fc","datePublished":"2024-01-28T10:36:00+00:00","mainEntityOfPage":{"@id":"https:\/\/kibrisdakik.com\/?p=28031"},"wordCount":77,"commentCount":0,"image":{"@id":"https:\/\/kibrisdakik.com\/?p=28031#primaryimage"},"thumbnailUrl":"https:\/\/kibrisdakik.com\/wp-content\/uploads\/2024\/01\/en-fazla-yagis-kalkanliya-dustu-1706438231.webp.webp","articleSection":["G\u00fcndem"],"inLanguage":"tr","potentialAction":[{"@type":"CommentAction","name":"Comment","target":["https:\/\/kibrisdakik.com\/?p=28031#respond"]}]},{"@type":"WebPage","@id":"https:\/\/kibrisdakik.com\/?p=28031","url":"https:\/\/kibrisdakik.com\/?p=28031","name":"En fazla ya\u011f\u0131\u015f Kalkanl\u0131\u2019ya d\u00fc\u015ft\u00fc -","isPartOf":{"@id":"https:\/\/kibrisdakik.com\/#website"},"primaryImageOfPage":{"@id":"https:\/\/kibrisdakik.com\/?p=28031#primaryimage"},"image":{"@id":"https:\/\/kibrisdakik.com\/?p=28031#primaryimage"},"thumbnailUrl":"https:\/\/kibrisdakik.com\/wp-content\/uploads\/2024\/01\/en-fazla-yagis-kalkanliya-dustu-1706438231.webp.webp","datePublished":"2024-01-28T10:36:00+00:00","author":{"@id":"https:\/\/kibrisdakik.com\/#\/schema\/person\/9cd9d437bbb44f72b73ba127e06d8e79"},"breadcrumb":{"@id":"https:\/\/kibrisdakik.com\/?p=28031#breadcrumb"},"inLanguage":"tr","potentialAction":[{"@type":"ReadAction","target":["https:\/\/kibrisdakik.com\/?p=28031"]}]},{"@type":"ImageObject","inLanguage":"tr","@id":"https:\/\/kibrisdakik.com\/?p=28031#primaryimage","url":"https:\/\/kibrisdakik.com\/wp-content\/uploads\/2024\/01\/en-fazla-yagis-kalkanliya-dustu-1706438231.webp.webp","contentUrl":"https:\/\/kibrisdakik.com\/wp-content\/uploads\/2024\/01\/en-fazla-yagis-kalkanliya-dustu-1706438231.webp.webp","width":710,"height":370},{"@type":"BreadcrumbList","@id":"https:\/\/kibrisdakik.com\/?p=28031#breadcrumb","itemListElement":[{"@type":"ListItem","position":1,"name":"Home","item":"https:\/\/kibrisdakik.com\/"},{"@type":"ListItem","position":2,"name":"En fazla ya\u011f\u0131\u015f Kalkanl\u0131\u2019ya d\u00fc\u015ft\u00fc"}]},{"@type":"WebSite","@id":"https:\/\/kibrisdakik.com\/#website","url":"https:\/\/kibrisdakik.com\/","name":"","description":"Tam vaktinde haber","potentialAction":[{"@type":"SearchAction","target":{"@type":"EntryPoint","urlTemplate":"https:\/\/kibrisdakik.com\/?s={search_term_string}"},"query-input":{"@type":"PropertyValueSpecification","valueRequired":true,"valueName":"search_term_string"}}],"inLanguage":"tr"},{"@type":"Person","@id":"https:\/\/kibrisdakik.com\/#\/schema\/person\/9cd9d437bbb44f72b73ba127e06d8e79","name":"admin","image":{"@type":"ImageObject","inLanguage":"tr","@id":"https:\/\/secure.gravatar.com\/avatar\/ccc17943b9d660506c869530f897617f7cb1c21a4bf30023f252596d83e1f007?s=96&d=mm&r=g","url":"https:\/\/secure.gravatar.com\/avatar\/ccc17943b9d660506c869530f897617f7cb1c21a4bf30023f252596d83e1f007?s=96&d=mm&r=g","contentUrl":"https:\/\/secure.gravatar.com\/avatar\/ccc17943b9d660506c869530f897617f7cb1c21a4bf30023f252596d83e1f007?s=96&d=mm&r=g","caption":"admin"},"sameAs":["https:\/\/kibrisdakik.com"],"url":"https:\/\/kibrisdakik.com\/?author=1"}]}},"_links":{"self":[{"href":"https:\/\/kibrisdakik.com\/index.php?rest_route=\/wp\/v2\/posts\/28031","targetHints":{"allow":["GET"]}}],"collection":[{"href":"https:\/\/kibrisdakik.com\/index.php?rest_route=\/wp\/v2\/posts"}],"about":[{"href":"https:\/\/kibrisdakik.com\/index.php?rest_route=\/wp\/v2\/types\/post"}],"author":[{"embeddable":true,"href":"https:\/\/kibrisdakik.com\/index.php?rest_route=\/wp\/v2\/users\/1"}],"replies":[{"embeddable":true,"href":"https:\/\/kibrisdakik.com\/index.php?rest_route=%2Fwp%2Fv2%2Fcomments&post=28031"}],"version-history":[{"count":0,"href":"https:\/\/kibrisdakik.com\/index.php?rest_route=\/wp\/v2\/posts\/28031\/revisions"}],"wp:featuredmedia":[{"embeddable":true,"href":"https:\/\/kibrisdakik.com\/index.php?rest_route=\/wp\/v2\/media\/28032"}],"wp:attachment":[{"href":"https:\/\/kibrisdakik.com\/index.php?rest_route=%2Fwp%2Fv2%2Fmedia&parent=28031"}],"wp:term":[{"taxonomy":"category","embeddable":true,"href":"https:\/\/kibrisdakik.com\/index.php?rest_route=%2Fwp%2Fv2%2Fcategories&post=28031"},{"taxonomy":"post_tag","embeddable":true,"href":"https:\/\/kibrisdakik.com\/index.php?rest_route=%2Fwp%2Fv2%2Ftags&post=28031"}],"curies":[{"name":"wp","href":"https:\/\/api.w.org\/{rel}","templated":true}]}}