{"id":28059,"date":"2024-01-28T16:24:55","date_gmt":"2024-01-28T16:24:55","guid":{"rendered":"https:\/\/kibrisdakik.com\/index.php\/2024\/01\/28\/istanbulda-yogun-bakim-doluluk-orani-yuzde-80lere-ulasti\/"},"modified":"2024-01-28T16:24:55","modified_gmt":"2024-01-28T16:24:55","slug":"istanbulda-yogun-bakim-doluluk-orani-yuzde-80lere-ulasti","status":"publish","type":"post","link":"https:\/\/kibrisdakik.com\/?p=28059","title":{"rendered":"\u0130stanbul&#039;da yo\u011fun bak\u0131m doluluk oran\u0131 y\u00fczde 80&#039;lere ula\u015ft\u0131!"},"content":{"rendered":"<p><img decoding=\"async\" src=\"https:\/\/www.kibristurk.com\/images\/haberler\/2024\/01\/istanbulda-yogun-bakim-doluluk-orani-yuzde-80lere-ulasti-1706452735.webp\" \/><\/p>\n<p>\nK\u0131\u015f mevsimi ile birlikte pek \u00e7ok vir\u00fcs\u00fcn dola\u015f\u0131ma girmesiyle artan viral salg\u0131nlar, hem acillerde hem de yo\u011fun bak\u0131mlarda hasta art\u0131\u015f\u0131na neden olsa da bu durumun beklenen mevsimsel bir art\u0131\u015f oldu\u011funu s\u00f6yleyen&nbsp;\u0130stanbul&nbsp;\u0130l Sa\u011fl\u0131k M\u00fcd\u00fcr\u00fc&nbsp;Prof. Dr. Kemal Memi\u015fo\u011flu, \u201cGe\u00e7en senelerden farkl\u0131 bir say\u0131 var m\u0131 derseniz, \u00e7ok anlaml\u0131 bir farkl\u0131l\u0131\u011f\u0131m\u0131z yok. Klinik s\u00fcre\u00e7ler belki biraz farkl\u0131 olabilir. Biraz daha uzun s\u00fcr\u00fcyor olabilir hastal\u0131\u011f\u0131n belirtileri.<\/p>\n<p>Kovid ile k\u0131yaslayanlar var; bunun k\u0131yaslanmas\u0131 m\u00fcmk\u00fcn de\u011fil. \u00c7\u00fcnk\u00fc bu, mevsimsel bir art\u0131\u015f, bekledi\u011fimiz bir durum. Kovid mevsimsel bir&nbsp;salg\u0131n&nbsp;de\u011fildi. 2019-2020-2021 senelerinde aral\u0131ks\u0131z bir salg\u0131n \u015feklinde s\u00fcrd\u00fc&#8221; dedi. \u0130stanbul&#8217;daki&nbsp;yo\u011fun bak\u0131m&nbsp;doluluk oranlar\u0131n\u0131n&nbsp;y\u00fczde&nbsp;70 ila 80&#8217;ler civar\u0131nda seyretti\u011fini s\u00f6yleyen Prof. Dr. Memi\u015fo\u011flu, damar t\u0131kan\u0131kl\u0131\u011f\u0131, kalp hastal\u0131\u011f\u0131 ya da inme gibi dola\u015f\u0131m sistemi bozuklu\u011fu olan hasta say\u0131s\u0131n\u0131n, \u00fcst solunum yolu enfeksiyonu hastalar\u0131ndan daha fazla oldu\u011funu kaydetti.<\/p>\n<p><strong>\u201cHER YIL YA\u015eADI\u011eIMIZ MEVS\u0130MSEL YO\u011eUNLUK&#8221;<\/strong><\/p>\n<p>Asl\u0131nda her y\u0131l Kas\u0131m, Aral\u0131k, Ocak ve \u015eubat aylar\u0131n\u0131n \u00fcst solunum yolu enfeksiyonu mevsimi olarak ge\u00e7ti\u011fine dikkat \u00e7eken Prof. Dr. Memi\u015fo\u011flu, \u201cKapal\u0131 ortamlarda daha \u00e7ok bulunmaya ba\u011fl\u0131 olarak a\u011f\u0131rl\u0131kla influenza dedi\u011fimiz grip vir\u00fcs\u00fcne ba\u011fl\u0131 enfeksiyonlarda mevsimsel art\u0131\u015flar\u0131n oldu\u011fu, rutin olarak ya\u015fad\u0131\u011f\u0131m\u0131z bir d\u00f6nem. Y\u00fczy\u0131llard\u0131r da b\u00f6yle bu asl\u0131nda. Yo\u011fun bak\u0131mlar\u0131m\u0131z\u0131 yatak say\u0131s\u0131 ve n\u00fcfusa oranlad\u0131\u011f\u0131m\u0131z zaman Avrupa ve OECD&#8217;nin \u00e7ok \u00fcst\u00fcnde bir kapasiteye sahibiz. Burada yatan hastalar sadece \u00fcst solunum yolu enfeksiyonlar\u0131 de\u011fil; inme hastalar\u0131, ameliyat sonras\u0131 hastalar, d\u00fc\u015fk\u00fcn hastalar, a\u011f\u0131r \u015feker hastalar\u0131 ya da koma halindeki her hastaya burada bak\u0131yoruz. Di\u011fer hastal\u0131klar da var tabii. Onun i\u00e7in de yo\u011fun bak\u0131m yataklar\u0131m\u0131zda ortalama y\u00fczde 70 ila 80 aras\u0131 doluluk oluyor bu mevsimlerde. Yaz d\u00f6nemlerinde daha d\u00fc\u015f\u00fck oluyor bu oranlar&#8221; diye konu\u015ftu.<br \/>\n&nbsp;<\/p>\n<p><strong>\u201cDOLA\u015eIM HASTALIKLARI GR\u0130PTEN DAHA TEHL\u0130KEL\u0130&#8221;<\/strong><\/p>\n<p>Dola\u015f\u0131m hastal\u0131klar\u0131n\u0131n \u00fcst solunum yolu enfeksiyonu ya da bula\u015f\u0131c\u0131 hastal\u0131klardan \u00e7ok daha fazla \u00f6l\u00fcme sebebiyet verdi\u011fini belirten Prof. Dr. Memi\u015fo\u011flu, \u015funlar\u0131 s\u00f6yledi: \u201cDamar hastal\u0131\u011f\u0131 der baz\u0131lar\u0131, baz\u0131lar\u0131 dola\u015f\u0131m hastal\u0131\u011f\u0131 der; bug\u00fcn inmeye, kalp krizine bakt\u0131\u011f\u0131m\u0131zda, bu hastal\u0131klardaki \u00f6l\u00fcm oranlar\u0131, viral enfeksiyonlara ba\u011fl\u0131 \u00fcst solunum yolu enfeksiyonlar\u0131na ba\u011fl\u0131 \u00f6l\u00fcm oranlar\u0131ndan \u00e7ok daha y\u00fcksektir. \u015eu anda yo\u011fun bak\u0131mlar\u0131m\u0131zda solunum yolu hastal\u0131klar\u0131ndan daha fazla, bu t\u00fcr hastalar\u0131n takip edildi\u011fini, bunlar\u0131n say\u0131s\u0131n\u0131n daha y\u00fcksek oldu\u011funu g\u00f6r\u00fcyoruz. \u0130nsanlar tabii ki kendilerini bula\u015f\u0131c\u0131 hastal\u0131klardan korumal\u0131. Ama geli\u015fmi\u015f ya da geli\u015fmekte olan \u00fclkelerdeki en b\u00fcy\u00fck sorun, dola\u015f\u0131m hastal\u0131klar\u0131, inme, kalp krizi, diyabet gibi hastal\u0131klar ve bunlar bir de gen\u00e7 i\u015f g\u00fcc\u00fc sahibi insanlarda \u00e7ok daha riskli bir haline geliyor.&#8221;<br \/>\n&nbsp;<\/p>\n<p><strong>\u201cAC\u0130LE DE\u011e\u0130L, A\u0130LE HEK\u0130MLER\u0130N\u0130ZE G\u0130D\u0130N\u201d<\/strong><\/p>\n<p>&#8220;\u0130nsanlar\u0131m\u0131z\u0131n hasta olmamas\u0131 i\u00e7in de \u00f6nlemler almas\u0131 laz\u0131m&#8221; diyen Prof. Dr. Memi\u015fo\u011flu, s\u00f6zlerini \u015fu uyar\u0131larda bulunarak bitirdi: \u201cKendini k\u00f6t\u00fc hissetti\u011fi zaman maske kullanmas\u0131n\u0131 tavsiye ediyoruz. Kapal\u0131 ortamlara girdiklerinde daha dikkatli olmas\u0131n\u0131, k\u0131rg\u0131nl\u0131k varsa ya da ya\u015fl\u0131, kronik hastal\u0131klar\u0131, ek hastal\u0131klar\u0131 varsa; kapal\u0131, kalabal\u0131k ortamlara girmemesini, girmek zorunda kal\u0131rsa da maske kullanmas\u0131n\u0131 \u00f6zellikle istiyoruz. K\u0131rg\u0131nl\u0131\u011f\u0131, hafif ate\u015fi olan, solunum yolu enfeksiyonu belirtileri ya\u015fayan hastalar\u0131m\u0131zda erken a\u015famada tedavi verdi\u011fimizde etkili olabiliyoruz. Bu nedenle bu vatanda\u015flar\u0131m\u0131z, kendilerine en yak\u0131n olan aile hekimlerine gitmeli bu tip durumlarda. \u00d6zellikle ya\u015fl\u0131 ya da yanda\u015f hastal\u0131\u011f\u0131 olanlar\u0131n, aile hekimlerine gitmesi \u00e7ok daha \u00f6nemli. \u00c7\u00fcnk\u00fc erken d\u00f6nemde \u00e7ok daha rahat tedavi alabilirler ve hastal\u0131\u011f\u0131 daha hafif ge\u00e7irebilirler. Kalabal\u0131k olan acillere gitmektense kendi aile hekimlerine gitmeleri \u00e7ok daha etkili. Ayr\u0131ca acillerde her zaman, kalp krizi, trafik kazas\u0131 ya da travma hastalar\u0131na her zaman \u00f6ncelik verilmek zorunda. Ondan sonra grip vb. hastalara bak\u0131l\u0131r. O kalabal\u0131k ortamda bir s\u00fcre beklemek zorunda kal\u0131rs\u0131n\u0131z. Mevsimsel yo\u011funlu\u011fumuz bizim bahsetti\u011fimiz Kas\u0131m, Aral\u0131k, Ocak \u015eubat aylar\u0131nda oldu\u011fu i\u00e7in \u00f6n\u00fcm\u00fczdeki haftalarda yava\u015f yava\u015f d\u00fc\u015fme e\u011filimine girece\u011fini d\u00fc\u015f\u00fcn\u00fcyoruz. Mart&#8217;a kadar devam edip, bu mevsimden sonra da art\u0131k yo\u011funluk, alerjik hastal\u0131klara y\u00f6nelik olacak.&#8221;<\/p>\n","protected":false},"excerpt":{"rendered":"<p>K\u0131\u015f mevsimi ile birlikte pek \u00e7ok vir\u00fcs\u00fcn dola\u015f\u0131ma girmesiyle artan viral salg\u0131nlar, hem acillerde hem de yo\u011fun bak\u0131mlarda hasta art\u0131\u015f\u0131na neden olsa da bu durumun beklenen mevsimsel bir art\u0131\u015f oldu\u011funu s\u00f6yleyen&nbsp;\u0130stanbul&nbsp;\u0130l Sa\u011fl\u0131k M\u00fcd\u00fcr\u00fc&nbsp;Prof. Dr. Kemal Memi\u015fo\u011flu, \u201cGe\u00e7en senelerden farkl\u0131 bir say\u0131 var m\u0131 derseniz, \u00e7ok anlaml\u0131 bir farkl\u0131l\u0131\u011f\u0131m\u0131z yok. Klinik s\u00fcre\u00e7ler belki biraz farkl\u0131 olabilir.<\/p>\n","protected":false},"author":1,"featured_media":28060,"comment_status":"open","ping_status":"open","sticky":false,"template":"","format":"standard","meta":{"footnotes":""},"categories":[1],"tags":[],"class_list":["post-28059","post","type-post","status-publish","format-standard","has-post-thumbnail","hentry","category-gundem"],"yoast_head":"<!-- This site is optimized with the Yoast SEO plugin v27.4 - https:\/\/yoast.com\/product\/yoast-seo-wordpress\/ -->\n<title>\u0130stanbul&#039;da yo\u011fun bak\u0131m doluluk oran\u0131 y\u00fczde 80&#039;lere ula\u015ft\u0131! -<\/title>\n<meta name=\"robots\" content=\"index, follow, max-snippet:-1, max-image-preview:large, max-video-preview:-1\" \/>\n<link rel=\"canonical\" href=\"https:\/\/kibrisdakik.com\/?p=28059\" \/>\n<meta property=\"og:locale\" content=\"tr_TR\" \/>\n<meta property=\"og:type\" content=\"article\" \/>\n<meta property=\"og:title\" content=\"\u0130stanbul&#039;da yo\u011fun bak\u0131m doluluk oran\u0131 y\u00fczde 80&#039;lere ula\u015ft\u0131! -\" \/>\n<meta property=\"og:description\" content=\"K\u0131\u015f mevsimi ile birlikte pek \u00e7ok vir\u00fcs\u00fcn dola\u015f\u0131ma girmesiyle artan viral salg\u0131nlar, hem acillerde hem de yo\u011fun bak\u0131mlarda hasta art\u0131\u015f\u0131na neden olsa da bu durumun beklenen mevsimsel bir art\u0131\u015f oldu\u011funu s\u00f6yleyen&nbsp;\u0130stanbul&nbsp;\u0130l Sa\u011fl\u0131k M\u00fcd\u00fcr\u00fc&nbsp;Prof. Dr. Kemal Memi\u015fo\u011flu, \u201cGe\u00e7en senelerden farkl\u0131 bir say\u0131 var m\u0131 derseniz, \u00e7ok anlaml\u0131 bir farkl\u0131l\u0131\u011f\u0131m\u0131z yok. Klinik s\u00fcre\u00e7ler belki biraz farkl\u0131 olabilir.\" \/>\n<meta property=\"og:url\" content=\"https:\/\/kibrisdakik.com\/?p=28059\" \/>\n<meta property=\"article:published_time\" content=\"2024-01-28T16:24:55+00:00\" \/>\n<meta property=\"og:image\" content=\"https:\/\/kibrisdakik.com\/wp-content\/uploads\/2024\/01\/istanbulda-yogun-bakim-doluluk-orani-yuzde-80lere-ulasti-1706452735.webp.webp\" \/>\n\t<meta property=\"og:image:width\" content=\"710\" \/>\n\t<meta property=\"og:image:height\" content=\"370\" \/>\n\t<meta property=\"og:image:type\" content=\"image\/webp\" \/>\n<meta name=\"author\" content=\"admin\" \/>\n<meta name=\"twitter:card\" content=\"summary_large_image\" \/>\n<meta name=\"twitter:label1\" content=\"Yazan:\" \/>\n\t<meta name=\"twitter:data1\" content=\"admin\" \/>\n\t<meta name=\"twitter:label2\" content=\"Tahmini okuma s\u00fcresi\" \/>\n\t<meta name=\"twitter:data2\" content=\"4 dakika\" \/>\n<script type=\"application\/ld+json\" class=\"yoast-schema-graph\">{\"@context\":\"https:\\\/\\\/schema.org\",\"@graph\":[{\"@type\":\"Article\",\"@id\":\"https:\\\/\\\/kibrisdakik.com\\\/?p=28059#article\",\"isPartOf\":{\"@id\":\"https:\\\/\\\/kibrisdakik.com\\\/?p=28059\"},\"author\":{\"name\":\"admin\",\"@id\":\"https:\\\/\\\/kibrisdakik.com\\\/#\\\/schema\\\/person\\\/9cd9d437bbb44f72b73ba127e06d8e79\"},\"headline\":\"\u0130stanbul&#039;da yo\u011fun bak\u0131m doluluk oran\u0131 y\u00fczde 80&#039;lere ula\u015ft\u0131!\",\"datePublished\":\"2024-01-28T16:24:55+00:00\",\"mainEntityOfPage\":{\"@id\":\"https:\\\/\\\/kibrisdakik.com\\\/?p=28059\"},\"wordCount\":829,\"commentCount\":0,\"image\":{\"@id\":\"https:\\\/\\\/kibrisdakik.com\\\/?p=28059#primaryimage\"},\"thumbnailUrl\":\"https:\\\/\\\/kibrisdakik.com\\\/wp-content\\\/uploads\\\/2024\\\/01\\\/istanbulda-yogun-bakim-doluluk-orani-yuzde-80lere-ulasti-1706452735.webp.webp\",\"articleSection\":[\"G\u00fcndem\"],\"inLanguage\":\"tr\",\"potentialAction\":[{\"@type\":\"CommentAction\",\"name\":\"Comment\",\"target\":[\"https:\\\/\\\/kibrisdakik.com\\\/?p=28059#respond\"]}]},{\"@type\":\"WebPage\",\"@id\":\"https:\\\/\\\/kibrisdakik.com\\\/?p=28059\",\"url\":\"https:\\\/\\\/kibrisdakik.com\\\/?p=28059\",\"name\":\"\u0130stanbul&#039;da yo\u011fun bak\u0131m doluluk oran\u0131 y\u00fczde 80&#039;lere ula\u015ft\u0131! -\",\"isPartOf\":{\"@id\":\"https:\\\/\\\/kibrisdakik.com\\\/#website\"},\"primaryImageOfPage\":{\"@id\":\"https:\\\/\\\/kibrisdakik.com\\\/?p=28059#primaryimage\"},\"image\":{\"@id\":\"https:\\\/\\\/kibrisdakik.com\\\/?p=28059#primaryimage\"},\"thumbnailUrl\":\"https:\\\/\\\/kibrisdakik.com\\\/wp-content\\\/uploads\\\/2024\\\/01\\\/istanbulda-yogun-bakim-doluluk-orani-yuzde-80lere-ulasti-1706452735.webp.webp\",\"datePublished\":\"2024-01-28T16:24:55+00:00\",\"author\":{\"@id\":\"https:\\\/\\\/kibrisdakik.com\\\/#\\\/schema\\\/person\\\/9cd9d437bbb44f72b73ba127e06d8e79\"},\"breadcrumb\":{\"@id\":\"https:\\\/\\\/kibrisdakik.com\\\/?p=28059#breadcrumb\"},\"inLanguage\":\"tr\",\"potentialAction\":[{\"@type\":\"ReadAction\",\"target\":[\"https:\\\/\\\/kibrisdakik.com\\\/?p=28059\"]}]},{\"@type\":\"ImageObject\",\"inLanguage\":\"tr\",\"@id\":\"https:\\\/\\\/kibrisdakik.com\\\/?p=28059#primaryimage\",\"url\":\"https:\\\/\\\/kibrisdakik.com\\\/wp-content\\\/uploads\\\/2024\\\/01\\\/istanbulda-yogun-bakim-doluluk-orani-yuzde-80lere-ulasti-1706452735.webp.webp\",\"contentUrl\":\"https:\\\/\\\/kibrisdakik.com\\\/wp-content\\\/uploads\\\/2024\\\/01\\\/istanbulda-yogun-bakim-doluluk-orani-yuzde-80lere-ulasti-1706452735.webp.webp\",\"width\":710,\"height\":370},{\"@type\":\"BreadcrumbList\",\"@id\":\"https:\\\/\\\/kibrisdakik.com\\\/?p=28059#breadcrumb\",\"itemListElement\":[{\"@type\":\"ListItem\",\"position\":1,\"name\":\"Home\",\"item\":\"https:\\\/\\\/kibrisdakik.com\\\/\"},{\"@type\":\"ListItem\",\"position\":2,\"name\":\"\u0130stanbul&#039;da yo\u011fun bak\u0131m doluluk oran\u0131 y\u00fczde 80&#039;lere ula\u015ft\u0131!\"}]},{\"@type\":\"WebSite\",\"@id\":\"https:\\\/\\\/kibrisdakik.com\\\/#website\",\"url\":\"https:\\\/\\\/kibrisdakik.com\\\/\",\"name\":\"\",\"description\":\"Tam vaktinde haber\",\"potentialAction\":[{\"@type\":\"SearchAction\",\"target\":{\"@type\":\"EntryPoint\",\"urlTemplate\":\"https:\\\/\\\/kibrisdakik.com\\\/?s={search_term_string}\"},\"query-input\":{\"@type\":\"PropertyValueSpecification\",\"valueRequired\":true,\"valueName\":\"search_term_string\"}}],\"inLanguage\":\"tr\"},{\"@type\":\"Person\",\"@id\":\"https:\\\/\\\/kibrisdakik.com\\\/#\\\/schema\\\/person\\\/9cd9d437bbb44f72b73ba127e06d8e79\",\"name\":\"admin\",\"image\":{\"@type\":\"ImageObject\",\"inLanguage\":\"tr\",\"@id\":\"https:\\\/\\\/secure.gravatar.com\\\/avatar\\\/ccc17943b9d660506c869530f897617f7cb1c21a4bf30023f252596d83e1f007?s=96&d=mm&r=g\",\"url\":\"https:\\\/\\\/secure.gravatar.com\\\/avatar\\\/ccc17943b9d660506c869530f897617f7cb1c21a4bf30023f252596d83e1f007?s=96&d=mm&r=g\",\"contentUrl\":\"https:\\\/\\\/secure.gravatar.com\\\/avatar\\\/ccc17943b9d660506c869530f897617f7cb1c21a4bf30023f252596d83e1f007?s=96&d=mm&r=g\",\"caption\":\"admin\"},\"sameAs\":[\"https:\\\/\\\/kibrisdakik.com\"],\"url\":\"https:\\\/\\\/kibrisdakik.com\\\/?author=1\"}]}<\/script>\n<!-- \/ Yoast SEO plugin. -->","yoast_head_json":{"title":"\u0130stanbul&#039;da yo\u011fun bak\u0131m doluluk oran\u0131 y\u00fczde 80&#039;lere ula\u015ft\u0131! -","robots":{"index":"index","follow":"follow","max-snippet":"max-snippet:-1","max-image-preview":"max-image-preview:large","max-video-preview":"max-video-preview:-1"},"canonical":"https:\/\/kibrisdakik.com\/?p=28059","og_locale":"tr_TR","og_type":"article","og_title":"\u0130stanbul&#039;da yo\u011fun bak\u0131m doluluk oran\u0131 y\u00fczde 80&#039;lere ula\u015ft\u0131! -","og_description":"K\u0131\u015f mevsimi ile birlikte pek \u00e7ok vir\u00fcs\u00fcn dola\u015f\u0131ma girmesiyle artan viral salg\u0131nlar, hem acillerde hem de yo\u011fun bak\u0131mlarda hasta art\u0131\u015f\u0131na neden olsa da bu durumun beklenen mevsimsel bir art\u0131\u015f oldu\u011funu s\u00f6yleyen&nbsp;\u0130stanbul&nbsp;\u0130l Sa\u011fl\u0131k M\u00fcd\u00fcr\u00fc&nbsp;Prof. Dr. Kemal Memi\u015fo\u011flu, \u201cGe\u00e7en senelerden farkl\u0131 bir say\u0131 var m\u0131 derseniz, \u00e7ok anlaml\u0131 bir farkl\u0131l\u0131\u011f\u0131m\u0131z yok. Klinik s\u00fcre\u00e7ler belki biraz farkl\u0131 olabilir.","og_url":"https:\/\/kibrisdakik.com\/?p=28059","article_published_time":"2024-01-28T16:24:55+00:00","og_image":[{"width":710,"height":370,"url":"https:\/\/kibrisdakik.com\/wp-content\/uploads\/2024\/01\/istanbulda-yogun-bakim-doluluk-orani-yuzde-80lere-ulasti-1706452735.webp.webp","type":"image\/webp"}],"author":"admin","twitter_card":"summary_large_image","twitter_misc":{"Yazan:":"admin","Tahmini okuma s\u00fcresi":"4 dakika"},"schema":{"@context":"https:\/\/schema.org","@graph":[{"@type":"Article","@id":"https:\/\/kibrisdakik.com\/?p=28059#article","isPartOf":{"@id":"https:\/\/kibrisdakik.com\/?p=28059"},"author":{"name":"admin","@id":"https:\/\/kibrisdakik.com\/#\/schema\/person\/9cd9d437bbb44f72b73ba127e06d8e79"},"headline":"\u0130stanbul&#039;da yo\u011fun bak\u0131m doluluk oran\u0131 y\u00fczde 80&#039;lere ula\u015ft\u0131!","datePublished":"2024-01-28T16:24:55+00:00","mainEntityOfPage":{"@id":"https:\/\/kibrisdakik.com\/?p=28059"},"wordCount":829,"commentCount":0,"image":{"@id":"https:\/\/kibrisdakik.com\/?p=28059#primaryimage"},"thumbnailUrl":"https:\/\/kibrisdakik.com\/wp-content\/uploads\/2024\/01\/istanbulda-yogun-bakim-doluluk-orani-yuzde-80lere-ulasti-1706452735.webp.webp","articleSection":["G\u00fcndem"],"inLanguage":"tr","potentialAction":[{"@type":"CommentAction","name":"Comment","target":["https:\/\/kibrisdakik.com\/?p=28059#respond"]}]},{"@type":"WebPage","@id":"https:\/\/kibrisdakik.com\/?p=28059","url":"https:\/\/kibrisdakik.com\/?p=28059","name":"\u0130stanbul&#039;da yo\u011fun bak\u0131m doluluk oran\u0131 y\u00fczde 80&#039;lere ula\u015ft\u0131! -","isPartOf":{"@id":"https:\/\/kibrisdakik.com\/#website"},"primaryImageOfPage":{"@id":"https:\/\/kibrisdakik.com\/?p=28059#primaryimage"},"image":{"@id":"https:\/\/kibrisdakik.com\/?p=28059#primaryimage"},"thumbnailUrl":"https:\/\/kibrisdakik.com\/wp-content\/uploads\/2024\/01\/istanbulda-yogun-bakim-doluluk-orani-yuzde-80lere-ulasti-1706452735.webp.webp","datePublished":"2024-01-28T16:24:55+00:00","author":{"@id":"https:\/\/kibrisdakik.com\/#\/schema\/person\/9cd9d437bbb44f72b73ba127e06d8e79"},"breadcrumb":{"@id":"https:\/\/kibrisdakik.com\/?p=28059#breadcrumb"},"inLanguage":"tr","potentialAction":[{"@type":"ReadAction","target":["https:\/\/kibrisdakik.com\/?p=28059"]}]},{"@type":"ImageObject","inLanguage":"tr","@id":"https:\/\/kibrisdakik.com\/?p=28059#primaryimage","url":"https:\/\/kibrisdakik.com\/wp-content\/uploads\/2024\/01\/istanbulda-yogun-bakim-doluluk-orani-yuzde-80lere-ulasti-1706452735.webp.webp","contentUrl":"https:\/\/kibrisdakik.com\/wp-content\/uploads\/2024\/01\/istanbulda-yogun-bakim-doluluk-orani-yuzde-80lere-ulasti-1706452735.webp.webp","width":710,"height":370},{"@type":"BreadcrumbList","@id":"https:\/\/kibrisdakik.com\/?p=28059#breadcrumb","itemListElement":[{"@type":"ListItem","position":1,"name":"Home","item":"https:\/\/kibrisdakik.com\/"},{"@type":"ListItem","position":2,"name":"\u0130stanbul&#039;da yo\u011fun bak\u0131m doluluk oran\u0131 y\u00fczde 80&#039;lere ula\u015ft\u0131!"}]},{"@type":"WebSite","@id":"https:\/\/kibrisdakik.com\/#website","url":"https:\/\/kibrisdakik.com\/","name":"","description":"Tam vaktinde haber","potentialAction":[{"@type":"SearchAction","target":{"@type":"EntryPoint","urlTemplate":"https:\/\/kibrisdakik.com\/?s={search_term_string}"},"query-input":{"@type":"PropertyValueSpecification","valueRequired":true,"valueName":"search_term_string"}}],"inLanguage":"tr"},{"@type":"Person","@id":"https:\/\/kibrisdakik.com\/#\/schema\/person\/9cd9d437bbb44f72b73ba127e06d8e79","name":"admin","image":{"@type":"ImageObject","inLanguage":"tr","@id":"https:\/\/secure.gravatar.com\/avatar\/ccc17943b9d660506c869530f897617f7cb1c21a4bf30023f252596d83e1f007?s=96&d=mm&r=g","url":"https:\/\/secure.gravatar.com\/avatar\/ccc17943b9d660506c869530f897617f7cb1c21a4bf30023f252596d83e1f007?s=96&d=mm&r=g","contentUrl":"https:\/\/secure.gravatar.com\/avatar\/ccc17943b9d660506c869530f897617f7cb1c21a4bf30023f252596d83e1f007?s=96&d=mm&r=g","caption":"admin"},"sameAs":["https:\/\/kibrisdakik.com"],"url":"https:\/\/kibrisdakik.com\/?author=1"}]}},"_links":{"self":[{"href":"https:\/\/kibrisdakik.com\/index.php?rest_route=\/wp\/v2\/posts\/28059","targetHints":{"allow":["GET"]}}],"collection":[{"href":"https:\/\/kibrisdakik.com\/index.php?rest_route=\/wp\/v2\/posts"}],"about":[{"href":"https:\/\/kibrisdakik.com\/index.php?rest_route=\/wp\/v2\/types\/post"}],"author":[{"embeddable":true,"href":"https:\/\/kibrisdakik.com\/index.php?rest_route=\/wp\/v2\/users\/1"}],"replies":[{"embeddable":true,"href":"https:\/\/kibrisdakik.com\/index.php?rest_route=%2Fwp%2Fv2%2Fcomments&post=28059"}],"version-history":[{"count":0,"href":"https:\/\/kibrisdakik.com\/index.php?rest_route=\/wp\/v2\/posts\/28059\/revisions"}],"wp:featuredmedia":[{"embeddable":true,"href":"https:\/\/kibrisdakik.com\/index.php?rest_route=\/wp\/v2\/media\/28060"}],"wp:attachment":[{"href":"https:\/\/kibrisdakik.com\/index.php?rest_route=%2Fwp%2Fv2%2Fmedia&parent=28059"}],"wp:term":[{"taxonomy":"category","embeddable":true,"href":"https:\/\/kibrisdakik.com\/index.php?rest_route=%2Fwp%2Fv2%2Fcategories&post=28059"},{"taxonomy":"post_tag","embeddable":true,"href":"https:\/\/kibrisdakik.com\/index.php?rest_route=%2Fwp%2Fv2%2Ftags&post=28059"}],"curies":[{"name":"wp","href":"https:\/\/api.w.org\/{rel}","templated":true}]}}