{"id":28067,"date":"2024-01-28T16:57:31","date_gmt":"2024-01-28T16:57:31","guid":{"rendered":"https:\/\/kibrisdakik.com\/index.php\/2024\/01\/28\/hasipoglu-uluslararasi-adalet-divani-karariyla-israil-artik-soykirim-sanigidir\/"},"modified":"2024-01-28T16:57:31","modified_gmt":"2024-01-28T16:57:31","slug":"hasipoglu-uluslararasi-adalet-divani-karariyla-israil-artik-soykirim-sanigidir","status":"publish","type":"post","link":"https:\/\/kibrisdakik.com\/?p=28067","title":{"rendered":"Hasipo\u011flu: Uluslararas\u0131 Adalet Divan\u0131 karar\u0131yla \u0130srail art\u0131k soyk\u0131r\u0131m san\u0131\u011f\u0131d\u0131r"},"content":{"rendered":"<p><img decoding=\"async\" src=\"https:\/\/www.kibristurk.com\/images\/haberler\/2024\/01\/hasipoglu-uluslararasi-adalet-divani-karariyla-israil-artik-soykirim-sanigidir-1706451803.webp\" \/><\/p>\n<div style=\"text-align:left\">\n<p><span style=\"font-size:16px\"><span style=\"color:#000000\"><span style=\"font-family:Merriweather,sans-serif\"><span style=\"background-color:#ffffff\"><span style=\"font-size:16px !important\"><span style=\"font-family:Merriweather,serif !important\"><span style=\"color:#000000 !important\">Hasipo\u011flu,&nbsp;\u201c\u0130srail art\u0131k soyk\u0131r\u0131m san\u0131\u011f\u0131d\u0131r. Top Birle\u015fmi\u015f Milletler\u2019dedir. BM gere\u011fini yapmal\u0131d\u0131r. Mahkemenin a\u00e7\u0131klad\u0131\u011f\u0131&nbsp;tedbirlerin, Filistin&#8217;de akan kan\u0131n durdurulmas\u0131&nbsp;i\u00e7in umar\u0131m&nbsp;\u00f6nemli bir yapt\u0131r\u0131m ve f\u0131rsat&nbsp;olur\u201d&nbsp;dedi<\/span><\/span><\/span><\/span><\/span><\/span><\/span><\/p>\n<p><span style=\"font-size:16px\"><span style=\"color:#000000\"><span style=\"font-family:Merriweather,sans-serif\"><span style=\"background-color:#ffffff\"><span style=\"font-size:16px !important\"><span style=\"font-family:Merriweather,serif !important\"><span style=\"color:#000000 !important\">O\u011fuzhan Hasipo\u011flu,&nbsp;\u201cGenelde devlet y\u00f6neticilerinin yarg\u0131land\u0131\u011f\u0131&nbsp;Uluslararas\u0131&nbsp;Adalet Divan\u0131\u2019nda daha&nbsp;\u00f6nce oldu\u011fu gibi bir istisna olarak&nbsp;\u0130srail, devlet olarak yarg\u0131lanacakt\u0131r\u201d \u015feklinde devam etti.<\/span><\/span><\/span><\/span><\/span><\/span><\/span><\/p>\n<p><span style=\"font-size:16px\"><span style=\"color:#000000\"><span style=\"font-family:Merriweather,sans-serif\"><span style=\"background-color:#ffffff\"><span style=\"font-size:16px !important\"><span style=\"font-family:Merriweather,serif !important\"><span style=\"color:#000000 !important\">Hasipo\u011flu\u2019nun de\u011ferlendirmesi&nbsp;\u015f\u00f6yle:<\/span><\/span><\/span><\/span><\/span><\/span><\/span><\/p>\n<p>&nbsp;<\/p>\n<p><span style=\"font-size:16px\"><span style=\"color:#000000\"><span style=\"font-family:Merriweather,sans-serif\"><span style=\"background-color:#ffffff\"><span style=\"font-size:16px !important\"><span style=\"font-family:Merriweather,serif !important\"><span style=\"color:#000000 !important\">\u201cGerek Avrupa Konseyi Parlamenterler Asemblesi (AKPA), gerekse Birle\u015fmi\u015f&nbsp;Milletler verilen bu karar\u0131n i\u00e7eri\u011fini iyi inceleyip hem Gazze\u2019de ya\u015fanan ger\u00e7ekleri g\u00f6rmeli, hem de siyasi kararlar\u0131n\u0131&nbsp;bu hukuki kararla&nbsp;\u015fekillendirmelidir. 24 Ocak 2024 tarihi itibariyle Gazze\u2019de 25.000 insan&nbsp;\u00f6lm\u00fc\u015ft\u00fcr. Bu rakam\u0131n y\u00fczde 70\u2019ini kad\u0131nlar ve&nbsp;\u00e7ocuklar olu\u015fturmaktad\u0131r. Birle\u015fmi\u015f&nbsp;Milletler Acil&nbsp;\u00c7are Birimi\u2019nin bilgilerine g\u00f6re g\u00fcnde en az 10&nbsp;\u00e7ocuk aya\u011f\u0131n\u0131&nbsp;kaybetmekte ve Gazze\u2019de bug\u00fcne kadarki en b\u00fcy\u00fck oranda a\u00e7l\u0131k s\u0131n\u0131r\u0131na ula\u015f\u0131lmaktad\u0131r. Divan\u2019\u0131n bu karar\u0131,&nbsp;\u0130srail<span style=\"font-size:16px !important\"><span style=\"font-family:Merriweather,serif !important\"><span style=\"color:#000000 !important\">\u2019<\/span><\/span><\/span>in Soyk\u0131r\u0131m S\u00f6zle\u015fmesi&#8217;ne ayk\u0131r\u0131&nbsp;hareket edip etmedi\u011fine ili\u015fkin olmay\u0131p sadece muhtemel soyk\u0131r\u0131m tehlikesine kar\u015f\u0131s\u0131nda olu\u015facak zararlar\u0131n&nbsp;\u00f6n\u00fcne ge\u00e7mek i\u00e7in davada nihai karar verilinceye kadar taraflar\u0131n uymas\u0131&nbsp;gereken ge\u00e7ici&nbsp;\u00f6nlemler anlam\u0131na gelmektedir. Divan, tedbir taleplerine ili\u015fkin yapt\u0131\u011f\u0131&nbsp;incelemede G\u00fcney Afrika<span style=\"font-size:16px !important\"><span style=\"font-family:Merriweather,serif !important\"><span style=\"color:#000000 !important\">\u2019<\/span><\/span><\/span>n\u0131n \u2018makul\u2019&nbsp;gerek\u00e7eler sunmas\u0131n\u0131&nbsp;yeterli bulurken, Gazze<span style=\"font-size:16px !important\"><span style=\"font-family:Merriweather,serif !important\"><span style=\"color:#000000 !important\">\u2019<\/span><\/span><\/span>de soyk\u0131r\u0131m\u0131n ger\u00e7ekle\u015fip ger\u00e7ekle\u015fmedi\u011fine ili\u015fkin incelemesini davan\u0131n esas\u0131na ili\u015fkin safhada ger\u00e7ekle\u015ftirecek. Divan\u0131n kararlar\u0131n\u0131&nbsp;icra ettirmek i\u00e7in kendi askeri g\u00fcc\u00fc&nbsp;veya organ\u0131&nbsp;bulunmazken bu kararlar\u0131n uygulanmas\u0131&nbsp;b\u00fcy\u00fck oranda BM G\u00fcvenlik Konseyi<span style=\"font-size:16px !important\"><span style=\"font-family:Merriweather,serif !important\"><span style=\"color:#000000 !important\">\u2019<\/span><\/span><\/span>nin tasarrufunda bulunuyor. Tedbir talepleri&nbsp;\u00f6zetle; Gazze&#8217;deki askeri operasyonlar\u0131&nbsp;derhal durdurmas\u0131na, Kontrol\u00fc&nbsp;alt\u0131ndaki herhangi bir grup taraf\u0131ndan, Gazze&#8217;deki herhangi bir askeri operasyonu ilerletecek ad\u0131mlar atmamas\u0131na, Filistinlilere y\u00f6nelik soyk\u0131r\u0131m\u0131n&nbsp;\u00f6nlemesi i\u00e7in gerekli t\u00fcm makul tedbirleri almas\u0131na, yerlerinden edilenlerin evlerine d\u00f6nerek yeterli g\u0131da, su, yak\u0131t, t\u0131bbi ve hijyen malzemeleri, bar\u0131nak ve giyisi dahil olmak&nbsp;\u00fczere insani yard\u0131ma eri\u015fiminin sa\u011flamas\u0131n\u0131&nbsp;i\u00e7eriyor. Uluslararas\u0131&nbsp;Adalet Divan\u0131\u2019n\u0131n bu karar\u0131&nbsp;ile&nbsp;\u0130srail art\u0131k Soyk\u0131r\u0131m San\u0131\u011f\u0131d\u0131r. Birle\u015fmi\u015f&nbsp;Milletler daha cesur davranarak gere\u011fini yapmal\u0131d\u0131r.\u201d<\/span><\/span><\/span><\/span><\/span><\/span><\/span><\/p>\n<p>&nbsp;<\/p>\n<\/div>\n<p>&nbsp;<\/p>\n","protected":false},"excerpt":{"rendered":"<p>Hasipo\u011flu,&nbsp;\u201c\u0130srail art\u0131k soyk\u0131r\u0131m san\u0131\u011f\u0131d\u0131r. Top Birle\u015fmi\u015f Milletler\u2019dedir. BM gere\u011fini yapmal\u0131d\u0131r. Mahkemenin a\u00e7\u0131klad\u0131\u011f\u0131&nbsp;tedbirlerin, Filistin&#8217;de akan kan\u0131n durdurulmas\u0131&nbsp;i\u00e7in umar\u0131m&nbsp;\u00f6nemli bir yapt\u0131r\u0131m ve f\u0131rsat&nbsp;olur\u201d&nbsp;dedi O\u011fuzhan Hasipo\u011flu,&nbsp;\u201cGenelde devlet y\u00f6neticilerinin yarg\u0131land\u0131\u011f\u0131&nbsp;Uluslararas\u0131&nbsp;Adalet Divan\u0131\u2019nda daha&nbsp;\u00f6nce oldu\u011fu gibi bir istisna olarak&nbsp;\u0130srail, devlet olarak yarg\u0131lanacakt\u0131r\u201d \u015feklinde devam etti. Hasipo\u011flu\u2019nun de\u011ferlendirmesi&nbsp;\u015f\u00f6yle: &nbsp; \u201cGerek Avrupa Konseyi Parlamenterler Asemblesi (AKPA), gerekse Birle\u015fmi\u015f&nbsp;Milletler verilen bu karar\u0131n i\u00e7eri\u011fini iyi<\/p>\n","protected":false},"author":1,"featured_media":28068,"comment_status":"open","ping_status":"open","sticky":false,"template":"","format":"standard","meta":{"footnotes":""},"categories":[1],"tags":[],"class_list":["post-28067","post","type-post","status-publish","format-standard","has-post-thumbnail","hentry","category-gundem"],"yoast_head":"<!-- This site is optimized with the Yoast SEO plugin v27.5 - https:\/\/yoast.com\/product\/yoast-seo-wordpress\/ -->\n<title>Hasipo\u011flu: Uluslararas\u0131 Adalet Divan\u0131 karar\u0131yla \u0130srail art\u0131k soyk\u0131r\u0131m san\u0131\u011f\u0131d\u0131r -<\/title>\n<meta name=\"robots\" content=\"index, follow, max-snippet:-1, max-image-preview:large, max-video-preview:-1\" \/>\n<link rel=\"canonical\" href=\"https:\/\/kibrisdakik.com\/?p=28067\" \/>\n<meta property=\"og:locale\" content=\"tr_TR\" \/>\n<meta property=\"og:type\" content=\"article\" \/>\n<meta property=\"og:title\" content=\"Hasipo\u011flu: Uluslararas\u0131 Adalet Divan\u0131 karar\u0131yla \u0130srail art\u0131k soyk\u0131r\u0131m san\u0131\u011f\u0131d\u0131r -\" \/>\n<meta property=\"og:description\" content=\"Hasipo\u011flu,&nbsp;\u201c\u0130srail art\u0131k soyk\u0131r\u0131m san\u0131\u011f\u0131d\u0131r. Top Birle\u015fmi\u015f Milletler\u2019dedir. BM gere\u011fini yapmal\u0131d\u0131r. Mahkemenin a\u00e7\u0131klad\u0131\u011f\u0131&nbsp;tedbirlerin, Filistin&#8217;de akan kan\u0131n durdurulmas\u0131&nbsp;i\u00e7in umar\u0131m&nbsp;\u00f6nemli bir yapt\u0131r\u0131m ve f\u0131rsat&nbsp;olur\u201d&nbsp;dedi O\u011fuzhan Hasipo\u011flu,&nbsp;\u201cGenelde devlet y\u00f6neticilerinin yarg\u0131land\u0131\u011f\u0131&nbsp;Uluslararas\u0131&nbsp;Adalet Divan\u0131\u2019nda daha&nbsp;\u00f6nce oldu\u011fu gibi bir istisna olarak&nbsp;\u0130srail, devlet olarak yarg\u0131lanacakt\u0131r\u201d \u015feklinde devam etti. Hasipo\u011flu\u2019nun de\u011ferlendirmesi&nbsp;\u015f\u00f6yle: &nbsp; \u201cGerek Avrupa Konseyi Parlamenterler Asemblesi (AKPA), gerekse Birle\u015fmi\u015f&nbsp;Milletler verilen bu karar\u0131n i\u00e7eri\u011fini iyi\" \/>\n<meta property=\"og:url\" content=\"https:\/\/kibrisdakik.com\/?p=28067\" \/>\n<meta property=\"article:published_time\" content=\"2024-01-28T16:57:31+00:00\" \/>\n<meta property=\"og:image\" content=\"https:\/\/kibrisdakik.com\/wp-content\/uploads\/2024\/01\/hasipoglu-uluslararasi-adalet-divani-karariyla-israil-artik-soykirim-sanigidir-1706451803.webp.webp\" \/>\n\t<meta property=\"og:image:width\" content=\"710\" \/>\n\t<meta property=\"og:image:height\" content=\"370\" \/>\n\t<meta property=\"og:image:type\" content=\"image\/webp\" \/>\n<meta name=\"author\" content=\"admin\" \/>\n<meta name=\"twitter:card\" content=\"summary_large_image\" \/>\n<meta name=\"twitter:label1\" content=\"Yazan:\" \/>\n\t<meta name=\"twitter:data1\" content=\"admin\" \/>\n\t<meta name=\"twitter:label2\" content=\"Tahmini okuma s\u00fcresi\" \/>\n\t<meta name=\"twitter:data2\" content=\"2 dakika\" \/>\n<script type=\"application\/ld+json\" class=\"yoast-schema-graph\">{\"@context\":\"https:\\\/\\\/schema.org\",\"@graph\":[{\"@type\":\"Article\",\"@id\":\"https:\\\/\\\/kibrisdakik.com\\\/?p=28067#article\",\"isPartOf\":{\"@id\":\"https:\\\/\\\/kibrisdakik.com\\\/?p=28067\"},\"author\":{\"name\":\"admin\",\"@id\":\"https:\\\/\\\/kibrisdakik.com\\\/#\\\/schema\\\/person\\\/9cd9d437bbb44f72b73ba127e06d8e79\"},\"headline\":\"Hasipo\u011flu: Uluslararas\u0131 Adalet Divan\u0131 karar\u0131yla \u0130srail art\u0131k soyk\u0131r\u0131m san\u0131\u011f\u0131d\u0131r\",\"datePublished\":\"2024-01-28T16:57:31+00:00\",\"mainEntityOfPage\":{\"@id\":\"https:\\\/\\\/kibrisdakik.com\\\/?p=28067\"},\"wordCount\":478,\"commentCount\":0,\"image\":{\"@id\":\"https:\\\/\\\/kibrisdakik.com\\\/?p=28067#primaryimage\"},\"thumbnailUrl\":\"https:\\\/\\\/kibrisdakik.com\\\/wp-content\\\/uploads\\\/2024\\\/01\\\/hasipoglu-uluslararasi-adalet-divani-karariyla-israil-artik-soykirim-sanigidir-1706451803.webp.webp\",\"articleSection\":[\"G\u00fcndem\"],\"inLanguage\":\"tr\",\"potentialAction\":[{\"@type\":\"CommentAction\",\"name\":\"Comment\",\"target\":[\"https:\\\/\\\/kibrisdakik.com\\\/?p=28067#respond\"]}]},{\"@type\":\"WebPage\",\"@id\":\"https:\\\/\\\/kibrisdakik.com\\\/?p=28067\",\"url\":\"https:\\\/\\\/kibrisdakik.com\\\/?p=28067\",\"name\":\"Hasipo\u011flu: Uluslararas\u0131 Adalet Divan\u0131 karar\u0131yla \u0130srail art\u0131k soyk\u0131r\u0131m san\u0131\u011f\u0131d\u0131r -\",\"isPartOf\":{\"@id\":\"https:\\\/\\\/kibrisdakik.com\\\/#website\"},\"primaryImageOfPage\":{\"@id\":\"https:\\\/\\\/kibrisdakik.com\\\/?p=28067#primaryimage\"},\"image\":{\"@id\":\"https:\\\/\\\/kibrisdakik.com\\\/?p=28067#primaryimage\"},\"thumbnailUrl\":\"https:\\\/\\\/kibrisdakik.com\\\/wp-content\\\/uploads\\\/2024\\\/01\\\/hasipoglu-uluslararasi-adalet-divani-karariyla-israil-artik-soykirim-sanigidir-1706451803.webp.webp\",\"datePublished\":\"2024-01-28T16:57:31+00:00\",\"author\":{\"@id\":\"https:\\\/\\\/kibrisdakik.com\\\/#\\\/schema\\\/person\\\/9cd9d437bbb44f72b73ba127e06d8e79\"},\"breadcrumb\":{\"@id\":\"https:\\\/\\\/kibrisdakik.com\\\/?p=28067#breadcrumb\"},\"inLanguage\":\"tr\",\"potentialAction\":[{\"@type\":\"ReadAction\",\"target\":[\"https:\\\/\\\/kibrisdakik.com\\\/?p=28067\"]}]},{\"@type\":\"ImageObject\",\"inLanguage\":\"tr\",\"@id\":\"https:\\\/\\\/kibrisdakik.com\\\/?p=28067#primaryimage\",\"url\":\"https:\\\/\\\/kibrisdakik.com\\\/wp-content\\\/uploads\\\/2024\\\/01\\\/hasipoglu-uluslararasi-adalet-divani-karariyla-israil-artik-soykirim-sanigidir-1706451803.webp.webp\",\"contentUrl\":\"https:\\\/\\\/kibrisdakik.com\\\/wp-content\\\/uploads\\\/2024\\\/01\\\/hasipoglu-uluslararasi-adalet-divani-karariyla-israil-artik-soykirim-sanigidir-1706451803.webp.webp\",\"width\":710,\"height\":370},{\"@type\":\"BreadcrumbList\",\"@id\":\"https:\\\/\\\/kibrisdakik.com\\\/?p=28067#breadcrumb\",\"itemListElement\":[{\"@type\":\"ListItem\",\"position\":1,\"name\":\"Home\",\"item\":\"https:\\\/\\\/kibrisdakik.com\\\/\"},{\"@type\":\"ListItem\",\"position\":2,\"name\":\"Hasipo\u011flu: Uluslararas\u0131 Adalet Divan\u0131 karar\u0131yla \u0130srail art\u0131k soyk\u0131r\u0131m san\u0131\u011f\u0131d\u0131r\"}]},{\"@type\":\"WebSite\",\"@id\":\"https:\\\/\\\/kibrisdakik.com\\\/#website\",\"url\":\"https:\\\/\\\/kibrisdakik.com\\\/\",\"name\":\"\",\"description\":\"Tam vaktinde haber\",\"potentialAction\":[{\"@type\":\"SearchAction\",\"target\":{\"@type\":\"EntryPoint\",\"urlTemplate\":\"https:\\\/\\\/kibrisdakik.com\\\/?s={search_term_string}\"},\"query-input\":{\"@type\":\"PropertyValueSpecification\",\"valueRequired\":true,\"valueName\":\"search_term_string\"}}],\"inLanguage\":\"tr\"},{\"@type\":\"Person\",\"@id\":\"https:\\\/\\\/kibrisdakik.com\\\/#\\\/schema\\\/person\\\/9cd9d437bbb44f72b73ba127e06d8e79\",\"name\":\"admin\",\"image\":{\"@type\":\"ImageObject\",\"inLanguage\":\"tr\",\"@id\":\"https:\\\/\\\/secure.gravatar.com\\\/avatar\\\/ccc17943b9d660506c869530f897617f7cb1c21a4bf30023f252596d83e1f007?s=96&d=mm&r=g\",\"url\":\"https:\\\/\\\/secure.gravatar.com\\\/avatar\\\/ccc17943b9d660506c869530f897617f7cb1c21a4bf30023f252596d83e1f007?s=96&d=mm&r=g\",\"contentUrl\":\"https:\\\/\\\/secure.gravatar.com\\\/avatar\\\/ccc17943b9d660506c869530f897617f7cb1c21a4bf30023f252596d83e1f007?s=96&d=mm&r=g\",\"caption\":\"admin\"},\"sameAs\":[\"https:\\\/\\\/kibrisdakik.com\"],\"url\":\"https:\\\/\\\/kibrisdakik.com\\\/?author=1\"}]}<\/script>\n<!-- \/ Yoast SEO plugin. -->","yoast_head_json":{"title":"Hasipo\u011flu: Uluslararas\u0131 Adalet Divan\u0131 karar\u0131yla \u0130srail art\u0131k soyk\u0131r\u0131m san\u0131\u011f\u0131d\u0131r -","robots":{"index":"index","follow":"follow","max-snippet":"max-snippet:-1","max-image-preview":"max-image-preview:large","max-video-preview":"max-video-preview:-1"},"canonical":"https:\/\/kibrisdakik.com\/?p=28067","og_locale":"tr_TR","og_type":"article","og_title":"Hasipo\u011flu: Uluslararas\u0131 Adalet Divan\u0131 karar\u0131yla \u0130srail art\u0131k soyk\u0131r\u0131m san\u0131\u011f\u0131d\u0131r -","og_description":"Hasipo\u011flu,&nbsp;\u201c\u0130srail art\u0131k soyk\u0131r\u0131m san\u0131\u011f\u0131d\u0131r. Top Birle\u015fmi\u015f Milletler\u2019dedir. BM gere\u011fini yapmal\u0131d\u0131r. Mahkemenin a\u00e7\u0131klad\u0131\u011f\u0131&nbsp;tedbirlerin, Filistin&#8217;de akan kan\u0131n durdurulmas\u0131&nbsp;i\u00e7in umar\u0131m&nbsp;\u00f6nemli bir yapt\u0131r\u0131m ve f\u0131rsat&nbsp;olur\u201d&nbsp;dedi O\u011fuzhan Hasipo\u011flu,&nbsp;\u201cGenelde devlet y\u00f6neticilerinin yarg\u0131land\u0131\u011f\u0131&nbsp;Uluslararas\u0131&nbsp;Adalet Divan\u0131\u2019nda daha&nbsp;\u00f6nce oldu\u011fu gibi bir istisna olarak&nbsp;\u0130srail, devlet olarak yarg\u0131lanacakt\u0131r\u201d \u015feklinde devam etti. Hasipo\u011flu\u2019nun de\u011ferlendirmesi&nbsp;\u015f\u00f6yle: &nbsp; \u201cGerek Avrupa Konseyi Parlamenterler Asemblesi (AKPA), gerekse Birle\u015fmi\u015f&nbsp;Milletler verilen bu karar\u0131n i\u00e7eri\u011fini iyi","og_url":"https:\/\/kibrisdakik.com\/?p=28067","article_published_time":"2024-01-28T16:57:31+00:00","og_image":[{"width":710,"height":370,"url":"https:\/\/kibrisdakik.com\/wp-content\/uploads\/2024\/01\/hasipoglu-uluslararasi-adalet-divani-karariyla-israil-artik-soykirim-sanigidir-1706451803.webp.webp","type":"image\/webp"}],"author":"admin","twitter_card":"summary_large_image","twitter_misc":{"Yazan:":"admin","Tahmini okuma s\u00fcresi":"2 dakika"},"schema":{"@context":"https:\/\/schema.org","@graph":[{"@type":"Article","@id":"https:\/\/kibrisdakik.com\/?p=28067#article","isPartOf":{"@id":"https:\/\/kibrisdakik.com\/?p=28067"},"author":{"name":"admin","@id":"https:\/\/kibrisdakik.com\/#\/schema\/person\/9cd9d437bbb44f72b73ba127e06d8e79"},"headline":"Hasipo\u011flu: Uluslararas\u0131 Adalet Divan\u0131 karar\u0131yla \u0130srail art\u0131k soyk\u0131r\u0131m san\u0131\u011f\u0131d\u0131r","datePublished":"2024-01-28T16:57:31+00:00","mainEntityOfPage":{"@id":"https:\/\/kibrisdakik.com\/?p=28067"},"wordCount":478,"commentCount":0,"image":{"@id":"https:\/\/kibrisdakik.com\/?p=28067#primaryimage"},"thumbnailUrl":"https:\/\/kibrisdakik.com\/wp-content\/uploads\/2024\/01\/hasipoglu-uluslararasi-adalet-divani-karariyla-israil-artik-soykirim-sanigidir-1706451803.webp.webp","articleSection":["G\u00fcndem"],"inLanguage":"tr","potentialAction":[{"@type":"CommentAction","name":"Comment","target":["https:\/\/kibrisdakik.com\/?p=28067#respond"]}]},{"@type":"WebPage","@id":"https:\/\/kibrisdakik.com\/?p=28067","url":"https:\/\/kibrisdakik.com\/?p=28067","name":"Hasipo\u011flu: Uluslararas\u0131 Adalet Divan\u0131 karar\u0131yla \u0130srail art\u0131k soyk\u0131r\u0131m san\u0131\u011f\u0131d\u0131r -","isPartOf":{"@id":"https:\/\/kibrisdakik.com\/#website"},"primaryImageOfPage":{"@id":"https:\/\/kibrisdakik.com\/?p=28067#primaryimage"},"image":{"@id":"https:\/\/kibrisdakik.com\/?p=28067#primaryimage"},"thumbnailUrl":"https:\/\/kibrisdakik.com\/wp-content\/uploads\/2024\/01\/hasipoglu-uluslararasi-adalet-divani-karariyla-israil-artik-soykirim-sanigidir-1706451803.webp.webp","datePublished":"2024-01-28T16:57:31+00:00","author":{"@id":"https:\/\/kibrisdakik.com\/#\/schema\/person\/9cd9d437bbb44f72b73ba127e06d8e79"},"breadcrumb":{"@id":"https:\/\/kibrisdakik.com\/?p=28067#breadcrumb"},"inLanguage":"tr","potentialAction":[{"@type":"ReadAction","target":["https:\/\/kibrisdakik.com\/?p=28067"]}]},{"@type":"ImageObject","inLanguage":"tr","@id":"https:\/\/kibrisdakik.com\/?p=28067#primaryimage","url":"https:\/\/kibrisdakik.com\/wp-content\/uploads\/2024\/01\/hasipoglu-uluslararasi-adalet-divani-karariyla-israil-artik-soykirim-sanigidir-1706451803.webp.webp","contentUrl":"https:\/\/kibrisdakik.com\/wp-content\/uploads\/2024\/01\/hasipoglu-uluslararasi-adalet-divani-karariyla-israil-artik-soykirim-sanigidir-1706451803.webp.webp","width":710,"height":370},{"@type":"BreadcrumbList","@id":"https:\/\/kibrisdakik.com\/?p=28067#breadcrumb","itemListElement":[{"@type":"ListItem","position":1,"name":"Home","item":"https:\/\/kibrisdakik.com\/"},{"@type":"ListItem","position":2,"name":"Hasipo\u011flu: Uluslararas\u0131 Adalet Divan\u0131 karar\u0131yla \u0130srail art\u0131k soyk\u0131r\u0131m san\u0131\u011f\u0131d\u0131r"}]},{"@type":"WebSite","@id":"https:\/\/kibrisdakik.com\/#website","url":"https:\/\/kibrisdakik.com\/","name":"","description":"Tam vaktinde haber","potentialAction":[{"@type":"SearchAction","target":{"@type":"EntryPoint","urlTemplate":"https:\/\/kibrisdakik.com\/?s={search_term_string}"},"query-input":{"@type":"PropertyValueSpecification","valueRequired":true,"valueName":"search_term_string"}}],"inLanguage":"tr"},{"@type":"Person","@id":"https:\/\/kibrisdakik.com\/#\/schema\/person\/9cd9d437bbb44f72b73ba127e06d8e79","name":"admin","image":{"@type":"ImageObject","inLanguage":"tr","@id":"https:\/\/secure.gravatar.com\/avatar\/ccc17943b9d660506c869530f897617f7cb1c21a4bf30023f252596d83e1f007?s=96&d=mm&r=g","url":"https:\/\/secure.gravatar.com\/avatar\/ccc17943b9d660506c869530f897617f7cb1c21a4bf30023f252596d83e1f007?s=96&d=mm&r=g","contentUrl":"https:\/\/secure.gravatar.com\/avatar\/ccc17943b9d660506c869530f897617f7cb1c21a4bf30023f252596d83e1f007?s=96&d=mm&r=g","caption":"admin"},"sameAs":["https:\/\/kibrisdakik.com"],"url":"https:\/\/kibrisdakik.com\/?author=1"}]}},"_links":{"self":[{"href":"https:\/\/kibrisdakik.com\/index.php?rest_route=\/wp\/v2\/posts\/28067","targetHints":{"allow":["GET"]}}],"collection":[{"href":"https:\/\/kibrisdakik.com\/index.php?rest_route=\/wp\/v2\/posts"}],"about":[{"href":"https:\/\/kibrisdakik.com\/index.php?rest_route=\/wp\/v2\/types\/post"}],"author":[{"embeddable":true,"href":"https:\/\/kibrisdakik.com\/index.php?rest_route=\/wp\/v2\/users\/1"}],"replies":[{"embeddable":true,"href":"https:\/\/kibrisdakik.com\/index.php?rest_route=%2Fwp%2Fv2%2Fcomments&post=28067"}],"version-history":[{"count":0,"href":"https:\/\/kibrisdakik.com\/index.php?rest_route=\/wp\/v2\/posts\/28067\/revisions"}],"wp:featuredmedia":[{"embeddable":true,"href":"https:\/\/kibrisdakik.com\/index.php?rest_route=\/wp\/v2\/media\/28068"}],"wp:attachment":[{"href":"https:\/\/kibrisdakik.com\/index.php?rest_route=%2Fwp%2Fv2%2Fmedia&parent=28067"}],"wp:term":[{"taxonomy":"category","embeddable":true,"href":"https:\/\/kibrisdakik.com\/index.php?rest_route=%2Fwp%2Fv2%2Fcategories&post=28067"},{"taxonomy":"post_tag","embeddable":true,"href":"https:\/\/kibrisdakik.com\/index.php?rest_route=%2Fwp%2Fv2%2Ftags&post=28067"}],"curies":[{"name":"wp","href":"https:\/\/api.w.org\/{rel}","templated":true}]}}