{"id":28110,"date":"2024-01-29T10:38:00","date_gmt":"2024-01-29T10:38:00","guid":{"rendered":"https:\/\/kibrisdakik.com\/index.php\/2024\/01\/29\/kktc-1-kooperatifcilik-calistayinin-sonuc-raporu-paylasildi\/"},"modified":"2024-01-29T10:38:00","modified_gmt":"2024-01-29T10:38:00","slug":"kktc-1-kooperatifcilik-calistayinin-sonuc-raporu-paylasildi","status":"publish","type":"post","link":"https:\/\/kibrisdakik.com\/?p=28110","title":{"rendered":"KKTC 1. Kooperatif\u00e7ilik \u00c7al\u0131\u015ftay\u0131\u2019n\u0131n sonu\u00e7 raporu payla\u015f\u0131ld\u0131"},"content":{"rendered":"<p><img decoding=\"async\" src=\"https:\/\/www.kibristurk.com\/images\/haberler\/2024\/01\/kktc-1-kooperatifcilik-calistayinin-sonuc-raporu-paylasildi-1706524805.webp\" \/><\/p>\n<p>Sonu\u00e7 raporu, K\u0131br\u0131s T\u00fcrk \u00d6\u011fretmenler Sendikas\u0131 (KT\u00d6S) binas\u0131nda yap\u0131lan bir bas\u0131n toplant\u0131s\u0131yla a\u00e7\u0131kland\u0131. Bas\u0131n toplant\u0131s\u0131nda, \u00c7al\u0131\u015ftay D\u00fczenleme Kurulu ve Bilim Kurulu \u00fcyeleri haz\u0131r bulundu.&nbsp;<\/p>\n<p>\u00c7al\u0131\u015ftay\u2019a kat\u0131lan kooperatiflerin \u00e7al\u0131\u015fmalar\u0131yla elde edilen bulgular \u0131\u015f\u0131\u011f\u0131nda, \u00fclkedeki kooperatif\u00e7ili\u011fin g\u00fc\u00e7l\u00fc ve zay\u0131f y\u00f6nlerini, f\u0131rsat ve tehditlerini ortaya koyan \u00c7al\u0131\u015ftay Bilim Kurulu, ard\u0131ndan 3 temel ba\u015fl\u0131kta belirledi\u011fi stratejik hedefleri a\u00e7\u0131klad\u0131.<\/p>\n<p>Bilim Kurulu \u00fcyeleri, stratejik hedefler ve faaliyetler do\u011frultusunda \u201cKKTC 1. Kooperatif\u00e7ilik \u00c7al\u0131\u015ftay\u0131 Sonu\u00e7lar\u0131 ve Strateji Belgesi\u201d ad\u0131yla bir eylem kitap\u00e7\u0131\u011f\u0131n\u0131n haz\u0131rlanmakta oldu\u011funa i\u015faret ederek, kitap\u00e7\u0131k tamamland\u0131\u011f\u0131nda, kamuoyu ile payla\u015f\u0131laca\u011f\u0131n\u0131 duyurdu.<\/p>\n<p>Bilim Kurulu \u00fcyeleri, \u00fclkelerin ekonomik, k\u00fclt\u00fcrel, sosyal ve politik gereksinimlerinin ana bile\u015fiminde yer alan kooperatiflerin, yenilenme, de\u011fi\u015fme ve ak\u0131ll\u0131 d\u00fcnyaya adapte olma zorunlulu\u011funa dikkat \u00e7ekti.&nbsp;<\/p>\n<p>&#8211; Mukayyit Il\u0131k: \u201cRapor bilim insanlar\u0131 taraf\u0131ndan haz\u0131rlanm\u0131\u015ft\u0131r, etki ve y\u00f6nlendirmemiz olmam\u0131\u015ft\u0131r\u201d<\/p>\n<p>Bas\u0131n toplant\u0131s\u0131nda ilk olarak Kooperatif \u015eirketler Mukayyidi \u00c7elebi Il\u0131k a\u00e7\u0131l\u0131\u015f konu\u015fmas\u0131 yapt\u0131.&nbsp;<\/p>\n<p>Il\u0131k, konu\u015fmas\u0131nda, KKTC\u2019nin ilk Kooperatif\u00e7ilik \u00c7al\u0131\u015ftay\u0131\u2019n\u0131n 12 Aral\u0131k tarihinde yap\u0131ld\u0131\u011f\u0131n\u0131 ve burada kooperatiflerin bir araya getirilerek, istek, \u015fikayet ve memnuniyetlerinin tart\u0131\u015f\u0131ld\u0131\u011f\u0131n\u0131 hat\u0131rlatt\u0131. Il\u0131k, ard\u0131ndan \u00c7al\u0131\u015ftay\u2019da ortaya \u00e7\u0131kan unsurlar\u0131n akademisyenler taraf\u0131ndan de\u011ferlendirildi\u011fini ve tespitlerin yap\u0131ld\u0131\u011f\u0131n\u0131 kaydetti.<\/p>\n<p>\u00c7al\u0131\u015ftay sonu\u00e7 raporunun haz\u0131rlanmas\u0131na katk\u0131 koyan t\u00fcm bilim insanlar\u0131na te\u015fekk\u00fcrlerini sunan Il\u0131k, kendilerinin de s\u00f6z konusu raporu ilk defa g\u00f6rd\u00fcklerini, raporda herhangi bir etki ve y\u00f6nlendirmelerinin bulunmad\u0131\u011f\u0131n\u0131 belirtti.&nbsp;<\/p>\n<p>&#8211; Kooperatiflere y\u00f6nelik SWOT Analizi sonu\u00e7lar\u0131 payla\u015f\u0131ld\u0131<\/p>\n<p>Kooperatif \u015eirketler Mukayyidi Il\u0131k\u2019\u0131n ard\u0131ndan s\u00f6z alan Lefke Avrupa \u00dcniversitesi akademisyeni Yard. Do\u00e7. Dr. Mehmet Ali Ekemen, \u00c7al\u0131\u015ftay\u2019\u0131n nas\u0131l yap\u0131ld\u0131\u011f\u0131na dair bilgi verdi; sonu\u00e7 raporunu payla\u015ft\u0131.&nbsp;&nbsp;<\/p>\n<p>Ekemen, \u00f6zel bir stat\u00fcye sahip olan kooperatiflerin, ekonominin temel ta\u015flar\u0131ndan biri oldu\u011funu vurgulayarak, \u00fclkede kooperatif\u00e7ili\u011fin ileriye ta\u015f\u0131nmas\u0131 ad\u0131na farkl\u0131 \u00fcniversitelerden akademisyenlerin olu\u015fturdu\u011fu Bilim Kurulu\u2019nun, \u00c7al\u0131\u015ftay\u2019da 102 aktif kooperatiften veri toplad\u0131\u011f\u0131n\u0131 ve bu verileri kooperatiflerin atfetti\u011fi \u00f6neme g\u00f6re s\u0131ralad\u0131\u011f\u0131n\u0131 belirtti.&nbsp;<\/p>\n<p>Tespitleri \u0131\u015f\u0131\u011f\u0131nda, \u00fclkedeki kooperatiflerin g\u00fc\u00e7l\u00fc y\u00f6nlerini, zay\u0131f y\u00f6nlerini, f\u0131rsatlar ve tehditlerini (SWOT) listeleyen Ekemen, KKTC kooperatiflerinin en g\u00fc\u00e7l\u00fc y\u00f6n\u00fcn\u00fcn \u00fcye ve m\u00fc\u015fterileriyle olan g\u00fc\u00e7l\u00fc ba\u011flar\u0131, en zay\u0131f y\u00f6n\u00fcn\u00fcn ise yasal mevzuattan do\u011fan s\u0131k\u0131nt\u0131lar olarak g\u00f6r\u00fcld\u00fc\u011f\u00fcn\u00fc belirtti.&nbsp;<\/p>\n<p>Ekemen, f\u0131rsatlar\u0131n ba\u015f\u0131nda K\u0131br\u0131s T\u00fcrk Kooperatif Merkez Bankas\u0131 (KTKMB) arac\u0131l\u0131\u011f\u0131yla kooperatiflerin elde ettikleri teknolojik altyap\u0131 geldi\u011fini, tehditlerin ba\u015f\u0131nda ise yine KTKMB\u2019nin kooperatiflerin menfaatlerini g\u00f6z ard\u0131 etmesinin yer ald\u0131\u011f\u0131n\u0131 payla\u015ft\u0131.&nbsp;<\/p>\n<p>&#8211; Stratejik hedef ve faaliyetler&nbsp;<\/p>\n<p>Yard. Do\u00e7. Dr Ekemen\u2019in ard\u0131ndan s\u00f6z alan Lefke Avrupa \u00dcniversitesi akademisyeni Prof. Dr. Mustafa Sa\u011fsan ise, yap\u0131lan tespitler do\u011frultusunda haz\u0131rlad\u0131klar\u0131 stratejik hedef ve faaliyetler hakk\u0131nda bilgi verdi.&nbsp;<\/p>\n<p>Prof. Dr. Mustafa Sa\u011fsan, bilimsel metotlara dayal\u0131, \u201cayaklar\u0131 yere basan\u201d bir stratejik plan ve ard\u0131ndan bir eylem plan\u0131 yapma hedeflerinin alt\u0131n\u0131 \u00e7izerek, \u00fclkedeki kooperatiflerin derdine derman olmak istediklerini kaydetti.<\/p>\n<p>Stratejik hedef ve faaliyetlerin, \u201cmevzuattan kaynaklanan eksikliklerin saptanmas\u0131\u201d, \u201ckooperatif\u00e7ilikte y\u00f6neti\u015fimin yeniden yap\u0131land\u0131r\u0131lmas\u0131\u201d, \u201ckooperatif\u00e7ilikte kalitenin art\u0131r\u0131lmas\u0131 ve uluslararas\u0131 standartlara ta\u015f\u0131nmas\u0131\u201d olarak 3 temel ba\u015fl\u0131kta belirlendi\u011fini a\u00e7\u0131klayan Prof. Dr. Sa\u011fsan, hedeflerin nas\u0131l, kim arac\u0131l\u0131\u011f\u0131yla ve ne kadar s\u00fcreyle ger\u00e7ekle\u015ftirilece\u011fine y\u00f6nelik detaylar\u0131n ise eylem plan\u0131nda yer alaca\u011f\u0131n\u0131 belirtti.&nbsp;<\/p>\n<p>Prof. Dr. Sa\u011fsan taraf\u0131ndan payla\u015f\u0131lan hedeflerin baz\u0131lar\u0131 \u015fu \u015fekilde:<\/p>\n<p>\u201cMevzuattaki bo\u015fluk ve belirsizliklerin tespit edilerek g\u00fcncellenmesi, b\u00fcrokratik zorluklar\u0131n saptanmas\u0131, h\u00fck\u00fcmet program\u0131na uygun \u015fekilde, AB ve uluslararas\u0131 m\u00fcktesebata g\u00f6re kooperatif\u00e7ili\u011fin te\u015fviklendirilmesine ili\u015fkin yasan\u0131n olu\u015fturulmas\u0131,<\/p>\n<p>\u0130nsan kayna\u011f\u0131 ve i\u015fg\u00fcc\u00fc planlamas\u0131n\u0131n yap\u0131lmas\u0131, payda\u015flarla i\u015fbirli\u011finin g\u00fc\u00e7lendirilmesi, m\u00fcfetti\u015flerin haz\u0131rlad\u0131\u011f\u0131 tefti\u015f raporlar\u0131n\u0131n tefti\u015f \u015fube amirlerinden olu\u015fan bir komisyon arac\u0131l\u0131\u011f\u0131yla sunulmas\u0131 ve takibinin yap\u0131lmas\u0131, oryantasyon ve e\u011fitim faaliyetlerinin yap\u0131lmas\u0131, hiyerar\u015fik \u00f6rg\u00fctlenme bi\u00e7iminin yeniden tasarlanmas\u0131,<\/p>\n<p>Kooperatiflerin fiziksel altyap\u0131lar\u0131n\u0131n g\u00fc\u00e7lendirilmesi, \u00fcye memnuniyeti i\u00e7in te\u015fviklerin art\u0131r\u0131lmas\u0131 ve ilgili politikalar\u0131n geli\u015ftirilmesi, t\u00fcm kooperatiflerin internet sitesinin yap\u0131lmas\u0131, kooperatiflerin marka de\u011feri haline getirilmesi, kooperatiflerin uluslararas\u0131 kooperatif\u00e7ilik sistemine dahil edilmesi, ba\u015far\u0131l\u0131 kooperatif \u00e7al\u0131\u015fanlar\u0131n\u0131n yurtd\u0131\u015f\u0131 kooperatiflerinde denetim kazanmas\u0131..\u201d<\/p>\n","protected":false},"excerpt":{"rendered":"<p>Sonu\u00e7 raporu, K\u0131br\u0131s T\u00fcrk \u00d6\u011fretmenler Sendikas\u0131 (KT\u00d6S) binas\u0131nda yap\u0131lan bir bas\u0131n toplant\u0131s\u0131yla a\u00e7\u0131kland\u0131. Bas\u0131n toplant\u0131s\u0131nda, \u00c7al\u0131\u015ftay D\u00fczenleme Kurulu ve Bilim Kurulu \u00fcyeleri haz\u0131r bulundu.&nbsp; \u00c7al\u0131\u015ftay\u2019a kat\u0131lan kooperatiflerin \u00e7al\u0131\u015fmalar\u0131yla elde edilen bulgular \u0131\u015f\u0131\u011f\u0131nda, \u00fclkedeki kooperatif\u00e7ili\u011fin g\u00fc\u00e7l\u00fc ve zay\u0131f y\u00f6nlerini, f\u0131rsat ve tehditlerini ortaya koyan \u00c7al\u0131\u015ftay Bilim Kurulu, ard\u0131ndan 3 temel ba\u015fl\u0131kta belirledi\u011fi stratejik hedefleri a\u00e7\u0131klad\u0131. Bilim<\/p>\n","protected":false},"author":1,"featured_media":28111,"comment_status":"open","ping_status":"open","sticky":false,"template":"","format":"standard","meta":{"footnotes":""},"categories":[1],"tags":[],"class_list":["post-28110","post","type-post","status-publish","format-standard","has-post-thumbnail","hentry","category-gundem"],"yoast_head":"<!-- This site is optimized with the Yoast SEO plugin v27.5 - https:\/\/yoast.com\/product\/yoast-seo-wordpress\/ -->\n<title>KKTC 1. Kooperatif\u00e7ilik \u00c7al\u0131\u015ftay\u0131\u2019n\u0131n sonu\u00e7 raporu payla\u015f\u0131ld\u0131 -<\/title>\n<meta name=\"robots\" content=\"index, follow, max-snippet:-1, max-image-preview:large, max-video-preview:-1\" \/>\n<link rel=\"canonical\" href=\"https:\/\/kibrisdakik.com\/?p=28110\" \/>\n<meta property=\"og:locale\" content=\"tr_TR\" \/>\n<meta property=\"og:type\" content=\"article\" \/>\n<meta property=\"og:title\" content=\"KKTC 1. Kooperatif\u00e7ilik \u00c7al\u0131\u015ftay\u0131\u2019n\u0131n sonu\u00e7 raporu payla\u015f\u0131ld\u0131 -\" \/>\n<meta property=\"og:description\" content=\"Sonu\u00e7 raporu, K\u0131br\u0131s T\u00fcrk \u00d6\u011fretmenler Sendikas\u0131 (KT\u00d6S) binas\u0131nda yap\u0131lan bir bas\u0131n toplant\u0131s\u0131yla a\u00e7\u0131kland\u0131. Bas\u0131n toplant\u0131s\u0131nda, \u00c7al\u0131\u015ftay D\u00fczenleme Kurulu ve Bilim Kurulu \u00fcyeleri haz\u0131r bulundu.&nbsp; \u00c7al\u0131\u015ftay\u2019a kat\u0131lan kooperatiflerin \u00e7al\u0131\u015fmalar\u0131yla elde edilen bulgular \u0131\u015f\u0131\u011f\u0131nda, \u00fclkedeki kooperatif\u00e7ili\u011fin g\u00fc\u00e7l\u00fc ve zay\u0131f y\u00f6nlerini, f\u0131rsat ve tehditlerini ortaya koyan \u00c7al\u0131\u015ftay Bilim Kurulu, ard\u0131ndan 3 temel ba\u015fl\u0131kta belirledi\u011fi stratejik hedefleri a\u00e7\u0131klad\u0131. Bilim\" \/>\n<meta property=\"og:url\" content=\"https:\/\/kibrisdakik.com\/?p=28110\" \/>\n<meta property=\"article:published_time\" content=\"2024-01-29T10:38:00+00:00\" \/>\n<meta property=\"og:image\" content=\"https:\/\/kibrisdakik.com\/wp-content\/uploads\/2024\/01\/kktc-1-kooperatifcilik-calistayinin-sonuc-raporu-paylasildi-1706524805.webp.webp\" \/>\n\t<meta property=\"og:image:width\" content=\"710\" \/>\n\t<meta property=\"og:image:height\" content=\"370\" \/>\n\t<meta property=\"og:image:type\" content=\"image\/webp\" \/>\n<meta name=\"author\" content=\"admin\" \/>\n<meta name=\"twitter:card\" content=\"summary_large_image\" \/>\n<meta name=\"twitter:label1\" content=\"Yazan:\" \/>\n\t<meta name=\"twitter:data1\" content=\"admin\" \/>\n\t<meta name=\"twitter:label2\" content=\"Tahmini okuma s\u00fcresi\" \/>\n\t<meta name=\"twitter:data2\" content=\"4 dakika\" \/>\n<script type=\"application\/ld+json\" class=\"yoast-schema-graph\">{\"@context\":\"https:\\\/\\\/schema.org\",\"@graph\":[{\"@type\":\"Article\",\"@id\":\"https:\\\/\\\/kibrisdakik.com\\\/?p=28110#article\",\"isPartOf\":{\"@id\":\"https:\\\/\\\/kibrisdakik.com\\\/?p=28110\"},\"author\":{\"name\":\"admin\",\"@id\":\"https:\\\/\\\/kibrisdakik.com\\\/#\\\/schema\\\/person\\\/9cd9d437bbb44f72b73ba127e06d8e79\"},\"headline\":\"KKTC 1. Kooperatif\u00e7ilik \u00c7al\u0131\u015ftay\u0131\u2019n\u0131n sonu\u00e7 raporu payla\u015f\u0131ld\u0131\",\"datePublished\":\"2024-01-29T10:38:00+00:00\",\"mainEntityOfPage\":{\"@id\":\"https:\\\/\\\/kibrisdakik.com\\\/?p=28110\"},\"wordCount\":833,\"commentCount\":0,\"image\":{\"@id\":\"https:\\\/\\\/kibrisdakik.com\\\/?p=28110#primaryimage\"},\"thumbnailUrl\":\"https:\\\/\\\/kibrisdakik.com\\\/wp-content\\\/uploads\\\/2024\\\/01\\\/kktc-1-kooperatifcilik-calistayinin-sonuc-raporu-paylasildi-1706524805.webp.webp\",\"articleSection\":[\"G\u00fcndem\"],\"inLanguage\":\"tr\",\"potentialAction\":[{\"@type\":\"CommentAction\",\"name\":\"Comment\",\"target\":[\"https:\\\/\\\/kibrisdakik.com\\\/?p=28110#respond\"]}]},{\"@type\":\"WebPage\",\"@id\":\"https:\\\/\\\/kibrisdakik.com\\\/?p=28110\",\"url\":\"https:\\\/\\\/kibrisdakik.com\\\/?p=28110\",\"name\":\"KKTC 1. Kooperatif\u00e7ilik \u00c7al\u0131\u015ftay\u0131\u2019n\u0131n sonu\u00e7 raporu payla\u015f\u0131ld\u0131 -\",\"isPartOf\":{\"@id\":\"https:\\\/\\\/kibrisdakik.com\\\/#website\"},\"primaryImageOfPage\":{\"@id\":\"https:\\\/\\\/kibrisdakik.com\\\/?p=28110#primaryimage\"},\"image\":{\"@id\":\"https:\\\/\\\/kibrisdakik.com\\\/?p=28110#primaryimage\"},\"thumbnailUrl\":\"https:\\\/\\\/kibrisdakik.com\\\/wp-content\\\/uploads\\\/2024\\\/01\\\/kktc-1-kooperatifcilik-calistayinin-sonuc-raporu-paylasildi-1706524805.webp.webp\",\"datePublished\":\"2024-01-29T10:38:00+00:00\",\"author\":{\"@id\":\"https:\\\/\\\/kibrisdakik.com\\\/#\\\/schema\\\/person\\\/9cd9d437bbb44f72b73ba127e06d8e79\"},\"breadcrumb\":{\"@id\":\"https:\\\/\\\/kibrisdakik.com\\\/?p=28110#breadcrumb\"},\"inLanguage\":\"tr\",\"potentialAction\":[{\"@type\":\"ReadAction\",\"target\":[\"https:\\\/\\\/kibrisdakik.com\\\/?p=28110\"]}]},{\"@type\":\"ImageObject\",\"inLanguage\":\"tr\",\"@id\":\"https:\\\/\\\/kibrisdakik.com\\\/?p=28110#primaryimage\",\"url\":\"https:\\\/\\\/kibrisdakik.com\\\/wp-content\\\/uploads\\\/2024\\\/01\\\/kktc-1-kooperatifcilik-calistayinin-sonuc-raporu-paylasildi-1706524805.webp.webp\",\"contentUrl\":\"https:\\\/\\\/kibrisdakik.com\\\/wp-content\\\/uploads\\\/2024\\\/01\\\/kktc-1-kooperatifcilik-calistayinin-sonuc-raporu-paylasildi-1706524805.webp.webp\",\"width\":710,\"height\":370},{\"@type\":\"BreadcrumbList\",\"@id\":\"https:\\\/\\\/kibrisdakik.com\\\/?p=28110#breadcrumb\",\"itemListElement\":[{\"@type\":\"ListItem\",\"position\":1,\"name\":\"Home\",\"item\":\"https:\\\/\\\/kibrisdakik.com\\\/\"},{\"@type\":\"ListItem\",\"position\":2,\"name\":\"KKTC 1. Kooperatif\u00e7ilik \u00c7al\u0131\u015ftay\u0131\u2019n\u0131n sonu\u00e7 raporu payla\u015f\u0131ld\u0131\"}]},{\"@type\":\"WebSite\",\"@id\":\"https:\\\/\\\/kibrisdakik.com\\\/#website\",\"url\":\"https:\\\/\\\/kibrisdakik.com\\\/\",\"name\":\"\",\"description\":\"Tam vaktinde haber\",\"potentialAction\":[{\"@type\":\"SearchAction\",\"target\":{\"@type\":\"EntryPoint\",\"urlTemplate\":\"https:\\\/\\\/kibrisdakik.com\\\/?s={search_term_string}\"},\"query-input\":{\"@type\":\"PropertyValueSpecification\",\"valueRequired\":true,\"valueName\":\"search_term_string\"}}],\"inLanguage\":\"tr\"},{\"@type\":\"Person\",\"@id\":\"https:\\\/\\\/kibrisdakik.com\\\/#\\\/schema\\\/person\\\/9cd9d437bbb44f72b73ba127e06d8e79\",\"name\":\"admin\",\"image\":{\"@type\":\"ImageObject\",\"inLanguage\":\"tr\",\"@id\":\"https:\\\/\\\/secure.gravatar.com\\\/avatar\\\/ccc17943b9d660506c869530f897617f7cb1c21a4bf30023f252596d83e1f007?s=96&d=mm&r=g\",\"url\":\"https:\\\/\\\/secure.gravatar.com\\\/avatar\\\/ccc17943b9d660506c869530f897617f7cb1c21a4bf30023f252596d83e1f007?s=96&d=mm&r=g\",\"contentUrl\":\"https:\\\/\\\/secure.gravatar.com\\\/avatar\\\/ccc17943b9d660506c869530f897617f7cb1c21a4bf30023f252596d83e1f007?s=96&d=mm&r=g\",\"caption\":\"admin\"},\"sameAs\":[\"https:\\\/\\\/kibrisdakik.com\"],\"url\":\"https:\\\/\\\/kibrisdakik.com\\\/?author=1\"}]}<\/script>\n<!-- \/ Yoast SEO plugin. -->","yoast_head_json":{"title":"KKTC 1. Kooperatif\u00e7ilik \u00c7al\u0131\u015ftay\u0131\u2019n\u0131n sonu\u00e7 raporu payla\u015f\u0131ld\u0131 -","robots":{"index":"index","follow":"follow","max-snippet":"max-snippet:-1","max-image-preview":"max-image-preview:large","max-video-preview":"max-video-preview:-1"},"canonical":"https:\/\/kibrisdakik.com\/?p=28110","og_locale":"tr_TR","og_type":"article","og_title":"KKTC 1. Kooperatif\u00e7ilik \u00c7al\u0131\u015ftay\u0131\u2019n\u0131n sonu\u00e7 raporu payla\u015f\u0131ld\u0131 -","og_description":"Sonu\u00e7 raporu, K\u0131br\u0131s T\u00fcrk \u00d6\u011fretmenler Sendikas\u0131 (KT\u00d6S) binas\u0131nda yap\u0131lan bir bas\u0131n toplant\u0131s\u0131yla a\u00e7\u0131kland\u0131. Bas\u0131n toplant\u0131s\u0131nda, \u00c7al\u0131\u015ftay D\u00fczenleme Kurulu ve Bilim Kurulu \u00fcyeleri haz\u0131r bulundu.&nbsp; \u00c7al\u0131\u015ftay\u2019a kat\u0131lan kooperatiflerin \u00e7al\u0131\u015fmalar\u0131yla elde edilen bulgular \u0131\u015f\u0131\u011f\u0131nda, \u00fclkedeki kooperatif\u00e7ili\u011fin g\u00fc\u00e7l\u00fc ve zay\u0131f y\u00f6nlerini, f\u0131rsat ve tehditlerini ortaya koyan \u00c7al\u0131\u015ftay Bilim Kurulu, ard\u0131ndan 3 temel ba\u015fl\u0131kta belirledi\u011fi stratejik hedefleri a\u00e7\u0131klad\u0131. Bilim","og_url":"https:\/\/kibrisdakik.com\/?p=28110","article_published_time":"2024-01-29T10:38:00+00:00","og_image":[{"width":710,"height":370,"url":"https:\/\/kibrisdakik.com\/wp-content\/uploads\/2024\/01\/kktc-1-kooperatifcilik-calistayinin-sonuc-raporu-paylasildi-1706524805.webp.webp","type":"image\/webp"}],"author":"admin","twitter_card":"summary_large_image","twitter_misc":{"Yazan:":"admin","Tahmini okuma s\u00fcresi":"4 dakika"},"schema":{"@context":"https:\/\/schema.org","@graph":[{"@type":"Article","@id":"https:\/\/kibrisdakik.com\/?p=28110#article","isPartOf":{"@id":"https:\/\/kibrisdakik.com\/?p=28110"},"author":{"name":"admin","@id":"https:\/\/kibrisdakik.com\/#\/schema\/person\/9cd9d437bbb44f72b73ba127e06d8e79"},"headline":"KKTC 1. Kooperatif\u00e7ilik \u00c7al\u0131\u015ftay\u0131\u2019n\u0131n sonu\u00e7 raporu payla\u015f\u0131ld\u0131","datePublished":"2024-01-29T10:38:00+00:00","mainEntityOfPage":{"@id":"https:\/\/kibrisdakik.com\/?p=28110"},"wordCount":833,"commentCount":0,"image":{"@id":"https:\/\/kibrisdakik.com\/?p=28110#primaryimage"},"thumbnailUrl":"https:\/\/kibrisdakik.com\/wp-content\/uploads\/2024\/01\/kktc-1-kooperatifcilik-calistayinin-sonuc-raporu-paylasildi-1706524805.webp.webp","articleSection":["G\u00fcndem"],"inLanguage":"tr","potentialAction":[{"@type":"CommentAction","name":"Comment","target":["https:\/\/kibrisdakik.com\/?p=28110#respond"]}]},{"@type":"WebPage","@id":"https:\/\/kibrisdakik.com\/?p=28110","url":"https:\/\/kibrisdakik.com\/?p=28110","name":"KKTC 1. Kooperatif\u00e7ilik \u00c7al\u0131\u015ftay\u0131\u2019n\u0131n sonu\u00e7 raporu payla\u015f\u0131ld\u0131 -","isPartOf":{"@id":"https:\/\/kibrisdakik.com\/#website"},"primaryImageOfPage":{"@id":"https:\/\/kibrisdakik.com\/?p=28110#primaryimage"},"image":{"@id":"https:\/\/kibrisdakik.com\/?p=28110#primaryimage"},"thumbnailUrl":"https:\/\/kibrisdakik.com\/wp-content\/uploads\/2024\/01\/kktc-1-kooperatifcilik-calistayinin-sonuc-raporu-paylasildi-1706524805.webp.webp","datePublished":"2024-01-29T10:38:00+00:00","author":{"@id":"https:\/\/kibrisdakik.com\/#\/schema\/person\/9cd9d437bbb44f72b73ba127e06d8e79"},"breadcrumb":{"@id":"https:\/\/kibrisdakik.com\/?p=28110#breadcrumb"},"inLanguage":"tr","potentialAction":[{"@type":"ReadAction","target":["https:\/\/kibrisdakik.com\/?p=28110"]}]},{"@type":"ImageObject","inLanguage":"tr","@id":"https:\/\/kibrisdakik.com\/?p=28110#primaryimage","url":"https:\/\/kibrisdakik.com\/wp-content\/uploads\/2024\/01\/kktc-1-kooperatifcilik-calistayinin-sonuc-raporu-paylasildi-1706524805.webp.webp","contentUrl":"https:\/\/kibrisdakik.com\/wp-content\/uploads\/2024\/01\/kktc-1-kooperatifcilik-calistayinin-sonuc-raporu-paylasildi-1706524805.webp.webp","width":710,"height":370},{"@type":"BreadcrumbList","@id":"https:\/\/kibrisdakik.com\/?p=28110#breadcrumb","itemListElement":[{"@type":"ListItem","position":1,"name":"Home","item":"https:\/\/kibrisdakik.com\/"},{"@type":"ListItem","position":2,"name":"KKTC 1. Kooperatif\u00e7ilik \u00c7al\u0131\u015ftay\u0131\u2019n\u0131n sonu\u00e7 raporu payla\u015f\u0131ld\u0131"}]},{"@type":"WebSite","@id":"https:\/\/kibrisdakik.com\/#website","url":"https:\/\/kibrisdakik.com\/","name":"","description":"Tam vaktinde haber","potentialAction":[{"@type":"SearchAction","target":{"@type":"EntryPoint","urlTemplate":"https:\/\/kibrisdakik.com\/?s={search_term_string}"},"query-input":{"@type":"PropertyValueSpecification","valueRequired":true,"valueName":"search_term_string"}}],"inLanguage":"tr"},{"@type":"Person","@id":"https:\/\/kibrisdakik.com\/#\/schema\/person\/9cd9d437bbb44f72b73ba127e06d8e79","name":"admin","image":{"@type":"ImageObject","inLanguage":"tr","@id":"https:\/\/secure.gravatar.com\/avatar\/ccc17943b9d660506c869530f897617f7cb1c21a4bf30023f252596d83e1f007?s=96&d=mm&r=g","url":"https:\/\/secure.gravatar.com\/avatar\/ccc17943b9d660506c869530f897617f7cb1c21a4bf30023f252596d83e1f007?s=96&d=mm&r=g","contentUrl":"https:\/\/secure.gravatar.com\/avatar\/ccc17943b9d660506c869530f897617f7cb1c21a4bf30023f252596d83e1f007?s=96&d=mm&r=g","caption":"admin"},"sameAs":["https:\/\/kibrisdakik.com"],"url":"https:\/\/kibrisdakik.com\/?author=1"}]}},"_links":{"self":[{"href":"https:\/\/kibrisdakik.com\/index.php?rest_route=\/wp\/v2\/posts\/28110","targetHints":{"allow":["GET"]}}],"collection":[{"href":"https:\/\/kibrisdakik.com\/index.php?rest_route=\/wp\/v2\/posts"}],"about":[{"href":"https:\/\/kibrisdakik.com\/index.php?rest_route=\/wp\/v2\/types\/post"}],"author":[{"embeddable":true,"href":"https:\/\/kibrisdakik.com\/index.php?rest_route=\/wp\/v2\/users\/1"}],"replies":[{"embeddable":true,"href":"https:\/\/kibrisdakik.com\/index.php?rest_route=%2Fwp%2Fv2%2Fcomments&post=28110"}],"version-history":[{"count":0,"href":"https:\/\/kibrisdakik.com\/index.php?rest_route=\/wp\/v2\/posts\/28110\/revisions"}],"wp:featuredmedia":[{"embeddable":true,"href":"https:\/\/kibrisdakik.com\/index.php?rest_route=\/wp\/v2\/media\/28111"}],"wp:attachment":[{"href":"https:\/\/kibrisdakik.com\/index.php?rest_route=%2Fwp%2Fv2%2Fmedia&parent=28110"}],"wp:term":[{"taxonomy":"category","embeddable":true,"href":"https:\/\/kibrisdakik.com\/index.php?rest_route=%2Fwp%2Fv2%2Fcategories&post=28110"},{"taxonomy":"post_tag","embeddable":true,"href":"https:\/\/kibrisdakik.com\/index.php?rest_route=%2Fwp%2Fv2%2Ftags&post=28110"}],"curies":[{"name":"wp","href":"https:\/\/api.w.org\/{rel}","templated":true}]}}