{"id":28176,"date":"2024-01-29T17:00:48","date_gmt":"2024-01-29T17:00:48","guid":{"rendered":"https:\/\/kibrisdakik.com\/index.php\/2024\/01\/29\/istanbulda-trafik-yogunlugu-yuzde-81e-cikti\/"},"modified":"2024-01-29T17:00:48","modified_gmt":"2024-01-29T17:00:48","slug":"istanbulda-trafik-yogunlugu-yuzde-81e-cikti","status":"publish","type":"post","link":"https:\/\/kibrisdakik.com\/?p=28176","title":{"rendered":"\u0130stanbul&#039;da trafik yo\u011funlu\u011fu y\u00fczde 81&#039;e \u00e7\u0131kt\u0131"},"content":{"rendered":"<p><img decoding=\"async\" src=\"https:\/\/www.kibristurk.com\/images\/haberler\/2024\/01\/istanbulda-trafik-yogunlugu-yuzde-81e-cikti-1706547191.webp\" \/><\/p>\n<p>Anadolu Yakas\u0131&#8217;nda D-100 kara yolunun Kartal ile Kad\u0131k\u00f6y aras\u0131ndaki kesiminde her iki y\u00f6nde ara\u00e7 yo\u011funlu\u011fu ya\u015fan\u0131yor.<\/p>\n<p>TEM otoyolunda \u00dcsk\u00fcdar ile Ata\u015fehir, \u015eile otoyolunda ise Altunizade ile \u00dcmraniye aras\u0131nda ara\u00e7lar g\u00fc\u00e7l\u00fckle ilerliyor.<\/p>\n<p>5 Temmuz \u015eehitler K\u00f6pr\u00fcs\u00fc&#8217;nde, Anadolu Yakas\u0131&#8217;ndan Avrupa Yakas\u0131&#8217;na ge\u00e7i\u015fte trafik yo\u011funlu\u011fu \u00dcnalan&#8217;dan ba\u015fl\u0131yor. Di\u011fer istikamette ise \u00c7a\u011flayan&#8217;da ba\u015flayan trafik yo\u011funlu\u011fu k\u00f6pr\u00fcde normale d\u00f6nerken Ata\u015fehir&#8217;de yeniden art\u0131yor.<\/p>\n<p>Fatih Sultan Mehmet K\u00f6pr\u00fcs\u00fc&#8217;nde ise Avrupa Yakas\u0131&#8217;na ge\u00e7i\u015flerde trafik yo\u011funlu\u011fu \u00dcmraniye ayr\u0131m\u0131nda ba\u015fl\u0131yor.<\/p>\n<p>Avrupa Yakas\u0131&#8217;nda da, D-100 kara yolunun B\u00fcy\u00fck\u00e7ekmece ile Zincirlikuyu aras\u0131ndaki b\u00f6l\u00fcm\u00fcnde ara\u00e7lar g\u00fc\u00e7l\u00fckle ilerliyor.<\/p>\n<p>D-100 kara yolunda Haramidere Kav\u015fa\u011f\u0131, Had\u0131mk\u00f6y ile TEM otoyolu aras\u0131nda her iki y\u00f6nde ara\u00e7 yo\u011funlu\u011fu ya\u015fan\u0131yor.<\/p>\n<p>Bas\u0131n Ekspres Caddesi&#8217;nde trafik her iki y\u00f6nde a\u011f\u0131r seyrediyor. Alibeyk\u00f6y ile Emin\u00f6n\u00fc, Karak\u00f6y ile Ortak\u00f6y aras\u0131 sahil yollar\u0131nda \u00e7ift y\u00f6nl\u00fc trafik yo\u011funlu\u011fu ya\u015fan\u0131yor.<\/p>\n<p>D-100 kara yolunda Beylikd\u00fcz\u00fc ve Avc\u0131lar ile K\u00fc\u00e7\u00fck\u00e7ekmece ve Avc\u0131lar aras\u0131ndaki yan yolda ara\u00e7lar g\u00fc\u00e7l\u00fckle ilerliyor.<\/p>\n<p>\u0130stanbul B\u00fcy\u00fck\u015fehir Belediyesi Trafik Yo\u011funluk Haritas\u0131&#8217;na g\u00f6re trafik yo\u011funlu\u011fu kent genelinde y\u00fczde 81 olarak \u00f6l\u00e7\u00fcld\u00fc.<\/p>\n<h3>Toplu ta\u015f\u0131ma durak ve ara\u00e7lar\u0131nda yolcu yo\u011funlu\u011fu<\/h3>\n<p>Mesainin bitmesiyle evlerine gitmeye \u00e7al\u0131\u015fanlar, tramvay, metro, otob\u00fcs ve metrob\u00fcs duraklar\u0131nda yo\u011funluk olu\u015fturdu.<\/p>\n<p>Baz\u0131 metrob\u00fcs, \u0130ETT ve tramvay aktarma istasyonlar\u0131n\u0131n da bulundu\u011fu Zincirlikuyu, Cevizliba\u011f ve Zeytinburnu&#8217;nda yo\u011funluk g\u00f6zlendi.<\/p>\n<p>Turnike b\u00f6lgesinden metrob\u00fcse, metroya veya otob\u00fcs duraklar\u0131na ula\u015fmaya \u00e7al\u0131\u015fanlar ya\u011fmurun da etkisiyle zor anlar ya\u015fad\u0131.<\/p>\n<p>Ya\u011fmurdan korunmaya \u00e7al\u0131\u015fan baz\u0131 vatanda\u015flar \u00fcst ge\u00e7itlerin altlar\u0131na s\u0131\u011f\u0131nmak zorunda kald\u0131.<\/p>\n","protected":false},"excerpt":{"rendered":"<p>Anadolu Yakas\u0131&#8217;nda D-100 kara yolunun Kartal ile Kad\u0131k\u00f6y aras\u0131ndaki kesiminde her iki y\u00f6nde ara\u00e7 yo\u011funlu\u011fu ya\u015fan\u0131yor. TEM otoyolunda \u00dcsk\u00fcdar ile Ata\u015fehir, \u015eile otoyolunda ise Altunizade ile \u00dcmraniye aras\u0131nda ara\u00e7lar g\u00fc\u00e7l\u00fckle ilerliyor. 5 Temmuz \u015eehitler K\u00f6pr\u00fcs\u00fc&#8217;nde, Anadolu Yakas\u0131&#8217;ndan Avrupa Yakas\u0131&#8217;na ge\u00e7i\u015fte trafik yo\u011funlu\u011fu \u00dcnalan&#8217;dan ba\u015fl\u0131yor. Di\u011fer istikamette ise \u00c7a\u011flayan&#8217;da ba\u015flayan trafik yo\u011funlu\u011fu k\u00f6pr\u00fcde normale d\u00f6nerken Ata\u015fehir&#8217;de<\/p>\n","protected":false},"author":1,"featured_media":28177,"comment_status":"open","ping_status":"open","sticky":false,"template":"","format":"standard","meta":{"footnotes":""},"categories":[85],"tags":[],"class_list":["post-28176","post","type-post","status-publish","format-standard","has-post-thumbnail","hentry","category-spor"],"yoast_head":"<!-- This site is optimized with the Yoast SEO plugin v27.5 - https:\/\/yoast.com\/product\/yoast-seo-wordpress\/ -->\n<title>\u0130stanbul&#039;da trafik yo\u011funlu\u011fu y\u00fczde 81&#039;e \u00e7\u0131kt\u0131 -<\/title>\n<meta name=\"robots\" content=\"index, follow, max-snippet:-1, max-image-preview:large, max-video-preview:-1\" \/>\n<link rel=\"canonical\" href=\"https:\/\/kibrisdakik.com\/?p=28176\" \/>\n<meta property=\"og:locale\" content=\"tr_TR\" \/>\n<meta property=\"og:type\" content=\"article\" \/>\n<meta property=\"og:title\" content=\"\u0130stanbul&#039;da trafik yo\u011funlu\u011fu y\u00fczde 81&#039;e \u00e7\u0131kt\u0131 -\" \/>\n<meta property=\"og:description\" content=\"Anadolu Yakas\u0131&#8217;nda D-100 kara yolunun Kartal ile Kad\u0131k\u00f6y aras\u0131ndaki kesiminde her iki y\u00f6nde ara\u00e7 yo\u011funlu\u011fu ya\u015fan\u0131yor. TEM otoyolunda \u00dcsk\u00fcdar ile Ata\u015fehir, \u015eile otoyolunda ise Altunizade ile \u00dcmraniye aras\u0131nda ara\u00e7lar g\u00fc\u00e7l\u00fckle ilerliyor. 5 Temmuz \u015eehitler K\u00f6pr\u00fcs\u00fc&#8217;nde, Anadolu Yakas\u0131&#8217;ndan Avrupa Yakas\u0131&#8217;na ge\u00e7i\u015fte trafik yo\u011funlu\u011fu \u00dcnalan&#8217;dan ba\u015fl\u0131yor. Di\u011fer istikamette ise \u00c7a\u011flayan&#8217;da ba\u015flayan trafik yo\u011funlu\u011fu k\u00f6pr\u00fcde normale d\u00f6nerken Ata\u015fehir&#8217;de\" \/>\n<meta property=\"og:url\" content=\"https:\/\/kibrisdakik.com\/?p=28176\" \/>\n<meta property=\"article:published_time\" content=\"2024-01-29T17:00:48+00:00\" \/>\n<meta property=\"og:image\" content=\"https:\/\/kibrisdakik.com\/wp-content\/uploads\/2024\/01\/istanbulda-trafik-yogunlugu-yuzde-81e-cikti-1706547191.webp.webp\" \/>\n\t<meta property=\"og:image:width\" content=\"710\" \/>\n\t<meta property=\"og:image:height\" content=\"370\" \/>\n\t<meta property=\"og:image:type\" content=\"image\/webp\" \/>\n<meta name=\"author\" content=\"admin\" \/>\n<meta name=\"twitter:card\" content=\"summary_large_image\" \/>\n<meta name=\"twitter:label1\" content=\"Yazan:\" \/>\n\t<meta name=\"twitter:data1\" content=\"admin\" \/>\n\t<meta name=\"twitter:label2\" content=\"Tahmini okuma s\u00fcresi\" \/>\n\t<meta name=\"twitter:data2\" content=\"2 dakika\" \/>\n<script type=\"application\/ld+json\" class=\"yoast-schema-graph\">{\"@context\":\"https:\\\/\\\/schema.org\",\"@graph\":[{\"@type\":\"Article\",\"@id\":\"https:\\\/\\\/kibrisdakik.com\\\/?p=28176#article\",\"isPartOf\":{\"@id\":\"https:\\\/\\\/kibrisdakik.com\\\/?p=28176\"},\"author\":{\"name\":\"admin\",\"@id\":\"https:\\\/\\\/kibrisdakik.com\\\/#\\\/schema\\\/person\\\/9cd9d437bbb44f72b73ba127e06d8e79\"},\"headline\":\"\u0130stanbul&#039;da trafik yo\u011funlu\u011fu y\u00fczde 81&#039;e \u00e7\u0131kt\u0131\",\"datePublished\":\"2024-01-29T17:00:48+00:00\",\"mainEntityOfPage\":{\"@id\":\"https:\\\/\\\/kibrisdakik.com\\\/?p=28176\"},\"wordCount\":354,\"commentCount\":0,\"image\":{\"@id\":\"https:\\\/\\\/kibrisdakik.com\\\/?p=28176#primaryimage\"},\"thumbnailUrl\":\"https:\\\/\\\/kibrisdakik.com\\\/wp-content\\\/uploads\\\/2024\\\/01\\\/istanbulda-trafik-yogunlugu-yuzde-81e-cikti-1706547191.webp.webp\",\"articleSection\":[\"Spor\"],\"inLanguage\":\"tr\",\"potentialAction\":[{\"@type\":\"CommentAction\",\"name\":\"Comment\",\"target\":[\"https:\\\/\\\/kibrisdakik.com\\\/?p=28176#respond\"]}]},{\"@type\":\"WebPage\",\"@id\":\"https:\\\/\\\/kibrisdakik.com\\\/?p=28176\",\"url\":\"https:\\\/\\\/kibrisdakik.com\\\/?p=28176\",\"name\":\"\u0130stanbul&#039;da trafik yo\u011funlu\u011fu y\u00fczde 81&#039;e \u00e7\u0131kt\u0131 -\",\"isPartOf\":{\"@id\":\"https:\\\/\\\/kibrisdakik.com\\\/#website\"},\"primaryImageOfPage\":{\"@id\":\"https:\\\/\\\/kibrisdakik.com\\\/?p=28176#primaryimage\"},\"image\":{\"@id\":\"https:\\\/\\\/kibrisdakik.com\\\/?p=28176#primaryimage\"},\"thumbnailUrl\":\"https:\\\/\\\/kibrisdakik.com\\\/wp-content\\\/uploads\\\/2024\\\/01\\\/istanbulda-trafik-yogunlugu-yuzde-81e-cikti-1706547191.webp.webp\",\"datePublished\":\"2024-01-29T17:00:48+00:00\",\"author\":{\"@id\":\"https:\\\/\\\/kibrisdakik.com\\\/#\\\/schema\\\/person\\\/9cd9d437bbb44f72b73ba127e06d8e79\"},\"breadcrumb\":{\"@id\":\"https:\\\/\\\/kibrisdakik.com\\\/?p=28176#breadcrumb\"},\"inLanguage\":\"tr\",\"potentialAction\":[{\"@type\":\"ReadAction\",\"target\":[\"https:\\\/\\\/kibrisdakik.com\\\/?p=28176\"]}]},{\"@type\":\"ImageObject\",\"inLanguage\":\"tr\",\"@id\":\"https:\\\/\\\/kibrisdakik.com\\\/?p=28176#primaryimage\",\"url\":\"https:\\\/\\\/kibrisdakik.com\\\/wp-content\\\/uploads\\\/2024\\\/01\\\/istanbulda-trafik-yogunlugu-yuzde-81e-cikti-1706547191.webp.webp\",\"contentUrl\":\"https:\\\/\\\/kibrisdakik.com\\\/wp-content\\\/uploads\\\/2024\\\/01\\\/istanbulda-trafik-yogunlugu-yuzde-81e-cikti-1706547191.webp.webp\",\"width\":710,\"height\":370},{\"@type\":\"BreadcrumbList\",\"@id\":\"https:\\\/\\\/kibrisdakik.com\\\/?p=28176#breadcrumb\",\"itemListElement\":[{\"@type\":\"ListItem\",\"position\":1,\"name\":\"Home\",\"item\":\"https:\\\/\\\/kibrisdakik.com\\\/\"},{\"@type\":\"ListItem\",\"position\":2,\"name\":\"\u0130stanbul&#039;da trafik yo\u011funlu\u011fu y\u00fczde 81&#039;e \u00e7\u0131kt\u0131\"}]},{\"@type\":\"WebSite\",\"@id\":\"https:\\\/\\\/kibrisdakik.com\\\/#website\",\"url\":\"https:\\\/\\\/kibrisdakik.com\\\/\",\"name\":\"\",\"description\":\"Tam vaktinde haber\",\"potentialAction\":[{\"@type\":\"SearchAction\",\"target\":{\"@type\":\"EntryPoint\",\"urlTemplate\":\"https:\\\/\\\/kibrisdakik.com\\\/?s={search_term_string}\"},\"query-input\":{\"@type\":\"PropertyValueSpecification\",\"valueRequired\":true,\"valueName\":\"search_term_string\"}}],\"inLanguage\":\"tr\"},{\"@type\":\"Person\",\"@id\":\"https:\\\/\\\/kibrisdakik.com\\\/#\\\/schema\\\/person\\\/9cd9d437bbb44f72b73ba127e06d8e79\",\"name\":\"admin\",\"image\":{\"@type\":\"ImageObject\",\"inLanguage\":\"tr\",\"@id\":\"https:\\\/\\\/secure.gravatar.com\\\/avatar\\\/ccc17943b9d660506c869530f897617f7cb1c21a4bf30023f252596d83e1f007?s=96&d=mm&r=g\",\"url\":\"https:\\\/\\\/secure.gravatar.com\\\/avatar\\\/ccc17943b9d660506c869530f897617f7cb1c21a4bf30023f252596d83e1f007?s=96&d=mm&r=g\",\"contentUrl\":\"https:\\\/\\\/secure.gravatar.com\\\/avatar\\\/ccc17943b9d660506c869530f897617f7cb1c21a4bf30023f252596d83e1f007?s=96&d=mm&r=g\",\"caption\":\"admin\"},\"sameAs\":[\"https:\\\/\\\/kibrisdakik.com\"],\"url\":\"https:\\\/\\\/kibrisdakik.com\\\/?author=1\"}]}<\/script>\n<!-- \/ Yoast SEO plugin. -->","yoast_head_json":{"title":"\u0130stanbul&#039;da trafik yo\u011funlu\u011fu y\u00fczde 81&#039;e \u00e7\u0131kt\u0131 -","robots":{"index":"index","follow":"follow","max-snippet":"max-snippet:-1","max-image-preview":"max-image-preview:large","max-video-preview":"max-video-preview:-1"},"canonical":"https:\/\/kibrisdakik.com\/?p=28176","og_locale":"tr_TR","og_type":"article","og_title":"\u0130stanbul&#039;da trafik yo\u011funlu\u011fu y\u00fczde 81&#039;e \u00e7\u0131kt\u0131 -","og_description":"Anadolu Yakas\u0131&#8217;nda D-100 kara yolunun Kartal ile Kad\u0131k\u00f6y aras\u0131ndaki kesiminde her iki y\u00f6nde ara\u00e7 yo\u011funlu\u011fu ya\u015fan\u0131yor. TEM otoyolunda \u00dcsk\u00fcdar ile Ata\u015fehir, \u015eile otoyolunda ise Altunizade ile \u00dcmraniye aras\u0131nda ara\u00e7lar g\u00fc\u00e7l\u00fckle ilerliyor. 5 Temmuz \u015eehitler K\u00f6pr\u00fcs\u00fc&#8217;nde, Anadolu Yakas\u0131&#8217;ndan Avrupa Yakas\u0131&#8217;na ge\u00e7i\u015fte trafik yo\u011funlu\u011fu \u00dcnalan&#8217;dan ba\u015fl\u0131yor. Di\u011fer istikamette ise \u00c7a\u011flayan&#8217;da ba\u015flayan trafik yo\u011funlu\u011fu k\u00f6pr\u00fcde normale d\u00f6nerken Ata\u015fehir&#8217;de","og_url":"https:\/\/kibrisdakik.com\/?p=28176","article_published_time":"2024-01-29T17:00:48+00:00","og_image":[{"width":710,"height":370,"url":"https:\/\/kibrisdakik.com\/wp-content\/uploads\/2024\/01\/istanbulda-trafik-yogunlugu-yuzde-81e-cikti-1706547191.webp.webp","type":"image\/webp"}],"author":"admin","twitter_card":"summary_large_image","twitter_misc":{"Yazan:":"admin","Tahmini okuma s\u00fcresi":"2 dakika"},"schema":{"@context":"https:\/\/schema.org","@graph":[{"@type":"Article","@id":"https:\/\/kibrisdakik.com\/?p=28176#article","isPartOf":{"@id":"https:\/\/kibrisdakik.com\/?p=28176"},"author":{"name":"admin","@id":"https:\/\/kibrisdakik.com\/#\/schema\/person\/9cd9d437bbb44f72b73ba127e06d8e79"},"headline":"\u0130stanbul&#039;da trafik yo\u011funlu\u011fu y\u00fczde 81&#039;e \u00e7\u0131kt\u0131","datePublished":"2024-01-29T17:00:48+00:00","mainEntityOfPage":{"@id":"https:\/\/kibrisdakik.com\/?p=28176"},"wordCount":354,"commentCount":0,"image":{"@id":"https:\/\/kibrisdakik.com\/?p=28176#primaryimage"},"thumbnailUrl":"https:\/\/kibrisdakik.com\/wp-content\/uploads\/2024\/01\/istanbulda-trafik-yogunlugu-yuzde-81e-cikti-1706547191.webp.webp","articleSection":["Spor"],"inLanguage":"tr","potentialAction":[{"@type":"CommentAction","name":"Comment","target":["https:\/\/kibrisdakik.com\/?p=28176#respond"]}]},{"@type":"WebPage","@id":"https:\/\/kibrisdakik.com\/?p=28176","url":"https:\/\/kibrisdakik.com\/?p=28176","name":"\u0130stanbul&#039;da trafik yo\u011funlu\u011fu y\u00fczde 81&#039;e \u00e7\u0131kt\u0131 -","isPartOf":{"@id":"https:\/\/kibrisdakik.com\/#website"},"primaryImageOfPage":{"@id":"https:\/\/kibrisdakik.com\/?p=28176#primaryimage"},"image":{"@id":"https:\/\/kibrisdakik.com\/?p=28176#primaryimage"},"thumbnailUrl":"https:\/\/kibrisdakik.com\/wp-content\/uploads\/2024\/01\/istanbulda-trafik-yogunlugu-yuzde-81e-cikti-1706547191.webp.webp","datePublished":"2024-01-29T17:00:48+00:00","author":{"@id":"https:\/\/kibrisdakik.com\/#\/schema\/person\/9cd9d437bbb44f72b73ba127e06d8e79"},"breadcrumb":{"@id":"https:\/\/kibrisdakik.com\/?p=28176#breadcrumb"},"inLanguage":"tr","potentialAction":[{"@type":"ReadAction","target":["https:\/\/kibrisdakik.com\/?p=28176"]}]},{"@type":"ImageObject","inLanguage":"tr","@id":"https:\/\/kibrisdakik.com\/?p=28176#primaryimage","url":"https:\/\/kibrisdakik.com\/wp-content\/uploads\/2024\/01\/istanbulda-trafik-yogunlugu-yuzde-81e-cikti-1706547191.webp.webp","contentUrl":"https:\/\/kibrisdakik.com\/wp-content\/uploads\/2024\/01\/istanbulda-trafik-yogunlugu-yuzde-81e-cikti-1706547191.webp.webp","width":710,"height":370},{"@type":"BreadcrumbList","@id":"https:\/\/kibrisdakik.com\/?p=28176#breadcrumb","itemListElement":[{"@type":"ListItem","position":1,"name":"Home","item":"https:\/\/kibrisdakik.com\/"},{"@type":"ListItem","position":2,"name":"\u0130stanbul&#039;da trafik yo\u011funlu\u011fu y\u00fczde 81&#039;e \u00e7\u0131kt\u0131"}]},{"@type":"WebSite","@id":"https:\/\/kibrisdakik.com\/#website","url":"https:\/\/kibrisdakik.com\/","name":"","description":"Tam vaktinde haber","potentialAction":[{"@type":"SearchAction","target":{"@type":"EntryPoint","urlTemplate":"https:\/\/kibrisdakik.com\/?s={search_term_string}"},"query-input":{"@type":"PropertyValueSpecification","valueRequired":true,"valueName":"search_term_string"}}],"inLanguage":"tr"},{"@type":"Person","@id":"https:\/\/kibrisdakik.com\/#\/schema\/person\/9cd9d437bbb44f72b73ba127e06d8e79","name":"admin","image":{"@type":"ImageObject","inLanguage":"tr","@id":"https:\/\/secure.gravatar.com\/avatar\/ccc17943b9d660506c869530f897617f7cb1c21a4bf30023f252596d83e1f007?s=96&d=mm&r=g","url":"https:\/\/secure.gravatar.com\/avatar\/ccc17943b9d660506c869530f897617f7cb1c21a4bf30023f252596d83e1f007?s=96&d=mm&r=g","contentUrl":"https:\/\/secure.gravatar.com\/avatar\/ccc17943b9d660506c869530f897617f7cb1c21a4bf30023f252596d83e1f007?s=96&d=mm&r=g","caption":"admin"},"sameAs":["https:\/\/kibrisdakik.com"],"url":"https:\/\/kibrisdakik.com\/?author=1"}]}},"_links":{"self":[{"href":"https:\/\/kibrisdakik.com\/index.php?rest_route=\/wp\/v2\/posts\/28176","targetHints":{"allow":["GET"]}}],"collection":[{"href":"https:\/\/kibrisdakik.com\/index.php?rest_route=\/wp\/v2\/posts"}],"about":[{"href":"https:\/\/kibrisdakik.com\/index.php?rest_route=\/wp\/v2\/types\/post"}],"author":[{"embeddable":true,"href":"https:\/\/kibrisdakik.com\/index.php?rest_route=\/wp\/v2\/users\/1"}],"replies":[{"embeddable":true,"href":"https:\/\/kibrisdakik.com\/index.php?rest_route=%2Fwp%2Fv2%2Fcomments&post=28176"}],"version-history":[{"count":0,"href":"https:\/\/kibrisdakik.com\/index.php?rest_route=\/wp\/v2\/posts\/28176\/revisions"}],"wp:featuredmedia":[{"embeddable":true,"href":"https:\/\/kibrisdakik.com\/index.php?rest_route=\/wp\/v2\/media\/28177"}],"wp:attachment":[{"href":"https:\/\/kibrisdakik.com\/index.php?rest_route=%2Fwp%2Fv2%2Fmedia&parent=28176"}],"wp:term":[{"taxonomy":"category","embeddable":true,"href":"https:\/\/kibrisdakik.com\/index.php?rest_route=%2Fwp%2Fv2%2Fcategories&post=28176"},{"taxonomy":"post_tag","embeddable":true,"href":"https:\/\/kibrisdakik.com\/index.php?rest_route=%2Fwp%2Fv2%2Ftags&post=28176"}],"curies":[{"name":"wp","href":"https:\/\/api.w.org\/{rel}","templated":true}]}}