{"id":28178,"date":"2024-01-29T17:03:56","date_gmt":"2024-01-29T17:03:56","guid":{"rendered":"https:\/\/kibrisdakik.com\/index.php\/2024\/01\/29\/israil-abd-katar-ve-misir-resmen-anlasti\/"},"modified":"2024-01-29T17:03:56","modified_gmt":"2024-01-29T17:03:56","slug":"israil-abd-katar-ve-misir-resmen-anlasti","status":"publish","type":"post","link":"https:\/\/kibrisdakik.com\/?p=28178","title":{"rendered":"\u0130srail, ABD, Katar ve M\u0131s\u0131r resmen anla\u015ft\u0131"},"content":{"rendered":"<p><\/p>\n<p>&#8220;Sky News Arabia&#8221; haber sitesine g\u00f6re Fransa&#8217;n\u0131n ba\u015fkenti Paris&#8217;te d\u00fcn \u0130srail, ABD, Katar ve M\u0131s\u0131rl\u0131 yetkililer esir takas\u0131na ili\u015fkin g\u00f6r\u00fc\u015fme yapt\u0131.<\/p>\n<p>Haberde, \u0130srail&#8217;in arac\u0131 \u00fclkeler ABD, M\u0131s\u0131r ve Katar&#8217;\u0131n esir takas\u0131 i\u00e7in \u00f6nerdi\u011fi mutabakat\u0131 kabul etti\u011fi ileri s\u00fcr\u00fcld\u00fc.<\/p>\n<p>\u00d6nerinin bug\u00fcn Hamas&#8217;a da iletildi\u011fi ve Filistinli direni\u015f grubunun cevab\u0131n\u0131n beklendi\u011fi aktar\u0131ld\u0131.<\/p>\n<p>Taraflar\u0131n \u00f6neriyi kabul etmesi halinde Hamas&#8217;\u0131n elindeki esirlerin tamam\u0131n\u0131n serbest b\u0131rak\u0131laca\u011f\u0131 \u0130srail&#8217;in ise b\u00f6lgeye y\u00f6nelik sald\u0131r\u0131lar\u0131na a\u015famal\u0131 olarak ara verece\u011fi iddia edildi.<\/p>\n<h3>ATE\u015eKES 2 VEYA 4 AY S\u00dcREB\u0130L\u0130R<\/h3>\n<p>Mutabakat sa\u011flan\u0131rsa \u0130srail&#8217;in Gazze&#8217;ye y\u00f6nelik sald\u0131r\u0131lar\u0131na ne kadar ara verece\u011fine ili\u015fkin detay verilmezken daha \u00f6nce \u0130srail ve uluslararas\u0131 bas\u0131nda \u00e7\u0131kan haberlerde bu s\u00fcrenin 2 ila 4 ay aras\u0131 olabilece\u011fi yaz\u0131lm\u0131\u015ft\u0131.<\/p>\n<p>Haberde, taraflar\u0131n mutabakat\u0131 kabul etmesi halinde \u0130srail&#8217;in Gazze&#8217;ye daha fazla insani yard\u0131m\u0131n giri\u015fine izin verece\u011fi kaydedildi.<\/p>\n<h3>\u0130SRA\u0130L VE HAMAS HEN\u00dcZ A\u00c7IKLAMA YAPMADI<\/h3>\n<p>Tel Aviv y\u00f6netimi ve Hamas ise hen\u00fcz s\u00f6z konusu iddialara ili\u015fkin a\u00e7\u0131klama yapmad\u0131.<\/p>\n<p>ABD Merkezi \u0130stihbarat Te\u015fkilat\u0131 (CIA) Direkt\u00f6r\u00fc William Bill Burns, \u0130srail D\u0131\u015f \u0130stihbarat Servisi Mossad&#8217;\u0131n Ba\u015fkan\u0131 David Barnea, Katar Ba\u015fbakan\u0131 ve D\u0131\u015fi\u015fleri Bakan\u0131 Muhammed bin Abdurrahman Al Sani ve M\u0131s\u0131r \u0130stihbarat Ba\u015fkan\u0131 Abbas Kamil, Hamas ile \u0130srail aras\u0131nda yeni bir esir takas\u0131 mutabakat\u0131n\u0131 g\u00f6r\u00fc\u015fmek \u00fczere d\u00fcn Paris&#8217;te bir araya gelmi\u015fti.<\/p>\n<p><img decoding=\"async\" alt=\"\u0130srail, ABD, Katar ve M\u0131s\u0131r resmen anla\u015ft\u0131\" src=\"https:\/\/icdn.tgrthaber.com.tr\/images\/haberler\/24-01\/29\/02-266-qassam-brigades-780x470.jpg\" style=\"height:512px;width:850px\" \/><\/p>\n<p>\u0130srail Ba\u015fbakanl\u0131k Bas\u0131n Ofisinden yap\u0131lan yaz\u0131l\u0131 a\u00e7\u0131klamada, Paris&#8217;teki g\u00f6r\u00fc\u015fmenin yap\u0131c\u0131 ge\u00e7ti\u011fi ancak taraflar aras\u0131nda \u00f6nemli farklar oldu\u011fu belirtilmi\u015fti.<\/p>\n<p>\u0130srail ile Hamas aras\u0131nda 24 Kas\u0131m 2023&#8217;te ba\u015flayan ve bir hafta s\u00fcren esir takas\u0131 kapsam\u0131nda 81 \u0130srailli ve 240 Filistinli esir kar\u015f\u0131l\u0131kl\u0131 serbest b\u0131rak\u0131lm\u0131\u015ft\u0131. Hamas&#8217;\u0131n elinde hala 136 \u0130srailli esir bulunuyor.<\/p>\n","protected":false},"excerpt":{"rendered":"<p>&#8220;Sky News Arabia&#8221; haber sitesine g\u00f6re Fransa&#8217;n\u0131n ba\u015fkenti Paris&#8217;te d\u00fcn \u0130srail, ABD, Katar ve M\u0131s\u0131rl\u0131 yetkililer esir takas\u0131na ili\u015fkin g\u00f6r\u00fc\u015fme yapt\u0131. Haberde, \u0130srail&#8217;in arac\u0131 \u00fclkeler ABD, M\u0131s\u0131r ve Katar&#8217;\u0131n esir takas\u0131 i\u00e7in \u00f6nerdi\u011fi mutabakat\u0131 kabul etti\u011fi ileri s\u00fcr\u00fcld\u00fc. \u00d6nerinin bug\u00fcn Hamas&#8217;a da iletildi\u011fi ve Filistinli direni\u015f grubunun cevab\u0131n\u0131n beklendi\u011fi aktar\u0131ld\u0131. Taraflar\u0131n \u00f6neriyi kabul etmesi halinde<\/p>\n","protected":false},"author":1,"featured_media":28179,"comment_status":"open","ping_status":"open","sticky":false,"template":"","format":"standard","meta":{"footnotes":""},"categories":[79],"tags":[],"class_list":["post-28178","post","type-post","status-publish","format-standard","has-post-thumbnail","hentry","category-ekonomi"],"yoast_head":"<!-- This site is optimized with the Yoast SEO plugin v28.4 - https:\/\/yoast.com\/product\/yoast-seo-wordpress\/ -->\n<title>\u0130srail, ABD, Katar ve M\u0131s\u0131r resmen anla\u015ft\u0131 -<\/title>\n<meta name=\"robots\" content=\"index, follow, max-snippet:-1, max-image-preview:large, max-video-preview:-1\" \/>\n<link rel=\"canonical\" href=\"https:\/\/kibrisdakik.com\/?p=28178\" \/>\n<meta property=\"og:locale\" content=\"tr_TR\" \/>\n<meta property=\"og:type\" content=\"article\" \/>\n<meta property=\"og:title\" content=\"\u0130srail, ABD, Katar ve M\u0131s\u0131r resmen anla\u015ft\u0131 -\" \/>\n<meta property=\"og:description\" content=\"&#8220;Sky News Arabia&#8221; haber sitesine g\u00f6re Fransa&#8217;n\u0131n ba\u015fkenti Paris&#8217;te d\u00fcn \u0130srail, ABD, Katar ve M\u0131s\u0131rl\u0131 yetkililer esir takas\u0131na ili\u015fkin g\u00f6r\u00fc\u015fme yapt\u0131. Haberde, \u0130srail&#8217;in arac\u0131 \u00fclkeler ABD, M\u0131s\u0131r ve Katar&#8217;\u0131n esir takas\u0131 i\u00e7in \u00f6nerdi\u011fi mutabakat\u0131 kabul etti\u011fi ileri s\u00fcr\u00fcld\u00fc. \u00d6nerinin bug\u00fcn Hamas&#8217;a da iletildi\u011fi ve Filistinli direni\u015f grubunun cevab\u0131n\u0131n beklendi\u011fi aktar\u0131ld\u0131. Taraflar\u0131n \u00f6neriyi kabul etmesi halinde\" \/>\n<meta property=\"og:url\" content=\"https:\/\/kibrisdakik.com\/?p=28178\" \/>\n<meta property=\"article:published_time\" content=\"2024-01-29T17:03:56+00:00\" \/>\n<meta property=\"og:image\" content=\"https:\/\/kibrisdakik.com\/wp-content\/uploads\/2024\/01\/02-266-qassam-brigades-780x470-740x420.jpg\" \/>\n\t<meta property=\"og:image:width\" content=\"780\" \/>\n\t<meta property=\"og:image:height\" content=\"470\" \/>\n\t<meta property=\"og:image:type\" content=\"image\/jpeg\" \/>\n<meta name=\"author\" content=\"admin\" \/>\n<meta name=\"twitter:card\" content=\"summary_large_image\" \/>\n<meta name=\"twitter:label1\" content=\"Yazan:\" \/>\n\t<meta name=\"twitter:data1\" content=\"admin\" \/>\n\t<meta name=\"twitter:label2\" content=\"Tahmini okuma s\u00fcresi\" \/>\n\t<meta name=\"twitter:data2\" content=\"2 dakika\" \/>\n<script type=\"application\/ld+json\" class=\"yoast-schema-graph\">{\"@context\":\"https:\\\/\\\/schema.org\",\"@graph\":[{\"@type\":\"Article\",\"@id\":\"https:\\\/\\\/kibrisdakik.com\\\/?p=28178#article\",\"isPartOf\":{\"@id\":\"https:\\\/\\\/kibrisdakik.com\\\/?p=28178\"},\"author\":{\"name\":\"admin\",\"@id\":\"https:\\\/\\\/kibrisdakik.com\\\/#\\\/schema\\\/person\\\/9cd9d437bbb44f72b73ba127e06d8e79\"},\"headline\":\"\u0130srail, ABD, Katar ve M\u0131s\u0131r resmen anla\u015ft\u0131\",\"datePublished\":\"2024-01-29T17:03:56+00:00\",\"mainEntityOfPage\":{\"@id\":\"https:\\\/\\\/kibrisdakik.com\\\/?p=28178\"},\"wordCount\":362,\"commentCount\":0,\"publisher\":{\"@id\":\"https:\\\/\\\/kibrisdakik.com\\\/#organization\"},\"image\":{\"@id\":\"https:\\\/\\\/kibrisdakik.com\\\/?p=28178#primaryimage\"},\"thumbnailUrl\":\"https:\\\/\\\/kibrisdakik.com\\\/wp-content\\\/uploads\\\/2024\\\/01\\\/02-266-qassam-brigades-780x470-740x420.jpg\",\"articleSection\":[\"Ekonomi\"],\"inLanguage\":\"tr\",\"potentialAction\":[{\"@type\":\"CommentAction\",\"name\":\"Comment\",\"target\":[\"https:\\\/\\\/kibrisdakik.com\\\/?p=28178#respond\"]}]},{\"@type\":\"WebPage\",\"@id\":\"https:\\\/\\\/kibrisdakik.com\\\/?p=28178\",\"url\":\"https:\\\/\\\/kibrisdakik.com\\\/?p=28178\",\"name\":\"\u0130srail, ABD, Katar ve M\u0131s\u0131r resmen anla\u015ft\u0131 -\",\"isPartOf\":{\"@id\":\"https:\\\/\\\/kibrisdakik.com\\\/#website\"},\"primaryImageOfPage\":{\"@id\":\"https:\\\/\\\/kibrisdakik.com\\\/?p=28178#primaryimage\"},\"image\":{\"@id\":\"https:\\\/\\\/kibrisdakik.com\\\/?p=28178#primaryimage\"},\"thumbnailUrl\":\"https:\\\/\\\/kibrisdakik.com\\\/wp-content\\\/uploads\\\/2024\\\/01\\\/02-266-qassam-brigades-780x470-740x420.jpg\",\"datePublished\":\"2024-01-29T17:03:56+00:00\",\"breadcrumb\":{\"@id\":\"https:\\\/\\\/kibrisdakik.com\\\/?p=28178#breadcrumb\"},\"inLanguage\":\"tr\",\"potentialAction\":[{\"@type\":\"ReadAction\",\"target\":[\"https:\\\/\\\/kibrisdakik.com\\\/?p=28178\"]}]},{\"@type\":\"ImageObject\",\"inLanguage\":\"tr\",\"@id\":\"https:\\\/\\\/kibrisdakik.com\\\/?p=28178#primaryimage\",\"url\":\"https:\\\/\\\/kibrisdakik.com\\\/wp-content\\\/uploads\\\/2024\\\/01\\\/02-266-qassam-brigades-780x470-740x420.jpg\",\"contentUrl\":\"https:\\\/\\\/kibrisdakik.com\\\/wp-content\\\/uploads\\\/2024\\\/01\\\/02-266-qassam-brigades-780x470-740x420.jpg\",\"width\":780,\"height\":470},{\"@type\":\"BreadcrumbList\",\"@id\":\"https:\\\/\\\/kibrisdakik.com\\\/?p=28178#breadcrumb\",\"itemListElement\":[{\"@type\":\"ListItem\",\"position\":1,\"name\":\"Home\",\"item\":\"https:\\\/\\\/kibrisdakik.com\\\/\"},{\"@type\":\"ListItem\",\"position\":2,\"name\":\"\u0130srail, ABD, Katar ve M\u0131s\u0131r resmen anla\u015ft\u0131\"}]},{\"@type\":\"WebSite\",\"@id\":\"https:\\\/\\\/kibrisdakik.com\\\/#website\",\"url\":\"https:\\\/\\\/kibrisdakik.com\\\/\",\"name\":\"K\u0131br\u0131s Dakik\",\"description\":\"Tam vaktinde haber\",\"publisher\":{\"@id\":\"https:\\\/\\\/kibrisdakik.com\\\/#organization\"},\"potentialAction\":[{\"@type\":\"SearchAction\",\"target\":{\"@type\":\"EntryPoint\",\"urlTemplate\":\"https:\\\/\\\/kibrisdakik.com\\\/?s={search_term_string}\"},\"query-input\":{\"@type\":\"PropertyValueSpecification\",\"valueRequired\":true,\"valueName\":\"search_term_string\"}}],\"inLanguage\":\"tr\"},{\"@type\":\"Organization\",\"@id\":\"https:\\\/\\\/kibrisdakik.com\\\/#organization\",\"name\":\"K\u0131br\u0131s Dakik\",\"url\":\"https:\\\/\\\/kibrisdakik.com\\\/\",\"logo\":{\"@type\":\"ImageObject\",\"inLanguage\":\"tr\",\"@id\":\"https:\\\/\\\/kibrisdakik.com\\\/#\\\/schema\\\/logo\\\/image\\\/\",\"url\":\"https:\\\/\\\/kibrisdakik.com\\\/wp-content\\\/uploads\\\/2025\\\/10\\\/cropped-WhatsApp-Image-2025-10-02-at-12.58.31.jpeg\",\"contentUrl\":\"https:\\\/\\\/kibrisdakik.com\\\/wp-content\\\/uploads\\\/2025\\\/10\\\/cropped-WhatsApp-Image-2025-10-02-at-12.58.31.jpeg\",\"width\":1237,\"height\":190,\"caption\":\"K\u0131br\u0131s Dakik\"},\"image\":{\"@id\":\"https:\\\/\\\/kibrisdakik.com\\\/#\\\/schema\\\/logo\\\/image\\\/\"}},{\"@type\":\"Person\",\"@id\":\"https:\\\/\\\/kibrisdakik.com\\\/#\\\/schema\\\/person\\\/9cd9d437bbb44f72b73ba127e06d8e79\",\"name\":\"admin\",\"image\":{\"@type\":\"ImageObject\",\"inLanguage\":\"tr\",\"@id\":\"https:\\\/\\\/secure.gravatar.com\\\/avatar\\\/ccc17943b9d660506c869530f897617f7cb1c21a4bf30023f252596d83e1f007?s=96&d=mm&r=g\",\"url\":\"https:\\\/\\\/secure.gravatar.com\\\/avatar\\\/ccc17943b9d660506c869530f897617f7cb1c21a4bf30023f252596d83e1f007?s=96&d=mm&r=g\",\"contentUrl\":\"https:\\\/\\\/secure.gravatar.com\\\/avatar\\\/ccc17943b9d660506c869530f897617f7cb1c21a4bf30023f252596d83e1f007?s=96&d=mm&r=g\",\"caption\":\"admin\"},\"sameAs\":[\"https:\\\/\\\/kibrisdakik.com\"],\"url\":\"https:\\\/\\\/kibrisdakik.com\\\/?author=1\"}]}<\/script>\n<!-- \/ Yoast SEO plugin. -->","yoast_head_json":{"title":"\u0130srail, ABD, Katar ve M\u0131s\u0131r resmen anla\u015ft\u0131 -","robots":{"index":"index","follow":"follow","max-snippet":"max-snippet:-1","max-image-preview":"max-image-preview:large","max-video-preview":"max-video-preview:-1"},"canonical":"https:\/\/kibrisdakik.com\/?p=28178","og_locale":"tr_TR","og_type":"article","og_title":"\u0130srail, ABD, Katar ve M\u0131s\u0131r resmen anla\u015ft\u0131 -","og_description":"&#8220;Sky News Arabia&#8221; haber sitesine g\u00f6re Fransa&#8217;n\u0131n ba\u015fkenti Paris&#8217;te d\u00fcn \u0130srail, ABD, Katar ve M\u0131s\u0131rl\u0131 yetkililer esir takas\u0131na ili\u015fkin g\u00f6r\u00fc\u015fme yapt\u0131. Haberde, \u0130srail&#8217;in arac\u0131 \u00fclkeler ABD, M\u0131s\u0131r ve Katar&#8217;\u0131n esir takas\u0131 i\u00e7in \u00f6nerdi\u011fi mutabakat\u0131 kabul etti\u011fi ileri s\u00fcr\u00fcld\u00fc. \u00d6nerinin bug\u00fcn Hamas&#8217;a da iletildi\u011fi ve Filistinli direni\u015f grubunun cevab\u0131n\u0131n beklendi\u011fi aktar\u0131ld\u0131. Taraflar\u0131n \u00f6neriyi kabul etmesi halinde","og_url":"https:\/\/kibrisdakik.com\/?p=28178","article_published_time":"2024-01-29T17:03:56+00:00","og_image":[{"width":780,"height":470,"url":"https:\/\/kibrisdakik.com\/wp-content\/uploads\/2024\/01\/02-266-qassam-brigades-780x470-740x420.jpg","type":"image\/jpeg"}],"author":"admin","twitter_card":"summary_large_image","twitter_misc":{"Yazan:":"admin","Tahmini okuma s\u00fcresi":"2 dakika"},"schema":{"@context":"https:\/\/schema.org","@graph":[{"@type":"Article","@id":"https:\/\/kibrisdakik.com\/?p=28178#article","isPartOf":{"@id":"https:\/\/kibrisdakik.com\/?p=28178"},"author":{"name":"admin","@id":"https:\/\/kibrisdakik.com\/#\/schema\/person\/9cd9d437bbb44f72b73ba127e06d8e79"},"headline":"\u0130srail, ABD, Katar ve M\u0131s\u0131r resmen anla\u015ft\u0131","datePublished":"2024-01-29T17:03:56+00:00","mainEntityOfPage":{"@id":"https:\/\/kibrisdakik.com\/?p=28178"},"wordCount":362,"commentCount":0,"publisher":{"@id":"https:\/\/kibrisdakik.com\/#organization"},"image":{"@id":"https:\/\/kibrisdakik.com\/?p=28178#primaryimage"},"thumbnailUrl":"https:\/\/kibrisdakik.com\/wp-content\/uploads\/2024\/01\/02-266-qassam-brigades-780x470-740x420.jpg","articleSection":["Ekonomi"],"inLanguage":"tr","potentialAction":[{"@type":"CommentAction","name":"Comment","target":["https:\/\/kibrisdakik.com\/?p=28178#respond"]}]},{"@type":"WebPage","@id":"https:\/\/kibrisdakik.com\/?p=28178","url":"https:\/\/kibrisdakik.com\/?p=28178","name":"\u0130srail, ABD, Katar ve M\u0131s\u0131r resmen anla\u015ft\u0131 -","isPartOf":{"@id":"https:\/\/kibrisdakik.com\/#website"},"primaryImageOfPage":{"@id":"https:\/\/kibrisdakik.com\/?p=28178#primaryimage"},"image":{"@id":"https:\/\/kibrisdakik.com\/?p=28178#primaryimage"},"thumbnailUrl":"https:\/\/kibrisdakik.com\/wp-content\/uploads\/2024\/01\/02-266-qassam-brigades-780x470-740x420.jpg","datePublished":"2024-01-29T17:03:56+00:00","breadcrumb":{"@id":"https:\/\/kibrisdakik.com\/?p=28178#breadcrumb"},"inLanguage":"tr","potentialAction":[{"@type":"ReadAction","target":["https:\/\/kibrisdakik.com\/?p=28178"]}]},{"@type":"ImageObject","inLanguage":"tr","@id":"https:\/\/kibrisdakik.com\/?p=28178#primaryimage","url":"https:\/\/kibrisdakik.com\/wp-content\/uploads\/2024\/01\/02-266-qassam-brigades-780x470-740x420.jpg","contentUrl":"https:\/\/kibrisdakik.com\/wp-content\/uploads\/2024\/01\/02-266-qassam-brigades-780x470-740x420.jpg","width":780,"height":470},{"@type":"BreadcrumbList","@id":"https:\/\/kibrisdakik.com\/?p=28178#breadcrumb","itemListElement":[{"@type":"ListItem","position":1,"name":"Home","item":"https:\/\/kibrisdakik.com\/"},{"@type":"ListItem","position":2,"name":"\u0130srail, ABD, Katar ve M\u0131s\u0131r resmen anla\u015ft\u0131"}]},{"@type":"WebSite","@id":"https:\/\/kibrisdakik.com\/#website","url":"https:\/\/kibrisdakik.com\/","name":"K\u0131br\u0131s Dakik","description":"Tam vaktinde haber","publisher":{"@id":"https:\/\/kibrisdakik.com\/#organization"},"potentialAction":[{"@type":"SearchAction","target":{"@type":"EntryPoint","urlTemplate":"https:\/\/kibrisdakik.com\/?s={search_term_string}"},"query-input":{"@type":"PropertyValueSpecification","valueRequired":true,"valueName":"search_term_string"}}],"inLanguage":"tr"},{"@type":"Organization","@id":"https:\/\/kibrisdakik.com\/#organization","name":"K\u0131br\u0131s Dakik","url":"https:\/\/kibrisdakik.com\/","logo":{"@type":"ImageObject","inLanguage":"tr","@id":"https:\/\/kibrisdakik.com\/#\/schema\/logo\/image\/","url":"https:\/\/kibrisdakik.com\/wp-content\/uploads\/2025\/10\/cropped-WhatsApp-Image-2025-10-02-at-12.58.31.jpeg","contentUrl":"https:\/\/kibrisdakik.com\/wp-content\/uploads\/2025\/10\/cropped-WhatsApp-Image-2025-10-02-at-12.58.31.jpeg","width":1237,"height":190,"caption":"K\u0131br\u0131s Dakik"},"image":{"@id":"https:\/\/kibrisdakik.com\/#\/schema\/logo\/image\/"}},{"@type":"Person","@id":"https:\/\/kibrisdakik.com\/#\/schema\/person\/9cd9d437bbb44f72b73ba127e06d8e79","name":"admin","image":{"@type":"ImageObject","inLanguage":"tr","@id":"https:\/\/secure.gravatar.com\/avatar\/ccc17943b9d660506c869530f897617f7cb1c21a4bf30023f252596d83e1f007?s=96&d=mm&r=g","url":"https:\/\/secure.gravatar.com\/avatar\/ccc17943b9d660506c869530f897617f7cb1c21a4bf30023f252596d83e1f007?s=96&d=mm&r=g","contentUrl":"https:\/\/secure.gravatar.com\/avatar\/ccc17943b9d660506c869530f897617f7cb1c21a4bf30023f252596d83e1f007?s=96&d=mm&r=g","caption":"admin"},"sameAs":["https:\/\/kibrisdakik.com"],"url":"https:\/\/kibrisdakik.com\/?author=1"}]}},"_links":{"self":[{"href":"https:\/\/kibrisdakik.com\/index.php?rest_route=\/wp\/v2\/posts\/28178","targetHints":{"allow":["GET"]}}],"collection":[{"href":"https:\/\/kibrisdakik.com\/index.php?rest_route=\/wp\/v2\/posts"}],"about":[{"href":"https:\/\/kibrisdakik.com\/index.php?rest_route=\/wp\/v2\/types\/post"}],"author":[{"embeddable":true,"href":"https:\/\/kibrisdakik.com\/index.php?rest_route=\/wp\/v2\/users\/1"}],"replies":[{"embeddable":true,"href":"https:\/\/kibrisdakik.com\/index.php?rest_route=%2Fwp%2Fv2%2Fcomments&post=28178"}],"version-history":[{"count":0,"href":"https:\/\/kibrisdakik.com\/index.php?rest_route=\/wp\/v2\/posts\/28178\/revisions"}],"wp:featuredmedia":[{"embeddable":true,"href":"https:\/\/kibrisdakik.com\/index.php?rest_route=\/wp\/v2\/media\/28179"}],"wp:attachment":[{"href":"https:\/\/kibrisdakik.com\/index.php?rest_route=%2Fwp%2Fv2%2Fmedia&parent=28178"}],"wp:term":[{"taxonomy":"category","embeddable":true,"href":"https:\/\/kibrisdakik.com\/index.php?rest_route=%2Fwp%2Fv2%2Fcategories&post=28178"},{"taxonomy":"post_tag","embeddable":true,"href":"https:\/\/kibrisdakik.com\/index.php?rest_route=%2Fwp%2Fv2%2Ftags&post=28178"}],"curies":[{"name":"wp","href":"https:\/\/api.w.org\/{rel}","templated":true}]}}