{"id":28194,"date":"2024-01-29T19:00:49","date_gmt":"2024-01-29T19:00:49","guid":{"rendered":"https:\/\/kibrisdakik.com\/index.php\/2024\/01\/29\/narenciye-ureticileri-birligi-baskan-ali-alioglunun-gorevine-devam-edecegini-acikladi\/"},"modified":"2024-01-29T19:00:49","modified_gmt":"2024-01-29T19:00:49","slug":"narenciye-ureticileri-birligi-baskan-ali-alioglunun-gorevine-devam-edecegini-acikladi","status":"publish","type":"post","link":"https:\/\/kibrisdakik.com\/?p=28194","title":{"rendered":"Narenciye \u00dcreticileri Birli\u011fi, Ba\u015fkan Ali Alio\u011flu\u2019nun g\u00f6revine devam edece\u011fini a\u00e7\u0131klad\u0131"},"content":{"rendered":"<p><img decoding=\"async\" src=\"https:\/\/www.kibristurk.com\/images\/haberler\/2024\/01\/narenciye-ureticileri-birligi-baskan-ali-alioglunun-gorevine-devam-edecegini-acikladi-1706552603.webp\" \/><\/p>\n<p>K\u0131br\u0131s T\u00fcrk Narenciye \u00dcreticileri Birli\u011fi, istifa etti\u011fini a\u00e7\u0131klayan Birlik Ba\u015fkan\u0131 Ali Alio\u011flu\u2019nun istifas\u0131n\u0131n kabul edilmedi\u011fini, Alio\u011flu\u2019nun g\u00f6revinin ba\u015f\u0131nda oldu\u011funu a\u00e7\u0131klad\u0131.<\/p>\n<p>K\u0131br\u0131s T\u00fcrk Narenciye \u00dcreticileri Birli\u011fi Asba\u015fkan\u0131 Saadettin B\u00fcy\u00fckhoca bug\u00fcn ak\u015fam\u00fczeri d\u00fczenledi\u011fi bas\u0131n toplant\u0131s\u0131nda, Birlik Ba\u015fkan\u0131 Ali Alio\u011flu\u2019nun g\u00f6revinin ba\u015f\u0131nda oldu\u011funu s\u00f6yledi.<\/p>\n<p>G\u00fczelyurt&#8217;ta birlik lokalinde d\u00fczenlenen bas\u0131n toplant\u0131s\u0131nda y\u00f6netim kurulu \u00fcyeleri de haz\u0131r bulundu.<\/p>\n<p>-B\u00fcy\u00fckhoca<\/p>\n<p>B\u00fcy\u00fckhoca, a\u00e7\u0131klamas\u0131nda \u00fclkenin \u00f6nemli sekt\u00f6rlerinden narenciyede ihracat\u0131n\u0131n \u00f6n\u00fcn\u00fc a\u00e7mak i\u00e7in aylard\u0131r yo\u011fun bir \u00e7al\u0131\u015fma i\u00e7inde olduklar\u0131n\u0131 an\u0131msatarak, bu \u00e7al\u0131\u015fmalara katk\u0131 koyan Tar\u0131m Bakanl\u0131\u011f\u0131 ve ekibine te\u015fekk\u00fcr etti.<\/p>\n<p>Ya\u015fanan baz\u0131 s\u0131k\u0131nt\u0131lar\u0131n ihracatta ciddi bir zaman kayb\u0131na neden oldu\u011funu ifade eden B\u00fcy\u00fckhoca, Alio\u011flu\u2019nun bu s\u00fcre\u00e7te ya\u015fanan sorunlardan dolay\u0131 istifas\u0131n\u0131 onaylamad\u0131klar\u0131n\u0131 ve g\u00f6revine devam etmesi y\u00f6n\u00fcnde karar \u00fcrettiklerini s\u00f6yledi.<\/p>\n<p>-Alio\u011flu<\/p>\n<p>K\u0131br\u0131s T\u00fcrk Narenciye \u00dcreticileri Birli\u011fi Ba\u015fkan\u0131 Ali Alio\u011flu da, narenciye \u00fcretimini daha ileriye ta\u015f\u0131mak i\u00e7in \u00e7al\u0131\u015ft\u0131klar\u0131n\u0131 belirterek, ama\u00e7lar\u0131n\u0131n \u00fcreticinin eme\u011finin kar\u015f\u0131l\u0131\u011f\u0131n\u0131 almas\u0131, ihracat\u0131n h\u0131zla ba\u015flat\u0131lmas\u0131 ve Cypfruvex\u2019le hareket ederek, sezonu zarars\u0131z kapatmak oldu\u011funu ifade etti.<\/p>\n<p>Alio\u011flu, t\u00fcm s\u0131k\u0131nt\u0131lara ra\u011fmen sezon tamamlan\u0131ncaya kadar g\u00f6revinin ba\u015f\u0131nda olmaya devam edece\u011fini vurgulad\u0131.<\/p>\n<p>Narenciye \u00dcreticileri Birli\u011fi, sorunlar\u0131n\u0131n \u00e7\u00f6z\u00fcm\u00fc i\u00e7in h\u00fck\u00fcmetin gerekli ad\u0131mlar\u0131 atmad\u0131\u011f\u0131 gerek\u00e7esiyle cumartesi eylem ba\u015flatm\u0131\u015ft\u0131.<\/p>\n","protected":false},"excerpt":{"rendered":"<p>K\u0131br\u0131s T\u00fcrk Narenciye \u00dcreticileri Birli\u011fi, istifa etti\u011fini a\u00e7\u0131klayan Birlik Ba\u015fkan\u0131 Ali Alio\u011flu\u2019nun istifas\u0131n\u0131n kabul edilmedi\u011fini, Alio\u011flu\u2019nun g\u00f6revinin ba\u015f\u0131nda oldu\u011funu a\u00e7\u0131klad\u0131. K\u0131br\u0131s T\u00fcrk Narenciye \u00dcreticileri Birli\u011fi Asba\u015fkan\u0131 Saadettin B\u00fcy\u00fckhoca bug\u00fcn ak\u015fam\u00fczeri d\u00fczenledi\u011fi bas\u0131n toplant\u0131s\u0131nda, Birlik Ba\u015fkan\u0131 Ali Alio\u011flu\u2019nun g\u00f6revinin ba\u015f\u0131nda oldu\u011funu s\u00f6yledi. G\u00fczelyurt&#8217;ta birlik lokalinde d\u00fczenlenen bas\u0131n toplant\u0131s\u0131nda y\u00f6netim kurulu \u00fcyeleri de haz\u0131r bulundu. -B\u00fcy\u00fckhoca B\u00fcy\u00fckhoca,<\/p>\n","protected":false},"author":1,"featured_media":28195,"comment_status":"open","ping_status":"open","sticky":false,"template":"","format":"standard","meta":{"footnotes":""},"categories":[1],"tags":[],"class_list":["post-28194","post","type-post","status-publish","format-standard","has-post-thumbnail","hentry","category-gundem"],"yoast_head":"<!-- This site is optimized with the Yoast SEO plugin v28.4 - https:\/\/yoast.com\/product\/yoast-seo-wordpress\/ -->\n<title>Narenciye \u00dcreticileri Birli\u011fi, Ba\u015fkan Ali Alio\u011flu\u2019nun g\u00f6revine devam edece\u011fini a\u00e7\u0131klad\u0131 -<\/title>\n<meta name=\"robots\" content=\"index, follow, max-snippet:-1, max-image-preview:large, max-video-preview:-1\" \/>\n<link rel=\"canonical\" href=\"https:\/\/kibrisdakik.com\/?p=28194\" \/>\n<meta property=\"og:locale\" content=\"tr_TR\" \/>\n<meta property=\"og:type\" content=\"article\" \/>\n<meta property=\"og:title\" content=\"Narenciye \u00dcreticileri Birli\u011fi, Ba\u015fkan Ali Alio\u011flu\u2019nun g\u00f6revine devam edece\u011fini a\u00e7\u0131klad\u0131 -\" \/>\n<meta property=\"og:description\" content=\"K\u0131br\u0131s T\u00fcrk Narenciye \u00dcreticileri Birli\u011fi, istifa etti\u011fini a\u00e7\u0131klayan Birlik Ba\u015fkan\u0131 Ali Alio\u011flu\u2019nun istifas\u0131n\u0131n kabul edilmedi\u011fini, Alio\u011flu\u2019nun g\u00f6revinin ba\u015f\u0131nda oldu\u011funu a\u00e7\u0131klad\u0131. K\u0131br\u0131s T\u00fcrk Narenciye \u00dcreticileri Birli\u011fi Asba\u015fkan\u0131 Saadettin B\u00fcy\u00fckhoca bug\u00fcn ak\u015fam\u00fczeri d\u00fczenledi\u011fi bas\u0131n toplant\u0131s\u0131nda, Birlik Ba\u015fkan\u0131 Ali Alio\u011flu\u2019nun g\u00f6revinin ba\u015f\u0131nda oldu\u011funu s\u00f6yledi. G\u00fczelyurt&#8217;ta birlik lokalinde d\u00fczenlenen bas\u0131n toplant\u0131s\u0131nda y\u00f6netim kurulu \u00fcyeleri de haz\u0131r bulundu. -B\u00fcy\u00fckhoca B\u00fcy\u00fckhoca,\" \/>\n<meta property=\"og:url\" content=\"https:\/\/kibrisdakik.com\/?p=28194\" \/>\n<meta property=\"article:published_time\" content=\"2024-01-29T19:00:49+00:00\" \/>\n<meta property=\"og:image\" content=\"https:\/\/kibrisdakik.com\/wp-content\/uploads\/2024\/01\/narenciye-ureticileri-birligi-baskan-ali-alioglunun-gorevine-devam-edecegini-acikladi-1706552603.webp.webp\" \/>\n\t<meta property=\"og:image:width\" content=\"710\" \/>\n\t<meta property=\"og:image:height\" content=\"370\" \/>\n\t<meta property=\"og:image:type\" content=\"image\/webp\" \/>\n<meta name=\"author\" content=\"admin\" \/>\n<meta name=\"twitter:card\" content=\"summary_large_image\" \/>\n<meta name=\"twitter:label1\" content=\"Yazan:\" \/>\n\t<meta name=\"twitter:data1\" content=\"admin\" \/>\n\t<meta name=\"twitter:label2\" content=\"Tahmini okuma s\u00fcresi\" \/>\n\t<meta name=\"twitter:data2\" content=\"2 dakika\" \/>\n<script type=\"application\/ld+json\" class=\"yoast-schema-graph\">{\"@context\":\"https:\\\/\\\/schema.org\",\"@graph\":[{\"@type\":\"Article\",\"@id\":\"https:\\\/\\\/kibrisdakik.com\\\/?p=28194#article\",\"isPartOf\":{\"@id\":\"https:\\\/\\\/kibrisdakik.com\\\/?p=28194\"},\"author\":{\"name\":\"admin\",\"@id\":\"https:\\\/\\\/kibrisdakik.com\\\/#\\\/schema\\\/person\\\/9cd9d437bbb44f72b73ba127e06d8e79\"},\"headline\":\"Narenciye \u00dcreticileri Birli\u011fi, Ba\u015fkan Ali Alio\u011flu\u2019nun g\u00f6revine devam edece\u011fini a\u00e7\u0131klad\u0131\",\"datePublished\":\"2024-01-29T19:00:49+00:00\",\"mainEntityOfPage\":{\"@id\":\"https:\\\/\\\/kibrisdakik.com\\\/?p=28194\"},\"wordCount\":327,\"commentCount\":0,\"publisher\":{\"@id\":\"https:\\\/\\\/kibrisdakik.com\\\/#organization\"},\"image\":{\"@id\":\"https:\\\/\\\/kibrisdakik.com\\\/?p=28194#primaryimage\"},\"thumbnailUrl\":\"https:\\\/\\\/kibrisdakik.com\\\/wp-content\\\/uploads\\\/2024\\\/01\\\/narenciye-ureticileri-birligi-baskan-ali-alioglunun-gorevine-devam-edecegini-acikladi-1706552603.webp.webp\",\"articleSection\":[\"G\u00fcndem\"],\"inLanguage\":\"tr\",\"potentialAction\":[{\"@type\":\"CommentAction\",\"name\":\"Comment\",\"target\":[\"https:\\\/\\\/kibrisdakik.com\\\/?p=28194#respond\"]}]},{\"@type\":\"WebPage\",\"@id\":\"https:\\\/\\\/kibrisdakik.com\\\/?p=28194\",\"url\":\"https:\\\/\\\/kibrisdakik.com\\\/?p=28194\",\"name\":\"Narenciye \u00dcreticileri Birli\u011fi, Ba\u015fkan Ali Alio\u011flu\u2019nun g\u00f6revine devam edece\u011fini a\u00e7\u0131klad\u0131 -\",\"isPartOf\":{\"@id\":\"https:\\\/\\\/kibrisdakik.com\\\/#website\"},\"primaryImageOfPage\":{\"@id\":\"https:\\\/\\\/kibrisdakik.com\\\/?p=28194#primaryimage\"},\"image\":{\"@id\":\"https:\\\/\\\/kibrisdakik.com\\\/?p=28194#primaryimage\"},\"thumbnailUrl\":\"https:\\\/\\\/kibrisdakik.com\\\/wp-content\\\/uploads\\\/2024\\\/01\\\/narenciye-ureticileri-birligi-baskan-ali-alioglunun-gorevine-devam-edecegini-acikladi-1706552603.webp.webp\",\"datePublished\":\"2024-01-29T19:00:49+00:00\",\"breadcrumb\":{\"@id\":\"https:\\\/\\\/kibrisdakik.com\\\/?p=28194#breadcrumb\"},\"inLanguage\":\"tr\",\"potentialAction\":[{\"@type\":\"ReadAction\",\"target\":[\"https:\\\/\\\/kibrisdakik.com\\\/?p=28194\"]}]},{\"@type\":\"ImageObject\",\"inLanguage\":\"tr\",\"@id\":\"https:\\\/\\\/kibrisdakik.com\\\/?p=28194#primaryimage\",\"url\":\"https:\\\/\\\/kibrisdakik.com\\\/wp-content\\\/uploads\\\/2024\\\/01\\\/narenciye-ureticileri-birligi-baskan-ali-alioglunun-gorevine-devam-edecegini-acikladi-1706552603.webp.webp\",\"contentUrl\":\"https:\\\/\\\/kibrisdakik.com\\\/wp-content\\\/uploads\\\/2024\\\/01\\\/narenciye-ureticileri-birligi-baskan-ali-alioglunun-gorevine-devam-edecegini-acikladi-1706552603.webp.webp\",\"width\":710,\"height\":370},{\"@type\":\"BreadcrumbList\",\"@id\":\"https:\\\/\\\/kibrisdakik.com\\\/?p=28194#breadcrumb\",\"itemListElement\":[{\"@type\":\"ListItem\",\"position\":1,\"name\":\"Home\",\"item\":\"https:\\\/\\\/kibrisdakik.com\\\/\"},{\"@type\":\"ListItem\",\"position\":2,\"name\":\"Narenciye \u00dcreticileri Birli\u011fi, Ba\u015fkan Ali Alio\u011flu\u2019nun g\u00f6revine devam edece\u011fini a\u00e7\u0131klad\u0131\"}]},{\"@type\":\"WebSite\",\"@id\":\"https:\\\/\\\/kibrisdakik.com\\\/#website\",\"url\":\"https:\\\/\\\/kibrisdakik.com\\\/\",\"name\":\"K\u0131br\u0131s Dakik\",\"description\":\"Tam vaktinde haber\",\"publisher\":{\"@id\":\"https:\\\/\\\/kibrisdakik.com\\\/#organization\"},\"potentialAction\":[{\"@type\":\"SearchAction\",\"target\":{\"@type\":\"EntryPoint\",\"urlTemplate\":\"https:\\\/\\\/kibrisdakik.com\\\/?s={search_term_string}\"},\"query-input\":{\"@type\":\"PropertyValueSpecification\",\"valueRequired\":true,\"valueName\":\"search_term_string\"}}],\"inLanguage\":\"tr\"},{\"@type\":\"Organization\",\"@id\":\"https:\\\/\\\/kibrisdakik.com\\\/#organization\",\"name\":\"K\u0131br\u0131s Dakik\",\"url\":\"https:\\\/\\\/kibrisdakik.com\\\/\",\"logo\":{\"@type\":\"ImageObject\",\"inLanguage\":\"tr\",\"@id\":\"https:\\\/\\\/kibrisdakik.com\\\/#\\\/schema\\\/logo\\\/image\\\/\",\"url\":\"https:\\\/\\\/kibrisdakik.com\\\/wp-content\\\/uploads\\\/2025\\\/10\\\/cropped-WhatsApp-Image-2025-10-02-at-12.58.31.jpeg\",\"contentUrl\":\"https:\\\/\\\/kibrisdakik.com\\\/wp-content\\\/uploads\\\/2025\\\/10\\\/cropped-WhatsApp-Image-2025-10-02-at-12.58.31.jpeg\",\"width\":1237,\"height\":190,\"caption\":\"K\u0131br\u0131s Dakik\"},\"image\":{\"@id\":\"https:\\\/\\\/kibrisdakik.com\\\/#\\\/schema\\\/logo\\\/image\\\/\"}},{\"@type\":\"Person\",\"@id\":\"https:\\\/\\\/kibrisdakik.com\\\/#\\\/schema\\\/person\\\/9cd9d437bbb44f72b73ba127e06d8e79\",\"name\":\"admin\",\"image\":{\"@type\":\"ImageObject\",\"inLanguage\":\"tr\",\"@id\":\"https:\\\/\\\/secure.gravatar.com\\\/avatar\\\/ccc17943b9d660506c869530f897617f7cb1c21a4bf30023f252596d83e1f007?s=96&d=mm&r=g\",\"url\":\"https:\\\/\\\/secure.gravatar.com\\\/avatar\\\/ccc17943b9d660506c869530f897617f7cb1c21a4bf30023f252596d83e1f007?s=96&d=mm&r=g\",\"contentUrl\":\"https:\\\/\\\/secure.gravatar.com\\\/avatar\\\/ccc17943b9d660506c869530f897617f7cb1c21a4bf30023f252596d83e1f007?s=96&d=mm&r=g\",\"caption\":\"admin\"},\"sameAs\":[\"https:\\\/\\\/kibrisdakik.com\"],\"url\":\"https:\\\/\\\/kibrisdakik.com\\\/?author=1\"}]}<\/script>\n<!-- \/ Yoast SEO plugin. -->","yoast_head_json":{"title":"Narenciye \u00dcreticileri Birli\u011fi, Ba\u015fkan Ali Alio\u011flu\u2019nun g\u00f6revine devam edece\u011fini a\u00e7\u0131klad\u0131 -","robots":{"index":"index","follow":"follow","max-snippet":"max-snippet:-1","max-image-preview":"max-image-preview:large","max-video-preview":"max-video-preview:-1"},"canonical":"https:\/\/kibrisdakik.com\/?p=28194","og_locale":"tr_TR","og_type":"article","og_title":"Narenciye \u00dcreticileri Birli\u011fi, Ba\u015fkan Ali Alio\u011flu\u2019nun g\u00f6revine devam edece\u011fini a\u00e7\u0131klad\u0131 -","og_description":"K\u0131br\u0131s T\u00fcrk Narenciye \u00dcreticileri Birli\u011fi, istifa etti\u011fini a\u00e7\u0131klayan Birlik Ba\u015fkan\u0131 Ali Alio\u011flu\u2019nun istifas\u0131n\u0131n kabul edilmedi\u011fini, Alio\u011flu\u2019nun g\u00f6revinin ba\u015f\u0131nda oldu\u011funu a\u00e7\u0131klad\u0131. K\u0131br\u0131s T\u00fcrk Narenciye \u00dcreticileri Birli\u011fi Asba\u015fkan\u0131 Saadettin B\u00fcy\u00fckhoca bug\u00fcn ak\u015fam\u00fczeri d\u00fczenledi\u011fi bas\u0131n toplant\u0131s\u0131nda, Birlik Ba\u015fkan\u0131 Ali Alio\u011flu\u2019nun g\u00f6revinin ba\u015f\u0131nda oldu\u011funu s\u00f6yledi. G\u00fczelyurt&#8217;ta birlik lokalinde d\u00fczenlenen bas\u0131n toplant\u0131s\u0131nda y\u00f6netim kurulu \u00fcyeleri de haz\u0131r bulundu. -B\u00fcy\u00fckhoca B\u00fcy\u00fckhoca,","og_url":"https:\/\/kibrisdakik.com\/?p=28194","article_published_time":"2024-01-29T19:00:49+00:00","og_image":[{"width":710,"height":370,"url":"https:\/\/kibrisdakik.com\/wp-content\/uploads\/2024\/01\/narenciye-ureticileri-birligi-baskan-ali-alioglunun-gorevine-devam-edecegini-acikladi-1706552603.webp.webp","type":"image\/webp"}],"author":"admin","twitter_card":"summary_large_image","twitter_misc":{"Yazan:":"admin","Tahmini okuma s\u00fcresi":"2 dakika"},"schema":{"@context":"https:\/\/schema.org","@graph":[{"@type":"Article","@id":"https:\/\/kibrisdakik.com\/?p=28194#article","isPartOf":{"@id":"https:\/\/kibrisdakik.com\/?p=28194"},"author":{"name":"admin","@id":"https:\/\/kibrisdakik.com\/#\/schema\/person\/9cd9d437bbb44f72b73ba127e06d8e79"},"headline":"Narenciye \u00dcreticileri Birli\u011fi, Ba\u015fkan Ali Alio\u011flu\u2019nun g\u00f6revine devam edece\u011fini a\u00e7\u0131klad\u0131","datePublished":"2024-01-29T19:00:49+00:00","mainEntityOfPage":{"@id":"https:\/\/kibrisdakik.com\/?p=28194"},"wordCount":327,"commentCount":0,"publisher":{"@id":"https:\/\/kibrisdakik.com\/#organization"},"image":{"@id":"https:\/\/kibrisdakik.com\/?p=28194#primaryimage"},"thumbnailUrl":"https:\/\/kibrisdakik.com\/wp-content\/uploads\/2024\/01\/narenciye-ureticileri-birligi-baskan-ali-alioglunun-gorevine-devam-edecegini-acikladi-1706552603.webp.webp","articleSection":["G\u00fcndem"],"inLanguage":"tr","potentialAction":[{"@type":"CommentAction","name":"Comment","target":["https:\/\/kibrisdakik.com\/?p=28194#respond"]}]},{"@type":"WebPage","@id":"https:\/\/kibrisdakik.com\/?p=28194","url":"https:\/\/kibrisdakik.com\/?p=28194","name":"Narenciye \u00dcreticileri Birli\u011fi, Ba\u015fkan Ali Alio\u011flu\u2019nun g\u00f6revine devam edece\u011fini a\u00e7\u0131klad\u0131 -","isPartOf":{"@id":"https:\/\/kibrisdakik.com\/#website"},"primaryImageOfPage":{"@id":"https:\/\/kibrisdakik.com\/?p=28194#primaryimage"},"image":{"@id":"https:\/\/kibrisdakik.com\/?p=28194#primaryimage"},"thumbnailUrl":"https:\/\/kibrisdakik.com\/wp-content\/uploads\/2024\/01\/narenciye-ureticileri-birligi-baskan-ali-alioglunun-gorevine-devam-edecegini-acikladi-1706552603.webp.webp","datePublished":"2024-01-29T19:00:49+00:00","breadcrumb":{"@id":"https:\/\/kibrisdakik.com\/?p=28194#breadcrumb"},"inLanguage":"tr","potentialAction":[{"@type":"ReadAction","target":["https:\/\/kibrisdakik.com\/?p=28194"]}]},{"@type":"ImageObject","inLanguage":"tr","@id":"https:\/\/kibrisdakik.com\/?p=28194#primaryimage","url":"https:\/\/kibrisdakik.com\/wp-content\/uploads\/2024\/01\/narenciye-ureticileri-birligi-baskan-ali-alioglunun-gorevine-devam-edecegini-acikladi-1706552603.webp.webp","contentUrl":"https:\/\/kibrisdakik.com\/wp-content\/uploads\/2024\/01\/narenciye-ureticileri-birligi-baskan-ali-alioglunun-gorevine-devam-edecegini-acikladi-1706552603.webp.webp","width":710,"height":370},{"@type":"BreadcrumbList","@id":"https:\/\/kibrisdakik.com\/?p=28194#breadcrumb","itemListElement":[{"@type":"ListItem","position":1,"name":"Home","item":"https:\/\/kibrisdakik.com\/"},{"@type":"ListItem","position":2,"name":"Narenciye \u00dcreticileri Birli\u011fi, Ba\u015fkan Ali Alio\u011flu\u2019nun g\u00f6revine devam edece\u011fini a\u00e7\u0131klad\u0131"}]},{"@type":"WebSite","@id":"https:\/\/kibrisdakik.com\/#website","url":"https:\/\/kibrisdakik.com\/","name":"K\u0131br\u0131s Dakik","description":"Tam vaktinde haber","publisher":{"@id":"https:\/\/kibrisdakik.com\/#organization"},"potentialAction":[{"@type":"SearchAction","target":{"@type":"EntryPoint","urlTemplate":"https:\/\/kibrisdakik.com\/?s={search_term_string}"},"query-input":{"@type":"PropertyValueSpecification","valueRequired":true,"valueName":"search_term_string"}}],"inLanguage":"tr"},{"@type":"Organization","@id":"https:\/\/kibrisdakik.com\/#organization","name":"K\u0131br\u0131s Dakik","url":"https:\/\/kibrisdakik.com\/","logo":{"@type":"ImageObject","inLanguage":"tr","@id":"https:\/\/kibrisdakik.com\/#\/schema\/logo\/image\/","url":"https:\/\/kibrisdakik.com\/wp-content\/uploads\/2025\/10\/cropped-WhatsApp-Image-2025-10-02-at-12.58.31.jpeg","contentUrl":"https:\/\/kibrisdakik.com\/wp-content\/uploads\/2025\/10\/cropped-WhatsApp-Image-2025-10-02-at-12.58.31.jpeg","width":1237,"height":190,"caption":"K\u0131br\u0131s Dakik"},"image":{"@id":"https:\/\/kibrisdakik.com\/#\/schema\/logo\/image\/"}},{"@type":"Person","@id":"https:\/\/kibrisdakik.com\/#\/schema\/person\/9cd9d437bbb44f72b73ba127e06d8e79","name":"admin","image":{"@type":"ImageObject","inLanguage":"tr","@id":"https:\/\/secure.gravatar.com\/avatar\/ccc17943b9d660506c869530f897617f7cb1c21a4bf30023f252596d83e1f007?s=96&d=mm&r=g","url":"https:\/\/secure.gravatar.com\/avatar\/ccc17943b9d660506c869530f897617f7cb1c21a4bf30023f252596d83e1f007?s=96&d=mm&r=g","contentUrl":"https:\/\/secure.gravatar.com\/avatar\/ccc17943b9d660506c869530f897617f7cb1c21a4bf30023f252596d83e1f007?s=96&d=mm&r=g","caption":"admin"},"sameAs":["https:\/\/kibrisdakik.com"],"url":"https:\/\/kibrisdakik.com\/?author=1"}]}},"_links":{"self":[{"href":"https:\/\/kibrisdakik.com\/index.php?rest_route=\/wp\/v2\/posts\/28194","targetHints":{"allow":["GET"]}}],"collection":[{"href":"https:\/\/kibrisdakik.com\/index.php?rest_route=\/wp\/v2\/posts"}],"about":[{"href":"https:\/\/kibrisdakik.com\/index.php?rest_route=\/wp\/v2\/types\/post"}],"author":[{"embeddable":true,"href":"https:\/\/kibrisdakik.com\/index.php?rest_route=\/wp\/v2\/users\/1"}],"replies":[{"embeddable":true,"href":"https:\/\/kibrisdakik.com\/index.php?rest_route=%2Fwp%2Fv2%2Fcomments&post=28194"}],"version-history":[{"count":0,"href":"https:\/\/kibrisdakik.com\/index.php?rest_route=\/wp\/v2\/posts\/28194\/revisions"}],"wp:featuredmedia":[{"embeddable":true,"href":"https:\/\/kibrisdakik.com\/index.php?rest_route=\/wp\/v2\/media\/28195"}],"wp:attachment":[{"href":"https:\/\/kibrisdakik.com\/index.php?rest_route=%2Fwp%2Fv2%2Fmedia&parent=28194"}],"wp:term":[{"taxonomy":"category","embeddable":true,"href":"https:\/\/kibrisdakik.com\/index.php?rest_route=%2Fwp%2Fv2%2Fcategories&post=28194"},{"taxonomy":"post_tag","embeddable":true,"href":"https:\/\/kibrisdakik.com\/index.php?rest_route=%2Fwp%2Fv2%2Ftags&post=28194"}],"curies":[{"name":"wp","href":"https:\/\/api.w.org\/{rel}","templated":true}]}}