{"id":28204,"date":"2024-01-29T20:01:48","date_gmt":"2024-01-29T20:01:48","guid":{"rendered":"https:\/\/kibrisdakik.com\/index.php\/2024\/01\/29\/bm-genel-sekreteri-guterres-unrwanin-temel-donorleriyle-bir-araya-gelecek\/"},"modified":"2024-01-29T20:01:48","modified_gmt":"2024-01-29T20:01:48","slug":"bm-genel-sekreteri-guterres-unrwanin-temel-donorleriyle-bir-araya-gelecek","status":"publish","type":"post","link":"https:\/\/kibrisdakik.com\/?p=28204","title":{"rendered":"BM Genel Sekreteri Guterres, UNRWA&#039;n\u0131n temel don\u00f6rleriyle bir araya gelecek"},"content":{"rendered":"<p><img decoding=\"async\" src=\"https:\/\/www.kibristurk.com\/images\/haberler\/2024\/01\/bm-genel-sekreteri-guterres-unrwanin-temel-donorleriyle-bir-araya-gelecek-1706557860.webp\" \/><\/p>\n<p>BM S\u00f6zc\u00fcs\u00fc Stephane Dujarric, g\u00fcnl\u00fck bas\u0131n toplant\u0131s\u0131nda gazetecilerin sorular\u0131n\u0131 yan\u0131tlad\u0131.<\/p>\n<p>Guterres&#8217;in hem UNRWA yetkilileri hem de don\u00f6rlerle irtibatta oldu\u011funu aktaran Dujarric, &#8220;\u015eu anda UNRWA ve Gazze, Do\u011fu Kud\u00fcs, Bat\u0131 \u015eeria, L\u00fcbnan ve Suriye&#8217;de hizmet sa\u011flad\u0131\u011f\u0131 milyonlarca ki\u015fi i\u00e7in durum \u00e7ok parlak de\u011fil.&#8221; de\u011ferlendirmesinde bulundu.<\/p>\n<p>Dujarric, BM Genel Sekreteri&#8217;nin yar\u0131n New York&#8217;ta UNRWA&#8217;ya temel katk\u0131 sa\u011flayan don\u00f6rlerle bir araya gelece\u011fini duyurdu.<\/p>\n<p>\u0130srail&#8217;in UNRWA \u00e7al\u0131\u015fanlar\u0131na ili\u015fkin iddialar\u0131n\u0131n hem BM \u0130\u00e7 G\u00f6zetim Hizmetleri Ofisince (OIOS) hem de UNRWA&#8217;n\u0131n kendi y\u00fcr\u00fctt\u00fc\u011f\u00fc ba\u011f\u0131ms\u0131z soru\u015fturmalarla ara\u015ft\u0131r\u0131ld\u0131\u011f\u0131n\u0131 aktaran Dujarric, OIOS&#8217;in temel g\u00f6revinin BM personelinin g\u00f6revi k\u00f6t\u00fcye kulland\u0131\u011f\u0131 iddialar\u0131n\u0131 ara\u015ft\u0131rmak oldu\u011funu dile getirdi.<\/p>\n<p>Dujarric, OIOS&#8217;nin soru\u015fturma sonu\u00e7lar\u0131n\u0131n kamuya a\u00e7\u0131k olmad\u0131\u011f\u0131n\u0131 ancak soru\u015fturma sonu\u00e7lan\u0131nca payla\u015fabildikleri k\u0131s\u0131mlar\u0131 aktaracaklar\u0131n\u0131 ifade etti.<\/p>\n<p>&#8220;BM&#8217;nin sadece Gazze de\u011fil t\u00fcm b\u00f6lgedeki kritik insani yard\u0131m \u00e7al\u0131\u015fmalar\u0131n\u0131n desteklenmesi \u00f6nem ta\u015f\u0131yor. \u0130nsanlar\u0131n hayatlar\u0131 buna ba\u011fl\u0131.&#8221; a\u00e7\u0131klamas\u0131nda bulunan Dujarric, UNRWA&#8217;n\u0131n ilk ad\u0131m\u0131 att\u0131\u011f\u0131n\u0131 ve don\u00f6rlere bilgi verdi\u011fini kaydetti.<\/p>\n<p>Dujarric, mevcut durumun devam etmesi halinde \u015fubattan sonra UNRWA&#8217;n\u0131n paras\u0131n\u0131n kalmayaca\u011f\u0131n\u0131 belirterek &#8220;UNRWA&#8217;ya y\u00f6nelik sald\u0131r\u0131lar ve fonlar\u0131ndan kesilmesinden tabii ki endi\u015fe duyuyoruz.&#8221; diye konu\u015ftu.<\/p>\n<h3>UNRWA\u2019n\u0131n i\u015flevi ve \u0130srail\u2019in iddialar\u0131<\/h3>\n<p>BM \u00fcyesi devletlerin g\u00f6n\u00fcll\u00fc katk\u0131lar\u0131yla finanse edilen UNRWA, faaliyetlerine ba\u015flad\u0131\u011f\u0131 1950&#8217;den bu yana Filistinli m\u00fcltecilere g\u0131da, sa\u011fl\u0131k, e\u011fitim, bar\u0131nak gibi insani yard\u0131mlar\u0131 sa\u011flayan ana kurulu\u015f konumunda bulunuyor.<\/p>\n<p>Ajans bug\u00fcn 5,9 milyon Filistinli m\u00fclteciye destek sa\u011fl\u0131yor.<\/p>\n<p>UNRWA, 73 y\u0131l\u0131 a\u015fk\u0131n s\u00fcredir Filistinlilerin yaralar\u0131n\u0131 sarmaya \u00e7al\u0131\u015f\u0131rken, bu s\u00fcre\u00e7te tesisleri defalarca \u0130srail taraf\u0131ndan vuruldu, tonlarca g\u0131da ve ila\u00e7 yok edildi.<\/p>\n<p>BM Genel Sekreteri Antonio Guterres, \u0130srail yetkililerinin UNRWA personelinin 7 Ekim sald\u0131r\u0131lar\u0131na kar\u0131\u015ft\u0131\u011f\u0131na ili\u015fkin iddialar\u0131n\u0131n acilen soru\u015fturulmas\u0131n\u0131 istemi\u015fti.<\/p>\n<p>UNRWA da \u0130srail&#8217;in iddialar\u0131na y\u00f6nelik soru\u015fturma ba\u015flatm\u0131\u015ft\u0131.<\/p>\n<p>Almanya, \u0130svi\u00e7re, \u0130talya, Kanada, Finlandiya, Avustralya, \u0130ngiltere, Hollanda, ABD, Fransa, Avusturya, Japonya ve Estonya UNRWA&#8217;ya y\u00f6nelik finansal deste\u011fini ge\u00e7ici s\u00fcreyle durdurma karar\u0131 ald\u0131klar\u0131n\u0131 a\u00e7\u0131klam\u0131\u015ft\u0131.<\/p>\n<p>\u00d6te yandan, Norve\u00e7, \u0130rlanda ve \u0130spanya UNRWA\u2019ya deste\u011fini s\u00fcrd\u00fcrece\u011fini duyurmu\u015ftu.<\/p>\n","protected":false},"excerpt":{"rendered":"<p>BM S\u00f6zc\u00fcs\u00fc Stephane Dujarric, g\u00fcnl\u00fck bas\u0131n toplant\u0131s\u0131nda gazetecilerin sorular\u0131n\u0131 yan\u0131tlad\u0131. Guterres&#8217;in hem UNRWA yetkilileri hem de don\u00f6rlerle irtibatta oldu\u011funu aktaran Dujarric, &#8220;\u015eu anda UNRWA ve Gazze, Do\u011fu Kud\u00fcs, Bat\u0131 \u015eeria, L\u00fcbnan ve Suriye&#8217;de hizmet sa\u011flad\u0131\u011f\u0131 milyonlarca ki\u015fi i\u00e7in durum \u00e7ok parlak de\u011fil.&#8221; de\u011ferlendirmesinde bulundu. Dujarric, BM Genel Sekreteri&#8217;nin yar\u0131n New York&#8217;ta UNRWA&#8217;ya temel katk\u0131 sa\u011flayan<\/p>\n","protected":false},"author":1,"featured_media":28205,"comment_status":"open","ping_status":"open","sticky":false,"template":"","format":"standard","meta":{"footnotes":""},"categories":[1],"tags":[],"class_list":["post-28204","post","type-post","status-publish","format-standard","has-post-thumbnail","hentry","category-gundem"],"yoast_head":"<!-- This site is optimized with the Yoast SEO plugin v27.5 - https:\/\/yoast.com\/product\/yoast-seo-wordpress\/ -->\n<title>BM Genel Sekreteri Guterres, UNRWA&#039;n\u0131n temel don\u00f6rleriyle bir araya gelecek -<\/title>\n<meta name=\"robots\" content=\"index, follow, max-snippet:-1, max-image-preview:large, max-video-preview:-1\" \/>\n<link rel=\"canonical\" href=\"https:\/\/kibrisdakik.com\/?p=28204\" \/>\n<meta property=\"og:locale\" content=\"tr_TR\" \/>\n<meta property=\"og:type\" content=\"article\" \/>\n<meta property=\"og:title\" content=\"BM Genel Sekreteri Guterres, UNRWA&#039;n\u0131n temel don\u00f6rleriyle bir araya gelecek -\" \/>\n<meta property=\"og:description\" content=\"BM S\u00f6zc\u00fcs\u00fc Stephane Dujarric, g\u00fcnl\u00fck bas\u0131n toplant\u0131s\u0131nda gazetecilerin sorular\u0131n\u0131 yan\u0131tlad\u0131. Guterres&#8217;in hem UNRWA yetkilileri hem de don\u00f6rlerle irtibatta oldu\u011funu aktaran Dujarric, &#8220;\u015eu anda UNRWA ve Gazze, Do\u011fu Kud\u00fcs, Bat\u0131 \u015eeria, L\u00fcbnan ve Suriye&#8217;de hizmet sa\u011flad\u0131\u011f\u0131 milyonlarca ki\u015fi i\u00e7in durum \u00e7ok parlak de\u011fil.&#8221; de\u011ferlendirmesinde bulundu. Dujarric, BM Genel Sekreteri&#8217;nin yar\u0131n New York&#8217;ta UNRWA&#8217;ya temel katk\u0131 sa\u011flayan\" \/>\n<meta property=\"og:url\" content=\"https:\/\/kibrisdakik.com\/?p=28204\" \/>\n<meta property=\"article:published_time\" content=\"2024-01-29T20:01:48+00:00\" \/>\n<meta property=\"og:image\" content=\"https:\/\/kibrisdakik.com\/wp-content\/uploads\/2024\/01\/bm-genel-sekreteri-guterres-unrwanin-temel-donorleriyle-bir-araya-gelecek-1706557860.webp.webp\" \/>\n\t<meta property=\"og:image:width\" content=\"710\" \/>\n\t<meta property=\"og:image:height\" content=\"370\" \/>\n\t<meta property=\"og:image:type\" content=\"image\/webp\" \/>\n<meta name=\"author\" content=\"admin\" \/>\n<meta name=\"twitter:card\" content=\"summary_large_image\" \/>\n<meta name=\"twitter:label1\" content=\"Yazan:\" \/>\n\t<meta name=\"twitter:data1\" content=\"admin\" \/>\n\t<meta name=\"twitter:label2\" content=\"Tahmini okuma s\u00fcresi\" \/>\n\t<meta name=\"twitter:data2\" content=\"2 dakika\" \/>\n<script type=\"application\/ld+json\" class=\"yoast-schema-graph\">{\"@context\":\"https:\\\/\\\/schema.org\",\"@graph\":[{\"@type\":\"Article\",\"@id\":\"https:\\\/\\\/kibrisdakik.com\\\/?p=28204#article\",\"isPartOf\":{\"@id\":\"https:\\\/\\\/kibrisdakik.com\\\/?p=28204\"},\"author\":{\"name\":\"admin\",\"@id\":\"https:\\\/\\\/kibrisdakik.com\\\/#\\\/schema\\\/person\\\/9cd9d437bbb44f72b73ba127e06d8e79\"},\"headline\":\"BM Genel Sekreteri Guterres, UNRWA&#039;n\u0131n temel don\u00f6rleriyle bir araya gelecek\",\"datePublished\":\"2024-01-29T20:01:48+00:00\",\"mainEntityOfPage\":{\"@id\":\"https:\\\/\\\/kibrisdakik.com\\\/?p=28204\"},\"wordCount\":442,\"commentCount\":0,\"image\":{\"@id\":\"https:\\\/\\\/kibrisdakik.com\\\/?p=28204#primaryimage\"},\"thumbnailUrl\":\"https:\\\/\\\/kibrisdakik.com\\\/wp-content\\\/uploads\\\/2024\\\/01\\\/bm-genel-sekreteri-guterres-unrwanin-temel-donorleriyle-bir-araya-gelecek-1706557860.webp.webp\",\"articleSection\":[\"G\u00fcndem\"],\"inLanguage\":\"tr\",\"potentialAction\":[{\"@type\":\"CommentAction\",\"name\":\"Comment\",\"target\":[\"https:\\\/\\\/kibrisdakik.com\\\/?p=28204#respond\"]}]},{\"@type\":\"WebPage\",\"@id\":\"https:\\\/\\\/kibrisdakik.com\\\/?p=28204\",\"url\":\"https:\\\/\\\/kibrisdakik.com\\\/?p=28204\",\"name\":\"BM Genel Sekreteri Guterres, UNRWA&#039;n\u0131n temel don\u00f6rleriyle bir araya gelecek -\",\"isPartOf\":{\"@id\":\"https:\\\/\\\/kibrisdakik.com\\\/#website\"},\"primaryImageOfPage\":{\"@id\":\"https:\\\/\\\/kibrisdakik.com\\\/?p=28204#primaryimage\"},\"image\":{\"@id\":\"https:\\\/\\\/kibrisdakik.com\\\/?p=28204#primaryimage\"},\"thumbnailUrl\":\"https:\\\/\\\/kibrisdakik.com\\\/wp-content\\\/uploads\\\/2024\\\/01\\\/bm-genel-sekreteri-guterres-unrwanin-temel-donorleriyle-bir-araya-gelecek-1706557860.webp.webp\",\"datePublished\":\"2024-01-29T20:01:48+00:00\",\"author\":{\"@id\":\"https:\\\/\\\/kibrisdakik.com\\\/#\\\/schema\\\/person\\\/9cd9d437bbb44f72b73ba127e06d8e79\"},\"breadcrumb\":{\"@id\":\"https:\\\/\\\/kibrisdakik.com\\\/?p=28204#breadcrumb\"},\"inLanguage\":\"tr\",\"potentialAction\":[{\"@type\":\"ReadAction\",\"target\":[\"https:\\\/\\\/kibrisdakik.com\\\/?p=28204\"]}]},{\"@type\":\"ImageObject\",\"inLanguage\":\"tr\",\"@id\":\"https:\\\/\\\/kibrisdakik.com\\\/?p=28204#primaryimage\",\"url\":\"https:\\\/\\\/kibrisdakik.com\\\/wp-content\\\/uploads\\\/2024\\\/01\\\/bm-genel-sekreteri-guterres-unrwanin-temel-donorleriyle-bir-araya-gelecek-1706557860.webp.webp\",\"contentUrl\":\"https:\\\/\\\/kibrisdakik.com\\\/wp-content\\\/uploads\\\/2024\\\/01\\\/bm-genel-sekreteri-guterres-unrwanin-temel-donorleriyle-bir-araya-gelecek-1706557860.webp.webp\",\"width\":710,\"height\":370},{\"@type\":\"BreadcrumbList\",\"@id\":\"https:\\\/\\\/kibrisdakik.com\\\/?p=28204#breadcrumb\",\"itemListElement\":[{\"@type\":\"ListItem\",\"position\":1,\"name\":\"Home\",\"item\":\"https:\\\/\\\/kibrisdakik.com\\\/\"},{\"@type\":\"ListItem\",\"position\":2,\"name\":\"BM Genel Sekreteri Guterres, UNRWA&#039;n\u0131n temel don\u00f6rleriyle bir araya gelecek\"}]},{\"@type\":\"WebSite\",\"@id\":\"https:\\\/\\\/kibrisdakik.com\\\/#website\",\"url\":\"https:\\\/\\\/kibrisdakik.com\\\/\",\"name\":\"\",\"description\":\"Tam vaktinde haber\",\"potentialAction\":[{\"@type\":\"SearchAction\",\"target\":{\"@type\":\"EntryPoint\",\"urlTemplate\":\"https:\\\/\\\/kibrisdakik.com\\\/?s={search_term_string}\"},\"query-input\":{\"@type\":\"PropertyValueSpecification\",\"valueRequired\":true,\"valueName\":\"search_term_string\"}}],\"inLanguage\":\"tr\"},{\"@type\":\"Person\",\"@id\":\"https:\\\/\\\/kibrisdakik.com\\\/#\\\/schema\\\/person\\\/9cd9d437bbb44f72b73ba127e06d8e79\",\"name\":\"admin\",\"image\":{\"@type\":\"ImageObject\",\"inLanguage\":\"tr\",\"@id\":\"https:\\\/\\\/secure.gravatar.com\\\/avatar\\\/ccc17943b9d660506c869530f897617f7cb1c21a4bf30023f252596d83e1f007?s=96&d=mm&r=g\",\"url\":\"https:\\\/\\\/secure.gravatar.com\\\/avatar\\\/ccc17943b9d660506c869530f897617f7cb1c21a4bf30023f252596d83e1f007?s=96&d=mm&r=g\",\"contentUrl\":\"https:\\\/\\\/secure.gravatar.com\\\/avatar\\\/ccc17943b9d660506c869530f897617f7cb1c21a4bf30023f252596d83e1f007?s=96&d=mm&r=g\",\"caption\":\"admin\"},\"sameAs\":[\"https:\\\/\\\/kibrisdakik.com\"],\"url\":\"https:\\\/\\\/kibrisdakik.com\\\/?author=1\"}]}<\/script>\n<!-- \/ Yoast SEO plugin. -->","yoast_head_json":{"title":"BM Genel Sekreteri Guterres, UNRWA&#039;n\u0131n temel don\u00f6rleriyle bir araya gelecek -","robots":{"index":"index","follow":"follow","max-snippet":"max-snippet:-1","max-image-preview":"max-image-preview:large","max-video-preview":"max-video-preview:-1"},"canonical":"https:\/\/kibrisdakik.com\/?p=28204","og_locale":"tr_TR","og_type":"article","og_title":"BM Genel Sekreteri Guterres, UNRWA&#039;n\u0131n temel don\u00f6rleriyle bir araya gelecek -","og_description":"BM S\u00f6zc\u00fcs\u00fc Stephane Dujarric, g\u00fcnl\u00fck bas\u0131n toplant\u0131s\u0131nda gazetecilerin sorular\u0131n\u0131 yan\u0131tlad\u0131. Guterres&#8217;in hem UNRWA yetkilileri hem de don\u00f6rlerle irtibatta oldu\u011funu aktaran Dujarric, &#8220;\u015eu anda UNRWA ve Gazze, Do\u011fu Kud\u00fcs, Bat\u0131 \u015eeria, L\u00fcbnan ve Suriye&#8217;de hizmet sa\u011flad\u0131\u011f\u0131 milyonlarca ki\u015fi i\u00e7in durum \u00e7ok parlak de\u011fil.&#8221; de\u011ferlendirmesinde bulundu. Dujarric, BM Genel Sekreteri&#8217;nin yar\u0131n New York&#8217;ta UNRWA&#8217;ya temel katk\u0131 sa\u011flayan","og_url":"https:\/\/kibrisdakik.com\/?p=28204","article_published_time":"2024-01-29T20:01:48+00:00","og_image":[{"width":710,"height":370,"url":"https:\/\/kibrisdakik.com\/wp-content\/uploads\/2024\/01\/bm-genel-sekreteri-guterres-unrwanin-temel-donorleriyle-bir-araya-gelecek-1706557860.webp.webp","type":"image\/webp"}],"author":"admin","twitter_card":"summary_large_image","twitter_misc":{"Yazan:":"admin","Tahmini okuma s\u00fcresi":"2 dakika"},"schema":{"@context":"https:\/\/schema.org","@graph":[{"@type":"Article","@id":"https:\/\/kibrisdakik.com\/?p=28204#article","isPartOf":{"@id":"https:\/\/kibrisdakik.com\/?p=28204"},"author":{"name":"admin","@id":"https:\/\/kibrisdakik.com\/#\/schema\/person\/9cd9d437bbb44f72b73ba127e06d8e79"},"headline":"BM Genel Sekreteri Guterres, UNRWA&#039;n\u0131n temel don\u00f6rleriyle bir araya gelecek","datePublished":"2024-01-29T20:01:48+00:00","mainEntityOfPage":{"@id":"https:\/\/kibrisdakik.com\/?p=28204"},"wordCount":442,"commentCount":0,"image":{"@id":"https:\/\/kibrisdakik.com\/?p=28204#primaryimage"},"thumbnailUrl":"https:\/\/kibrisdakik.com\/wp-content\/uploads\/2024\/01\/bm-genel-sekreteri-guterres-unrwanin-temel-donorleriyle-bir-araya-gelecek-1706557860.webp.webp","articleSection":["G\u00fcndem"],"inLanguage":"tr","potentialAction":[{"@type":"CommentAction","name":"Comment","target":["https:\/\/kibrisdakik.com\/?p=28204#respond"]}]},{"@type":"WebPage","@id":"https:\/\/kibrisdakik.com\/?p=28204","url":"https:\/\/kibrisdakik.com\/?p=28204","name":"BM Genel Sekreteri Guterres, UNRWA&#039;n\u0131n temel don\u00f6rleriyle bir araya gelecek -","isPartOf":{"@id":"https:\/\/kibrisdakik.com\/#website"},"primaryImageOfPage":{"@id":"https:\/\/kibrisdakik.com\/?p=28204#primaryimage"},"image":{"@id":"https:\/\/kibrisdakik.com\/?p=28204#primaryimage"},"thumbnailUrl":"https:\/\/kibrisdakik.com\/wp-content\/uploads\/2024\/01\/bm-genel-sekreteri-guterres-unrwanin-temel-donorleriyle-bir-araya-gelecek-1706557860.webp.webp","datePublished":"2024-01-29T20:01:48+00:00","author":{"@id":"https:\/\/kibrisdakik.com\/#\/schema\/person\/9cd9d437bbb44f72b73ba127e06d8e79"},"breadcrumb":{"@id":"https:\/\/kibrisdakik.com\/?p=28204#breadcrumb"},"inLanguage":"tr","potentialAction":[{"@type":"ReadAction","target":["https:\/\/kibrisdakik.com\/?p=28204"]}]},{"@type":"ImageObject","inLanguage":"tr","@id":"https:\/\/kibrisdakik.com\/?p=28204#primaryimage","url":"https:\/\/kibrisdakik.com\/wp-content\/uploads\/2024\/01\/bm-genel-sekreteri-guterres-unrwanin-temel-donorleriyle-bir-araya-gelecek-1706557860.webp.webp","contentUrl":"https:\/\/kibrisdakik.com\/wp-content\/uploads\/2024\/01\/bm-genel-sekreteri-guterres-unrwanin-temel-donorleriyle-bir-araya-gelecek-1706557860.webp.webp","width":710,"height":370},{"@type":"BreadcrumbList","@id":"https:\/\/kibrisdakik.com\/?p=28204#breadcrumb","itemListElement":[{"@type":"ListItem","position":1,"name":"Home","item":"https:\/\/kibrisdakik.com\/"},{"@type":"ListItem","position":2,"name":"BM Genel Sekreteri Guterres, UNRWA&#039;n\u0131n temel don\u00f6rleriyle bir araya gelecek"}]},{"@type":"WebSite","@id":"https:\/\/kibrisdakik.com\/#website","url":"https:\/\/kibrisdakik.com\/","name":"","description":"Tam vaktinde haber","potentialAction":[{"@type":"SearchAction","target":{"@type":"EntryPoint","urlTemplate":"https:\/\/kibrisdakik.com\/?s={search_term_string}"},"query-input":{"@type":"PropertyValueSpecification","valueRequired":true,"valueName":"search_term_string"}}],"inLanguage":"tr"},{"@type":"Person","@id":"https:\/\/kibrisdakik.com\/#\/schema\/person\/9cd9d437bbb44f72b73ba127e06d8e79","name":"admin","image":{"@type":"ImageObject","inLanguage":"tr","@id":"https:\/\/secure.gravatar.com\/avatar\/ccc17943b9d660506c869530f897617f7cb1c21a4bf30023f252596d83e1f007?s=96&d=mm&r=g","url":"https:\/\/secure.gravatar.com\/avatar\/ccc17943b9d660506c869530f897617f7cb1c21a4bf30023f252596d83e1f007?s=96&d=mm&r=g","contentUrl":"https:\/\/secure.gravatar.com\/avatar\/ccc17943b9d660506c869530f897617f7cb1c21a4bf30023f252596d83e1f007?s=96&d=mm&r=g","caption":"admin"},"sameAs":["https:\/\/kibrisdakik.com"],"url":"https:\/\/kibrisdakik.com\/?author=1"}]}},"_links":{"self":[{"href":"https:\/\/kibrisdakik.com\/index.php?rest_route=\/wp\/v2\/posts\/28204","targetHints":{"allow":["GET"]}}],"collection":[{"href":"https:\/\/kibrisdakik.com\/index.php?rest_route=\/wp\/v2\/posts"}],"about":[{"href":"https:\/\/kibrisdakik.com\/index.php?rest_route=\/wp\/v2\/types\/post"}],"author":[{"embeddable":true,"href":"https:\/\/kibrisdakik.com\/index.php?rest_route=\/wp\/v2\/users\/1"}],"replies":[{"embeddable":true,"href":"https:\/\/kibrisdakik.com\/index.php?rest_route=%2Fwp%2Fv2%2Fcomments&post=28204"}],"version-history":[{"count":0,"href":"https:\/\/kibrisdakik.com\/index.php?rest_route=\/wp\/v2\/posts\/28204\/revisions"}],"wp:featuredmedia":[{"embeddable":true,"href":"https:\/\/kibrisdakik.com\/index.php?rest_route=\/wp\/v2\/media\/28205"}],"wp:attachment":[{"href":"https:\/\/kibrisdakik.com\/index.php?rest_route=%2Fwp%2Fv2%2Fmedia&parent=28204"}],"wp:term":[{"taxonomy":"category","embeddable":true,"href":"https:\/\/kibrisdakik.com\/index.php?rest_route=%2Fwp%2Fv2%2Fcategories&post=28204"},{"taxonomy":"post_tag","embeddable":true,"href":"https:\/\/kibrisdakik.com\/index.php?rest_route=%2Fwp%2Fv2%2Ftags&post=28204"}],"curies":[{"name":"wp","href":"https:\/\/api.w.org\/{rel}","templated":true}]}}