{"id":28316,"date":"2024-01-30T15:49:48","date_gmt":"2024-01-30T15:49:48","guid":{"rendered":"https:\/\/kibrisdakik.com\/index.php\/2024\/01\/30\/sehit-aileleri-ve-malul-gaziler-dernegi-hazirladigi-sehitler-olmez-albumunu-cumhurbaskanina-takdim-etti\/"},"modified":"2024-01-30T15:49:48","modified_gmt":"2024-01-30T15:49:48","slug":"sehit-aileleri-ve-malul-gaziler-dernegi-hazirladigi-sehitler-olmez-albumunu-cumhurbaskanina-takdim-etti","status":"publish","type":"post","link":"https:\/\/kibrisdakik.com\/?p=28316","title":{"rendered":"\u015eehit Aileleri ve Mal\u00fcl Gaziler Derne\u011fi, haz\u0131rlad\u0131\u011f\u0131 \u201c\u015eehitler \u00d6lmez Alb\u00fcm\u00fc\u201dn\u00fc Cumhurba\u015fkan\u0131\u2019na takdim etti"},"content":{"rendered":"<p><img decoding=\"async\" src=\"https:\/\/www.kibristurk.com\/images\/haberler\/2024\/01\/sehit-aileleri-ve-malul-gaziler-dernegi-hazirladigi-sehitler-olmez-albumunu-cumhurbaskanina-takdim-etti-1706629243.webp\" \/><\/p>\n<p>&nbsp;\u015eehit Aileleri ve Mal\u00fcl Gaziler Derne\u011fi, 1830 \u015fehitle ilgili bilgi ve foto\u011fraflar\u0131 derledi\u011fi \u201c\u015eehitler \u00d6lmez Alb\u00fcm\u00fc\u201dn\u00fc Cumhurba\u015fkan\u0131 Ersin Tatar\u2019a takdim etti.&nbsp;<\/p>\n<p>Cumhurba\u015fkanl\u0131\u011f\u0131&#8217;nda yer alan kabulde, \u015eehit Aileleri ve Mal\u00fcl Gaziler Derne\u011fi Ba\u015fkan\u0131 G\u00fcrsel Benan, Cumhurba\u015fkan\u0131 Tatar\u2019a alb\u00fcm\u00fc takdim ederek, alb\u00fcm hakk\u0131nda bilgiler aktard\u0131.<\/p>\n<p>Benan, kabulde yapt\u0131\u011f\u0131 konu\u015fmada, s\u00f6z konusu kitaba ili\u015fkin talebin Cumhurba\u015fkan\u0131 Ersin Tatar\u2019dan geldi\u011fini, yakla\u015f\u0131k 2 y\u0131l \u00f6nce Cumhurba\u015fkan\u0131\u2019n\u0131n Diyarbak\u0131r gezisinden kendilerine benzer bir kitap getirdi\u011fini ve \u00fclke \u015fehitleri i\u00e7in benzer bir \u00e7al\u0131\u015fma yap\u0131lmas\u0131 dile\u011fini ifade etti\u011fini kaydetti.<\/p>\n<p>Son 2 y\u0131l i\u00e7erisinde, s\u00f6z konusu alb\u00fcm\u00fcn haz\u0131rlanmas\u0131 i\u00e7in b\u00fcy\u00fck gayret sarf ettiklerini ve tamamlad\u0131klar\u0131n\u0131 belirten Benan, \u015fehitler sayesinde bug\u00fcnlere gelindi\u011fini vurgulayarak, \u201cNe unuturuz, ne unuttururuz\u201d dedi.<\/p>\n<p>&#8211; Cumhurba\u015fkan\u0131 Tatar: \u201cBu tarihi alb\u00fcm\u00fc yapm\u0131\u015f olman\u0131z \u00e7ok anlaml\u0131\u201d<\/p>\n<p>Cumhurba\u015fkan\u0131 Ersin Tatar, takdim ard\u0131ndan yapt\u0131\u011f\u0131 konu\u015fmada, bu muhte\u015fem eserin ortay\u0131 \u00e7\u0131kard\u0131klar\u0131 i\u00e7in \u015eehit Aileleri ve Mal\u00fcl Gaziler Derne\u011fi\u2019ni tebrik ederek, b\u00f6ylece \u015fehitlerin hayatlar\u0131n\u0131n belgelendi\u011fi, kal\u0131c\u0131 bir eserin topluma kazand\u0131r\u0131lm\u0131\u015f oldu\u011funu kaydetti.<\/p>\n<p>Diyarbak\u0131r\u2019da kendisine verilen alb\u00fcm\u00fc Dernek\u2019e getirerek, \u201c\u0130n\u015fallah ayn\u0131s\u0131n\u0131 yapabiliriz\u201d temennisini hat\u0131rlatan Cumhurba\u015fkan\u0131 Tatar, \u201cbu tarihi alb\u00fcm\u00fc yapman\u0131z \u00e7ok anlaml\u0131d\u0131r\u201d dedi, eme\u011fi ge\u00e7en herkese te\u015fekk\u00fcrlerini iletti.&nbsp;<\/p>\n<p>Bu kadar bilginin derlenmesinin, haz\u0131rlanmas\u0131n\u0131n ve bas\u0131lmas\u0131n\u0131n kolay bir s\u00fcre\u00e7 olmad\u0131\u011f\u0131na dikkat \u00e7eken Tatar, bunun \u015fehitler i\u00e7in yap\u0131lacak g\u00f6revlerden bir tanesi oldu\u011funu belirtti.&nbsp;<\/p>\n<p>K\u0131br\u0131s\u2019taki \u015fehitlerin 1950li y\u0131llardan ba\u015flad\u0131\u011f\u0131n\u0131 vurgulayan Cumhurba\u015fkan\u0131 Tatar, g\u00fcn i\u00e7erisinde yapt\u0131\u011f\u0131 Birle\u015fmi\u015f Milletler Temsilcisi Maria \u00c1ngela Holgu\u00edn Cu\u00e9llar ile yapt\u0131\u011f\u0131 g\u00f6r\u00fc\u015fmeye de i\u015faret ederek, bu g\u00f6r\u00fc\u015fmede de K\u0131br\u0131s meselesinin 50 y\u0131l oldu\u011funa dair s\u00f6ylemlerin do\u011fru olmad\u0131\u011f\u0131n\u0131, meselenin 1960 ve hatta \u00f6ncesinden ba\u015flam\u0131\u015f oldu\u011funu vurgulad\u0131\u011f\u0131n\u0131 s\u00f6yledi.&nbsp;<\/p>\n<p>Tatar, \u015eehit Aileleri ve Mal\u00fcl Gaziler Derne\u011fi\u2019nin y\u0131llar i\u00e7erisinde fedakarl\u0131k, azim ve kararl\u0131l\u0131kla yapt\u0131\u011f\u0131 \u00e7al\u0131\u015fmalar\u0131n \u00f6neminin de alt\u0131na \u00e7izerek, \u201c\u015eehitlerimize kar\u015f\u0131 sorumlulu\u011fumuz, KKTC\u2019yi ilelebet ya\u015fatmakt\u0131r. Bu u\u011furda m\u00fccadelemiz devam edecektir\u201d dedi.&nbsp;<\/p>\n<p>Cumhurba\u015fkan\u0131 Ersin Tatar, t\u00fcm \u015fehitleri rahmetle anarak konu\u015fmas\u0131n\u0131 sonland\u0131rd\u0131.&nbsp;<\/p>\n<p>-\u015eehitler \u00d6lmez Alb\u00fcm\u00fc<\/p>\n<p>\u0130ki cilt halinde haz\u0131rlanan \u2018\u015eehitler \u00d6lmez Alb\u00fcm\u00fc\u201d, 1956 y\u0131l\u0131ndan bu yana \u015fehit olan 1830 \u015fehitle ilgili bilgi ve renklendirilmi\u015f foto\u011fraflardan olu\u015fuyor.<\/p>\n<p>Alb\u00fcmde \u015fehitlerin nerede, nas\u0131l \u015fehit edildikleri ve \u015fu anda mezarlar\u0131n\u0131n nerede oldu\u011fu gibi bilgiler yer al\u0131yor, halen kay\u0131p olan \u015fehitler de ayr\u0131ca belirtiliyor.<\/p>\n<p>T\u00fcrk \u0130\u015fbirli\u011fi ve Koordinasyon Ajans\u0131\u2019n\u0131n (T\u0130KA) katk\u0131s\u0131yla bas\u0131lan \u201c\u015eehitler \u00d6lmez Alb\u00fcm\u00fc\u201d, \u015eehit Aileleri ve Mal\u00fcl Gaziler Derne\u011fi Ba\u015fkan\u0131 G\u00fcrsel Benan, Ba\u015fkan Yard\u0131mc\u0131s\u0131 Mehmet Tanol, Osman Emin Kark\u0131n ve Salih A\u00e7man taraf\u0131ndan yay\u0131ma haz\u0131rland\u0131.<\/p>\n","protected":false},"excerpt":{"rendered":"<p>&nbsp;\u015eehit Aileleri ve Mal\u00fcl Gaziler Derne\u011fi, 1830 \u015fehitle ilgili bilgi ve foto\u011fraflar\u0131 derledi\u011fi \u201c\u015eehitler \u00d6lmez Alb\u00fcm\u00fc\u201dn\u00fc Cumhurba\u015fkan\u0131 Ersin Tatar\u2019a takdim etti.&nbsp; Cumhurba\u015fkanl\u0131\u011f\u0131&#8217;nda yer alan kabulde, \u015eehit Aileleri ve Mal\u00fcl Gaziler Derne\u011fi Ba\u015fkan\u0131 G\u00fcrsel Benan, Cumhurba\u015fkan\u0131 Tatar\u2019a alb\u00fcm\u00fc takdim ederek, alb\u00fcm hakk\u0131nda bilgiler aktard\u0131. Benan, kabulde yapt\u0131\u011f\u0131 konu\u015fmada, s\u00f6z konusu kitaba ili\u015fkin talebin Cumhurba\u015fkan\u0131 Ersin Tatar\u2019dan<\/p>\n","protected":false},"author":1,"featured_media":28317,"comment_status":"open","ping_status":"open","sticky":false,"template":"","format":"standard","meta":{"footnotes":""},"categories":[1],"tags":[],"class_list":["post-28316","post","type-post","status-publish","format-standard","has-post-thumbnail","hentry","category-gundem"],"yoast_head":"<!-- This site is optimized with the Yoast SEO plugin v27.4 - https:\/\/yoast.com\/product\/yoast-seo-wordpress\/ -->\n<title>\u015eehit Aileleri ve Mal\u00fcl Gaziler Derne\u011fi, haz\u0131rlad\u0131\u011f\u0131 \u201c\u015eehitler \u00d6lmez Alb\u00fcm\u00fc\u201dn\u00fc Cumhurba\u015fkan\u0131\u2019na takdim etti -<\/title>\n<meta name=\"robots\" content=\"index, follow, max-snippet:-1, max-image-preview:large, max-video-preview:-1\" \/>\n<link rel=\"canonical\" href=\"https:\/\/kibrisdakik.com\/?p=28316\" \/>\n<meta property=\"og:locale\" content=\"tr_TR\" \/>\n<meta property=\"og:type\" content=\"article\" \/>\n<meta property=\"og:title\" content=\"\u015eehit Aileleri ve Mal\u00fcl Gaziler Derne\u011fi, haz\u0131rlad\u0131\u011f\u0131 \u201c\u015eehitler \u00d6lmez Alb\u00fcm\u00fc\u201dn\u00fc Cumhurba\u015fkan\u0131\u2019na takdim etti -\" \/>\n<meta property=\"og:description\" content=\"&nbsp;\u015eehit Aileleri ve Mal\u00fcl Gaziler Derne\u011fi, 1830 \u015fehitle ilgili bilgi ve foto\u011fraflar\u0131 derledi\u011fi \u201c\u015eehitler \u00d6lmez Alb\u00fcm\u00fc\u201dn\u00fc Cumhurba\u015fkan\u0131 Ersin Tatar\u2019a takdim etti.&nbsp; Cumhurba\u015fkanl\u0131\u011f\u0131&#8217;nda yer alan kabulde, \u015eehit Aileleri ve Mal\u00fcl Gaziler Derne\u011fi Ba\u015fkan\u0131 G\u00fcrsel Benan, Cumhurba\u015fkan\u0131 Tatar\u2019a alb\u00fcm\u00fc takdim ederek, alb\u00fcm hakk\u0131nda bilgiler aktard\u0131. Benan, kabulde yapt\u0131\u011f\u0131 konu\u015fmada, s\u00f6z konusu kitaba ili\u015fkin talebin Cumhurba\u015fkan\u0131 Ersin Tatar\u2019dan\" \/>\n<meta property=\"og:url\" content=\"https:\/\/kibrisdakik.com\/?p=28316\" \/>\n<meta property=\"article:published_time\" content=\"2024-01-30T15:49:48+00:00\" \/>\n<meta property=\"og:image\" content=\"https:\/\/kibrisdakik.com\/wp-content\/uploads\/2024\/01\/sehit-aileleri-ve-malul-gaziler-dernegi-hazirladigi-sehitler-olmez-albumunu-cumhurbaskanina-takdim-etti-1706629243.webp.webp\" \/>\n\t<meta property=\"og:image:width\" content=\"710\" \/>\n\t<meta property=\"og:image:height\" content=\"370\" \/>\n\t<meta property=\"og:image:type\" content=\"image\/webp\" \/>\n<meta name=\"author\" content=\"admin\" \/>\n<meta name=\"twitter:card\" content=\"summary_large_image\" \/>\n<meta name=\"twitter:label1\" content=\"Yazan:\" \/>\n\t<meta name=\"twitter:data1\" content=\"admin\" \/>\n\t<meta name=\"twitter:label2\" content=\"Tahmini okuma s\u00fcresi\" \/>\n\t<meta name=\"twitter:data2\" content=\"3 dakika\" \/>\n<script type=\"application\/ld+json\" class=\"yoast-schema-graph\">{\"@context\":\"https:\\\/\\\/schema.org\",\"@graph\":[{\"@type\":\"Article\",\"@id\":\"https:\\\/\\\/kibrisdakik.com\\\/?p=28316#article\",\"isPartOf\":{\"@id\":\"https:\\\/\\\/kibrisdakik.com\\\/?p=28316\"},\"author\":{\"name\":\"admin\",\"@id\":\"https:\\\/\\\/kibrisdakik.com\\\/#\\\/schema\\\/person\\\/9cd9d437bbb44f72b73ba127e06d8e79\"},\"headline\":\"\u015eehit Aileleri ve Mal\u00fcl Gaziler Derne\u011fi, haz\u0131rlad\u0131\u011f\u0131 \u201c\u015eehitler \u00d6lmez Alb\u00fcm\u00fc\u201dn\u00fc Cumhurba\u015fkan\u0131\u2019na takdim etti\",\"datePublished\":\"2024-01-30T15:49:48+00:00\",\"mainEntityOfPage\":{\"@id\":\"https:\\\/\\\/kibrisdakik.com\\\/?p=28316\"},\"wordCount\":568,\"commentCount\":0,\"image\":{\"@id\":\"https:\\\/\\\/kibrisdakik.com\\\/?p=28316#primaryimage\"},\"thumbnailUrl\":\"https:\\\/\\\/kibrisdakik.com\\\/wp-content\\\/uploads\\\/2024\\\/01\\\/sehit-aileleri-ve-malul-gaziler-dernegi-hazirladigi-sehitler-olmez-albumunu-cumhurbaskanina-takdim-etti-1706629243.webp.webp\",\"articleSection\":[\"G\u00fcndem\"],\"inLanguage\":\"tr\",\"potentialAction\":[{\"@type\":\"CommentAction\",\"name\":\"Comment\",\"target\":[\"https:\\\/\\\/kibrisdakik.com\\\/?p=28316#respond\"]}]},{\"@type\":\"WebPage\",\"@id\":\"https:\\\/\\\/kibrisdakik.com\\\/?p=28316\",\"url\":\"https:\\\/\\\/kibrisdakik.com\\\/?p=28316\",\"name\":\"\u015eehit Aileleri ve Mal\u00fcl Gaziler Derne\u011fi, haz\u0131rlad\u0131\u011f\u0131 \u201c\u015eehitler \u00d6lmez Alb\u00fcm\u00fc\u201dn\u00fc Cumhurba\u015fkan\u0131\u2019na takdim etti -\",\"isPartOf\":{\"@id\":\"https:\\\/\\\/kibrisdakik.com\\\/#website\"},\"primaryImageOfPage\":{\"@id\":\"https:\\\/\\\/kibrisdakik.com\\\/?p=28316#primaryimage\"},\"image\":{\"@id\":\"https:\\\/\\\/kibrisdakik.com\\\/?p=28316#primaryimage\"},\"thumbnailUrl\":\"https:\\\/\\\/kibrisdakik.com\\\/wp-content\\\/uploads\\\/2024\\\/01\\\/sehit-aileleri-ve-malul-gaziler-dernegi-hazirladigi-sehitler-olmez-albumunu-cumhurbaskanina-takdim-etti-1706629243.webp.webp\",\"datePublished\":\"2024-01-30T15:49:48+00:00\",\"author\":{\"@id\":\"https:\\\/\\\/kibrisdakik.com\\\/#\\\/schema\\\/person\\\/9cd9d437bbb44f72b73ba127e06d8e79\"},\"breadcrumb\":{\"@id\":\"https:\\\/\\\/kibrisdakik.com\\\/?p=28316#breadcrumb\"},\"inLanguage\":\"tr\",\"potentialAction\":[{\"@type\":\"ReadAction\",\"target\":[\"https:\\\/\\\/kibrisdakik.com\\\/?p=28316\"]}]},{\"@type\":\"ImageObject\",\"inLanguage\":\"tr\",\"@id\":\"https:\\\/\\\/kibrisdakik.com\\\/?p=28316#primaryimage\",\"url\":\"https:\\\/\\\/kibrisdakik.com\\\/wp-content\\\/uploads\\\/2024\\\/01\\\/sehit-aileleri-ve-malul-gaziler-dernegi-hazirladigi-sehitler-olmez-albumunu-cumhurbaskanina-takdim-etti-1706629243.webp.webp\",\"contentUrl\":\"https:\\\/\\\/kibrisdakik.com\\\/wp-content\\\/uploads\\\/2024\\\/01\\\/sehit-aileleri-ve-malul-gaziler-dernegi-hazirladigi-sehitler-olmez-albumunu-cumhurbaskanina-takdim-etti-1706629243.webp.webp\",\"width\":710,\"height\":370},{\"@type\":\"BreadcrumbList\",\"@id\":\"https:\\\/\\\/kibrisdakik.com\\\/?p=28316#breadcrumb\",\"itemListElement\":[{\"@type\":\"ListItem\",\"position\":1,\"name\":\"Home\",\"item\":\"https:\\\/\\\/kibrisdakik.com\\\/\"},{\"@type\":\"ListItem\",\"position\":2,\"name\":\"\u015eehit Aileleri ve Mal\u00fcl Gaziler Derne\u011fi, haz\u0131rlad\u0131\u011f\u0131 \u201c\u015eehitler \u00d6lmez Alb\u00fcm\u00fc\u201dn\u00fc Cumhurba\u015fkan\u0131\u2019na takdim etti\"}]},{\"@type\":\"WebSite\",\"@id\":\"https:\\\/\\\/kibrisdakik.com\\\/#website\",\"url\":\"https:\\\/\\\/kibrisdakik.com\\\/\",\"name\":\"\",\"description\":\"Tam vaktinde haber\",\"potentialAction\":[{\"@type\":\"SearchAction\",\"target\":{\"@type\":\"EntryPoint\",\"urlTemplate\":\"https:\\\/\\\/kibrisdakik.com\\\/?s={search_term_string}\"},\"query-input\":{\"@type\":\"PropertyValueSpecification\",\"valueRequired\":true,\"valueName\":\"search_term_string\"}}],\"inLanguage\":\"tr\"},{\"@type\":\"Person\",\"@id\":\"https:\\\/\\\/kibrisdakik.com\\\/#\\\/schema\\\/person\\\/9cd9d437bbb44f72b73ba127e06d8e79\",\"name\":\"admin\",\"image\":{\"@type\":\"ImageObject\",\"inLanguage\":\"tr\",\"@id\":\"https:\\\/\\\/secure.gravatar.com\\\/avatar\\\/ccc17943b9d660506c869530f897617f7cb1c21a4bf30023f252596d83e1f007?s=96&d=mm&r=g\",\"url\":\"https:\\\/\\\/secure.gravatar.com\\\/avatar\\\/ccc17943b9d660506c869530f897617f7cb1c21a4bf30023f252596d83e1f007?s=96&d=mm&r=g\",\"contentUrl\":\"https:\\\/\\\/secure.gravatar.com\\\/avatar\\\/ccc17943b9d660506c869530f897617f7cb1c21a4bf30023f252596d83e1f007?s=96&d=mm&r=g\",\"caption\":\"admin\"},\"sameAs\":[\"https:\\\/\\\/kibrisdakik.com\"],\"url\":\"https:\\\/\\\/kibrisdakik.com\\\/?author=1\"}]}<\/script>\n<!-- \/ Yoast SEO plugin. -->","yoast_head_json":{"title":"\u015eehit Aileleri ve Mal\u00fcl Gaziler Derne\u011fi, haz\u0131rlad\u0131\u011f\u0131 \u201c\u015eehitler \u00d6lmez Alb\u00fcm\u00fc\u201dn\u00fc Cumhurba\u015fkan\u0131\u2019na takdim etti -","robots":{"index":"index","follow":"follow","max-snippet":"max-snippet:-1","max-image-preview":"max-image-preview:large","max-video-preview":"max-video-preview:-1"},"canonical":"https:\/\/kibrisdakik.com\/?p=28316","og_locale":"tr_TR","og_type":"article","og_title":"\u015eehit Aileleri ve Mal\u00fcl Gaziler Derne\u011fi, haz\u0131rlad\u0131\u011f\u0131 \u201c\u015eehitler \u00d6lmez Alb\u00fcm\u00fc\u201dn\u00fc Cumhurba\u015fkan\u0131\u2019na takdim etti -","og_description":"&nbsp;\u015eehit Aileleri ve Mal\u00fcl Gaziler Derne\u011fi, 1830 \u015fehitle ilgili bilgi ve foto\u011fraflar\u0131 derledi\u011fi \u201c\u015eehitler \u00d6lmez Alb\u00fcm\u00fc\u201dn\u00fc Cumhurba\u015fkan\u0131 Ersin Tatar\u2019a takdim etti.&nbsp; Cumhurba\u015fkanl\u0131\u011f\u0131&#8217;nda yer alan kabulde, \u015eehit Aileleri ve Mal\u00fcl Gaziler Derne\u011fi Ba\u015fkan\u0131 G\u00fcrsel Benan, Cumhurba\u015fkan\u0131 Tatar\u2019a alb\u00fcm\u00fc takdim ederek, alb\u00fcm hakk\u0131nda bilgiler aktard\u0131. Benan, kabulde yapt\u0131\u011f\u0131 konu\u015fmada, s\u00f6z konusu kitaba ili\u015fkin talebin Cumhurba\u015fkan\u0131 Ersin Tatar\u2019dan","og_url":"https:\/\/kibrisdakik.com\/?p=28316","article_published_time":"2024-01-30T15:49:48+00:00","og_image":[{"width":710,"height":370,"url":"https:\/\/kibrisdakik.com\/wp-content\/uploads\/2024\/01\/sehit-aileleri-ve-malul-gaziler-dernegi-hazirladigi-sehitler-olmez-albumunu-cumhurbaskanina-takdim-etti-1706629243.webp.webp","type":"image\/webp"}],"author":"admin","twitter_card":"summary_large_image","twitter_misc":{"Yazan:":"admin","Tahmini okuma s\u00fcresi":"3 dakika"},"schema":{"@context":"https:\/\/schema.org","@graph":[{"@type":"Article","@id":"https:\/\/kibrisdakik.com\/?p=28316#article","isPartOf":{"@id":"https:\/\/kibrisdakik.com\/?p=28316"},"author":{"name":"admin","@id":"https:\/\/kibrisdakik.com\/#\/schema\/person\/9cd9d437bbb44f72b73ba127e06d8e79"},"headline":"\u015eehit Aileleri ve Mal\u00fcl Gaziler Derne\u011fi, haz\u0131rlad\u0131\u011f\u0131 \u201c\u015eehitler \u00d6lmez Alb\u00fcm\u00fc\u201dn\u00fc Cumhurba\u015fkan\u0131\u2019na takdim etti","datePublished":"2024-01-30T15:49:48+00:00","mainEntityOfPage":{"@id":"https:\/\/kibrisdakik.com\/?p=28316"},"wordCount":568,"commentCount":0,"image":{"@id":"https:\/\/kibrisdakik.com\/?p=28316#primaryimage"},"thumbnailUrl":"https:\/\/kibrisdakik.com\/wp-content\/uploads\/2024\/01\/sehit-aileleri-ve-malul-gaziler-dernegi-hazirladigi-sehitler-olmez-albumunu-cumhurbaskanina-takdim-etti-1706629243.webp.webp","articleSection":["G\u00fcndem"],"inLanguage":"tr","potentialAction":[{"@type":"CommentAction","name":"Comment","target":["https:\/\/kibrisdakik.com\/?p=28316#respond"]}]},{"@type":"WebPage","@id":"https:\/\/kibrisdakik.com\/?p=28316","url":"https:\/\/kibrisdakik.com\/?p=28316","name":"\u015eehit Aileleri ve Mal\u00fcl Gaziler Derne\u011fi, haz\u0131rlad\u0131\u011f\u0131 \u201c\u015eehitler \u00d6lmez Alb\u00fcm\u00fc\u201dn\u00fc Cumhurba\u015fkan\u0131\u2019na takdim etti -","isPartOf":{"@id":"https:\/\/kibrisdakik.com\/#website"},"primaryImageOfPage":{"@id":"https:\/\/kibrisdakik.com\/?p=28316#primaryimage"},"image":{"@id":"https:\/\/kibrisdakik.com\/?p=28316#primaryimage"},"thumbnailUrl":"https:\/\/kibrisdakik.com\/wp-content\/uploads\/2024\/01\/sehit-aileleri-ve-malul-gaziler-dernegi-hazirladigi-sehitler-olmez-albumunu-cumhurbaskanina-takdim-etti-1706629243.webp.webp","datePublished":"2024-01-30T15:49:48+00:00","author":{"@id":"https:\/\/kibrisdakik.com\/#\/schema\/person\/9cd9d437bbb44f72b73ba127e06d8e79"},"breadcrumb":{"@id":"https:\/\/kibrisdakik.com\/?p=28316#breadcrumb"},"inLanguage":"tr","potentialAction":[{"@type":"ReadAction","target":["https:\/\/kibrisdakik.com\/?p=28316"]}]},{"@type":"ImageObject","inLanguage":"tr","@id":"https:\/\/kibrisdakik.com\/?p=28316#primaryimage","url":"https:\/\/kibrisdakik.com\/wp-content\/uploads\/2024\/01\/sehit-aileleri-ve-malul-gaziler-dernegi-hazirladigi-sehitler-olmez-albumunu-cumhurbaskanina-takdim-etti-1706629243.webp.webp","contentUrl":"https:\/\/kibrisdakik.com\/wp-content\/uploads\/2024\/01\/sehit-aileleri-ve-malul-gaziler-dernegi-hazirladigi-sehitler-olmez-albumunu-cumhurbaskanina-takdim-etti-1706629243.webp.webp","width":710,"height":370},{"@type":"BreadcrumbList","@id":"https:\/\/kibrisdakik.com\/?p=28316#breadcrumb","itemListElement":[{"@type":"ListItem","position":1,"name":"Home","item":"https:\/\/kibrisdakik.com\/"},{"@type":"ListItem","position":2,"name":"\u015eehit Aileleri ve Mal\u00fcl Gaziler Derne\u011fi, haz\u0131rlad\u0131\u011f\u0131 \u201c\u015eehitler \u00d6lmez Alb\u00fcm\u00fc\u201dn\u00fc Cumhurba\u015fkan\u0131\u2019na takdim etti"}]},{"@type":"WebSite","@id":"https:\/\/kibrisdakik.com\/#website","url":"https:\/\/kibrisdakik.com\/","name":"","description":"Tam vaktinde haber","potentialAction":[{"@type":"SearchAction","target":{"@type":"EntryPoint","urlTemplate":"https:\/\/kibrisdakik.com\/?s={search_term_string}"},"query-input":{"@type":"PropertyValueSpecification","valueRequired":true,"valueName":"search_term_string"}}],"inLanguage":"tr"},{"@type":"Person","@id":"https:\/\/kibrisdakik.com\/#\/schema\/person\/9cd9d437bbb44f72b73ba127e06d8e79","name":"admin","image":{"@type":"ImageObject","inLanguage":"tr","@id":"https:\/\/secure.gravatar.com\/avatar\/ccc17943b9d660506c869530f897617f7cb1c21a4bf30023f252596d83e1f007?s=96&d=mm&r=g","url":"https:\/\/secure.gravatar.com\/avatar\/ccc17943b9d660506c869530f897617f7cb1c21a4bf30023f252596d83e1f007?s=96&d=mm&r=g","contentUrl":"https:\/\/secure.gravatar.com\/avatar\/ccc17943b9d660506c869530f897617f7cb1c21a4bf30023f252596d83e1f007?s=96&d=mm&r=g","caption":"admin"},"sameAs":["https:\/\/kibrisdakik.com"],"url":"https:\/\/kibrisdakik.com\/?author=1"}]}},"_links":{"self":[{"href":"https:\/\/kibrisdakik.com\/index.php?rest_route=\/wp\/v2\/posts\/28316","targetHints":{"allow":["GET"]}}],"collection":[{"href":"https:\/\/kibrisdakik.com\/index.php?rest_route=\/wp\/v2\/posts"}],"about":[{"href":"https:\/\/kibrisdakik.com\/index.php?rest_route=\/wp\/v2\/types\/post"}],"author":[{"embeddable":true,"href":"https:\/\/kibrisdakik.com\/index.php?rest_route=\/wp\/v2\/users\/1"}],"replies":[{"embeddable":true,"href":"https:\/\/kibrisdakik.com\/index.php?rest_route=%2Fwp%2Fv2%2Fcomments&post=28316"}],"version-history":[{"count":0,"href":"https:\/\/kibrisdakik.com\/index.php?rest_route=\/wp\/v2\/posts\/28316\/revisions"}],"wp:featuredmedia":[{"embeddable":true,"href":"https:\/\/kibrisdakik.com\/index.php?rest_route=\/wp\/v2\/media\/28317"}],"wp:attachment":[{"href":"https:\/\/kibrisdakik.com\/index.php?rest_route=%2Fwp%2Fv2%2Fmedia&parent=28316"}],"wp:term":[{"taxonomy":"category","embeddable":true,"href":"https:\/\/kibrisdakik.com\/index.php?rest_route=%2Fwp%2Fv2%2Fcategories&post=28316"},{"taxonomy":"post_tag","embeddable":true,"href":"https:\/\/kibrisdakik.com\/index.php?rest_route=%2Fwp%2Fv2%2Ftags&post=28316"}],"curies":[{"name":"wp","href":"https:\/\/api.w.org\/{rel}","templated":true}]}}