{"id":28336,"date":"2024-01-30T17:51:57","date_gmt":"2024-01-30T17:51:57","guid":{"rendered":"https:\/\/kibrisdakik.com\/index.php\/2024\/01\/30\/kibris-turk-havacilik-bilgi-yonetimi-dernegi-genel-kurul-toplantisi-yapildi\/"},"modified":"2024-01-30T17:51:57","modified_gmt":"2024-01-30T17:51:57","slug":"kibris-turk-havacilik-bilgi-yonetimi-dernegi-genel-kurul-toplantisi-yapildi","status":"publish","type":"post","link":"https:\/\/kibrisdakik.com\/?p=28336","title":{"rendered":"K\u0131br\u0131s T\u00fcrk Havac\u0131l\u0131k Bilgi Y\u00f6netimi Derne\u011fi Genel Kurul toplant\u0131s\u0131 yap\u0131ld\u0131\u2026"},"content":{"rendered":"<p><img decoding=\"async\" src=\"https:\/\/www.kibristurk.com\/images\/haberler\/2024\/01\/kibris-turk-havacilik-bilgi-yonetimi-dernegi-genel-kurul-toplantisi-yapildi-1706599226.webp\" \/><\/p>\n<p style=\"text-align:left\"><span style=\"font-size:16px\"><span style=\"font-family:Merriweather,serif !important\"><span style=\"color:#000000\"><span style=\"background-color:#ffffff\">Dernekten yap\u0131lan a\u00e7\u0131klamada, Sivil Havac\u0131l\u0131k Dairesi M\u00fcd\u00fcrl\u00fc\u011f\u00fc, Meydan Haberle\u015fme \u015eubesi personelinin, dernekle\u015fme \u00e7al\u0131\u015fmalar\u0131n\u0131n tamamland\u0131\u011f\u0131 ve K\u0131br\u0131s T\u00fcrk Havac\u0131l\u0131k Bilgi Y\u00f6netimi Derne\u011fi\u2019nin 21 Eyl\u00fcl 2023\u2019de tescillendi\u011fi ifade edildi.<\/span><\/span><\/span><\/span><\/p>\n<p style=\"text-align:left\"><span style=\"font-size:16px\"><span style=\"font-family:Merriweather,serif !important\"><span style=\"color:#000000\"><span style=\"background-color:#ffffff\">A\u00e7\u0131klamada, derne\u011fin, 27 Ocak Cumartesi g\u00fcn\u00fc yap\u0131lan Genel Kurul toplant\u0131s\u0131nda yeni y\u00f6netim ile faaliyet hayat\u0131na ba\u015flad\u0131\u011f\u0131 kaydedildi.<\/span><\/span><\/span><\/span><\/p>\n<p style=\"text-align:left\"><span style=\"font-size:16px\"><span style=\"font-family:Merriweather,serif !important\"><span style=\"color:#000000\"><span style=\"background-color:#ffffff\">Y\u00f6netimde yer alan isimler \u015f\u00f6yle:<\/span><\/span><\/span><\/span><\/p>\n<p style=\"text-align:left\"><span style=\"font-size:16px\"><span style=\"font-family:Merriweather,serif !important\"><span style=\"color:#000000\"><span style=\"background-color:#ffffff\">\u201c-Y\u00f6netim Kurulu<\/span><\/span><\/span><\/span><\/p>\n<p style=\"text-align:left\"><span style=\"font-size:16px\"><span style=\"font-family:Merriweather,serif !important\"><span style=\"color:#000000\"><span style=\"background-color:#ffffff\">Ba\u015fkan: G\u00fcnhan \u00d6zak\u0131nc\u0131<\/span><\/span><\/span><\/span><\/p>\n<p style=\"text-align:left\"><span style=\"font-size:16px\"><span style=\"font-family:Merriweather,serif !important\"><span style=\"color:#000000\"><span style=\"background-color:#ffffff\">Genel Sekreter:&nbsp; \u00c7i\u011fdem \u00c7a\u011flar<\/span><\/span><\/span><\/span><\/p>\n<p style=\"text-align:left\"><span style=\"font-size:16px\"><span style=\"font-family:Merriweather,serif !important\"><span style=\"color:#000000\"><span style=\"background-color:#ffffff\">Bas\u0131n Yay\u0131n ve Sosyal \u0130li\u015fkiler: Batu Barkut<\/span><\/span><\/span><\/span><\/p>\n<p style=\"text-align:left\"><span style=\"font-size:16px\"><span style=\"font-family:Merriweather,serif !important\"><span style=\"color:#000000\"><span style=\"background-color:#ffffff\">Mali \u0130\u015fler Sorumlusu: Arzu \u00d6zdemli<\/span><\/span><\/span><\/span><\/p>\n<p style=\"text-align:left\"><span style=\"font-size:16px\"><span style=\"font-family:Merriweather,serif !important\"><span style=\"color:#000000\"><span style=\"background-color:#ffffff\">Yedek \u00dcye: Derya \u00d6kten Osmanzade<\/span><\/span><\/span><\/span><\/p>\n<p style=\"text-align:left\"><span style=\"font-size:16px\"><span style=\"font-family:Merriweather,serif !important\"><span style=\"color:#000000\"><span style=\"background-color:#ffffff\">-Disiplin Kurulu<\/span><\/span><\/span><\/span><\/p>\n<p style=\"text-align:left\"><span style=\"font-size:16px\"><span style=\"font-family:Merriweather,serif !important\"><span style=\"color:#000000\"><span style=\"background-color:#ffffff\">Ba\u015fkan: Mehmet Salih Talu\u011f<\/span><\/span><\/span><\/span><\/p>\n<p style=\"text-align:left\"><span style=\"font-size:16px\"><span style=\"font-family:Merriweather,serif !important\"><span style=\"color:#000000\"><span style=\"background-color:#ffffff\">\u00dcye: Pembe \u00c7erkez Atalay<\/span><\/span><\/span><\/span><\/p>\n<p style=\"text-align:left\"><span style=\"font-size:16px\"><span style=\"font-family:Merriweather,serif !important\"><span style=\"color:#000000\"><span style=\"background-color:#ffffff\">\u00dcye: Semray Hansa<\/span><\/span><\/span><\/span><\/p>\n<p style=\"text-align:left\"><span style=\"font-size:16px\"><span style=\"font-family:Merriweather,serif !important\"><span style=\"color:#000000\"><span style=\"background-color:#ffffff\">Yedek \u00dcye: Evren Azeri<\/span><\/span><\/span><\/span><\/p>\n<p style=\"text-align:left\"><span style=\"font-size:16px\"><span style=\"font-family:Merriweather,serif !important\"><span style=\"color:#000000\"><span style=\"background-color:#ffffff\">-Denetleme Kurulu<\/span><\/span><\/span><\/span><\/p>\n<p style=\"text-align:left\"><span style=\"font-size:16px\"><span style=\"font-family:Merriweather,serif !important\"><span style=\"color:#000000\"><span style=\"background-color:#ffffff\">Ba\u015fkan: Serta\u00e7 Peral\u0131<\/span><\/span><\/span><\/span><\/p>\n<p style=\"text-align:left\"><span style=\"font-size:16px\"><span style=\"font-family:Merriweather,serif !important\"><span style=\"color:#000000\"><span style=\"background-color:#ffffff\">\u00dcye: Er\u00e7in Fevzi<\/span><\/span><\/span><\/span><\/p>\n<p style=\"text-align:left\"><span style=\"font-size:16px\"><span style=\"font-family:Merriweather,serif !important\"><span style=\"color:#000000\"><span style=\"background-color:#ffffff\">\u00dcye: Y\u00fccem Tando\u011fan<\/span><\/span><\/span><\/span><\/p>\n<p style=\"text-align:left\"><span style=\"font-size:16px\"><span style=\"font-family:Merriweather,serif !important\"><span style=\"color:#000000\"><span style=\"background-color:#ffffff\">Yedek \u00dcye: Ferda \u00d6zteknik\u201d<\/span><\/span><\/span><\/span><\/p>\n","protected":false},"excerpt":{"rendered":"<p>Dernekten yap\u0131lan a\u00e7\u0131klamada, Sivil Havac\u0131l\u0131k Dairesi M\u00fcd\u00fcrl\u00fc\u011f\u00fc, Meydan Haberle\u015fme \u015eubesi personelinin, dernekle\u015fme \u00e7al\u0131\u015fmalar\u0131n\u0131n tamamland\u0131\u011f\u0131 ve K\u0131br\u0131s T\u00fcrk Havac\u0131l\u0131k Bilgi Y\u00f6netimi Derne\u011fi\u2019nin 21 Eyl\u00fcl 2023\u2019de tescillendi\u011fi ifade edildi. A\u00e7\u0131klamada, derne\u011fin, 27 Ocak Cumartesi g\u00fcn\u00fc yap\u0131lan Genel Kurul toplant\u0131s\u0131nda yeni y\u00f6netim ile faaliyet hayat\u0131na ba\u015flad\u0131\u011f\u0131 kaydedildi. Y\u00f6netimde yer alan isimler \u015f\u00f6yle: \u201c-Y\u00f6netim Kurulu Ba\u015fkan: G\u00fcnhan \u00d6zak\u0131nc\u0131 Genel<\/p>\n","protected":false},"author":1,"featured_media":28337,"comment_status":"open","ping_status":"open","sticky":false,"template":"","format":"standard","meta":{"footnotes":""},"categories":[1],"tags":[],"class_list":["post-28336","post","type-post","status-publish","format-standard","has-post-thumbnail","hentry","category-gundem"],"yoast_head":"<!-- This site is optimized with the Yoast SEO plugin v27.5 - https:\/\/yoast.com\/product\/yoast-seo-wordpress\/ -->\n<title>K\u0131br\u0131s T\u00fcrk Havac\u0131l\u0131k Bilgi Y\u00f6netimi Derne\u011fi Genel Kurul toplant\u0131s\u0131 yap\u0131ld\u0131\u2026 -<\/title>\n<meta name=\"robots\" content=\"index, follow, max-snippet:-1, max-image-preview:large, max-video-preview:-1\" \/>\n<link rel=\"canonical\" href=\"https:\/\/kibrisdakik.com\/?p=28336\" \/>\n<meta property=\"og:locale\" content=\"tr_TR\" \/>\n<meta property=\"og:type\" content=\"article\" \/>\n<meta property=\"og:title\" content=\"K\u0131br\u0131s T\u00fcrk Havac\u0131l\u0131k Bilgi Y\u00f6netimi Derne\u011fi Genel Kurul toplant\u0131s\u0131 yap\u0131ld\u0131\u2026 -\" \/>\n<meta property=\"og:description\" content=\"Dernekten yap\u0131lan a\u00e7\u0131klamada, Sivil Havac\u0131l\u0131k Dairesi M\u00fcd\u00fcrl\u00fc\u011f\u00fc, Meydan Haberle\u015fme \u015eubesi personelinin, dernekle\u015fme \u00e7al\u0131\u015fmalar\u0131n\u0131n tamamland\u0131\u011f\u0131 ve K\u0131br\u0131s T\u00fcrk Havac\u0131l\u0131k Bilgi Y\u00f6netimi Derne\u011fi\u2019nin 21 Eyl\u00fcl 2023\u2019de tescillendi\u011fi ifade edildi. A\u00e7\u0131klamada, derne\u011fin, 27 Ocak Cumartesi g\u00fcn\u00fc yap\u0131lan Genel Kurul toplant\u0131s\u0131nda yeni y\u00f6netim ile faaliyet hayat\u0131na ba\u015flad\u0131\u011f\u0131 kaydedildi. Y\u00f6netimde yer alan isimler \u015f\u00f6yle: \u201c-Y\u00f6netim Kurulu Ba\u015fkan: G\u00fcnhan \u00d6zak\u0131nc\u0131 Genel\" \/>\n<meta property=\"og:url\" content=\"https:\/\/kibrisdakik.com\/?p=28336\" \/>\n<meta property=\"article:published_time\" content=\"2024-01-30T17:51:57+00:00\" \/>\n<meta property=\"og:image\" content=\"https:\/\/kibrisdakik.com\/wp-content\/uploads\/2024\/01\/kibris-turk-havacilik-bilgi-yonetimi-dernegi-genel-kurul-toplantisi-yapildi-1706599226.webp.webp\" \/>\n\t<meta property=\"og:image:width\" content=\"710\" \/>\n\t<meta property=\"og:image:height\" content=\"370\" \/>\n\t<meta property=\"og:image:type\" content=\"image\/webp\" \/>\n<meta name=\"author\" content=\"admin\" \/>\n<meta name=\"twitter:card\" content=\"summary_large_image\" \/>\n<meta name=\"twitter:label1\" content=\"Yazan:\" \/>\n\t<meta name=\"twitter:data1\" content=\"admin\" \/>\n\t<meta name=\"twitter:label2\" content=\"Tahmini okuma s\u00fcresi\" \/>\n\t<meta name=\"twitter:data2\" content=\"1 dakika\" \/>\n<script type=\"application\/ld+json\" class=\"yoast-schema-graph\">{\"@context\":\"https:\\\/\\\/schema.org\",\"@graph\":[{\"@type\":\"Article\",\"@id\":\"https:\\\/\\\/kibrisdakik.com\\\/?p=28336#article\",\"isPartOf\":{\"@id\":\"https:\\\/\\\/kibrisdakik.com\\\/?p=28336\"},\"author\":{\"name\":\"admin\",\"@id\":\"https:\\\/\\\/kibrisdakik.com\\\/#\\\/schema\\\/person\\\/9cd9d437bbb44f72b73ba127e06d8e79\"},\"headline\":\"K\u0131br\u0131s T\u00fcrk Havac\u0131l\u0131k Bilgi Y\u00f6netimi Derne\u011fi Genel Kurul toplant\u0131s\u0131 yap\u0131ld\u0131\u2026\",\"datePublished\":\"2024-01-30T17:51:57+00:00\",\"mainEntityOfPage\":{\"@id\":\"https:\\\/\\\/kibrisdakik.com\\\/?p=28336\"},\"wordCount\":170,\"commentCount\":0,\"image\":{\"@id\":\"https:\\\/\\\/kibrisdakik.com\\\/?p=28336#primaryimage\"},\"thumbnailUrl\":\"https:\\\/\\\/kibrisdakik.com\\\/wp-content\\\/uploads\\\/2024\\\/01\\\/kibris-turk-havacilik-bilgi-yonetimi-dernegi-genel-kurul-toplantisi-yapildi-1706599226.webp.webp\",\"articleSection\":[\"G\u00fcndem\"],\"inLanguage\":\"tr\",\"potentialAction\":[{\"@type\":\"CommentAction\",\"name\":\"Comment\",\"target\":[\"https:\\\/\\\/kibrisdakik.com\\\/?p=28336#respond\"]}]},{\"@type\":\"WebPage\",\"@id\":\"https:\\\/\\\/kibrisdakik.com\\\/?p=28336\",\"url\":\"https:\\\/\\\/kibrisdakik.com\\\/?p=28336\",\"name\":\"K\u0131br\u0131s T\u00fcrk Havac\u0131l\u0131k Bilgi Y\u00f6netimi Derne\u011fi Genel Kurul toplant\u0131s\u0131 yap\u0131ld\u0131\u2026 -\",\"isPartOf\":{\"@id\":\"https:\\\/\\\/kibrisdakik.com\\\/#website\"},\"primaryImageOfPage\":{\"@id\":\"https:\\\/\\\/kibrisdakik.com\\\/?p=28336#primaryimage\"},\"image\":{\"@id\":\"https:\\\/\\\/kibrisdakik.com\\\/?p=28336#primaryimage\"},\"thumbnailUrl\":\"https:\\\/\\\/kibrisdakik.com\\\/wp-content\\\/uploads\\\/2024\\\/01\\\/kibris-turk-havacilik-bilgi-yonetimi-dernegi-genel-kurul-toplantisi-yapildi-1706599226.webp.webp\",\"datePublished\":\"2024-01-30T17:51:57+00:00\",\"author\":{\"@id\":\"https:\\\/\\\/kibrisdakik.com\\\/#\\\/schema\\\/person\\\/9cd9d437bbb44f72b73ba127e06d8e79\"},\"breadcrumb\":{\"@id\":\"https:\\\/\\\/kibrisdakik.com\\\/?p=28336#breadcrumb\"},\"inLanguage\":\"tr\",\"potentialAction\":[{\"@type\":\"ReadAction\",\"target\":[\"https:\\\/\\\/kibrisdakik.com\\\/?p=28336\"]}]},{\"@type\":\"ImageObject\",\"inLanguage\":\"tr\",\"@id\":\"https:\\\/\\\/kibrisdakik.com\\\/?p=28336#primaryimage\",\"url\":\"https:\\\/\\\/kibrisdakik.com\\\/wp-content\\\/uploads\\\/2024\\\/01\\\/kibris-turk-havacilik-bilgi-yonetimi-dernegi-genel-kurul-toplantisi-yapildi-1706599226.webp.webp\",\"contentUrl\":\"https:\\\/\\\/kibrisdakik.com\\\/wp-content\\\/uploads\\\/2024\\\/01\\\/kibris-turk-havacilik-bilgi-yonetimi-dernegi-genel-kurul-toplantisi-yapildi-1706599226.webp.webp\",\"width\":710,\"height\":370},{\"@type\":\"BreadcrumbList\",\"@id\":\"https:\\\/\\\/kibrisdakik.com\\\/?p=28336#breadcrumb\",\"itemListElement\":[{\"@type\":\"ListItem\",\"position\":1,\"name\":\"Home\",\"item\":\"https:\\\/\\\/kibrisdakik.com\\\/\"},{\"@type\":\"ListItem\",\"position\":2,\"name\":\"K\u0131br\u0131s T\u00fcrk Havac\u0131l\u0131k Bilgi Y\u00f6netimi Derne\u011fi Genel Kurul toplant\u0131s\u0131 yap\u0131ld\u0131\u2026\"}]},{\"@type\":\"WebSite\",\"@id\":\"https:\\\/\\\/kibrisdakik.com\\\/#website\",\"url\":\"https:\\\/\\\/kibrisdakik.com\\\/\",\"name\":\"\",\"description\":\"Tam vaktinde haber\",\"potentialAction\":[{\"@type\":\"SearchAction\",\"target\":{\"@type\":\"EntryPoint\",\"urlTemplate\":\"https:\\\/\\\/kibrisdakik.com\\\/?s={search_term_string}\"},\"query-input\":{\"@type\":\"PropertyValueSpecification\",\"valueRequired\":true,\"valueName\":\"search_term_string\"}}],\"inLanguage\":\"tr\"},{\"@type\":\"Person\",\"@id\":\"https:\\\/\\\/kibrisdakik.com\\\/#\\\/schema\\\/person\\\/9cd9d437bbb44f72b73ba127e06d8e79\",\"name\":\"admin\",\"image\":{\"@type\":\"ImageObject\",\"inLanguage\":\"tr\",\"@id\":\"https:\\\/\\\/secure.gravatar.com\\\/avatar\\\/ccc17943b9d660506c869530f897617f7cb1c21a4bf30023f252596d83e1f007?s=96&d=mm&r=g\",\"url\":\"https:\\\/\\\/secure.gravatar.com\\\/avatar\\\/ccc17943b9d660506c869530f897617f7cb1c21a4bf30023f252596d83e1f007?s=96&d=mm&r=g\",\"contentUrl\":\"https:\\\/\\\/secure.gravatar.com\\\/avatar\\\/ccc17943b9d660506c869530f897617f7cb1c21a4bf30023f252596d83e1f007?s=96&d=mm&r=g\",\"caption\":\"admin\"},\"sameAs\":[\"https:\\\/\\\/kibrisdakik.com\"],\"url\":\"https:\\\/\\\/kibrisdakik.com\\\/?author=1\"}]}<\/script>\n<!-- \/ Yoast SEO plugin. -->","yoast_head_json":{"title":"K\u0131br\u0131s T\u00fcrk Havac\u0131l\u0131k Bilgi Y\u00f6netimi Derne\u011fi Genel Kurul toplant\u0131s\u0131 yap\u0131ld\u0131\u2026 -","robots":{"index":"index","follow":"follow","max-snippet":"max-snippet:-1","max-image-preview":"max-image-preview:large","max-video-preview":"max-video-preview:-1"},"canonical":"https:\/\/kibrisdakik.com\/?p=28336","og_locale":"tr_TR","og_type":"article","og_title":"K\u0131br\u0131s T\u00fcrk Havac\u0131l\u0131k Bilgi Y\u00f6netimi Derne\u011fi Genel Kurul toplant\u0131s\u0131 yap\u0131ld\u0131\u2026 -","og_description":"Dernekten yap\u0131lan a\u00e7\u0131klamada, Sivil Havac\u0131l\u0131k Dairesi M\u00fcd\u00fcrl\u00fc\u011f\u00fc, Meydan Haberle\u015fme \u015eubesi personelinin, dernekle\u015fme \u00e7al\u0131\u015fmalar\u0131n\u0131n tamamland\u0131\u011f\u0131 ve K\u0131br\u0131s T\u00fcrk Havac\u0131l\u0131k Bilgi Y\u00f6netimi Derne\u011fi\u2019nin 21 Eyl\u00fcl 2023\u2019de tescillendi\u011fi ifade edildi. A\u00e7\u0131klamada, derne\u011fin, 27 Ocak Cumartesi g\u00fcn\u00fc yap\u0131lan Genel Kurul toplant\u0131s\u0131nda yeni y\u00f6netim ile faaliyet hayat\u0131na ba\u015flad\u0131\u011f\u0131 kaydedildi. Y\u00f6netimde yer alan isimler \u015f\u00f6yle: \u201c-Y\u00f6netim Kurulu Ba\u015fkan: G\u00fcnhan \u00d6zak\u0131nc\u0131 Genel","og_url":"https:\/\/kibrisdakik.com\/?p=28336","article_published_time":"2024-01-30T17:51:57+00:00","og_image":[{"width":710,"height":370,"url":"https:\/\/kibrisdakik.com\/wp-content\/uploads\/2024\/01\/kibris-turk-havacilik-bilgi-yonetimi-dernegi-genel-kurul-toplantisi-yapildi-1706599226.webp.webp","type":"image\/webp"}],"author":"admin","twitter_card":"summary_large_image","twitter_misc":{"Yazan:":"admin","Tahmini okuma s\u00fcresi":"1 dakika"},"schema":{"@context":"https:\/\/schema.org","@graph":[{"@type":"Article","@id":"https:\/\/kibrisdakik.com\/?p=28336#article","isPartOf":{"@id":"https:\/\/kibrisdakik.com\/?p=28336"},"author":{"name":"admin","@id":"https:\/\/kibrisdakik.com\/#\/schema\/person\/9cd9d437bbb44f72b73ba127e06d8e79"},"headline":"K\u0131br\u0131s T\u00fcrk Havac\u0131l\u0131k Bilgi Y\u00f6netimi Derne\u011fi Genel Kurul toplant\u0131s\u0131 yap\u0131ld\u0131\u2026","datePublished":"2024-01-30T17:51:57+00:00","mainEntityOfPage":{"@id":"https:\/\/kibrisdakik.com\/?p=28336"},"wordCount":170,"commentCount":0,"image":{"@id":"https:\/\/kibrisdakik.com\/?p=28336#primaryimage"},"thumbnailUrl":"https:\/\/kibrisdakik.com\/wp-content\/uploads\/2024\/01\/kibris-turk-havacilik-bilgi-yonetimi-dernegi-genel-kurul-toplantisi-yapildi-1706599226.webp.webp","articleSection":["G\u00fcndem"],"inLanguage":"tr","potentialAction":[{"@type":"CommentAction","name":"Comment","target":["https:\/\/kibrisdakik.com\/?p=28336#respond"]}]},{"@type":"WebPage","@id":"https:\/\/kibrisdakik.com\/?p=28336","url":"https:\/\/kibrisdakik.com\/?p=28336","name":"K\u0131br\u0131s T\u00fcrk Havac\u0131l\u0131k Bilgi Y\u00f6netimi Derne\u011fi Genel Kurul toplant\u0131s\u0131 yap\u0131ld\u0131\u2026 -","isPartOf":{"@id":"https:\/\/kibrisdakik.com\/#website"},"primaryImageOfPage":{"@id":"https:\/\/kibrisdakik.com\/?p=28336#primaryimage"},"image":{"@id":"https:\/\/kibrisdakik.com\/?p=28336#primaryimage"},"thumbnailUrl":"https:\/\/kibrisdakik.com\/wp-content\/uploads\/2024\/01\/kibris-turk-havacilik-bilgi-yonetimi-dernegi-genel-kurul-toplantisi-yapildi-1706599226.webp.webp","datePublished":"2024-01-30T17:51:57+00:00","author":{"@id":"https:\/\/kibrisdakik.com\/#\/schema\/person\/9cd9d437bbb44f72b73ba127e06d8e79"},"breadcrumb":{"@id":"https:\/\/kibrisdakik.com\/?p=28336#breadcrumb"},"inLanguage":"tr","potentialAction":[{"@type":"ReadAction","target":["https:\/\/kibrisdakik.com\/?p=28336"]}]},{"@type":"ImageObject","inLanguage":"tr","@id":"https:\/\/kibrisdakik.com\/?p=28336#primaryimage","url":"https:\/\/kibrisdakik.com\/wp-content\/uploads\/2024\/01\/kibris-turk-havacilik-bilgi-yonetimi-dernegi-genel-kurul-toplantisi-yapildi-1706599226.webp.webp","contentUrl":"https:\/\/kibrisdakik.com\/wp-content\/uploads\/2024\/01\/kibris-turk-havacilik-bilgi-yonetimi-dernegi-genel-kurul-toplantisi-yapildi-1706599226.webp.webp","width":710,"height":370},{"@type":"BreadcrumbList","@id":"https:\/\/kibrisdakik.com\/?p=28336#breadcrumb","itemListElement":[{"@type":"ListItem","position":1,"name":"Home","item":"https:\/\/kibrisdakik.com\/"},{"@type":"ListItem","position":2,"name":"K\u0131br\u0131s T\u00fcrk Havac\u0131l\u0131k Bilgi Y\u00f6netimi Derne\u011fi Genel Kurul toplant\u0131s\u0131 yap\u0131ld\u0131\u2026"}]},{"@type":"WebSite","@id":"https:\/\/kibrisdakik.com\/#website","url":"https:\/\/kibrisdakik.com\/","name":"","description":"Tam vaktinde haber","potentialAction":[{"@type":"SearchAction","target":{"@type":"EntryPoint","urlTemplate":"https:\/\/kibrisdakik.com\/?s={search_term_string}"},"query-input":{"@type":"PropertyValueSpecification","valueRequired":true,"valueName":"search_term_string"}}],"inLanguage":"tr"},{"@type":"Person","@id":"https:\/\/kibrisdakik.com\/#\/schema\/person\/9cd9d437bbb44f72b73ba127e06d8e79","name":"admin","image":{"@type":"ImageObject","inLanguage":"tr","@id":"https:\/\/secure.gravatar.com\/avatar\/ccc17943b9d660506c869530f897617f7cb1c21a4bf30023f252596d83e1f007?s=96&d=mm&r=g","url":"https:\/\/secure.gravatar.com\/avatar\/ccc17943b9d660506c869530f897617f7cb1c21a4bf30023f252596d83e1f007?s=96&d=mm&r=g","contentUrl":"https:\/\/secure.gravatar.com\/avatar\/ccc17943b9d660506c869530f897617f7cb1c21a4bf30023f252596d83e1f007?s=96&d=mm&r=g","caption":"admin"},"sameAs":["https:\/\/kibrisdakik.com"],"url":"https:\/\/kibrisdakik.com\/?author=1"}]}},"_links":{"self":[{"href":"https:\/\/kibrisdakik.com\/index.php?rest_route=\/wp\/v2\/posts\/28336","targetHints":{"allow":["GET"]}}],"collection":[{"href":"https:\/\/kibrisdakik.com\/index.php?rest_route=\/wp\/v2\/posts"}],"about":[{"href":"https:\/\/kibrisdakik.com\/index.php?rest_route=\/wp\/v2\/types\/post"}],"author":[{"embeddable":true,"href":"https:\/\/kibrisdakik.com\/index.php?rest_route=\/wp\/v2\/users\/1"}],"replies":[{"embeddable":true,"href":"https:\/\/kibrisdakik.com\/index.php?rest_route=%2Fwp%2Fv2%2Fcomments&post=28336"}],"version-history":[{"count":0,"href":"https:\/\/kibrisdakik.com\/index.php?rest_route=\/wp\/v2\/posts\/28336\/revisions"}],"wp:featuredmedia":[{"embeddable":true,"href":"https:\/\/kibrisdakik.com\/index.php?rest_route=\/wp\/v2\/media\/28337"}],"wp:attachment":[{"href":"https:\/\/kibrisdakik.com\/index.php?rest_route=%2Fwp%2Fv2%2Fmedia&parent=28336"}],"wp:term":[{"taxonomy":"category","embeddable":true,"href":"https:\/\/kibrisdakik.com\/index.php?rest_route=%2Fwp%2Fv2%2Fcategories&post=28336"},{"taxonomy":"post_tag","embeddable":true,"href":"https:\/\/kibrisdakik.com\/index.php?rest_route=%2Fwp%2Fv2%2Ftags&post=28336"}],"curies":[{"name":"wp","href":"https:\/\/api.w.org\/{rel}","templated":true}]}}