{"id":28422,"date":"2024-01-31T11:08:54","date_gmt":"2024-01-31T11:08:54","guid":{"rendered":"https:\/\/kibrisdakik.com\/index.php\/2024\/01\/31\/yarindan-itibaren-kucuk-kaymakli-posta-subesi-5-subatdan-itibaren-de-gonyeli-posta-subesinden-koli-alimlarina-baslanacak\/"},"modified":"2024-01-31T11:08:54","modified_gmt":"2024-01-31T11:08:54","slug":"yarindan-itibaren-kucuk-kaymakli-posta-subesi-5-subatdan-itibaren-de-gonyeli-posta-subesinden-koli-alimlarina-baslanacak","status":"publish","type":"post","link":"https:\/\/kibrisdakik.com\/?p=28422","title":{"rendered":"Yar\u0131ndan itibaren K\u00fc\u00e7\u00fck Kaymakl\u0131 Posta \u015eubesi, 5 \u015eubat&#039;dan itibaren de G\u00f6nyeli Posta \u015eubesi&#039;nden koli al\u0131mlar\u0131na ba\u015flanacak"},"content":{"rendered":"<p><img decoding=\"async\" src=\"https:\/\/www.kibristurk.com\/images\/haberler\/2024\/01\/yarindan-itibaren-kucuk-kaymakli-posta-subesi-5-subatdan-itibaren-de-gonyeli-posta-subesinden-koli-alimlarina-baslanacak-1706698379.webp\" \/><\/p>\n<p style=\"text-align:left\"><span style=\"font-size:16px\"><span style=\"font-family:Merriweather,serif !important\"><span style=\"color:#000000\"><span style=\"background-color:#ffffff\">Posta Dairesi M\u00fcd\u00fcr\u00fc Fatma Baysal yaz\u0131l\u0131 a\u00e7\u0131klamas\u0131nda, Lefko\u015fa Merkez Posta \u015eubesi&#8217;nde otopark sorunu olmas\u0131ndan dolay\u0131 vatanda\u015flara kolayl\u0131k sa\u011flamak amac\u0131yla bu karar\u0131n al\u0131nd\u0131\u011f\u0131n\u0131 kaydetti.<\/span><\/span><\/span><\/span><\/p>\n<p style=\"text-align:left\"><span style=\"font-size:16px\"><span style=\"font-family:Merriweather,serif !important\"><span style=\"color:#000000\"><span style=\"background-color:#ffffff\">Baysal, \u00f6\u011frenci yo\u011funlu\u011fu fazla olan G\u00f6nyeli b\u00f6lgesinde G\u00f6nyeli Posta \u015eubesi\u2019nden yap\u0131lacak koli al\u0131mlar\u0131yla \u00f6\u011frencileri rahatlatmay\u0131 ama\u00e7lad\u0131klar\u0131n\u0131 da ifade etti.<\/span><\/span><\/span><\/span><\/p>\n","protected":false},"excerpt":{"rendered":"<p>Posta Dairesi M\u00fcd\u00fcr\u00fc Fatma Baysal yaz\u0131l\u0131 a\u00e7\u0131klamas\u0131nda, Lefko\u015fa Merkez Posta \u015eubesi&#8217;nde otopark sorunu olmas\u0131ndan dolay\u0131 vatanda\u015flara kolayl\u0131k sa\u011flamak amac\u0131yla bu karar\u0131n al\u0131nd\u0131\u011f\u0131n\u0131 kaydetti. Baysal, \u00f6\u011frenci yo\u011funlu\u011fu fazla olan G\u00f6nyeli b\u00f6lgesinde G\u00f6nyeli Posta \u015eubesi\u2019nden yap\u0131lacak koli al\u0131mlar\u0131yla \u00f6\u011frencileri rahatlatmay\u0131 ama\u00e7lad\u0131klar\u0131n\u0131 da ifade etti.<\/p>\n","protected":false},"author":1,"featured_media":28423,"comment_status":"open","ping_status":"open","sticky":false,"template":"","format":"standard","meta":{"footnotes":""},"categories":[1],"tags":[],"class_list":["post-28422","post","type-post","status-publish","format-standard","has-post-thumbnail","hentry","category-gundem"],"yoast_head":"<!-- This site is optimized with the Yoast SEO plugin v27.4 - https:\/\/yoast.com\/product\/yoast-seo-wordpress\/ -->\n<title>Yar\u0131ndan itibaren K\u00fc\u00e7\u00fck Kaymakl\u0131 Posta \u015eubesi, 5 \u015eubat&#039;dan itibaren de G\u00f6nyeli Posta \u015eubesi&#039;nden koli al\u0131mlar\u0131na ba\u015flanacak -<\/title>\n<meta name=\"robots\" content=\"index, follow, max-snippet:-1, max-image-preview:large, max-video-preview:-1\" \/>\n<link rel=\"canonical\" href=\"https:\/\/kibrisdakik.com\/?p=28422\" \/>\n<meta property=\"og:locale\" content=\"tr_TR\" \/>\n<meta property=\"og:type\" content=\"article\" \/>\n<meta property=\"og:title\" content=\"Yar\u0131ndan itibaren K\u00fc\u00e7\u00fck Kaymakl\u0131 Posta \u015eubesi, 5 \u015eubat&#039;dan itibaren de G\u00f6nyeli Posta \u015eubesi&#039;nden koli al\u0131mlar\u0131na ba\u015flanacak -\" \/>\n<meta property=\"og:description\" content=\"Posta Dairesi M\u00fcd\u00fcr\u00fc Fatma Baysal yaz\u0131l\u0131 a\u00e7\u0131klamas\u0131nda, Lefko\u015fa Merkez Posta \u015eubesi&#8217;nde otopark sorunu olmas\u0131ndan dolay\u0131 vatanda\u015flara kolayl\u0131k sa\u011flamak amac\u0131yla bu karar\u0131n al\u0131nd\u0131\u011f\u0131n\u0131 kaydetti. Baysal, \u00f6\u011frenci yo\u011funlu\u011fu fazla olan G\u00f6nyeli b\u00f6lgesinde G\u00f6nyeli Posta \u015eubesi\u2019nden yap\u0131lacak koli al\u0131mlar\u0131yla \u00f6\u011frencileri rahatlatmay\u0131 ama\u00e7lad\u0131klar\u0131n\u0131 da ifade etti.\" \/>\n<meta property=\"og:url\" content=\"https:\/\/kibrisdakik.com\/?p=28422\" \/>\n<meta property=\"article:published_time\" content=\"2024-01-31T11:08:54+00:00\" \/>\n<meta property=\"og:image\" content=\"https:\/\/kibrisdakik.com\/wp-content\/uploads\/2024\/01\/yarindan-itibaren-kucuk-kaymakli-posta-subesi-5-subatdan-itibaren-de-gonyeli-posta-subesinden-koli-alimlarina-baslanacak-1706698379.webp.webp\" \/>\n\t<meta property=\"og:image:width\" content=\"710\" \/>\n\t<meta property=\"og:image:height\" content=\"370\" \/>\n\t<meta property=\"og:image:type\" content=\"image\/webp\" \/>\n<meta name=\"author\" content=\"admin\" \/>\n<meta name=\"twitter:card\" content=\"summary_large_image\" \/>\n<meta name=\"twitter:label1\" content=\"Yazan:\" \/>\n\t<meta name=\"twitter:data1\" content=\"admin\" \/>\n<script type=\"application\/ld+json\" class=\"yoast-schema-graph\">{\"@context\":\"https:\\\/\\\/schema.org\",\"@graph\":[{\"@type\":\"Article\",\"@id\":\"https:\\\/\\\/kibrisdakik.com\\\/?p=28422#article\",\"isPartOf\":{\"@id\":\"https:\\\/\\\/kibrisdakik.com\\\/?p=28422\"},\"author\":{\"name\":\"admin\",\"@id\":\"https:\\\/\\\/kibrisdakik.com\\\/#\\\/schema\\\/person\\\/9cd9d437bbb44f72b73ba127e06d8e79\"},\"headline\":\"Yar\u0131ndan itibaren K\u00fc\u00e7\u00fck Kaymakl\u0131 Posta \u015eubesi, 5 \u015eubat&#039;dan itibaren de G\u00f6nyeli Posta \u015eubesi&#039;nden koli al\u0131mlar\u0131na ba\u015flanacak\",\"datePublished\":\"2024-01-31T11:08:54+00:00\",\"mainEntityOfPage\":{\"@id\":\"https:\\\/\\\/kibrisdakik.com\\\/?p=28422\"},\"wordCount\":91,\"commentCount\":0,\"image\":{\"@id\":\"https:\\\/\\\/kibrisdakik.com\\\/?p=28422#primaryimage\"},\"thumbnailUrl\":\"https:\\\/\\\/kibrisdakik.com\\\/wp-content\\\/uploads\\\/2024\\\/01\\\/yarindan-itibaren-kucuk-kaymakli-posta-subesi-5-subatdan-itibaren-de-gonyeli-posta-subesinden-koli-alimlarina-baslanacak-1706698379.webp.webp\",\"articleSection\":[\"G\u00fcndem\"],\"inLanguage\":\"tr\",\"potentialAction\":[{\"@type\":\"CommentAction\",\"name\":\"Comment\",\"target\":[\"https:\\\/\\\/kibrisdakik.com\\\/?p=28422#respond\"]}]},{\"@type\":\"WebPage\",\"@id\":\"https:\\\/\\\/kibrisdakik.com\\\/?p=28422\",\"url\":\"https:\\\/\\\/kibrisdakik.com\\\/?p=28422\",\"name\":\"Yar\u0131ndan itibaren K\u00fc\u00e7\u00fck Kaymakl\u0131 Posta \u015eubesi, 5 \u015eubat&#039;dan itibaren de G\u00f6nyeli Posta \u015eubesi&#039;nden koli al\u0131mlar\u0131na ba\u015flanacak -\",\"isPartOf\":{\"@id\":\"https:\\\/\\\/kibrisdakik.com\\\/#website\"},\"primaryImageOfPage\":{\"@id\":\"https:\\\/\\\/kibrisdakik.com\\\/?p=28422#primaryimage\"},\"image\":{\"@id\":\"https:\\\/\\\/kibrisdakik.com\\\/?p=28422#primaryimage\"},\"thumbnailUrl\":\"https:\\\/\\\/kibrisdakik.com\\\/wp-content\\\/uploads\\\/2024\\\/01\\\/yarindan-itibaren-kucuk-kaymakli-posta-subesi-5-subatdan-itibaren-de-gonyeli-posta-subesinden-koli-alimlarina-baslanacak-1706698379.webp.webp\",\"datePublished\":\"2024-01-31T11:08:54+00:00\",\"author\":{\"@id\":\"https:\\\/\\\/kibrisdakik.com\\\/#\\\/schema\\\/person\\\/9cd9d437bbb44f72b73ba127e06d8e79\"},\"breadcrumb\":{\"@id\":\"https:\\\/\\\/kibrisdakik.com\\\/?p=28422#breadcrumb\"},\"inLanguage\":\"tr\",\"potentialAction\":[{\"@type\":\"ReadAction\",\"target\":[\"https:\\\/\\\/kibrisdakik.com\\\/?p=28422\"]}]},{\"@type\":\"ImageObject\",\"inLanguage\":\"tr\",\"@id\":\"https:\\\/\\\/kibrisdakik.com\\\/?p=28422#primaryimage\",\"url\":\"https:\\\/\\\/kibrisdakik.com\\\/wp-content\\\/uploads\\\/2024\\\/01\\\/yarindan-itibaren-kucuk-kaymakli-posta-subesi-5-subatdan-itibaren-de-gonyeli-posta-subesinden-koli-alimlarina-baslanacak-1706698379.webp.webp\",\"contentUrl\":\"https:\\\/\\\/kibrisdakik.com\\\/wp-content\\\/uploads\\\/2024\\\/01\\\/yarindan-itibaren-kucuk-kaymakli-posta-subesi-5-subatdan-itibaren-de-gonyeli-posta-subesinden-koli-alimlarina-baslanacak-1706698379.webp.webp\",\"width\":710,\"height\":370},{\"@type\":\"BreadcrumbList\",\"@id\":\"https:\\\/\\\/kibrisdakik.com\\\/?p=28422#breadcrumb\",\"itemListElement\":[{\"@type\":\"ListItem\",\"position\":1,\"name\":\"Home\",\"item\":\"https:\\\/\\\/kibrisdakik.com\\\/\"},{\"@type\":\"ListItem\",\"position\":2,\"name\":\"Yar\u0131ndan itibaren K\u00fc\u00e7\u00fck Kaymakl\u0131 Posta \u015eubesi, 5 \u015eubat&#039;dan itibaren de G\u00f6nyeli Posta \u015eubesi&#039;nden koli al\u0131mlar\u0131na ba\u015flanacak\"}]},{\"@type\":\"WebSite\",\"@id\":\"https:\\\/\\\/kibrisdakik.com\\\/#website\",\"url\":\"https:\\\/\\\/kibrisdakik.com\\\/\",\"name\":\"\",\"description\":\"Tam vaktinde haber\",\"potentialAction\":[{\"@type\":\"SearchAction\",\"target\":{\"@type\":\"EntryPoint\",\"urlTemplate\":\"https:\\\/\\\/kibrisdakik.com\\\/?s={search_term_string}\"},\"query-input\":{\"@type\":\"PropertyValueSpecification\",\"valueRequired\":true,\"valueName\":\"search_term_string\"}}],\"inLanguage\":\"tr\"},{\"@type\":\"Person\",\"@id\":\"https:\\\/\\\/kibrisdakik.com\\\/#\\\/schema\\\/person\\\/9cd9d437bbb44f72b73ba127e06d8e79\",\"name\":\"admin\",\"image\":{\"@type\":\"ImageObject\",\"inLanguage\":\"tr\",\"@id\":\"https:\\\/\\\/secure.gravatar.com\\\/avatar\\\/ccc17943b9d660506c869530f897617f7cb1c21a4bf30023f252596d83e1f007?s=96&d=mm&r=g\",\"url\":\"https:\\\/\\\/secure.gravatar.com\\\/avatar\\\/ccc17943b9d660506c869530f897617f7cb1c21a4bf30023f252596d83e1f007?s=96&d=mm&r=g\",\"contentUrl\":\"https:\\\/\\\/secure.gravatar.com\\\/avatar\\\/ccc17943b9d660506c869530f897617f7cb1c21a4bf30023f252596d83e1f007?s=96&d=mm&r=g\",\"caption\":\"admin\"},\"sameAs\":[\"https:\\\/\\\/kibrisdakik.com\"],\"url\":\"https:\\\/\\\/kibrisdakik.com\\\/?author=1\"}]}<\/script>\n<!-- \/ Yoast SEO plugin. -->","yoast_head_json":{"title":"Yar\u0131ndan itibaren K\u00fc\u00e7\u00fck Kaymakl\u0131 Posta \u015eubesi, 5 \u015eubat&#039;dan itibaren de G\u00f6nyeli Posta \u015eubesi&#039;nden koli al\u0131mlar\u0131na ba\u015flanacak -","robots":{"index":"index","follow":"follow","max-snippet":"max-snippet:-1","max-image-preview":"max-image-preview:large","max-video-preview":"max-video-preview:-1"},"canonical":"https:\/\/kibrisdakik.com\/?p=28422","og_locale":"tr_TR","og_type":"article","og_title":"Yar\u0131ndan itibaren K\u00fc\u00e7\u00fck Kaymakl\u0131 Posta \u015eubesi, 5 \u015eubat&#039;dan itibaren de G\u00f6nyeli Posta \u015eubesi&#039;nden koli al\u0131mlar\u0131na ba\u015flanacak -","og_description":"Posta Dairesi M\u00fcd\u00fcr\u00fc Fatma Baysal yaz\u0131l\u0131 a\u00e7\u0131klamas\u0131nda, Lefko\u015fa Merkez Posta \u015eubesi&#8217;nde otopark sorunu olmas\u0131ndan dolay\u0131 vatanda\u015flara kolayl\u0131k sa\u011flamak amac\u0131yla bu karar\u0131n al\u0131nd\u0131\u011f\u0131n\u0131 kaydetti. Baysal, \u00f6\u011frenci yo\u011funlu\u011fu fazla olan G\u00f6nyeli b\u00f6lgesinde G\u00f6nyeli Posta \u015eubesi\u2019nden yap\u0131lacak koli al\u0131mlar\u0131yla \u00f6\u011frencileri rahatlatmay\u0131 ama\u00e7lad\u0131klar\u0131n\u0131 da ifade etti.","og_url":"https:\/\/kibrisdakik.com\/?p=28422","article_published_time":"2024-01-31T11:08:54+00:00","og_image":[{"width":710,"height":370,"url":"https:\/\/kibrisdakik.com\/wp-content\/uploads\/2024\/01\/yarindan-itibaren-kucuk-kaymakli-posta-subesi-5-subatdan-itibaren-de-gonyeli-posta-subesinden-koli-alimlarina-baslanacak-1706698379.webp.webp","type":"image\/webp"}],"author":"admin","twitter_card":"summary_large_image","twitter_misc":{"Yazan:":"admin"},"schema":{"@context":"https:\/\/schema.org","@graph":[{"@type":"Article","@id":"https:\/\/kibrisdakik.com\/?p=28422#article","isPartOf":{"@id":"https:\/\/kibrisdakik.com\/?p=28422"},"author":{"name":"admin","@id":"https:\/\/kibrisdakik.com\/#\/schema\/person\/9cd9d437bbb44f72b73ba127e06d8e79"},"headline":"Yar\u0131ndan itibaren K\u00fc\u00e7\u00fck Kaymakl\u0131 Posta \u015eubesi, 5 \u015eubat&#039;dan itibaren de G\u00f6nyeli Posta \u015eubesi&#039;nden koli al\u0131mlar\u0131na ba\u015flanacak","datePublished":"2024-01-31T11:08:54+00:00","mainEntityOfPage":{"@id":"https:\/\/kibrisdakik.com\/?p=28422"},"wordCount":91,"commentCount":0,"image":{"@id":"https:\/\/kibrisdakik.com\/?p=28422#primaryimage"},"thumbnailUrl":"https:\/\/kibrisdakik.com\/wp-content\/uploads\/2024\/01\/yarindan-itibaren-kucuk-kaymakli-posta-subesi-5-subatdan-itibaren-de-gonyeli-posta-subesinden-koli-alimlarina-baslanacak-1706698379.webp.webp","articleSection":["G\u00fcndem"],"inLanguage":"tr","potentialAction":[{"@type":"CommentAction","name":"Comment","target":["https:\/\/kibrisdakik.com\/?p=28422#respond"]}]},{"@type":"WebPage","@id":"https:\/\/kibrisdakik.com\/?p=28422","url":"https:\/\/kibrisdakik.com\/?p=28422","name":"Yar\u0131ndan itibaren K\u00fc\u00e7\u00fck Kaymakl\u0131 Posta \u015eubesi, 5 \u015eubat&#039;dan itibaren de G\u00f6nyeli Posta \u015eubesi&#039;nden koli al\u0131mlar\u0131na ba\u015flanacak -","isPartOf":{"@id":"https:\/\/kibrisdakik.com\/#website"},"primaryImageOfPage":{"@id":"https:\/\/kibrisdakik.com\/?p=28422#primaryimage"},"image":{"@id":"https:\/\/kibrisdakik.com\/?p=28422#primaryimage"},"thumbnailUrl":"https:\/\/kibrisdakik.com\/wp-content\/uploads\/2024\/01\/yarindan-itibaren-kucuk-kaymakli-posta-subesi-5-subatdan-itibaren-de-gonyeli-posta-subesinden-koli-alimlarina-baslanacak-1706698379.webp.webp","datePublished":"2024-01-31T11:08:54+00:00","author":{"@id":"https:\/\/kibrisdakik.com\/#\/schema\/person\/9cd9d437bbb44f72b73ba127e06d8e79"},"breadcrumb":{"@id":"https:\/\/kibrisdakik.com\/?p=28422#breadcrumb"},"inLanguage":"tr","potentialAction":[{"@type":"ReadAction","target":["https:\/\/kibrisdakik.com\/?p=28422"]}]},{"@type":"ImageObject","inLanguage":"tr","@id":"https:\/\/kibrisdakik.com\/?p=28422#primaryimage","url":"https:\/\/kibrisdakik.com\/wp-content\/uploads\/2024\/01\/yarindan-itibaren-kucuk-kaymakli-posta-subesi-5-subatdan-itibaren-de-gonyeli-posta-subesinden-koli-alimlarina-baslanacak-1706698379.webp.webp","contentUrl":"https:\/\/kibrisdakik.com\/wp-content\/uploads\/2024\/01\/yarindan-itibaren-kucuk-kaymakli-posta-subesi-5-subatdan-itibaren-de-gonyeli-posta-subesinden-koli-alimlarina-baslanacak-1706698379.webp.webp","width":710,"height":370},{"@type":"BreadcrumbList","@id":"https:\/\/kibrisdakik.com\/?p=28422#breadcrumb","itemListElement":[{"@type":"ListItem","position":1,"name":"Home","item":"https:\/\/kibrisdakik.com\/"},{"@type":"ListItem","position":2,"name":"Yar\u0131ndan itibaren K\u00fc\u00e7\u00fck Kaymakl\u0131 Posta \u015eubesi, 5 \u015eubat&#039;dan itibaren de G\u00f6nyeli Posta \u015eubesi&#039;nden koli al\u0131mlar\u0131na ba\u015flanacak"}]},{"@type":"WebSite","@id":"https:\/\/kibrisdakik.com\/#website","url":"https:\/\/kibrisdakik.com\/","name":"","description":"Tam vaktinde haber","potentialAction":[{"@type":"SearchAction","target":{"@type":"EntryPoint","urlTemplate":"https:\/\/kibrisdakik.com\/?s={search_term_string}"},"query-input":{"@type":"PropertyValueSpecification","valueRequired":true,"valueName":"search_term_string"}}],"inLanguage":"tr"},{"@type":"Person","@id":"https:\/\/kibrisdakik.com\/#\/schema\/person\/9cd9d437bbb44f72b73ba127e06d8e79","name":"admin","image":{"@type":"ImageObject","inLanguage":"tr","@id":"https:\/\/secure.gravatar.com\/avatar\/ccc17943b9d660506c869530f897617f7cb1c21a4bf30023f252596d83e1f007?s=96&d=mm&r=g","url":"https:\/\/secure.gravatar.com\/avatar\/ccc17943b9d660506c869530f897617f7cb1c21a4bf30023f252596d83e1f007?s=96&d=mm&r=g","contentUrl":"https:\/\/secure.gravatar.com\/avatar\/ccc17943b9d660506c869530f897617f7cb1c21a4bf30023f252596d83e1f007?s=96&d=mm&r=g","caption":"admin"},"sameAs":["https:\/\/kibrisdakik.com"],"url":"https:\/\/kibrisdakik.com\/?author=1"}]}},"_links":{"self":[{"href":"https:\/\/kibrisdakik.com\/index.php?rest_route=\/wp\/v2\/posts\/28422","targetHints":{"allow":["GET"]}}],"collection":[{"href":"https:\/\/kibrisdakik.com\/index.php?rest_route=\/wp\/v2\/posts"}],"about":[{"href":"https:\/\/kibrisdakik.com\/index.php?rest_route=\/wp\/v2\/types\/post"}],"author":[{"embeddable":true,"href":"https:\/\/kibrisdakik.com\/index.php?rest_route=\/wp\/v2\/users\/1"}],"replies":[{"embeddable":true,"href":"https:\/\/kibrisdakik.com\/index.php?rest_route=%2Fwp%2Fv2%2Fcomments&post=28422"}],"version-history":[{"count":0,"href":"https:\/\/kibrisdakik.com\/index.php?rest_route=\/wp\/v2\/posts\/28422\/revisions"}],"wp:featuredmedia":[{"embeddable":true,"href":"https:\/\/kibrisdakik.com\/index.php?rest_route=\/wp\/v2\/media\/28423"}],"wp:attachment":[{"href":"https:\/\/kibrisdakik.com\/index.php?rest_route=%2Fwp%2Fv2%2Fmedia&parent=28422"}],"wp:term":[{"taxonomy":"category","embeddable":true,"href":"https:\/\/kibrisdakik.com\/index.php?rest_route=%2Fwp%2Fv2%2Fcategories&post=28422"},{"taxonomy":"post_tag","embeddable":true,"href":"https:\/\/kibrisdakik.com\/index.php?rest_route=%2Fwp%2Fv2%2Ftags&post=28422"}],"curies":[{"name":"wp","href":"https:\/\/api.w.org\/{rel}","templated":true}]}}