{"id":28426,"date":"2024-01-31T11:52:49","date_gmt":"2024-01-31T11:52:49","guid":{"rendered":"https:\/\/kibrisdakik.com\/index.php\/2024\/01\/31\/cumhurbaskani-ersin-tatar-gecitkale-bolgesine-gelerek-incelemelerde-bulundu\/"},"modified":"2024-01-31T11:52:49","modified_gmt":"2024-01-31T11:52:49","slug":"cumhurbaskani-ersin-tatar-gecitkale-bolgesine-gelerek-incelemelerde-bulundu","status":"publish","type":"post","link":"https:\/\/kibrisdakik.com\/?p=28426","title":{"rendered":"Cumhurba\u015fkan\u0131 Ersin Tatar, Ge\u00e7itkale b\u00f6lgesine gelerek incelemelerde bulundu."},"content":{"rendered":"<p><img decoding=\"async\" src=\"https:\/\/www.kibristurk.com\/images\/haberler\/2024\/01\/cumhurbaskani-ersin-tatar-gecitkale-bolgesine-gelerek-incelemelerde-bulundu-1706700307.webp\" \/><\/p>\n<p>D\u00fcn \u00f6zellikle Ge\u00e7itkale b\u00f6lgesini etkisi alt\u0131na alan ya\u011f\u0131\u015flar dolay\u0131s\u0131yla b\u00f6lgede ya\u015fanan sorunlar\u0131 yerinde incelemek amac\u0131yla Cumhurba\u015fkan\u0131 Ersin Tatar bug\u00fcn b\u00f6lgeye gelerek Ge\u00e7itkale Serdarl\u0131 Belediye Ba\u015fkan\u0131 Halil Kas\u0131m\u2019dan bilgi ald\u0131.<\/p>\n<p>Yo\u011fun ya\u011f\u0131\u015f dolay\u0131s\u0131yla d\u00fcn baz\u0131 yollar kullan\u0131lamad\u0131 ve baz\u0131 evlere de su bask\u0131nlar\u0131 oldu.<\/p>\n<p>Ge\u00e7itkale Serdarl\u0131 Belediyesi&nbsp;t\u00fcm birimlerimizle g\u00f6rev ba\u015f\u0131nda olduk ve b\u00f6lge halk\u0131n\u0131n sa\u011fl\u0131kl\u0131 ve g\u00fcvende olmas\u0131 i\u00e7in de g\u00f6rev ba\u015f\u0131nda olmaya devam edece\u011fiz, dedi.<\/p>\n","protected":false},"excerpt":{"rendered":"<p>D\u00fcn \u00f6zellikle Ge\u00e7itkale b\u00f6lgesini etkisi alt\u0131na alan ya\u011f\u0131\u015flar dolay\u0131s\u0131yla b\u00f6lgede ya\u015fanan sorunlar\u0131 yerinde incelemek amac\u0131yla Cumhurba\u015fkan\u0131 Ersin Tatar bug\u00fcn b\u00f6lgeye gelerek Ge\u00e7itkale Serdarl\u0131 Belediye Ba\u015fkan\u0131 Halil Kas\u0131m\u2019dan bilgi ald\u0131. Yo\u011fun ya\u011f\u0131\u015f dolay\u0131s\u0131yla d\u00fcn baz\u0131 yollar kullan\u0131lamad\u0131 ve baz\u0131 evlere de su bask\u0131nlar\u0131 oldu. Ge\u00e7itkale Serdarl\u0131 Belediyesi&nbsp;t\u00fcm birimlerimizle g\u00f6rev ba\u015f\u0131nda olduk ve b\u00f6lge halk\u0131n\u0131n sa\u011fl\u0131kl\u0131 ve<\/p>\n","protected":false},"author":1,"featured_media":28427,"comment_status":"open","ping_status":"open","sticky":false,"template":"","format":"standard","meta":{"footnotes":""},"categories":[85],"tags":[],"class_list":["post-28426","post","type-post","status-publish","format-standard","has-post-thumbnail","hentry","category-spor"],"yoast_head":"<!-- This site is optimized with the Yoast SEO plugin v27.4 - https:\/\/yoast.com\/product\/yoast-seo-wordpress\/ -->\n<title>Cumhurba\u015fkan\u0131 Ersin Tatar, Ge\u00e7itkale b\u00f6lgesine gelerek incelemelerde bulundu. -<\/title>\n<meta name=\"robots\" content=\"index, follow, max-snippet:-1, max-image-preview:large, max-video-preview:-1\" \/>\n<link rel=\"canonical\" href=\"https:\/\/kibrisdakik.com\/?p=28426\" \/>\n<meta property=\"og:locale\" content=\"tr_TR\" \/>\n<meta property=\"og:type\" content=\"article\" \/>\n<meta property=\"og:title\" content=\"Cumhurba\u015fkan\u0131 Ersin Tatar, Ge\u00e7itkale b\u00f6lgesine gelerek incelemelerde bulundu. -\" \/>\n<meta property=\"og:description\" content=\"D\u00fcn \u00f6zellikle Ge\u00e7itkale b\u00f6lgesini etkisi alt\u0131na alan ya\u011f\u0131\u015flar dolay\u0131s\u0131yla b\u00f6lgede ya\u015fanan sorunlar\u0131 yerinde incelemek amac\u0131yla Cumhurba\u015fkan\u0131 Ersin Tatar bug\u00fcn b\u00f6lgeye gelerek Ge\u00e7itkale Serdarl\u0131 Belediye Ba\u015fkan\u0131 Halil Kas\u0131m\u2019dan bilgi ald\u0131. Yo\u011fun ya\u011f\u0131\u015f dolay\u0131s\u0131yla d\u00fcn baz\u0131 yollar kullan\u0131lamad\u0131 ve baz\u0131 evlere de su bask\u0131nlar\u0131 oldu. Ge\u00e7itkale Serdarl\u0131 Belediyesi&nbsp;t\u00fcm birimlerimizle g\u00f6rev ba\u015f\u0131nda olduk ve b\u00f6lge halk\u0131n\u0131n sa\u011fl\u0131kl\u0131 ve\" \/>\n<meta property=\"og:url\" content=\"https:\/\/kibrisdakik.com\/?p=28426\" \/>\n<meta property=\"article:published_time\" content=\"2024-01-31T11:52:49+00:00\" \/>\n<meta property=\"og:image\" content=\"https:\/\/kibrisdakik.com\/wp-content\/uploads\/2024\/01\/cumhurbaskani-ersin-tatar-gecitkale-bolgesine-gelerek-incelemelerde-bulundu-1706700307.webp.webp\" \/>\n\t<meta property=\"og:image:width\" content=\"710\" \/>\n\t<meta property=\"og:image:height\" content=\"370\" \/>\n\t<meta property=\"og:image:type\" content=\"image\/webp\" \/>\n<meta name=\"author\" content=\"admin\" \/>\n<meta name=\"twitter:card\" content=\"summary_large_image\" \/>\n<meta name=\"twitter:label1\" content=\"Yazan:\" \/>\n\t<meta name=\"twitter:data1\" content=\"admin\" \/>\n\t<meta name=\"twitter:label2\" content=\"Tahmini okuma s\u00fcresi\" \/>\n\t<meta name=\"twitter:data2\" content=\"1 dakika\" \/>\n<script type=\"application\/ld+json\" class=\"yoast-schema-graph\">{\"@context\":\"https:\\\/\\\/schema.org\",\"@graph\":[{\"@type\":\"Article\",\"@id\":\"https:\\\/\\\/kibrisdakik.com\\\/?p=28426#article\",\"isPartOf\":{\"@id\":\"https:\\\/\\\/kibrisdakik.com\\\/?p=28426\"},\"author\":{\"name\":\"admin\",\"@id\":\"https:\\\/\\\/kibrisdakik.com\\\/#\\\/schema\\\/person\\\/9cd9d437bbb44f72b73ba127e06d8e79\"},\"headline\":\"Cumhurba\u015fkan\u0131 Ersin Tatar, Ge\u00e7itkale b\u00f6lgesine gelerek incelemelerde bulundu.\",\"datePublished\":\"2024-01-31T11:52:49+00:00\",\"mainEntityOfPage\":{\"@id\":\"https:\\\/\\\/kibrisdakik.com\\\/?p=28426\"},\"wordCount\":115,\"commentCount\":0,\"image\":{\"@id\":\"https:\\\/\\\/kibrisdakik.com\\\/?p=28426#primaryimage\"},\"thumbnailUrl\":\"https:\\\/\\\/kibrisdakik.com\\\/wp-content\\\/uploads\\\/2024\\\/01\\\/cumhurbaskani-ersin-tatar-gecitkale-bolgesine-gelerek-incelemelerde-bulundu-1706700307.webp.webp\",\"articleSection\":[\"Spor\"],\"inLanguage\":\"tr\",\"potentialAction\":[{\"@type\":\"CommentAction\",\"name\":\"Comment\",\"target\":[\"https:\\\/\\\/kibrisdakik.com\\\/?p=28426#respond\"]}]},{\"@type\":\"WebPage\",\"@id\":\"https:\\\/\\\/kibrisdakik.com\\\/?p=28426\",\"url\":\"https:\\\/\\\/kibrisdakik.com\\\/?p=28426\",\"name\":\"Cumhurba\u015fkan\u0131 Ersin Tatar, Ge\u00e7itkale b\u00f6lgesine gelerek incelemelerde bulundu. -\",\"isPartOf\":{\"@id\":\"https:\\\/\\\/kibrisdakik.com\\\/#website\"},\"primaryImageOfPage\":{\"@id\":\"https:\\\/\\\/kibrisdakik.com\\\/?p=28426#primaryimage\"},\"image\":{\"@id\":\"https:\\\/\\\/kibrisdakik.com\\\/?p=28426#primaryimage\"},\"thumbnailUrl\":\"https:\\\/\\\/kibrisdakik.com\\\/wp-content\\\/uploads\\\/2024\\\/01\\\/cumhurbaskani-ersin-tatar-gecitkale-bolgesine-gelerek-incelemelerde-bulundu-1706700307.webp.webp\",\"datePublished\":\"2024-01-31T11:52:49+00:00\",\"author\":{\"@id\":\"https:\\\/\\\/kibrisdakik.com\\\/#\\\/schema\\\/person\\\/9cd9d437bbb44f72b73ba127e06d8e79\"},\"breadcrumb\":{\"@id\":\"https:\\\/\\\/kibrisdakik.com\\\/?p=28426#breadcrumb\"},\"inLanguage\":\"tr\",\"potentialAction\":[{\"@type\":\"ReadAction\",\"target\":[\"https:\\\/\\\/kibrisdakik.com\\\/?p=28426\"]}]},{\"@type\":\"ImageObject\",\"inLanguage\":\"tr\",\"@id\":\"https:\\\/\\\/kibrisdakik.com\\\/?p=28426#primaryimage\",\"url\":\"https:\\\/\\\/kibrisdakik.com\\\/wp-content\\\/uploads\\\/2024\\\/01\\\/cumhurbaskani-ersin-tatar-gecitkale-bolgesine-gelerek-incelemelerde-bulundu-1706700307.webp.webp\",\"contentUrl\":\"https:\\\/\\\/kibrisdakik.com\\\/wp-content\\\/uploads\\\/2024\\\/01\\\/cumhurbaskani-ersin-tatar-gecitkale-bolgesine-gelerek-incelemelerde-bulundu-1706700307.webp.webp\",\"width\":710,\"height\":370},{\"@type\":\"BreadcrumbList\",\"@id\":\"https:\\\/\\\/kibrisdakik.com\\\/?p=28426#breadcrumb\",\"itemListElement\":[{\"@type\":\"ListItem\",\"position\":1,\"name\":\"Home\",\"item\":\"https:\\\/\\\/kibrisdakik.com\\\/\"},{\"@type\":\"ListItem\",\"position\":2,\"name\":\"Cumhurba\u015fkan\u0131 Ersin Tatar, Ge\u00e7itkale b\u00f6lgesine gelerek incelemelerde bulundu.\"}]},{\"@type\":\"WebSite\",\"@id\":\"https:\\\/\\\/kibrisdakik.com\\\/#website\",\"url\":\"https:\\\/\\\/kibrisdakik.com\\\/\",\"name\":\"\",\"description\":\"Tam vaktinde haber\",\"potentialAction\":[{\"@type\":\"SearchAction\",\"target\":{\"@type\":\"EntryPoint\",\"urlTemplate\":\"https:\\\/\\\/kibrisdakik.com\\\/?s={search_term_string}\"},\"query-input\":{\"@type\":\"PropertyValueSpecification\",\"valueRequired\":true,\"valueName\":\"search_term_string\"}}],\"inLanguage\":\"tr\"},{\"@type\":\"Person\",\"@id\":\"https:\\\/\\\/kibrisdakik.com\\\/#\\\/schema\\\/person\\\/9cd9d437bbb44f72b73ba127e06d8e79\",\"name\":\"admin\",\"image\":{\"@type\":\"ImageObject\",\"inLanguage\":\"tr\",\"@id\":\"https:\\\/\\\/secure.gravatar.com\\\/avatar\\\/ccc17943b9d660506c869530f897617f7cb1c21a4bf30023f252596d83e1f007?s=96&d=mm&r=g\",\"url\":\"https:\\\/\\\/secure.gravatar.com\\\/avatar\\\/ccc17943b9d660506c869530f897617f7cb1c21a4bf30023f252596d83e1f007?s=96&d=mm&r=g\",\"contentUrl\":\"https:\\\/\\\/secure.gravatar.com\\\/avatar\\\/ccc17943b9d660506c869530f897617f7cb1c21a4bf30023f252596d83e1f007?s=96&d=mm&r=g\",\"caption\":\"admin\"},\"sameAs\":[\"https:\\\/\\\/kibrisdakik.com\"],\"url\":\"https:\\\/\\\/kibrisdakik.com\\\/?author=1\"}]}<\/script>\n<!-- \/ Yoast SEO plugin. -->","yoast_head_json":{"title":"Cumhurba\u015fkan\u0131 Ersin Tatar, Ge\u00e7itkale b\u00f6lgesine gelerek incelemelerde bulundu. -","robots":{"index":"index","follow":"follow","max-snippet":"max-snippet:-1","max-image-preview":"max-image-preview:large","max-video-preview":"max-video-preview:-1"},"canonical":"https:\/\/kibrisdakik.com\/?p=28426","og_locale":"tr_TR","og_type":"article","og_title":"Cumhurba\u015fkan\u0131 Ersin Tatar, Ge\u00e7itkale b\u00f6lgesine gelerek incelemelerde bulundu. -","og_description":"D\u00fcn \u00f6zellikle Ge\u00e7itkale b\u00f6lgesini etkisi alt\u0131na alan ya\u011f\u0131\u015flar dolay\u0131s\u0131yla b\u00f6lgede ya\u015fanan sorunlar\u0131 yerinde incelemek amac\u0131yla Cumhurba\u015fkan\u0131 Ersin Tatar bug\u00fcn b\u00f6lgeye gelerek Ge\u00e7itkale Serdarl\u0131 Belediye Ba\u015fkan\u0131 Halil Kas\u0131m\u2019dan bilgi ald\u0131. Yo\u011fun ya\u011f\u0131\u015f dolay\u0131s\u0131yla d\u00fcn baz\u0131 yollar kullan\u0131lamad\u0131 ve baz\u0131 evlere de su bask\u0131nlar\u0131 oldu. Ge\u00e7itkale Serdarl\u0131 Belediyesi&nbsp;t\u00fcm birimlerimizle g\u00f6rev ba\u015f\u0131nda olduk ve b\u00f6lge halk\u0131n\u0131n sa\u011fl\u0131kl\u0131 ve","og_url":"https:\/\/kibrisdakik.com\/?p=28426","article_published_time":"2024-01-31T11:52:49+00:00","og_image":[{"width":710,"height":370,"url":"https:\/\/kibrisdakik.com\/wp-content\/uploads\/2024\/01\/cumhurbaskani-ersin-tatar-gecitkale-bolgesine-gelerek-incelemelerde-bulundu-1706700307.webp.webp","type":"image\/webp"}],"author":"admin","twitter_card":"summary_large_image","twitter_misc":{"Yazan:":"admin","Tahmini okuma s\u00fcresi":"1 dakika"},"schema":{"@context":"https:\/\/schema.org","@graph":[{"@type":"Article","@id":"https:\/\/kibrisdakik.com\/?p=28426#article","isPartOf":{"@id":"https:\/\/kibrisdakik.com\/?p=28426"},"author":{"name":"admin","@id":"https:\/\/kibrisdakik.com\/#\/schema\/person\/9cd9d437bbb44f72b73ba127e06d8e79"},"headline":"Cumhurba\u015fkan\u0131 Ersin Tatar, Ge\u00e7itkale b\u00f6lgesine gelerek incelemelerde bulundu.","datePublished":"2024-01-31T11:52:49+00:00","mainEntityOfPage":{"@id":"https:\/\/kibrisdakik.com\/?p=28426"},"wordCount":115,"commentCount":0,"image":{"@id":"https:\/\/kibrisdakik.com\/?p=28426#primaryimage"},"thumbnailUrl":"https:\/\/kibrisdakik.com\/wp-content\/uploads\/2024\/01\/cumhurbaskani-ersin-tatar-gecitkale-bolgesine-gelerek-incelemelerde-bulundu-1706700307.webp.webp","articleSection":["Spor"],"inLanguage":"tr","potentialAction":[{"@type":"CommentAction","name":"Comment","target":["https:\/\/kibrisdakik.com\/?p=28426#respond"]}]},{"@type":"WebPage","@id":"https:\/\/kibrisdakik.com\/?p=28426","url":"https:\/\/kibrisdakik.com\/?p=28426","name":"Cumhurba\u015fkan\u0131 Ersin Tatar, Ge\u00e7itkale b\u00f6lgesine gelerek incelemelerde bulundu. -","isPartOf":{"@id":"https:\/\/kibrisdakik.com\/#website"},"primaryImageOfPage":{"@id":"https:\/\/kibrisdakik.com\/?p=28426#primaryimage"},"image":{"@id":"https:\/\/kibrisdakik.com\/?p=28426#primaryimage"},"thumbnailUrl":"https:\/\/kibrisdakik.com\/wp-content\/uploads\/2024\/01\/cumhurbaskani-ersin-tatar-gecitkale-bolgesine-gelerek-incelemelerde-bulundu-1706700307.webp.webp","datePublished":"2024-01-31T11:52:49+00:00","author":{"@id":"https:\/\/kibrisdakik.com\/#\/schema\/person\/9cd9d437bbb44f72b73ba127e06d8e79"},"breadcrumb":{"@id":"https:\/\/kibrisdakik.com\/?p=28426#breadcrumb"},"inLanguage":"tr","potentialAction":[{"@type":"ReadAction","target":["https:\/\/kibrisdakik.com\/?p=28426"]}]},{"@type":"ImageObject","inLanguage":"tr","@id":"https:\/\/kibrisdakik.com\/?p=28426#primaryimage","url":"https:\/\/kibrisdakik.com\/wp-content\/uploads\/2024\/01\/cumhurbaskani-ersin-tatar-gecitkale-bolgesine-gelerek-incelemelerde-bulundu-1706700307.webp.webp","contentUrl":"https:\/\/kibrisdakik.com\/wp-content\/uploads\/2024\/01\/cumhurbaskani-ersin-tatar-gecitkale-bolgesine-gelerek-incelemelerde-bulundu-1706700307.webp.webp","width":710,"height":370},{"@type":"BreadcrumbList","@id":"https:\/\/kibrisdakik.com\/?p=28426#breadcrumb","itemListElement":[{"@type":"ListItem","position":1,"name":"Home","item":"https:\/\/kibrisdakik.com\/"},{"@type":"ListItem","position":2,"name":"Cumhurba\u015fkan\u0131 Ersin Tatar, Ge\u00e7itkale b\u00f6lgesine gelerek incelemelerde bulundu."}]},{"@type":"WebSite","@id":"https:\/\/kibrisdakik.com\/#website","url":"https:\/\/kibrisdakik.com\/","name":"","description":"Tam vaktinde haber","potentialAction":[{"@type":"SearchAction","target":{"@type":"EntryPoint","urlTemplate":"https:\/\/kibrisdakik.com\/?s={search_term_string}"},"query-input":{"@type":"PropertyValueSpecification","valueRequired":true,"valueName":"search_term_string"}}],"inLanguage":"tr"},{"@type":"Person","@id":"https:\/\/kibrisdakik.com\/#\/schema\/person\/9cd9d437bbb44f72b73ba127e06d8e79","name":"admin","image":{"@type":"ImageObject","inLanguage":"tr","@id":"https:\/\/secure.gravatar.com\/avatar\/ccc17943b9d660506c869530f897617f7cb1c21a4bf30023f252596d83e1f007?s=96&d=mm&r=g","url":"https:\/\/secure.gravatar.com\/avatar\/ccc17943b9d660506c869530f897617f7cb1c21a4bf30023f252596d83e1f007?s=96&d=mm&r=g","contentUrl":"https:\/\/secure.gravatar.com\/avatar\/ccc17943b9d660506c869530f897617f7cb1c21a4bf30023f252596d83e1f007?s=96&d=mm&r=g","caption":"admin"},"sameAs":["https:\/\/kibrisdakik.com"],"url":"https:\/\/kibrisdakik.com\/?author=1"}]}},"_links":{"self":[{"href":"https:\/\/kibrisdakik.com\/index.php?rest_route=\/wp\/v2\/posts\/28426","targetHints":{"allow":["GET"]}}],"collection":[{"href":"https:\/\/kibrisdakik.com\/index.php?rest_route=\/wp\/v2\/posts"}],"about":[{"href":"https:\/\/kibrisdakik.com\/index.php?rest_route=\/wp\/v2\/types\/post"}],"author":[{"embeddable":true,"href":"https:\/\/kibrisdakik.com\/index.php?rest_route=\/wp\/v2\/users\/1"}],"replies":[{"embeddable":true,"href":"https:\/\/kibrisdakik.com\/index.php?rest_route=%2Fwp%2Fv2%2Fcomments&post=28426"}],"version-history":[{"count":0,"href":"https:\/\/kibrisdakik.com\/index.php?rest_route=\/wp\/v2\/posts\/28426\/revisions"}],"wp:featuredmedia":[{"embeddable":true,"href":"https:\/\/kibrisdakik.com\/index.php?rest_route=\/wp\/v2\/media\/28427"}],"wp:attachment":[{"href":"https:\/\/kibrisdakik.com\/index.php?rest_route=%2Fwp%2Fv2%2Fmedia&parent=28426"}],"wp:term":[{"taxonomy":"category","embeddable":true,"href":"https:\/\/kibrisdakik.com\/index.php?rest_route=%2Fwp%2Fv2%2Fcategories&post=28426"},{"taxonomy":"post_tag","embeddable":true,"href":"https:\/\/kibrisdakik.com\/index.php?rest_route=%2Fwp%2Fv2%2Ftags&post=28426"}],"curies":[{"name":"wp","href":"https:\/\/api.w.org\/{rel}","templated":true}]}}