{"id":28440,"date":"2024-01-31T12:55:20","date_gmt":"2024-01-31T12:55:20","guid":{"rendered":"https:\/\/kibrisdakik.com\/index.php\/2024\/01\/31\/cumhurbaskanligi-bm-guvenlik-konseyinin-kararini-yanli-ve-tutarsiz-olarak-degerlendirdi\/"},"modified":"2024-01-31T12:55:20","modified_gmt":"2024-01-31T12:55:20","slug":"cumhurbaskanligi-bm-guvenlik-konseyinin-kararini-yanli-ve-tutarsiz-olarak-degerlendirdi","status":"publish","type":"post","link":"https:\/\/kibrisdakik.com\/?p=28440","title":{"rendered":"Cumhurba\u015fkanl\u0131\u011f\u0131, BM G\u00fcvenlik Konseyi\u2019nin karar\u0131n\u0131 \u201cyanl\u0131 ve tutars\u0131z\u201d olarak de\u011ferlendirdi"},"content":{"rendered":"<p><img decoding=\"async\" src=\"https:\/\/www.kibristurk.com\/images\/haberler\/2024\/01\/cumhurbaskanligi-bm-guvenlik-konseyinin-kararini-yanli-ve-tutarsiz-olarak-degerlendirdi-1706705297.webp\" \/><\/p>\n<p style=\"text-align:left\"><span style=\"font-size:16px\"><span style=\"font-family:Merriweather,serif !important\"><span style=\"color:#000000\"><span style=\"background-color:#ffffff\">Cumhurba\u015fkanl\u0131\u011f\u0131, BM G\u00fcvenlik Konseyi\u2019nin karar\u0131na ili\u015fkin yaz\u0131l\u0131 a\u00e7\u0131klama yapt\u0131.<\/span><\/span><\/span><\/span><\/p>\n<p style=\"text-align:left\"><span style=\"font-size:16px\"><span style=\"font-family:Merriweather,serif !important\"><span style=\"color:#000000\"><span style=\"background-color:#ffffff\">A\u00e7\u0131klamada, kararda, federasyon zeminine at\u0131f yap\u0131lmas\u0131 G\u00fcvenlik Konseyi\u2019nin yanl\u0131 tutumunun g\u00f6stergesi olarak de\u011ferlendirilirken, BM Bar\u0131\u015f G\u00fcc\u00fc\u2019n\u00fcn \u00fclkede ve ara b\u00f6lgede y\u00fcr\u00fctmekte oldu\u011fu faaliyetlerini yasal bir zemine oturtacak, kar\u015f\u0131l\u0131kl\u0131 kabul edilebilir bir y\u00f6ntemin bulunmas\u0131n\u0131n elzem oldu\u011fu vurguland\u0131.<\/span><\/span><\/span><\/span><\/p>\n<p style=\"text-align:left\"><span style=\"font-size:16px\"><span style=\"font-family:Merriweather,serif !important\"><span style=\"color:#000000\"><span style=\"background-color:#ffffff\">A\u00e7\u0131klama \u015f\u00f6yle:<\/span><\/span><\/span><\/span><\/p>\n<p style=\"text-align:left\"><span style=\"font-size:16px\"><span style=\"font-family:Merriweather,serif !important\"><span style=\"color:#000000\"><span style=\"background-color:#ffffff\">\u201cBirle\u015fmi\u015f Milletler G\u00fcvenlik Konseyi, Birle\u015fmi\u015f Milletler Genel Sekreteri Say\u0131n Antonio Guterres\u2019in 12 Haziran-12 Aral\u0131k 2023 d\u00f6nemini kapsayan \u0130yi Niyet Misyonu ve Birle\u015fmi\u015f Milletler Bar\u0131\u015f G\u00fcc\u00fc raporlar\u0131na ili\u015fkin alm\u0131\u015f oldu\u011fu kararla yanl\u0131 tutumunu bir kez daha devam ettirmeyi tercih etmi\u015ftir.<\/span><\/span><\/span><\/span><\/p>\n<p style=\"text-align:left\"><span style=\"font-size:16px\"><span style=\"font-family:Merriweather,serif !important\"><span style=\"color:#000000\"><span style=\"background-color:#ffffff\">Kararda, gasp ettikleri stat\u00fcn\u00fcn devam etmesini sa\u011flad\u0131\u011f\u0131ndan dolay\u0131 Rum taraf\u0131nca desteklenen ve ba\u015far\u0131s\u0131zl\u0131\u011f\u0131 defaten ispatlan\u0131p t\u00fcketilen federasyon zeminine at\u0131f yap\u0131lmas\u0131 G\u00fcvenlik Konseyi\u2019nin yanl\u0131 tutumunun en sarih g\u00f6stergesidir.&nbsp;<\/span><\/span><\/span><\/span><\/p>\n<p style=\"text-align:left\"><span style=\"font-size:16px\"><span style=\"font-family:Merriweather,serif !important\"><span style=\"color:#000000\"><span style=\"background-color:#ffffff\">K\u0131br\u0131s T\u00fcrk taraf\u0131 federasyon zemininde bir \u00e7\u00f6z\u00fcm modelinden r\u0131zas\u0131n\u0131 \u00e7ekmi\u015ftir ve t\u00fcketilmi\u015f bu zeminde herhangi bir s\u00fcrece onay vermeyecektir.&nbsp;<\/span><\/span><\/span><\/span><\/p>\n<p style=\"text-align:left\"><span style=\"font-size:16px\"><span style=\"font-family:Merriweather,serif !important\"><span style=\"color:#000000\"><span style=\"background-color:#ffffff\">Yeni ve resmi bir m\u00fczakere s\u00fcreci ancak egemen e\u015fitli\u011fimiz ve e\u015fit uluslararas\u0131 stat\u00fcm\u00fcz\u00fcn teyit edilmesiyle m\u00fcmk\u00fcn olabilecektir.<\/span><\/span><\/span><\/span><\/p>\n<p style=\"text-align:left\"><span style=\"font-size:16px\"><span style=\"font-family:Merriweather,serif !important\"><span style=\"color:#000000\"><span style=\"background-color:#ffffff\">BM G\u00fcvenlik Konseyi karar\u0131nda, iki taraf aras\u0131nda yeni ve resmi bir m\u00fczakere s\u00fcrecine ge\u00e7ilebilmesi i\u00e7in ortak zemin olup olmad\u0131\u011f\u0131 misyonunu y\u00fcr\u00fctmek \u00fczere BM Genel Sekreteri\u2019nin Ki\u015fisel Temsilci atamas\u0131n\u0131 selamlam\u0131\u015ft\u0131r.<\/span><\/span><\/span><\/span><\/p>\n<p style=\"text-align:left\"><span style=\"font-size:16px\"><span style=\"font-family:Merriweather,serif !important\"><span style=\"color:#000000\"><span style=\"background-color:#ffffff\">Cumhurba\u015fkan\u0131 Tatar, Ki\u015fisel Temsilci Holguin\u2019i d\u00fcn kabul ederek, ilk g\u00f6r\u00fc\u015fmesini ger\u00e7ekle\u015ftirmi\u015f ve 61 y\u0131l \u00f6nce ba\u015flay\u0131p, bug\u00fcn hala devam eden K\u0131br\u0131s konusunun bir uzla\u015f\u0131yla sonu\u00e7land\u0131r\u0131lmas\u0131na ili\u015fkin vizyonunu payla\u015fm\u0131\u015ft\u0131r.\u201d<\/span><\/span><\/span><\/span><\/p>\n<p style=\"text-align:left\"><span style=\"font-size:16px\"><span style=\"font-family:Merriweather,serif !important\"><span style=\"color:#000000\"><span style=\"background-color:#ffffff\">-\u201c BM Bar\u0131\u015f G\u00fcc\u00fc\u2019n\u00fcn, Kuzey K\u0131br\u0131s T\u00fcrk Cumhuriyeti\u2019nde iyi niyetimiz \u00e7er\u00e7evesinde faaliyet g\u00f6sterebildi\u011fini hat\u0131rlat\u0131r\u0131z\u201d<\/span><\/span><\/span><\/span><\/p>\n<p style=\"text-align:left\"><span style=\"font-size:16px\"><span style=\"font-family:Merriweather,serif !important\"><span style=\"color:#000000\"><span style=\"background-color:#ffffff\">\u201cKararda kullan\u0131lan ve y\u0131llard\u0131r s\u00fcregelen Rum ihlallerini adeta te\u015fvik eden yaz\u0131, adada istikrar\u0131n sa\u011flanmas\u0131na y\u00f6nelik att\u0131\u011f\u0131m\u0131z ad\u0131mlar\u0131 tehdit eder niteliktedir.&nbsp;<\/span><\/span><\/span><\/span><\/p>\n<p style=\"text-align:left\"><span style=\"font-size:16px\"><span style=\"font-family:Merriweather,serif !important\"><span style=\"color:#000000\"><span style=\"background-color:#ffffff\">\u00d6zel stat\u00fcye sahip bir k\u00f6y olan Pile\u2019de ya\u015fayan vatanda\u015flar\u0131m\u0131z\u0131n insani ve hakl\u0131 taleplerinin bir kar\u015f\u0131l\u0131\u011f\u0131 olarak ba\u015flatm\u0131\u015f oldu\u011fumuz Yi\u011fitler-Pile yolu da bu anlay\u0131\u015f\u0131n kurban\u0131 edilmeye \u00e7al\u0131\u015f\u0131lmaktad\u0131r.<\/span><\/span><\/span><\/span><\/p>\n<p style=\"text-align:left\"><span style=\"font-size:16px\"><span style=\"font-family:Merriweather,serif !important\"><span style=\"color:#000000\"><span style=\"background-color:#ffffff\">Rum liderli\u011fi, BM Bar\u0131\u015f G\u00fcc\u00fc\u2019n\u00fcn de yard\u0131m\u0131yla bu insani projeyi dahi ara b\u00f6lgeye penetre arac\u0131 olarak g\u00f6rm\u00fc\u015f ve bu y\u00f6nde ad\u0131mlar atmaya \u00e7al\u0131\u015fm\u0131\u015ft\u0131r. Yap\u0131lmas\u0131 gereken bu yolun bir an \u00f6nce tamamlanmas\u0131 ve ara b\u00f6lgeye ili\u015fkin herhangi bir \u00e7al\u0131\u015fman\u0131n BM ile koordine edilerek iki taraf\u0131n yarar\u0131na olacak \u015fekilde ve yine iki taraf\u0131n r\u0131zas\u0131yla ger\u00e7ekle\u015ftirilmesidir.<\/span><\/span><\/span><\/span><\/p>\n<p style=\"text-align:left\"><span style=\"font-size:16px\"><span style=\"font-family:Merriweather,serif !important\"><span style=\"color:#000000\"><span style=\"background-color:#ffffff\">Bu kararla g\u00f6rev s\u00fcresi bir y\u0131l daha uzat\u0131lan BM Bar\u0131\u015f G\u00fcc\u00fc\u2019n\u00fcn, Kuzey K\u0131br\u0131s T\u00fcrk Cumhuriyeti\u2019nde iyi niyetimiz \u00e7er\u00e7evesinde faaliyet g\u00f6sterebildi\u011fini hat\u0131rlat\u0131r\u0131z.<\/span><\/span><\/span><\/span><\/p>\n<p style=\"text-align:left\"><span style=\"font-size:16px\"><span style=\"font-family:Merriweather,serif !important\"><span style=\"color:#000000\"><span style=\"background-color:#ffffff\">BM Bar\u0131\u015f G\u00fcc\u00fc\u2019n\u00fcn \u00fclkemizde ve ara b\u00f6lgede y\u00fcr\u00fctmekte oldu\u011fu faaliyetlerini yasal bir zemine oturtacak, kar\u015f\u0131l\u0131kl\u0131 kabul edilebilir bir y\u00f6ntemin bulunmas\u0131 elzemdir.<\/span><\/span><\/span><\/span><\/p>\n<p style=\"text-align:left\"><span style=\"font-size:16px\"><span style=\"font-family:Merriweather,serif !important\"><span style=\"color:#000000\"><span style=\"background-color:#ffffff\">BM Bar\u0131\u015f G\u00fcc\u00fc\u2019n\u00fcn g\u00f6rev s\u00fcresinin uzat\u0131lmas\u0131 hususunda sadece GKRY\u2019nin r\u0131zas\u0131n\u0131n aranmas\u0131 prosed\u00fcr\u00fc s\u00fcrd\u00fcr\u00fclebilir de\u011fildir.\u201d<\/span><\/span><\/span><\/span><\/p>\n","protected":false},"excerpt":{"rendered":"<p>Cumhurba\u015fkanl\u0131\u011f\u0131, BM G\u00fcvenlik Konseyi\u2019nin karar\u0131na ili\u015fkin yaz\u0131l\u0131 a\u00e7\u0131klama yapt\u0131. A\u00e7\u0131klamada, kararda, federasyon zeminine at\u0131f yap\u0131lmas\u0131 G\u00fcvenlik Konseyi\u2019nin yanl\u0131 tutumunun g\u00f6stergesi olarak de\u011ferlendirilirken, BM Bar\u0131\u015f G\u00fcc\u00fc\u2019n\u00fcn \u00fclkede ve ara b\u00f6lgede y\u00fcr\u00fctmekte oldu\u011fu faaliyetlerini yasal bir zemine oturtacak, kar\u015f\u0131l\u0131kl\u0131 kabul edilebilir bir y\u00f6ntemin bulunmas\u0131n\u0131n elzem oldu\u011fu vurguland\u0131. A\u00e7\u0131klama \u015f\u00f6yle: \u201cBirle\u015fmi\u015f Milletler G\u00fcvenlik Konseyi, Birle\u015fmi\u015f Milletler Genel Sekreteri<\/p>\n","protected":false},"author":1,"featured_media":28441,"comment_status":"open","ping_status":"open","sticky":false,"template":"","format":"standard","meta":{"footnotes":""},"categories":[79],"tags":[],"class_list":["post-28440","post","type-post","status-publish","format-standard","has-post-thumbnail","hentry","category-ekonomi"],"yoast_head":"<!-- This site is optimized with the Yoast SEO plugin v27.4 - https:\/\/yoast.com\/product\/yoast-seo-wordpress\/ -->\n<title>Cumhurba\u015fkanl\u0131\u011f\u0131, BM G\u00fcvenlik Konseyi\u2019nin karar\u0131n\u0131 \u201cyanl\u0131 ve tutars\u0131z\u201d olarak de\u011ferlendirdi -<\/title>\n<meta name=\"robots\" content=\"index, follow, max-snippet:-1, max-image-preview:large, max-video-preview:-1\" \/>\n<link rel=\"canonical\" href=\"https:\/\/kibrisdakik.com\/?p=28440\" \/>\n<meta property=\"og:locale\" content=\"tr_TR\" \/>\n<meta property=\"og:type\" content=\"article\" \/>\n<meta property=\"og:title\" content=\"Cumhurba\u015fkanl\u0131\u011f\u0131, BM G\u00fcvenlik Konseyi\u2019nin karar\u0131n\u0131 \u201cyanl\u0131 ve tutars\u0131z\u201d olarak de\u011ferlendirdi -\" \/>\n<meta property=\"og:description\" content=\"Cumhurba\u015fkanl\u0131\u011f\u0131, BM G\u00fcvenlik Konseyi\u2019nin karar\u0131na ili\u015fkin yaz\u0131l\u0131 a\u00e7\u0131klama yapt\u0131. A\u00e7\u0131klamada, kararda, federasyon zeminine at\u0131f yap\u0131lmas\u0131 G\u00fcvenlik Konseyi\u2019nin yanl\u0131 tutumunun g\u00f6stergesi olarak de\u011ferlendirilirken, BM Bar\u0131\u015f G\u00fcc\u00fc\u2019n\u00fcn \u00fclkede ve ara b\u00f6lgede y\u00fcr\u00fctmekte oldu\u011fu faaliyetlerini yasal bir zemine oturtacak, kar\u015f\u0131l\u0131kl\u0131 kabul edilebilir bir y\u00f6ntemin bulunmas\u0131n\u0131n elzem oldu\u011fu vurguland\u0131. A\u00e7\u0131klama \u015f\u00f6yle: \u201cBirle\u015fmi\u015f Milletler G\u00fcvenlik Konseyi, Birle\u015fmi\u015f Milletler Genel Sekreteri\" \/>\n<meta property=\"og:url\" content=\"https:\/\/kibrisdakik.com\/?p=28440\" \/>\n<meta property=\"article:published_time\" content=\"2024-01-31T12:55:20+00:00\" \/>\n<meta property=\"og:image\" content=\"https:\/\/kibrisdakik.com\/wp-content\/uploads\/2024\/01\/cumhurbaskanligi-bm-guvenlik-konseyinin-kararini-yanli-ve-tutarsiz-olarak-degerlendirdi-1706705297.webp.webp\" \/>\n\t<meta property=\"og:image:width\" content=\"710\" \/>\n\t<meta property=\"og:image:height\" content=\"370\" \/>\n\t<meta property=\"og:image:type\" content=\"image\/webp\" \/>\n<meta name=\"author\" content=\"admin\" \/>\n<meta name=\"twitter:card\" content=\"summary_large_image\" \/>\n<meta name=\"twitter:label1\" content=\"Yazan:\" \/>\n\t<meta name=\"twitter:data1\" content=\"admin\" \/>\n\t<meta name=\"twitter:label2\" content=\"Tahmini okuma s\u00fcresi\" \/>\n\t<meta name=\"twitter:data2\" content=\"3 dakika\" \/>\n<script type=\"application\/ld+json\" class=\"yoast-schema-graph\">{\"@context\":\"https:\\\/\\\/schema.org\",\"@graph\":[{\"@type\":\"Article\",\"@id\":\"https:\\\/\\\/kibrisdakik.com\\\/?p=28440#article\",\"isPartOf\":{\"@id\":\"https:\\\/\\\/kibrisdakik.com\\\/?p=28440\"},\"author\":{\"name\":\"admin\",\"@id\":\"https:\\\/\\\/kibrisdakik.com\\\/#\\\/schema\\\/person\\\/9cd9d437bbb44f72b73ba127e06d8e79\"},\"headline\":\"Cumhurba\u015fkanl\u0131\u011f\u0131, BM G\u00fcvenlik Konseyi\u2019nin karar\u0131n\u0131 \u201cyanl\u0131 ve tutars\u0131z\u201d olarak de\u011ferlendirdi\",\"datePublished\":\"2024-01-31T12:55:20+00:00\",\"mainEntityOfPage\":{\"@id\":\"https:\\\/\\\/kibrisdakik.com\\\/?p=28440\"},\"wordCount\":610,\"commentCount\":0,\"image\":{\"@id\":\"https:\\\/\\\/kibrisdakik.com\\\/?p=28440#primaryimage\"},\"thumbnailUrl\":\"https:\\\/\\\/kibrisdakik.com\\\/wp-content\\\/uploads\\\/2024\\\/01\\\/cumhurbaskanligi-bm-guvenlik-konseyinin-kararini-yanli-ve-tutarsiz-olarak-degerlendirdi-1706705297.webp.webp\",\"articleSection\":[\"Ekonomi\"],\"inLanguage\":\"tr\",\"potentialAction\":[{\"@type\":\"CommentAction\",\"name\":\"Comment\",\"target\":[\"https:\\\/\\\/kibrisdakik.com\\\/?p=28440#respond\"]}]},{\"@type\":\"WebPage\",\"@id\":\"https:\\\/\\\/kibrisdakik.com\\\/?p=28440\",\"url\":\"https:\\\/\\\/kibrisdakik.com\\\/?p=28440\",\"name\":\"Cumhurba\u015fkanl\u0131\u011f\u0131, BM G\u00fcvenlik Konseyi\u2019nin karar\u0131n\u0131 \u201cyanl\u0131 ve tutars\u0131z\u201d olarak de\u011ferlendirdi -\",\"isPartOf\":{\"@id\":\"https:\\\/\\\/kibrisdakik.com\\\/#website\"},\"primaryImageOfPage\":{\"@id\":\"https:\\\/\\\/kibrisdakik.com\\\/?p=28440#primaryimage\"},\"image\":{\"@id\":\"https:\\\/\\\/kibrisdakik.com\\\/?p=28440#primaryimage\"},\"thumbnailUrl\":\"https:\\\/\\\/kibrisdakik.com\\\/wp-content\\\/uploads\\\/2024\\\/01\\\/cumhurbaskanligi-bm-guvenlik-konseyinin-kararini-yanli-ve-tutarsiz-olarak-degerlendirdi-1706705297.webp.webp\",\"datePublished\":\"2024-01-31T12:55:20+00:00\",\"author\":{\"@id\":\"https:\\\/\\\/kibrisdakik.com\\\/#\\\/schema\\\/person\\\/9cd9d437bbb44f72b73ba127e06d8e79\"},\"breadcrumb\":{\"@id\":\"https:\\\/\\\/kibrisdakik.com\\\/?p=28440#breadcrumb\"},\"inLanguage\":\"tr\",\"potentialAction\":[{\"@type\":\"ReadAction\",\"target\":[\"https:\\\/\\\/kibrisdakik.com\\\/?p=28440\"]}]},{\"@type\":\"ImageObject\",\"inLanguage\":\"tr\",\"@id\":\"https:\\\/\\\/kibrisdakik.com\\\/?p=28440#primaryimage\",\"url\":\"https:\\\/\\\/kibrisdakik.com\\\/wp-content\\\/uploads\\\/2024\\\/01\\\/cumhurbaskanligi-bm-guvenlik-konseyinin-kararini-yanli-ve-tutarsiz-olarak-degerlendirdi-1706705297.webp.webp\",\"contentUrl\":\"https:\\\/\\\/kibrisdakik.com\\\/wp-content\\\/uploads\\\/2024\\\/01\\\/cumhurbaskanligi-bm-guvenlik-konseyinin-kararini-yanli-ve-tutarsiz-olarak-degerlendirdi-1706705297.webp.webp\",\"width\":710,\"height\":370},{\"@type\":\"BreadcrumbList\",\"@id\":\"https:\\\/\\\/kibrisdakik.com\\\/?p=28440#breadcrumb\",\"itemListElement\":[{\"@type\":\"ListItem\",\"position\":1,\"name\":\"Home\",\"item\":\"https:\\\/\\\/kibrisdakik.com\\\/\"},{\"@type\":\"ListItem\",\"position\":2,\"name\":\"Cumhurba\u015fkanl\u0131\u011f\u0131, BM G\u00fcvenlik Konseyi\u2019nin karar\u0131n\u0131 \u201cyanl\u0131 ve tutars\u0131z\u201d olarak de\u011ferlendirdi\"}]},{\"@type\":\"WebSite\",\"@id\":\"https:\\\/\\\/kibrisdakik.com\\\/#website\",\"url\":\"https:\\\/\\\/kibrisdakik.com\\\/\",\"name\":\"\",\"description\":\"Tam vaktinde haber\",\"potentialAction\":[{\"@type\":\"SearchAction\",\"target\":{\"@type\":\"EntryPoint\",\"urlTemplate\":\"https:\\\/\\\/kibrisdakik.com\\\/?s={search_term_string}\"},\"query-input\":{\"@type\":\"PropertyValueSpecification\",\"valueRequired\":true,\"valueName\":\"search_term_string\"}}],\"inLanguage\":\"tr\"},{\"@type\":\"Person\",\"@id\":\"https:\\\/\\\/kibrisdakik.com\\\/#\\\/schema\\\/person\\\/9cd9d437bbb44f72b73ba127e06d8e79\",\"name\":\"admin\",\"image\":{\"@type\":\"ImageObject\",\"inLanguage\":\"tr\",\"@id\":\"https:\\\/\\\/secure.gravatar.com\\\/avatar\\\/ccc17943b9d660506c869530f897617f7cb1c21a4bf30023f252596d83e1f007?s=96&d=mm&r=g\",\"url\":\"https:\\\/\\\/secure.gravatar.com\\\/avatar\\\/ccc17943b9d660506c869530f897617f7cb1c21a4bf30023f252596d83e1f007?s=96&d=mm&r=g\",\"contentUrl\":\"https:\\\/\\\/secure.gravatar.com\\\/avatar\\\/ccc17943b9d660506c869530f897617f7cb1c21a4bf30023f252596d83e1f007?s=96&d=mm&r=g\",\"caption\":\"admin\"},\"sameAs\":[\"https:\\\/\\\/kibrisdakik.com\"],\"url\":\"https:\\\/\\\/kibrisdakik.com\\\/?author=1\"}]}<\/script>\n<!-- \/ Yoast SEO plugin. -->","yoast_head_json":{"title":"Cumhurba\u015fkanl\u0131\u011f\u0131, BM G\u00fcvenlik Konseyi\u2019nin karar\u0131n\u0131 \u201cyanl\u0131 ve tutars\u0131z\u201d olarak de\u011ferlendirdi -","robots":{"index":"index","follow":"follow","max-snippet":"max-snippet:-1","max-image-preview":"max-image-preview:large","max-video-preview":"max-video-preview:-1"},"canonical":"https:\/\/kibrisdakik.com\/?p=28440","og_locale":"tr_TR","og_type":"article","og_title":"Cumhurba\u015fkanl\u0131\u011f\u0131, BM G\u00fcvenlik Konseyi\u2019nin karar\u0131n\u0131 \u201cyanl\u0131 ve tutars\u0131z\u201d olarak de\u011ferlendirdi -","og_description":"Cumhurba\u015fkanl\u0131\u011f\u0131, BM G\u00fcvenlik Konseyi\u2019nin karar\u0131na ili\u015fkin yaz\u0131l\u0131 a\u00e7\u0131klama yapt\u0131. A\u00e7\u0131klamada, kararda, federasyon zeminine at\u0131f yap\u0131lmas\u0131 G\u00fcvenlik Konseyi\u2019nin yanl\u0131 tutumunun g\u00f6stergesi olarak de\u011ferlendirilirken, BM Bar\u0131\u015f G\u00fcc\u00fc\u2019n\u00fcn \u00fclkede ve ara b\u00f6lgede y\u00fcr\u00fctmekte oldu\u011fu faaliyetlerini yasal bir zemine oturtacak, kar\u015f\u0131l\u0131kl\u0131 kabul edilebilir bir y\u00f6ntemin bulunmas\u0131n\u0131n elzem oldu\u011fu vurguland\u0131. A\u00e7\u0131klama \u015f\u00f6yle: \u201cBirle\u015fmi\u015f Milletler G\u00fcvenlik Konseyi, Birle\u015fmi\u015f Milletler Genel Sekreteri","og_url":"https:\/\/kibrisdakik.com\/?p=28440","article_published_time":"2024-01-31T12:55:20+00:00","og_image":[{"width":710,"height":370,"url":"https:\/\/kibrisdakik.com\/wp-content\/uploads\/2024\/01\/cumhurbaskanligi-bm-guvenlik-konseyinin-kararini-yanli-ve-tutarsiz-olarak-degerlendirdi-1706705297.webp.webp","type":"image\/webp"}],"author":"admin","twitter_card":"summary_large_image","twitter_misc":{"Yazan:":"admin","Tahmini okuma s\u00fcresi":"3 dakika"},"schema":{"@context":"https:\/\/schema.org","@graph":[{"@type":"Article","@id":"https:\/\/kibrisdakik.com\/?p=28440#article","isPartOf":{"@id":"https:\/\/kibrisdakik.com\/?p=28440"},"author":{"name":"admin","@id":"https:\/\/kibrisdakik.com\/#\/schema\/person\/9cd9d437bbb44f72b73ba127e06d8e79"},"headline":"Cumhurba\u015fkanl\u0131\u011f\u0131, BM G\u00fcvenlik Konseyi\u2019nin karar\u0131n\u0131 \u201cyanl\u0131 ve tutars\u0131z\u201d olarak de\u011ferlendirdi","datePublished":"2024-01-31T12:55:20+00:00","mainEntityOfPage":{"@id":"https:\/\/kibrisdakik.com\/?p=28440"},"wordCount":610,"commentCount":0,"image":{"@id":"https:\/\/kibrisdakik.com\/?p=28440#primaryimage"},"thumbnailUrl":"https:\/\/kibrisdakik.com\/wp-content\/uploads\/2024\/01\/cumhurbaskanligi-bm-guvenlik-konseyinin-kararini-yanli-ve-tutarsiz-olarak-degerlendirdi-1706705297.webp.webp","articleSection":["Ekonomi"],"inLanguage":"tr","potentialAction":[{"@type":"CommentAction","name":"Comment","target":["https:\/\/kibrisdakik.com\/?p=28440#respond"]}]},{"@type":"WebPage","@id":"https:\/\/kibrisdakik.com\/?p=28440","url":"https:\/\/kibrisdakik.com\/?p=28440","name":"Cumhurba\u015fkanl\u0131\u011f\u0131, BM G\u00fcvenlik Konseyi\u2019nin karar\u0131n\u0131 \u201cyanl\u0131 ve tutars\u0131z\u201d olarak de\u011ferlendirdi -","isPartOf":{"@id":"https:\/\/kibrisdakik.com\/#website"},"primaryImageOfPage":{"@id":"https:\/\/kibrisdakik.com\/?p=28440#primaryimage"},"image":{"@id":"https:\/\/kibrisdakik.com\/?p=28440#primaryimage"},"thumbnailUrl":"https:\/\/kibrisdakik.com\/wp-content\/uploads\/2024\/01\/cumhurbaskanligi-bm-guvenlik-konseyinin-kararini-yanli-ve-tutarsiz-olarak-degerlendirdi-1706705297.webp.webp","datePublished":"2024-01-31T12:55:20+00:00","author":{"@id":"https:\/\/kibrisdakik.com\/#\/schema\/person\/9cd9d437bbb44f72b73ba127e06d8e79"},"breadcrumb":{"@id":"https:\/\/kibrisdakik.com\/?p=28440#breadcrumb"},"inLanguage":"tr","potentialAction":[{"@type":"ReadAction","target":["https:\/\/kibrisdakik.com\/?p=28440"]}]},{"@type":"ImageObject","inLanguage":"tr","@id":"https:\/\/kibrisdakik.com\/?p=28440#primaryimage","url":"https:\/\/kibrisdakik.com\/wp-content\/uploads\/2024\/01\/cumhurbaskanligi-bm-guvenlik-konseyinin-kararini-yanli-ve-tutarsiz-olarak-degerlendirdi-1706705297.webp.webp","contentUrl":"https:\/\/kibrisdakik.com\/wp-content\/uploads\/2024\/01\/cumhurbaskanligi-bm-guvenlik-konseyinin-kararini-yanli-ve-tutarsiz-olarak-degerlendirdi-1706705297.webp.webp","width":710,"height":370},{"@type":"BreadcrumbList","@id":"https:\/\/kibrisdakik.com\/?p=28440#breadcrumb","itemListElement":[{"@type":"ListItem","position":1,"name":"Home","item":"https:\/\/kibrisdakik.com\/"},{"@type":"ListItem","position":2,"name":"Cumhurba\u015fkanl\u0131\u011f\u0131, BM G\u00fcvenlik Konseyi\u2019nin karar\u0131n\u0131 \u201cyanl\u0131 ve tutars\u0131z\u201d olarak de\u011ferlendirdi"}]},{"@type":"WebSite","@id":"https:\/\/kibrisdakik.com\/#website","url":"https:\/\/kibrisdakik.com\/","name":"","description":"Tam vaktinde haber","potentialAction":[{"@type":"SearchAction","target":{"@type":"EntryPoint","urlTemplate":"https:\/\/kibrisdakik.com\/?s={search_term_string}"},"query-input":{"@type":"PropertyValueSpecification","valueRequired":true,"valueName":"search_term_string"}}],"inLanguage":"tr"},{"@type":"Person","@id":"https:\/\/kibrisdakik.com\/#\/schema\/person\/9cd9d437bbb44f72b73ba127e06d8e79","name":"admin","image":{"@type":"ImageObject","inLanguage":"tr","@id":"https:\/\/secure.gravatar.com\/avatar\/ccc17943b9d660506c869530f897617f7cb1c21a4bf30023f252596d83e1f007?s=96&d=mm&r=g","url":"https:\/\/secure.gravatar.com\/avatar\/ccc17943b9d660506c869530f897617f7cb1c21a4bf30023f252596d83e1f007?s=96&d=mm&r=g","contentUrl":"https:\/\/secure.gravatar.com\/avatar\/ccc17943b9d660506c869530f897617f7cb1c21a4bf30023f252596d83e1f007?s=96&d=mm&r=g","caption":"admin"},"sameAs":["https:\/\/kibrisdakik.com"],"url":"https:\/\/kibrisdakik.com\/?author=1"}]}},"_links":{"self":[{"href":"https:\/\/kibrisdakik.com\/index.php?rest_route=\/wp\/v2\/posts\/28440","targetHints":{"allow":["GET"]}}],"collection":[{"href":"https:\/\/kibrisdakik.com\/index.php?rest_route=\/wp\/v2\/posts"}],"about":[{"href":"https:\/\/kibrisdakik.com\/index.php?rest_route=\/wp\/v2\/types\/post"}],"author":[{"embeddable":true,"href":"https:\/\/kibrisdakik.com\/index.php?rest_route=\/wp\/v2\/users\/1"}],"replies":[{"embeddable":true,"href":"https:\/\/kibrisdakik.com\/index.php?rest_route=%2Fwp%2Fv2%2Fcomments&post=28440"}],"version-history":[{"count":0,"href":"https:\/\/kibrisdakik.com\/index.php?rest_route=\/wp\/v2\/posts\/28440\/revisions"}],"wp:featuredmedia":[{"embeddable":true,"href":"https:\/\/kibrisdakik.com\/index.php?rest_route=\/wp\/v2\/media\/28441"}],"wp:attachment":[{"href":"https:\/\/kibrisdakik.com\/index.php?rest_route=%2Fwp%2Fv2%2Fmedia&parent=28440"}],"wp:term":[{"taxonomy":"category","embeddable":true,"href":"https:\/\/kibrisdakik.com\/index.php?rest_route=%2Fwp%2Fv2%2Fcategories&post=28440"},{"taxonomy":"post_tag","embeddable":true,"href":"https:\/\/kibrisdakik.com\/index.php?rest_route=%2Fwp%2Fv2%2Ftags&post=28440"}],"curies":[{"name":"wp","href":"https:\/\/api.w.org\/{rel}","templated":true}]}}