{"id":28601,"date":"2024-02-01T17:26:02","date_gmt":"2024-02-01T17:26:02","guid":{"rendered":"https:\/\/kibrisdakik.com\/index.php\/2024\/02\/01\/kktcnin-ilk-meyve-sebze-kurutma-tesisi-yesilyurtta-acildi\/"},"modified":"2024-02-01T17:26:02","modified_gmt":"2024-02-01T17:26:02","slug":"kktcnin-ilk-meyve-sebze-kurutma-tesisi-yesilyurtta-acildi","status":"publish","type":"post","link":"https:\/\/kibrisdakik.com\/?p=28601","title":{"rendered":"KKTC\u2019nin ilk meyve-sebze kurutma tesisi Ye\u015filyurt\u2019ta a\u00e7\u0131ld\u0131"},"content":{"rendered":"<p><img decoding=\"async\" src=\"https:\/\/www.kibristurk.com\/images\/haberler\/2024\/02\/kktcnin-ilk-meyve-sebze-kurutma-tesisi-yesilyurtta-acildi-1706807350.webp\" \/><\/p>\n<p style=\"text-align:left\"><span style=\"font-size:16px\"><span style=\"font-family:Merriweather,serif !important\"><span style=\"color:#000000\"><span style=\"background-color:#ffffff\">Tesiste ayr\u0131ca tarhana, molehiya, eri\u015fte gibi geleneksel \u00fcr\u00fcnler de kurutulacak. 45 bin Euro\u2019ya mal olan tesis, elektrik enerjisini solar sistemden kar\u015f\u0131layacak.<\/span><\/span><\/span><\/span><\/p>\n<p style=\"text-align:left\"><span style=\"font-size:16px\"><span style=\"font-family:Merriweather,serif !important\"><span style=\"color:#000000\"><span style=\"background-color:#ffffff\">Lefke il\u00e7esine ba\u011fl\u0131 Ye\u015filyurt\u2019ta kurulan Meyve-Sebze Kurutma Tesisi i\u00e7in bug\u00fcn a\u00e7\u0131l\u0131\u015f t\u00f6reni d\u00fczenlendi. T\u00f6rene Cumhurba\u015fkan\u0131 Ersin Tatar\u2019\u0131n e\u015fi Sibel Tatar, T\u00fcrkiye\u2019nin Lefko\u015fa B\u00fcy\u00fckel\u00e7isi Metin Feyzio\u011flu\u2019nun e\u015fi Birg\u00fcl Feyzio\u011flu,&nbsp; Tar\u0131m ve Do\u011fal Kaynaklar Bakan\u0131 H\u00fcseyin \u00c7avu\u015f, Ekonomi ve Enerji Bakan\u0131 Olgun Amcao\u011flu, Lefke Kaymakam\u0131 Sadi&nbsp;G\u00fcne\u015f,&nbsp;&nbsp;Lefke Belediye Ba\u015fkan\u0131 Aziz Kaya, T\u0130KA Ba\u015fkan\u0131 Serkan Kayalar, bakanl\u0131k b\u00fcrokratlar\u0131, \u00fcreticiler ve b\u00f6lge halk\u0131 kat\u0131ld\u0131.&nbsp;&nbsp;<\/span><\/span><\/span><\/span><\/p>\n<p style=\"text-align:left\">&nbsp;<\/p>\n<p style=\"text-align:left\"><span style=\"font-size:16px\"><span style=\"font-family:Merriweather,serif !important\"><span style=\"color:#000000\"><span style=\"background-color:#ffffff\">T\u00f6rende, s\u0131ras\u0131yla 4K KOOP Ba\u015fkan\u0131 Deniz Solyal\u0131, T\u0130KA Ba\u015fkan\u0131 Serkan Kayalar, Lefke Kaymakam\u0131 Aziz Kaya, Ekonomi ve Enerji Bakan\u0131 Olgun Amcao\u011flu, Tar\u0131m ve Do\u011fal Kaynaklar Bakan\u0131 H\u00fcseyin \u00c7avu\u015f ve Cumhurba\u015fkan\u0131 Ersin Tatar\u2019\u0131n e\u015fi Sibel Tatar konu\u015fma yapt\u0131.<\/span><\/span><\/span><\/span><\/p>\n<p style=\"text-align:left\"><span style=\"font-size:16px\"><span style=\"font-family:Merriweather,serif !important\"><span style=\"color:#000000\"><span style=\"background-color:#ffffff\">&#8211; Solyal\u0131: \u201cCesaretle \u00fcretmeye devam ediyoruz\u201d<\/span><\/span><\/span><\/span><\/p>\n<p style=\"text-align:left\"><span style=\"font-size:16px\"><span style=\"font-family:Merriweather,serif !important\"><span style=\"color:#000000\"><span style=\"background-color:#ffffff\">4K KOOP Ba\u015fkan\u0131 Deniz Solyal\u0131, 2021\u2019de 4 ki\u015fiyle \u00fclkenin ilk kad\u0131n kooperatifini kurduklar\u0131n\u0131, bug\u00fcn say\u0131lar\u0131n\u0131n 40\u2019a ula\u015ft\u0131\u011f\u0131n\u0131 kaydederek, 2,5 y\u0131lda bir\u00e7ok projeyi hayata ge\u00e7irdiklerini s\u00f6yledi.<\/span><\/span><\/span><\/span><\/p>\n<p style=\"text-align:left\"><span style=\"font-size:16px\"><span style=\"font-family:Merriweather,serif !important\"><span style=\"color:#000000\"><span style=\"background-color:#ffffff\">Tar\u0131m&nbsp;ve&nbsp;K\u0131rsal Kalk\u0131nma Mali Destek Program\u0131 kapsam\u0131nda ald\u0131klar\u0131 destekle eski bir kooperatif binas\u0131n\u0131 yenilediklerini belirten Solyal\u0131, \u015fimdi de T\u0130KA\u2019n\u0131n deste\u011fiyle \u00fclkenin ilk meyve-sebze kurutma tesisini kurduklar\u0131n\u0131 ifade etti.<\/span><\/span><\/span><\/span><\/p>\n<p style=\"text-align:left\"><span style=\"font-size:16px\"><span style=\"font-family:Merriweather,serif !important\"><span style=\"color:#000000\"><span style=\"background-color:#ffffff\">Kurutulmu\u015f ikame \u00fcr\u00fcnlerin yerine yerli \u00fcr\u00fcnleri koyma, yurt i\u00e7indeki ve yurt d\u0131\u015f\u0131ndaki pazarlara ula\u015fma hedeflerine dikkat \u00e7eken Deniz Solyal\u0131, &nbsp;tesiste mandalina, portakal, \u00e7ilek, muz gibi meyvelerin yan\u0131 s\u0131ra, tarhana gibi geleneksel \u00fcr\u00fcnlerin de \u00fcretilerek kurutulaca\u011f\u0131n\u0131 s\u00f6yledi.<\/span><\/span><\/span><\/span><\/p>\n<p style=\"text-align:left\"><span style=\"font-size:16px\"><span style=\"font-family:Merriweather,serif !important\"><span style=\"color:#000000\"><span style=\"background-color:#ffffff\">Solyal\u0131, \u201cBizleri siz cesaretlendirdiniz, bu cesaretle, \u00fcretmeye ve projeleri hayata ge\u00e7irmeye devam ediyoruz\u201d dedi.<\/span><\/span><\/span><\/span><\/p>\n<p style=\"text-align:left\"><span style=\"font-size:16px\"><span style=\"font-family:Merriweather,serif !important\"><span style=\"color:#000000\"><span style=\"background-color:#ffffff\">-Kayalar: \u201cBu t\u00fcr projeleri art\u0131racak, yayg\u0131nla\u015ft\u0131raca\u011f\u0131z\u201d<\/span><\/span><\/span><\/span><\/p>\n<p style=\"text-align:left\"><span style=\"font-size:16px\"><span style=\"font-family:Merriweather,serif !important\"><span style=\"color:#000000\"><span style=\"background-color:#ffffff\">T\u0130KA Ba\u015fkan\u0131 Serkan Kayalar, 32 y\u0131l\u0131 geride b\u0131rakan T\u0130KA\u2019n\u0131n tecr\u00fcbe ve birikimlerini dost ve karde\u015f \u00fclkelerle payla\u015ft\u0131\u011f\u0131n\u0131 kaydederek, farkl\u0131 sekt\u00f6rlerde 30 binin \u00fczerinde proje tamamlad\u0131klar\u0131n\u0131 ifade etti.<\/span><\/span><\/span><\/span><\/p>\n<p style=\"text-align:left\"><span style=\"font-size:16px\"><span style=\"font-family:Merriweather,serif !important\"><span style=\"color:#000000\"><span style=\"background-color:#ffffff\">T\u0130KA\u2019n\u0131n Lefko\u015fa ofisinin 2019\u2019da a\u00e7\u0131ld\u0131\u011f\u0131n\u0131 da an\u0131msatan Kayalar, KKTC\u2019de 150\u2019nin \u00fczerinde proje hayata ge\u00e7irildi\u011fini s\u00f6yledi.<\/span><\/span><\/span><\/span><\/p>\n<p style=\"text-align:left\"><span style=\"font-size:16px\"><span style=\"font-family:Merriweather,serif !important\"><span style=\"color:#000000\"><span style=\"background-color:#ffffff\">Gelir getirici projeleri \u00f6nemsediklerini vurgulayan Kayalar, yakla\u015f\u0131k 1 y\u0131l \u00f6nce K\u0131rsal Kalk\u0131nma Kad\u0131n Kooperatifi ile i\u015f birli\u011fi ba\u015flatt\u0131klar\u0131n\u0131, meyve ve sebzeleri kurutacak modern end\u00fcstriyel makineler al\u0131nd\u0131\u011f\u0131n\u0131, tesis b\u00fcnyesinde hizmet verecek 7 sat\u0131\u015f b\u00fcfesi ve 1 e\u011fitim odas\u0131 olu\u015fturuldu\u011funu kaydetti.<\/span><\/span><\/span><\/span><\/p>\n<p style=\"text-align:left\"><span style=\"font-size:16px\"><span style=\"font-family:Merriweather,serif !important\"><span style=\"color:#000000\"><span style=\"background-color:#ffffff\">Kayalar, \u201cTesis sadece Lefke b\u00f6lgesinde de\u011fil, Kuzey K\u0131br\u0131s\u2019\u0131n tamam\u0131nda kad\u0131n eme\u011finin hak etti\u011fi de\u011feri g\u00f6rmesi hedefiyle kuruldu. Bu t\u00fcr projeleri art\u0131racak, yayg\u0131nla\u015ft\u0131raca\u011f\u0131z\u2026.\u201d dedi.<\/span><\/span><\/span><\/span><\/p>\n<p style=\"text-align:left\"><span style=\"font-size:16px\"><span style=\"font-family:Merriweather,serif !important\"><span style=\"color:#000000\"><span style=\"background-color:#ffffff\">-Kaya: \u201cBu giri\u015fim \u00f6rnek olmal\u0131\u201d<\/span><\/span><\/span><\/span><\/p>\n<p style=\"text-align:left\"><span style=\"font-size:16px\"><span style=\"font-family:Merriweather,serif !important\"><span style=\"color:#000000\"><span style=\"background-color:#ffffff\">Lefke Kaymakam\u0131 Aziz Kaya, Lefke b\u00f6lgesinin Kuzey K\u0131br\u0131s\u2019\u0131n en \u00f6nemli \u00fcretim b\u00f6lgesi oldu\u011funu, en k\u00f6t\u00fc \u015fartlarda bile \u00fcretmekten vazge\u00e7ilmedi\u011fini s\u00f6yledi.<\/span><\/span><\/span><\/span><\/p>\n<p style=\"text-align:left\"><span style=\"font-size:16px\"><span style=\"font-family:Merriweather,serif !important\"><span style=\"color:#000000\"><span style=\"background-color:#ffffff\">Y\u0131llar i\u00e7inde Lefke\u2019deki \u00fcr\u00fcn \u00e7e\u015fitlili\u011finin artt\u0131\u011f\u0131n\u0131, son d\u00f6nemde b\u00f6lgede tropikal \u00fcr\u00fcn de yeti\u015ftirildi\u011fini ifade eden Kaya, &nbsp;K\u0131rsal Kalk\u0131nma Kad\u0131n Kooperatifi\u2019ne olanaklar\u0131 \u00f6l\u00e7\u00fcs\u00fcnde destek verdiklerini belirterek, \u201cBu \u00f6nemsenecek bu giri\u015fimdi, nitekim ortaya ba\u015far\u0131l\u0131 i\u015fler \u00e7\u0131kt\u0131\u2026\u201d dedi.<\/span><\/span><\/span><\/span><\/p>\n<p style=\"text-align:left\"><span style=\"font-size:16px\"><span style=\"font-family:Merriweather,serif !important\"><span style=\"color:#000000\"><span style=\"background-color:#ffffff\">Kaya, kad\u0131nlar\u0131n \u00fcretimde yer almas\u0131n\u0131n, zengin \u00fcr\u00fcn potansiyelinin katma de\u011fere d\u00f6n\u00fc\u015ft\u00fcr\u00fclmesinin \u00f6rnek olmas\u0131n\u0131 diledi.<\/span><\/span><\/span><\/span><\/p>\n<p style=\"text-align:left\"><span style=\"font-size:16px\"><span style=\"font-family:Merriweather,serif !important\"><span style=\"color:#000000\"><span style=\"background-color:#ffffff\">-Amcao\u011flu: \u201cB\u00f6yle projelerin devam\u0131n\u0131 diliyorum\u201d<\/span><\/span><\/span><\/span><\/p>\n<p style=\"text-align:left\"><span style=\"font-size:16px\"><span style=\"font-family:Merriweather,serif !important\"><span style=\"color:#000000\"><span style=\"background-color:#ffffff\">Ekonomi ve Enerji Bakan\u0131 Olgun Amcao\u011flu, 2021\u2019de K\u0131rsal Kalk\u0131nma Kad\u0131n Kooperatifi\u2019nin a\u00e7\u0131l\u0131\u015f\u0131nda yap\u0131lan konu\u015fmalar\u0131 hat\u0131rlad\u0131\u011f\u0131n\u0131, ak\u0131llarda, \u201cBu zor \u015fartlarda hedefe ula\u015f\u0131labilecek mi?\u201d sorusu oldu\u011funu kaydederek, \u201cCevap kar\u015f\u0131m\u0131zda\u2026\u201d dedi.<\/span><\/span><\/span><\/span><\/p>\n<p style=\"text-align:left\"><span style=\"font-size:16px\"><span style=\"font-family:Merriweather,serif !important\"><span style=\"color:#000000\"><span style=\"background-color:#ffffff\">\u0130htiya\u00e7 duyulan ya\u015f meyve ve sebzenin \u00fclkede yeti\u015ftirilmesinin, bu \u00fcr\u00fcnlerin katma de\u011ferle daha b\u00fcy\u00fck pazarlara ula\u015ft\u0131r\u0131lmas\u0131n\u0131n, kad\u0131nlar\u0131n \u00fcretimde olmas\u0131n\u0131n \u00f6nemli oldu\u011funu vurgulayan Amcao\u011flu, \u201cB\u00f6yle projelerin devam\u0131n\u0131 diliyorum. Devam\u0131 olursa h\u00fck\u00fcmetlerin de T\u00fcrkiye Cumhuriyeti\u2019nin de katk\u0131lar\u0131 devam edecek\u2026.\u201d \u015feklinde konu\u015ftu.<\/span><\/span><\/span><\/span><\/p>\n<p style=\"text-align:left\"><span style=\"font-size:16px\"><span style=\"font-family:Merriweather,serif !important\"><span style=\"color:#000000\"><span style=\"background-color:#ffffff\">-\u00c7avu\u015f: \u201cEn ufak zorluk kar\u015f\u0131s\u0131nda b\u00f6yle serzeni\u015flerde bulunmaktan uzak dural\u0131m\u201d<\/span><\/span><\/span><\/span><\/p>\n<p style=\"text-align:left\"><span style=\"font-size:16px\"><span style=\"font-family:Merriweather,serif !important\"><span style=\"color:#000000\"><span style=\"background-color:#ffffff\">Tar\u0131m ve Do\u011fal Kaynaklar Bakan\u0131 H\u00fcseyin \u00c7avu\u015f, kooperatif\u00e7ilikten gelen biri olarak bu alan\u0131 \u00e7ok \u00f6nemsedi\u011fini kaydederek, kad\u0131n \u00fcreticilere, \u201cSiz y\u00fcr\u00fcyeceksiniz, biz h\u00fck\u00fcmet olarak \u00f6n\u00fcn\u00fcz\u00fc a\u00e7aca\u011f\u0131z\u201d diyerek seslendi.<\/span><\/span><\/span><\/span><\/p>\n<p style=\"text-align:left\"><span style=\"font-size:16px\"><span style=\"font-family:Merriweather,serif !important\"><span style=\"color:#000000\"><span style=\"background-color:#ffffff\">Bu tesiste elde edilecek \u00fcr\u00fcnlerin \u00f6zellikle \u00e7ocuklar\u0131n t\u00fcketti\u011fi k\u00f6t\u00fc at\u0131\u015ft\u0131rmal\u0131klar\u0131n yerine ge\u00e7ebilece\u011fini belirten \u00c7avu\u015f, kurutulmu\u015f meyvelerin k\u0131sa s\u00fcre sonra okul kantinlerinde ve marketlerde yerini alabilmesi hedefine i\u015faret etti.<\/span><\/span><\/span><\/span><\/p>\n<p style=\"text-align:left\"><span style=\"font-size:16px\"><span style=\"font-family:Merriweather,serif !important\"><span style=\"color:#000000\"><span style=\"background-color:#ffffff\">Sabah T\u0130KA yetkileriyle T\u00fcrkmenk\u00f6y\u2019de oldu\u011funu, d\u00f6n\u00fcm ba\u015f\u0131na bin TL destek a\u00e7\u0131klad\u0131klar\u0131n,\u0131 baklagillerin Tar\u0131m Sigortas\u0131 Fonu kapsam\u0131na al\u0131nd\u0131\u011f\u0131n\u0131 an\u0131msatan \u00c7avu\u015f, tropikal meyveler i\u00e7in de d\u00f6n\u00fcm ba\u015f\u0131na 2 bin TL destek verildi\u011fini s\u00f6yledi, \u201c\u00dcr\u00fcn \u00e7e\u015fitlili\u011fiyle ilgili desteklerimiz s\u00fcrecek\u201d dedi.<\/span><\/span><\/span><\/span><\/p>\n<p style=\"text-align:left\"><span style=\"font-size:16px\"><span style=\"font-family:Merriweather,serif !important\"><span style=\"color:#000000\"><span style=\"background-color:#ffffff\">Narenciye ve enginar konusunda da konu\u015fan \u00c7avu\u015f, bu \u00fcr\u00fcnleri etkileyen ye\u015fillenme hastal\u0131\u011f\u0131na neden olan b\u00f6ce\u011fi, nas\u0131l \u00e7o\u011fald\u0131\u011f\u0131n\u0131 bilmediklerini, son 3 haftad\u0131r, TC Cumhurba\u015fkan\u0131 Yard\u0131mc\u0131s\u0131 Cevdet Y\u0131lmaz\u2019\u0131n ve TC Lefko\u015fa B\u00fcy\u00fckel\u00e7isi\u2019nin deste\u011fiyle, TC Tar\u0131m Bakanl\u0131\u011f\u0131 personeliyle bu konuda \u00e7al\u0131\u015fma yapt\u0131klar\u0131n\u0131 ve sonuca vard\u0131klar\u0131n\u0131 s\u00f6yledi.<\/span><\/span><\/span><\/span><\/p>\n<p style=\"text-align:left\"><span style=\"font-size:16px\"><span style=\"font-family:Merriweather,serif !important\"><span style=\"color:#000000\"><span style=\"background-color:#ffffff\">3 milyon dolarl\u0131k ticari hacmi olan enginar\u0131n ihracatta \u00f6n\u00fcn\u00fc a\u00e7t\u0131klar\u0131n\u0131 belirten \u00c7avu\u015f, narenciyedeki ye\u015fillenme hastal\u0131\u011f\u0131 konusunda da s\u0131f\u0131r toleransla \u00e7al\u0131\u015ft\u0131klar\u0131n\u0131, hastal\u0131\u011fa neden olan b\u00f6ce\u011fin yumurtalar\u0131n\u0131n da yok edilmesiyle ilgili m\u00fccadelede sonu\u00e7 ald\u0131klar\u0131n\u0131, d\u00fcn ak\u015fam saat 23.00\u2019te G\u00fczelyurt\u2019a giderek bunu \u00fcreticiye m\u00fcjdeledi\u011fini, sonras\u0131nda da Cypfruvex Ltd\u2019e gitti\u011fini ve fabrikan\u0131n \u00e7al\u0131\u015ft\u0131r\u0131ld\u0131\u011f\u0131n\u0131 kaydetti.<\/span><\/span><\/span><\/span><\/p>\n<p style=\"text-align:left\"><span style=\"font-size:16px\"><span style=\"font-family:Merriweather,serif !important\"><span style=\"color:#000000\"><span style=\"background-color:#ffffff\">Uzun zamandan sonra, T\u00fcrkiye\u2019nin de deste\u011fiyle Azerbaycan\u2019a ve Irak\u2019a narenciye ihracat\u0131n\u0131n ba\u015flad\u0131\u011f\u0131n\u0131 belirten \u00c7avu\u015f, yar\u0131n itibar\u0131yla T\u00fcrkiye\u2019ye ihracat\u0131n devam edece\u011fini s\u00f6yledi.<\/span><\/span><\/span><\/span><\/p>\n<p style=\"text-align:left\"><span style=\"font-size:16px\"><span style=\"font-family:Merriweather,serif !important\"><span style=\"color:#000000\"><span style=\"background-color:#ffffff\">\u00c7avu\u015f, \u201cAmbargo yok, b\u00f6yle bir b\u00f6cek yoktur, b\u00f6ce\u011fin yumurtas\u0131 m\u0131 olur diyenler nerede? T\u00fcrkiye\u2019deki karde\u015flerimizin kalplerini k\u0131rd\u0131lar.&#8221; dedi.<\/span><\/span><\/span><\/span><\/p>\n<p style=\"text-align:left\"><span style=\"font-size:16px\"><span style=\"font-family:Merriweather,serif !important\"><span style=\"color:#000000\"><span style=\"background-color:#ffffff\">T\u0130KA\u2019n\u0131n \u00fcretime, k\u00fc\u00e7\u00fckba\u015fa, bal\u0131k\u00e7\u0131l\u0131\u011fa, k\u00fclt\u00fcre verdi\u011fi deste\u011fe i\u015faret eden \u00c7avu\u015f, \u201cEn ufak zorluk kar\u015f\u0131s\u0131nda b\u00f6yle serzeni\u015flerde bulunmaktan uzak dural\u0131m. Biz Anavatanla daha g\u00fc\u00e7l\u00fcy\u00fcz.\u201d diye konu\u015ftu.<\/span><\/span><\/span><\/span><\/p>\n<p style=\"text-align:left\"><span style=\"font-size:16px\"><span style=\"font-family:Merriweather,serif !important\"><span style=\"color:#000000\"><span style=\"background-color:#ffffff\">-Tatar: \u201c\u00c7al\u0131\u015fan, i\u015f yapan projeleri fark etmek, \u00fcretim noktalar\u0131na destek olmak en \u00f6nemlisi\u201d<\/span><\/span><\/span><\/span><\/p>\n<p style=\"text-align:left\"><span style=\"font-size:16px\"><span style=\"font-family:Merriweather,serif !important\"><span style=\"color:#000000\"><span style=\"background-color:#ffffff\">Cumhurba\u015fkan\u0131 Ersin Tatar\u2019\u0131n e\u015fi Sibel Tatar, her f\u0131rsatta \u00fclkenin kalk\u0131nmas\u0131, daha g\u00fczel g\u00fcnlere ula\u015fmas\u0131 i\u00e7in \u00fcretime katk\u0131n\u0131n \u00f6nemini dile getirdi\u011fini s\u00f6yledi.<\/span><\/span><\/span><\/span><\/p>\n<p style=\"text-align:left\"><span style=\"font-size:16px\"><span style=\"font-family:Merriweather,serif !important\"><span style=\"color:#000000\"><span style=\"background-color:#ffffff\">Tatar, yurt d\u0131\u015f\u0131na seyahatlerinde kurutulmu\u015f meyveleri g\u00f6rd\u00fc\u011f\u00fcn\u00fc, &nbsp;bunun neden \u00fclkede yap\u0131lmad\u0131\u011f\u0131n\u0131 d\u00fc\u015f\u00fcnd\u00fc\u011f\u00fcn\u00fc ve \u00fcz\u00fcld\u00fc\u011f\u00fcn\u00fc s\u00f6yleyerek, T\u0130KA\u2019ya bu konudaki deste\u011fi i\u00e7in te\u015fekk\u00fcr etti.<\/span><\/span><\/span><\/span><\/p>\n<p style=\"text-align:left\"><span style=\"font-size:16px\"><span style=\"font-family:Merriweather,serif !important\"><span style=\"color:#000000\"><span style=\"background-color:#ffffff\">Kad\u0131n \u00fcreticilerin emekleriyle olu\u015fturduklar\u0131&nbsp; tesisin ekonomiye yapaca\u011f\u0131 katk\u0131ya i\u015faret eden Tatar, \u201cBu, geli\u015febilecek bir sekt\u00f6r. \u201d dedi.<\/span><\/span><\/span><\/span><\/p>\n<p style=\"text-align:left\"><span style=\"font-size:16px\"><span style=\"font-family:Merriweather,serif !important\"><span style=\"color:#000000\"><span style=\"background-color:#ffffff\">Kurutulmu\u015f \u00fcr\u00fcnlerin ithalinden ihrac\u0131na ge\u00e7ilece\u011fi konusunda \u015f\u00fcphe duymad\u0131\u011f\u0131n\u0131 Sibel Tatar, kad\u0131n kooperatiflerinin \u00f6nc\u00fcs\u00fc olan 4 K KOOP\u2019un \u00e7abas\u0131n\u0131, \u00fcretime katk\u0131s\u0131n\u0131 fark\u0131nda oldu\u011funu vurgulad\u0131.<\/span><\/span><\/span><\/span><\/p>\n<p style=\"text-align:left\"><span style=\"font-size:16px\"><span style=\"font-family:Merriweather,serif !important\"><span style=\"color:#000000\"><span style=\"background-color:#ffffff\">Sibel Tatar,&nbsp; \u201c\u00c7al\u0131\u015fan, i\u015f yapan projeleri fark etmek, \u00fcretim noktalar\u0131na destek olmak en \u00f6nemlisi.\u201d dedi.<\/span><\/span><\/span><\/span><\/p>\n<p style=\"text-align:left\"><span style=\"font-size:16px\"><span style=\"font-family:Merriweather,serif !important\"><span style=\"color:#000000\"><span style=\"background-color:#ffffff\">Tatar,&nbsp; tesiste solar enerji kullan\u0131lmas\u0131n\u0131n di\u011fer bir takdir konusu oldu\u011funu vurgulayarak, di\u011fer tesislerde de bu yolun a\u00e7\u0131lmas\u0131 temennisinde bulundu.<\/span><\/span><\/span><\/span><\/p>\n","protected":false},"excerpt":{"rendered":"<p>Tesiste ayr\u0131ca tarhana, molehiya, eri\u015fte gibi geleneksel \u00fcr\u00fcnler de kurutulacak. 45 bin Euro\u2019ya mal olan tesis, elektrik enerjisini solar sistemden kar\u015f\u0131layacak. Lefke il\u00e7esine ba\u011fl\u0131 Ye\u015filyurt\u2019ta kurulan Meyve-Sebze Kurutma Tesisi i\u00e7in bug\u00fcn a\u00e7\u0131l\u0131\u015f t\u00f6reni d\u00fczenlendi. T\u00f6rene Cumhurba\u015fkan\u0131 Ersin Tatar\u2019\u0131n e\u015fi Sibel Tatar, T\u00fcrkiye\u2019nin Lefko\u015fa B\u00fcy\u00fckel\u00e7isi Metin Feyzio\u011flu\u2019nun e\u015fi Birg\u00fcl Feyzio\u011flu,&nbsp; Tar\u0131m ve Do\u011fal Kaynaklar Bakan\u0131 H\u00fcseyin<\/p>\n","protected":false},"author":1,"featured_media":28602,"comment_status":"open","ping_status":"open","sticky":false,"template":"","format":"standard","meta":{"footnotes":""},"categories":[85],"tags":[],"class_list":["post-28601","post","type-post","status-publish","format-standard","has-post-thumbnail","hentry","category-spor"],"yoast_head":"<!-- This site is optimized with the Yoast SEO plugin v27.4 - https:\/\/yoast.com\/product\/yoast-seo-wordpress\/ -->\n<title>KKTC\u2019nin ilk meyve-sebze kurutma tesisi Ye\u015filyurt\u2019ta a\u00e7\u0131ld\u0131 -<\/title>\n<meta name=\"robots\" content=\"index, follow, max-snippet:-1, max-image-preview:large, max-video-preview:-1\" \/>\n<link rel=\"canonical\" href=\"https:\/\/kibrisdakik.com\/?p=28601\" \/>\n<meta property=\"og:locale\" content=\"tr_TR\" \/>\n<meta property=\"og:type\" content=\"article\" \/>\n<meta property=\"og:title\" content=\"KKTC\u2019nin ilk meyve-sebze kurutma tesisi Ye\u015filyurt\u2019ta a\u00e7\u0131ld\u0131 -\" \/>\n<meta property=\"og:description\" content=\"Tesiste ayr\u0131ca tarhana, molehiya, eri\u015fte gibi geleneksel \u00fcr\u00fcnler de kurutulacak. 45 bin Euro\u2019ya mal olan tesis, elektrik enerjisini solar sistemden kar\u015f\u0131layacak. Lefke il\u00e7esine ba\u011fl\u0131 Ye\u015filyurt\u2019ta kurulan Meyve-Sebze Kurutma Tesisi i\u00e7in bug\u00fcn a\u00e7\u0131l\u0131\u015f t\u00f6reni d\u00fczenlendi. T\u00f6rene Cumhurba\u015fkan\u0131 Ersin Tatar\u2019\u0131n e\u015fi Sibel Tatar, T\u00fcrkiye\u2019nin Lefko\u015fa B\u00fcy\u00fckel\u00e7isi Metin Feyzio\u011flu\u2019nun e\u015fi Birg\u00fcl Feyzio\u011flu,&nbsp; Tar\u0131m ve Do\u011fal Kaynaklar Bakan\u0131 H\u00fcseyin\" \/>\n<meta property=\"og:url\" content=\"https:\/\/kibrisdakik.com\/?p=28601\" \/>\n<meta property=\"article:published_time\" content=\"2024-02-01T17:26:02+00:00\" \/>\n<meta property=\"og:image\" content=\"https:\/\/kibrisdakik.com\/wp-content\/uploads\/2024\/02\/kktcnin-ilk-meyve-sebze-kurutma-tesisi-yesilyurtta-acildi-1706807350.webp.webp\" \/>\n\t<meta property=\"og:image:width\" content=\"710\" \/>\n\t<meta property=\"og:image:height\" content=\"370\" \/>\n\t<meta property=\"og:image:type\" content=\"image\/webp\" \/>\n<meta name=\"author\" content=\"admin\" \/>\n<meta name=\"twitter:card\" content=\"summary_large_image\" \/>\n<meta name=\"twitter:label1\" content=\"Yazan:\" \/>\n\t<meta name=\"twitter:data1\" content=\"admin\" \/>\n\t<meta name=\"twitter:label2\" content=\"Tahmini okuma s\u00fcresi\" \/>\n\t<meta name=\"twitter:data2\" content=\"7 dakika\" \/>\n<script type=\"application\/ld+json\" class=\"yoast-schema-graph\">{\"@context\":\"https:\\\/\\\/schema.org\",\"@graph\":[{\"@type\":\"Article\",\"@id\":\"https:\\\/\\\/kibrisdakik.com\\\/?p=28601#article\",\"isPartOf\":{\"@id\":\"https:\\\/\\\/kibrisdakik.com\\\/?p=28601\"},\"author\":{\"name\":\"admin\",\"@id\":\"https:\\\/\\\/kibrisdakik.com\\\/#\\\/schema\\\/person\\\/9cd9d437bbb44f72b73ba127e06d8e79\"},\"headline\":\"KKTC\u2019nin ilk meyve-sebze kurutma tesisi Ye\u015filyurt\u2019ta a\u00e7\u0131ld\u0131\",\"datePublished\":\"2024-02-01T17:26:02+00:00\",\"mainEntityOfPage\":{\"@id\":\"https:\\\/\\\/kibrisdakik.com\\\/?p=28601\"},\"wordCount\":1356,\"commentCount\":0,\"image\":{\"@id\":\"https:\\\/\\\/kibrisdakik.com\\\/?p=28601#primaryimage\"},\"thumbnailUrl\":\"https:\\\/\\\/kibrisdakik.com\\\/wp-content\\\/uploads\\\/2024\\\/02\\\/kktcnin-ilk-meyve-sebze-kurutma-tesisi-yesilyurtta-acildi-1706807350.webp.webp\",\"articleSection\":[\"Spor\"],\"inLanguage\":\"tr\",\"potentialAction\":[{\"@type\":\"CommentAction\",\"name\":\"Comment\",\"target\":[\"https:\\\/\\\/kibrisdakik.com\\\/?p=28601#respond\"]}]},{\"@type\":\"WebPage\",\"@id\":\"https:\\\/\\\/kibrisdakik.com\\\/?p=28601\",\"url\":\"https:\\\/\\\/kibrisdakik.com\\\/?p=28601\",\"name\":\"KKTC\u2019nin ilk meyve-sebze kurutma tesisi Ye\u015filyurt\u2019ta a\u00e7\u0131ld\u0131 -\",\"isPartOf\":{\"@id\":\"https:\\\/\\\/kibrisdakik.com\\\/#website\"},\"primaryImageOfPage\":{\"@id\":\"https:\\\/\\\/kibrisdakik.com\\\/?p=28601#primaryimage\"},\"image\":{\"@id\":\"https:\\\/\\\/kibrisdakik.com\\\/?p=28601#primaryimage\"},\"thumbnailUrl\":\"https:\\\/\\\/kibrisdakik.com\\\/wp-content\\\/uploads\\\/2024\\\/02\\\/kktcnin-ilk-meyve-sebze-kurutma-tesisi-yesilyurtta-acildi-1706807350.webp.webp\",\"datePublished\":\"2024-02-01T17:26:02+00:00\",\"author\":{\"@id\":\"https:\\\/\\\/kibrisdakik.com\\\/#\\\/schema\\\/person\\\/9cd9d437bbb44f72b73ba127e06d8e79\"},\"breadcrumb\":{\"@id\":\"https:\\\/\\\/kibrisdakik.com\\\/?p=28601#breadcrumb\"},\"inLanguage\":\"tr\",\"potentialAction\":[{\"@type\":\"ReadAction\",\"target\":[\"https:\\\/\\\/kibrisdakik.com\\\/?p=28601\"]}]},{\"@type\":\"ImageObject\",\"inLanguage\":\"tr\",\"@id\":\"https:\\\/\\\/kibrisdakik.com\\\/?p=28601#primaryimage\",\"url\":\"https:\\\/\\\/kibrisdakik.com\\\/wp-content\\\/uploads\\\/2024\\\/02\\\/kktcnin-ilk-meyve-sebze-kurutma-tesisi-yesilyurtta-acildi-1706807350.webp.webp\",\"contentUrl\":\"https:\\\/\\\/kibrisdakik.com\\\/wp-content\\\/uploads\\\/2024\\\/02\\\/kktcnin-ilk-meyve-sebze-kurutma-tesisi-yesilyurtta-acildi-1706807350.webp.webp\",\"width\":710,\"height\":370},{\"@type\":\"BreadcrumbList\",\"@id\":\"https:\\\/\\\/kibrisdakik.com\\\/?p=28601#breadcrumb\",\"itemListElement\":[{\"@type\":\"ListItem\",\"position\":1,\"name\":\"Home\",\"item\":\"https:\\\/\\\/kibrisdakik.com\\\/\"},{\"@type\":\"ListItem\",\"position\":2,\"name\":\"KKTC\u2019nin ilk meyve-sebze kurutma tesisi Ye\u015filyurt\u2019ta a\u00e7\u0131ld\u0131\"}]},{\"@type\":\"WebSite\",\"@id\":\"https:\\\/\\\/kibrisdakik.com\\\/#website\",\"url\":\"https:\\\/\\\/kibrisdakik.com\\\/\",\"name\":\"\",\"description\":\"Tam vaktinde haber\",\"potentialAction\":[{\"@type\":\"SearchAction\",\"target\":{\"@type\":\"EntryPoint\",\"urlTemplate\":\"https:\\\/\\\/kibrisdakik.com\\\/?s={search_term_string}\"},\"query-input\":{\"@type\":\"PropertyValueSpecification\",\"valueRequired\":true,\"valueName\":\"search_term_string\"}}],\"inLanguage\":\"tr\"},{\"@type\":\"Person\",\"@id\":\"https:\\\/\\\/kibrisdakik.com\\\/#\\\/schema\\\/person\\\/9cd9d437bbb44f72b73ba127e06d8e79\",\"name\":\"admin\",\"image\":{\"@type\":\"ImageObject\",\"inLanguage\":\"tr\",\"@id\":\"https:\\\/\\\/secure.gravatar.com\\\/avatar\\\/ccc17943b9d660506c869530f897617f7cb1c21a4bf30023f252596d83e1f007?s=96&d=mm&r=g\",\"url\":\"https:\\\/\\\/secure.gravatar.com\\\/avatar\\\/ccc17943b9d660506c869530f897617f7cb1c21a4bf30023f252596d83e1f007?s=96&d=mm&r=g\",\"contentUrl\":\"https:\\\/\\\/secure.gravatar.com\\\/avatar\\\/ccc17943b9d660506c869530f897617f7cb1c21a4bf30023f252596d83e1f007?s=96&d=mm&r=g\",\"caption\":\"admin\"},\"sameAs\":[\"https:\\\/\\\/kibrisdakik.com\"],\"url\":\"https:\\\/\\\/kibrisdakik.com\\\/?author=1\"}]}<\/script>\n<!-- \/ Yoast SEO plugin. -->","yoast_head_json":{"title":"KKTC\u2019nin ilk meyve-sebze kurutma tesisi Ye\u015filyurt\u2019ta a\u00e7\u0131ld\u0131 -","robots":{"index":"index","follow":"follow","max-snippet":"max-snippet:-1","max-image-preview":"max-image-preview:large","max-video-preview":"max-video-preview:-1"},"canonical":"https:\/\/kibrisdakik.com\/?p=28601","og_locale":"tr_TR","og_type":"article","og_title":"KKTC\u2019nin ilk meyve-sebze kurutma tesisi Ye\u015filyurt\u2019ta a\u00e7\u0131ld\u0131 -","og_description":"Tesiste ayr\u0131ca tarhana, molehiya, eri\u015fte gibi geleneksel \u00fcr\u00fcnler de kurutulacak. 45 bin Euro\u2019ya mal olan tesis, elektrik enerjisini solar sistemden kar\u015f\u0131layacak. Lefke il\u00e7esine ba\u011fl\u0131 Ye\u015filyurt\u2019ta kurulan Meyve-Sebze Kurutma Tesisi i\u00e7in bug\u00fcn a\u00e7\u0131l\u0131\u015f t\u00f6reni d\u00fczenlendi. T\u00f6rene Cumhurba\u015fkan\u0131 Ersin Tatar\u2019\u0131n e\u015fi Sibel Tatar, T\u00fcrkiye\u2019nin Lefko\u015fa B\u00fcy\u00fckel\u00e7isi Metin Feyzio\u011flu\u2019nun e\u015fi Birg\u00fcl Feyzio\u011flu,&nbsp; Tar\u0131m ve Do\u011fal Kaynaklar Bakan\u0131 H\u00fcseyin","og_url":"https:\/\/kibrisdakik.com\/?p=28601","article_published_time":"2024-02-01T17:26:02+00:00","og_image":[{"width":710,"height":370,"url":"https:\/\/kibrisdakik.com\/wp-content\/uploads\/2024\/02\/kktcnin-ilk-meyve-sebze-kurutma-tesisi-yesilyurtta-acildi-1706807350.webp.webp","type":"image\/webp"}],"author":"admin","twitter_card":"summary_large_image","twitter_misc":{"Yazan:":"admin","Tahmini okuma s\u00fcresi":"7 dakika"},"schema":{"@context":"https:\/\/schema.org","@graph":[{"@type":"Article","@id":"https:\/\/kibrisdakik.com\/?p=28601#article","isPartOf":{"@id":"https:\/\/kibrisdakik.com\/?p=28601"},"author":{"name":"admin","@id":"https:\/\/kibrisdakik.com\/#\/schema\/person\/9cd9d437bbb44f72b73ba127e06d8e79"},"headline":"KKTC\u2019nin ilk meyve-sebze kurutma tesisi Ye\u015filyurt\u2019ta a\u00e7\u0131ld\u0131","datePublished":"2024-02-01T17:26:02+00:00","mainEntityOfPage":{"@id":"https:\/\/kibrisdakik.com\/?p=28601"},"wordCount":1356,"commentCount":0,"image":{"@id":"https:\/\/kibrisdakik.com\/?p=28601#primaryimage"},"thumbnailUrl":"https:\/\/kibrisdakik.com\/wp-content\/uploads\/2024\/02\/kktcnin-ilk-meyve-sebze-kurutma-tesisi-yesilyurtta-acildi-1706807350.webp.webp","articleSection":["Spor"],"inLanguage":"tr","potentialAction":[{"@type":"CommentAction","name":"Comment","target":["https:\/\/kibrisdakik.com\/?p=28601#respond"]}]},{"@type":"WebPage","@id":"https:\/\/kibrisdakik.com\/?p=28601","url":"https:\/\/kibrisdakik.com\/?p=28601","name":"KKTC\u2019nin ilk meyve-sebze kurutma tesisi Ye\u015filyurt\u2019ta a\u00e7\u0131ld\u0131 -","isPartOf":{"@id":"https:\/\/kibrisdakik.com\/#website"},"primaryImageOfPage":{"@id":"https:\/\/kibrisdakik.com\/?p=28601#primaryimage"},"image":{"@id":"https:\/\/kibrisdakik.com\/?p=28601#primaryimage"},"thumbnailUrl":"https:\/\/kibrisdakik.com\/wp-content\/uploads\/2024\/02\/kktcnin-ilk-meyve-sebze-kurutma-tesisi-yesilyurtta-acildi-1706807350.webp.webp","datePublished":"2024-02-01T17:26:02+00:00","author":{"@id":"https:\/\/kibrisdakik.com\/#\/schema\/person\/9cd9d437bbb44f72b73ba127e06d8e79"},"breadcrumb":{"@id":"https:\/\/kibrisdakik.com\/?p=28601#breadcrumb"},"inLanguage":"tr","potentialAction":[{"@type":"ReadAction","target":["https:\/\/kibrisdakik.com\/?p=28601"]}]},{"@type":"ImageObject","inLanguage":"tr","@id":"https:\/\/kibrisdakik.com\/?p=28601#primaryimage","url":"https:\/\/kibrisdakik.com\/wp-content\/uploads\/2024\/02\/kktcnin-ilk-meyve-sebze-kurutma-tesisi-yesilyurtta-acildi-1706807350.webp.webp","contentUrl":"https:\/\/kibrisdakik.com\/wp-content\/uploads\/2024\/02\/kktcnin-ilk-meyve-sebze-kurutma-tesisi-yesilyurtta-acildi-1706807350.webp.webp","width":710,"height":370},{"@type":"BreadcrumbList","@id":"https:\/\/kibrisdakik.com\/?p=28601#breadcrumb","itemListElement":[{"@type":"ListItem","position":1,"name":"Home","item":"https:\/\/kibrisdakik.com\/"},{"@type":"ListItem","position":2,"name":"KKTC\u2019nin ilk meyve-sebze kurutma tesisi Ye\u015filyurt\u2019ta a\u00e7\u0131ld\u0131"}]},{"@type":"WebSite","@id":"https:\/\/kibrisdakik.com\/#website","url":"https:\/\/kibrisdakik.com\/","name":"","description":"Tam vaktinde haber","potentialAction":[{"@type":"SearchAction","target":{"@type":"EntryPoint","urlTemplate":"https:\/\/kibrisdakik.com\/?s={search_term_string}"},"query-input":{"@type":"PropertyValueSpecification","valueRequired":true,"valueName":"search_term_string"}}],"inLanguage":"tr"},{"@type":"Person","@id":"https:\/\/kibrisdakik.com\/#\/schema\/person\/9cd9d437bbb44f72b73ba127e06d8e79","name":"admin","image":{"@type":"ImageObject","inLanguage":"tr","@id":"https:\/\/secure.gravatar.com\/avatar\/ccc17943b9d660506c869530f897617f7cb1c21a4bf30023f252596d83e1f007?s=96&d=mm&r=g","url":"https:\/\/secure.gravatar.com\/avatar\/ccc17943b9d660506c869530f897617f7cb1c21a4bf30023f252596d83e1f007?s=96&d=mm&r=g","contentUrl":"https:\/\/secure.gravatar.com\/avatar\/ccc17943b9d660506c869530f897617f7cb1c21a4bf30023f252596d83e1f007?s=96&d=mm&r=g","caption":"admin"},"sameAs":["https:\/\/kibrisdakik.com"],"url":"https:\/\/kibrisdakik.com\/?author=1"}]}},"_links":{"self":[{"href":"https:\/\/kibrisdakik.com\/index.php?rest_route=\/wp\/v2\/posts\/28601","targetHints":{"allow":["GET"]}}],"collection":[{"href":"https:\/\/kibrisdakik.com\/index.php?rest_route=\/wp\/v2\/posts"}],"about":[{"href":"https:\/\/kibrisdakik.com\/index.php?rest_route=\/wp\/v2\/types\/post"}],"author":[{"embeddable":true,"href":"https:\/\/kibrisdakik.com\/index.php?rest_route=\/wp\/v2\/users\/1"}],"replies":[{"embeddable":true,"href":"https:\/\/kibrisdakik.com\/index.php?rest_route=%2Fwp%2Fv2%2Fcomments&post=28601"}],"version-history":[{"count":0,"href":"https:\/\/kibrisdakik.com\/index.php?rest_route=\/wp\/v2\/posts\/28601\/revisions"}],"wp:featuredmedia":[{"embeddable":true,"href":"https:\/\/kibrisdakik.com\/index.php?rest_route=\/wp\/v2\/media\/28602"}],"wp:attachment":[{"href":"https:\/\/kibrisdakik.com\/index.php?rest_route=%2Fwp%2Fv2%2Fmedia&parent=28601"}],"wp:term":[{"taxonomy":"category","embeddable":true,"href":"https:\/\/kibrisdakik.com\/index.php?rest_route=%2Fwp%2Fv2%2Fcategories&post=28601"},{"taxonomy":"post_tag","embeddable":true,"href":"https:\/\/kibrisdakik.com\/index.php?rest_route=%2Fwp%2Fv2%2Ftags&post=28601"}],"curies":[{"name":"wp","href":"https:\/\/api.w.org\/{rel}","templated":true}]}}