{"id":28615,"date":"2024-02-01T18:39:19","date_gmt":"2024-02-01T18:39:19","guid":{"rendered":"https:\/\/kibrisdakik.com\/index.php\/2024\/02\/01\/huseyin-amcaoglu-alaykoyde-vatandaslari-ziyaret-etti\/"},"modified":"2024-02-01T18:39:19","modified_gmt":"2024-02-01T18:39:19","slug":"huseyin-amcaoglu-alaykoyde-vatandaslari-ziyaret-etti","status":"publish","type":"post","link":"https:\/\/kibrisdakik.com\/?p=28615","title":{"rendered":"H\u00fcseyin Amcao\u011flu Alayk\u00f6y\u2019de vatanda\u015flar\u0131 ziyaret etti"},"content":{"rendered":"<p><img decoding=\"async\" src=\"https:\/\/www.kibristurk.com\/images\/haberler\/2024\/02\/huseyin-amcaoglu-alaykoyde-vatandaslari-ziyaret-etti-1706812257.webp\" \/><\/p>\n<p>Bug\u00fcn mesaimizi Alayk\u00f6y\u2019de ger\u00e7ekle\u015ftirirken 65 ya\u015f \u00fczeri vatanda\u015flar\u0131m\u0131z\u0131 da evlerinde ziyaret ettik. Ya\u015fl\u0131lara Hizmet Birimi hem\u015firelerimiz bir yandan 65 ya\u015f \u00fczeri vatanda\u015flar\u0131m\u0131z\u0131n \u015feker, tansiyon \u00f6l\u00e7\u00fcmlerini yaparken biz de onlarla sohbet etme imkan\u0131 yakalad\u0131k.<\/p>\n","protected":false},"excerpt":{"rendered":"<p>Bug\u00fcn mesaimizi Alayk\u00f6y\u2019de ger\u00e7ekle\u015ftirirken 65 ya\u015f \u00fczeri vatanda\u015flar\u0131m\u0131z\u0131 da evlerinde ziyaret ettik. Ya\u015fl\u0131lara Hizmet Birimi hem\u015firelerimiz bir yandan 65 ya\u015f \u00fczeri vatanda\u015flar\u0131m\u0131z\u0131n \u015feker, tansiyon \u00f6l\u00e7\u00fcmlerini yaparken biz de onlarla sohbet etme imkan\u0131 yakalad\u0131k.<\/p>\n","protected":false},"author":1,"featured_media":28616,"comment_status":"open","ping_status":"open","sticky":false,"template":"","format":"standard","meta":{"footnotes":""},"categories":[86],"tags":[],"class_list":["post-28615","post","type-post","status-publish","format-standard","has-post-thumbnail","hentry","category-turkiye"],"yoast_head":"<!-- This site is optimized with the Yoast SEO plugin v27.5 - https:\/\/yoast.com\/product\/yoast-seo-wordpress\/ -->\n<title>H\u00fcseyin Amcao\u011flu Alayk\u00f6y\u2019de vatanda\u015flar\u0131 ziyaret etti -<\/title>\n<meta name=\"robots\" content=\"index, follow, max-snippet:-1, max-image-preview:large, max-video-preview:-1\" \/>\n<link rel=\"canonical\" href=\"https:\/\/kibrisdakik.com\/?p=28615\" \/>\n<meta property=\"og:locale\" content=\"tr_TR\" \/>\n<meta property=\"og:type\" content=\"article\" \/>\n<meta property=\"og:title\" content=\"H\u00fcseyin Amcao\u011flu Alayk\u00f6y\u2019de vatanda\u015flar\u0131 ziyaret etti -\" \/>\n<meta property=\"og:description\" content=\"Bug\u00fcn mesaimizi Alayk\u00f6y\u2019de ger\u00e7ekle\u015ftirirken 65 ya\u015f \u00fczeri vatanda\u015flar\u0131m\u0131z\u0131 da evlerinde ziyaret ettik. Ya\u015fl\u0131lara Hizmet Birimi hem\u015firelerimiz bir yandan 65 ya\u015f \u00fczeri vatanda\u015flar\u0131m\u0131z\u0131n \u015feker, tansiyon \u00f6l\u00e7\u00fcmlerini yaparken biz de onlarla sohbet etme imkan\u0131 yakalad\u0131k.\" \/>\n<meta property=\"og:url\" content=\"https:\/\/kibrisdakik.com\/?p=28615\" \/>\n<meta property=\"article:published_time\" content=\"2024-02-01T18:39:19+00:00\" \/>\n<meta property=\"og:image\" content=\"https:\/\/kibrisdakik.com\/wp-content\/uploads\/2024\/02\/huseyin-amcaoglu-alaykoyde-vatandaslari-ziyaret-etti-1706812257.webp.webp\" \/>\n\t<meta property=\"og:image:width\" content=\"710\" \/>\n\t<meta property=\"og:image:height\" content=\"370\" \/>\n\t<meta property=\"og:image:type\" content=\"image\/webp\" \/>\n<meta name=\"author\" content=\"admin\" \/>\n<meta name=\"twitter:card\" content=\"summary_large_image\" \/>\n<meta name=\"twitter:label1\" content=\"Yazan:\" \/>\n\t<meta name=\"twitter:data1\" content=\"admin\" \/>\n<script type=\"application\/ld+json\" class=\"yoast-schema-graph\">{\"@context\":\"https:\\\/\\\/schema.org\",\"@graph\":[{\"@type\":\"Article\",\"@id\":\"https:\\\/\\\/kibrisdakik.com\\\/?p=28615#article\",\"isPartOf\":{\"@id\":\"https:\\\/\\\/kibrisdakik.com\\\/?p=28615\"},\"author\":{\"name\":\"admin\",\"@id\":\"https:\\\/\\\/kibrisdakik.com\\\/#\\\/schema\\\/person\\\/9cd9d437bbb44f72b73ba127e06d8e79\"},\"headline\":\"H\u00fcseyin Amcao\u011flu Alayk\u00f6y\u2019de vatanda\u015flar\u0131 ziyaret etti\",\"datePublished\":\"2024-02-01T18:39:19+00:00\",\"mainEntityOfPage\":{\"@id\":\"https:\\\/\\\/kibrisdakik.com\\\/?p=28615\"},\"wordCount\":59,\"commentCount\":0,\"image\":{\"@id\":\"https:\\\/\\\/kibrisdakik.com\\\/?p=28615#primaryimage\"},\"thumbnailUrl\":\"https:\\\/\\\/kibrisdakik.com\\\/wp-content\\\/uploads\\\/2024\\\/02\\\/huseyin-amcaoglu-alaykoyde-vatandaslari-ziyaret-etti-1706812257.webp.webp\",\"articleSection\":[\"T\u00fcrkiye\"],\"inLanguage\":\"tr\",\"potentialAction\":[{\"@type\":\"CommentAction\",\"name\":\"Comment\",\"target\":[\"https:\\\/\\\/kibrisdakik.com\\\/?p=28615#respond\"]}]},{\"@type\":\"WebPage\",\"@id\":\"https:\\\/\\\/kibrisdakik.com\\\/?p=28615\",\"url\":\"https:\\\/\\\/kibrisdakik.com\\\/?p=28615\",\"name\":\"H\u00fcseyin Amcao\u011flu Alayk\u00f6y\u2019de vatanda\u015flar\u0131 ziyaret etti -\",\"isPartOf\":{\"@id\":\"https:\\\/\\\/kibrisdakik.com\\\/#website\"},\"primaryImageOfPage\":{\"@id\":\"https:\\\/\\\/kibrisdakik.com\\\/?p=28615#primaryimage\"},\"image\":{\"@id\":\"https:\\\/\\\/kibrisdakik.com\\\/?p=28615#primaryimage\"},\"thumbnailUrl\":\"https:\\\/\\\/kibrisdakik.com\\\/wp-content\\\/uploads\\\/2024\\\/02\\\/huseyin-amcaoglu-alaykoyde-vatandaslari-ziyaret-etti-1706812257.webp.webp\",\"datePublished\":\"2024-02-01T18:39:19+00:00\",\"author\":{\"@id\":\"https:\\\/\\\/kibrisdakik.com\\\/#\\\/schema\\\/person\\\/9cd9d437bbb44f72b73ba127e06d8e79\"},\"breadcrumb\":{\"@id\":\"https:\\\/\\\/kibrisdakik.com\\\/?p=28615#breadcrumb\"},\"inLanguage\":\"tr\",\"potentialAction\":[{\"@type\":\"ReadAction\",\"target\":[\"https:\\\/\\\/kibrisdakik.com\\\/?p=28615\"]}]},{\"@type\":\"ImageObject\",\"inLanguage\":\"tr\",\"@id\":\"https:\\\/\\\/kibrisdakik.com\\\/?p=28615#primaryimage\",\"url\":\"https:\\\/\\\/kibrisdakik.com\\\/wp-content\\\/uploads\\\/2024\\\/02\\\/huseyin-amcaoglu-alaykoyde-vatandaslari-ziyaret-etti-1706812257.webp.webp\",\"contentUrl\":\"https:\\\/\\\/kibrisdakik.com\\\/wp-content\\\/uploads\\\/2024\\\/02\\\/huseyin-amcaoglu-alaykoyde-vatandaslari-ziyaret-etti-1706812257.webp.webp\",\"width\":710,\"height\":370},{\"@type\":\"BreadcrumbList\",\"@id\":\"https:\\\/\\\/kibrisdakik.com\\\/?p=28615#breadcrumb\",\"itemListElement\":[{\"@type\":\"ListItem\",\"position\":1,\"name\":\"Home\",\"item\":\"https:\\\/\\\/kibrisdakik.com\\\/\"},{\"@type\":\"ListItem\",\"position\":2,\"name\":\"H\u00fcseyin Amcao\u011flu Alayk\u00f6y\u2019de vatanda\u015flar\u0131 ziyaret etti\"}]},{\"@type\":\"WebSite\",\"@id\":\"https:\\\/\\\/kibrisdakik.com\\\/#website\",\"url\":\"https:\\\/\\\/kibrisdakik.com\\\/\",\"name\":\"\",\"description\":\"Tam vaktinde haber\",\"potentialAction\":[{\"@type\":\"SearchAction\",\"target\":{\"@type\":\"EntryPoint\",\"urlTemplate\":\"https:\\\/\\\/kibrisdakik.com\\\/?s={search_term_string}\"},\"query-input\":{\"@type\":\"PropertyValueSpecification\",\"valueRequired\":true,\"valueName\":\"search_term_string\"}}],\"inLanguage\":\"tr\"},{\"@type\":\"Person\",\"@id\":\"https:\\\/\\\/kibrisdakik.com\\\/#\\\/schema\\\/person\\\/9cd9d437bbb44f72b73ba127e06d8e79\",\"name\":\"admin\",\"image\":{\"@type\":\"ImageObject\",\"inLanguage\":\"tr\",\"@id\":\"https:\\\/\\\/secure.gravatar.com\\\/avatar\\\/ccc17943b9d660506c869530f897617f7cb1c21a4bf30023f252596d83e1f007?s=96&d=mm&r=g\",\"url\":\"https:\\\/\\\/secure.gravatar.com\\\/avatar\\\/ccc17943b9d660506c869530f897617f7cb1c21a4bf30023f252596d83e1f007?s=96&d=mm&r=g\",\"contentUrl\":\"https:\\\/\\\/secure.gravatar.com\\\/avatar\\\/ccc17943b9d660506c869530f897617f7cb1c21a4bf30023f252596d83e1f007?s=96&d=mm&r=g\",\"caption\":\"admin\"},\"sameAs\":[\"https:\\\/\\\/kibrisdakik.com\"],\"url\":\"https:\\\/\\\/kibrisdakik.com\\\/?author=1\"}]}<\/script>\n<!-- \/ Yoast SEO plugin. -->","yoast_head_json":{"title":"H\u00fcseyin Amcao\u011flu Alayk\u00f6y\u2019de vatanda\u015flar\u0131 ziyaret etti -","robots":{"index":"index","follow":"follow","max-snippet":"max-snippet:-1","max-image-preview":"max-image-preview:large","max-video-preview":"max-video-preview:-1"},"canonical":"https:\/\/kibrisdakik.com\/?p=28615","og_locale":"tr_TR","og_type":"article","og_title":"H\u00fcseyin Amcao\u011flu Alayk\u00f6y\u2019de vatanda\u015flar\u0131 ziyaret etti -","og_description":"Bug\u00fcn mesaimizi Alayk\u00f6y\u2019de ger\u00e7ekle\u015ftirirken 65 ya\u015f \u00fczeri vatanda\u015flar\u0131m\u0131z\u0131 da evlerinde ziyaret ettik. Ya\u015fl\u0131lara Hizmet Birimi hem\u015firelerimiz bir yandan 65 ya\u015f \u00fczeri vatanda\u015flar\u0131m\u0131z\u0131n \u015feker, tansiyon \u00f6l\u00e7\u00fcmlerini yaparken biz de onlarla sohbet etme imkan\u0131 yakalad\u0131k.","og_url":"https:\/\/kibrisdakik.com\/?p=28615","article_published_time":"2024-02-01T18:39:19+00:00","og_image":[{"width":710,"height":370,"url":"https:\/\/kibrisdakik.com\/wp-content\/uploads\/2024\/02\/huseyin-amcaoglu-alaykoyde-vatandaslari-ziyaret-etti-1706812257.webp.webp","type":"image\/webp"}],"author":"admin","twitter_card":"summary_large_image","twitter_misc":{"Yazan:":"admin"},"schema":{"@context":"https:\/\/schema.org","@graph":[{"@type":"Article","@id":"https:\/\/kibrisdakik.com\/?p=28615#article","isPartOf":{"@id":"https:\/\/kibrisdakik.com\/?p=28615"},"author":{"name":"admin","@id":"https:\/\/kibrisdakik.com\/#\/schema\/person\/9cd9d437bbb44f72b73ba127e06d8e79"},"headline":"H\u00fcseyin Amcao\u011flu Alayk\u00f6y\u2019de vatanda\u015flar\u0131 ziyaret etti","datePublished":"2024-02-01T18:39:19+00:00","mainEntityOfPage":{"@id":"https:\/\/kibrisdakik.com\/?p=28615"},"wordCount":59,"commentCount":0,"image":{"@id":"https:\/\/kibrisdakik.com\/?p=28615#primaryimage"},"thumbnailUrl":"https:\/\/kibrisdakik.com\/wp-content\/uploads\/2024\/02\/huseyin-amcaoglu-alaykoyde-vatandaslari-ziyaret-etti-1706812257.webp.webp","articleSection":["T\u00fcrkiye"],"inLanguage":"tr","potentialAction":[{"@type":"CommentAction","name":"Comment","target":["https:\/\/kibrisdakik.com\/?p=28615#respond"]}]},{"@type":"WebPage","@id":"https:\/\/kibrisdakik.com\/?p=28615","url":"https:\/\/kibrisdakik.com\/?p=28615","name":"H\u00fcseyin Amcao\u011flu Alayk\u00f6y\u2019de vatanda\u015flar\u0131 ziyaret etti -","isPartOf":{"@id":"https:\/\/kibrisdakik.com\/#website"},"primaryImageOfPage":{"@id":"https:\/\/kibrisdakik.com\/?p=28615#primaryimage"},"image":{"@id":"https:\/\/kibrisdakik.com\/?p=28615#primaryimage"},"thumbnailUrl":"https:\/\/kibrisdakik.com\/wp-content\/uploads\/2024\/02\/huseyin-amcaoglu-alaykoyde-vatandaslari-ziyaret-etti-1706812257.webp.webp","datePublished":"2024-02-01T18:39:19+00:00","author":{"@id":"https:\/\/kibrisdakik.com\/#\/schema\/person\/9cd9d437bbb44f72b73ba127e06d8e79"},"breadcrumb":{"@id":"https:\/\/kibrisdakik.com\/?p=28615#breadcrumb"},"inLanguage":"tr","potentialAction":[{"@type":"ReadAction","target":["https:\/\/kibrisdakik.com\/?p=28615"]}]},{"@type":"ImageObject","inLanguage":"tr","@id":"https:\/\/kibrisdakik.com\/?p=28615#primaryimage","url":"https:\/\/kibrisdakik.com\/wp-content\/uploads\/2024\/02\/huseyin-amcaoglu-alaykoyde-vatandaslari-ziyaret-etti-1706812257.webp.webp","contentUrl":"https:\/\/kibrisdakik.com\/wp-content\/uploads\/2024\/02\/huseyin-amcaoglu-alaykoyde-vatandaslari-ziyaret-etti-1706812257.webp.webp","width":710,"height":370},{"@type":"BreadcrumbList","@id":"https:\/\/kibrisdakik.com\/?p=28615#breadcrumb","itemListElement":[{"@type":"ListItem","position":1,"name":"Home","item":"https:\/\/kibrisdakik.com\/"},{"@type":"ListItem","position":2,"name":"H\u00fcseyin Amcao\u011flu Alayk\u00f6y\u2019de vatanda\u015flar\u0131 ziyaret etti"}]},{"@type":"WebSite","@id":"https:\/\/kibrisdakik.com\/#website","url":"https:\/\/kibrisdakik.com\/","name":"","description":"Tam vaktinde haber","potentialAction":[{"@type":"SearchAction","target":{"@type":"EntryPoint","urlTemplate":"https:\/\/kibrisdakik.com\/?s={search_term_string}"},"query-input":{"@type":"PropertyValueSpecification","valueRequired":true,"valueName":"search_term_string"}}],"inLanguage":"tr"},{"@type":"Person","@id":"https:\/\/kibrisdakik.com\/#\/schema\/person\/9cd9d437bbb44f72b73ba127e06d8e79","name":"admin","image":{"@type":"ImageObject","inLanguage":"tr","@id":"https:\/\/secure.gravatar.com\/avatar\/ccc17943b9d660506c869530f897617f7cb1c21a4bf30023f252596d83e1f007?s=96&d=mm&r=g","url":"https:\/\/secure.gravatar.com\/avatar\/ccc17943b9d660506c869530f897617f7cb1c21a4bf30023f252596d83e1f007?s=96&d=mm&r=g","contentUrl":"https:\/\/secure.gravatar.com\/avatar\/ccc17943b9d660506c869530f897617f7cb1c21a4bf30023f252596d83e1f007?s=96&d=mm&r=g","caption":"admin"},"sameAs":["https:\/\/kibrisdakik.com"],"url":"https:\/\/kibrisdakik.com\/?author=1"}]}},"_links":{"self":[{"href":"https:\/\/kibrisdakik.com\/index.php?rest_route=\/wp\/v2\/posts\/28615","targetHints":{"allow":["GET"]}}],"collection":[{"href":"https:\/\/kibrisdakik.com\/index.php?rest_route=\/wp\/v2\/posts"}],"about":[{"href":"https:\/\/kibrisdakik.com\/index.php?rest_route=\/wp\/v2\/types\/post"}],"author":[{"embeddable":true,"href":"https:\/\/kibrisdakik.com\/index.php?rest_route=\/wp\/v2\/users\/1"}],"replies":[{"embeddable":true,"href":"https:\/\/kibrisdakik.com\/index.php?rest_route=%2Fwp%2Fv2%2Fcomments&post=28615"}],"version-history":[{"count":0,"href":"https:\/\/kibrisdakik.com\/index.php?rest_route=\/wp\/v2\/posts\/28615\/revisions"}],"wp:featuredmedia":[{"embeddable":true,"href":"https:\/\/kibrisdakik.com\/index.php?rest_route=\/wp\/v2\/media\/28616"}],"wp:attachment":[{"href":"https:\/\/kibrisdakik.com\/index.php?rest_route=%2Fwp%2Fv2%2Fmedia&parent=28615"}],"wp:term":[{"taxonomy":"category","embeddable":true,"href":"https:\/\/kibrisdakik.com\/index.php?rest_route=%2Fwp%2Fv2%2Fcategories&post=28615"},{"taxonomy":"post_tag","embeddable":true,"href":"https:\/\/kibrisdakik.com\/index.php?rest_route=%2Fwp%2Fv2%2Ftags&post=28615"}],"curies":[{"name":"wp","href":"https:\/\/api.w.org\/{rel}","templated":true}]}}